{"id":11845,"date":"2022-11-23T10:30:41","date_gmt":"2022-11-23T09:30:41","guid":{"rendered":"http:\/\/contactfm72.fr\/?p=11845"},"modified":"2022-11-21T09:49:46","modified_gmt":"2022-11-21T08:49:46","slug":"violences-faites-aux-femmes-on-ne-sait-jamais-comment-on-reagirait","status":"publish","type":"post","link":"https:\/\/contactfm72.fr\/?p=11845","title":{"rendered":"Violences faites aux femmes. \u00ab On ne sait jamais comment on r\u00e9agirait \u00bb"},"content":{"rendered":"<h2 class=\"Standard\">C\u00e9line et Sophie, deux amies \u00e2g\u00e9es respectivement de 46 et 45 ans, sont membres du COC Natation. Elles ont particip\u00e9 au cours d&#8217;initiation de self-d\u00e9fense, organis\u00e9 par le COC Karat\u00e9, samedi 19 novembre, dans le cadre de la journ\u00e9e internationale contre les violences faites aux femmes.<\/h2>\n<p class=\"Standard\">\n<p class=\"Standard\">\n<ul>\n<li class=\"Standard\">\n<h3>Pourquoi avez-vous particip\u00e9 \u00e0 ce cours\u00a0?<\/h3>\n<\/li>\n<\/ul>\n<p class=\"Standard\">Sophie\u00a0: On fait toutes les deux beaucoup de sport et je fais de l&#8217;athl\u00e9tisme aussi. On voulait d\u00e9couvrir la self-d\u00e9fense et venir voir ce que propose le COC Karat\u00e9. Et au-del\u00e0 de tout \u00e7a, on s&#8217;\u00e9tait dit que cette initiation pouvait nous \u00eatre utile.<\/p>\n<p class=\"Standard\">C\u00e9line\u00a0: On s&#8217;int\u00e9resse \u00e0 tout en r\u00e8gle g\u00e9n\u00e9ral. En tant que femmes, on se sent forc\u00e9ment concern\u00e9s et c&#8217;est bien que le COC Karat\u00e9 propose ce genre d&#8217;initiation.<\/p>\n<p class=\"Standard\">\n<ul>\n<li class=\"Standard\">\n<h3>Qu&#8217;avez-vous appris lors de ce cours\u00a0?<\/h3>\n<\/li>\n<\/ul>\n<p class=\"Standard\">C : On a appris des tactiques pour se d\u00e9filer pour \u00e9viter d&#8217;aller directement au contact. Il faut aussi \u00eatre vif et avoir une tr\u00e8s bonne condition physique. J&#8217;ai appris comment me prot\u00e9ger \u00e9galement. J&#8217;ai d\u00e9j\u00e0 \u00e9t\u00e9 confront\u00e9 \u00e0 ce genre de situation, et maintenant, je sais ce que je dois faire.<\/p>\n<p class=\"Standard\">S : On a appris quelques mouvements de d\u00e9fense, notamment si on se fait agresser dans la rue. Mais la violence ne concerne pas seulement ce genre d&#8217;agression. C&#8217;est aussi la violence chez soi, ou m\u00eame au travail. Mais ce qui est s\u00fbr est que l&#8217;on ne sait jamais comment on r\u00e9agirait si cela nous arrive, m\u00eame en ayant enregistr\u00e9 ces mouvements de d\u00e9fense.<\/p>\n<p class=\"Standard\">\n<ul>\n<li class=\"Standard\">\n<h3>Que retenez-vous de ce cours\u00a0?<\/h3>\n<\/li>\n<\/ul>\n<p class=\"Standard\">C : En r\u00e9alit\u00e9, il faut juste avoir beaucoup de confiance en soi et \u00e7a se travaille dans la vie de tous les jours. On sait \u00e0 pr\u00e9sent comment anticiper, et \u00eatre vigilante. Ce cours nous aura permis d&#8217;acqu\u00e9rir un peu de confiance.<\/p>\n<p class=\"Standard\">S : \u00c7a m&#8217;a surtout fait r\u00e9aliser que \u00e7a n&#8217;arrive pas qu&#8217;autres, que \u00e7a peut arriver tout le temps. Je suis un peu plus \u00e9veill\u00e9e pour savoir me prot\u00e9ger et j&#8217;esp\u00e8re que mon cerveau aura bien enregistr\u00e9 tous ces mouvements de d\u00e9fense.<\/p>\n<!-- AddThis Advanced Settings generic via filter on the_content --><!-- AddThis Share Buttons generic via filter on the_content -->","protected":false},"excerpt":{"rendered":"<p>C\u00e9line et Sophie, deux amies \u00e2g\u00e9es respectivement de 46 et 45 ans, sont membres du COC Natation. Elles ont particip\u00e9 au cours d&#8217;initiation de self-d\u00e9fense, organis\u00e9 par le COC Karat\u00e9, samedi 19 novembre, dans le cadre de la journ\u00e9e internationale contre les violences faites aux femmes. Pourquoi avez-vous particip\u00e9 \u00e0 ce cours\u00a0? Sophie\u00a0: On fait&hellip;<!-- AddThis Advanced Settings generic via filter on get_the_excerpt --><!-- AddThis Share Buttons generic via filter on get_the_excerpt --><\/p>\n","protected":false},"author":4,"featured_media":11846,"comment_status":"closed","ping_status":"open","sticky":false,"template":"","format":"standard","meta":{"footnotes":""},"categories":[1],"tags":[],"class_list":["post-11845","post","type-post","status-publish","format-standard","has-post-thumbnail","hentry","category-contact-fm-72","category-1","description-off"],"yoast_head":"<!-- This site is optimized with the Yoast SEO plugin v27.4 - https:\/\/yoast.com\/product\/yoast-seo-wordpress\/ -->\n<title>Violences faites aux femmes. \u00ab On ne sait jamais comment on r\u00e9agirait \u00bb - Contact FM 99.3<\/title>\n<meta name=\"robots\" content=\"index, follow, max-snippet:-1, max-image-preview:large, max-video-preview:-1\" \/>\n<link rel=\"canonical\" href=\"https:\/\/contactfm72.fr\/?p=11845\" \/>\n<meta property=\"og:locale\" content=\"fr_FR\" \/>\n<meta property=\"og:type\" content=\"article\" \/>\n<meta property=\"og:title\" content=\"Violences faites aux femmes. \u00ab On ne sait jamais comment on r\u00e9agirait \u00bb - Contact FM 99.3\" \/>\n<meta property=\"og:description\" content=\"C\u00e9line et Sophie, deux amies \u00e2g\u00e9es respectivement de 46 et 45 ans, sont membres du COC Natation. Elles ont particip\u00e9 au cours d&#8217;initiation de self-d\u00e9fense, organis\u00e9 par le COC Karat\u00e9, samedi 19 novembre, dans le cadre de la journ\u00e9e internationale contre les violences faites aux femmes. Pourquoi avez-vous particip\u00e9 \u00e0 ce cours\u00a0? Sophie\u00a0: On fait&hellip;\" \/>\n<meta property=\"og:url\" content=\"https:\/\/contactfm72.fr\/?p=11845\" \/>\n<meta property=\"og:site_name\" content=\"Contact FM 99.3\" \/>\n<meta property=\"article:publisher\" content=\"https:\/\/www.facebook.com\/Contactfm.Chateauduloir\" \/>\n<meta property=\"article:published_time\" content=\"2022-11-23T09:30:41+00:00\" \/>\n<meta property=\"og:image\" content=\"https:\/\/contactfm72.fr\/wp-content\/uploads\/2022\/11\/karate\u0301-retour.jpg\" \/>\n\t<meta property=\"og:image:width\" content=\"2048\" \/>\n\t<meta property=\"og:image:height\" content=\"1224\" \/>\n\t<meta property=\"og:image:type\" content=\"image\/jpeg\" \/>\n<meta name=\"author\" content=\"Val\u00e9rie C.\" \/>\n<meta name=\"twitter:card\" content=\"summary_large_image\" \/>\n<meta name=\"twitter:creator\" content=\"@contactfm72\" \/>\n<meta name=\"twitter:site\" content=\"@contactfm72\" \/>\n<meta name=\"twitter:label1\" content=\"\u00c9crit par\" \/>\n\t<meta name=\"twitter:data1\" content=\"Val\u00e9rie C.\" \/>\n\t<meta name=\"twitter:label2\" content=\"Dur\u00e9e de lecture estim\u00e9e\" \/>\n\t<meta name=\"twitter:data2\" content=\"2 minutes\" \/>\n<script type=\"application\/ld+json\" class=\"yoast-schema-graph\">{\"@context\":\"https:\\\/\\\/schema.org\",\"@graph\":[{\"@type\":\"Article\",\"@id\":\"https:\\\/\\\/contactfm72.fr\\\/?p=11845#article\",\"isPartOf\":{\"@id\":\"https:\\\/\\\/contactfm72.fr\\\/?p=11845\"},\"author\":{\"name\":\"Val\u00e9rie C.\",\"@id\":\"https:\\\/\\\/contactfm72.fr\\\/#\\\/schema\\\/person\\\/9fdc9d1c2eb029354a4f1535b90ba82d\"},\"headline\":\"Violences faites aux femmes. \u00ab On ne sait jamais comment on r\u00e9agirait \u00bb\",\"datePublished\":\"2022-11-23T09:30:41+00:00\",\"mainEntityOfPage\":{\"@id\":\"https:\\\/\\\/contactfm72.fr\\\/?p=11845\"},\"wordCount\":387,\"publisher\":{\"@id\":\"https:\\\/\\\/contactfm72.fr\\\/#organization\"},\"image\":{\"@id\":\"https:\\\/\\\/contactfm72.fr\\\/?p=11845#primaryimage\"},\"thumbnailUrl\":\"https:\\\/\\\/contactfm72.fr\\\/wp-content\\\/uploads\\\/2022\\\/11\\\/karate\u0301-retour.jpg\",\"articleSection\":[\"Contact FM 72\"],\"inLanguage\":\"fr-FR\"},{\"@type\":\"WebPage\",\"@id\":\"https:\\\/\\\/contactfm72.fr\\\/?p=11845\",\"url\":\"https:\\\/\\\/contactfm72.fr\\\/?p=11845\",\"name\":\"Violences faites aux femmes. \u00ab On ne sait jamais comment on r\u00e9agirait \u00bb - Contact FM 99.3\",\"isPartOf\":{\"@id\":\"https:\\\/\\\/contactfm72.fr\\\/#website\"},\"primaryImageOfPage\":{\"@id\":\"https:\\\/\\\/contactfm72.fr\\\/?p=11845#primaryimage\"},\"image\":{\"@id\":\"https:\\\/\\\/contactfm72.fr\\\/?p=11845#primaryimage\"},\"thumbnailUrl\":\"https:\\\/\\\/contactfm72.fr\\\/wp-content\\\/uploads\\\/2022\\\/11\\\/karate\u0301-retour.jpg\",\"datePublished\":\"2022-11-23T09:30:41+00:00\",\"breadcrumb\":{\"@id\":\"https:\\\/\\\/contactfm72.fr\\\/?p=11845#breadcrumb\"},\"inLanguage\":\"fr-FR\",\"potentialAction\":[{\"@type\":\"ReadAction\",\"target\":[\"https:\\\/\\\/contactfm72.fr\\\/?p=11845\"]}]},{\"@type\":\"ImageObject\",\"inLanguage\":\"fr-FR\",\"@id\":\"https:\\\/\\\/contactfm72.fr\\\/?p=11845#primaryimage\",\"url\":\"https:\\\/\\\/contactfm72.fr\\\/wp-content\\\/uploads\\\/2022\\\/11\\\/karate\u0301-retour.jpg\",\"contentUrl\":\"https:\\\/\\\/contactfm72.fr\\\/wp-content\\\/uploads\\\/2022\\\/11\\\/karate\u0301-retour.jpg\",\"width\":2048,\"height\":1224,\"caption\":\"Une trentaine de personnes a suivi le cours de self-d\u00e9fense anim\u00e9 par Emmanuel Coudreuse et Le\u00efla Heurtault, au dojo de Ch\u00e2teau-du-Loir.\"},{\"@type\":\"BreadcrumbList\",\"@id\":\"https:\\\/\\\/contactfm72.fr\\\/?p=11845#breadcrumb\",\"itemListElement\":[{\"@type\":\"ListItem\",\"position\":1,\"name\":\"Accueil\",\"item\":\"https:\\\/\\\/contactfm72.fr\\\/\"},{\"@type\":\"ListItem\",\"position\":2,\"name\":\"Violences faites aux femmes. \u00ab On ne sait jamais comment on r\u00e9agirait \u00bb\"}]},{\"@type\":\"WebSite\",\"@id\":\"https:\\\/\\\/contactfm72.fr\\\/#website\",\"url\":\"https:\\\/\\\/contactfm72.fr\\\/\",\"name\":\"Contact FM 99.3\",\"description\":\"Votre radio en vall\u00e9e du Loir\",\"publisher\":{\"@id\":\"https:\\\/\\\/contactfm72.fr\\\/#organization\"},\"potentialAction\":[{\"@type\":\"SearchAction\",\"target\":{\"@type\":\"EntryPoint\",\"urlTemplate\":\"https:\\\/\\\/contactfm72.fr\\\/?s={search_term_string}\"},\"query-input\":{\"@type\":\"PropertyValueSpecification\",\"valueRequired\":true,\"valueName\":\"search_term_string\"}}],\"inLanguage\":\"fr-FR\"},{\"@type\":\"Organization\",\"@id\":\"https:\\\/\\\/contactfm72.fr\\\/#organization\",\"name\":\"Contact FM 99.3\",\"url\":\"https:\\\/\\\/contactfm72.fr\\\/\",\"logo\":{\"@type\":\"ImageObject\",\"inLanguage\":\"fr-FR\",\"@id\":\"https:\\\/\\\/contactfm72.fr\\\/#\\\/schema\\\/logo\\\/image\\\/\",\"url\":\"https:\\\/\\\/contactfm72.fr\\\/wp-content\\\/uploads\\\/2025\\\/04\\\/2025-04-18-2.jpg\",\"contentUrl\":\"https:\\\/\\\/contactfm72.fr\\\/wp-content\\\/uploads\\\/2025\\\/04\\\/2025-04-18-2.jpg\",\"width\":680,\"height\":307,\"caption\":\"Contact FM 99.3\"},\"image\":{\"@id\":\"https:\\\/\\\/contactfm72.fr\\\/#\\\/schema\\\/logo\\\/image\\\/\"},\"sameAs\":[\"https:\\\/\\\/www.facebook.com\\\/Contactfm.Chateauduloir\",\"https:\\\/\\\/x.com\\\/contactfm72\",\"https:\\\/\\\/www.instagram.com\\\/contact.fm.72?igsh=cGhlMHQ5N2JlNnpp\",\"https:\\\/\\\/www.tiktok.com\\\/@contact.fm\"]},{\"@type\":\"Person\",\"@id\":\"https:\\\/\\\/contactfm72.fr\\\/#\\\/schema\\\/person\\\/9fdc9d1c2eb029354a4f1535b90ba82d\",\"name\":\"Val\u00e9rie C.\",\"image\":{\"@type\":\"ImageObject\",\"inLanguage\":\"fr-FR\",\"@id\":\"https:\\\/\\\/secure.gravatar.com\\\/avatar\\\/2f8aa28f8dfbd7d4420afd1fdcdd0a349923e2c8a38ab28198b0f9d0601e4737?s=96&d=mm&r=g\",\"url\":\"https:\\\/\\\/secure.gravatar.com\\\/avatar\\\/2f8aa28f8dfbd7d4420afd1fdcdd0a349923e2c8a38ab28198b0f9d0601e4737?s=96&d=mm&r=g\",\"contentUrl\":\"https:\\\/\\\/secure.gravatar.com\\\/avatar\\\/2f8aa28f8dfbd7d4420afd1fdcdd0a349923e2c8a38ab28198b0f9d0601e4737?s=96&d=mm&r=g\",\"caption\":\"Val\u00e9rie C.\"},\"url\":\"https:\\\/\\\/contactfm72.fr\\\/?author=4\"}]}<\/script>\n<!-- \/ Yoast SEO plugin. -->","yoast_head_json":{"title":"Violences faites aux femmes. \u00ab On ne sait jamais comment on r\u00e9agirait \u00bb - Contact FM 99.3","robots":{"index":"index","follow":"follow","max-snippet":"max-snippet:-1","max-image-preview":"max-image-preview:large","max-video-preview":"max-video-preview:-1"},"canonical":"https:\/\/contactfm72.fr\/?p=11845","og_locale":"fr_FR","og_type":"article","og_title":"Violences faites aux femmes. \u00ab On ne sait jamais comment on r\u00e9agirait \u00bb - Contact FM 99.3","og_description":"C\u00e9line et Sophie, deux amies \u00e2g\u00e9es respectivement de 46 et 45 ans, sont membres du COC Natation. Elles ont particip\u00e9 au cours d&#8217;initiation de self-d\u00e9fense, organis\u00e9 par le COC Karat\u00e9, samedi 19 novembre, dans le cadre de la journ\u00e9e internationale contre les violences faites aux femmes. Pourquoi avez-vous particip\u00e9 \u00e0 ce cours\u00a0? Sophie\u00a0: On fait&hellip;","og_url":"https:\/\/contactfm72.fr\/?p=11845","og_site_name":"Contact FM 99.3","article_publisher":"https:\/\/www.facebook.com\/Contactfm.Chateauduloir","article_published_time":"2022-11-23T09:30:41+00:00","og_image":[{"width":2048,"height":1224,"url":"https:\/\/contactfm72.fr\/wp-content\/uploads\/2022\/11\/karate\u0301-retour.jpg","type":"image\/jpeg"}],"author":"Val\u00e9rie C.","twitter_card":"summary_large_image","twitter_creator":"@contactfm72","twitter_site":"@contactfm72","twitter_misc":{"\u00c9crit par":"Val\u00e9rie C.","Dur\u00e9e de lecture estim\u00e9e":"2 minutes"},"schema":{"@context":"https:\/\/schema.org","@graph":[{"@type":"Article","@id":"https:\/\/contactfm72.fr\/?p=11845#article","isPartOf":{"@id":"https:\/\/contactfm72.fr\/?p=11845"},"author":{"name":"Val\u00e9rie C.","@id":"https:\/\/contactfm72.fr\/#\/schema\/person\/9fdc9d1c2eb029354a4f1535b90ba82d"},"headline":"Violences faites aux femmes. \u00ab On ne sait jamais comment on r\u00e9agirait \u00bb","datePublished":"2022-11-23T09:30:41+00:00","mainEntityOfPage":{"@id":"https:\/\/contactfm72.fr\/?p=11845"},"wordCount":387,"publisher":{"@id":"https:\/\/contactfm72.fr\/#organization"},"image":{"@id":"https:\/\/contactfm72.fr\/?p=11845#primaryimage"},"thumbnailUrl":"https:\/\/contactfm72.fr\/wp-content\/uploads\/2022\/11\/karate\u0301-retour.jpg","articleSection":["Contact FM 72"],"inLanguage":"fr-FR"},{"@type":"WebPage","@id":"https:\/\/contactfm72.fr\/?p=11845","url":"https:\/\/contactfm72.fr\/?p=11845","name":"Violences faites aux femmes. \u00ab On ne sait jamais comment on r\u00e9agirait \u00bb - Contact FM 99.3","isPartOf":{"@id":"https:\/\/contactfm72.fr\/#website"},"primaryImageOfPage":{"@id":"https:\/\/contactfm72.fr\/?p=11845#primaryimage"},"image":{"@id":"https:\/\/contactfm72.fr\/?p=11845#primaryimage"},"thumbnailUrl":"https:\/\/contactfm72.fr\/wp-content\/uploads\/2022\/11\/karate\u0301-retour.jpg","datePublished":"2022-11-23T09:30:41+00:00","breadcrumb":{"@id":"https:\/\/contactfm72.fr\/?p=11845#breadcrumb"},"inLanguage":"fr-FR","potentialAction":[{"@type":"ReadAction","target":["https:\/\/contactfm72.fr\/?p=11845"]}]},{"@type":"ImageObject","inLanguage":"fr-FR","@id":"https:\/\/contactfm72.fr\/?p=11845#primaryimage","url":"https:\/\/contactfm72.fr\/wp-content\/uploads\/2022\/11\/karate\u0301-retour.jpg","contentUrl":"https:\/\/contactfm72.fr\/wp-content\/uploads\/2022\/11\/karate\u0301-retour.jpg","width":2048,"height":1224,"caption":"Une trentaine de personnes a suivi le cours de self-d\u00e9fense anim\u00e9 par Emmanuel Coudreuse et Le\u00efla Heurtault, au dojo de Ch\u00e2teau-du-Loir."},{"@type":"BreadcrumbList","@id":"https:\/\/contactfm72.fr\/?p=11845#breadcrumb","itemListElement":[{"@type":"ListItem","position":1,"name":"Accueil","item":"https:\/\/contactfm72.fr\/"},{"@type":"ListItem","position":2,"name":"Violences faites aux femmes. \u00ab On ne sait jamais comment on r\u00e9agirait \u00bb"}]},{"@type":"WebSite","@id":"https:\/\/contactfm72.fr\/#website","url":"https:\/\/contactfm72.fr\/","name":"Contact FM 99.3","description":"Votre radio en vall\u00e9e du Loir","publisher":{"@id":"https:\/\/contactfm72.fr\/#organization"},"potentialAction":[{"@type":"SearchAction","target":{"@type":"EntryPoint","urlTemplate":"https:\/\/contactfm72.fr\/?s={search_term_string}"},"query-input":{"@type":"PropertyValueSpecification","valueRequired":true,"valueName":"search_term_string"}}],"inLanguage":"fr-FR"},{"@type":"Organization","@id":"https:\/\/contactfm72.fr\/#organization","name":"Contact FM 99.3","url":"https:\/\/contactfm72.fr\/","logo":{"@type":"ImageObject","inLanguage":"fr-FR","@id":"https:\/\/contactfm72.fr\/#\/schema\/logo\/image\/","url":"https:\/\/contactfm72.fr\/wp-content\/uploads\/2025\/04\/2025-04-18-2.jpg","contentUrl":"https:\/\/contactfm72.fr\/wp-content\/uploads\/2025\/04\/2025-04-18-2.jpg","width":680,"height":307,"caption":"Contact FM 99.3"},"image":{"@id":"https:\/\/contactfm72.fr\/#\/schema\/logo\/image\/"},"sameAs":["https:\/\/www.facebook.com\/Contactfm.Chateauduloir","https:\/\/x.com\/contactfm72","https:\/\/www.instagram.com\/contact.fm.72?igsh=cGhlMHQ5N2JlNnpp","https:\/\/www.tiktok.com\/@contact.fm"]},{"@type":"Person","@id":"https:\/\/contactfm72.fr\/#\/schema\/person\/9fdc9d1c2eb029354a4f1535b90ba82d","name":"Val\u00e9rie C.","image":{"@type":"ImageObject","inLanguage":"fr-FR","@id":"https:\/\/secure.gravatar.com\/avatar\/2f8aa28f8dfbd7d4420afd1fdcdd0a349923e2c8a38ab28198b0f9d0601e4737?s=96&d=mm&r=g","url":"https:\/\/secure.gravatar.com\/avatar\/2f8aa28f8dfbd7d4420afd1fdcdd0a349923e2c8a38ab28198b0f9d0601e4737?s=96&d=mm&r=g","contentUrl":"https:\/\/secure.gravatar.com\/avatar\/2f8aa28f8dfbd7d4420afd1fdcdd0a349923e2c8a38ab28198b0f9d0601e4737?s=96&d=mm&r=g","caption":"Val\u00e9rie C."},"url":"https:\/\/contactfm72.fr\/?author=4"}]}},"_links":{"self":[{"href":"https:\/\/contactfm72.fr\/index.php?rest_route=\/wp\/v2\/posts\/11845","targetHints":{"allow":["GET"]}}],"collection":[{"href":"https:\/\/contactfm72.fr\/index.php?rest_route=\/wp\/v2\/posts"}],"about":[{"href":"https:\/\/contactfm72.fr\/index.php?rest_route=\/wp\/v2\/types\/post"}],"author":[{"embeddable":true,"href":"https:\/\/contactfm72.fr\/index.php?rest_route=\/wp\/v2\/users\/4"}],"replies":[{"embeddable":true,"href":"https:\/\/contactfm72.fr\/index.php?rest_route=%2Fwp%2Fv2%2Fcomments&post=11845"}],"version-history":[{"count":1,"href":"https:\/\/contactfm72.fr\/index.php?rest_route=\/wp\/v2\/posts\/11845\/revisions"}],"predecessor-version":[{"id":11847,"href":"https:\/\/contactfm72.fr\/index.php?rest_route=\/wp\/v2\/posts\/11845\/revisions\/11847"}],"wp:featuredmedia":[{"embeddable":true,"href":"https:\/\/contactfm72.fr\/index.php?rest_route=\/wp\/v2\/media\/11846"}],"wp:attachment":[{"href":"https:\/\/contactfm72.fr\/index.php?rest_route=%2Fwp%2Fv2%2Fmedia&parent=11845"}],"wp:term":[{"taxonomy":"category","embeddable":true,"href":"https:\/\/contactfm72.fr\/index.php?rest_route=%2Fwp%2Fv2%2Fcategories&post=11845"},{"taxonomy":"post_tag","embeddable":true,"href":"https:\/\/contactfm72.fr\/index.php?rest_route=%2Fwp%2Fv2%2Ftags&post=11845"}],"curies":[{"name":"wp","href":"https:\/\/api.w.org\/{rel}","templated":true}]}}