{"id":11801,"date":"2022-11-21T15:30:58","date_gmt":"2022-11-21T14:30:58","guid":{"rendered":"http:\/\/contactfm72.fr\/?p=11801"},"modified":"2022-11-17T12:12:43","modified_gmt":"2022-11-17T11:12:43","slug":"loir-luce-berce-des-ponts-en-tres-mauvais-etat-les-riverains-et-elus-inquiets","status":"publish","type":"post","link":"https:\/\/contactfm72.fr\/?p=11801","title":{"rendered":"Loir-Luc\u00e9-Berc\u00e9. Des ponts en tr\u00e8s mauvais \u00e9tat, les riverains et \u00e9lus inquiets"},"content":{"rendered":"<h2>Une \u00e9tude a r\u00e9v\u00e9l\u00e9 l\u2019\u00e9tat tr\u00e8s inqui\u00e9tant de six ponts sur le territoire Loir-Luc\u00e9-Berc\u00e9. Monique Gaultier, maire de Fl\u00e9e, est tr\u00e8s inqui\u00e8te quant \u00e0 la situation de sa commune.<\/h2>\n<p>&nbsp;<\/p>\n<p><strong>\u00a0<\/strong><\/p>\n<p>Suite \u00e0 l\u2019effondrement du pont de G\u00eanes en 2018, l\u2019\u00c9tat a d\u00e9cid\u00e9 de lancer le plan<strong> France Relance<\/strong>. Le Cerema, \u00e9tablissement public sous la tutelle du minist\u00e8re de la Transition \u00e9cologique et de la Coh\u00e9sion des territoires, a \u00e9t\u00e9 missionn\u00e9 pour effectuer un diagnostic gratuit sur les ouvrages d\u2019art aupr\u00e8s des communes.<\/p>\n<p>Sur les 24 communes de la <strong>communaut\u00e9 de communes Loir-Luc\u00e9-Berc\u00e9<\/strong> (<strong>Sarthe<\/strong>), 10 d\u2019entre elles ont demand\u00e9 ces diagnostics r\u00e9alis\u00e9s par le bureau d\u2019\u00e9tude Sixense. En juillet dernier, les \u00e9lus ont eu un retour de ces r\u00e9sultats jug\u00e9s alarmants et tr\u00e8s inqui\u00e9tants.<\/p>\n<p>&nbsp;<\/p>\n<h3><strong>D\u00e9gradations et fermetures de ponts<\/strong><\/h3>\n<p>Il a ainsi \u00e9t\u00e9 mis en lumi\u00e8re des d\u00e9gradations importantes sur certains ouvrages. <strong>Six ponts se sont r\u00e9v\u00e9l\u00e9s particuli\u00e8rement d\u00e9grad\u00e9s<\/strong>, trois sur la commune de <strong>Fl\u00e9e<\/strong>, deux sur la commune de <strong>Luceau<\/strong> et un sur la commune de <strong>Jupilles<\/strong>. Un de ces ouvrages \u00e0 Fl\u00e9e a m\u00eame d\u00fb \u00eatre ferm\u00e9 \u00e0 la circulation imm\u00e9diatement au vu de son \u00e9tat de v\u00e9tust\u00e9. Le pont du Dinan, toujours \u00e0 Fl\u00e9e, doit m\u00eame \u00eatre de nouveau diagnostiqu\u00e9 face \u00e0 l\u2019\u00e9tendue de ces d\u00e9gradations.<\/p>\n<p>Le plus alarmant est que l\u2019\u00e9tat de ces ponts va s\u2019accro\u00eetre en raison de la tr\u00e8s forte p\u00e9riode de s\u00e9cheresse de l\u2019\u00e9t\u00e9 dernier :<\/p>\n<blockquote><p>\u00ab\u00a0Ces ponts ont \u00e9t\u00e9 construits pour se maintenir avec un \u00e9coulement d\u2019eau \u00e0 leur base. Les changements climatiques actuels risquent d\u2019aggraver l\u2019\u00e9tat actuel des ponts et d\u2019entra\u00eener des d\u00e9gradations plus importantes \u00e9galement sur le patrimoine routier\u00a0\u00bb, r\u00e9v\u00e8le William Gautrais, technicien de la communaut\u00e9 de communes.<\/p><\/blockquote>\n<p>&nbsp;<\/p>\n<h3><strong>Une situation tr\u00e8s alarmante \u00e0 Fl\u00e9e<\/strong><\/h3>\n<p><strong>Monique Gaultier, maire de Fl\u00e9e<\/strong>, alerte\u00a0:<\/p>\n<blockquote><p>\u00ab\u00a0C\u2019est une situation tr\u00e8s compliqu\u00e9e pour mes habitants. Ces ponts desservent des habitations. La plupart sont agriculteurs et ils ont besoin de ces acc\u00e8s. Pour les ponts encore ouverts \u00e0 la circulation, les habitants passent par d\u2019autres routes mais qui ne sont pas r\u00e9glement\u00e9es pour ces types de v\u00e9hicules et ce trafic\u00a0\u00bb.<\/p><\/blockquote>\n<p>&nbsp;<\/p>\n<h3><strong>Des co\u00fbts exorbitants<\/strong><\/h3>\n<p>En parall\u00e8le de ces diagnostics, les services de la communaut\u00e9 de communes ont effectu\u00e9 une premi\u00e8re estimation des co\u00fbts de travaux pour seulement quatre de ses ouvrages. Cette premi\u00e8re estimation s\u2019\u00e9l\u00e8ve \u00e0 <strong>300\u00a0000 euros<\/strong>.<\/p>\n<blockquote><p>\u00ab\u00a0Nous n\u2019avons pas cet argent. Nous devons donc chercher des financements. Nous avons sollicit\u00e9 le s\u00e9nateur, le d\u00e9partement, la r\u00e9gion et la pr\u00e9fecture. Nous aurons un premier retour qu\u2019en d\u00e9cembre\u00a0\u00bb, poursuit William Gautrais.<\/p><\/blockquote>\n<p>Une autre mauvaise nouvelle pour la commune de Fl\u00e9e\u00a0: un de ses ponts est sous la responsabilit\u00e9 de la commune. Monique Gaultier ajoute\u00a0: \u00ab\u00a0Nous devons pr\u00e9parer le budget pour l\u2019ann\u00e9e prochaine, et je n\u2019ai pas os\u00e9 calculer le montant de ces travaux. Je ne sais pas comment on va faire, je ne sais pas ce que je dois dire \u00e0 mes habitants\u00a0\u00bb.<\/p>\n<blockquote><p>\u00ab\u00a0Si un malheur se produit, je serais responsable malgr\u00e9 moi. Je ne peux pas emp\u00eacher mes riverains agriculteurs de travailler. Je suis dans une impasse\u00a0\u00bb, regrette Monique Gaultier.<\/p><\/blockquote>\n<p>&nbsp;<\/p>\n<h3><strong>Seulement 10 sur 24 communes<\/strong><\/h3>\n<p>En attendant la r\u00e9ponse pour de futurs financements, les services de Loir-Luc\u00e9-Berc\u00e9 gardent en t\u00eate que \u00ab\u00a0seulement 10 communes sur les 24 ont particip\u00e9 \u00e0 ces diagnostics, et que les travaux ne commenceront qu\u2019avec une <strong>certitude de subventions<\/strong> et une <strong>priorisation des ouvrages<\/strong> d\u00e8s le<strong> printemps 2023<\/strong> \u00bb, termine le responsable des services voiries de la communaut\u00e9 de communes Jean-Fran\u00e7ois Brard.<\/p>\n<!-- AddThis Advanced Settings generic via filter on the_content --><!-- AddThis Share Buttons generic via filter on the_content -->","protected":false},"excerpt":{"rendered":"<p>Une \u00e9tude a r\u00e9v\u00e9l\u00e9 l\u2019\u00e9tat tr\u00e8s inqui\u00e9tant de six ponts sur le territoire Loir-Luc\u00e9-Berc\u00e9. Monique Gaultier, maire de Fl\u00e9e, est tr\u00e8s inqui\u00e8te quant \u00e0 la situation de sa commune. &nbsp; \u00a0 Suite \u00e0 l\u2019effondrement du pont de G\u00eanes en 2018, l\u2019\u00c9tat a d\u00e9cid\u00e9 de lancer le plan France Relance. Le Cerema, \u00e9tablissement public sous la&hellip;<!-- AddThis Advanced Settings generic via filter on get_the_excerpt --><!-- AddThis Share Buttons generic via filter on get_the_excerpt --><\/p>\n","protected":false},"author":4,"featured_media":11802,"comment_status":"closed","ping_status":"open","sticky":false,"template":"","format":"standard","meta":{"footnotes":""},"categories":[1],"tags":[],"class_list":["post-11801","post","type-post","status-publish","format-standard","has-post-thumbnail","hentry","category-contact-fm-72","category-1","description-off"],"yoast_head":"<!-- This site is optimized with the Yoast SEO plugin v27.4 - https:\/\/yoast.com\/product\/yoast-seo-wordpress\/ -->\n<title>Loir-Luc\u00e9-Berc\u00e9. Des ponts en tr\u00e8s mauvais \u00e9tat, les riverains et \u00e9lus inquiets - Contact FM 99.3<\/title>\n<meta name=\"robots\" content=\"index, follow, max-snippet:-1, max-image-preview:large, max-video-preview:-1\" \/>\n<link rel=\"canonical\" href=\"https:\/\/contactfm72.fr\/?p=11801\" \/>\n<meta property=\"og:locale\" content=\"fr_FR\" \/>\n<meta property=\"og:type\" content=\"article\" \/>\n<meta property=\"og:title\" content=\"Loir-Luc\u00e9-Berc\u00e9. Des ponts en tr\u00e8s mauvais \u00e9tat, les riverains et \u00e9lus inquiets - Contact FM 99.3\" \/>\n<meta property=\"og:description\" content=\"Une \u00e9tude a r\u00e9v\u00e9l\u00e9 l\u2019\u00e9tat tr\u00e8s inqui\u00e9tant de six ponts sur le territoire Loir-Luc\u00e9-Berc\u00e9. Monique Gaultier, maire de Fl\u00e9e, est tr\u00e8s inqui\u00e8te quant \u00e0 la situation de sa commune. &nbsp; \u00a0 Suite \u00e0 l\u2019effondrement du pont de G\u00eanes en 2018, l\u2019\u00c9tat a d\u00e9cid\u00e9 de lancer le plan France Relance. Le Cerema, \u00e9tablissement public sous la&hellip;\" \/>\n<meta property=\"og:url\" content=\"https:\/\/contactfm72.fr\/?p=11801\" \/>\n<meta property=\"og:site_name\" content=\"Contact FM 99.3\" \/>\n<meta property=\"article:publisher\" content=\"https:\/\/www.facebook.com\/Contactfm.Chateauduloir\" \/>\n<meta property=\"article:published_time\" content=\"2022-11-21T14:30:58+00:00\" \/>\n<meta property=\"og:image\" content=\"https:\/\/contactfm72.fr\/wp-content\/uploads\/2022\/11\/pont-fl\u00e9e.jpg\" \/>\n\t<meta property=\"og:image:width\" content=\"2048\" \/>\n\t<meta property=\"og:image:height\" content=\"1536\" \/>\n\t<meta property=\"og:image:type\" content=\"image\/jpeg\" \/>\n<meta name=\"author\" content=\"Val\u00e9rie C.\" \/>\n<meta name=\"twitter:card\" content=\"summary_large_image\" \/>\n<meta name=\"twitter:creator\" content=\"@contactfm72\" \/>\n<meta name=\"twitter:site\" content=\"@contactfm72\" \/>\n<meta name=\"twitter:label1\" content=\"\u00c9crit par\" \/>\n\t<meta name=\"twitter:data1\" content=\"Val\u00e9rie C.\" \/>\n\t<meta name=\"twitter:label2\" content=\"Dur\u00e9e de lecture estim\u00e9e\" \/>\n\t<meta name=\"twitter:data2\" content=\"3 minutes\" \/>\n<script type=\"application\/ld+json\" class=\"yoast-schema-graph\">{\"@context\":\"https:\\\/\\\/schema.org\",\"@graph\":[{\"@type\":\"Article\",\"@id\":\"https:\\\/\\\/contactfm72.fr\\\/?p=11801#article\",\"isPartOf\":{\"@id\":\"https:\\\/\\\/contactfm72.fr\\\/?p=11801\"},\"author\":{\"name\":\"Val\u00e9rie C.\",\"@id\":\"https:\\\/\\\/contactfm72.fr\\\/#\\\/schema\\\/person\\\/9fdc9d1c2eb029354a4f1535b90ba82d\"},\"headline\":\"Loir-Luc\u00e9-Berc\u00e9. Des ponts en tr\u00e8s mauvais \u00e9tat, les riverains et \u00e9lus inquiets\",\"datePublished\":\"2022-11-21T14:30:58+00:00\",\"mainEntityOfPage\":{\"@id\":\"https:\\\/\\\/contactfm72.fr\\\/?p=11801\"},\"wordCount\":658,\"publisher\":{\"@id\":\"https:\\\/\\\/contactfm72.fr\\\/#organization\"},\"image\":{\"@id\":\"https:\\\/\\\/contactfm72.fr\\\/?p=11801#primaryimage\"},\"thumbnailUrl\":\"https:\\\/\\\/contactfm72.fr\\\/wp-content\\\/uploads\\\/2022\\\/11\\\/pont-fl\u00e9e.jpg\",\"articleSection\":[\"Contact FM 72\"],\"inLanguage\":\"fr-FR\"},{\"@type\":\"WebPage\",\"@id\":\"https:\\\/\\\/contactfm72.fr\\\/?p=11801\",\"url\":\"https:\\\/\\\/contactfm72.fr\\\/?p=11801\",\"name\":\"Loir-Luc\u00e9-Berc\u00e9. Des ponts en tr\u00e8s mauvais \u00e9tat, les riverains et \u00e9lus inquiets - Contact FM 99.3\",\"isPartOf\":{\"@id\":\"https:\\\/\\\/contactfm72.fr\\\/#website\"},\"primaryImageOfPage\":{\"@id\":\"https:\\\/\\\/contactfm72.fr\\\/?p=11801#primaryimage\"},\"image\":{\"@id\":\"https:\\\/\\\/contactfm72.fr\\\/?p=11801#primaryimage\"},\"thumbnailUrl\":\"https:\\\/\\\/contactfm72.fr\\\/wp-content\\\/uploads\\\/2022\\\/11\\\/pont-fl\u00e9e.jpg\",\"datePublished\":\"2022-11-21T14:30:58+00:00\",\"breadcrumb\":{\"@id\":\"https:\\\/\\\/contactfm72.fr\\\/?p=11801#breadcrumb\"},\"inLanguage\":\"fr-FR\",\"potentialAction\":[{\"@type\":\"ReadAction\",\"target\":[\"https:\\\/\\\/contactfm72.fr\\\/?p=11801\"]}]},{\"@type\":\"ImageObject\",\"inLanguage\":\"fr-FR\",\"@id\":\"https:\\\/\\\/contactfm72.fr\\\/?p=11801#primaryimage\",\"url\":\"https:\\\/\\\/contactfm72.fr\\\/wp-content\\\/uploads\\\/2022\\\/11\\\/pont-fl\u00e9e.jpg\",\"contentUrl\":\"https:\\\/\\\/contactfm72.fr\\\/wp-content\\\/uploads\\\/2022\\\/11\\\/pont-fl\u00e9e.jpg\",\"width\":2048,\"height\":1536,\"caption\":\"La situation est alarmante \u00e0 Fl\u00e9e. Ici, le pont du moulin d\u2019Ourne, pr\u00e8s du ch\u00e2teau portant le m\u00eame nom, ferm\u00e9 par arr\u00eat\u00e9 municipal de Monique Gaultier depuis le 4 juillet 2022.\"},{\"@type\":\"BreadcrumbList\",\"@id\":\"https:\\\/\\\/contactfm72.fr\\\/?p=11801#breadcrumb\",\"itemListElement\":[{\"@type\":\"ListItem\",\"position\":1,\"name\":\"Accueil\",\"item\":\"https:\\\/\\\/contactfm72.fr\\\/\"},{\"@type\":\"ListItem\",\"position\":2,\"name\":\"Loir-Luc\u00e9-Berc\u00e9. Des ponts en tr\u00e8s mauvais \u00e9tat, les riverains et \u00e9lus inquiets\"}]},{\"@type\":\"WebSite\",\"@id\":\"https:\\\/\\\/contactfm72.fr\\\/#website\",\"url\":\"https:\\\/\\\/contactfm72.fr\\\/\",\"name\":\"Contact FM 99.3\",\"description\":\"Votre radio en vall\u00e9e du Loir\",\"publisher\":{\"@id\":\"https:\\\/\\\/contactfm72.fr\\\/#organization\"},\"potentialAction\":[{\"@type\":\"SearchAction\",\"target\":{\"@type\":\"EntryPoint\",\"urlTemplate\":\"https:\\\/\\\/contactfm72.fr\\\/?s={search_term_string}\"},\"query-input\":{\"@type\":\"PropertyValueSpecification\",\"valueRequired\":true,\"valueName\":\"search_term_string\"}}],\"inLanguage\":\"fr-FR\"},{\"@type\":\"Organization\",\"@id\":\"https:\\\/\\\/contactfm72.fr\\\/#organization\",\"name\":\"Contact FM 99.3\",\"url\":\"https:\\\/\\\/contactfm72.fr\\\/\",\"logo\":{\"@type\":\"ImageObject\",\"inLanguage\":\"fr-FR\",\"@id\":\"https:\\\/\\\/contactfm72.fr\\\/#\\\/schema\\\/logo\\\/image\\\/\",\"url\":\"https:\\\/\\\/contactfm72.fr\\\/wp-content\\\/uploads\\\/2025\\\/04\\\/2025-04-18-2.jpg\",\"contentUrl\":\"https:\\\/\\\/contactfm72.fr\\\/wp-content\\\/uploads\\\/2025\\\/04\\\/2025-04-18-2.jpg\",\"width\":680,\"height\":307,\"caption\":\"Contact FM 99.3\"},\"image\":{\"@id\":\"https:\\\/\\\/contactfm72.fr\\\/#\\\/schema\\\/logo\\\/image\\\/\"},\"sameAs\":[\"https:\\\/\\\/www.facebook.com\\\/Contactfm.Chateauduloir\",\"https:\\\/\\\/x.com\\\/contactfm72\",\"https:\\\/\\\/www.instagram.com\\\/contact.fm.72?igsh=cGhlMHQ5N2JlNnpp\",\"https:\\\/\\\/www.tiktok.com\\\/@contact.fm\"]},{\"@type\":\"Person\",\"@id\":\"https:\\\/\\\/contactfm72.fr\\\/#\\\/schema\\\/person\\\/9fdc9d1c2eb029354a4f1535b90ba82d\",\"name\":\"Val\u00e9rie C.\",\"image\":{\"@type\":\"ImageObject\",\"inLanguage\":\"fr-FR\",\"@id\":\"https:\\\/\\\/secure.gravatar.com\\\/avatar\\\/2f8aa28f8dfbd7d4420afd1fdcdd0a349923e2c8a38ab28198b0f9d0601e4737?s=96&d=mm&r=g\",\"url\":\"https:\\\/\\\/secure.gravatar.com\\\/avatar\\\/2f8aa28f8dfbd7d4420afd1fdcdd0a349923e2c8a38ab28198b0f9d0601e4737?s=96&d=mm&r=g\",\"contentUrl\":\"https:\\\/\\\/secure.gravatar.com\\\/avatar\\\/2f8aa28f8dfbd7d4420afd1fdcdd0a349923e2c8a38ab28198b0f9d0601e4737?s=96&d=mm&r=g\",\"caption\":\"Val\u00e9rie C.\"},\"url\":\"https:\\\/\\\/contactfm72.fr\\\/?author=4\"}]}<\/script>\n<!-- \/ Yoast SEO plugin. -->","yoast_head_json":{"title":"Loir-Luc\u00e9-Berc\u00e9. Des ponts en tr\u00e8s mauvais \u00e9tat, les riverains et \u00e9lus inquiets - Contact FM 99.3","robots":{"index":"index","follow":"follow","max-snippet":"max-snippet:-1","max-image-preview":"max-image-preview:large","max-video-preview":"max-video-preview:-1"},"canonical":"https:\/\/contactfm72.fr\/?p=11801","og_locale":"fr_FR","og_type":"article","og_title":"Loir-Luc\u00e9-Berc\u00e9. Des ponts en tr\u00e8s mauvais \u00e9tat, les riverains et \u00e9lus inquiets - Contact FM 99.3","og_description":"Une \u00e9tude a r\u00e9v\u00e9l\u00e9 l\u2019\u00e9tat tr\u00e8s inqui\u00e9tant de six ponts sur le territoire Loir-Luc\u00e9-Berc\u00e9. Monique Gaultier, maire de Fl\u00e9e, est tr\u00e8s inqui\u00e8te quant \u00e0 la situation de sa commune. &nbsp; \u00a0 Suite \u00e0 l\u2019effondrement du pont de G\u00eanes en 2018, l\u2019\u00c9tat a d\u00e9cid\u00e9 de lancer le plan France Relance. Le Cerema, \u00e9tablissement public sous la&hellip;","og_url":"https:\/\/contactfm72.fr\/?p=11801","og_site_name":"Contact FM 99.3","article_publisher":"https:\/\/www.facebook.com\/Contactfm.Chateauduloir","article_published_time":"2022-11-21T14:30:58+00:00","og_image":[{"width":2048,"height":1536,"url":"https:\/\/contactfm72.fr\/wp-content\/uploads\/2022\/11\/pont-fl\u00e9e.jpg","type":"image\/jpeg"}],"author":"Val\u00e9rie C.","twitter_card":"summary_large_image","twitter_creator":"@contactfm72","twitter_site":"@contactfm72","twitter_misc":{"\u00c9crit par":"Val\u00e9rie C.","Dur\u00e9e de lecture estim\u00e9e":"3 minutes"},"schema":{"@context":"https:\/\/schema.org","@graph":[{"@type":"Article","@id":"https:\/\/contactfm72.fr\/?p=11801#article","isPartOf":{"@id":"https:\/\/contactfm72.fr\/?p=11801"},"author":{"name":"Val\u00e9rie C.","@id":"https:\/\/contactfm72.fr\/#\/schema\/person\/9fdc9d1c2eb029354a4f1535b90ba82d"},"headline":"Loir-Luc\u00e9-Berc\u00e9. Des ponts en tr\u00e8s mauvais \u00e9tat, les riverains et \u00e9lus inquiets","datePublished":"2022-11-21T14:30:58+00:00","mainEntityOfPage":{"@id":"https:\/\/contactfm72.fr\/?p=11801"},"wordCount":658,"publisher":{"@id":"https:\/\/contactfm72.fr\/#organization"},"image":{"@id":"https:\/\/contactfm72.fr\/?p=11801#primaryimage"},"thumbnailUrl":"https:\/\/contactfm72.fr\/wp-content\/uploads\/2022\/11\/pont-fl\u00e9e.jpg","articleSection":["Contact FM 72"],"inLanguage":"fr-FR"},{"@type":"WebPage","@id":"https:\/\/contactfm72.fr\/?p=11801","url":"https:\/\/contactfm72.fr\/?p=11801","name":"Loir-Luc\u00e9-Berc\u00e9. Des ponts en tr\u00e8s mauvais \u00e9tat, les riverains et \u00e9lus inquiets - Contact FM 99.3","isPartOf":{"@id":"https:\/\/contactfm72.fr\/#website"},"primaryImageOfPage":{"@id":"https:\/\/contactfm72.fr\/?p=11801#primaryimage"},"image":{"@id":"https:\/\/contactfm72.fr\/?p=11801#primaryimage"},"thumbnailUrl":"https:\/\/contactfm72.fr\/wp-content\/uploads\/2022\/11\/pont-fl\u00e9e.jpg","datePublished":"2022-11-21T14:30:58+00:00","breadcrumb":{"@id":"https:\/\/contactfm72.fr\/?p=11801#breadcrumb"},"inLanguage":"fr-FR","potentialAction":[{"@type":"ReadAction","target":["https:\/\/contactfm72.fr\/?p=11801"]}]},{"@type":"ImageObject","inLanguage":"fr-FR","@id":"https:\/\/contactfm72.fr\/?p=11801#primaryimage","url":"https:\/\/contactfm72.fr\/wp-content\/uploads\/2022\/11\/pont-fl\u00e9e.jpg","contentUrl":"https:\/\/contactfm72.fr\/wp-content\/uploads\/2022\/11\/pont-fl\u00e9e.jpg","width":2048,"height":1536,"caption":"La situation est alarmante \u00e0 Fl\u00e9e. Ici, le pont du moulin d\u2019Ourne, pr\u00e8s du ch\u00e2teau portant le m\u00eame nom, ferm\u00e9 par arr\u00eat\u00e9 municipal de Monique Gaultier depuis le 4 juillet 2022."},{"@type":"BreadcrumbList","@id":"https:\/\/contactfm72.fr\/?p=11801#breadcrumb","itemListElement":[{"@type":"ListItem","position":1,"name":"Accueil","item":"https:\/\/contactfm72.fr\/"},{"@type":"ListItem","position":2,"name":"Loir-Luc\u00e9-Berc\u00e9. Des ponts en tr\u00e8s mauvais \u00e9tat, les riverains et \u00e9lus inquiets"}]},{"@type":"WebSite","@id":"https:\/\/contactfm72.fr\/#website","url":"https:\/\/contactfm72.fr\/","name":"Contact FM 99.3","description":"Votre radio en vall\u00e9e du Loir","publisher":{"@id":"https:\/\/contactfm72.fr\/#organization"},"potentialAction":[{"@type":"SearchAction","target":{"@type":"EntryPoint","urlTemplate":"https:\/\/contactfm72.fr\/?s={search_term_string}"},"query-input":{"@type":"PropertyValueSpecification","valueRequired":true,"valueName":"search_term_string"}}],"inLanguage":"fr-FR"},{"@type":"Organization","@id":"https:\/\/contactfm72.fr\/#organization","name":"Contact FM 99.3","url":"https:\/\/contactfm72.fr\/","logo":{"@type":"ImageObject","inLanguage":"fr-FR","@id":"https:\/\/contactfm72.fr\/#\/schema\/logo\/image\/","url":"https:\/\/contactfm72.fr\/wp-content\/uploads\/2025\/04\/2025-04-18-2.jpg","contentUrl":"https:\/\/contactfm72.fr\/wp-content\/uploads\/2025\/04\/2025-04-18-2.jpg","width":680,"height":307,"caption":"Contact FM 99.3"},"image":{"@id":"https:\/\/contactfm72.fr\/#\/schema\/logo\/image\/"},"sameAs":["https:\/\/www.facebook.com\/Contactfm.Chateauduloir","https:\/\/x.com\/contactfm72","https:\/\/www.instagram.com\/contact.fm.72?igsh=cGhlMHQ5N2JlNnpp","https:\/\/www.tiktok.com\/@contact.fm"]},{"@type":"Person","@id":"https:\/\/contactfm72.fr\/#\/schema\/person\/9fdc9d1c2eb029354a4f1535b90ba82d","name":"Val\u00e9rie C.","image":{"@type":"ImageObject","inLanguage":"fr-FR","@id":"https:\/\/secure.gravatar.com\/avatar\/2f8aa28f8dfbd7d4420afd1fdcdd0a349923e2c8a38ab28198b0f9d0601e4737?s=96&d=mm&r=g","url":"https:\/\/secure.gravatar.com\/avatar\/2f8aa28f8dfbd7d4420afd1fdcdd0a349923e2c8a38ab28198b0f9d0601e4737?s=96&d=mm&r=g","contentUrl":"https:\/\/secure.gravatar.com\/avatar\/2f8aa28f8dfbd7d4420afd1fdcdd0a349923e2c8a38ab28198b0f9d0601e4737?s=96&d=mm&r=g","caption":"Val\u00e9rie C."},"url":"https:\/\/contactfm72.fr\/?author=4"}]}},"_links":{"self":[{"href":"https:\/\/contactfm72.fr\/index.php?rest_route=\/wp\/v2\/posts\/11801","targetHints":{"allow":["GET"]}}],"collection":[{"href":"https:\/\/contactfm72.fr\/index.php?rest_route=\/wp\/v2\/posts"}],"about":[{"href":"https:\/\/contactfm72.fr\/index.php?rest_route=\/wp\/v2\/types\/post"}],"author":[{"embeddable":true,"href":"https:\/\/contactfm72.fr\/index.php?rest_route=\/wp\/v2\/users\/4"}],"replies":[{"embeddable":true,"href":"https:\/\/contactfm72.fr\/index.php?rest_route=%2Fwp%2Fv2%2Fcomments&post=11801"}],"version-history":[{"count":1,"href":"https:\/\/contactfm72.fr\/index.php?rest_route=\/wp\/v2\/posts\/11801\/revisions"}],"predecessor-version":[{"id":11803,"href":"https:\/\/contactfm72.fr\/index.php?rest_route=\/wp\/v2\/posts\/11801\/revisions\/11803"}],"wp:featuredmedia":[{"embeddable":true,"href":"https:\/\/contactfm72.fr\/index.php?rest_route=\/wp\/v2\/media\/11802"}],"wp:attachment":[{"href":"https:\/\/contactfm72.fr\/index.php?rest_route=%2Fwp%2Fv2%2Fmedia&parent=11801"}],"wp:term":[{"taxonomy":"category","embeddable":true,"href":"https:\/\/contactfm72.fr\/index.php?rest_route=%2Fwp%2Fv2%2Fcategories&post=11801"},{"taxonomy":"post_tag","embeddable":true,"href":"https:\/\/contactfm72.fr\/index.php?rest_route=%2Fwp%2Fv2%2Ftags&post=11801"}],"curies":[{"name":"wp","href":"https:\/\/api.w.org\/{rel}","templated":true}]}}