{"id":11760,"date":"2022-11-30T12:00:03","date_gmt":"2022-11-30T11:00:03","guid":{"rendered":"http:\/\/contactfm72.fr\/?p=11760"},"modified":"2022-11-27T19:32:27","modified_gmt":"2022-11-27T18:32:27","slug":"sud-sarthe-montval-prepare-ses-marches-de-noel","status":"publish","type":"post","link":"https:\/\/contactfm72.fr\/?p=11760","title":{"rendered":"Sud Sarthe : Montval pr\u00e9pare ses march\u00e9s de No\u00ebl"},"content":{"rendered":"<h2>Vouvray-sur-Loir, Montabon et Ch\u00e2teau-du-Loir organisent quatre march\u00e9s de No\u00ebl. Au programme, spectacle pyrotechnique, chorale, man\u00e8ges ou encore tours en cal\u00e8che.<\/h2>\n<p>&nbsp;<\/p>\n<p>&nbsp;<\/p>\n<p>La magie de <strong>No\u00ebl<\/strong> va habiller les rues montvaloises, dans le sud <strong>Sarthe<\/strong>, et la ville accueillera ses traditionnels march\u00e9s. De retour dans les trois villes d\u00e9l\u00e9gu\u00e9es d\u00e8s d\u00e9but d\u00e9cembre, les organisateurs proposent un large programme pour c\u00e9l\u00e9brer les premi\u00e8res f\u00eates de fin d\u2019ann\u00e9e <strong>sans masque<\/strong>.<\/p>\n<p>&nbsp;<\/p>\n<p><strong>Montabon<\/strong> sera la premi\u00e8re commune d\u00e9l\u00e9gu\u00e9e \u00e0 accueillir le march\u00e9 de No\u00ebl. Le <strong>vendredi 2 d\u00e9cembre<\/strong>, de 16 h 45 \u00e0 20 h, \u00e0 la Montabonnaise, retrouvez l\u2019Amicale de l\u2019\u00e9cole du SIVOS Lavernat\/Montabon.<\/p>\n<p><strong>\u00a0<\/strong><\/p>\n<h3><strong>Spectacle pyrotechnique<\/strong><\/h3>\n<p>\u00c0 <strong>Vouvray-sur-Loir<\/strong>, le march\u00e9 de No\u00ebl aura lieu le <strong>dimanche 4 d\u00e9cembre<\/strong>. L\u2019association du Four \u00e0 Pain et celle des parents d\u2019\u00e9l\u00e8ves de l\u2019\u00e9cole Robineau s\u2019associent pour l\u2019\u00e9v\u00e9nement et proposeront, place de l\u2019\u00c9glise, des animations de 10 h \u00e0 18 h. Le march\u00e9 de No\u00ebl et gourmand sera anim\u00e9 par le groupe de musique Herod. Il sera possible de se restaurer sur place. \u00c0 15 h, la chorale de l\u2019\u00e9cole Robineau donnera de la voix, suivie de pr\u00e8s par l\u2019arriv\u00e9e du <strong>P\u00e8re No\u00ebl<\/strong>. D\u00e8s 17 h, les organisateurs distribueront des lampions pour un d\u00e9part \u00e0 17h30 en direction du stade afin d\u2019assister \u00e0 un spectacle pyrotechnique.<\/p>\n<p>&nbsp;<\/p>\n<h3><strong>Un lancement par l\u2019ACABM<\/strong><\/h3>\n<p><strong>Vendredi 9 d\u00e9cembre<\/strong>, de 18 h \u00e0 23 h, l\u2019Association des commer\u00e7ants et artisans du bassin montvalois (ACABM) amorcera les festivit\u00e9s cast\u00e9loriennes au parc Henri Goude de Montval-sur-Loir.<\/p>\n<blockquote><p>\u00ab\u00a0On proposera hu\u00eetre, tartiflette, vin chaud, ou encore bi\u00e8re de No\u00ebl. Pour les enfants, il y aura un chocolat chaud offert ainsi qu\u2019une photo avec le P\u00e8re No\u00ebl\u00a0\u00bb, informe Aur\u00e9lien Kabaklija, pr\u00e9sident de l\u2019association.<\/p><\/blockquote>\n<p>Pour une question d\u2019organisation et dans la mesure du possible, il est demand\u00e9 d\u2019inscrire votre enfant pour la photo sur le lien suivant\u00a0: <a href=\"https:\/\/l.facebook.com\/l.php?u=https%3A%2F%2Fwww.perenoel.info%2F%3Ffbclid%3DIwAR3mXfYANIPeXdR5_pUBEMGmwd5dnyCaNvO0BYXySI5KcyJTXAGmlwWkhqI&amp;h=AT2Y3gVzvXBU6I3Dn_haTwEL_kuHej9gLDRqunfHBxMGryV-uGFOjHQjMtTZlH6mdvqK7YNXdkM8Q7UckbWN4WTKYNCCP-w4c3TPabLXZtcx_XQvS3k8MI0ngPb45yZO2EcXIKo8FwP558xHsVOR&amp;__tn__=-UK-R&amp;c%5b0%5d=AT0f2z-sVnZba3HX1oA7iCGsQDUUvnlPFR3KzuF4bP375gCyDeMaNsko5JhfSHpJH5gsOsqafTEBurnb3tShhNu3BBfKZet26MrABfp4JLz2wBByqRxKIUE84PKuxi5_nJcRtSfL4OC4tPyiFDatpt8vyRWpvust1kEKl52zHfcL8DRvKuK44_7Q6Rnr7stLG9OEXxRfSM-g\">https:\/\/www.perenoel.info<\/a>.<\/p>\n<p>&nbsp;<\/p>\n<h3><strong>Structure gonflable et s\u00e9ance photo<\/strong><\/h3>\n<p>D\u00e8s le lendemain,<strong> Ch\u00e2teau-du-Loir<\/strong> lancera son march\u00e9 de No\u00ebl avec des produits du terroir, des objets de d\u00e9coration ou encore de la maroquinerie, d\u00e8s 10 h. Une structure gonflable sera install\u00e9 sous le auvent place de l\u2019H\u00f4tel de Ville, et diff\u00e9rentes animations auront lieu. Le P\u00e8re No\u00ebl effectuera un passage d\u00e8s 10 h 45 pour une d\u00e9ambulation en musique sur le march\u00e9 hebdomadaire. \u00c0 12 h, les commer\u00e7ants remettront le couvert en proposant \u00ab un ap\u00e9ritif de No\u00ebl \u00bb. De 13 h 30 \u00e0 14 h 45, la chorale Chante l\u2019Ire fera une repr\u00e9sentation. A 15 h, le P\u00e8re No\u00ebl sera de retour, cette fois-ci en cal\u00e8che, et accompagn\u00e9 des Dauphines du Val de Loir. D\u00e8s 15 h 45, les enfants seront convi\u00e9s \u00e0 un go\u00fbter suivi d\u2019une s\u00e9ance photo avec le P\u00e8re No\u00ebl. Les <strong>Elfes de Lumi\u00e8re<\/strong>, \u00e9chassiers et acrobates avec jeux de lumi\u00e8re f\u00e9eriques, proposeront diverses d\u00e9ambulations de 17 h \u00e0 20 h 30.<\/p>\n<p>&nbsp;<\/p>\n<h3><strong>La corrida en nocturne<\/strong><\/h3>\n<p>En parall\u00e8le de toutes ces animations, le <strong>COC Athl\u00e9tisme<\/strong> va organiser la <strong>20\u00e8 corrida<\/strong> de son histoire. Pour l\u2019occasion, le bonhomme rouge sera au d\u00e9part de la premi\u00e8re course nocturne d\u00e8s 17 h.<\/p>\n<blockquote><p>\u00ab\u00a0La circulation sera ferm\u00e9e avenue Jean Jaur\u00e8s pratiquement toute la journ\u00e9e en raison du march\u00e9 et les courses du COC Athl\u00e9tisme. Le parking de l\u2019H\u00f4tel de Ville restera un parking, mais il y aura un sens de circulation sp\u00e9cifique \u00e0 respecter\u00a0\u00bb, alerte G\u00e9rard Pau, pr\u00e9sident du comit\u00e9 des f\u00eates et de loisirs de Ch\u00e2teau-du-Loir. L\u2019\u00c9trier Cast\u00e9lorien proposera \u00e9galement des tours en cal\u00e8che.<\/p><\/blockquote>\n<p>Enfin, que serait No\u00ebl sans les fameuses lettres des cadeaux des enfants\u00a0? Montval-sur-Loir mettra une<strong> bo\u00eete aux lettres \u00e0 destination du P\u00e8re No\u00ebl et de ses lutins<\/strong> pr\u00e8s de l\u2019Office du Tourisme\u00a0jusqu\u2019au 19 d\u00e9cembre.<\/p>\n<!-- AddThis Advanced Settings generic via filter on the_content --><!-- AddThis Share Buttons generic via filter on the_content -->","protected":false},"excerpt":{"rendered":"<p>Vouvray-sur-Loir, Montabon et Ch\u00e2teau-du-Loir organisent quatre march\u00e9s de No\u00ebl. Au programme, spectacle pyrotechnique, chorale, man\u00e8ges ou encore tours en cal\u00e8che. &nbsp; &nbsp; La magie de No\u00ebl va habiller les rues montvaloises, dans le sud Sarthe, et la ville accueillera ses traditionnels march\u00e9s. De retour dans les trois villes d\u00e9l\u00e9gu\u00e9es d\u00e8s d\u00e9but d\u00e9cembre, les organisateurs proposent&hellip;<!-- AddThis Advanced Settings generic via filter on get_the_excerpt --><!-- AddThis Share Buttons generic via filter on get_the_excerpt --><\/p>\n","protected":false},"author":4,"featured_media":11761,"comment_status":"closed","ping_status":"open","sticky":false,"template":"","format":"standard","meta":{"footnotes":""},"categories":[1],"tags":[],"class_list":["post-11760","post","type-post","status-publish","format-standard","has-post-thumbnail","hentry","category-contact-fm-72","category-1","description-off"],"yoast_head":"<!-- This site is optimized with the Yoast SEO plugin v27.4 - https:\/\/yoast.com\/product\/yoast-seo-wordpress\/ -->\n<title>Sud Sarthe : Montval pr\u00e9pare ses march\u00e9s de No\u00ebl - Contact FM 99.3<\/title>\n<meta name=\"robots\" content=\"index, follow, max-snippet:-1, max-image-preview:large, max-video-preview:-1\" \/>\n<link rel=\"canonical\" href=\"https:\/\/contactfm72.fr\/?p=11760\" \/>\n<meta property=\"og:locale\" content=\"fr_FR\" \/>\n<meta property=\"og:type\" content=\"article\" \/>\n<meta property=\"og:title\" content=\"Sud Sarthe : Montval pr\u00e9pare ses march\u00e9s de No\u00ebl - Contact FM 99.3\" \/>\n<meta property=\"og:description\" content=\"Vouvray-sur-Loir, Montabon et Ch\u00e2teau-du-Loir organisent quatre march\u00e9s de No\u00ebl. Au programme, spectacle pyrotechnique, chorale, man\u00e8ges ou encore tours en cal\u00e8che. &nbsp; &nbsp; La magie de No\u00ebl va habiller les rues montvaloises, dans le sud Sarthe, et la ville accueillera ses traditionnels march\u00e9s. De retour dans les trois villes d\u00e9l\u00e9gu\u00e9es d\u00e8s d\u00e9but d\u00e9cembre, les organisateurs proposent&hellip;\" \/>\n<meta property=\"og:url\" content=\"https:\/\/contactfm72.fr\/?p=11760\" \/>\n<meta property=\"og:site_name\" content=\"Contact FM 99.3\" \/>\n<meta property=\"article:publisher\" content=\"https:\/\/www.facebook.com\/Contactfm.Chateauduloir\" \/>\n<meta property=\"article:published_time\" content=\"2022-11-30T11:00:03+00:00\" \/>\n<meta property=\"og:image\" content=\"https:\/\/contactfm72.fr\/wp-content\/uploads\/2022\/11\/march\u00e9s-de-noel-montval.jpg\" \/>\n\t<meta property=\"og:image:width\" content=\"2048\" \/>\n\t<meta property=\"og:image:height\" content=\"1536\" \/>\n\t<meta property=\"og:image:type\" content=\"image\/jpeg\" \/>\n<meta name=\"author\" content=\"Val\u00e9rie C.\" \/>\n<meta name=\"twitter:card\" content=\"summary_large_image\" \/>\n<meta name=\"twitter:creator\" content=\"@contactfm72\" \/>\n<meta name=\"twitter:site\" content=\"@contactfm72\" \/>\n<meta name=\"twitter:label1\" content=\"\u00c9crit par\" \/>\n\t<meta name=\"twitter:data1\" content=\"Val\u00e9rie C.\" \/>\n\t<meta name=\"twitter:label2\" content=\"Dur\u00e9e de lecture estim\u00e9e\" \/>\n\t<meta name=\"twitter:data2\" content=\"4 minutes\" \/>\n<script type=\"application\/ld+json\" class=\"yoast-schema-graph\">{\"@context\":\"https:\\\/\\\/schema.org\",\"@graph\":[{\"@type\":\"Article\",\"@id\":\"https:\\\/\\\/contactfm72.fr\\\/?p=11760#article\",\"isPartOf\":{\"@id\":\"https:\\\/\\\/contactfm72.fr\\\/?p=11760\"},\"author\":{\"name\":\"Val\u00e9rie C.\",\"@id\":\"https:\\\/\\\/contactfm72.fr\\\/#\\\/schema\\\/person\\\/9fdc9d1c2eb029354a4f1535b90ba82d\"},\"headline\":\"Sud Sarthe : Montval pr\u00e9pare ses march\u00e9s de No\u00ebl\",\"datePublished\":\"2022-11-30T11:00:03+00:00\",\"mainEntityOfPage\":{\"@id\":\"https:\\\/\\\/contactfm72.fr\\\/?p=11760\"},\"wordCount\":690,\"publisher\":{\"@id\":\"https:\\\/\\\/contactfm72.fr\\\/#organization\"},\"image\":{\"@id\":\"https:\\\/\\\/contactfm72.fr\\\/?p=11760#primaryimage\"},\"thumbnailUrl\":\"https:\\\/\\\/contactfm72.fr\\\/wp-content\\\/uploads\\\/2022\\\/11\\\/march\u00e9s-de-noel-montval.jpg\",\"articleSection\":[\"Contact FM 72\"],\"inLanguage\":\"fr-FR\"},{\"@type\":\"WebPage\",\"@id\":\"https:\\\/\\\/contactfm72.fr\\\/?p=11760\",\"url\":\"https:\\\/\\\/contactfm72.fr\\\/?p=11760\",\"name\":\"Sud Sarthe : Montval pr\u00e9pare ses march\u00e9s de No\u00ebl - Contact FM 99.3\",\"isPartOf\":{\"@id\":\"https:\\\/\\\/contactfm72.fr\\\/#website\"},\"primaryImageOfPage\":{\"@id\":\"https:\\\/\\\/contactfm72.fr\\\/?p=11760#primaryimage\"},\"image\":{\"@id\":\"https:\\\/\\\/contactfm72.fr\\\/?p=11760#primaryimage\"},\"thumbnailUrl\":\"https:\\\/\\\/contactfm72.fr\\\/wp-content\\\/uploads\\\/2022\\\/11\\\/march\u00e9s-de-noel-montval.jpg\",\"datePublished\":\"2022-11-30T11:00:03+00:00\",\"breadcrumb\":{\"@id\":\"https:\\\/\\\/contactfm72.fr\\\/?p=11760#breadcrumb\"},\"inLanguage\":\"fr-FR\",\"potentialAction\":[{\"@type\":\"ReadAction\",\"target\":[\"https:\\\/\\\/contactfm72.fr\\\/?p=11760\"]}]},{\"@type\":\"ImageObject\",\"inLanguage\":\"fr-FR\",\"@id\":\"https:\\\/\\\/contactfm72.fr\\\/?p=11760#primaryimage\",\"url\":\"https:\\\/\\\/contactfm72.fr\\\/wp-content\\\/uploads\\\/2022\\\/11\\\/march\u00e9s-de-noel-montval.jpg\",\"contentUrl\":\"https:\\\/\\\/contactfm72.fr\\\/wp-content\\\/uploads\\\/2022\\\/11\\\/march\u00e9s-de-noel-montval.jpg\",\"width\":2048,\"height\":1536,\"caption\":\"Municipalit\u00e9 et associations esp\u00e8rent que le public sera au rendez-vous.\"},{\"@type\":\"BreadcrumbList\",\"@id\":\"https:\\\/\\\/contactfm72.fr\\\/?p=11760#breadcrumb\",\"itemListElement\":[{\"@type\":\"ListItem\",\"position\":1,\"name\":\"Accueil\",\"item\":\"https:\\\/\\\/contactfm72.fr\\\/\"},{\"@type\":\"ListItem\",\"position\":2,\"name\":\"Sud Sarthe : Montval pr\u00e9pare ses march\u00e9s de No\u00ebl\"}]},{\"@type\":\"WebSite\",\"@id\":\"https:\\\/\\\/contactfm72.fr\\\/#website\",\"url\":\"https:\\\/\\\/contactfm72.fr\\\/\",\"name\":\"Contact FM 99.3\",\"description\":\"Votre radio en vall\u00e9e du Loir\",\"publisher\":{\"@id\":\"https:\\\/\\\/contactfm72.fr\\\/#organization\"},\"potentialAction\":[{\"@type\":\"SearchAction\",\"target\":{\"@type\":\"EntryPoint\",\"urlTemplate\":\"https:\\\/\\\/contactfm72.fr\\\/?s={search_term_string}\"},\"query-input\":{\"@type\":\"PropertyValueSpecification\",\"valueRequired\":true,\"valueName\":\"search_term_string\"}}],\"inLanguage\":\"fr-FR\"},{\"@type\":\"Organization\",\"@id\":\"https:\\\/\\\/contactfm72.fr\\\/#organization\",\"name\":\"Contact FM 99.3\",\"url\":\"https:\\\/\\\/contactfm72.fr\\\/\",\"logo\":{\"@type\":\"ImageObject\",\"inLanguage\":\"fr-FR\",\"@id\":\"https:\\\/\\\/contactfm72.fr\\\/#\\\/schema\\\/logo\\\/image\\\/\",\"url\":\"https:\\\/\\\/contactfm72.fr\\\/wp-content\\\/uploads\\\/2025\\\/04\\\/2025-04-18-2.jpg\",\"contentUrl\":\"https:\\\/\\\/contactfm72.fr\\\/wp-content\\\/uploads\\\/2025\\\/04\\\/2025-04-18-2.jpg\",\"width\":680,\"height\":307,\"caption\":\"Contact FM 99.3\"},\"image\":{\"@id\":\"https:\\\/\\\/contactfm72.fr\\\/#\\\/schema\\\/logo\\\/image\\\/\"},\"sameAs\":[\"https:\\\/\\\/www.facebook.com\\\/Contactfm.Chateauduloir\",\"https:\\\/\\\/x.com\\\/contactfm72\",\"https:\\\/\\\/www.instagram.com\\\/contact.fm.72?igsh=cGhlMHQ5N2JlNnpp\",\"https:\\\/\\\/www.tiktok.com\\\/@contact.fm\"]},{\"@type\":\"Person\",\"@id\":\"https:\\\/\\\/contactfm72.fr\\\/#\\\/schema\\\/person\\\/9fdc9d1c2eb029354a4f1535b90ba82d\",\"name\":\"Val\u00e9rie C.\",\"image\":{\"@type\":\"ImageObject\",\"inLanguage\":\"fr-FR\",\"@id\":\"https:\\\/\\\/secure.gravatar.com\\\/avatar\\\/2f8aa28f8dfbd7d4420afd1fdcdd0a349923e2c8a38ab28198b0f9d0601e4737?s=96&d=mm&r=g\",\"url\":\"https:\\\/\\\/secure.gravatar.com\\\/avatar\\\/2f8aa28f8dfbd7d4420afd1fdcdd0a349923e2c8a38ab28198b0f9d0601e4737?s=96&d=mm&r=g\",\"contentUrl\":\"https:\\\/\\\/secure.gravatar.com\\\/avatar\\\/2f8aa28f8dfbd7d4420afd1fdcdd0a349923e2c8a38ab28198b0f9d0601e4737?s=96&d=mm&r=g\",\"caption\":\"Val\u00e9rie C.\"},\"url\":\"https:\\\/\\\/contactfm72.fr\\\/?author=4\"}]}<\/script>\n<!-- \/ Yoast SEO plugin. -->","yoast_head_json":{"title":"Sud Sarthe : Montval pr\u00e9pare ses march\u00e9s de No\u00ebl - Contact FM 99.3","robots":{"index":"index","follow":"follow","max-snippet":"max-snippet:-1","max-image-preview":"max-image-preview:large","max-video-preview":"max-video-preview:-1"},"canonical":"https:\/\/contactfm72.fr\/?p=11760","og_locale":"fr_FR","og_type":"article","og_title":"Sud Sarthe : Montval pr\u00e9pare ses march\u00e9s de No\u00ebl - Contact FM 99.3","og_description":"Vouvray-sur-Loir, Montabon et Ch\u00e2teau-du-Loir organisent quatre march\u00e9s de No\u00ebl. Au programme, spectacle pyrotechnique, chorale, man\u00e8ges ou encore tours en cal\u00e8che. &nbsp; &nbsp; La magie de No\u00ebl va habiller les rues montvaloises, dans le sud Sarthe, et la ville accueillera ses traditionnels march\u00e9s. De retour dans les trois villes d\u00e9l\u00e9gu\u00e9es d\u00e8s d\u00e9but d\u00e9cembre, les organisateurs proposent&hellip;","og_url":"https:\/\/contactfm72.fr\/?p=11760","og_site_name":"Contact FM 99.3","article_publisher":"https:\/\/www.facebook.com\/Contactfm.Chateauduloir","article_published_time":"2022-11-30T11:00:03+00:00","og_image":[{"width":2048,"height":1536,"url":"https:\/\/contactfm72.fr\/wp-content\/uploads\/2022\/11\/march\u00e9s-de-noel-montval.jpg","type":"image\/jpeg"}],"author":"Val\u00e9rie C.","twitter_card":"summary_large_image","twitter_creator":"@contactfm72","twitter_site":"@contactfm72","twitter_misc":{"\u00c9crit par":"Val\u00e9rie C.","Dur\u00e9e de lecture estim\u00e9e":"4 minutes"},"schema":{"@context":"https:\/\/schema.org","@graph":[{"@type":"Article","@id":"https:\/\/contactfm72.fr\/?p=11760#article","isPartOf":{"@id":"https:\/\/contactfm72.fr\/?p=11760"},"author":{"name":"Val\u00e9rie C.","@id":"https:\/\/contactfm72.fr\/#\/schema\/person\/9fdc9d1c2eb029354a4f1535b90ba82d"},"headline":"Sud Sarthe : Montval pr\u00e9pare ses march\u00e9s de No\u00ebl","datePublished":"2022-11-30T11:00:03+00:00","mainEntityOfPage":{"@id":"https:\/\/contactfm72.fr\/?p=11760"},"wordCount":690,"publisher":{"@id":"https:\/\/contactfm72.fr\/#organization"},"image":{"@id":"https:\/\/contactfm72.fr\/?p=11760#primaryimage"},"thumbnailUrl":"https:\/\/contactfm72.fr\/wp-content\/uploads\/2022\/11\/march\u00e9s-de-noel-montval.jpg","articleSection":["Contact FM 72"],"inLanguage":"fr-FR"},{"@type":"WebPage","@id":"https:\/\/contactfm72.fr\/?p=11760","url":"https:\/\/contactfm72.fr\/?p=11760","name":"Sud Sarthe : Montval pr\u00e9pare ses march\u00e9s de No\u00ebl - Contact FM 99.3","isPartOf":{"@id":"https:\/\/contactfm72.fr\/#website"},"primaryImageOfPage":{"@id":"https:\/\/contactfm72.fr\/?p=11760#primaryimage"},"image":{"@id":"https:\/\/contactfm72.fr\/?p=11760#primaryimage"},"thumbnailUrl":"https:\/\/contactfm72.fr\/wp-content\/uploads\/2022\/11\/march\u00e9s-de-noel-montval.jpg","datePublished":"2022-11-30T11:00:03+00:00","breadcrumb":{"@id":"https:\/\/contactfm72.fr\/?p=11760#breadcrumb"},"inLanguage":"fr-FR","potentialAction":[{"@type":"ReadAction","target":["https:\/\/contactfm72.fr\/?p=11760"]}]},{"@type":"ImageObject","inLanguage":"fr-FR","@id":"https:\/\/contactfm72.fr\/?p=11760#primaryimage","url":"https:\/\/contactfm72.fr\/wp-content\/uploads\/2022\/11\/march\u00e9s-de-noel-montval.jpg","contentUrl":"https:\/\/contactfm72.fr\/wp-content\/uploads\/2022\/11\/march\u00e9s-de-noel-montval.jpg","width":2048,"height":1536,"caption":"Municipalit\u00e9 et associations esp\u00e8rent que le public sera au rendez-vous."},{"@type":"BreadcrumbList","@id":"https:\/\/contactfm72.fr\/?p=11760#breadcrumb","itemListElement":[{"@type":"ListItem","position":1,"name":"Accueil","item":"https:\/\/contactfm72.fr\/"},{"@type":"ListItem","position":2,"name":"Sud Sarthe : Montval pr\u00e9pare ses march\u00e9s de No\u00ebl"}]},{"@type":"WebSite","@id":"https:\/\/contactfm72.fr\/#website","url":"https:\/\/contactfm72.fr\/","name":"Contact FM 99.3","description":"Votre radio en vall\u00e9e du Loir","publisher":{"@id":"https:\/\/contactfm72.fr\/#organization"},"potentialAction":[{"@type":"SearchAction","target":{"@type":"EntryPoint","urlTemplate":"https:\/\/contactfm72.fr\/?s={search_term_string}"},"query-input":{"@type":"PropertyValueSpecification","valueRequired":true,"valueName":"search_term_string"}}],"inLanguage":"fr-FR"},{"@type":"Organization","@id":"https:\/\/contactfm72.fr\/#organization","name":"Contact FM 99.3","url":"https:\/\/contactfm72.fr\/","logo":{"@type":"ImageObject","inLanguage":"fr-FR","@id":"https:\/\/contactfm72.fr\/#\/schema\/logo\/image\/","url":"https:\/\/contactfm72.fr\/wp-content\/uploads\/2025\/04\/2025-04-18-2.jpg","contentUrl":"https:\/\/contactfm72.fr\/wp-content\/uploads\/2025\/04\/2025-04-18-2.jpg","width":680,"height":307,"caption":"Contact FM 99.3"},"image":{"@id":"https:\/\/contactfm72.fr\/#\/schema\/logo\/image\/"},"sameAs":["https:\/\/www.facebook.com\/Contactfm.Chateauduloir","https:\/\/x.com\/contactfm72","https:\/\/www.instagram.com\/contact.fm.72?igsh=cGhlMHQ5N2JlNnpp","https:\/\/www.tiktok.com\/@contact.fm"]},{"@type":"Person","@id":"https:\/\/contactfm72.fr\/#\/schema\/person\/9fdc9d1c2eb029354a4f1535b90ba82d","name":"Val\u00e9rie C.","image":{"@type":"ImageObject","inLanguage":"fr-FR","@id":"https:\/\/secure.gravatar.com\/avatar\/2f8aa28f8dfbd7d4420afd1fdcdd0a349923e2c8a38ab28198b0f9d0601e4737?s=96&d=mm&r=g","url":"https:\/\/secure.gravatar.com\/avatar\/2f8aa28f8dfbd7d4420afd1fdcdd0a349923e2c8a38ab28198b0f9d0601e4737?s=96&d=mm&r=g","contentUrl":"https:\/\/secure.gravatar.com\/avatar\/2f8aa28f8dfbd7d4420afd1fdcdd0a349923e2c8a38ab28198b0f9d0601e4737?s=96&d=mm&r=g","caption":"Val\u00e9rie C."},"url":"https:\/\/contactfm72.fr\/?author=4"}]}},"_links":{"self":[{"href":"https:\/\/contactfm72.fr\/index.php?rest_route=\/wp\/v2\/posts\/11760","targetHints":{"allow":["GET"]}}],"collection":[{"href":"https:\/\/contactfm72.fr\/index.php?rest_route=\/wp\/v2\/posts"}],"about":[{"href":"https:\/\/contactfm72.fr\/index.php?rest_route=\/wp\/v2\/types\/post"}],"author":[{"embeddable":true,"href":"https:\/\/contactfm72.fr\/index.php?rest_route=\/wp\/v2\/users\/4"}],"replies":[{"embeddable":true,"href":"https:\/\/contactfm72.fr\/index.php?rest_route=%2Fwp%2Fv2%2Fcomments&post=11760"}],"version-history":[{"count":4,"href":"https:\/\/contactfm72.fr\/index.php?rest_route=\/wp\/v2\/posts\/11760\/revisions"}],"predecessor-version":[{"id":11877,"href":"https:\/\/contactfm72.fr\/index.php?rest_route=\/wp\/v2\/posts\/11760\/revisions\/11877"}],"wp:featuredmedia":[{"embeddable":true,"href":"https:\/\/contactfm72.fr\/index.php?rest_route=\/wp\/v2\/media\/11761"}],"wp:attachment":[{"href":"https:\/\/contactfm72.fr\/index.php?rest_route=%2Fwp%2Fv2%2Fmedia&parent=11760"}],"wp:term":[{"taxonomy":"category","embeddable":true,"href":"https:\/\/contactfm72.fr\/index.php?rest_route=%2Fwp%2Fv2%2Fcategories&post=11760"},{"taxonomy":"post_tag","embeddable":true,"href":"https:\/\/contactfm72.fr\/index.php?rest_route=%2Fwp%2Fv2%2Ftags&post=11760"}],"curies":[{"name":"wp","href":"https:\/\/api.w.org\/{rel}","templated":true}]}}