{"id":11714,"date":"2022-11-14T17:00:45","date_gmt":"2022-11-14T16:00:45","guid":{"rendered":"http:\/\/contactfm72.fr\/?p=11714"},"modified":"2022-11-14T09:13:38","modified_gmt":"2022-11-14T08:13:38","slug":"ils-preparent-le-comice-vouvraysien-de-2023","status":"publish","type":"post","link":"https:\/\/contactfm72.fr\/?p=11714","title":{"rendered":"Sud Sarthe : Ils pr\u00e9parent le \u00ab comice vouvraysien \u00bb de 2023"},"content":{"rendered":"<h2>Les pr\u00e9parations du comice agricole du canton de Ch\u00e2teau-du-Loir 2023 qui se d\u00e9roulera \u00e0 Vouvray-sur-Loir ont d\u00e9j\u00e0 d\u00e9but\u00e9. Le comit\u00e9 de pilotage a vu le jour le 9 novembre, \u00e0 la Vouvryonne.<\/h2>\n<p>&nbsp;<\/p>\n<p>Lors d\u2019une r\u00e9union publique, Vouvray-sur-Loir, village h\u00f4te du futur comice cantonal de Ch\u00e2teau-du-Loir, a rassembl\u00e9 une arm\u00e9e de volontaires et a cr\u00e9\u00e9 le comit\u00e9 de pilotage. Les 15 membres devront organiser la rando-ferme et le \u00ab\u00a0Comice Vouvraysien\u00a0\u00bb, baptis\u00e9 ainsi lors de la r\u00e9union.<\/p>\n<p>&nbsp;<\/p>\n<h3><strong>\u00ab\u00a0Une f\u00eate du monde rural\u00a0\u00bb<\/strong><\/h3>\n<p>Ils \u00e9taient une cinquantaine de pr\u00e9sents lors de la r\u00e9union publique, dont de nombreux repr\u00e9sentants d\u2019associations locales et d&#8217;\u00e9lus montvalois, en soutien \u00e0 l&#8217;organisation de l&#8217;\u00e9v\u00e8nement. Pascal Langevin, pr\u00e9sident du comice agricole cantonal, a ouvert le bal : \u00ab Je suis tr\u00e8s heureux qu\u2019il y ait autant de monde, c\u2019est tr\u00e8s rare \u00e0 sensiblement une ann\u00e9e avant le jour J. Vouvray n\u2019a pas beaucoup d\u2019agriculteurs. C\u2019est donc \u00e0 vous de mettre en avant vos atouts du monde rural : patrimoine, artisans et coteaux \u00bb.<\/p>\n<p>Sabrina Duchesne, maire d\u00e9l\u00e9gu\u00e9e, a tenu l\u2019assembl\u00e9e g\u00e9n\u00e9rale\u00a0: \u00ab\u00a0\u00e7a nous tient \u00e0 c\u0153ur d\u2019organiser cette f\u00eate du monde rural et de mettre en avant l\u2019esprit village, propre au comice\u00a0\u00bb.<\/p>\n<p>&nbsp;<\/p>\n<h3><strong>Soutien de Montval<\/strong><\/h3>\n<p>Cette f\u00eate du monde rural se traduira par deux temps forts en 2023 : la rando-ferme le 6 mai , et le comice agricole, les 23 et 24 septembre. Une date tardive pour la plupart des concern\u00e9s, mais qui s\u2019explique par une volont\u00e9 de ne pas faire concurrence aux comices des cantons voisins et de la foire des quatre jours du Mans.<\/p>\n<p>Par la suite, les statuts de l\u2019association organisatrice, fournie par Lydie M\u00e9nard secr\u00e9taire du comice agricole cantonale, ont \u00e9t\u00e9 retravaill\u00e9s et adapt\u00e9s par les \u00e9lus. \u00ab\u00a0Nous demanderons une subvention communale de 10\u00a0000 euros, et un acompte d\u2019un tiers de cette somme en 2022\u00a0\u00bb, poursuit la maire d\u00e9l\u00e9gu\u00e9e.<\/p>\n<p>&nbsp;<\/p>\n<h3><strong>Composition du comit\u00e9 <\/strong><\/h3>\n<p>Le comit\u00e9 de pilotage du comice 2023 se compte donc de neuf citoyens et six \u00e9lus. Martine Blanchard, Jacques Langevin, Sarah Collet, Fabrice Legeay, Michel Rivi\u00e8re, Christian Heurteloup, Laurent Rappart, Annie Schaeffer et Cyril Guilmet. Quant aux \u00e9lus, ce sont Alain Fournier, Delphine Fourmy, Jocelyne Chauvin, Lydie Goureau, Eric Brams et Dominique Langevin qui viendront apporter leur soutien. La pr\u00e9sence de ces derniers et la subvention communale seront encore \u00e0 approuver lors du conseil municipal de Montval-sur-Loir pr\u00e9vu le 23 novembre.<\/p>\n<!-- AddThis Advanced Settings generic via filter on the_content --><!-- AddThis Share Buttons generic via filter on the_content -->","protected":false},"excerpt":{"rendered":"<p>Les pr\u00e9parations du comice agricole du canton de Ch\u00e2teau-du-Loir 2023 qui se d\u00e9roulera \u00e0 Vouvray-sur-Loir ont d\u00e9j\u00e0 d\u00e9but\u00e9. Le comit\u00e9 de pilotage a vu le jour le 9 novembre, \u00e0 la Vouvryonne. &nbsp; Lors d\u2019une r\u00e9union publique, Vouvray-sur-Loir, village h\u00f4te du futur comice cantonal de Ch\u00e2teau-du-Loir, a rassembl\u00e9 une arm\u00e9e de volontaires et a cr\u00e9\u00e9&hellip;<!-- AddThis Advanced Settings generic via filter on get_the_excerpt --><!-- AddThis Share Buttons generic via filter on get_the_excerpt --><\/p>\n","protected":false},"author":4,"featured_media":11715,"comment_status":"closed","ping_status":"open","sticky":false,"template":"","format":"standard","meta":{"footnotes":""},"categories":[1],"tags":[],"class_list":["post-11714","post","type-post","status-publish","format-standard","has-post-thumbnail","hentry","category-contact-fm-72","category-1","description-off"],"yoast_head":"<!-- This site is optimized with the Yoast SEO plugin v27.4 - https:\/\/yoast.com\/product\/yoast-seo-wordpress\/ -->\n<title>Sud Sarthe : Ils pr\u00e9parent le \u00ab comice vouvraysien \u00bb de 2023 - Contact FM 99.3<\/title>\n<meta name=\"robots\" content=\"index, follow, max-snippet:-1, max-image-preview:large, max-video-preview:-1\" \/>\n<link rel=\"canonical\" href=\"https:\/\/contactfm72.fr\/?p=11714\" \/>\n<meta property=\"og:locale\" content=\"fr_FR\" \/>\n<meta property=\"og:type\" content=\"article\" \/>\n<meta property=\"og:title\" content=\"Sud Sarthe : Ils pr\u00e9parent le \u00ab comice vouvraysien \u00bb de 2023 - Contact FM 99.3\" \/>\n<meta property=\"og:description\" content=\"Les pr\u00e9parations du comice agricole du canton de Ch\u00e2teau-du-Loir 2023 qui se d\u00e9roulera \u00e0 Vouvray-sur-Loir ont d\u00e9j\u00e0 d\u00e9but\u00e9. Le comit\u00e9 de pilotage a vu le jour le 9 novembre, \u00e0 la Vouvryonne. &nbsp; Lors d\u2019une r\u00e9union publique, Vouvray-sur-Loir, village h\u00f4te du futur comice cantonal de Ch\u00e2teau-du-Loir, a rassembl\u00e9 une arm\u00e9e de volontaires et a cr\u00e9\u00e9&hellip;\" \/>\n<meta property=\"og:url\" content=\"https:\/\/contactfm72.fr\/?p=11714\" \/>\n<meta property=\"og:site_name\" content=\"Contact FM 99.3\" \/>\n<meta property=\"article:publisher\" content=\"https:\/\/www.facebook.com\/Contactfm.Chateauduloir\" \/>\n<meta property=\"article:published_time\" content=\"2022-11-14T16:00:45+00:00\" \/>\n<meta property=\"og:image\" content=\"https:\/\/contactfm72.fr\/wp-content\/uploads\/2022\/11\/comice-vouvray.jpg\" \/>\n\t<meta property=\"og:image:width\" content=\"2048\" \/>\n\t<meta property=\"og:image:height\" content=\"1536\" \/>\n\t<meta property=\"og:image:type\" content=\"image\/jpeg\" \/>\n<meta name=\"author\" content=\"Val\u00e9rie C.\" \/>\n<meta name=\"twitter:card\" content=\"summary_large_image\" \/>\n<meta name=\"twitter:creator\" content=\"@contactfm72\" \/>\n<meta name=\"twitter:site\" content=\"@contactfm72\" \/>\n<meta name=\"twitter:label1\" content=\"\u00c9crit par\" \/>\n\t<meta name=\"twitter:data1\" content=\"Val\u00e9rie C.\" \/>\n\t<meta name=\"twitter:label2\" content=\"Dur\u00e9e de lecture estim\u00e9e\" \/>\n\t<meta name=\"twitter:data2\" content=\"2 minutes\" \/>\n<script type=\"application\/ld+json\" class=\"yoast-schema-graph\">{\"@context\":\"https:\\\/\\\/schema.org\",\"@graph\":[{\"@type\":\"Article\",\"@id\":\"https:\\\/\\\/contactfm72.fr\\\/?p=11714#article\",\"isPartOf\":{\"@id\":\"https:\\\/\\\/contactfm72.fr\\\/?p=11714\"},\"author\":{\"name\":\"Val\u00e9rie C.\",\"@id\":\"https:\\\/\\\/contactfm72.fr\\\/#\\\/schema\\\/person\\\/9fdc9d1c2eb029354a4f1535b90ba82d\"},\"headline\":\"Sud Sarthe : Ils pr\u00e9parent le \u00ab comice vouvraysien \u00bb de 2023\",\"datePublished\":\"2022-11-14T16:00:45+00:00\",\"mainEntityOfPage\":{\"@id\":\"https:\\\/\\\/contactfm72.fr\\\/?p=11714\"},\"wordCount\":433,\"publisher\":{\"@id\":\"https:\\\/\\\/contactfm72.fr\\\/#organization\"},\"image\":{\"@id\":\"https:\\\/\\\/contactfm72.fr\\\/?p=11714#primaryimage\"},\"thumbnailUrl\":\"https:\\\/\\\/contactfm72.fr\\\/wp-content\\\/uploads\\\/2022\\\/11\\\/comice-vouvray.jpg\",\"articleSection\":[\"Contact FM 72\"],\"inLanguage\":\"fr-FR\"},{\"@type\":\"WebPage\",\"@id\":\"https:\\\/\\\/contactfm72.fr\\\/?p=11714\",\"url\":\"https:\\\/\\\/contactfm72.fr\\\/?p=11714\",\"name\":\"Sud Sarthe : Ils pr\u00e9parent le \u00ab comice vouvraysien \u00bb de 2023 - Contact FM 99.3\",\"isPartOf\":{\"@id\":\"https:\\\/\\\/contactfm72.fr\\\/#website\"},\"primaryImageOfPage\":{\"@id\":\"https:\\\/\\\/contactfm72.fr\\\/?p=11714#primaryimage\"},\"image\":{\"@id\":\"https:\\\/\\\/contactfm72.fr\\\/?p=11714#primaryimage\"},\"thumbnailUrl\":\"https:\\\/\\\/contactfm72.fr\\\/wp-content\\\/uploads\\\/2022\\\/11\\\/comice-vouvray.jpg\",\"datePublished\":\"2022-11-14T16:00:45+00:00\",\"breadcrumb\":{\"@id\":\"https:\\\/\\\/contactfm72.fr\\\/?p=11714#breadcrumb\"},\"inLanguage\":\"fr-FR\",\"potentialAction\":[{\"@type\":\"ReadAction\",\"target\":[\"https:\\\/\\\/contactfm72.fr\\\/?p=11714\"]}]},{\"@type\":\"ImageObject\",\"inLanguage\":\"fr-FR\",\"@id\":\"https:\\\/\\\/contactfm72.fr\\\/?p=11714#primaryimage\",\"url\":\"https:\\\/\\\/contactfm72.fr\\\/wp-content\\\/uploads\\\/2022\\\/11\\\/comice-vouvray.jpg\",\"contentUrl\":\"https:\\\/\\\/contactfm72.fr\\\/wp-content\\\/uploads\\\/2022\\\/11\\\/comice-vouvray.jpg\",\"width\":2048,\"height\":1536,\"caption\":\"Le comit\u00e9 de pilotage du comice agricole cantonale de Ch\u00e2teau-du-Loir, organis\u00e9 \u00e0 Vouvray-sur-Loir, en 2023.\"},{\"@type\":\"BreadcrumbList\",\"@id\":\"https:\\\/\\\/contactfm72.fr\\\/?p=11714#breadcrumb\",\"itemListElement\":[{\"@type\":\"ListItem\",\"position\":1,\"name\":\"Accueil\",\"item\":\"https:\\\/\\\/contactfm72.fr\\\/\"},{\"@type\":\"ListItem\",\"position\":2,\"name\":\"Sud Sarthe : Ils pr\u00e9parent le \u00ab comice vouvraysien \u00bb de 2023\"}]},{\"@type\":\"WebSite\",\"@id\":\"https:\\\/\\\/contactfm72.fr\\\/#website\",\"url\":\"https:\\\/\\\/contactfm72.fr\\\/\",\"name\":\"Contact FM 99.3\",\"description\":\"Votre radio en vall\u00e9e du Loir\",\"publisher\":{\"@id\":\"https:\\\/\\\/contactfm72.fr\\\/#organization\"},\"potentialAction\":[{\"@type\":\"SearchAction\",\"target\":{\"@type\":\"EntryPoint\",\"urlTemplate\":\"https:\\\/\\\/contactfm72.fr\\\/?s={search_term_string}\"},\"query-input\":{\"@type\":\"PropertyValueSpecification\",\"valueRequired\":true,\"valueName\":\"search_term_string\"}}],\"inLanguage\":\"fr-FR\"},{\"@type\":\"Organization\",\"@id\":\"https:\\\/\\\/contactfm72.fr\\\/#organization\",\"name\":\"Contact FM 99.3\",\"url\":\"https:\\\/\\\/contactfm72.fr\\\/\",\"logo\":{\"@type\":\"ImageObject\",\"inLanguage\":\"fr-FR\",\"@id\":\"https:\\\/\\\/contactfm72.fr\\\/#\\\/schema\\\/logo\\\/image\\\/\",\"url\":\"https:\\\/\\\/contactfm72.fr\\\/wp-content\\\/uploads\\\/2025\\\/04\\\/2025-04-18-2.jpg\",\"contentUrl\":\"https:\\\/\\\/contactfm72.fr\\\/wp-content\\\/uploads\\\/2025\\\/04\\\/2025-04-18-2.jpg\",\"width\":680,\"height\":307,\"caption\":\"Contact FM 99.3\"},\"image\":{\"@id\":\"https:\\\/\\\/contactfm72.fr\\\/#\\\/schema\\\/logo\\\/image\\\/\"},\"sameAs\":[\"https:\\\/\\\/www.facebook.com\\\/Contactfm.Chateauduloir\",\"https:\\\/\\\/x.com\\\/contactfm72\",\"https:\\\/\\\/www.instagram.com\\\/contact.fm.72?igsh=cGhlMHQ5N2JlNnpp\",\"https:\\\/\\\/www.tiktok.com\\\/@contact.fm\"]},{\"@type\":\"Person\",\"@id\":\"https:\\\/\\\/contactfm72.fr\\\/#\\\/schema\\\/person\\\/9fdc9d1c2eb029354a4f1535b90ba82d\",\"name\":\"Val\u00e9rie C.\",\"image\":{\"@type\":\"ImageObject\",\"inLanguage\":\"fr-FR\",\"@id\":\"https:\\\/\\\/secure.gravatar.com\\\/avatar\\\/2f8aa28f8dfbd7d4420afd1fdcdd0a349923e2c8a38ab28198b0f9d0601e4737?s=96&d=mm&r=g\",\"url\":\"https:\\\/\\\/secure.gravatar.com\\\/avatar\\\/2f8aa28f8dfbd7d4420afd1fdcdd0a349923e2c8a38ab28198b0f9d0601e4737?s=96&d=mm&r=g\",\"contentUrl\":\"https:\\\/\\\/secure.gravatar.com\\\/avatar\\\/2f8aa28f8dfbd7d4420afd1fdcdd0a349923e2c8a38ab28198b0f9d0601e4737?s=96&d=mm&r=g\",\"caption\":\"Val\u00e9rie C.\"},\"url\":\"https:\\\/\\\/contactfm72.fr\\\/?author=4\"}]}<\/script>\n<!-- \/ Yoast SEO plugin. -->","yoast_head_json":{"title":"Sud Sarthe : Ils pr\u00e9parent le \u00ab comice vouvraysien \u00bb de 2023 - Contact FM 99.3","robots":{"index":"index","follow":"follow","max-snippet":"max-snippet:-1","max-image-preview":"max-image-preview:large","max-video-preview":"max-video-preview:-1"},"canonical":"https:\/\/contactfm72.fr\/?p=11714","og_locale":"fr_FR","og_type":"article","og_title":"Sud Sarthe : Ils pr\u00e9parent le \u00ab comice vouvraysien \u00bb de 2023 - Contact FM 99.3","og_description":"Les pr\u00e9parations du comice agricole du canton de Ch\u00e2teau-du-Loir 2023 qui se d\u00e9roulera \u00e0 Vouvray-sur-Loir ont d\u00e9j\u00e0 d\u00e9but\u00e9. Le comit\u00e9 de pilotage a vu le jour le 9 novembre, \u00e0 la Vouvryonne. &nbsp; Lors d\u2019une r\u00e9union publique, Vouvray-sur-Loir, village h\u00f4te du futur comice cantonal de Ch\u00e2teau-du-Loir, a rassembl\u00e9 une arm\u00e9e de volontaires et a cr\u00e9\u00e9&hellip;","og_url":"https:\/\/contactfm72.fr\/?p=11714","og_site_name":"Contact FM 99.3","article_publisher":"https:\/\/www.facebook.com\/Contactfm.Chateauduloir","article_published_time":"2022-11-14T16:00:45+00:00","og_image":[{"width":2048,"height":1536,"url":"https:\/\/contactfm72.fr\/wp-content\/uploads\/2022\/11\/comice-vouvray.jpg","type":"image\/jpeg"}],"author":"Val\u00e9rie C.","twitter_card":"summary_large_image","twitter_creator":"@contactfm72","twitter_site":"@contactfm72","twitter_misc":{"\u00c9crit par":"Val\u00e9rie C.","Dur\u00e9e de lecture estim\u00e9e":"2 minutes"},"schema":{"@context":"https:\/\/schema.org","@graph":[{"@type":"Article","@id":"https:\/\/contactfm72.fr\/?p=11714#article","isPartOf":{"@id":"https:\/\/contactfm72.fr\/?p=11714"},"author":{"name":"Val\u00e9rie C.","@id":"https:\/\/contactfm72.fr\/#\/schema\/person\/9fdc9d1c2eb029354a4f1535b90ba82d"},"headline":"Sud Sarthe : Ils pr\u00e9parent le \u00ab comice vouvraysien \u00bb de 2023","datePublished":"2022-11-14T16:00:45+00:00","mainEntityOfPage":{"@id":"https:\/\/contactfm72.fr\/?p=11714"},"wordCount":433,"publisher":{"@id":"https:\/\/contactfm72.fr\/#organization"},"image":{"@id":"https:\/\/contactfm72.fr\/?p=11714#primaryimage"},"thumbnailUrl":"https:\/\/contactfm72.fr\/wp-content\/uploads\/2022\/11\/comice-vouvray.jpg","articleSection":["Contact FM 72"],"inLanguage":"fr-FR"},{"@type":"WebPage","@id":"https:\/\/contactfm72.fr\/?p=11714","url":"https:\/\/contactfm72.fr\/?p=11714","name":"Sud Sarthe : Ils pr\u00e9parent le \u00ab comice vouvraysien \u00bb de 2023 - Contact FM 99.3","isPartOf":{"@id":"https:\/\/contactfm72.fr\/#website"},"primaryImageOfPage":{"@id":"https:\/\/contactfm72.fr\/?p=11714#primaryimage"},"image":{"@id":"https:\/\/contactfm72.fr\/?p=11714#primaryimage"},"thumbnailUrl":"https:\/\/contactfm72.fr\/wp-content\/uploads\/2022\/11\/comice-vouvray.jpg","datePublished":"2022-11-14T16:00:45+00:00","breadcrumb":{"@id":"https:\/\/contactfm72.fr\/?p=11714#breadcrumb"},"inLanguage":"fr-FR","potentialAction":[{"@type":"ReadAction","target":["https:\/\/contactfm72.fr\/?p=11714"]}]},{"@type":"ImageObject","inLanguage":"fr-FR","@id":"https:\/\/contactfm72.fr\/?p=11714#primaryimage","url":"https:\/\/contactfm72.fr\/wp-content\/uploads\/2022\/11\/comice-vouvray.jpg","contentUrl":"https:\/\/contactfm72.fr\/wp-content\/uploads\/2022\/11\/comice-vouvray.jpg","width":2048,"height":1536,"caption":"Le comit\u00e9 de pilotage du comice agricole cantonale de Ch\u00e2teau-du-Loir, organis\u00e9 \u00e0 Vouvray-sur-Loir, en 2023."},{"@type":"BreadcrumbList","@id":"https:\/\/contactfm72.fr\/?p=11714#breadcrumb","itemListElement":[{"@type":"ListItem","position":1,"name":"Accueil","item":"https:\/\/contactfm72.fr\/"},{"@type":"ListItem","position":2,"name":"Sud Sarthe : Ils pr\u00e9parent le \u00ab comice vouvraysien \u00bb de 2023"}]},{"@type":"WebSite","@id":"https:\/\/contactfm72.fr\/#website","url":"https:\/\/contactfm72.fr\/","name":"Contact FM 99.3","description":"Votre radio en vall\u00e9e du Loir","publisher":{"@id":"https:\/\/contactfm72.fr\/#organization"},"potentialAction":[{"@type":"SearchAction","target":{"@type":"EntryPoint","urlTemplate":"https:\/\/contactfm72.fr\/?s={search_term_string}"},"query-input":{"@type":"PropertyValueSpecification","valueRequired":true,"valueName":"search_term_string"}}],"inLanguage":"fr-FR"},{"@type":"Organization","@id":"https:\/\/contactfm72.fr\/#organization","name":"Contact FM 99.3","url":"https:\/\/contactfm72.fr\/","logo":{"@type":"ImageObject","inLanguage":"fr-FR","@id":"https:\/\/contactfm72.fr\/#\/schema\/logo\/image\/","url":"https:\/\/contactfm72.fr\/wp-content\/uploads\/2025\/04\/2025-04-18-2.jpg","contentUrl":"https:\/\/contactfm72.fr\/wp-content\/uploads\/2025\/04\/2025-04-18-2.jpg","width":680,"height":307,"caption":"Contact FM 99.3"},"image":{"@id":"https:\/\/contactfm72.fr\/#\/schema\/logo\/image\/"},"sameAs":["https:\/\/www.facebook.com\/Contactfm.Chateauduloir","https:\/\/x.com\/contactfm72","https:\/\/www.instagram.com\/contact.fm.72?igsh=cGhlMHQ5N2JlNnpp","https:\/\/www.tiktok.com\/@contact.fm"]},{"@type":"Person","@id":"https:\/\/contactfm72.fr\/#\/schema\/person\/9fdc9d1c2eb029354a4f1535b90ba82d","name":"Val\u00e9rie C.","image":{"@type":"ImageObject","inLanguage":"fr-FR","@id":"https:\/\/secure.gravatar.com\/avatar\/2f8aa28f8dfbd7d4420afd1fdcdd0a349923e2c8a38ab28198b0f9d0601e4737?s=96&d=mm&r=g","url":"https:\/\/secure.gravatar.com\/avatar\/2f8aa28f8dfbd7d4420afd1fdcdd0a349923e2c8a38ab28198b0f9d0601e4737?s=96&d=mm&r=g","contentUrl":"https:\/\/secure.gravatar.com\/avatar\/2f8aa28f8dfbd7d4420afd1fdcdd0a349923e2c8a38ab28198b0f9d0601e4737?s=96&d=mm&r=g","caption":"Val\u00e9rie C."},"url":"https:\/\/contactfm72.fr\/?author=4"}]}},"_links":{"self":[{"href":"https:\/\/contactfm72.fr\/index.php?rest_route=\/wp\/v2\/posts\/11714","targetHints":{"allow":["GET"]}}],"collection":[{"href":"https:\/\/contactfm72.fr\/index.php?rest_route=\/wp\/v2\/posts"}],"about":[{"href":"https:\/\/contactfm72.fr\/index.php?rest_route=\/wp\/v2\/types\/post"}],"author":[{"embeddable":true,"href":"https:\/\/contactfm72.fr\/index.php?rest_route=\/wp\/v2\/users\/4"}],"replies":[{"embeddable":true,"href":"https:\/\/contactfm72.fr\/index.php?rest_route=%2Fwp%2Fv2%2Fcomments&post=11714"}],"version-history":[{"count":2,"href":"https:\/\/contactfm72.fr\/index.php?rest_route=\/wp\/v2\/posts\/11714\/revisions"}],"predecessor-version":[{"id":11741,"href":"https:\/\/contactfm72.fr\/index.php?rest_route=\/wp\/v2\/posts\/11714\/revisions\/11741"}],"wp:featuredmedia":[{"embeddable":true,"href":"https:\/\/contactfm72.fr\/index.php?rest_route=\/wp\/v2\/media\/11715"}],"wp:attachment":[{"href":"https:\/\/contactfm72.fr\/index.php?rest_route=%2Fwp%2Fv2%2Fmedia&parent=11714"}],"wp:term":[{"taxonomy":"category","embeddable":true,"href":"https:\/\/contactfm72.fr\/index.php?rest_route=%2Fwp%2Fv2%2Fcategories&post=11714"},{"taxonomy":"post_tag","embeddable":true,"href":"https:\/\/contactfm72.fr\/index.php?rest_route=%2Fwp%2Fv2%2Ftags&post=11714"}],"curies":[{"name":"wp","href":"https:\/\/api.w.org\/{rel}","templated":true}]}}