{"id":11687,"date":"2022-11-11T16:30:05","date_gmt":"2022-11-11T15:30:05","guid":{"rendered":"http:\/\/contactfm72.fr\/?p=11687"},"modified":"2022-11-09T10:53:03","modified_gmt":"2022-11-09T09:53:03","slug":"luceau-le-club-de-football-sporting-club-luceau-fete-ses-40-ans","status":"publish","type":"post","link":"https:\/\/contactfm72.fr\/?p=11687","title":{"rendered":"Luceau : Le club de football &#8220;Sporting Club Luceau&#8221; f\u00eate ses 40 ans !"},"content":{"rendered":"<h2>Le Sporting Club Luceau f\u00eate ses 40 ans cette ann\u00e9e. R\u00e9trospective sur un club convivial et familial, avec son pr\u00e9sident Alexandre Peltier, et vice-pr\u00e9sident et entra\u00eeneur b\u00e9n\u00e9vole, Pierrick Judon.<\/h2>\n<p>&nbsp;<\/p>\n<p>40 ans de passion autour du ballon rond, \u00e7a se f\u00eate\u00a0! <strong>Alexandre Peltier<\/strong>, pr\u00e9sident du club de football de Luceau, Pierrick Judon, entra\u00eeneur b\u00e9n\u00e9vole et vice-pr\u00e9sident, reviennent sur 40 ans d\u2019histoire du \u00ab SC Luceau \u00bb et ambitionnent de continuer sur leur tr\u00e8s bonne dynamique.<\/p>\n<p>Exceptionnellement cette ann\u00e9e, le club organise une f\u00eate \u00e0 l\u2019occasion de son anniversaire et a convi\u00e9 anciens joueurs, pr\u00e9sidents et dirigeants. \u00ab Depuis sa cr\u00e9ation, le club compte seulement huit pr\u00e9sidents diff\u00e9rents \u00bb, confie le jeune pr\u00e9sident.<\/p>\n<p>&nbsp;<\/p>\n<h3><strong>Anecdotes<\/strong><\/h3>\n<p>Les 40 ans du SC Luceau sont synonymes de r\u00e9trospective sur l\u2019\u00e9volution de ce club portant fi\u00e8rement le blanc et le violet.<\/p>\n<blockquote><p>\u00ab\u00a0Depuis quelques jours, nous diffusons les photos de groupe des saisons pr\u00e9c\u00e9dentes sur notre page Facebook. Les personnes s\u2019amusent \u00e0 retrouver les autres, \u00e7a rappelle beaucoup de souvenirs\u00a0\u00bb, d\u00e9livre un brin nostalgique l\u2019entra\u00eeneur. \u00ab\u00a0Le club a \u00e9t\u00e9 cr\u00e9\u00e9 en 1982. \u00c0 l\u2019\u00e9poque, les joueurs n\u2019avaient pas de vestiaire, ils se lavaient dans la rivi\u00e8re pr\u00e8s du stade et se changeaient derri\u00e8re les voitures. On est arriv\u00e9 en 1992 au stade Pierre H\u00e9risse\u00a0\u00bb, se rappelle Pierrick Judon.<\/p><\/blockquote>\n<p>&nbsp;<\/p>\n<h3><strong>Travaux et entretiens<\/strong><\/h3>\n<p>Le club a le soutien de la municipalit\u00e9, et en ce sens, des travaux ont \u00e9t\u00e9 effectu\u00e9s dans l\u2019enceinte du SCL. <strong>D\u00e9compactage<\/strong> qui consiste \u00e0 mettre du sable sur le terrain, et <strong>semage de gazon<\/strong> qui permet d\u2019absorber l\u2019eau et ne pas cr\u00e9er de boue, le club aimerait de nouveaux travaux mais se contente de ce qu\u2019ils ont :<\/p>\n<blockquote><p>\u00ab On attend encore l\u2019arroseur. On fait avec ce qu\u2019on a, comme pour la machine \u00e0 tracer les lignes qu\u2019on a confectionn\u00e9e nous-m\u00eames \u00bb, poursuivent les passionn\u00e9s. \u00ab Aujourd\u2019hui, nous n\u2019avons que deux vestiaires. La municipalit\u00e9 a install\u00e9 deux pr\u00e9fabriqu\u00e9s avec chauffage que nous avons peint aux couleurs du club \u00bb.<\/p><\/blockquote>\n<p>&nbsp;<\/p>\n<h3><strong>Une belle g\u00e9n\u00e9ration \u00e0 suivre<\/strong><\/h3>\n<p>Le club se \u00ab\u00a0d\u00e9brouille\u00a0\u00bb avec ses moyens, et affiche pourtant une tr\u00e8s belle \u00e9volution. Pierrick Judon l\u2019assure\u00a0: \u00ab\u00a0Plus nous progressons, plus nous devons structurer le club et encadrer les jeunes\u00a0\u00bb. Effectivement, le SC Luceau compte pr\u00e8s de 80 licenci\u00e9s\u00a0pour une moyenne d\u2019\u00e2ge de 22 ans. Avec <strong>deux \u00e9quipes s\u00e9niors<\/strong> \u00e9voluant en 2\u00e8 et 4\u00e8 division, une \u00e9quipe f\u00e9minine qui reprendra les entra\u00eenements en janvier 2023, et une entente des U7 \u00e0 U18 avec les clubs de Vaas et Aubign\u00e9-Racan qui \u00e9voluera en <strong>groupement<\/strong>, le pr\u00e9sident confie qu\u2019ils sont \u00ab\u00a0en recherche de f\u00e9minine pour compl\u00e9ter l\u2019effectif afin d\u2019\u00eatre confortable\u00a0\u00bb.<\/p>\n<blockquote><p>Pierrick Judon, entra\u00eeneur des s\u00e9niors, ajoute\u00a0: \u00ab\u00a0Nous faisons un d\u00e9but de saison correct. On vise le maintien pour la A et la mont\u00e9e pour la B.\u00a0Nous avons une tr\u00e8s bonne g\u00e9n\u00e9ration de U18, nos futurs s\u00e9niors. C\u2019est tr\u00e8s bien pour le club, la rel\u00e8ve est l\u00e0\u00a0\u00bb.<\/p><\/blockquote>\n<p>&nbsp;<\/p>\n<h3><strong>Une future boutique<\/strong><\/h3>\n<p>Derni\u00e8re nouveaut\u00e9 au SC Luceau, le recrutement d\u2019un stagiaire. Le pr\u00e9sident pr\u00e9cise : \u00ab Louka est notre gardien et \u00e9tudiant en 2\u00e8 ann\u00e9e de BTS en vente et relation client \u00e0 <strong>Angers<\/strong>. Dans le cadre de ses \u00e9tudes, il devait effectuer un stage. On a d\u00e9cid\u00e9 de le recruter afin qu\u2019il cr\u00e9\u00e9 et d\u00e9veloppe notre boutique en ligne et recherche de futurs partenariats \u00bb. Le SC Luceau compte perdurer sur cette lanc\u00e9e et remplir les objectifs de la saison.<\/p>\n<!-- AddThis Advanced Settings generic via filter on the_content --><!-- AddThis Share Buttons generic via filter on the_content -->","protected":false},"excerpt":{"rendered":"<p>Le Sporting Club Luceau f\u00eate ses 40 ans cette ann\u00e9e. R\u00e9trospective sur un club convivial et familial, avec son pr\u00e9sident Alexandre Peltier, et vice-pr\u00e9sident et entra\u00eeneur b\u00e9n\u00e9vole, Pierrick Judon. &nbsp; 40 ans de passion autour du ballon rond, \u00e7a se f\u00eate\u00a0! Alexandre Peltier, pr\u00e9sident du club de football de Luceau, Pierrick Judon, entra\u00eeneur b\u00e9n\u00e9vole et&hellip;<!-- AddThis Advanced Settings generic via filter on get_the_excerpt --><!-- AddThis Share Buttons generic via filter on get_the_excerpt --><\/p>\n","protected":false},"author":4,"featured_media":11688,"comment_status":"closed","ping_status":"open","sticky":false,"template":"","format":"standard","meta":{"footnotes":""},"categories":[1],"tags":[],"class_list":["post-11687","post","type-post","status-publish","format-standard","has-post-thumbnail","hentry","category-contact-fm-72","category-1","description-off"],"yoast_head":"<!-- This site is optimized with the Yoast SEO plugin v27.4 - https:\/\/yoast.com\/product\/yoast-seo-wordpress\/ -->\n<title>Luceau : Le club de football &quot;Sporting Club Luceau&quot; f\u00eate ses 40 ans ! - Contact FM 99.3<\/title>\n<meta name=\"robots\" content=\"index, follow, max-snippet:-1, max-image-preview:large, max-video-preview:-1\" \/>\n<link rel=\"canonical\" href=\"https:\/\/contactfm72.fr\/?p=11687\" \/>\n<meta property=\"og:locale\" content=\"fr_FR\" \/>\n<meta property=\"og:type\" content=\"article\" \/>\n<meta property=\"og:title\" content=\"Luceau : Le club de football &quot;Sporting Club Luceau&quot; f\u00eate ses 40 ans ! - Contact FM 99.3\" \/>\n<meta property=\"og:description\" content=\"Le Sporting Club Luceau f\u00eate ses 40 ans cette ann\u00e9e. R\u00e9trospective sur un club convivial et familial, avec son pr\u00e9sident Alexandre Peltier, et vice-pr\u00e9sident et entra\u00eeneur b\u00e9n\u00e9vole, Pierrick Judon. &nbsp; 40 ans de passion autour du ballon rond, \u00e7a se f\u00eate\u00a0! Alexandre Peltier, pr\u00e9sident du club de football de Luceau, Pierrick Judon, entra\u00eeneur b\u00e9n\u00e9vole et&hellip;\" \/>\n<meta property=\"og:url\" content=\"https:\/\/contactfm72.fr\/?p=11687\" \/>\n<meta property=\"og:site_name\" content=\"Contact FM 99.3\" \/>\n<meta property=\"article:publisher\" content=\"https:\/\/www.facebook.com\/Contactfm.Chateauduloir\" \/>\n<meta property=\"article:published_time\" content=\"2022-11-11T15:30:05+00:00\" \/>\n<meta property=\"og:image\" content=\"https:\/\/contactfm72.fr\/wp-content\/uploads\/2022\/11\/SCL.jpg\" \/>\n\t<meta property=\"og:image:width\" content=\"2048\" \/>\n\t<meta property=\"og:image:height\" content=\"1536\" \/>\n\t<meta property=\"og:image:type\" content=\"image\/jpeg\" \/>\n<meta name=\"author\" content=\"Val\u00e9rie C.\" \/>\n<meta name=\"twitter:card\" content=\"summary_large_image\" \/>\n<meta name=\"twitter:creator\" content=\"@contactfm72\" \/>\n<meta name=\"twitter:site\" content=\"@contactfm72\" \/>\n<meta name=\"twitter:label1\" content=\"\u00c9crit par\" \/>\n\t<meta name=\"twitter:data1\" content=\"Val\u00e9rie C.\" \/>\n\t<meta name=\"twitter:label2\" content=\"Dur\u00e9e de lecture estim\u00e9e\" \/>\n\t<meta name=\"twitter:data2\" content=\"3 minutes\" \/>\n<script type=\"application\/ld+json\" class=\"yoast-schema-graph\">{\"@context\":\"https:\\\/\\\/schema.org\",\"@graph\":[{\"@type\":\"Article\",\"@id\":\"https:\\\/\\\/contactfm72.fr\\\/?p=11687#article\",\"isPartOf\":{\"@id\":\"https:\\\/\\\/contactfm72.fr\\\/?p=11687\"},\"author\":{\"name\":\"Val\u00e9rie C.\",\"@id\":\"https:\\\/\\\/contactfm72.fr\\\/#\\\/schema\\\/person\\\/9fdc9d1c2eb029354a4f1535b90ba82d\"},\"headline\":\"Luceau : Le club de football &#8220;Sporting Club Luceau&#8221; f\u00eate ses 40 ans !\",\"datePublished\":\"2022-11-11T15:30:05+00:00\",\"mainEntityOfPage\":{\"@id\":\"https:\\\/\\\/contactfm72.fr\\\/?p=11687\"},\"wordCount\":635,\"publisher\":{\"@id\":\"https:\\\/\\\/contactfm72.fr\\\/#organization\"},\"image\":{\"@id\":\"https:\\\/\\\/contactfm72.fr\\\/?p=11687#primaryimage\"},\"thumbnailUrl\":\"https:\\\/\\\/contactfm72.fr\\\/wp-content\\\/uploads\\\/2022\\\/11\\\/SCL.jpg\",\"articleSection\":[\"Contact FM 72\"],\"inLanguage\":\"fr-FR\"},{\"@type\":\"WebPage\",\"@id\":\"https:\\\/\\\/contactfm72.fr\\\/?p=11687\",\"url\":\"https:\\\/\\\/contactfm72.fr\\\/?p=11687\",\"name\":\"Luceau : Le club de football \\\"Sporting Club Luceau\\\" f\u00eate ses 40 ans ! - Contact FM 99.3\",\"isPartOf\":{\"@id\":\"https:\\\/\\\/contactfm72.fr\\\/#website\"},\"primaryImageOfPage\":{\"@id\":\"https:\\\/\\\/contactfm72.fr\\\/?p=11687#primaryimage\"},\"image\":{\"@id\":\"https:\\\/\\\/contactfm72.fr\\\/?p=11687#primaryimage\"},\"thumbnailUrl\":\"https:\\\/\\\/contactfm72.fr\\\/wp-content\\\/uploads\\\/2022\\\/11\\\/SCL.jpg\",\"datePublished\":\"2022-11-11T15:30:05+00:00\",\"breadcrumb\":{\"@id\":\"https:\\\/\\\/contactfm72.fr\\\/?p=11687#breadcrumb\"},\"inLanguage\":\"fr-FR\",\"potentialAction\":[{\"@type\":\"ReadAction\",\"target\":[\"https:\\\/\\\/contactfm72.fr\\\/?p=11687\"]}]},{\"@type\":\"ImageObject\",\"inLanguage\":\"fr-FR\",\"@id\":\"https:\\\/\\\/contactfm72.fr\\\/?p=11687#primaryimage\",\"url\":\"https:\\\/\\\/contactfm72.fr\\\/wp-content\\\/uploads\\\/2022\\\/11\\\/SCL.jpg\",\"contentUrl\":\"https:\\\/\\\/contactfm72.fr\\\/wp-content\\\/uploads\\\/2022\\\/11\\\/SCL.jpg\",\"width\":2048,\"height\":1536,\"caption\":\"De g. \u00e0 dr. Pierrick Judon, Alexandre Peltier, et Louka, stagiaire au sein du club.\"},{\"@type\":\"BreadcrumbList\",\"@id\":\"https:\\\/\\\/contactfm72.fr\\\/?p=11687#breadcrumb\",\"itemListElement\":[{\"@type\":\"ListItem\",\"position\":1,\"name\":\"Accueil\",\"item\":\"https:\\\/\\\/contactfm72.fr\\\/\"},{\"@type\":\"ListItem\",\"position\":2,\"name\":\"Luceau : Le club de football &#8220;Sporting Club Luceau&#8221; f\u00eate ses 40 ans !\"}]},{\"@type\":\"WebSite\",\"@id\":\"https:\\\/\\\/contactfm72.fr\\\/#website\",\"url\":\"https:\\\/\\\/contactfm72.fr\\\/\",\"name\":\"Contact FM 99.3\",\"description\":\"Votre radio en vall\u00e9e du Loir\",\"publisher\":{\"@id\":\"https:\\\/\\\/contactfm72.fr\\\/#organization\"},\"potentialAction\":[{\"@type\":\"SearchAction\",\"target\":{\"@type\":\"EntryPoint\",\"urlTemplate\":\"https:\\\/\\\/contactfm72.fr\\\/?s={search_term_string}\"},\"query-input\":{\"@type\":\"PropertyValueSpecification\",\"valueRequired\":true,\"valueName\":\"search_term_string\"}}],\"inLanguage\":\"fr-FR\"},{\"@type\":\"Organization\",\"@id\":\"https:\\\/\\\/contactfm72.fr\\\/#organization\",\"name\":\"Contact FM 99.3\",\"url\":\"https:\\\/\\\/contactfm72.fr\\\/\",\"logo\":{\"@type\":\"ImageObject\",\"inLanguage\":\"fr-FR\",\"@id\":\"https:\\\/\\\/contactfm72.fr\\\/#\\\/schema\\\/logo\\\/image\\\/\",\"url\":\"https:\\\/\\\/contactfm72.fr\\\/wp-content\\\/uploads\\\/2025\\\/04\\\/2025-04-18-2.jpg\",\"contentUrl\":\"https:\\\/\\\/contactfm72.fr\\\/wp-content\\\/uploads\\\/2025\\\/04\\\/2025-04-18-2.jpg\",\"width\":680,\"height\":307,\"caption\":\"Contact FM 99.3\"},\"image\":{\"@id\":\"https:\\\/\\\/contactfm72.fr\\\/#\\\/schema\\\/logo\\\/image\\\/\"},\"sameAs\":[\"https:\\\/\\\/www.facebook.com\\\/Contactfm.Chateauduloir\",\"https:\\\/\\\/x.com\\\/contactfm72\",\"https:\\\/\\\/www.instagram.com\\\/contact.fm.72?igsh=cGhlMHQ5N2JlNnpp\",\"https:\\\/\\\/www.tiktok.com\\\/@contact.fm\"]},{\"@type\":\"Person\",\"@id\":\"https:\\\/\\\/contactfm72.fr\\\/#\\\/schema\\\/person\\\/9fdc9d1c2eb029354a4f1535b90ba82d\",\"name\":\"Val\u00e9rie C.\",\"image\":{\"@type\":\"ImageObject\",\"inLanguage\":\"fr-FR\",\"@id\":\"https:\\\/\\\/secure.gravatar.com\\\/avatar\\\/2f8aa28f8dfbd7d4420afd1fdcdd0a349923e2c8a38ab28198b0f9d0601e4737?s=96&d=mm&r=g\",\"url\":\"https:\\\/\\\/secure.gravatar.com\\\/avatar\\\/2f8aa28f8dfbd7d4420afd1fdcdd0a349923e2c8a38ab28198b0f9d0601e4737?s=96&d=mm&r=g\",\"contentUrl\":\"https:\\\/\\\/secure.gravatar.com\\\/avatar\\\/2f8aa28f8dfbd7d4420afd1fdcdd0a349923e2c8a38ab28198b0f9d0601e4737?s=96&d=mm&r=g\",\"caption\":\"Val\u00e9rie C.\"},\"url\":\"https:\\\/\\\/contactfm72.fr\\\/?author=4\"}]}<\/script>\n<!-- \/ Yoast SEO plugin. -->","yoast_head_json":{"title":"Luceau : Le club de football \"Sporting Club Luceau\" f\u00eate ses 40 ans ! - Contact FM 99.3","robots":{"index":"index","follow":"follow","max-snippet":"max-snippet:-1","max-image-preview":"max-image-preview:large","max-video-preview":"max-video-preview:-1"},"canonical":"https:\/\/contactfm72.fr\/?p=11687","og_locale":"fr_FR","og_type":"article","og_title":"Luceau : Le club de football \"Sporting Club Luceau\" f\u00eate ses 40 ans ! - Contact FM 99.3","og_description":"Le Sporting Club Luceau f\u00eate ses 40 ans cette ann\u00e9e. R\u00e9trospective sur un club convivial et familial, avec son pr\u00e9sident Alexandre Peltier, et vice-pr\u00e9sident et entra\u00eeneur b\u00e9n\u00e9vole, Pierrick Judon. &nbsp; 40 ans de passion autour du ballon rond, \u00e7a se f\u00eate\u00a0! Alexandre Peltier, pr\u00e9sident du club de football de Luceau, Pierrick Judon, entra\u00eeneur b\u00e9n\u00e9vole et&hellip;","og_url":"https:\/\/contactfm72.fr\/?p=11687","og_site_name":"Contact FM 99.3","article_publisher":"https:\/\/www.facebook.com\/Contactfm.Chateauduloir","article_published_time":"2022-11-11T15:30:05+00:00","og_image":[{"width":2048,"height":1536,"url":"https:\/\/contactfm72.fr\/wp-content\/uploads\/2022\/11\/SCL.jpg","type":"image\/jpeg"}],"author":"Val\u00e9rie C.","twitter_card":"summary_large_image","twitter_creator":"@contactfm72","twitter_site":"@contactfm72","twitter_misc":{"\u00c9crit par":"Val\u00e9rie C.","Dur\u00e9e de lecture estim\u00e9e":"3 minutes"},"schema":{"@context":"https:\/\/schema.org","@graph":[{"@type":"Article","@id":"https:\/\/contactfm72.fr\/?p=11687#article","isPartOf":{"@id":"https:\/\/contactfm72.fr\/?p=11687"},"author":{"name":"Val\u00e9rie C.","@id":"https:\/\/contactfm72.fr\/#\/schema\/person\/9fdc9d1c2eb029354a4f1535b90ba82d"},"headline":"Luceau : Le club de football &#8220;Sporting Club Luceau&#8221; f\u00eate ses 40 ans !","datePublished":"2022-11-11T15:30:05+00:00","mainEntityOfPage":{"@id":"https:\/\/contactfm72.fr\/?p=11687"},"wordCount":635,"publisher":{"@id":"https:\/\/contactfm72.fr\/#organization"},"image":{"@id":"https:\/\/contactfm72.fr\/?p=11687#primaryimage"},"thumbnailUrl":"https:\/\/contactfm72.fr\/wp-content\/uploads\/2022\/11\/SCL.jpg","articleSection":["Contact FM 72"],"inLanguage":"fr-FR"},{"@type":"WebPage","@id":"https:\/\/contactfm72.fr\/?p=11687","url":"https:\/\/contactfm72.fr\/?p=11687","name":"Luceau : Le club de football \"Sporting Club Luceau\" f\u00eate ses 40 ans ! - Contact FM 99.3","isPartOf":{"@id":"https:\/\/contactfm72.fr\/#website"},"primaryImageOfPage":{"@id":"https:\/\/contactfm72.fr\/?p=11687#primaryimage"},"image":{"@id":"https:\/\/contactfm72.fr\/?p=11687#primaryimage"},"thumbnailUrl":"https:\/\/contactfm72.fr\/wp-content\/uploads\/2022\/11\/SCL.jpg","datePublished":"2022-11-11T15:30:05+00:00","breadcrumb":{"@id":"https:\/\/contactfm72.fr\/?p=11687#breadcrumb"},"inLanguage":"fr-FR","potentialAction":[{"@type":"ReadAction","target":["https:\/\/contactfm72.fr\/?p=11687"]}]},{"@type":"ImageObject","inLanguage":"fr-FR","@id":"https:\/\/contactfm72.fr\/?p=11687#primaryimage","url":"https:\/\/contactfm72.fr\/wp-content\/uploads\/2022\/11\/SCL.jpg","contentUrl":"https:\/\/contactfm72.fr\/wp-content\/uploads\/2022\/11\/SCL.jpg","width":2048,"height":1536,"caption":"De g. \u00e0 dr. Pierrick Judon, Alexandre Peltier, et Louka, stagiaire au sein du club."},{"@type":"BreadcrumbList","@id":"https:\/\/contactfm72.fr\/?p=11687#breadcrumb","itemListElement":[{"@type":"ListItem","position":1,"name":"Accueil","item":"https:\/\/contactfm72.fr\/"},{"@type":"ListItem","position":2,"name":"Luceau : Le club de football &#8220;Sporting Club Luceau&#8221; f\u00eate ses 40 ans !"}]},{"@type":"WebSite","@id":"https:\/\/contactfm72.fr\/#website","url":"https:\/\/contactfm72.fr\/","name":"Contact FM 99.3","description":"Votre radio en vall\u00e9e du Loir","publisher":{"@id":"https:\/\/contactfm72.fr\/#organization"},"potentialAction":[{"@type":"SearchAction","target":{"@type":"EntryPoint","urlTemplate":"https:\/\/contactfm72.fr\/?s={search_term_string}"},"query-input":{"@type":"PropertyValueSpecification","valueRequired":true,"valueName":"search_term_string"}}],"inLanguage":"fr-FR"},{"@type":"Organization","@id":"https:\/\/contactfm72.fr\/#organization","name":"Contact FM 99.3","url":"https:\/\/contactfm72.fr\/","logo":{"@type":"ImageObject","inLanguage":"fr-FR","@id":"https:\/\/contactfm72.fr\/#\/schema\/logo\/image\/","url":"https:\/\/contactfm72.fr\/wp-content\/uploads\/2025\/04\/2025-04-18-2.jpg","contentUrl":"https:\/\/contactfm72.fr\/wp-content\/uploads\/2025\/04\/2025-04-18-2.jpg","width":680,"height":307,"caption":"Contact FM 99.3"},"image":{"@id":"https:\/\/contactfm72.fr\/#\/schema\/logo\/image\/"},"sameAs":["https:\/\/www.facebook.com\/Contactfm.Chateauduloir","https:\/\/x.com\/contactfm72","https:\/\/www.instagram.com\/contact.fm.72?igsh=cGhlMHQ5N2JlNnpp","https:\/\/www.tiktok.com\/@contact.fm"]},{"@type":"Person","@id":"https:\/\/contactfm72.fr\/#\/schema\/person\/9fdc9d1c2eb029354a4f1535b90ba82d","name":"Val\u00e9rie C.","image":{"@type":"ImageObject","inLanguage":"fr-FR","@id":"https:\/\/secure.gravatar.com\/avatar\/2f8aa28f8dfbd7d4420afd1fdcdd0a349923e2c8a38ab28198b0f9d0601e4737?s=96&d=mm&r=g","url":"https:\/\/secure.gravatar.com\/avatar\/2f8aa28f8dfbd7d4420afd1fdcdd0a349923e2c8a38ab28198b0f9d0601e4737?s=96&d=mm&r=g","contentUrl":"https:\/\/secure.gravatar.com\/avatar\/2f8aa28f8dfbd7d4420afd1fdcdd0a349923e2c8a38ab28198b0f9d0601e4737?s=96&d=mm&r=g","caption":"Val\u00e9rie C."},"url":"https:\/\/contactfm72.fr\/?author=4"}]}},"_links":{"self":[{"href":"https:\/\/contactfm72.fr\/index.php?rest_route=\/wp\/v2\/posts\/11687","targetHints":{"allow":["GET"]}}],"collection":[{"href":"https:\/\/contactfm72.fr\/index.php?rest_route=\/wp\/v2\/posts"}],"about":[{"href":"https:\/\/contactfm72.fr\/index.php?rest_route=\/wp\/v2\/types\/post"}],"author":[{"embeddable":true,"href":"https:\/\/contactfm72.fr\/index.php?rest_route=\/wp\/v2\/users\/4"}],"replies":[{"embeddable":true,"href":"https:\/\/contactfm72.fr\/index.php?rest_route=%2Fwp%2Fv2%2Fcomments&post=11687"}],"version-history":[{"count":1,"href":"https:\/\/contactfm72.fr\/index.php?rest_route=\/wp\/v2\/posts\/11687\/revisions"}],"predecessor-version":[{"id":11689,"href":"https:\/\/contactfm72.fr\/index.php?rest_route=\/wp\/v2\/posts\/11687\/revisions\/11689"}],"wp:featuredmedia":[{"embeddable":true,"href":"https:\/\/contactfm72.fr\/index.php?rest_route=\/wp\/v2\/media\/11688"}],"wp:attachment":[{"href":"https:\/\/contactfm72.fr\/index.php?rest_route=%2Fwp%2Fv2%2Fmedia&parent=11687"}],"wp:term":[{"taxonomy":"category","embeddable":true,"href":"https:\/\/contactfm72.fr\/index.php?rest_route=%2Fwp%2Fv2%2Fcategories&post=11687"},{"taxonomy":"post_tag","embeddable":true,"href":"https:\/\/contactfm72.fr\/index.php?rest_route=%2Fwp%2Fv2%2Ftags&post=11687"}],"curies":[{"name":"wp","href":"https:\/\/api.w.org\/{rel}","templated":true}]}}