{"id":11653,"date":"2022-11-18T11:00:13","date_gmt":"2022-11-18T10:00:13","guid":{"rendered":"http:\/\/contactfm72.fr\/?p=11653"},"modified":"2022-11-08T09:33:12","modified_gmt":"2022-11-08T08:33:12","slug":"violences-faites-aux-femmes-le-coc-karate-organise-une-initiation-a-la-self-defense","status":"publish","type":"post","link":"https:\/\/contactfm72.fr\/?p=11653","title":{"rendered":"Violences faites aux femmes : Le COC Karat\u00e9 organise une initiation \u00e0 la self-d\u00e9fense"},"content":{"rendered":"<h2 class=\"Standard\">Dans le cadre de la journ\u00e9e internationale de lutte contre les violences faites aux femmes, le COC Karat\u00e9 organise, le samedi 19 novembre au Dojo de Ch\u00e2teau-du-Loir, une initiation \u00e0 la self-d\u00e9fense.<\/h2>\n<p class=\"Standard\">\n<p class=\"Standard\">\n<p class=\"Standard\">Le 25 novembre a lieu la journ\u00e9e internationale de lutte contre les violences faites aux femmes. A cette occasion, le <strong>COC Karat\u00e9<\/strong> organise, le samedi 19 novembre au Dojo de <strong>Ch\u00e2teau-du-Loir<\/strong>, dans le sud <strong>Sarthe<\/strong>, une initiation \u00e0 la self-d\u00e9fense et un \u00e9change, en pr\u00e9sence d&#8217;une triple championne du monde karat\u00e9 et un instructeur ceinture noire de kick-boxing.<\/p>\n<p class=\"Standard\">\n<p class=\"Standard\">Bernadette Bignon, secr\u00e9taire du club, explique la gen\u00e8se de l&#8217;\u00e9v\u00e8nement\u00a0:<\/p>\n<blockquote>\n<p class=\"Standard\">\u00ab\u00a0C&#8217;est une action \u00e0 l&#8217;initiative du d\u00e9partement et de Samoura\u00ef 2000. Les clubs sarthois de karat\u00e9 ont tous d\u00e9j\u00e0 organis\u00e9 une journ\u00e9e similaire par le pass\u00e9. C&#8217;est la premi\u00e8re fois pour nous\u00a0\u00bb.<\/p>\n<\/blockquote>\n<p class=\"Standard\">\n<h3 class=\"Standard\"><b>Avec des champions<\/b><\/h3>\n<p class=\"Standard\">Le but de cet apr\u00e8s-midi est simplement de sensibiliser les femmes et les hommes face \u00e0 ce fl\u00e9au devenu un v\u00e9ritable enjeu de soci\u00e9t\u00e9.<\/p>\n<blockquote>\n<p class=\"Standard\">\u00ab\u00a0Par l&#8217;interm\u00e9diaire de cette sensibilisation, nous faisons d\u00e9couvrir notre pratique\u00a0\u00bb, ajoute Bernadette Bignon.<\/p>\n<\/blockquote>\n<p class=\"Standard\">Cet atelier d&#8217;initiation \u00e0 la self-d\u00e9fense sera anim\u00e9 par deux pointures\u00a0: <strong>Le\u00efla Heurtault et Emmanuel Coudreuse<\/strong>. La premi\u00e8re est trois fois championnes du monde, a particip\u00e9 aux <strong>Jeux Olympiques de Tokyo<\/strong> et compte plus de 10 ann\u00e9es dans l&#8217;\u00e9quipe de France de karat\u00e9. Le second est ceinture noire de kick boxing, instructeur kali philippin 3\u00e8 dan, et de self-d\u00e9fense\/b\u00e2ton \u00ab\u00a0tonfa\u00a0\u00bb. De quoi s&#8217;assurer de repartir de cette initiation avec de bonnes bases en self-d\u00e9fense.<\/p>\n<p class=\"Standard\">\n<h3 class=\"Standard\"><b>Attirer les femmes dans leur club<\/b><\/h3>\n<blockquote>\n<p class=\"Standard\">\u00ab Le COC Karat\u00e9 se porte tr\u00e8s bien. Nous sommes 74, de 4 \u00e0 74 ans. Nous avons beaucoup d&#8217;enfants licenci\u00e9s, mais tr\u00e8s peu de femmes. On esp\u00e8re que cet atelier fera na\u00eetre des vocations \u00bb, confie Bernadette Bignon.<\/p>\n<\/blockquote>\n<p class=\"Standard\">Les karat\u00e9kas esp\u00e8rent un large public, \u00e0 la hauteur de la cause d\u00e9fendue et de ses animateurs du jour.<\/p>\n<p class=\"Standard\">\n<h5 class=\"Standard\"><\/h5>\n<h5 class=\"Standard\">Infos pratiques\u00a0: Initiation self-d\u00e9fense de 14 h 30 \u00e0 16 h, puis \u00e9change libre de 16 h \u00e0 16 h 30, au dojo de Ch\u00e2teau-du-Loir, rue des Paumons, le samedi 19 novembre. Gratuit et ouvert \u00e0 tous, inscription conseill\u00e9e au 06 02 11 77 52. Pour hommes et femmes \u00e2g\u00e9s de plus de 14 ans, et mineurs accompagn\u00e9s.<\/h5>\n<p class=\"Standard\">\n<!-- AddThis Advanced Settings generic via filter on the_content --><!-- AddThis Share Buttons generic via filter on the_content -->","protected":false},"excerpt":{"rendered":"<p>Dans le cadre de la journ\u00e9e internationale de lutte contre les violences faites aux femmes, le COC Karat\u00e9 organise, le samedi 19 novembre au Dojo de Ch\u00e2teau-du-Loir, une initiation \u00e0 la self-d\u00e9fense. Le 25 novembre a lieu la journ\u00e9e internationale de lutte contre les violences faites aux femmes. A cette occasion, le COC Karat\u00e9 organise,&hellip;<!-- AddThis Advanced Settings generic via filter on get_the_excerpt --><!-- AddThis Share Buttons generic via filter on get_the_excerpt --><\/p>\n","protected":false},"author":4,"featured_media":11654,"comment_status":"closed","ping_status":"open","sticky":false,"template":"","format":"standard","meta":{"footnotes":""},"categories":[1],"tags":[],"class_list":["post-11653","post","type-post","status-publish","format-standard","has-post-thumbnail","hentry","category-contact-fm-72","category-1","description-off"],"yoast_head":"<!-- This site is optimized with the Yoast SEO plugin v27.4 - https:\/\/yoast.com\/product\/yoast-seo-wordpress\/ -->\n<title>Violences faites aux femmes : Le COC Karat\u00e9 organise une initiation \u00e0 la self-d\u00e9fense - Contact FM 99.3<\/title>\n<meta name=\"robots\" content=\"index, follow, max-snippet:-1, max-image-preview:large, max-video-preview:-1\" \/>\n<link rel=\"canonical\" href=\"https:\/\/contactfm72.fr\/?p=11653\" \/>\n<meta property=\"og:locale\" content=\"fr_FR\" \/>\n<meta property=\"og:type\" content=\"article\" \/>\n<meta property=\"og:title\" content=\"Violences faites aux femmes : Le COC Karat\u00e9 organise une initiation \u00e0 la self-d\u00e9fense - Contact FM 99.3\" \/>\n<meta property=\"og:description\" content=\"Dans le cadre de la journ\u00e9e internationale de lutte contre les violences faites aux femmes, le COC Karat\u00e9 organise, le samedi 19 novembre au Dojo de Ch\u00e2teau-du-Loir, une initiation \u00e0 la self-d\u00e9fense. Le 25 novembre a lieu la journ\u00e9e internationale de lutte contre les violences faites aux femmes. A cette occasion, le COC Karat\u00e9 organise,&hellip;\" \/>\n<meta property=\"og:url\" content=\"https:\/\/contactfm72.fr\/?p=11653\" \/>\n<meta property=\"og:site_name\" content=\"Contact FM 99.3\" \/>\n<meta property=\"article:publisher\" content=\"https:\/\/www.facebook.com\/Contactfm.Chateauduloir\" \/>\n<meta property=\"article:published_time\" content=\"2022-11-18T10:00:13+00:00\" \/>\n<meta property=\"og:image\" content=\"https:\/\/contactfm72.fr\/wp-content\/uploads\/2022\/11\/karat\u00e9.jpg\" \/>\n\t<meta property=\"og:image:width\" content=\"2047\" \/>\n\t<meta property=\"og:image:height\" content=\"1262\" \/>\n\t<meta property=\"og:image:type\" content=\"image\/jpeg\" \/>\n<meta name=\"author\" content=\"Val\u00e9rie C.\" \/>\n<meta name=\"twitter:card\" content=\"summary_large_image\" \/>\n<meta name=\"twitter:creator\" content=\"@contactfm72\" \/>\n<meta name=\"twitter:site\" content=\"@contactfm72\" \/>\n<meta name=\"twitter:label1\" content=\"\u00c9crit par\" \/>\n\t<meta name=\"twitter:data1\" content=\"Val\u00e9rie C.\" \/>\n\t<meta name=\"twitter:label2\" content=\"Dur\u00e9e de lecture estim\u00e9e\" \/>\n\t<meta name=\"twitter:data2\" content=\"2 minutes\" \/>\n<script type=\"application\/ld+json\" class=\"yoast-schema-graph\">{\"@context\":\"https:\\\/\\\/schema.org\",\"@graph\":[{\"@type\":\"Article\",\"@id\":\"https:\\\/\\\/contactfm72.fr\\\/?p=11653#article\",\"isPartOf\":{\"@id\":\"https:\\\/\\\/contactfm72.fr\\\/?p=11653\"},\"author\":{\"name\":\"Val\u00e9rie C.\",\"@id\":\"https:\\\/\\\/contactfm72.fr\\\/#\\\/schema\\\/person\\\/9fdc9d1c2eb029354a4f1535b90ba82d\"},\"headline\":\"Violences faites aux femmes : Le COC Karat\u00e9 organise une initiation \u00e0 la self-d\u00e9fense\",\"datePublished\":\"2022-11-18T10:00:13+00:00\",\"mainEntityOfPage\":{\"@id\":\"https:\\\/\\\/contactfm72.fr\\\/?p=11653\"},\"wordCount\":398,\"publisher\":{\"@id\":\"https:\\\/\\\/contactfm72.fr\\\/#organization\"},\"image\":{\"@id\":\"https:\\\/\\\/contactfm72.fr\\\/?p=11653#primaryimage\"},\"thumbnailUrl\":\"https:\\\/\\\/contactfm72.fr\\\/wp-content\\\/uploads\\\/2022\\\/11\\\/karat\u00e9.jpg\",\"articleSection\":[\"Contact FM 72\"],\"inLanguage\":\"fr-FR\"},{\"@type\":\"WebPage\",\"@id\":\"https:\\\/\\\/contactfm72.fr\\\/?p=11653\",\"url\":\"https:\\\/\\\/contactfm72.fr\\\/?p=11653\",\"name\":\"Violences faites aux femmes : Le COC Karat\u00e9 organise une initiation \u00e0 la self-d\u00e9fense - Contact FM 99.3\",\"isPartOf\":{\"@id\":\"https:\\\/\\\/contactfm72.fr\\\/#website\"},\"primaryImageOfPage\":{\"@id\":\"https:\\\/\\\/contactfm72.fr\\\/?p=11653#primaryimage\"},\"image\":{\"@id\":\"https:\\\/\\\/contactfm72.fr\\\/?p=11653#primaryimage\"},\"thumbnailUrl\":\"https:\\\/\\\/contactfm72.fr\\\/wp-content\\\/uploads\\\/2022\\\/11\\\/karat\u00e9.jpg\",\"datePublished\":\"2022-11-18T10:00:13+00:00\",\"breadcrumb\":{\"@id\":\"https:\\\/\\\/contactfm72.fr\\\/?p=11653#breadcrumb\"},\"inLanguage\":\"fr-FR\",\"potentialAction\":[{\"@type\":\"ReadAction\",\"target\":[\"https:\\\/\\\/contactfm72.fr\\\/?p=11653\"]}]},{\"@type\":\"ImageObject\",\"inLanguage\":\"fr-FR\",\"@id\":\"https:\\\/\\\/contactfm72.fr\\\/?p=11653#primaryimage\",\"url\":\"https:\\\/\\\/contactfm72.fr\\\/wp-content\\\/uploads\\\/2022\\\/11\\\/karat\u00e9.jpg\",\"contentUrl\":\"https:\\\/\\\/contactfm72.fr\\\/wp-content\\\/uploads\\\/2022\\\/11\\\/karat\u00e9.jpg\",\"width\":2047,\"height\":1262,\"caption\":\"Les karat\u00e9kas ont h\u00e2te de recevoir Le\u00efla Heurtault et Emmanuel Coudreuse dans leur dojo de Ch\u00e2teau-du-Loir.\"},{\"@type\":\"BreadcrumbList\",\"@id\":\"https:\\\/\\\/contactfm72.fr\\\/?p=11653#breadcrumb\",\"itemListElement\":[{\"@type\":\"ListItem\",\"position\":1,\"name\":\"Accueil\",\"item\":\"https:\\\/\\\/contactfm72.fr\\\/\"},{\"@type\":\"ListItem\",\"position\":2,\"name\":\"Violences faites aux femmes : Le COC Karat\u00e9 organise une initiation \u00e0 la self-d\u00e9fense\"}]},{\"@type\":\"WebSite\",\"@id\":\"https:\\\/\\\/contactfm72.fr\\\/#website\",\"url\":\"https:\\\/\\\/contactfm72.fr\\\/\",\"name\":\"Contact FM 99.3\",\"description\":\"Votre radio en vall\u00e9e du Loir\",\"publisher\":{\"@id\":\"https:\\\/\\\/contactfm72.fr\\\/#organization\"},\"potentialAction\":[{\"@type\":\"SearchAction\",\"target\":{\"@type\":\"EntryPoint\",\"urlTemplate\":\"https:\\\/\\\/contactfm72.fr\\\/?s={search_term_string}\"},\"query-input\":{\"@type\":\"PropertyValueSpecification\",\"valueRequired\":true,\"valueName\":\"search_term_string\"}}],\"inLanguage\":\"fr-FR\"},{\"@type\":\"Organization\",\"@id\":\"https:\\\/\\\/contactfm72.fr\\\/#organization\",\"name\":\"Contact FM 99.3\",\"url\":\"https:\\\/\\\/contactfm72.fr\\\/\",\"logo\":{\"@type\":\"ImageObject\",\"inLanguage\":\"fr-FR\",\"@id\":\"https:\\\/\\\/contactfm72.fr\\\/#\\\/schema\\\/logo\\\/image\\\/\",\"url\":\"https:\\\/\\\/contactfm72.fr\\\/wp-content\\\/uploads\\\/2025\\\/04\\\/2025-04-18-2.jpg\",\"contentUrl\":\"https:\\\/\\\/contactfm72.fr\\\/wp-content\\\/uploads\\\/2025\\\/04\\\/2025-04-18-2.jpg\",\"width\":680,\"height\":307,\"caption\":\"Contact FM 99.3\"},\"image\":{\"@id\":\"https:\\\/\\\/contactfm72.fr\\\/#\\\/schema\\\/logo\\\/image\\\/\"},\"sameAs\":[\"https:\\\/\\\/www.facebook.com\\\/Contactfm.Chateauduloir\",\"https:\\\/\\\/x.com\\\/contactfm72\",\"https:\\\/\\\/www.instagram.com\\\/contact.fm.72?igsh=cGhlMHQ5N2JlNnpp\",\"https:\\\/\\\/www.tiktok.com\\\/@contact.fm\"]},{\"@type\":\"Person\",\"@id\":\"https:\\\/\\\/contactfm72.fr\\\/#\\\/schema\\\/person\\\/9fdc9d1c2eb029354a4f1535b90ba82d\",\"name\":\"Val\u00e9rie C.\",\"image\":{\"@type\":\"ImageObject\",\"inLanguage\":\"fr-FR\",\"@id\":\"https:\\\/\\\/secure.gravatar.com\\\/avatar\\\/2f8aa28f8dfbd7d4420afd1fdcdd0a349923e2c8a38ab28198b0f9d0601e4737?s=96&d=mm&r=g\",\"url\":\"https:\\\/\\\/secure.gravatar.com\\\/avatar\\\/2f8aa28f8dfbd7d4420afd1fdcdd0a349923e2c8a38ab28198b0f9d0601e4737?s=96&d=mm&r=g\",\"contentUrl\":\"https:\\\/\\\/secure.gravatar.com\\\/avatar\\\/2f8aa28f8dfbd7d4420afd1fdcdd0a349923e2c8a38ab28198b0f9d0601e4737?s=96&d=mm&r=g\",\"caption\":\"Val\u00e9rie C.\"},\"url\":\"https:\\\/\\\/contactfm72.fr\\\/?author=4\"}]}<\/script>\n<!-- \/ Yoast SEO plugin. -->","yoast_head_json":{"title":"Violences faites aux femmes : Le COC Karat\u00e9 organise une initiation \u00e0 la self-d\u00e9fense - Contact FM 99.3","robots":{"index":"index","follow":"follow","max-snippet":"max-snippet:-1","max-image-preview":"max-image-preview:large","max-video-preview":"max-video-preview:-1"},"canonical":"https:\/\/contactfm72.fr\/?p=11653","og_locale":"fr_FR","og_type":"article","og_title":"Violences faites aux femmes : Le COC Karat\u00e9 organise une initiation \u00e0 la self-d\u00e9fense - Contact FM 99.3","og_description":"Dans le cadre de la journ\u00e9e internationale de lutte contre les violences faites aux femmes, le COC Karat\u00e9 organise, le samedi 19 novembre au Dojo de Ch\u00e2teau-du-Loir, une initiation \u00e0 la self-d\u00e9fense. Le 25 novembre a lieu la journ\u00e9e internationale de lutte contre les violences faites aux femmes. A cette occasion, le COC Karat\u00e9 organise,&hellip;","og_url":"https:\/\/contactfm72.fr\/?p=11653","og_site_name":"Contact FM 99.3","article_publisher":"https:\/\/www.facebook.com\/Contactfm.Chateauduloir","article_published_time":"2022-11-18T10:00:13+00:00","og_image":[{"width":2047,"height":1262,"url":"https:\/\/contactfm72.fr\/wp-content\/uploads\/2022\/11\/karat\u00e9.jpg","type":"image\/jpeg"}],"author":"Val\u00e9rie C.","twitter_card":"summary_large_image","twitter_creator":"@contactfm72","twitter_site":"@contactfm72","twitter_misc":{"\u00c9crit par":"Val\u00e9rie C.","Dur\u00e9e de lecture estim\u00e9e":"2 minutes"},"schema":{"@context":"https:\/\/schema.org","@graph":[{"@type":"Article","@id":"https:\/\/contactfm72.fr\/?p=11653#article","isPartOf":{"@id":"https:\/\/contactfm72.fr\/?p=11653"},"author":{"name":"Val\u00e9rie C.","@id":"https:\/\/contactfm72.fr\/#\/schema\/person\/9fdc9d1c2eb029354a4f1535b90ba82d"},"headline":"Violences faites aux femmes : Le COC Karat\u00e9 organise une initiation \u00e0 la self-d\u00e9fense","datePublished":"2022-11-18T10:00:13+00:00","mainEntityOfPage":{"@id":"https:\/\/contactfm72.fr\/?p=11653"},"wordCount":398,"publisher":{"@id":"https:\/\/contactfm72.fr\/#organization"},"image":{"@id":"https:\/\/contactfm72.fr\/?p=11653#primaryimage"},"thumbnailUrl":"https:\/\/contactfm72.fr\/wp-content\/uploads\/2022\/11\/karat\u00e9.jpg","articleSection":["Contact FM 72"],"inLanguage":"fr-FR"},{"@type":"WebPage","@id":"https:\/\/contactfm72.fr\/?p=11653","url":"https:\/\/contactfm72.fr\/?p=11653","name":"Violences faites aux femmes : Le COC Karat\u00e9 organise une initiation \u00e0 la self-d\u00e9fense - Contact FM 99.3","isPartOf":{"@id":"https:\/\/contactfm72.fr\/#website"},"primaryImageOfPage":{"@id":"https:\/\/contactfm72.fr\/?p=11653#primaryimage"},"image":{"@id":"https:\/\/contactfm72.fr\/?p=11653#primaryimage"},"thumbnailUrl":"https:\/\/contactfm72.fr\/wp-content\/uploads\/2022\/11\/karat\u00e9.jpg","datePublished":"2022-11-18T10:00:13+00:00","breadcrumb":{"@id":"https:\/\/contactfm72.fr\/?p=11653#breadcrumb"},"inLanguage":"fr-FR","potentialAction":[{"@type":"ReadAction","target":["https:\/\/contactfm72.fr\/?p=11653"]}]},{"@type":"ImageObject","inLanguage":"fr-FR","@id":"https:\/\/contactfm72.fr\/?p=11653#primaryimage","url":"https:\/\/contactfm72.fr\/wp-content\/uploads\/2022\/11\/karat\u00e9.jpg","contentUrl":"https:\/\/contactfm72.fr\/wp-content\/uploads\/2022\/11\/karat\u00e9.jpg","width":2047,"height":1262,"caption":"Les karat\u00e9kas ont h\u00e2te de recevoir Le\u00efla Heurtault et Emmanuel Coudreuse dans leur dojo de Ch\u00e2teau-du-Loir."},{"@type":"BreadcrumbList","@id":"https:\/\/contactfm72.fr\/?p=11653#breadcrumb","itemListElement":[{"@type":"ListItem","position":1,"name":"Accueil","item":"https:\/\/contactfm72.fr\/"},{"@type":"ListItem","position":2,"name":"Violences faites aux femmes : Le COC Karat\u00e9 organise une initiation \u00e0 la self-d\u00e9fense"}]},{"@type":"WebSite","@id":"https:\/\/contactfm72.fr\/#website","url":"https:\/\/contactfm72.fr\/","name":"Contact FM 99.3","description":"Votre radio en vall\u00e9e du Loir","publisher":{"@id":"https:\/\/contactfm72.fr\/#organization"},"potentialAction":[{"@type":"SearchAction","target":{"@type":"EntryPoint","urlTemplate":"https:\/\/contactfm72.fr\/?s={search_term_string}"},"query-input":{"@type":"PropertyValueSpecification","valueRequired":true,"valueName":"search_term_string"}}],"inLanguage":"fr-FR"},{"@type":"Organization","@id":"https:\/\/contactfm72.fr\/#organization","name":"Contact FM 99.3","url":"https:\/\/contactfm72.fr\/","logo":{"@type":"ImageObject","inLanguage":"fr-FR","@id":"https:\/\/contactfm72.fr\/#\/schema\/logo\/image\/","url":"https:\/\/contactfm72.fr\/wp-content\/uploads\/2025\/04\/2025-04-18-2.jpg","contentUrl":"https:\/\/contactfm72.fr\/wp-content\/uploads\/2025\/04\/2025-04-18-2.jpg","width":680,"height":307,"caption":"Contact FM 99.3"},"image":{"@id":"https:\/\/contactfm72.fr\/#\/schema\/logo\/image\/"},"sameAs":["https:\/\/www.facebook.com\/Contactfm.Chateauduloir","https:\/\/x.com\/contactfm72","https:\/\/www.instagram.com\/contact.fm.72?igsh=cGhlMHQ5N2JlNnpp","https:\/\/www.tiktok.com\/@contact.fm"]},{"@type":"Person","@id":"https:\/\/contactfm72.fr\/#\/schema\/person\/9fdc9d1c2eb029354a4f1535b90ba82d","name":"Val\u00e9rie C.","image":{"@type":"ImageObject","inLanguage":"fr-FR","@id":"https:\/\/secure.gravatar.com\/avatar\/2f8aa28f8dfbd7d4420afd1fdcdd0a349923e2c8a38ab28198b0f9d0601e4737?s=96&d=mm&r=g","url":"https:\/\/secure.gravatar.com\/avatar\/2f8aa28f8dfbd7d4420afd1fdcdd0a349923e2c8a38ab28198b0f9d0601e4737?s=96&d=mm&r=g","contentUrl":"https:\/\/secure.gravatar.com\/avatar\/2f8aa28f8dfbd7d4420afd1fdcdd0a349923e2c8a38ab28198b0f9d0601e4737?s=96&d=mm&r=g","caption":"Val\u00e9rie C."},"url":"https:\/\/contactfm72.fr\/?author=4"}]}},"_links":{"self":[{"href":"https:\/\/contactfm72.fr\/index.php?rest_route=\/wp\/v2\/posts\/11653","targetHints":{"allow":["GET"]}}],"collection":[{"href":"https:\/\/contactfm72.fr\/index.php?rest_route=\/wp\/v2\/posts"}],"about":[{"href":"https:\/\/contactfm72.fr\/index.php?rest_route=\/wp\/v2\/types\/post"}],"author":[{"embeddable":true,"href":"https:\/\/contactfm72.fr\/index.php?rest_route=\/wp\/v2\/users\/4"}],"replies":[{"embeddable":true,"href":"https:\/\/contactfm72.fr\/index.php?rest_route=%2Fwp%2Fv2%2Fcomments&post=11653"}],"version-history":[{"count":2,"href":"https:\/\/contactfm72.fr\/index.php?rest_route=\/wp\/v2\/posts\/11653\/revisions"}],"predecessor-version":[{"id":11806,"href":"https:\/\/contactfm72.fr\/index.php?rest_route=\/wp\/v2\/posts\/11653\/revisions\/11806"}],"wp:featuredmedia":[{"embeddable":true,"href":"https:\/\/contactfm72.fr\/index.php?rest_route=\/wp\/v2\/media\/11654"}],"wp:attachment":[{"href":"https:\/\/contactfm72.fr\/index.php?rest_route=%2Fwp%2Fv2%2Fmedia&parent=11653"}],"wp:term":[{"taxonomy":"category","embeddable":true,"href":"https:\/\/contactfm72.fr\/index.php?rest_route=%2Fwp%2Fv2%2Fcategories&post=11653"},{"taxonomy":"post_tag","embeddable":true,"href":"https:\/\/contactfm72.fr\/index.php?rest_route=%2Fwp%2Fv2%2Ftags&post=11653"}],"curies":[{"name":"wp","href":"https:\/\/api.w.org\/{rel}","templated":true}]}}