{"id":11572,"date":"2022-10-31T10:30:55","date_gmt":"2022-10-31T09:30:55","guid":{"rendered":"http:\/\/contactfm72.fr\/?p=11572"},"modified":"2022-10-26T14:25:34","modified_gmt":"2022-10-26T12:25:34","slug":"luceau-ils-repartent-avec-de-largent-de-poche","status":"publish","type":"post","link":"https:\/\/contactfm72.fr\/?p=11572","title":{"rendered":"Luceau : Ils repartent avec de l&#8217;argent de poche"},"content":{"rendered":"<h3>Le Centre social intercommunal Loir &amp; Berc\u00e9 a organis\u00e9 un \u00e9ni\u00e8me chantier argent de poche durant la premi\u00e8re semaine des vacances de la Toussaint. Deux ados repartent avec un ch\u00e8que de 45 \u20ac.<\/h3>\n<p>&nbsp;<\/p>\n<p>C\u2019est une op\u00e9ration qui est victime de son succ\u00e8s. Lanc\u00e9 il y a un peu plus d\u2019un an pour la premi\u00e8re fois, le <strong>chantier argent de poche<\/strong> du <strong>Centre social intercommunal Loir &amp; Berc\u00e9 (Sarthe)<\/strong> rencontre toujours son public:<\/p>\n<blockquote><p>\u00ab Sur le territoire, six communes suivent ce projet. Il est vrai qu\u2019il faut avoir le personnel communal ou les b\u00e9n\u00e9voles pr\u00e9sents pour encadrer les jeunes. Et \u00e0 chaque fois, nous avons plusieurs candidatures \u00bb, explique Karine Devreker, animatrice.<\/p><\/blockquote>\n<p>&nbsp;<\/p>\n<h3><strong>Entretien et peinture<\/strong><\/h3>\n<p>Pour ce chantier qui s\u2019est d\u00e9roul\u00e9 \u00e0 <strong>Luceau<\/strong>, Alan et Mathieu, 14 et 15 ans respectivement et tous les deux luc\u00e9ens, on d\u00fb travailler durant <strong>trois demi-journ\u00e9es<\/strong>, encadr\u00e9s par des employ\u00e9s communaux\u00a0:<\/p>\n<blockquote><p>\u00ab\u00a0Nous avons ramass\u00e9 les feuilles et entretenu les panneaux de signalisation le premier jour, et nous avons ensuite fait de la peinture les deux derniers jours\u00a0\u00bb, t\u00e9moignent les adolescents.<\/p><\/blockquote>\n<p>Ils repartent tous les deux avec un <strong>ch\u00e8que de 45 \u20ac chacun<\/strong>, financ\u00e9s par la commune. \u00ab\u00a0On aimerait bien recommencer. Durant les vacances, je m\u2019ennuie. Alors, participer \u00e0 cette op\u00e9ration me permet de gagner un peu d\u2019argent\u00a0\u00bb, r\u00e9sume Mathieu.<\/p>\n<p>&nbsp;<\/p>\n<h3><strong>\u00ab\u00a0Une belle le\u00e7on de civisme\u00a0\u00bb<\/strong><\/h3>\n<blockquote><p>\u00a0\u00ab\u00a0Ces chantiers repr\u00e9sentent un premier pas dans le monde du travail pour ces jeunes. C\u2019est une belle le\u00e7on de civisme dont je suis tr\u00e8s fier. On leur permet de d\u00e9couvrir des m\u00e9tiers, et d\u2019avoir une ligne suppl\u00e9mentaire dans leur CV\u00a0\u00bb, termine le pr\u00e9sident du Centre social, Jacques Langevin.<\/p><\/blockquote>\n<!-- AddThis Advanced Settings generic via filter on the_content --><!-- AddThis Share Buttons generic via filter on the_content -->","protected":false},"excerpt":{"rendered":"<p>Le Centre social intercommunal Loir &amp; Berc\u00e9 a organis\u00e9 un \u00e9ni\u00e8me chantier argent de poche durant la premi\u00e8re semaine des vacances de la Toussaint. Deux ados repartent avec un ch\u00e8que de 45 \u20ac. &nbsp; C\u2019est une op\u00e9ration qui est victime de son succ\u00e8s. Lanc\u00e9 il y a un peu plus d\u2019un an pour la premi\u00e8re&hellip;<!-- AddThis Advanced Settings generic via filter on get_the_excerpt --><!-- AddThis Share Buttons generic via filter on get_the_excerpt --><\/p>\n","protected":false},"author":4,"featured_media":11574,"comment_status":"closed","ping_status":"open","sticky":false,"template":"","format":"standard","meta":{"footnotes":""},"categories":[1],"tags":[],"class_list":["post-11572","post","type-post","status-publish","format-standard","has-post-thumbnail","hentry","category-contact-fm-72","category-1","description-off"],"yoast_head":"<!-- This site is optimized with the Yoast SEO plugin v27.4 - https:\/\/yoast.com\/product\/yoast-seo-wordpress\/ -->\n<title>Luceau : Ils repartent avec de l&#039;argent de poche - Contact FM 99.3<\/title>\n<meta name=\"robots\" content=\"index, follow, max-snippet:-1, max-image-preview:large, max-video-preview:-1\" \/>\n<link rel=\"canonical\" href=\"https:\/\/contactfm72.fr\/?p=11572\" \/>\n<meta property=\"og:locale\" content=\"fr_FR\" \/>\n<meta property=\"og:type\" content=\"article\" \/>\n<meta property=\"og:title\" content=\"Luceau : Ils repartent avec de l&#039;argent de poche - Contact FM 99.3\" \/>\n<meta property=\"og:description\" content=\"Le Centre social intercommunal Loir &amp; Berc\u00e9 a organis\u00e9 un \u00e9ni\u00e8me chantier argent de poche durant la premi\u00e8re semaine des vacances de la Toussaint. Deux ados repartent avec un ch\u00e8que de 45 \u20ac. &nbsp; C\u2019est une op\u00e9ration qui est victime de son succ\u00e8s. Lanc\u00e9 il y a un peu plus d\u2019un an pour la premi\u00e8re&hellip;\" \/>\n<meta property=\"og:url\" content=\"https:\/\/contactfm72.fr\/?p=11572\" \/>\n<meta property=\"og:site_name\" content=\"Contact FM 99.3\" \/>\n<meta property=\"article:publisher\" content=\"https:\/\/www.facebook.com\/Contactfm.Chateauduloir\" \/>\n<meta property=\"article:published_time\" content=\"2022-10-31T09:30:55+00:00\" \/>\n<meta property=\"og:image\" content=\"https:\/\/contactfm72.fr\/wp-content\/uploads\/2022\/10\/chantier-luceau-1.jpg\" \/>\n\t<meta property=\"og:image:width\" content=\"828\" \/>\n\t<meta property=\"og:image:height\" content=\"621\" \/>\n\t<meta property=\"og:image:type\" content=\"image\/jpeg\" \/>\n<meta name=\"author\" content=\"Val\u00e9rie C.\" \/>\n<meta name=\"twitter:card\" content=\"summary_large_image\" \/>\n<meta name=\"twitter:creator\" content=\"@contactfm72\" \/>\n<meta name=\"twitter:site\" content=\"@contactfm72\" \/>\n<meta name=\"twitter:label1\" content=\"\u00c9crit par\" \/>\n\t<meta name=\"twitter:data1\" content=\"Val\u00e9rie C.\" \/>\n\t<meta name=\"twitter:label2\" content=\"Dur\u00e9e de lecture estim\u00e9e\" \/>\n\t<meta name=\"twitter:data2\" content=\"1 minute\" \/>\n<script type=\"application\/ld+json\" class=\"yoast-schema-graph\">{\"@context\":\"https:\\\/\\\/schema.org\",\"@graph\":[{\"@type\":\"Article\",\"@id\":\"https:\\\/\\\/contactfm72.fr\\\/?p=11572#article\",\"isPartOf\":{\"@id\":\"https:\\\/\\\/contactfm72.fr\\\/?p=11572\"},\"author\":{\"name\":\"Val\u00e9rie C.\",\"@id\":\"https:\\\/\\\/contactfm72.fr\\\/#\\\/schema\\\/person\\\/9fdc9d1c2eb029354a4f1535b90ba82d\"},\"headline\":\"Luceau : Ils repartent avec de l&#8217;argent de poche\",\"datePublished\":\"2022-10-31T09:30:55+00:00\",\"mainEntityOfPage\":{\"@id\":\"https:\\\/\\\/contactfm72.fr\\\/?p=11572\"},\"wordCount\":303,\"publisher\":{\"@id\":\"https:\\\/\\\/contactfm72.fr\\\/#organization\"},\"image\":{\"@id\":\"https:\\\/\\\/contactfm72.fr\\\/?p=11572#primaryimage\"},\"thumbnailUrl\":\"https:\\\/\\\/contactfm72.fr\\\/wp-content\\\/uploads\\\/2022\\\/10\\\/chantier-luceau-1.jpg\",\"articleSection\":[\"Contact FM 72\"],\"inLanguage\":\"fr-FR\"},{\"@type\":\"WebPage\",\"@id\":\"https:\\\/\\\/contactfm72.fr\\\/?p=11572\",\"url\":\"https:\\\/\\\/contactfm72.fr\\\/?p=11572\",\"name\":\"Luceau : Ils repartent avec de l'argent de poche - Contact FM 99.3\",\"isPartOf\":{\"@id\":\"https:\\\/\\\/contactfm72.fr\\\/#website\"},\"primaryImageOfPage\":{\"@id\":\"https:\\\/\\\/contactfm72.fr\\\/?p=11572#primaryimage\"},\"image\":{\"@id\":\"https:\\\/\\\/contactfm72.fr\\\/?p=11572#primaryimage\"},\"thumbnailUrl\":\"https:\\\/\\\/contactfm72.fr\\\/wp-content\\\/uploads\\\/2022\\\/10\\\/chantier-luceau-1.jpg\",\"datePublished\":\"2022-10-31T09:30:55+00:00\",\"breadcrumb\":{\"@id\":\"https:\\\/\\\/contactfm72.fr\\\/?p=11572#breadcrumb\"},\"inLanguage\":\"fr-FR\",\"potentialAction\":[{\"@type\":\"ReadAction\",\"target\":[\"https:\\\/\\\/contactfm72.fr\\\/?p=11572\"]}]},{\"@type\":\"ImageObject\",\"inLanguage\":\"fr-FR\",\"@id\":\"https:\\\/\\\/contactfm72.fr\\\/?p=11572#primaryimage\",\"url\":\"https:\\\/\\\/contactfm72.fr\\\/wp-content\\\/uploads\\\/2022\\\/10\\\/chantier-luceau-1.jpg\",\"contentUrl\":\"https:\\\/\\\/contactfm72.fr\\\/wp-content\\\/uploads\\\/2022\\\/10\\\/chantier-luceau-1.jpg\",\"width\":828,\"height\":621,\"caption\":\"Lors de la remise des ch\u00e8ques argent de poche \u00e0 Luceau, en pr\u00e9sence de personnels du Centre social, \u00e9lus de Luceau et employ\u00e9s communaux.\"},{\"@type\":\"BreadcrumbList\",\"@id\":\"https:\\\/\\\/contactfm72.fr\\\/?p=11572#breadcrumb\",\"itemListElement\":[{\"@type\":\"ListItem\",\"position\":1,\"name\":\"Accueil\",\"item\":\"https:\\\/\\\/contactfm72.fr\\\/\"},{\"@type\":\"ListItem\",\"position\":2,\"name\":\"Luceau : Ils repartent avec de l&#8217;argent de poche\"}]},{\"@type\":\"WebSite\",\"@id\":\"https:\\\/\\\/contactfm72.fr\\\/#website\",\"url\":\"https:\\\/\\\/contactfm72.fr\\\/\",\"name\":\"Contact FM 99.3\",\"description\":\"Votre radio en vall\u00e9e du Loir\",\"publisher\":{\"@id\":\"https:\\\/\\\/contactfm72.fr\\\/#organization\"},\"potentialAction\":[{\"@type\":\"SearchAction\",\"target\":{\"@type\":\"EntryPoint\",\"urlTemplate\":\"https:\\\/\\\/contactfm72.fr\\\/?s={search_term_string}\"},\"query-input\":{\"@type\":\"PropertyValueSpecification\",\"valueRequired\":true,\"valueName\":\"search_term_string\"}}],\"inLanguage\":\"fr-FR\"},{\"@type\":\"Organization\",\"@id\":\"https:\\\/\\\/contactfm72.fr\\\/#organization\",\"name\":\"Contact FM 99.3\",\"url\":\"https:\\\/\\\/contactfm72.fr\\\/\",\"logo\":{\"@type\":\"ImageObject\",\"inLanguage\":\"fr-FR\",\"@id\":\"https:\\\/\\\/contactfm72.fr\\\/#\\\/schema\\\/logo\\\/image\\\/\",\"url\":\"https:\\\/\\\/contactfm72.fr\\\/wp-content\\\/uploads\\\/2025\\\/04\\\/2025-04-18-2.jpg\",\"contentUrl\":\"https:\\\/\\\/contactfm72.fr\\\/wp-content\\\/uploads\\\/2025\\\/04\\\/2025-04-18-2.jpg\",\"width\":680,\"height\":307,\"caption\":\"Contact FM 99.3\"},\"image\":{\"@id\":\"https:\\\/\\\/contactfm72.fr\\\/#\\\/schema\\\/logo\\\/image\\\/\"},\"sameAs\":[\"https:\\\/\\\/www.facebook.com\\\/Contactfm.Chateauduloir\",\"https:\\\/\\\/x.com\\\/contactfm72\",\"https:\\\/\\\/www.instagram.com\\\/contact.fm.72?igsh=cGhlMHQ5N2JlNnpp\",\"https:\\\/\\\/www.tiktok.com\\\/@contact.fm\"]},{\"@type\":\"Person\",\"@id\":\"https:\\\/\\\/contactfm72.fr\\\/#\\\/schema\\\/person\\\/9fdc9d1c2eb029354a4f1535b90ba82d\",\"name\":\"Val\u00e9rie C.\",\"image\":{\"@type\":\"ImageObject\",\"inLanguage\":\"fr-FR\",\"@id\":\"https:\\\/\\\/secure.gravatar.com\\\/avatar\\\/2f8aa28f8dfbd7d4420afd1fdcdd0a349923e2c8a38ab28198b0f9d0601e4737?s=96&d=mm&r=g\",\"url\":\"https:\\\/\\\/secure.gravatar.com\\\/avatar\\\/2f8aa28f8dfbd7d4420afd1fdcdd0a349923e2c8a38ab28198b0f9d0601e4737?s=96&d=mm&r=g\",\"contentUrl\":\"https:\\\/\\\/secure.gravatar.com\\\/avatar\\\/2f8aa28f8dfbd7d4420afd1fdcdd0a349923e2c8a38ab28198b0f9d0601e4737?s=96&d=mm&r=g\",\"caption\":\"Val\u00e9rie C.\"},\"url\":\"https:\\\/\\\/contactfm72.fr\\\/?author=4\"}]}<\/script>\n<!-- \/ Yoast SEO plugin. -->","yoast_head_json":{"title":"Luceau : Ils repartent avec de l'argent de poche - Contact FM 99.3","robots":{"index":"index","follow":"follow","max-snippet":"max-snippet:-1","max-image-preview":"max-image-preview:large","max-video-preview":"max-video-preview:-1"},"canonical":"https:\/\/contactfm72.fr\/?p=11572","og_locale":"fr_FR","og_type":"article","og_title":"Luceau : Ils repartent avec de l'argent de poche - Contact FM 99.3","og_description":"Le Centre social intercommunal Loir &amp; Berc\u00e9 a organis\u00e9 un \u00e9ni\u00e8me chantier argent de poche durant la premi\u00e8re semaine des vacances de la Toussaint. Deux ados repartent avec un ch\u00e8que de 45 \u20ac. &nbsp; C\u2019est une op\u00e9ration qui est victime de son succ\u00e8s. Lanc\u00e9 il y a un peu plus d\u2019un an pour la premi\u00e8re&hellip;","og_url":"https:\/\/contactfm72.fr\/?p=11572","og_site_name":"Contact FM 99.3","article_publisher":"https:\/\/www.facebook.com\/Contactfm.Chateauduloir","article_published_time":"2022-10-31T09:30:55+00:00","og_image":[{"width":828,"height":621,"url":"https:\/\/contactfm72.fr\/wp-content\/uploads\/2022\/10\/chantier-luceau-1.jpg","type":"image\/jpeg"}],"author":"Val\u00e9rie C.","twitter_card":"summary_large_image","twitter_creator":"@contactfm72","twitter_site":"@contactfm72","twitter_misc":{"\u00c9crit par":"Val\u00e9rie C.","Dur\u00e9e de lecture estim\u00e9e":"1 minute"},"schema":{"@context":"https:\/\/schema.org","@graph":[{"@type":"Article","@id":"https:\/\/contactfm72.fr\/?p=11572#article","isPartOf":{"@id":"https:\/\/contactfm72.fr\/?p=11572"},"author":{"name":"Val\u00e9rie C.","@id":"https:\/\/contactfm72.fr\/#\/schema\/person\/9fdc9d1c2eb029354a4f1535b90ba82d"},"headline":"Luceau : Ils repartent avec de l&#8217;argent de poche","datePublished":"2022-10-31T09:30:55+00:00","mainEntityOfPage":{"@id":"https:\/\/contactfm72.fr\/?p=11572"},"wordCount":303,"publisher":{"@id":"https:\/\/contactfm72.fr\/#organization"},"image":{"@id":"https:\/\/contactfm72.fr\/?p=11572#primaryimage"},"thumbnailUrl":"https:\/\/contactfm72.fr\/wp-content\/uploads\/2022\/10\/chantier-luceau-1.jpg","articleSection":["Contact FM 72"],"inLanguage":"fr-FR"},{"@type":"WebPage","@id":"https:\/\/contactfm72.fr\/?p=11572","url":"https:\/\/contactfm72.fr\/?p=11572","name":"Luceau : Ils repartent avec de l'argent de poche - Contact FM 99.3","isPartOf":{"@id":"https:\/\/contactfm72.fr\/#website"},"primaryImageOfPage":{"@id":"https:\/\/contactfm72.fr\/?p=11572#primaryimage"},"image":{"@id":"https:\/\/contactfm72.fr\/?p=11572#primaryimage"},"thumbnailUrl":"https:\/\/contactfm72.fr\/wp-content\/uploads\/2022\/10\/chantier-luceau-1.jpg","datePublished":"2022-10-31T09:30:55+00:00","breadcrumb":{"@id":"https:\/\/contactfm72.fr\/?p=11572#breadcrumb"},"inLanguage":"fr-FR","potentialAction":[{"@type":"ReadAction","target":["https:\/\/contactfm72.fr\/?p=11572"]}]},{"@type":"ImageObject","inLanguage":"fr-FR","@id":"https:\/\/contactfm72.fr\/?p=11572#primaryimage","url":"https:\/\/contactfm72.fr\/wp-content\/uploads\/2022\/10\/chantier-luceau-1.jpg","contentUrl":"https:\/\/contactfm72.fr\/wp-content\/uploads\/2022\/10\/chantier-luceau-1.jpg","width":828,"height":621,"caption":"Lors de la remise des ch\u00e8ques argent de poche \u00e0 Luceau, en pr\u00e9sence de personnels du Centre social, \u00e9lus de Luceau et employ\u00e9s communaux."},{"@type":"BreadcrumbList","@id":"https:\/\/contactfm72.fr\/?p=11572#breadcrumb","itemListElement":[{"@type":"ListItem","position":1,"name":"Accueil","item":"https:\/\/contactfm72.fr\/"},{"@type":"ListItem","position":2,"name":"Luceau : Ils repartent avec de l&#8217;argent de poche"}]},{"@type":"WebSite","@id":"https:\/\/contactfm72.fr\/#website","url":"https:\/\/contactfm72.fr\/","name":"Contact FM 99.3","description":"Votre radio en vall\u00e9e du Loir","publisher":{"@id":"https:\/\/contactfm72.fr\/#organization"},"potentialAction":[{"@type":"SearchAction","target":{"@type":"EntryPoint","urlTemplate":"https:\/\/contactfm72.fr\/?s={search_term_string}"},"query-input":{"@type":"PropertyValueSpecification","valueRequired":true,"valueName":"search_term_string"}}],"inLanguage":"fr-FR"},{"@type":"Organization","@id":"https:\/\/contactfm72.fr\/#organization","name":"Contact FM 99.3","url":"https:\/\/contactfm72.fr\/","logo":{"@type":"ImageObject","inLanguage":"fr-FR","@id":"https:\/\/contactfm72.fr\/#\/schema\/logo\/image\/","url":"https:\/\/contactfm72.fr\/wp-content\/uploads\/2025\/04\/2025-04-18-2.jpg","contentUrl":"https:\/\/contactfm72.fr\/wp-content\/uploads\/2025\/04\/2025-04-18-2.jpg","width":680,"height":307,"caption":"Contact FM 99.3"},"image":{"@id":"https:\/\/contactfm72.fr\/#\/schema\/logo\/image\/"},"sameAs":["https:\/\/www.facebook.com\/Contactfm.Chateauduloir","https:\/\/x.com\/contactfm72","https:\/\/www.instagram.com\/contact.fm.72?igsh=cGhlMHQ5N2JlNnpp","https:\/\/www.tiktok.com\/@contact.fm"]},{"@type":"Person","@id":"https:\/\/contactfm72.fr\/#\/schema\/person\/9fdc9d1c2eb029354a4f1535b90ba82d","name":"Val\u00e9rie C.","image":{"@type":"ImageObject","inLanguage":"fr-FR","@id":"https:\/\/secure.gravatar.com\/avatar\/2f8aa28f8dfbd7d4420afd1fdcdd0a349923e2c8a38ab28198b0f9d0601e4737?s=96&d=mm&r=g","url":"https:\/\/secure.gravatar.com\/avatar\/2f8aa28f8dfbd7d4420afd1fdcdd0a349923e2c8a38ab28198b0f9d0601e4737?s=96&d=mm&r=g","contentUrl":"https:\/\/secure.gravatar.com\/avatar\/2f8aa28f8dfbd7d4420afd1fdcdd0a349923e2c8a38ab28198b0f9d0601e4737?s=96&d=mm&r=g","caption":"Val\u00e9rie C."},"url":"https:\/\/contactfm72.fr\/?author=4"}]}},"_links":{"self":[{"href":"https:\/\/contactfm72.fr\/index.php?rest_route=\/wp\/v2\/posts\/11572","targetHints":{"allow":["GET"]}}],"collection":[{"href":"https:\/\/contactfm72.fr\/index.php?rest_route=\/wp\/v2\/posts"}],"about":[{"href":"https:\/\/contactfm72.fr\/index.php?rest_route=\/wp\/v2\/types\/post"}],"author":[{"embeddable":true,"href":"https:\/\/contactfm72.fr\/index.php?rest_route=\/wp\/v2\/users\/4"}],"replies":[{"embeddable":true,"href":"https:\/\/contactfm72.fr\/index.php?rest_route=%2Fwp%2Fv2%2Fcomments&post=11572"}],"version-history":[{"count":1,"href":"https:\/\/contactfm72.fr\/index.php?rest_route=\/wp\/v2\/posts\/11572\/revisions"}],"predecessor-version":[{"id":11575,"href":"https:\/\/contactfm72.fr\/index.php?rest_route=\/wp\/v2\/posts\/11572\/revisions\/11575"}],"wp:featuredmedia":[{"embeddable":true,"href":"https:\/\/contactfm72.fr\/index.php?rest_route=\/wp\/v2\/media\/11574"}],"wp:attachment":[{"href":"https:\/\/contactfm72.fr\/index.php?rest_route=%2Fwp%2Fv2%2Fmedia&parent=11572"}],"wp:term":[{"taxonomy":"category","embeddable":true,"href":"https:\/\/contactfm72.fr\/index.php?rest_route=%2Fwp%2Fv2%2Fcategories&post=11572"},{"taxonomy":"post_tag","embeddable":true,"href":"https:\/\/contactfm72.fr\/index.php?rest_route=%2Fwp%2Fv2%2Ftags&post=11572"}],"curies":[{"name":"wp","href":"https:\/\/api.w.org\/{rel}","templated":true}]}}