{"id":11549,"date":"2022-10-25T15:30:26","date_gmt":"2022-10-25T13:30:26","guid":{"rendered":"http:\/\/contactfm72.fr\/?p=11549"},"modified":"2022-10-24T15:20:17","modified_gmt":"2022-10-24T13:20:17","slug":"montval-sur-loir-les-70-ans-et-plus-convies-a-un-repas-dansant-gratuit","status":"publish","type":"post","link":"https:\/\/contactfm72.fr\/?p=11549","title":{"rendered":"Montval-sur-Loir : Les 70 ans et plus convi\u00e9s \u00e0 un repas dansant gratuit"},"content":{"rendered":"<h2>Le samedi 26 novembre \u00e0 12 h, les 70 ans et plus des trois communes d\u00e9l\u00e9gu\u00e9es de Montval-sur-Loir, sont convi\u00e9s \u00e0 un repas dansant gratuit \u00e0 la Vouvryonne.<\/h2>\n<p>&nbsp;<\/p>\n<p>La municipalit\u00e9 montvaloise organise le <strong>samedi 26 novembre \u00e0 12 h<\/strong>, \u00e0 la Vouvryonne de Vouvray-sur-Loir (<strong>Sarthe<\/strong>), un repas dansant pour les a\u00een\u00e9s. Ce repas, concoct\u00e9 par le <strong>traiteur local \u00ab \u00d4 Saveurs de Berc\u00e9 \u00bb<\/strong>, est offert par la municipalit\u00e9 et est r\u00e9serv\u00e9 aux montvalois et montvaloises \u00e2g\u00e9(e)s de plus de 70 ans.<\/p>\n<p>&nbsp;<\/p>\n<h3><strong>Animation par Julien Gourdin<\/strong><\/h3>\n<blockquote><p>\u00ab\u00a0Ils peuvent bien s\u00fbr \u00eatre accompagn\u00e9s de la personne de leur choix\u00a0\u00bb, pr\u00e9cise Dominique Langevin, adjoint \u00e0 la sant\u00e9, aux logements et aux affaires sociales. Il ajoute\u00a0: \u00ab\u00a0Il faut imp\u00e9rativement s\u2019inscrire aupr\u00e8s du CCAS. Il serait pr\u00e9f\u00e9rable de pr\u00e9coniser le covoiturage, mais si la personne a des soucis pour se d\u00e9placer, on affr\u00e9tera des bus\u00a0\u00bb.<\/p><\/blockquote>\n<p>L\u2019apr\u00e8s-midi, <strong>Julien Gourdin, animateur<\/strong>, fera danser les a\u00een\u00e9s et \u00ab\u00a0il s\u2019adaptera selon les envies. Il est multi-instrumentiste\u00a0\u00bb, annonce<strong> Claire Coulonnier, adjointe en charge des affaires socioculturelles<\/strong>.<\/p>\n<p>&nbsp;<\/p>\n<h3><strong>Recensement et rencontre<\/strong><\/h3>\n<p>Ce repas permettra de r\u00e9unir tous les anciens, et pour les \u00e9lus, de les rencontrer.<\/p>\n<blockquote><p>\u00ab On sait pertinemment que certains d\u2019entre eux ne sortent pas de chez eux, \u00e7a leur permettra de tous se rencontrer et de leur apporter un peu d&#8217;animation le temps d\u2019une demi-journ\u00e9e \u00bb, ench\u00e9rit l\u2019adjointe.<\/p><\/blockquote>\n<p>Pour la municipalit\u00e9, ce repas permettra \u00e9galement de<strong> recenser les personnes \u00e2g\u00e9es des trois communes d\u00e9l\u00e9gu\u00e9es<\/strong>, et ainsi alimenter le registre nominatif de recensement pour les personnes seules, \u00e2g\u00e9es ou handicap\u00e9es particuli\u00e8rement vuln\u00e9rables, activ\u00e9 en p\u00e9riode de canicule et de d\u00e9clenchement du plan d\u2019alerte et d\u2019urgence.<\/p>\n<p>&nbsp;<\/p>\n<h5>Afin de r\u00e9server vos places, il faut imp\u00e9rativement prendre contact avec le CCAS au 02 43 44 89 75 avant le 10 novembre. Le repas est gratuit.<\/h5>\n<p>&nbsp;<\/p>\n<!-- AddThis Advanced Settings generic via filter on the_content --><!-- AddThis Share Buttons generic via filter on the_content -->","protected":false},"excerpt":{"rendered":"<p>Le samedi 26 novembre \u00e0 12 h, les 70 ans et plus des trois communes d\u00e9l\u00e9gu\u00e9es de Montval-sur-Loir, sont convi\u00e9s \u00e0 un repas dansant gratuit \u00e0 la Vouvryonne. &nbsp; La municipalit\u00e9 montvaloise organise le samedi 26 novembre \u00e0 12 h, \u00e0 la Vouvryonne de Vouvray-sur-Loir (Sarthe), un repas dansant pour les a\u00een\u00e9s. Ce repas, concoct\u00e9&hellip;<!-- AddThis Advanced Settings generic via filter on get_the_excerpt --><!-- AddThis Share Buttons generic via filter on get_the_excerpt --><\/p>\n","protected":false},"author":4,"featured_media":11550,"comment_status":"closed","ping_status":"open","sticky":false,"template":"","format":"standard","meta":{"footnotes":""},"categories":[1],"tags":[],"class_list":["post-11549","post","type-post","status-publish","format-standard","has-post-thumbnail","hentry","category-contact-fm-72","category-1","description-off"],"yoast_head":"<!-- This site is optimized with the Yoast SEO plugin v27.4 - https:\/\/yoast.com\/product\/yoast-seo-wordpress\/ -->\n<title>Montval-sur-Loir : Les 70 ans et plus convi\u00e9s \u00e0 un repas dansant gratuit - Contact FM 99.3<\/title>\n<meta name=\"robots\" content=\"index, follow, max-snippet:-1, max-image-preview:large, max-video-preview:-1\" \/>\n<link rel=\"canonical\" href=\"https:\/\/contactfm72.fr\/?p=11549\" \/>\n<meta property=\"og:locale\" content=\"fr_FR\" \/>\n<meta property=\"og:type\" content=\"article\" \/>\n<meta property=\"og:title\" content=\"Montval-sur-Loir : Les 70 ans et plus convi\u00e9s \u00e0 un repas dansant gratuit - Contact FM 99.3\" \/>\n<meta property=\"og:description\" content=\"Le samedi 26 novembre \u00e0 12 h, les 70 ans et plus des trois communes d\u00e9l\u00e9gu\u00e9es de Montval-sur-Loir, sont convi\u00e9s \u00e0 un repas dansant gratuit \u00e0 la Vouvryonne. &nbsp; La municipalit\u00e9 montvaloise organise le samedi 26 novembre \u00e0 12 h, \u00e0 la Vouvryonne de Vouvray-sur-Loir (Sarthe), un repas dansant pour les a\u00een\u00e9s. Ce repas, concoct\u00e9&hellip;\" \/>\n<meta property=\"og:url\" content=\"https:\/\/contactfm72.fr\/?p=11549\" \/>\n<meta property=\"og:site_name\" content=\"Contact FM 99.3\" \/>\n<meta property=\"article:publisher\" content=\"https:\/\/www.facebook.com\/Contactfm.Chateauduloir\" \/>\n<meta property=\"article:published_time\" content=\"2022-10-25T13:30:26+00:00\" \/>\n<meta property=\"og:image\" content=\"https:\/\/contactfm72.fr\/wp-content\/uploads\/2022\/10\/repas-des-aines.jpg\" \/>\n\t<meta property=\"og:image:width\" content=\"2048\" \/>\n\t<meta property=\"og:image:height\" content=\"1536\" \/>\n\t<meta property=\"og:image:type\" content=\"image\/jpeg\" \/>\n<meta name=\"author\" content=\"Val\u00e9rie C.\" \/>\n<meta name=\"twitter:card\" content=\"summary_large_image\" \/>\n<meta name=\"twitter:creator\" content=\"@contactfm72\" \/>\n<meta name=\"twitter:site\" content=\"@contactfm72\" \/>\n<meta name=\"twitter:label1\" content=\"\u00c9crit par\" \/>\n\t<meta name=\"twitter:data1\" content=\"Val\u00e9rie C.\" \/>\n\t<meta name=\"twitter:label2\" content=\"Dur\u00e9e de lecture estim\u00e9e\" \/>\n\t<meta name=\"twitter:data2\" content=\"2 minutes\" \/>\n<script type=\"application\/ld+json\" class=\"yoast-schema-graph\">{\"@context\":\"https:\\\/\\\/schema.org\",\"@graph\":[{\"@type\":\"Article\",\"@id\":\"https:\\\/\\\/contactfm72.fr\\\/?p=11549#article\",\"isPartOf\":{\"@id\":\"https:\\\/\\\/contactfm72.fr\\\/?p=11549\"},\"author\":{\"name\":\"Val\u00e9rie C.\",\"@id\":\"https:\\\/\\\/contactfm72.fr\\\/#\\\/schema\\\/person\\\/9fdc9d1c2eb029354a4f1535b90ba82d\"},\"headline\":\"Montval-sur-Loir : Les 70 ans et plus convi\u00e9s \u00e0 un repas dansant gratuit\",\"datePublished\":\"2022-10-25T13:30:26+00:00\",\"mainEntityOfPage\":{\"@id\":\"https:\\\/\\\/contactfm72.fr\\\/?p=11549\"},\"wordCount\":332,\"publisher\":{\"@id\":\"https:\\\/\\\/contactfm72.fr\\\/#organization\"},\"image\":{\"@id\":\"https:\\\/\\\/contactfm72.fr\\\/?p=11549#primaryimage\"},\"thumbnailUrl\":\"https:\\\/\\\/contactfm72.fr\\\/wp-content\\\/uploads\\\/2022\\\/10\\\/repas-des-aines.jpg\",\"articleSection\":[\"Contact FM 72\"],\"inLanguage\":\"fr-FR\"},{\"@type\":\"WebPage\",\"@id\":\"https:\\\/\\\/contactfm72.fr\\\/?p=11549\",\"url\":\"https:\\\/\\\/contactfm72.fr\\\/?p=11549\",\"name\":\"Montval-sur-Loir : Les 70 ans et plus convi\u00e9s \u00e0 un repas dansant gratuit - Contact FM 99.3\",\"isPartOf\":{\"@id\":\"https:\\\/\\\/contactfm72.fr\\\/#website\"},\"primaryImageOfPage\":{\"@id\":\"https:\\\/\\\/contactfm72.fr\\\/?p=11549#primaryimage\"},\"image\":{\"@id\":\"https:\\\/\\\/contactfm72.fr\\\/?p=11549#primaryimage\"},\"thumbnailUrl\":\"https:\\\/\\\/contactfm72.fr\\\/wp-content\\\/uploads\\\/2022\\\/10\\\/repas-des-aines.jpg\",\"datePublished\":\"2022-10-25T13:30:26+00:00\",\"breadcrumb\":{\"@id\":\"https:\\\/\\\/contactfm72.fr\\\/?p=11549#breadcrumb\"},\"inLanguage\":\"fr-FR\",\"potentialAction\":[{\"@type\":\"ReadAction\",\"target\":[\"https:\\\/\\\/contactfm72.fr\\\/?p=11549\"]}]},{\"@type\":\"ImageObject\",\"inLanguage\":\"fr-FR\",\"@id\":\"https:\\\/\\\/contactfm72.fr\\\/?p=11549#primaryimage\",\"url\":\"https:\\\/\\\/contactfm72.fr\\\/wp-content\\\/uploads\\\/2022\\\/10\\\/repas-des-aines.jpg\",\"contentUrl\":\"https:\\\/\\\/contactfm72.fr\\\/wp-content\\\/uploads\\\/2022\\\/10\\\/repas-des-aines.jpg\",\"width\":2048,\"height\":1536,\"caption\":\"Les deux adjoints de Montval-sur-Loir, accompagn\u00e9s de quelques r\u00e9sidentes des Vertolines qui seront pr\u00e9sentes lors du repas dansant.\"},{\"@type\":\"BreadcrumbList\",\"@id\":\"https:\\\/\\\/contactfm72.fr\\\/?p=11549#breadcrumb\",\"itemListElement\":[{\"@type\":\"ListItem\",\"position\":1,\"name\":\"Accueil\",\"item\":\"https:\\\/\\\/contactfm72.fr\\\/\"},{\"@type\":\"ListItem\",\"position\":2,\"name\":\"Montval-sur-Loir : Les 70 ans et plus convi\u00e9s \u00e0 un repas dansant gratuit\"}]},{\"@type\":\"WebSite\",\"@id\":\"https:\\\/\\\/contactfm72.fr\\\/#website\",\"url\":\"https:\\\/\\\/contactfm72.fr\\\/\",\"name\":\"Contact FM 99.3\",\"description\":\"Votre radio en vall\u00e9e du Loir\",\"publisher\":{\"@id\":\"https:\\\/\\\/contactfm72.fr\\\/#organization\"},\"potentialAction\":[{\"@type\":\"SearchAction\",\"target\":{\"@type\":\"EntryPoint\",\"urlTemplate\":\"https:\\\/\\\/contactfm72.fr\\\/?s={search_term_string}\"},\"query-input\":{\"@type\":\"PropertyValueSpecification\",\"valueRequired\":true,\"valueName\":\"search_term_string\"}}],\"inLanguage\":\"fr-FR\"},{\"@type\":\"Organization\",\"@id\":\"https:\\\/\\\/contactfm72.fr\\\/#organization\",\"name\":\"Contact FM 99.3\",\"url\":\"https:\\\/\\\/contactfm72.fr\\\/\",\"logo\":{\"@type\":\"ImageObject\",\"inLanguage\":\"fr-FR\",\"@id\":\"https:\\\/\\\/contactfm72.fr\\\/#\\\/schema\\\/logo\\\/image\\\/\",\"url\":\"https:\\\/\\\/contactfm72.fr\\\/wp-content\\\/uploads\\\/2025\\\/04\\\/2025-04-18-2.jpg\",\"contentUrl\":\"https:\\\/\\\/contactfm72.fr\\\/wp-content\\\/uploads\\\/2025\\\/04\\\/2025-04-18-2.jpg\",\"width\":680,\"height\":307,\"caption\":\"Contact FM 99.3\"},\"image\":{\"@id\":\"https:\\\/\\\/contactfm72.fr\\\/#\\\/schema\\\/logo\\\/image\\\/\"},\"sameAs\":[\"https:\\\/\\\/www.facebook.com\\\/Contactfm.Chateauduloir\",\"https:\\\/\\\/x.com\\\/contactfm72\",\"https:\\\/\\\/www.instagram.com\\\/contact.fm.72?igsh=cGhlMHQ5N2JlNnpp\",\"https:\\\/\\\/www.tiktok.com\\\/@contact.fm\"]},{\"@type\":\"Person\",\"@id\":\"https:\\\/\\\/contactfm72.fr\\\/#\\\/schema\\\/person\\\/9fdc9d1c2eb029354a4f1535b90ba82d\",\"name\":\"Val\u00e9rie C.\",\"image\":{\"@type\":\"ImageObject\",\"inLanguage\":\"fr-FR\",\"@id\":\"https:\\\/\\\/secure.gravatar.com\\\/avatar\\\/2f8aa28f8dfbd7d4420afd1fdcdd0a349923e2c8a38ab28198b0f9d0601e4737?s=96&d=mm&r=g\",\"url\":\"https:\\\/\\\/secure.gravatar.com\\\/avatar\\\/2f8aa28f8dfbd7d4420afd1fdcdd0a349923e2c8a38ab28198b0f9d0601e4737?s=96&d=mm&r=g\",\"contentUrl\":\"https:\\\/\\\/secure.gravatar.com\\\/avatar\\\/2f8aa28f8dfbd7d4420afd1fdcdd0a349923e2c8a38ab28198b0f9d0601e4737?s=96&d=mm&r=g\",\"caption\":\"Val\u00e9rie C.\"},\"url\":\"https:\\\/\\\/contactfm72.fr\\\/?author=4\"}]}<\/script>\n<!-- \/ Yoast SEO plugin. -->","yoast_head_json":{"title":"Montval-sur-Loir : Les 70 ans et plus convi\u00e9s \u00e0 un repas dansant gratuit - Contact FM 99.3","robots":{"index":"index","follow":"follow","max-snippet":"max-snippet:-1","max-image-preview":"max-image-preview:large","max-video-preview":"max-video-preview:-1"},"canonical":"https:\/\/contactfm72.fr\/?p=11549","og_locale":"fr_FR","og_type":"article","og_title":"Montval-sur-Loir : Les 70 ans et plus convi\u00e9s \u00e0 un repas dansant gratuit - Contact FM 99.3","og_description":"Le samedi 26 novembre \u00e0 12 h, les 70 ans et plus des trois communes d\u00e9l\u00e9gu\u00e9es de Montval-sur-Loir, sont convi\u00e9s \u00e0 un repas dansant gratuit \u00e0 la Vouvryonne. &nbsp; La municipalit\u00e9 montvaloise organise le samedi 26 novembre \u00e0 12 h, \u00e0 la Vouvryonne de Vouvray-sur-Loir (Sarthe), un repas dansant pour les a\u00een\u00e9s. Ce repas, concoct\u00e9&hellip;","og_url":"https:\/\/contactfm72.fr\/?p=11549","og_site_name":"Contact FM 99.3","article_publisher":"https:\/\/www.facebook.com\/Contactfm.Chateauduloir","article_published_time":"2022-10-25T13:30:26+00:00","og_image":[{"width":2048,"height":1536,"url":"https:\/\/contactfm72.fr\/wp-content\/uploads\/2022\/10\/repas-des-aines.jpg","type":"image\/jpeg"}],"author":"Val\u00e9rie C.","twitter_card":"summary_large_image","twitter_creator":"@contactfm72","twitter_site":"@contactfm72","twitter_misc":{"\u00c9crit par":"Val\u00e9rie C.","Dur\u00e9e de lecture estim\u00e9e":"2 minutes"},"schema":{"@context":"https:\/\/schema.org","@graph":[{"@type":"Article","@id":"https:\/\/contactfm72.fr\/?p=11549#article","isPartOf":{"@id":"https:\/\/contactfm72.fr\/?p=11549"},"author":{"name":"Val\u00e9rie C.","@id":"https:\/\/contactfm72.fr\/#\/schema\/person\/9fdc9d1c2eb029354a4f1535b90ba82d"},"headline":"Montval-sur-Loir : Les 70 ans et plus convi\u00e9s \u00e0 un repas dansant gratuit","datePublished":"2022-10-25T13:30:26+00:00","mainEntityOfPage":{"@id":"https:\/\/contactfm72.fr\/?p=11549"},"wordCount":332,"publisher":{"@id":"https:\/\/contactfm72.fr\/#organization"},"image":{"@id":"https:\/\/contactfm72.fr\/?p=11549#primaryimage"},"thumbnailUrl":"https:\/\/contactfm72.fr\/wp-content\/uploads\/2022\/10\/repas-des-aines.jpg","articleSection":["Contact FM 72"],"inLanguage":"fr-FR"},{"@type":"WebPage","@id":"https:\/\/contactfm72.fr\/?p=11549","url":"https:\/\/contactfm72.fr\/?p=11549","name":"Montval-sur-Loir : Les 70 ans et plus convi\u00e9s \u00e0 un repas dansant gratuit - Contact FM 99.3","isPartOf":{"@id":"https:\/\/contactfm72.fr\/#website"},"primaryImageOfPage":{"@id":"https:\/\/contactfm72.fr\/?p=11549#primaryimage"},"image":{"@id":"https:\/\/contactfm72.fr\/?p=11549#primaryimage"},"thumbnailUrl":"https:\/\/contactfm72.fr\/wp-content\/uploads\/2022\/10\/repas-des-aines.jpg","datePublished":"2022-10-25T13:30:26+00:00","breadcrumb":{"@id":"https:\/\/contactfm72.fr\/?p=11549#breadcrumb"},"inLanguage":"fr-FR","potentialAction":[{"@type":"ReadAction","target":["https:\/\/contactfm72.fr\/?p=11549"]}]},{"@type":"ImageObject","inLanguage":"fr-FR","@id":"https:\/\/contactfm72.fr\/?p=11549#primaryimage","url":"https:\/\/contactfm72.fr\/wp-content\/uploads\/2022\/10\/repas-des-aines.jpg","contentUrl":"https:\/\/contactfm72.fr\/wp-content\/uploads\/2022\/10\/repas-des-aines.jpg","width":2048,"height":1536,"caption":"Les deux adjoints de Montval-sur-Loir, accompagn\u00e9s de quelques r\u00e9sidentes des Vertolines qui seront pr\u00e9sentes lors du repas dansant."},{"@type":"BreadcrumbList","@id":"https:\/\/contactfm72.fr\/?p=11549#breadcrumb","itemListElement":[{"@type":"ListItem","position":1,"name":"Accueil","item":"https:\/\/contactfm72.fr\/"},{"@type":"ListItem","position":2,"name":"Montval-sur-Loir : Les 70 ans et plus convi\u00e9s \u00e0 un repas dansant gratuit"}]},{"@type":"WebSite","@id":"https:\/\/contactfm72.fr\/#website","url":"https:\/\/contactfm72.fr\/","name":"Contact FM 99.3","description":"Votre radio en vall\u00e9e du Loir","publisher":{"@id":"https:\/\/contactfm72.fr\/#organization"},"potentialAction":[{"@type":"SearchAction","target":{"@type":"EntryPoint","urlTemplate":"https:\/\/contactfm72.fr\/?s={search_term_string}"},"query-input":{"@type":"PropertyValueSpecification","valueRequired":true,"valueName":"search_term_string"}}],"inLanguage":"fr-FR"},{"@type":"Organization","@id":"https:\/\/contactfm72.fr\/#organization","name":"Contact FM 99.3","url":"https:\/\/contactfm72.fr\/","logo":{"@type":"ImageObject","inLanguage":"fr-FR","@id":"https:\/\/contactfm72.fr\/#\/schema\/logo\/image\/","url":"https:\/\/contactfm72.fr\/wp-content\/uploads\/2025\/04\/2025-04-18-2.jpg","contentUrl":"https:\/\/contactfm72.fr\/wp-content\/uploads\/2025\/04\/2025-04-18-2.jpg","width":680,"height":307,"caption":"Contact FM 99.3"},"image":{"@id":"https:\/\/contactfm72.fr\/#\/schema\/logo\/image\/"},"sameAs":["https:\/\/www.facebook.com\/Contactfm.Chateauduloir","https:\/\/x.com\/contactfm72","https:\/\/www.instagram.com\/contact.fm.72?igsh=cGhlMHQ5N2JlNnpp","https:\/\/www.tiktok.com\/@contact.fm"]},{"@type":"Person","@id":"https:\/\/contactfm72.fr\/#\/schema\/person\/9fdc9d1c2eb029354a4f1535b90ba82d","name":"Val\u00e9rie C.","image":{"@type":"ImageObject","inLanguage":"fr-FR","@id":"https:\/\/secure.gravatar.com\/avatar\/2f8aa28f8dfbd7d4420afd1fdcdd0a349923e2c8a38ab28198b0f9d0601e4737?s=96&d=mm&r=g","url":"https:\/\/secure.gravatar.com\/avatar\/2f8aa28f8dfbd7d4420afd1fdcdd0a349923e2c8a38ab28198b0f9d0601e4737?s=96&d=mm&r=g","contentUrl":"https:\/\/secure.gravatar.com\/avatar\/2f8aa28f8dfbd7d4420afd1fdcdd0a349923e2c8a38ab28198b0f9d0601e4737?s=96&d=mm&r=g","caption":"Val\u00e9rie C."},"url":"https:\/\/contactfm72.fr\/?author=4"}]}},"_links":{"self":[{"href":"https:\/\/contactfm72.fr\/index.php?rest_route=\/wp\/v2\/posts\/11549","targetHints":{"allow":["GET"]}}],"collection":[{"href":"https:\/\/contactfm72.fr\/index.php?rest_route=\/wp\/v2\/posts"}],"about":[{"href":"https:\/\/contactfm72.fr\/index.php?rest_route=\/wp\/v2\/types\/post"}],"author":[{"embeddable":true,"href":"https:\/\/contactfm72.fr\/index.php?rest_route=\/wp\/v2\/users\/4"}],"replies":[{"embeddable":true,"href":"https:\/\/contactfm72.fr\/index.php?rest_route=%2Fwp%2Fv2%2Fcomments&post=11549"}],"version-history":[{"count":1,"href":"https:\/\/contactfm72.fr\/index.php?rest_route=\/wp\/v2\/posts\/11549\/revisions"}],"predecessor-version":[{"id":11551,"href":"https:\/\/contactfm72.fr\/index.php?rest_route=\/wp\/v2\/posts\/11549\/revisions\/11551"}],"wp:featuredmedia":[{"embeddable":true,"href":"https:\/\/contactfm72.fr\/index.php?rest_route=\/wp\/v2\/media\/11550"}],"wp:attachment":[{"href":"https:\/\/contactfm72.fr\/index.php?rest_route=%2Fwp%2Fv2%2Fmedia&parent=11549"}],"wp:term":[{"taxonomy":"category","embeddable":true,"href":"https:\/\/contactfm72.fr\/index.php?rest_route=%2Fwp%2Fv2%2Fcategories&post=11549"},{"taxonomy":"post_tag","embeddable":true,"href":"https:\/\/contactfm72.fr\/index.php?rest_route=%2Fwp%2Fv2%2Ftags&post=11549"}],"curies":[{"name":"wp","href":"https:\/\/api.w.org\/{rel}","templated":true}]}}