{"id":11545,"date":"2022-10-24T10:30:41","date_gmt":"2022-10-24T08:30:41","guid":{"rendered":"http:\/\/contactfm72.fr\/?p=11545"},"modified":"2022-10-24T09:56:13","modified_gmt":"2022-10-24T07:56:13","slug":"sarthe-a-dissay-ils-disent-non-aux-eoliennes","status":"publish","type":"post","link":"https:\/\/contactfm72.fr\/?p=11545","title":{"rendered":"Sarthe : A Dissay, ils disent non aux \u00e9oliennes"},"content":{"rendered":"<h2>L&#8217;association de protection de l&#8217;environnement des vall\u00e9es de l&#8217;Escotais, du Long et du Loir (PEVELL) a organis\u00e9 une r\u00e9union publique vendredi 21 octobre. Les b\u00e9n\u00e9voles ont accueilli une quarantaine de Dissay\u00e9ens au sein de la salle municipale.<\/h2>\n<p>&nbsp;<\/p>\n<p>Une r\u00e9union publique pour exposer <strong>\u00ab la v\u00e9rit\u00e9 sur les projets d&#8217;\u00e9oliennes sur Dissay \u00bb<\/strong>. C&#8217;\u00e9tait le th\u00e8me de la conf\u00e9rence organis\u00e9e par l&#8217;<strong>association PEVELL<\/strong>, l&#8217;association contre l&#8217;<strong>implantation de quatre \u00e9oliennes r\u00e9parties sur deux sites de Dissay, les secteurs des Rameries et Beauregard (Sarthe)<\/strong>.<\/p>\n<p><strong>Quatre \u00e9oliennes<\/strong> de 185 m\u00e8tres, 120 m\u00e8tres pour le mat et 65 pour les pales, pour l&#8217;association, c&#8217;est trop. Inquiets par ce projet port\u00e9 par le promoteur <strong>David Energies<\/strong>, filiale du groupe allemand <strong>RWE<\/strong>, les b\u00e9n\u00e9voles sont revenus sur plusieurs th\u00e8mes afin d&#8217;exposer le plus clairement possible l&#8217;enjeu du probl\u00e8me : les mat\u00e9riaux de construction d&#8217;une \u00e9olienne, les impacts d&#8217;une \u00e9olienne concernant la sant\u00e9, l&#8217;immobilier, le tourisme, la faune, la flore, le d\u00e9mant\u00e8lement d&#8217;une \u00e9olienne, qui a une dur\u00e9e de vie de 25 ans, et surtout le bilan carbone.<\/p>\n<blockquote><p>En clair, \u00ab on veut le retrait du projet \u00e9olien \u00bb, r\u00e9sume le pr\u00e9sident, Christophe Calla.<\/p><\/blockquote>\n<p>&nbsp;<\/p>\n<h3>Un collectif soud\u00e9<\/h3>\n<p>Parmi l&#8217;assembl\u00e9e, plusieurs repr\u00e9sentants d&#8217;associations membres du collectif Vent du Loir regroupant plus d&#8217;une quinzaine d&#8217;associations oppos\u00e9es aux \u00e9oliennes en Vall\u00e9e du Loir, \u00e9taient pr\u00e9sents. <strong>Emmanuel Jacquelin, pr\u00e9sident de l&#8217;association D\u00e9fense de la Nature, du Patrimoine et des Paysages de la vall\u00e9e du Loir (DNPPL)<\/strong>, ou encore <strong>Fran\u00e7oise Legrand, pr\u00e9sidente de PEVLB, Pour la protection de l\u2019environnement de la vall\u00e9e du Loir et Berc\u00e9<\/strong>, ont pu apporter leur expertise de part leur exp\u00e9rience sur leur site respectif. Avec l&#8217;extension du parc \u00e9olien de Lavernat et la lutte contre l&#8217;implantation de nombreuses \u00e9oliennes sur la Chapelle-aux-Choux, Villiers-au-Bouin, et Saint-Germain-d\u2019Arc\u00e9, ils ont notamment apport\u00e9 des pr\u00e9cisions quant aux d\u00e9lais avec le pr\u00e9fet, les dossiers, les r\u00e9unions et les relations avec le conseil municipal.<\/p>\n<p>&nbsp;<\/p>\n<h3>\u00c9nergies renouvelables<\/h3>\n<p>L&#8217;association pense \u00e0 plusieurs alternatives \u00e0 ces \u00e9oliennes : le <strong>photovolta\u00efque, la g\u00e9othermie, la biomasse ou encore la fili\u00e8re bois<\/strong>.<\/p>\n<blockquote><p>\u00ab Nous avons plusieurs richesses sur notre territoire, nous ne devons pas fermer les yeux \u00bb, poursuit le b\u00e9n\u00e9vole. Toutes ces alternatives ont \u00e9t\u00e9 pr\u00e9sent\u00e9es dans un dossier \u00ab sch\u00e9ma directeur d&#8217;implantation d&#8217;\u00e9nergies renouvelables \u00bb, lors d&#8217;une table avec le PETR Pays Vall\u00e9e du Loir, puis remis au pr\u00e9fet en 2023. \u00ab On esp\u00e8re que le pr\u00e9fet respectera notre travail collaboratif entre associations et \u00e9lus<\/p><\/blockquote>\n<p>&nbsp;<\/p>\n<h3>Mot d\u2019Herv\u00e9 Ronci\u00e8re<\/h3>\n<p>Le maire de <strong>Montval-sur-Loir et pr\u00e9sident de la communaut\u00e9 de communes Loir-Luc\u00e9-Berc\u00e9, Herv\u00e9 Ronci\u00e8re<\/strong>, a pris la parole.<\/p>\n<blockquote><p>\u00ab Je suis d&#8217;abord venu comme citoyen pour m&#8217;informer sur cette probl\u00e9matique qui nous concerne tous. En tant qu&#8217;\u00e9lu, je me dois de garder les atouts de notre Vall\u00e9e, tout en pensant \u00e0 l&#8217;avenir. J&#8217;ai \u00e9t\u00e9 \u00e0 l&#8217;origine de la demande du sch\u00e9ma des \u00e9nergies aupr\u00e8s du Pays. Je ne prends aucun parti \u00bb.<\/p><\/blockquote>\n<p>&nbsp;<\/p>\n<h5>Pour plus d&#8217;informations, contacter l\u2019association au 72pevell37@gmail.com ou au 06 15 77 84 48.<\/h5>\n<!-- AddThis Advanced Settings generic via filter on the_content --><!-- AddThis Share Buttons generic via filter on the_content -->","protected":false},"excerpt":{"rendered":"<p>L&#8217;association de protection de l&#8217;environnement des vall\u00e9es de l&#8217;Escotais, du Long et du Loir (PEVELL) a organis\u00e9 une r\u00e9union publique vendredi 21 octobre. Les b\u00e9n\u00e9voles ont accueilli une quarantaine de Dissay\u00e9ens au sein de la salle municipale. &nbsp; Une r\u00e9union publique pour exposer \u00ab la v\u00e9rit\u00e9 sur les projets d&#8217;\u00e9oliennes sur Dissay \u00bb. C&#8217;\u00e9tait le&hellip;<!-- AddThis Advanced Settings generic via filter on get_the_excerpt --><!-- AddThis Share Buttons generic via filter on get_the_excerpt --><\/p>\n","protected":false},"author":4,"featured_media":11546,"comment_status":"closed","ping_status":"open","sticky":false,"template":"","format":"standard","meta":{"footnotes":""},"categories":[1],"tags":[],"class_list":["post-11545","post","type-post","status-publish","format-standard","has-post-thumbnail","hentry","category-contact-fm-72","category-1","description-off"],"yoast_head":"<!-- This site is optimized with the Yoast SEO plugin v27.4 - https:\/\/yoast.com\/product\/yoast-seo-wordpress\/ -->\n<title>Sarthe : A Dissay, ils disent non aux \u00e9oliennes - Contact FM 99.3<\/title>\n<meta name=\"robots\" content=\"index, follow, max-snippet:-1, max-image-preview:large, max-video-preview:-1\" \/>\n<link rel=\"canonical\" href=\"https:\/\/contactfm72.fr\/?p=11545\" \/>\n<meta property=\"og:locale\" content=\"fr_FR\" \/>\n<meta property=\"og:type\" content=\"article\" \/>\n<meta property=\"og:title\" content=\"Sarthe : A Dissay, ils disent non aux \u00e9oliennes - Contact FM 99.3\" \/>\n<meta property=\"og:description\" content=\"L&#8217;association de protection de l&#8217;environnement des vall\u00e9es de l&#8217;Escotais, du Long et du Loir (PEVELL) a organis\u00e9 une r\u00e9union publique vendredi 21 octobre. Les b\u00e9n\u00e9voles ont accueilli une quarantaine de Dissay\u00e9ens au sein de la salle municipale. &nbsp; Une r\u00e9union publique pour exposer \u00ab la v\u00e9rit\u00e9 sur les projets d&#8217;\u00e9oliennes sur Dissay \u00bb. C&#8217;\u00e9tait le&hellip;\" \/>\n<meta property=\"og:url\" content=\"https:\/\/contactfm72.fr\/?p=11545\" \/>\n<meta property=\"og:site_name\" content=\"Contact FM 99.3\" \/>\n<meta property=\"article:publisher\" content=\"https:\/\/www.facebook.com\/Contactfm.Chateauduloir\" \/>\n<meta property=\"article:published_time\" content=\"2022-10-24T08:30:41+00:00\" \/>\n<meta property=\"og:image\" content=\"https:\/\/contactfm72.fr\/wp-content\/uploads\/2022\/10\/\u00e9oliennes.jpg\" \/>\n\t<meta property=\"og:image:width\" content=\"2048\" \/>\n\t<meta property=\"og:image:height\" content=\"1536\" \/>\n\t<meta property=\"og:image:type\" content=\"image\/jpeg\" \/>\n<meta name=\"author\" content=\"Val\u00e9rie C.\" \/>\n<meta name=\"twitter:card\" content=\"summary_large_image\" \/>\n<meta name=\"twitter:creator\" content=\"@contactfm72\" \/>\n<meta name=\"twitter:site\" content=\"@contactfm72\" \/>\n<meta name=\"twitter:label1\" content=\"\u00c9crit par\" \/>\n\t<meta name=\"twitter:data1\" content=\"Val\u00e9rie C.\" \/>\n\t<meta name=\"twitter:label2\" content=\"Dur\u00e9e de lecture estim\u00e9e\" \/>\n\t<meta name=\"twitter:data2\" content=\"3 minutes\" \/>\n<script type=\"application\/ld+json\" class=\"yoast-schema-graph\">{\"@context\":\"https:\\\/\\\/schema.org\",\"@graph\":[{\"@type\":\"Article\",\"@id\":\"https:\\\/\\\/contactfm72.fr\\\/?p=11545#article\",\"isPartOf\":{\"@id\":\"https:\\\/\\\/contactfm72.fr\\\/?p=11545\"},\"author\":{\"name\":\"Val\u00e9rie C.\",\"@id\":\"https:\\\/\\\/contactfm72.fr\\\/#\\\/schema\\\/person\\\/9fdc9d1c2eb029354a4f1535b90ba82d\"},\"headline\":\"Sarthe : A Dissay, ils disent non aux \u00e9oliennes\",\"datePublished\":\"2022-10-24T08:30:41+00:00\",\"mainEntityOfPage\":{\"@id\":\"https:\\\/\\\/contactfm72.fr\\\/?p=11545\"},\"wordCount\":570,\"publisher\":{\"@id\":\"https:\\\/\\\/contactfm72.fr\\\/#organization\"},\"image\":{\"@id\":\"https:\\\/\\\/contactfm72.fr\\\/?p=11545#primaryimage\"},\"thumbnailUrl\":\"https:\\\/\\\/contactfm72.fr\\\/wp-content\\\/uploads\\\/2022\\\/10\\\/\u00e9oliennes.jpg\",\"articleSection\":[\"Contact FM 72\"],\"inLanguage\":\"fr-FR\"},{\"@type\":\"WebPage\",\"@id\":\"https:\\\/\\\/contactfm72.fr\\\/?p=11545\",\"url\":\"https:\\\/\\\/contactfm72.fr\\\/?p=11545\",\"name\":\"Sarthe : A Dissay, ils disent non aux \u00e9oliennes - Contact FM 99.3\",\"isPartOf\":{\"@id\":\"https:\\\/\\\/contactfm72.fr\\\/#website\"},\"primaryImageOfPage\":{\"@id\":\"https:\\\/\\\/contactfm72.fr\\\/?p=11545#primaryimage\"},\"image\":{\"@id\":\"https:\\\/\\\/contactfm72.fr\\\/?p=11545#primaryimage\"},\"thumbnailUrl\":\"https:\\\/\\\/contactfm72.fr\\\/wp-content\\\/uploads\\\/2022\\\/10\\\/\u00e9oliennes.jpg\",\"datePublished\":\"2022-10-24T08:30:41+00:00\",\"breadcrumb\":{\"@id\":\"https:\\\/\\\/contactfm72.fr\\\/?p=11545#breadcrumb\"},\"inLanguage\":\"fr-FR\",\"potentialAction\":[{\"@type\":\"ReadAction\",\"target\":[\"https:\\\/\\\/contactfm72.fr\\\/?p=11545\"]}]},{\"@type\":\"ImageObject\",\"inLanguage\":\"fr-FR\",\"@id\":\"https:\\\/\\\/contactfm72.fr\\\/?p=11545#primaryimage\",\"url\":\"https:\\\/\\\/contactfm72.fr\\\/wp-content\\\/uploads\\\/2022\\\/10\\\/\u00e9oliennes.jpg\",\"contentUrl\":\"https:\\\/\\\/contactfm72.fr\\\/wp-content\\\/uploads\\\/2022\\\/10\\\/\u00e9oliennes.jpg\",\"width\":2048,\"height\":1536,\"caption\":\"Lors de la r\u00e9union publique.\"},{\"@type\":\"BreadcrumbList\",\"@id\":\"https:\\\/\\\/contactfm72.fr\\\/?p=11545#breadcrumb\",\"itemListElement\":[{\"@type\":\"ListItem\",\"position\":1,\"name\":\"Accueil\",\"item\":\"https:\\\/\\\/contactfm72.fr\\\/\"},{\"@type\":\"ListItem\",\"position\":2,\"name\":\"Sarthe : A Dissay, ils disent non aux \u00e9oliennes\"}]},{\"@type\":\"WebSite\",\"@id\":\"https:\\\/\\\/contactfm72.fr\\\/#website\",\"url\":\"https:\\\/\\\/contactfm72.fr\\\/\",\"name\":\"Contact FM 99.3\",\"description\":\"Votre radio en vall\u00e9e du Loir\",\"publisher\":{\"@id\":\"https:\\\/\\\/contactfm72.fr\\\/#organization\"},\"potentialAction\":[{\"@type\":\"SearchAction\",\"target\":{\"@type\":\"EntryPoint\",\"urlTemplate\":\"https:\\\/\\\/contactfm72.fr\\\/?s={search_term_string}\"},\"query-input\":{\"@type\":\"PropertyValueSpecification\",\"valueRequired\":true,\"valueName\":\"search_term_string\"}}],\"inLanguage\":\"fr-FR\"},{\"@type\":\"Organization\",\"@id\":\"https:\\\/\\\/contactfm72.fr\\\/#organization\",\"name\":\"Contact FM 99.3\",\"url\":\"https:\\\/\\\/contactfm72.fr\\\/\",\"logo\":{\"@type\":\"ImageObject\",\"inLanguage\":\"fr-FR\",\"@id\":\"https:\\\/\\\/contactfm72.fr\\\/#\\\/schema\\\/logo\\\/image\\\/\",\"url\":\"https:\\\/\\\/contactfm72.fr\\\/wp-content\\\/uploads\\\/2025\\\/04\\\/2025-04-18-2.jpg\",\"contentUrl\":\"https:\\\/\\\/contactfm72.fr\\\/wp-content\\\/uploads\\\/2025\\\/04\\\/2025-04-18-2.jpg\",\"width\":680,\"height\":307,\"caption\":\"Contact FM 99.3\"},\"image\":{\"@id\":\"https:\\\/\\\/contactfm72.fr\\\/#\\\/schema\\\/logo\\\/image\\\/\"},\"sameAs\":[\"https:\\\/\\\/www.facebook.com\\\/Contactfm.Chateauduloir\",\"https:\\\/\\\/x.com\\\/contactfm72\",\"https:\\\/\\\/www.instagram.com\\\/contact.fm.72?igsh=cGhlMHQ5N2JlNnpp\",\"https:\\\/\\\/www.tiktok.com\\\/@contact.fm\"]},{\"@type\":\"Person\",\"@id\":\"https:\\\/\\\/contactfm72.fr\\\/#\\\/schema\\\/person\\\/9fdc9d1c2eb029354a4f1535b90ba82d\",\"name\":\"Val\u00e9rie C.\",\"image\":{\"@type\":\"ImageObject\",\"inLanguage\":\"fr-FR\",\"@id\":\"https:\\\/\\\/secure.gravatar.com\\\/avatar\\\/2f8aa28f8dfbd7d4420afd1fdcdd0a349923e2c8a38ab28198b0f9d0601e4737?s=96&d=mm&r=g\",\"url\":\"https:\\\/\\\/secure.gravatar.com\\\/avatar\\\/2f8aa28f8dfbd7d4420afd1fdcdd0a349923e2c8a38ab28198b0f9d0601e4737?s=96&d=mm&r=g\",\"contentUrl\":\"https:\\\/\\\/secure.gravatar.com\\\/avatar\\\/2f8aa28f8dfbd7d4420afd1fdcdd0a349923e2c8a38ab28198b0f9d0601e4737?s=96&d=mm&r=g\",\"caption\":\"Val\u00e9rie C.\"},\"url\":\"https:\\\/\\\/contactfm72.fr\\\/?author=4\"}]}<\/script>\n<!-- \/ Yoast SEO plugin. -->","yoast_head_json":{"title":"Sarthe : A Dissay, ils disent non aux \u00e9oliennes - Contact FM 99.3","robots":{"index":"index","follow":"follow","max-snippet":"max-snippet:-1","max-image-preview":"max-image-preview:large","max-video-preview":"max-video-preview:-1"},"canonical":"https:\/\/contactfm72.fr\/?p=11545","og_locale":"fr_FR","og_type":"article","og_title":"Sarthe : A Dissay, ils disent non aux \u00e9oliennes - Contact FM 99.3","og_description":"L&#8217;association de protection de l&#8217;environnement des vall\u00e9es de l&#8217;Escotais, du Long et du Loir (PEVELL) a organis\u00e9 une r\u00e9union publique vendredi 21 octobre. Les b\u00e9n\u00e9voles ont accueilli une quarantaine de Dissay\u00e9ens au sein de la salle municipale. &nbsp; Une r\u00e9union publique pour exposer \u00ab la v\u00e9rit\u00e9 sur les projets d&#8217;\u00e9oliennes sur Dissay \u00bb. C&#8217;\u00e9tait le&hellip;","og_url":"https:\/\/contactfm72.fr\/?p=11545","og_site_name":"Contact FM 99.3","article_publisher":"https:\/\/www.facebook.com\/Contactfm.Chateauduloir","article_published_time":"2022-10-24T08:30:41+00:00","og_image":[{"width":2048,"height":1536,"url":"https:\/\/contactfm72.fr\/wp-content\/uploads\/2022\/10\/\u00e9oliennes.jpg","type":"image\/jpeg"}],"author":"Val\u00e9rie C.","twitter_card":"summary_large_image","twitter_creator":"@contactfm72","twitter_site":"@contactfm72","twitter_misc":{"\u00c9crit par":"Val\u00e9rie C.","Dur\u00e9e de lecture estim\u00e9e":"3 minutes"},"schema":{"@context":"https:\/\/schema.org","@graph":[{"@type":"Article","@id":"https:\/\/contactfm72.fr\/?p=11545#article","isPartOf":{"@id":"https:\/\/contactfm72.fr\/?p=11545"},"author":{"name":"Val\u00e9rie C.","@id":"https:\/\/contactfm72.fr\/#\/schema\/person\/9fdc9d1c2eb029354a4f1535b90ba82d"},"headline":"Sarthe : A Dissay, ils disent non aux \u00e9oliennes","datePublished":"2022-10-24T08:30:41+00:00","mainEntityOfPage":{"@id":"https:\/\/contactfm72.fr\/?p=11545"},"wordCount":570,"publisher":{"@id":"https:\/\/contactfm72.fr\/#organization"},"image":{"@id":"https:\/\/contactfm72.fr\/?p=11545#primaryimage"},"thumbnailUrl":"https:\/\/contactfm72.fr\/wp-content\/uploads\/2022\/10\/\u00e9oliennes.jpg","articleSection":["Contact FM 72"],"inLanguage":"fr-FR"},{"@type":"WebPage","@id":"https:\/\/contactfm72.fr\/?p=11545","url":"https:\/\/contactfm72.fr\/?p=11545","name":"Sarthe : A Dissay, ils disent non aux \u00e9oliennes - Contact FM 99.3","isPartOf":{"@id":"https:\/\/contactfm72.fr\/#website"},"primaryImageOfPage":{"@id":"https:\/\/contactfm72.fr\/?p=11545#primaryimage"},"image":{"@id":"https:\/\/contactfm72.fr\/?p=11545#primaryimage"},"thumbnailUrl":"https:\/\/contactfm72.fr\/wp-content\/uploads\/2022\/10\/\u00e9oliennes.jpg","datePublished":"2022-10-24T08:30:41+00:00","breadcrumb":{"@id":"https:\/\/contactfm72.fr\/?p=11545#breadcrumb"},"inLanguage":"fr-FR","potentialAction":[{"@type":"ReadAction","target":["https:\/\/contactfm72.fr\/?p=11545"]}]},{"@type":"ImageObject","inLanguage":"fr-FR","@id":"https:\/\/contactfm72.fr\/?p=11545#primaryimage","url":"https:\/\/contactfm72.fr\/wp-content\/uploads\/2022\/10\/\u00e9oliennes.jpg","contentUrl":"https:\/\/contactfm72.fr\/wp-content\/uploads\/2022\/10\/\u00e9oliennes.jpg","width":2048,"height":1536,"caption":"Lors de la r\u00e9union publique."},{"@type":"BreadcrumbList","@id":"https:\/\/contactfm72.fr\/?p=11545#breadcrumb","itemListElement":[{"@type":"ListItem","position":1,"name":"Accueil","item":"https:\/\/contactfm72.fr\/"},{"@type":"ListItem","position":2,"name":"Sarthe : A Dissay, ils disent non aux \u00e9oliennes"}]},{"@type":"WebSite","@id":"https:\/\/contactfm72.fr\/#website","url":"https:\/\/contactfm72.fr\/","name":"Contact FM 99.3","description":"Votre radio en vall\u00e9e du Loir","publisher":{"@id":"https:\/\/contactfm72.fr\/#organization"},"potentialAction":[{"@type":"SearchAction","target":{"@type":"EntryPoint","urlTemplate":"https:\/\/contactfm72.fr\/?s={search_term_string}"},"query-input":{"@type":"PropertyValueSpecification","valueRequired":true,"valueName":"search_term_string"}}],"inLanguage":"fr-FR"},{"@type":"Organization","@id":"https:\/\/contactfm72.fr\/#organization","name":"Contact FM 99.3","url":"https:\/\/contactfm72.fr\/","logo":{"@type":"ImageObject","inLanguage":"fr-FR","@id":"https:\/\/contactfm72.fr\/#\/schema\/logo\/image\/","url":"https:\/\/contactfm72.fr\/wp-content\/uploads\/2025\/04\/2025-04-18-2.jpg","contentUrl":"https:\/\/contactfm72.fr\/wp-content\/uploads\/2025\/04\/2025-04-18-2.jpg","width":680,"height":307,"caption":"Contact FM 99.3"},"image":{"@id":"https:\/\/contactfm72.fr\/#\/schema\/logo\/image\/"},"sameAs":["https:\/\/www.facebook.com\/Contactfm.Chateauduloir","https:\/\/x.com\/contactfm72","https:\/\/www.instagram.com\/contact.fm.72?igsh=cGhlMHQ5N2JlNnpp","https:\/\/www.tiktok.com\/@contact.fm"]},{"@type":"Person","@id":"https:\/\/contactfm72.fr\/#\/schema\/person\/9fdc9d1c2eb029354a4f1535b90ba82d","name":"Val\u00e9rie C.","image":{"@type":"ImageObject","inLanguage":"fr-FR","@id":"https:\/\/secure.gravatar.com\/avatar\/2f8aa28f8dfbd7d4420afd1fdcdd0a349923e2c8a38ab28198b0f9d0601e4737?s=96&d=mm&r=g","url":"https:\/\/secure.gravatar.com\/avatar\/2f8aa28f8dfbd7d4420afd1fdcdd0a349923e2c8a38ab28198b0f9d0601e4737?s=96&d=mm&r=g","contentUrl":"https:\/\/secure.gravatar.com\/avatar\/2f8aa28f8dfbd7d4420afd1fdcdd0a349923e2c8a38ab28198b0f9d0601e4737?s=96&d=mm&r=g","caption":"Val\u00e9rie C."},"url":"https:\/\/contactfm72.fr\/?author=4"}]}},"_links":{"self":[{"href":"https:\/\/contactfm72.fr\/index.php?rest_route=\/wp\/v2\/posts\/11545","targetHints":{"allow":["GET"]}}],"collection":[{"href":"https:\/\/contactfm72.fr\/index.php?rest_route=\/wp\/v2\/posts"}],"about":[{"href":"https:\/\/contactfm72.fr\/index.php?rest_route=\/wp\/v2\/types\/post"}],"author":[{"embeddable":true,"href":"https:\/\/contactfm72.fr\/index.php?rest_route=\/wp\/v2\/users\/4"}],"replies":[{"embeddable":true,"href":"https:\/\/contactfm72.fr\/index.php?rest_route=%2Fwp%2Fv2%2Fcomments&post=11545"}],"version-history":[{"count":1,"href":"https:\/\/contactfm72.fr\/index.php?rest_route=\/wp\/v2\/posts\/11545\/revisions"}],"predecessor-version":[{"id":11547,"href":"https:\/\/contactfm72.fr\/index.php?rest_route=\/wp\/v2\/posts\/11545\/revisions\/11547"}],"wp:featuredmedia":[{"embeddable":true,"href":"https:\/\/contactfm72.fr\/index.php?rest_route=\/wp\/v2\/media\/11546"}],"wp:attachment":[{"href":"https:\/\/contactfm72.fr\/index.php?rest_route=%2Fwp%2Fv2%2Fmedia&parent=11545"}],"wp:term":[{"taxonomy":"category","embeddable":true,"href":"https:\/\/contactfm72.fr\/index.php?rest_route=%2Fwp%2Fv2%2Fcategories&post=11545"},{"taxonomy":"post_tag","embeddable":true,"href":"https:\/\/contactfm72.fr\/index.php?rest_route=%2Fwp%2Fv2%2Ftags&post=11545"}],"curies":[{"name":"wp","href":"https:\/\/api.w.org\/{rel}","templated":true}]}}