{"id":11455,"date":"2022-10-18T16:47:18","date_gmt":"2022-10-18T14:47:18","guid":{"rendered":"http:\/\/contactfm72.fr\/?p=11455"},"modified":"2022-10-18T16:47:18","modified_gmt":"2022-10-18T14:47:18","slug":"octobre-rose-lhopital-de-chateau-du-loir-et-la-ligue-contre-le-cancer-se-mobilisent","status":"publish","type":"post","link":"https:\/\/contactfm72.fr\/?p=11455","title":{"rendered":"Octobre Rose : L\u2019h\u00f4pital de Ch\u00e2teau-du-Loir et La ligue contre le cancer se mobilisent"},"content":{"rendered":"<h2>Dans le cadre de la campagne annuelle de communication destin\u00e9e \u00e0 sensibiliser les femmes au d\u00e9pistage du cancer du sein et \u00e0 r\u00e9colter des fonds pour la recherche, plus connue sous le nom d\u2019\u00a0 \u00ab\u00a0Octobre Rose\u00a0\u00bb, l\u2019h\u00f4pital de Ch\u00e2teau-du-Loir et la Ligue contre le cancer se mobilisent et annoncent plusieurs \u00e9v\u00e8nements.<\/h2>\n<p>&nbsp;<\/p>\n<p>Ils se mobilisent pour une tr\u00e8s belle cause. <strong>Olga Rocher Verschoor<\/strong>, repr\u00e9sentante de l\u2019antenne locale du <strong>sud Sarthe de la <a href=\"https:\/\/www.ligue-cancer.net\/\">Ligue contre le cancer<\/a><\/strong>, annonce\u00a0: \u00ab\u00a0L\u2019h\u00f4pital de Ch\u00e2teau-du-Loir organise plusieurs \u00e9v\u00e8nements, et c\u2019est une tr\u00e8s bonne chose. Je suis heureuse qu\u2019ils nous suivent\u00a0\u00bb.<\/p>\n<p>Ainsi, chaque ann\u00e9e, les initiatives pour la<strong> campagne de sensibilisation<\/strong> au <strong>cancer du sein<\/strong> et la <strong>r\u00e9colte des fonds<\/strong> est de plus en plus importante. Voici la liste des \u00e9v\u00e8nements \u00ab\u00a0Octobre Rose\u00a0\u00bb du sud Sarthe\u00a0:<\/p>\n<ul>\n<li>\u00a0Le 19 octobre, le lyc\u00e9e <strong>professionnel Mar\u00e9chal Leclerc de Hauteclocque<\/strong> de Montval-sur-Loir organise une <strong>marche<\/strong>.<\/li>\n<li>\u00a0Le samedi 22 octobre, une <strong>marche<\/strong> est organis\u00e9e par le <strong>Centre Hospitalier<\/strong> ; le d\u00e9part a lieu au chalet sur le march\u00e9 d\u00e8s 10 H 30.<\/li>\n<li>\u00a0Le dimanche 23 octobre, les <strong>mairies de Lhomme et Chahaignes<\/strong> organisent \u00e9galement une <strong>marche<\/strong>, de 6 et 8,5 km inscriptions \u00e0 partir de 8 H 30 \u00e0 la mairie.<\/li>\n<li>\u00a0Le dimanche 23 octobre, l&#8217;association <strong>&#8220;Ca bouge \u00e0 Beaumont&#8221;<\/strong> organise \u00e0 son tour une <strong>marche<\/strong> \u00e0 Beaumont-sur-D\u00e8me, de 8 et 12 km.<\/li>\n<li>\u00a0Tout le mois d&#8217;octobre, une <strong>tombola<\/strong> est organis\u00e9e pour gagner deux tableaux, de deux lots diff\u00e9rents, de Damien Bri\u00e8re (nom d&#8217;artiste &#8220;Michto&#8221;). Contact pour les tickets de tombola : \u00ab Hair Nails Chic \u00bb au 02 43 44 10 27.<\/li>\n<\/ul>\n<p>&nbsp;<\/p>\n<h3><strong>Les buts de ces \u00e9v\u00e8nements<\/strong><\/h3>\n<p>Tous les fonds de ces initiatives seront vers\u00e9s \u00e0 la Ligue contre le Cancer de la Sarthe, pour proposer gratuitement des soins de support aux personnes ayant ou ayant eu un cancer, et \u00e0 leur entourage. Ces soins de support (Yoga, Sophrologie et socio-esth\u00e9tique) sont un soutien pour aider les personnes \u00e0 mieux vivre les traitements et l&#8217;apr\u00e8s-cancer.<\/p>\n<p>Par ailleurs, la Ligue contre le Cancer de la Sarthe assure, gr\u00e2ce \u00e0 ses b\u00e9n\u00e9voles, une pr\u00e9sence sur le terrain toute l&#8217;ann\u00e9e pour :<\/p>\n<ul>\n<li><strong>informer<\/strong> sur le cancer, les traitements, et surtout, d\u00e9pistage aussi bien dans les \u00e9coles qu\u2019en entreprises ;<\/li>\n<li><strong> r\u00e9colter<\/strong> des fonds afin de financer la recherche ;<\/li>\n<li><strong> aider<\/strong> les malades et leurs proches ;<\/li>\n<\/ul>\n<p><strong>Ghislaine Mercault, directrice de l\u2019h\u00f4pital<\/strong>, tient par ailleurs \u00e0 alerter:<\/p>\n<blockquote><p>\u00ab Avec la crise sanitaire que l\u2019on vient de vivre, beaucoup de personnes ont subi des difficult\u00e9s pour suivre leur traitement, occulter les d\u00e9pistages. On observe un r\u00e9el retard dans les d\u00e9pistages \u00bb.<\/p><\/blockquote>\n<!-- AddThis Advanced Settings generic via filter on the_content --><!-- AddThis Share Buttons generic via filter on the_content -->","protected":false},"excerpt":{"rendered":"<p>Dans le cadre de la campagne annuelle de communication destin\u00e9e \u00e0 sensibiliser les femmes au d\u00e9pistage du cancer du sein et \u00e0 r\u00e9colter des fonds pour la recherche, plus connue sous le nom d\u2019\u00a0 \u00ab\u00a0Octobre Rose\u00a0\u00bb, l\u2019h\u00f4pital de Ch\u00e2teau-du-Loir et la Ligue contre le cancer se mobilisent et annoncent plusieurs \u00e9v\u00e8nements. &nbsp; Ils se mobilisent&hellip;<!-- AddThis Advanced Settings generic via filter on get_the_excerpt --><!-- AddThis Share Buttons generic via filter on get_the_excerpt --><\/p>\n","protected":false},"author":4,"featured_media":11456,"comment_status":"closed","ping_status":"open","sticky":false,"template":"","format":"standard","meta":{"footnotes":""},"categories":[1],"tags":[],"class_list":["post-11455","post","type-post","status-publish","format-standard","has-post-thumbnail","hentry","category-contact-fm-72","category-1","description-off"],"yoast_head":"<!-- This site is optimized with the Yoast SEO plugin v27.4 - https:\/\/yoast.com\/product\/yoast-seo-wordpress\/ -->\n<title>Octobre Rose : L\u2019h\u00f4pital de Ch\u00e2teau-du-Loir et La ligue contre le cancer se mobilisent - Contact FM 99.3<\/title>\n<meta name=\"robots\" content=\"index, follow, max-snippet:-1, max-image-preview:large, max-video-preview:-1\" \/>\n<link rel=\"canonical\" href=\"https:\/\/contactfm72.fr\/?p=11455\" \/>\n<meta property=\"og:locale\" content=\"fr_FR\" \/>\n<meta property=\"og:type\" content=\"article\" \/>\n<meta property=\"og:title\" content=\"Octobre Rose : L\u2019h\u00f4pital de Ch\u00e2teau-du-Loir et La ligue contre le cancer se mobilisent - Contact FM 99.3\" \/>\n<meta property=\"og:description\" content=\"Dans le cadre de la campagne annuelle de communication destin\u00e9e \u00e0 sensibiliser les femmes au d\u00e9pistage du cancer du sein et \u00e0 r\u00e9colter des fonds pour la recherche, plus connue sous le nom d\u2019\u00a0 \u00ab\u00a0Octobre Rose\u00a0\u00bb, l\u2019h\u00f4pital de Ch\u00e2teau-du-Loir et la Ligue contre le cancer se mobilisent et annoncent plusieurs \u00e9v\u00e8nements. &nbsp; Ils se mobilisent&hellip;\" \/>\n<meta property=\"og:url\" content=\"https:\/\/contactfm72.fr\/?p=11455\" \/>\n<meta property=\"og:site_name\" content=\"Contact FM 99.3\" \/>\n<meta property=\"article:publisher\" content=\"https:\/\/www.facebook.com\/Contactfm.Chateauduloir\" \/>\n<meta property=\"article:published_time\" content=\"2022-10-18T14:47:18+00:00\" \/>\n<meta property=\"og:image\" content=\"https:\/\/contactfm72.fr\/wp-content\/uploads\/2022\/10\/octobre-rose-CH.jpg\" \/>\n\t<meta property=\"og:image:width\" content=\"2048\" \/>\n\t<meta property=\"og:image:height\" content=\"1536\" \/>\n\t<meta property=\"og:image:type\" content=\"image\/jpeg\" \/>\n<meta name=\"author\" content=\"Val\u00e9rie C.\" \/>\n<meta name=\"twitter:card\" content=\"summary_large_image\" \/>\n<meta name=\"twitter:creator\" content=\"@contactfm72\" \/>\n<meta name=\"twitter:site\" content=\"@contactfm72\" \/>\n<meta name=\"twitter:label1\" content=\"\u00c9crit par\" \/>\n\t<meta name=\"twitter:data1\" content=\"Val\u00e9rie C.\" \/>\n\t<meta name=\"twitter:label2\" content=\"Dur\u00e9e de lecture estim\u00e9e\" \/>\n\t<meta name=\"twitter:data2\" content=\"2 minutes\" \/>\n<script type=\"application\/ld+json\" class=\"yoast-schema-graph\">{\"@context\":\"https:\\\/\\\/schema.org\",\"@graph\":[{\"@type\":\"Article\",\"@id\":\"https:\\\/\\\/contactfm72.fr\\\/?p=11455#article\",\"isPartOf\":{\"@id\":\"https:\\\/\\\/contactfm72.fr\\\/?p=11455\"},\"author\":{\"name\":\"Val\u00e9rie C.\",\"@id\":\"https:\\\/\\\/contactfm72.fr\\\/#\\\/schema\\\/person\\\/9fdc9d1c2eb029354a4f1535b90ba82d\"},\"headline\":\"Octobre Rose : L\u2019h\u00f4pital de Ch\u00e2teau-du-Loir et La ligue contre le cancer se mobilisent\",\"datePublished\":\"2022-10-18T14:47:18+00:00\",\"mainEntityOfPage\":{\"@id\":\"https:\\\/\\\/contactfm72.fr\\\/?p=11455\"},\"wordCount\":456,\"publisher\":{\"@id\":\"https:\\\/\\\/contactfm72.fr\\\/#organization\"},\"image\":{\"@id\":\"https:\\\/\\\/contactfm72.fr\\\/?p=11455#primaryimage\"},\"thumbnailUrl\":\"https:\\\/\\\/contactfm72.fr\\\/wp-content\\\/uploads\\\/2022\\\/10\\\/octobre-rose-CH.jpg\",\"articleSection\":[\"Contact FM 72\"],\"inLanguage\":\"fr-FR\"},{\"@type\":\"WebPage\",\"@id\":\"https:\\\/\\\/contactfm72.fr\\\/?p=11455\",\"url\":\"https:\\\/\\\/contactfm72.fr\\\/?p=11455\",\"name\":\"Octobre Rose : L\u2019h\u00f4pital de Ch\u00e2teau-du-Loir et La ligue contre le cancer se mobilisent - Contact FM 99.3\",\"isPartOf\":{\"@id\":\"https:\\\/\\\/contactfm72.fr\\\/#website\"},\"primaryImageOfPage\":{\"@id\":\"https:\\\/\\\/contactfm72.fr\\\/?p=11455#primaryimage\"},\"image\":{\"@id\":\"https:\\\/\\\/contactfm72.fr\\\/?p=11455#primaryimage\"},\"thumbnailUrl\":\"https:\\\/\\\/contactfm72.fr\\\/wp-content\\\/uploads\\\/2022\\\/10\\\/octobre-rose-CH.jpg\",\"datePublished\":\"2022-10-18T14:47:18+00:00\",\"breadcrumb\":{\"@id\":\"https:\\\/\\\/contactfm72.fr\\\/?p=11455#breadcrumb\"},\"inLanguage\":\"fr-FR\",\"potentialAction\":[{\"@type\":\"ReadAction\",\"target\":[\"https:\\\/\\\/contactfm72.fr\\\/?p=11455\"]}]},{\"@type\":\"ImageObject\",\"inLanguage\":\"fr-FR\",\"@id\":\"https:\\\/\\\/contactfm72.fr\\\/?p=11455#primaryimage\",\"url\":\"https:\\\/\\\/contactfm72.fr\\\/wp-content\\\/uploads\\\/2022\\\/10\\\/octobre-rose-CH.jpg\",\"contentUrl\":\"https:\\\/\\\/contactfm72.fr\\\/wp-content\\\/uploads\\\/2022\\\/10\\\/octobre-rose-CH.jpg\",\"width\":2048,\"height\":1536,\"caption\":\"Personnels de l'h\u00f4pital, de la Ligue contre le cancer et municipalit\u00e9, devant le Centre Hospitalier de Ch\u00e2teau-du-Loir.\"},{\"@type\":\"BreadcrumbList\",\"@id\":\"https:\\\/\\\/contactfm72.fr\\\/?p=11455#breadcrumb\",\"itemListElement\":[{\"@type\":\"ListItem\",\"position\":1,\"name\":\"Accueil\",\"item\":\"https:\\\/\\\/contactfm72.fr\\\/\"},{\"@type\":\"ListItem\",\"position\":2,\"name\":\"Octobre Rose : L\u2019h\u00f4pital de Ch\u00e2teau-du-Loir et La ligue contre le cancer se mobilisent\"}]},{\"@type\":\"WebSite\",\"@id\":\"https:\\\/\\\/contactfm72.fr\\\/#website\",\"url\":\"https:\\\/\\\/contactfm72.fr\\\/\",\"name\":\"Contact FM 99.3\",\"description\":\"Votre radio en vall\u00e9e du Loir\",\"publisher\":{\"@id\":\"https:\\\/\\\/contactfm72.fr\\\/#organization\"},\"potentialAction\":[{\"@type\":\"SearchAction\",\"target\":{\"@type\":\"EntryPoint\",\"urlTemplate\":\"https:\\\/\\\/contactfm72.fr\\\/?s={search_term_string}\"},\"query-input\":{\"@type\":\"PropertyValueSpecification\",\"valueRequired\":true,\"valueName\":\"search_term_string\"}}],\"inLanguage\":\"fr-FR\"},{\"@type\":\"Organization\",\"@id\":\"https:\\\/\\\/contactfm72.fr\\\/#organization\",\"name\":\"Contact FM 99.3\",\"url\":\"https:\\\/\\\/contactfm72.fr\\\/\",\"logo\":{\"@type\":\"ImageObject\",\"inLanguage\":\"fr-FR\",\"@id\":\"https:\\\/\\\/contactfm72.fr\\\/#\\\/schema\\\/logo\\\/image\\\/\",\"url\":\"https:\\\/\\\/contactfm72.fr\\\/wp-content\\\/uploads\\\/2025\\\/04\\\/2025-04-18-2.jpg\",\"contentUrl\":\"https:\\\/\\\/contactfm72.fr\\\/wp-content\\\/uploads\\\/2025\\\/04\\\/2025-04-18-2.jpg\",\"width\":680,\"height\":307,\"caption\":\"Contact FM 99.3\"},\"image\":{\"@id\":\"https:\\\/\\\/contactfm72.fr\\\/#\\\/schema\\\/logo\\\/image\\\/\"},\"sameAs\":[\"https:\\\/\\\/www.facebook.com\\\/Contactfm.Chateauduloir\",\"https:\\\/\\\/x.com\\\/contactfm72\",\"https:\\\/\\\/www.instagram.com\\\/contact.fm.72?igsh=cGhlMHQ5N2JlNnpp\",\"https:\\\/\\\/www.tiktok.com\\\/@contact.fm\"]},{\"@type\":\"Person\",\"@id\":\"https:\\\/\\\/contactfm72.fr\\\/#\\\/schema\\\/person\\\/9fdc9d1c2eb029354a4f1535b90ba82d\",\"name\":\"Val\u00e9rie C.\",\"image\":{\"@type\":\"ImageObject\",\"inLanguage\":\"fr-FR\",\"@id\":\"https:\\\/\\\/secure.gravatar.com\\\/avatar\\\/2f8aa28f8dfbd7d4420afd1fdcdd0a349923e2c8a38ab28198b0f9d0601e4737?s=96&d=mm&r=g\",\"url\":\"https:\\\/\\\/secure.gravatar.com\\\/avatar\\\/2f8aa28f8dfbd7d4420afd1fdcdd0a349923e2c8a38ab28198b0f9d0601e4737?s=96&d=mm&r=g\",\"contentUrl\":\"https:\\\/\\\/secure.gravatar.com\\\/avatar\\\/2f8aa28f8dfbd7d4420afd1fdcdd0a349923e2c8a38ab28198b0f9d0601e4737?s=96&d=mm&r=g\",\"caption\":\"Val\u00e9rie C.\"},\"url\":\"https:\\\/\\\/contactfm72.fr\\\/?author=4\"}]}<\/script>\n<!-- \/ Yoast SEO plugin. -->","yoast_head_json":{"title":"Octobre Rose : L\u2019h\u00f4pital de Ch\u00e2teau-du-Loir et La ligue contre le cancer se mobilisent - Contact FM 99.3","robots":{"index":"index","follow":"follow","max-snippet":"max-snippet:-1","max-image-preview":"max-image-preview:large","max-video-preview":"max-video-preview:-1"},"canonical":"https:\/\/contactfm72.fr\/?p=11455","og_locale":"fr_FR","og_type":"article","og_title":"Octobre Rose : L\u2019h\u00f4pital de Ch\u00e2teau-du-Loir et La ligue contre le cancer se mobilisent - Contact FM 99.3","og_description":"Dans le cadre de la campagne annuelle de communication destin\u00e9e \u00e0 sensibiliser les femmes au d\u00e9pistage du cancer du sein et \u00e0 r\u00e9colter des fonds pour la recherche, plus connue sous le nom d\u2019\u00a0 \u00ab\u00a0Octobre Rose\u00a0\u00bb, l\u2019h\u00f4pital de Ch\u00e2teau-du-Loir et la Ligue contre le cancer se mobilisent et annoncent plusieurs \u00e9v\u00e8nements. &nbsp; Ils se mobilisent&hellip;","og_url":"https:\/\/contactfm72.fr\/?p=11455","og_site_name":"Contact FM 99.3","article_publisher":"https:\/\/www.facebook.com\/Contactfm.Chateauduloir","article_published_time":"2022-10-18T14:47:18+00:00","og_image":[{"width":2048,"height":1536,"url":"https:\/\/contactfm72.fr\/wp-content\/uploads\/2022\/10\/octobre-rose-CH.jpg","type":"image\/jpeg"}],"author":"Val\u00e9rie C.","twitter_card":"summary_large_image","twitter_creator":"@contactfm72","twitter_site":"@contactfm72","twitter_misc":{"\u00c9crit par":"Val\u00e9rie C.","Dur\u00e9e de lecture estim\u00e9e":"2 minutes"},"schema":{"@context":"https:\/\/schema.org","@graph":[{"@type":"Article","@id":"https:\/\/contactfm72.fr\/?p=11455#article","isPartOf":{"@id":"https:\/\/contactfm72.fr\/?p=11455"},"author":{"name":"Val\u00e9rie C.","@id":"https:\/\/contactfm72.fr\/#\/schema\/person\/9fdc9d1c2eb029354a4f1535b90ba82d"},"headline":"Octobre Rose : L\u2019h\u00f4pital de Ch\u00e2teau-du-Loir et La ligue contre le cancer se mobilisent","datePublished":"2022-10-18T14:47:18+00:00","mainEntityOfPage":{"@id":"https:\/\/contactfm72.fr\/?p=11455"},"wordCount":456,"publisher":{"@id":"https:\/\/contactfm72.fr\/#organization"},"image":{"@id":"https:\/\/contactfm72.fr\/?p=11455#primaryimage"},"thumbnailUrl":"https:\/\/contactfm72.fr\/wp-content\/uploads\/2022\/10\/octobre-rose-CH.jpg","articleSection":["Contact FM 72"],"inLanguage":"fr-FR"},{"@type":"WebPage","@id":"https:\/\/contactfm72.fr\/?p=11455","url":"https:\/\/contactfm72.fr\/?p=11455","name":"Octobre Rose : L\u2019h\u00f4pital de Ch\u00e2teau-du-Loir et La ligue contre le cancer se mobilisent - Contact FM 99.3","isPartOf":{"@id":"https:\/\/contactfm72.fr\/#website"},"primaryImageOfPage":{"@id":"https:\/\/contactfm72.fr\/?p=11455#primaryimage"},"image":{"@id":"https:\/\/contactfm72.fr\/?p=11455#primaryimage"},"thumbnailUrl":"https:\/\/contactfm72.fr\/wp-content\/uploads\/2022\/10\/octobre-rose-CH.jpg","datePublished":"2022-10-18T14:47:18+00:00","breadcrumb":{"@id":"https:\/\/contactfm72.fr\/?p=11455#breadcrumb"},"inLanguage":"fr-FR","potentialAction":[{"@type":"ReadAction","target":["https:\/\/contactfm72.fr\/?p=11455"]}]},{"@type":"ImageObject","inLanguage":"fr-FR","@id":"https:\/\/contactfm72.fr\/?p=11455#primaryimage","url":"https:\/\/contactfm72.fr\/wp-content\/uploads\/2022\/10\/octobre-rose-CH.jpg","contentUrl":"https:\/\/contactfm72.fr\/wp-content\/uploads\/2022\/10\/octobre-rose-CH.jpg","width":2048,"height":1536,"caption":"Personnels de l'h\u00f4pital, de la Ligue contre le cancer et municipalit\u00e9, devant le Centre Hospitalier de Ch\u00e2teau-du-Loir."},{"@type":"BreadcrumbList","@id":"https:\/\/contactfm72.fr\/?p=11455#breadcrumb","itemListElement":[{"@type":"ListItem","position":1,"name":"Accueil","item":"https:\/\/contactfm72.fr\/"},{"@type":"ListItem","position":2,"name":"Octobre Rose : L\u2019h\u00f4pital de Ch\u00e2teau-du-Loir et La ligue contre le cancer se mobilisent"}]},{"@type":"WebSite","@id":"https:\/\/contactfm72.fr\/#website","url":"https:\/\/contactfm72.fr\/","name":"Contact FM 99.3","description":"Votre radio en vall\u00e9e du Loir","publisher":{"@id":"https:\/\/contactfm72.fr\/#organization"},"potentialAction":[{"@type":"SearchAction","target":{"@type":"EntryPoint","urlTemplate":"https:\/\/contactfm72.fr\/?s={search_term_string}"},"query-input":{"@type":"PropertyValueSpecification","valueRequired":true,"valueName":"search_term_string"}}],"inLanguage":"fr-FR"},{"@type":"Organization","@id":"https:\/\/contactfm72.fr\/#organization","name":"Contact FM 99.3","url":"https:\/\/contactfm72.fr\/","logo":{"@type":"ImageObject","inLanguage":"fr-FR","@id":"https:\/\/contactfm72.fr\/#\/schema\/logo\/image\/","url":"https:\/\/contactfm72.fr\/wp-content\/uploads\/2025\/04\/2025-04-18-2.jpg","contentUrl":"https:\/\/contactfm72.fr\/wp-content\/uploads\/2025\/04\/2025-04-18-2.jpg","width":680,"height":307,"caption":"Contact FM 99.3"},"image":{"@id":"https:\/\/contactfm72.fr\/#\/schema\/logo\/image\/"},"sameAs":["https:\/\/www.facebook.com\/Contactfm.Chateauduloir","https:\/\/x.com\/contactfm72","https:\/\/www.instagram.com\/contact.fm.72?igsh=cGhlMHQ5N2JlNnpp","https:\/\/www.tiktok.com\/@contact.fm"]},{"@type":"Person","@id":"https:\/\/contactfm72.fr\/#\/schema\/person\/9fdc9d1c2eb029354a4f1535b90ba82d","name":"Val\u00e9rie C.","image":{"@type":"ImageObject","inLanguage":"fr-FR","@id":"https:\/\/secure.gravatar.com\/avatar\/2f8aa28f8dfbd7d4420afd1fdcdd0a349923e2c8a38ab28198b0f9d0601e4737?s=96&d=mm&r=g","url":"https:\/\/secure.gravatar.com\/avatar\/2f8aa28f8dfbd7d4420afd1fdcdd0a349923e2c8a38ab28198b0f9d0601e4737?s=96&d=mm&r=g","contentUrl":"https:\/\/secure.gravatar.com\/avatar\/2f8aa28f8dfbd7d4420afd1fdcdd0a349923e2c8a38ab28198b0f9d0601e4737?s=96&d=mm&r=g","caption":"Val\u00e9rie C."},"url":"https:\/\/contactfm72.fr\/?author=4"}]}},"_links":{"self":[{"href":"https:\/\/contactfm72.fr\/index.php?rest_route=\/wp\/v2\/posts\/11455","targetHints":{"allow":["GET"]}}],"collection":[{"href":"https:\/\/contactfm72.fr\/index.php?rest_route=\/wp\/v2\/posts"}],"about":[{"href":"https:\/\/contactfm72.fr\/index.php?rest_route=\/wp\/v2\/types\/post"}],"author":[{"embeddable":true,"href":"https:\/\/contactfm72.fr\/index.php?rest_route=\/wp\/v2\/users\/4"}],"replies":[{"embeddable":true,"href":"https:\/\/contactfm72.fr\/index.php?rest_route=%2Fwp%2Fv2%2Fcomments&post=11455"}],"version-history":[{"count":1,"href":"https:\/\/contactfm72.fr\/index.php?rest_route=\/wp\/v2\/posts\/11455\/revisions"}],"predecessor-version":[{"id":11457,"href":"https:\/\/contactfm72.fr\/index.php?rest_route=\/wp\/v2\/posts\/11455\/revisions\/11457"}],"wp:featuredmedia":[{"embeddable":true,"href":"https:\/\/contactfm72.fr\/index.php?rest_route=\/wp\/v2\/media\/11456"}],"wp:attachment":[{"href":"https:\/\/contactfm72.fr\/index.php?rest_route=%2Fwp%2Fv2%2Fmedia&parent=11455"}],"wp:term":[{"taxonomy":"category","embeddable":true,"href":"https:\/\/contactfm72.fr\/index.php?rest_route=%2Fwp%2Fv2%2Fcategories&post=11455"},{"taxonomy":"post_tag","embeddable":true,"href":"https:\/\/contactfm72.fr\/index.php?rest_route=%2Fwp%2Fv2%2Ftags&post=11455"}],"curies":[{"name":"wp","href":"https:\/\/api.w.org\/{rel}","templated":true}]}}