{"id":11254,"date":"2022-09-29T18:30:15","date_gmt":"2022-09-29T16:30:15","guid":{"rendered":"http:\/\/contactfm72.fr\/?p=11254"},"modified":"2022-09-29T15:44:30","modified_gmt":"2022-09-29T13:44:30","slug":"sarthe-deviation-de-vaas-la-deuxieme-tranche-de-travaux-a-debute","status":"publish","type":"post","link":"https:\/\/contactfm72.fr\/?p=11254","title":{"rendered":"Sarthe. D\u00e9viation de Vaas : la deuxi\u00e8me tranche de travaux a d\u00e9but\u00e9"},"content":{"rendered":"<h2>Dominique Le M\u00e8ner, Pr\u00e9sident du Conseil d\u00e9partemental de la Sarthe, Marie-Pierre Brosset, vice-pr\u00e9sidente de la Commission charg\u00e9e des Infrastructures Routi\u00e8res et Fran\u00e7ois Boussard et Brigitte Lecor, conseillers d\u00e9partementaux du canton, ont visit\u00e9 le chantier de la d\u00e9viation de Vaas.<\/h2>\n<p>&nbsp;<\/p>\n<p>La deuxi\u00e8me phase des travaux a d\u00e9but\u00e9\u00a0! L\u2019<strong>am\u00e9nagement de la d\u00e9viation de Vaas (Sarthe)<\/strong> consiste \u00e0 cr\u00e9er une <strong>nouvelle infrastructure routi\u00e8re de 3.180 km<\/strong>, permettant de d\u00e9vier la RD 305 par le nord de l\u2019agglom\u00e9ration de Vaas. Cette deuxi\u00e8me tranche de travaux fait suite \u00e0 la r\u00e9alisation de la premi\u00e8re section de la d\u00e9viation, mise en service en octobre 2016 entre la RD 305 (route du Lude) et la RD 30.<\/p>\n<p>&nbsp;<\/p>\n<h3><strong>Quels travaux\u00a0? <\/strong><\/h3>\n<p>Les travaux consistent en la construction de l\u2019<strong>ouvrage hydraulique<\/strong> permettant de franchir le ruisseau du Ponceau et d\u2019autre part les travaux de <strong>terrassements, assainissement et r\u00e9alisation de la couche de forme<\/strong> de l\u2019ensemble de cette deuxi\u00e8me section. Les enrob\u00e9s, comprenant couches de fondation, de base et de roulement, sont pr\u00e9vus au printemps 2023.<\/p>\n<p>La mise en service de la d\u00e9viation est envisag\u00e9e pour la <strong>fin du premier semestre 2023<\/strong>.<\/p>\n<p>Il est \u00e9galement pr\u00e9vu la r\u00e9alisation du <strong>giratoire de la future d\u00e9viation en entr\u00e9e d\u2019agglom\u00e9ration<\/strong> sur la RD 305 (route de Montval-sur-Loir). Ce giratoire sera mis en service fin 2022.<\/p>\n<p>&nbsp;<\/p>\n<p>&nbsp;<\/p>\n<div id=\"attachment_11255\" style=\"width: 1450px\" class=\"wp-caption alignnone\"><img loading=\"lazy\" decoding=\"async\" aria-describedby=\"caption-attachment-11255\" class=\"size-full wp-image-11255\" src=\"http:\/\/contactfm72.fr\/wp-content\/uploads\/2022\/09\/D\u00e9viation-Vaas-Cr\u00e9dits-D\u00e9partement-de-la-Sarthe.jpg\" alt=\"Les travaux de la d\u00e9viation de Vaas ont d\u00e9but\u00e9 en septembre 2022. Cr\u00e9dits : D\u00e9partement de la Sarthe.\" width=\"1440\" height=\"960\" \/><p id=\"caption-attachment-11255\" class=\"wp-caption-text\">Les travaux de la d\u00e9viation de Vaas ont d\u00e9but\u00e9 en septembre 2022. Cr\u00e9dits : D\u00e9partement de la Sarthe.<\/p><\/div>\n<h3><strong>Limiter le trafic routier de Vaas<\/strong><\/h3>\n<p>Cet am\u00e9nagement permettra de\u00a0:<\/p>\n<ul>\n<li><strong>d\u00e9sengorger<\/strong> le centre-ville de Vaas,<\/li>\n<li><strong>favoriser<\/strong> le transit des poids-lourds entre l\u2019autoroute A28 et les diff\u00e9rentes zones industrielles de la Vall\u00e9e du Loir,<\/li>\n<li><strong>am\u00e9liorer<\/strong> la s\u00e9curit\u00e9 de tous les usagers et riverains en d\u00e9tournant les poids-lourds qui empruntent actuellement des voies communales peu adapt\u00e9es dans la travers\u00e9e du centre de Vaas.<\/li>\n<\/ul>\n<p>&nbsp;<\/p>\n<h3><strong>Impact sur la circulation<\/strong><\/h3>\n<p>Pendant la construction de ce giratoire, sur la RD 305, afin d\u2019assurer la s\u00e9curit\u00e9 des usagers et des riverains, et le bon d\u00e9roulement du chantier, la <strong>largeur des voies sera adapt\u00e9e<\/strong> et les zones chantier isol\u00e9es par des s\u00e9parateurs en b\u00e9ton. La <strong>vitesse sera abaiss\u00e9e \u00e0 70 km\/h<\/strong>. la circulation sera maintenue dans les deux sens de circulation mais un alternat par feux sera mis en place.<\/p>\n<p>&nbsp;<\/p>\n<h3><strong>Les co\u00fbts de l\u2019op\u00e9ration<\/strong><\/h3>\n<p>La ma\u00eetrise d\u2019ouvrage de ces travaux rel\u00e8ve du D\u00e9partement de la Sarthe, d\u2019un montant total de <strong>7.80 millions d\u2019euros hors taxe.<\/strong> Le montant total des travaux de la deuxi\u00e8me tranche de la d\u00e9viation pr\u00e9voit un budget pr\u00e9visionnel de 2.80 millions d\u2019euros hors taxe.<\/p>\n<!-- AddThis Advanced Settings generic via filter on the_content --><!-- AddThis Share Buttons generic via filter on the_content -->","protected":false},"excerpt":{"rendered":"<p>Dominique Le M\u00e8ner, Pr\u00e9sident du Conseil d\u00e9partemental de la Sarthe, Marie-Pierre Brosset, vice-pr\u00e9sidente de la Commission charg\u00e9e des Infrastructures Routi\u00e8res et Fran\u00e7ois Boussard et Brigitte Lecor, conseillers d\u00e9partementaux du canton, ont visit\u00e9 le chantier de la d\u00e9viation de Vaas. &nbsp; La deuxi\u00e8me phase des travaux a d\u00e9but\u00e9\u00a0! L\u2019am\u00e9nagement de la d\u00e9viation de Vaas (Sarthe) consiste&hellip;<!-- AddThis Advanced Settings generic via filter on get_the_excerpt --><!-- AddThis Share Buttons generic via filter on get_the_excerpt --><\/p>\n","protected":false},"author":4,"featured_media":11256,"comment_status":"closed","ping_status":"open","sticky":false,"template":"","format":"standard","meta":{"footnotes":""},"categories":[1],"tags":[],"class_list":["post-11254","post","type-post","status-publish","format-standard","has-post-thumbnail","hentry","category-contact-fm-72","category-1","description-off"],"yoast_head":"<!-- This site is optimized with the Yoast SEO plugin v27.4 - https:\/\/yoast.com\/product\/yoast-seo-wordpress\/ -->\n<title>Sarthe. D\u00e9viation de Vaas : la deuxi\u00e8me tranche de travaux a d\u00e9but\u00e9 - Contact FM 99.3<\/title>\n<meta name=\"robots\" content=\"index, follow, max-snippet:-1, max-image-preview:large, max-video-preview:-1\" \/>\n<link rel=\"canonical\" href=\"https:\/\/contactfm72.fr\/?p=11254\" \/>\n<meta property=\"og:locale\" content=\"fr_FR\" \/>\n<meta property=\"og:type\" content=\"article\" \/>\n<meta property=\"og:title\" content=\"Sarthe. D\u00e9viation de Vaas : la deuxi\u00e8me tranche de travaux a d\u00e9but\u00e9 - Contact FM 99.3\" \/>\n<meta property=\"og:description\" content=\"Dominique Le M\u00e8ner, Pr\u00e9sident du Conseil d\u00e9partemental de la Sarthe, Marie-Pierre Brosset, vice-pr\u00e9sidente de la Commission charg\u00e9e des Infrastructures Routi\u00e8res et Fran\u00e7ois Boussard et Brigitte Lecor, conseillers d\u00e9partementaux du canton, ont visit\u00e9 le chantier de la d\u00e9viation de Vaas. &nbsp; La deuxi\u00e8me phase des travaux a d\u00e9but\u00e9\u00a0! L\u2019am\u00e9nagement de la d\u00e9viation de Vaas (Sarthe) consiste&hellip;\" \/>\n<meta property=\"og:url\" content=\"https:\/\/contactfm72.fr\/?p=11254\" \/>\n<meta property=\"og:site_name\" content=\"Contact FM 99.3\" \/>\n<meta property=\"article:publisher\" content=\"https:\/\/www.facebook.com\/Contactfm.Chateauduloir\" \/>\n<meta property=\"article:published_time\" content=\"2022-09-29T16:30:15+00:00\" \/>\n<meta property=\"og:image\" content=\"https:\/\/contactfm72.fr\/wp-content\/uploads\/2022\/09\/Lors-de-la-visite-des-\u00e9lus-Cr\u00e9dits-D\u00e9partement-de-la-Sarthe.jpg\" \/>\n\t<meta property=\"og:image:width\" content=\"1440\" \/>\n\t<meta property=\"og:image:height\" content=\"960\" \/>\n\t<meta property=\"og:image:type\" content=\"image\/jpeg\" \/>\n<meta name=\"author\" content=\"Val\u00e9rie C.\" \/>\n<meta name=\"twitter:card\" content=\"summary_large_image\" \/>\n<meta name=\"twitter:creator\" content=\"@contactfm72\" \/>\n<meta name=\"twitter:site\" content=\"@contactfm72\" \/>\n<meta name=\"twitter:label1\" content=\"\u00c9crit par\" \/>\n\t<meta name=\"twitter:data1\" content=\"Val\u00e9rie C.\" \/>\n\t<meta name=\"twitter:label2\" content=\"Dur\u00e9e de lecture estim\u00e9e\" \/>\n\t<meta name=\"twitter:data2\" content=\"2 minutes\" \/>\n<script type=\"application\/ld+json\" class=\"yoast-schema-graph\">{\"@context\":\"https:\\\/\\\/schema.org\",\"@graph\":[{\"@type\":\"Article\",\"@id\":\"https:\\\/\\\/contactfm72.fr\\\/?p=11254#article\",\"isPartOf\":{\"@id\":\"https:\\\/\\\/contactfm72.fr\\\/?p=11254\"},\"author\":{\"name\":\"Val\u00e9rie C.\",\"@id\":\"https:\\\/\\\/contactfm72.fr\\\/#\\\/schema\\\/person\\\/9fdc9d1c2eb029354a4f1535b90ba82d\"},\"headline\":\"Sarthe. D\u00e9viation de Vaas : la deuxi\u00e8me tranche de travaux a d\u00e9but\u00e9\",\"datePublished\":\"2022-09-29T16:30:15+00:00\",\"mainEntityOfPage\":{\"@id\":\"https:\\\/\\\/contactfm72.fr\\\/?p=11254\"},\"wordCount\":492,\"publisher\":{\"@id\":\"https:\\\/\\\/contactfm72.fr\\\/#organization\"},\"image\":{\"@id\":\"https:\\\/\\\/contactfm72.fr\\\/?p=11254#primaryimage\"},\"thumbnailUrl\":\"https:\\\/\\\/contactfm72.fr\\\/wp-content\\\/uploads\\\/2022\\\/09\\\/Lors-de-la-visite-des-\u00e9lus-Cr\u00e9dits-D\u00e9partement-de-la-Sarthe.jpg\",\"articleSection\":[\"Contact FM 72\"],\"inLanguage\":\"fr-FR\"},{\"@type\":\"WebPage\",\"@id\":\"https:\\\/\\\/contactfm72.fr\\\/?p=11254\",\"url\":\"https:\\\/\\\/contactfm72.fr\\\/?p=11254\",\"name\":\"Sarthe. D\u00e9viation de Vaas : la deuxi\u00e8me tranche de travaux a d\u00e9but\u00e9 - Contact FM 99.3\",\"isPartOf\":{\"@id\":\"https:\\\/\\\/contactfm72.fr\\\/#website\"},\"primaryImageOfPage\":{\"@id\":\"https:\\\/\\\/contactfm72.fr\\\/?p=11254#primaryimage\"},\"image\":{\"@id\":\"https:\\\/\\\/contactfm72.fr\\\/?p=11254#primaryimage\"},\"thumbnailUrl\":\"https:\\\/\\\/contactfm72.fr\\\/wp-content\\\/uploads\\\/2022\\\/09\\\/Lors-de-la-visite-des-\u00e9lus-Cr\u00e9dits-D\u00e9partement-de-la-Sarthe.jpg\",\"datePublished\":\"2022-09-29T16:30:15+00:00\",\"breadcrumb\":{\"@id\":\"https:\\\/\\\/contactfm72.fr\\\/?p=11254#breadcrumb\"},\"inLanguage\":\"fr-FR\",\"potentialAction\":[{\"@type\":\"ReadAction\",\"target\":[\"https:\\\/\\\/contactfm72.fr\\\/?p=11254\"]}]},{\"@type\":\"ImageObject\",\"inLanguage\":\"fr-FR\",\"@id\":\"https:\\\/\\\/contactfm72.fr\\\/?p=11254#primaryimage\",\"url\":\"https:\\\/\\\/contactfm72.fr\\\/wp-content\\\/uploads\\\/2022\\\/09\\\/Lors-de-la-visite-des-\u00e9lus-Cr\u00e9dits-D\u00e9partement-de-la-Sarthe.jpg\",\"contentUrl\":\"https:\\\/\\\/contactfm72.fr\\\/wp-content\\\/uploads\\\/2022\\\/09\\\/Lors-de-la-visite-des-\u00e9lus-Cr\u00e9dits-D\u00e9partement-de-la-Sarthe.jpg\",\"width\":1440,\"height\":960,\"caption\":\"Lors de la visite des \u00e9lus. Cr\u00e9dits : D\u00e9partement de la Sarthe\"},{\"@type\":\"BreadcrumbList\",\"@id\":\"https:\\\/\\\/contactfm72.fr\\\/?p=11254#breadcrumb\",\"itemListElement\":[{\"@type\":\"ListItem\",\"position\":1,\"name\":\"Accueil\",\"item\":\"https:\\\/\\\/contactfm72.fr\\\/\"},{\"@type\":\"ListItem\",\"position\":2,\"name\":\"Sarthe. D\u00e9viation de Vaas : la deuxi\u00e8me tranche de travaux a d\u00e9but\u00e9\"}]},{\"@type\":\"WebSite\",\"@id\":\"https:\\\/\\\/contactfm72.fr\\\/#website\",\"url\":\"https:\\\/\\\/contactfm72.fr\\\/\",\"name\":\"Contact FM 99.3\",\"description\":\"Votre radio en vall\u00e9e du Loir\",\"publisher\":{\"@id\":\"https:\\\/\\\/contactfm72.fr\\\/#organization\"},\"potentialAction\":[{\"@type\":\"SearchAction\",\"target\":{\"@type\":\"EntryPoint\",\"urlTemplate\":\"https:\\\/\\\/contactfm72.fr\\\/?s={search_term_string}\"},\"query-input\":{\"@type\":\"PropertyValueSpecification\",\"valueRequired\":true,\"valueName\":\"search_term_string\"}}],\"inLanguage\":\"fr-FR\"},{\"@type\":\"Organization\",\"@id\":\"https:\\\/\\\/contactfm72.fr\\\/#organization\",\"name\":\"Contact FM 99.3\",\"url\":\"https:\\\/\\\/contactfm72.fr\\\/\",\"logo\":{\"@type\":\"ImageObject\",\"inLanguage\":\"fr-FR\",\"@id\":\"https:\\\/\\\/contactfm72.fr\\\/#\\\/schema\\\/logo\\\/image\\\/\",\"url\":\"https:\\\/\\\/contactfm72.fr\\\/wp-content\\\/uploads\\\/2025\\\/04\\\/2025-04-18-2.jpg\",\"contentUrl\":\"https:\\\/\\\/contactfm72.fr\\\/wp-content\\\/uploads\\\/2025\\\/04\\\/2025-04-18-2.jpg\",\"width\":680,\"height\":307,\"caption\":\"Contact FM 99.3\"},\"image\":{\"@id\":\"https:\\\/\\\/contactfm72.fr\\\/#\\\/schema\\\/logo\\\/image\\\/\"},\"sameAs\":[\"https:\\\/\\\/www.facebook.com\\\/Contactfm.Chateauduloir\",\"https:\\\/\\\/x.com\\\/contactfm72\",\"https:\\\/\\\/www.instagram.com\\\/contact.fm.72?igsh=cGhlMHQ5N2JlNnpp\",\"https:\\\/\\\/www.tiktok.com\\\/@contact.fm\"]},{\"@type\":\"Person\",\"@id\":\"https:\\\/\\\/contactfm72.fr\\\/#\\\/schema\\\/person\\\/9fdc9d1c2eb029354a4f1535b90ba82d\",\"name\":\"Val\u00e9rie C.\",\"image\":{\"@type\":\"ImageObject\",\"inLanguage\":\"fr-FR\",\"@id\":\"https:\\\/\\\/secure.gravatar.com\\\/avatar\\\/2f8aa28f8dfbd7d4420afd1fdcdd0a349923e2c8a38ab28198b0f9d0601e4737?s=96&d=mm&r=g\",\"url\":\"https:\\\/\\\/secure.gravatar.com\\\/avatar\\\/2f8aa28f8dfbd7d4420afd1fdcdd0a349923e2c8a38ab28198b0f9d0601e4737?s=96&d=mm&r=g\",\"contentUrl\":\"https:\\\/\\\/secure.gravatar.com\\\/avatar\\\/2f8aa28f8dfbd7d4420afd1fdcdd0a349923e2c8a38ab28198b0f9d0601e4737?s=96&d=mm&r=g\",\"caption\":\"Val\u00e9rie C.\"},\"url\":\"https:\\\/\\\/contactfm72.fr\\\/?author=4\"}]}<\/script>\n<!-- \/ Yoast SEO plugin. -->","yoast_head_json":{"title":"Sarthe. D\u00e9viation de Vaas : la deuxi\u00e8me tranche de travaux a d\u00e9but\u00e9 - Contact FM 99.3","robots":{"index":"index","follow":"follow","max-snippet":"max-snippet:-1","max-image-preview":"max-image-preview:large","max-video-preview":"max-video-preview:-1"},"canonical":"https:\/\/contactfm72.fr\/?p=11254","og_locale":"fr_FR","og_type":"article","og_title":"Sarthe. D\u00e9viation de Vaas : la deuxi\u00e8me tranche de travaux a d\u00e9but\u00e9 - Contact FM 99.3","og_description":"Dominique Le M\u00e8ner, Pr\u00e9sident du Conseil d\u00e9partemental de la Sarthe, Marie-Pierre Brosset, vice-pr\u00e9sidente de la Commission charg\u00e9e des Infrastructures Routi\u00e8res et Fran\u00e7ois Boussard et Brigitte Lecor, conseillers d\u00e9partementaux du canton, ont visit\u00e9 le chantier de la d\u00e9viation de Vaas. &nbsp; La deuxi\u00e8me phase des travaux a d\u00e9but\u00e9\u00a0! L\u2019am\u00e9nagement de la d\u00e9viation de Vaas (Sarthe) consiste&hellip;","og_url":"https:\/\/contactfm72.fr\/?p=11254","og_site_name":"Contact FM 99.3","article_publisher":"https:\/\/www.facebook.com\/Contactfm.Chateauduloir","article_published_time":"2022-09-29T16:30:15+00:00","og_image":[{"width":1440,"height":960,"url":"https:\/\/contactfm72.fr\/wp-content\/uploads\/2022\/09\/Lors-de-la-visite-des-\u00e9lus-Cr\u00e9dits-D\u00e9partement-de-la-Sarthe.jpg","type":"image\/jpeg"}],"author":"Val\u00e9rie C.","twitter_card":"summary_large_image","twitter_creator":"@contactfm72","twitter_site":"@contactfm72","twitter_misc":{"\u00c9crit par":"Val\u00e9rie C.","Dur\u00e9e de lecture estim\u00e9e":"2 minutes"},"schema":{"@context":"https:\/\/schema.org","@graph":[{"@type":"Article","@id":"https:\/\/contactfm72.fr\/?p=11254#article","isPartOf":{"@id":"https:\/\/contactfm72.fr\/?p=11254"},"author":{"name":"Val\u00e9rie C.","@id":"https:\/\/contactfm72.fr\/#\/schema\/person\/9fdc9d1c2eb029354a4f1535b90ba82d"},"headline":"Sarthe. D\u00e9viation de Vaas : la deuxi\u00e8me tranche de travaux a d\u00e9but\u00e9","datePublished":"2022-09-29T16:30:15+00:00","mainEntityOfPage":{"@id":"https:\/\/contactfm72.fr\/?p=11254"},"wordCount":492,"publisher":{"@id":"https:\/\/contactfm72.fr\/#organization"},"image":{"@id":"https:\/\/contactfm72.fr\/?p=11254#primaryimage"},"thumbnailUrl":"https:\/\/contactfm72.fr\/wp-content\/uploads\/2022\/09\/Lors-de-la-visite-des-\u00e9lus-Cr\u00e9dits-D\u00e9partement-de-la-Sarthe.jpg","articleSection":["Contact FM 72"],"inLanguage":"fr-FR"},{"@type":"WebPage","@id":"https:\/\/contactfm72.fr\/?p=11254","url":"https:\/\/contactfm72.fr\/?p=11254","name":"Sarthe. D\u00e9viation de Vaas : la deuxi\u00e8me tranche de travaux a d\u00e9but\u00e9 - Contact FM 99.3","isPartOf":{"@id":"https:\/\/contactfm72.fr\/#website"},"primaryImageOfPage":{"@id":"https:\/\/contactfm72.fr\/?p=11254#primaryimage"},"image":{"@id":"https:\/\/contactfm72.fr\/?p=11254#primaryimage"},"thumbnailUrl":"https:\/\/contactfm72.fr\/wp-content\/uploads\/2022\/09\/Lors-de-la-visite-des-\u00e9lus-Cr\u00e9dits-D\u00e9partement-de-la-Sarthe.jpg","datePublished":"2022-09-29T16:30:15+00:00","breadcrumb":{"@id":"https:\/\/contactfm72.fr\/?p=11254#breadcrumb"},"inLanguage":"fr-FR","potentialAction":[{"@type":"ReadAction","target":["https:\/\/contactfm72.fr\/?p=11254"]}]},{"@type":"ImageObject","inLanguage":"fr-FR","@id":"https:\/\/contactfm72.fr\/?p=11254#primaryimage","url":"https:\/\/contactfm72.fr\/wp-content\/uploads\/2022\/09\/Lors-de-la-visite-des-\u00e9lus-Cr\u00e9dits-D\u00e9partement-de-la-Sarthe.jpg","contentUrl":"https:\/\/contactfm72.fr\/wp-content\/uploads\/2022\/09\/Lors-de-la-visite-des-\u00e9lus-Cr\u00e9dits-D\u00e9partement-de-la-Sarthe.jpg","width":1440,"height":960,"caption":"Lors de la visite des \u00e9lus. Cr\u00e9dits : D\u00e9partement de la Sarthe"},{"@type":"BreadcrumbList","@id":"https:\/\/contactfm72.fr\/?p=11254#breadcrumb","itemListElement":[{"@type":"ListItem","position":1,"name":"Accueil","item":"https:\/\/contactfm72.fr\/"},{"@type":"ListItem","position":2,"name":"Sarthe. D\u00e9viation de Vaas : la deuxi\u00e8me tranche de travaux a d\u00e9but\u00e9"}]},{"@type":"WebSite","@id":"https:\/\/contactfm72.fr\/#website","url":"https:\/\/contactfm72.fr\/","name":"Contact FM 99.3","description":"Votre radio en vall\u00e9e du Loir","publisher":{"@id":"https:\/\/contactfm72.fr\/#organization"},"potentialAction":[{"@type":"SearchAction","target":{"@type":"EntryPoint","urlTemplate":"https:\/\/contactfm72.fr\/?s={search_term_string}"},"query-input":{"@type":"PropertyValueSpecification","valueRequired":true,"valueName":"search_term_string"}}],"inLanguage":"fr-FR"},{"@type":"Organization","@id":"https:\/\/contactfm72.fr\/#organization","name":"Contact FM 99.3","url":"https:\/\/contactfm72.fr\/","logo":{"@type":"ImageObject","inLanguage":"fr-FR","@id":"https:\/\/contactfm72.fr\/#\/schema\/logo\/image\/","url":"https:\/\/contactfm72.fr\/wp-content\/uploads\/2025\/04\/2025-04-18-2.jpg","contentUrl":"https:\/\/contactfm72.fr\/wp-content\/uploads\/2025\/04\/2025-04-18-2.jpg","width":680,"height":307,"caption":"Contact FM 99.3"},"image":{"@id":"https:\/\/contactfm72.fr\/#\/schema\/logo\/image\/"},"sameAs":["https:\/\/www.facebook.com\/Contactfm.Chateauduloir","https:\/\/x.com\/contactfm72","https:\/\/www.instagram.com\/contact.fm.72?igsh=cGhlMHQ5N2JlNnpp","https:\/\/www.tiktok.com\/@contact.fm"]},{"@type":"Person","@id":"https:\/\/contactfm72.fr\/#\/schema\/person\/9fdc9d1c2eb029354a4f1535b90ba82d","name":"Val\u00e9rie C.","image":{"@type":"ImageObject","inLanguage":"fr-FR","@id":"https:\/\/secure.gravatar.com\/avatar\/2f8aa28f8dfbd7d4420afd1fdcdd0a349923e2c8a38ab28198b0f9d0601e4737?s=96&d=mm&r=g","url":"https:\/\/secure.gravatar.com\/avatar\/2f8aa28f8dfbd7d4420afd1fdcdd0a349923e2c8a38ab28198b0f9d0601e4737?s=96&d=mm&r=g","contentUrl":"https:\/\/secure.gravatar.com\/avatar\/2f8aa28f8dfbd7d4420afd1fdcdd0a349923e2c8a38ab28198b0f9d0601e4737?s=96&d=mm&r=g","caption":"Val\u00e9rie C."},"url":"https:\/\/contactfm72.fr\/?author=4"}]}},"_links":{"self":[{"href":"https:\/\/contactfm72.fr\/index.php?rest_route=\/wp\/v2\/posts\/11254","targetHints":{"allow":["GET"]}}],"collection":[{"href":"https:\/\/contactfm72.fr\/index.php?rest_route=\/wp\/v2\/posts"}],"about":[{"href":"https:\/\/contactfm72.fr\/index.php?rest_route=\/wp\/v2\/types\/post"}],"author":[{"embeddable":true,"href":"https:\/\/contactfm72.fr\/index.php?rest_route=\/wp\/v2\/users\/4"}],"replies":[{"embeddable":true,"href":"https:\/\/contactfm72.fr\/index.php?rest_route=%2Fwp%2Fv2%2Fcomments&post=11254"}],"version-history":[{"count":1,"href":"https:\/\/contactfm72.fr\/index.php?rest_route=\/wp\/v2\/posts\/11254\/revisions"}],"predecessor-version":[{"id":11257,"href":"https:\/\/contactfm72.fr\/index.php?rest_route=\/wp\/v2\/posts\/11254\/revisions\/11257"}],"wp:featuredmedia":[{"embeddable":true,"href":"https:\/\/contactfm72.fr\/index.php?rest_route=\/wp\/v2\/media\/11256"}],"wp:attachment":[{"href":"https:\/\/contactfm72.fr\/index.php?rest_route=%2Fwp%2Fv2%2Fmedia&parent=11254"}],"wp:term":[{"taxonomy":"category","embeddable":true,"href":"https:\/\/contactfm72.fr\/index.php?rest_route=%2Fwp%2Fv2%2Fcategories&post=11254"},{"taxonomy":"post_tag","embeddable":true,"href":"https:\/\/contactfm72.fr\/index.php?rest_route=%2Fwp%2Fv2%2Ftags&post=11254"}],"curies":[{"name":"wp","href":"https:\/\/api.w.org\/{rel}","templated":true}]}}