{"id":11215,"date":"2022-09-27T15:12:34","date_gmt":"2022-09-27T13:12:34","guid":{"rendered":"http:\/\/contactfm72.fr\/?p=11215"},"modified":"2022-09-27T15:12:34","modified_gmt":"2022-09-27T13:12:34","slug":"cine-off-montval-sur-loir-le-cinema-les-recollets-fait-sa-rentree","status":"publish","type":"post","link":"https:\/\/contactfm72.fr\/?p=11215","title":{"rendered":"Cin\u00e9-Off. Montval-sur-Loir : Le cin\u00e9ma les R\u00e9collets fait sa rentr\u00e9e"},"content":{"rendered":"<h2>Le cin\u00e9ma les R\u00e9collets de Montval-sur-Loir a lanc\u00e9 sa saison cin\u00e9matographique. Au programme, plusieurs temps forts \u00e0 retrouver sur l\u2019ann\u00e9e.<\/h2>\n<p>&nbsp;<\/p>\n<p>&nbsp;<\/p>\n<p>Vendredi 23 septembre, le <strong>cin\u00e9ma les R\u00e9collets de Montval-sur-Loir (Sarthe)<\/strong> a fait sa rentr\u00e9e. C&#8217;est lors de la pr\u00e9sentation de leur film coup de c\u0153ur,<strong> &#8220;Revoir Paris&#8221;<\/strong>, que les animatrices de la soir\u00e9e ont pr\u00e9sent\u00e9 la nouvelle saison cin\u00e9matographique.<\/p>\n<p>&nbsp;<\/p>\n<h3>Quelques chiffres<\/h3>\n<p><strong>Cin\u00e9-Off<\/strong>, l&#8217;association en charge des programmations et des projections du cin\u00e9ma, fait part de quelques chiffres concernant le cin\u00e9ma Montvalois. La saison pr\u00e9c\u00e9dente, l&#8217;association enregistre une <strong>perte de 27%<\/strong> vis-\u00e0-vis de l&#8217;ann\u00e9e 2019, les ann\u00e9es Covid n&#8217;\u00e9taient pas des r\u00e9f\u00e9rences. Mais, ce chiffre n&#8217;est pas repr\u00e9sentatif puisque &#8220;2019 a \u00e9t\u00e9 une ann\u00e9e exceptionnelle sur le plan des entr\u00e9es enregistr\u00e9es dans les salles obscures&#8221;, pr\u00e9cise <strong>Sol\u00e8ne Berger, nouvelle directrice de Cin\u00e9-Off.<\/strong> Elle remplace Monique Augeneau, d\u00e9sormais en retraite. <strong>Marie Lucas devient projectionniste<\/strong> en charge de l&#8217;animation. A noter que le cin\u00e9ma de Montval-sur-Loir recense une <strong>trentaine de spectateurs<\/strong> en moyenne par s\u00e9ance.<\/p>\n<p>&nbsp;<\/p>\n<h3>Temps forts de la saison<\/h3>\n<p>Cette ann\u00e9e, plusieurs temps forts seront \u00e0 retrouver au cin\u00e9ma les R\u00e9collets : l&#8217;\u00e9v\u00e8nement <strong>Graines d&#8217;images junior<\/strong> du 25 octobre au 5 novembre, l&#8217;incontournable <strong>cin\u00e9 culte<\/strong> \u00e0 retrouver une fois par mois, la fameuse <strong>Nuit de l&#8217;angoisse<\/strong> lors d&#8217;Halloween et enfin <strong>Regard sur le monde rural<\/strong> en f\u00e9vrier.<\/p>\n<p>Enfin, plusieurs films d\u00e9bats seront organis\u00e9s avec intervenants tout au long de l&#8217;ann\u00e9e.<\/p>\n<p>&nbsp;<\/p>\n<h5>Espace Les R\u00e9collets, rue du Th\u00e9\u00e2tre \u00e0 Montval-sur-Loir. <a href=\"https:\/\/cine-off.fr\/salle\/montval-sur-loir\/\">https:\/\/cine-off.fr\/salle\/montval-sur-loir\/<\/a><\/h5>\n<!-- AddThis Advanced Settings generic via filter on the_content --><!-- AddThis Share Buttons generic via filter on the_content -->","protected":false},"excerpt":{"rendered":"<p>Le cin\u00e9ma les R\u00e9collets de Montval-sur-Loir a lanc\u00e9 sa saison cin\u00e9matographique. Au programme, plusieurs temps forts \u00e0 retrouver sur l\u2019ann\u00e9e. &nbsp; &nbsp; Vendredi 23 septembre, le cin\u00e9ma les R\u00e9collets de Montval-sur-Loir (Sarthe) a fait sa rentr\u00e9e. C&#8217;est lors de la pr\u00e9sentation de leur film coup de c\u0153ur, &#8220;Revoir Paris&#8221;, que les animatrices de la soir\u00e9e&hellip;<!-- AddThis Advanced Settings generic via filter on get_the_excerpt --><!-- AddThis Share Buttons generic via filter on get_the_excerpt --><\/p>\n","protected":false},"author":4,"featured_media":11216,"comment_status":"closed","ping_status":"open","sticky":false,"template":"","format":"standard","meta":{"footnotes":""},"categories":[1],"tags":[],"class_list":["post-11215","post","type-post","status-publish","format-standard","has-post-thumbnail","hentry","category-contact-fm-72","category-1","description-off"],"yoast_head":"<!-- This site is optimized with the Yoast SEO plugin v27.4 - https:\/\/yoast.com\/product\/yoast-seo-wordpress\/ -->\n<title>Cin\u00e9-Off. Montval-sur-Loir : Le cin\u00e9ma les R\u00e9collets fait sa rentr\u00e9e - Contact FM 99.3<\/title>\n<meta name=\"robots\" content=\"index, follow, max-snippet:-1, max-image-preview:large, max-video-preview:-1\" \/>\n<link rel=\"canonical\" href=\"https:\/\/contactfm72.fr\/?p=11215\" \/>\n<meta property=\"og:locale\" content=\"fr_FR\" \/>\n<meta property=\"og:type\" content=\"article\" \/>\n<meta property=\"og:title\" content=\"Cin\u00e9-Off. Montval-sur-Loir : Le cin\u00e9ma les R\u00e9collets fait sa rentr\u00e9e - Contact FM 99.3\" \/>\n<meta property=\"og:description\" content=\"Le cin\u00e9ma les R\u00e9collets de Montval-sur-Loir a lanc\u00e9 sa saison cin\u00e9matographique. Au programme, plusieurs temps forts \u00e0 retrouver sur l\u2019ann\u00e9e. &nbsp; &nbsp; Vendredi 23 septembre, le cin\u00e9ma les R\u00e9collets de Montval-sur-Loir (Sarthe) a fait sa rentr\u00e9e. C&#8217;est lors de la pr\u00e9sentation de leur film coup de c\u0153ur, &#8220;Revoir Paris&#8221;, que les animatrices de la soir\u00e9e&hellip;\" \/>\n<meta property=\"og:url\" content=\"https:\/\/contactfm72.fr\/?p=11215\" \/>\n<meta property=\"og:site_name\" content=\"Contact FM 99.3\" \/>\n<meta property=\"article:publisher\" content=\"https:\/\/www.facebook.com\/Contactfm.Chateauduloir\" \/>\n<meta property=\"article:published_time\" content=\"2022-09-27T13:12:34+00:00\" \/>\n<meta property=\"og:image\" content=\"https:\/\/contactfm72.fr\/wp-content\/uploads\/2022\/09\/rentr\u00e9e-cin\u00e9ma.jpg\" \/>\n\t<meta property=\"og:image:width\" content=\"2016\" \/>\n\t<meta property=\"og:image:height\" content=\"1512\" \/>\n\t<meta property=\"og:image:type\" content=\"image\/jpeg\" \/>\n<meta name=\"author\" content=\"Val\u00e9rie C.\" \/>\n<meta name=\"twitter:card\" content=\"summary_large_image\" \/>\n<meta name=\"twitter:creator\" content=\"@contactfm72\" \/>\n<meta name=\"twitter:site\" content=\"@contactfm72\" \/>\n<meta name=\"twitter:label1\" content=\"\u00c9crit par\" \/>\n\t<meta name=\"twitter:data1\" content=\"Val\u00e9rie C.\" \/>\n\t<meta name=\"twitter:label2\" content=\"Dur\u00e9e de lecture estim\u00e9e\" \/>\n\t<meta name=\"twitter:data2\" content=\"1 minute\" \/>\n<script type=\"application\/ld+json\" class=\"yoast-schema-graph\">{\"@context\":\"https:\\\/\\\/schema.org\",\"@graph\":[{\"@type\":\"Article\",\"@id\":\"https:\\\/\\\/contactfm72.fr\\\/?p=11215#article\",\"isPartOf\":{\"@id\":\"https:\\\/\\\/contactfm72.fr\\\/?p=11215\"},\"author\":{\"name\":\"Val\u00e9rie C.\",\"@id\":\"https:\\\/\\\/contactfm72.fr\\\/#\\\/schema\\\/person\\\/9fdc9d1c2eb029354a4f1535b90ba82d\"},\"headline\":\"Cin\u00e9-Off. Montval-sur-Loir : Le cin\u00e9ma les R\u00e9collets fait sa rentr\u00e9e\",\"datePublished\":\"2022-09-27T13:12:34+00:00\",\"mainEntityOfPage\":{\"@id\":\"https:\\\/\\\/contactfm72.fr\\\/?p=11215\"},\"wordCount\":304,\"publisher\":{\"@id\":\"https:\\\/\\\/contactfm72.fr\\\/#organization\"},\"image\":{\"@id\":\"https:\\\/\\\/contactfm72.fr\\\/?p=11215#primaryimage\"},\"thumbnailUrl\":\"https:\\\/\\\/contactfm72.fr\\\/wp-content\\\/uploads\\\/2022\\\/09\\\/rentr\u00e9e-cin\u00e9ma.jpg\",\"articleSection\":[\"Contact FM 72\"],\"inLanguage\":\"fr-FR\"},{\"@type\":\"WebPage\",\"@id\":\"https:\\\/\\\/contactfm72.fr\\\/?p=11215\",\"url\":\"https:\\\/\\\/contactfm72.fr\\\/?p=11215\",\"name\":\"Cin\u00e9-Off. Montval-sur-Loir : Le cin\u00e9ma les R\u00e9collets fait sa rentr\u00e9e - Contact FM 99.3\",\"isPartOf\":{\"@id\":\"https:\\\/\\\/contactfm72.fr\\\/#website\"},\"primaryImageOfPage\":{\"@id\":\"https:\\\/\\\/contactfm72.fr\\\/?p=11215#primaryimage\"},\"image\":{\"@id\":\"https:\\\/\\\/contactfm72.fr\\\/?p=11215#primaryimage\"},\"thumbnailUrl\":\"https:\\\/\\\/contactfm72.fr\\\/wp-content\\\/uploads\\\/2022\\\/09\\\/rentr\u00e9e-cin\u00e9ma.jpg\",\"datePublished\":\"2022-09-27T13:12:34+00:00\",\"breadcrumb\":{\"@id\":\"https:\\\/\\\/contactfm72.fr\\\/?p=11215#breadcrumb\"},\"inLanguage\":\"fr-FR\",\"potentialAction\":[{\"@type\":\"ReadAction\",\"target\":[\"https:\\\/\\\/contactfm72.fr\\\/?p=11215\"]}]},{\"@type\":\"ImageObject\",\"inLanguage\":\"fr-FR\",\"@id\":\"https:\\\/\\\/contactfm72.fr\\\/?p=11215#primaryimage\",\"url\":\"https:\\\/\\\/contactfm72.fr\\\/wp-content\\\/uploads\\\/2022\\\/09\\\/rentr\u00e9e-cin\u00e9ma.jpg\",\"contentUrl\":\"https:\\\/\\\/contactfm72.fr\\\/wp-content\\\/uploads\\\/2022\\\/09\\\/rentr\u00e9e-cin\u00e9ma.jpg\",\"width\":2016,\"height\":1512,\"caption\":\"De g. \u00e0 dr. Marie Lucas, et Sol\u00e8ne Berger, nouvelle et ancienne projectionniste de Cin\u00e9-Off.\"},{\"@type\":\"BreadcrumbList\",\"@id\":\"https:\\\/\\\/contactfm72.fr\\\/?p=11215#breadcrumb\",\"itemListElement\":[{\"@type\":\"ListItem\",\"position\":1,\"name\":\"Accueil\",\"item\":\"https:\\\/\\\/contactfm72.fr\\\/\"},{\"@type\":\"ListItem\",\"position\":2,\"name\":\"Cin\u00e9-Off. Montval-sur-Loir : Le cin\u00e9ma les R\u00e9collets fait sa rentr\u00e9e\"}]},{\"@type\":\"WebSite\",\"@id\":\"https:\\\/\\\/contactfm72.fr\\\/#website\",\"url\":\"https:\\\/\\\/contactfm72.fr\\\/\",\"name\":\"Contact FM 99.3\",\"description\":\"Votre radio en vall\u00e9e du Loir\",\"publisher\":{\"@id\":\"https:\\\/\\\/contactfm72.fr\\\/#organization\"},\"potentialAction\":[{\"@type\":\"SearchAction\",\"target\":{\"@type\":\"EntryPoint\",\"urlTemplate\":\"https:\\\/\\\/contactfm72.fr\\\/?s={search_term_string}\"},\"query-input\":{\"@type\":\"PropertyValueSpecification\",\"valueRequired\":true,\"valueName\":\"search_term_string\"}}],\"inLanguage\":\"fr-FR\"},{\"@type\":\"Organization\",\"@id\":\"https:\\\/\\\/contactfm72.fr\\\/#organization\",\"name\":\"Contact FM 99.3\",\"url\":\"https:\\\/\\\/contactfm72.fr\\\/\",\"logo\":{\"@type\":\"ImageObject\",\"inLanguage\":\"fr-FR\",\"@id\":\"https:\\\/\\\/contactfm72.fr\\\/#\\\/schema\\\/logo\\\/image\\\/\",\"url\":\"https:\\\/\\\/contactfm72.fr\\\/wp-content\\\/uploads\\\/2025\\\/04\\\/2025-04-18-2.jpg\",\"contentUrl\":\"https:\\\/\\\/contactfm72.fr\\\/wp-content\\\/uploads\\\/2025\\\/04\\\/2025-04-18-2.jpg\",\"width\":680,\"height\":307,\"caption\":\"Contact FM 99.3\"},\"image\":{\"@id\":\"https:\\\/\\\/contactfm72.fr\\\/#\\\/schema\\\/logo\\\/image\\\/\"},\"sameAs\":[\"https:\\\/\\\/www.facebook.com\\\/Contactfm.Chateauduloir\",\"https:\\\/\\\/x.com\\\/contactfm72\",\"https:\\\/\\\/www.instagram.com\\\/contact.fm.72?igsh=cGhlMHQ5N2JlNnpp\",\"https:\\\/\\\/www.tiktok.com\\\/@contact.fm\"]},{\"@type\":\"Person\",\"@id\":\"https:\\\/\\\/contactfm72.fr\\\/#\\\/schema\\\/person\\\/9fdc9d1c2eb029354a4f1535b90ba82d\",\"name\":\"Val\u00e9rie C.\",\"image\":{\"@type\":\"ImageObject\",\"inLanguage\":\"fr-FR\",\"@id\":\"https:\\\/\\\/secure.gravatar.com\\\/avatar\\\/2f8aa28f8dfbd7d4420afd1fdcdd0a349923e2c8a38ab28198b0f9d0601e4737?s=96&d=mm&r=g\",\"url\":\"https:\\\/\\\/secure.gravatar.com\\\/avatar\\\/2f8aa28f8dfbd7d4420afd1fdcdd0a349923e2c8a38ab28198b0f9d0601e4737?s=96&d=mm&r=g\",\"contentUrl\":\"https:\\\/\\\/secure.gravatar.com\\\/avatar\\\/2f8aa28f8dfbd7d4420afd1fdcdd0a349923e2c8a38ab28198b0f9d0601e4737?s=96&d=mm&r=g\",\"caption\":\"Val\u00e9rie C.\"},\"url\":\"https:\\\/\\\/contactfm72.fr\\\/?author=4\"}]}<\/script>\n<!-- \/ Yoast SEO plugin. -->","yoast_head_json":{"title":"Cin\u00e9-Off. Montval-sur-Loir : Le cin\u00e9ma les R\u00e9collets fait sa rentr\u00e9e - Contact FM 99.3","robots":{"index":"index","follow":"follow","max-snippet":"max-snippet:-1","max-image-preview":"max-image-preview:large","max-video-preview":"max-video-preview:-1"},"canonical":"https:\/\/contactfm72.fr\/?p=11215","og_locale":"fr_FR","og_type":"article","og_title":"Cin\u00e9-Off. Montval-sur-Loir : Le cin\u00e9ma les R\u00e9collets fait sa rentr\u00e9e - Contact FM 99.3","og_description":"Le cin\u00e9ma les R\u00e9collets de Montval-sur-Loir a lanc\u00e9 sa saison cin\u00e9matographique. Au programme, plusieurs temps forts \u00e0 retrouver sur l\u2019ann\u00e9e. &nbsp; &nbsp; Vendredi 23 septembre, le cin\u00e9ma les R\u00e9collets de Montval-sur-Loir (Sarthe) a fait sa rentr\u00e9e. C&#8217;est lors de la pr\u00e9sentation de leur film coup de c\u0153ur, &#8220;Revoir Paris&#8221;, que les animatrices de la soir\u00e9e&hellip;","og_url":"https:\/\/contactfm72.fr\/?p=11215","og_site_name":"Contact FM 99.3","article_publisher":"https:\/\/www.facebook.com\/Contactfm.Chateauduloir","article_published_time":"2022-09-27T13:12:34+00:00","og_image":[{"width":2016,"height":1512,"url":"https:\/\/contactfm72.fr\/wp-content\/uploads\/2022\/09\/rentr\u00e9e-cin\u00e9ma.jpg","type":"image\/jpeg"}],"author":"Val\u00e9rie C.","twitter_card":"summary_large_image","twitter_creator":"@contactfm72","twitter_site":"@contactfm72","twitter_misc":{"\u00c9crit par":"Val\u00e9rie C.","Dur\u00e9e de lecture estim\u00e9e":"1 minute"},"schema":{"@context":"https:\/\/schema.org","@graph":[{"@type":"Article","@id":"https:\/\/contactfm72.fr\/?p=11215#article","isPartOf":{"@id":"https:\/\/contactfm72.fr\/?p=11215"},"author":{"name":"Val\u00e9rie C.","@id":"https:\/\/contactfm72.fr\/#\/schema\/person\/9fdc9d1c2eb029354a4f1535b90ba82d"},"headline":"Cin\u00e9-Off. Montval-sur-Loir : Le cin\u00e9ma les R\u00e9collets fait sa rentr\u00e9e","datePublished":"2022-09-27T13:12:34+00:00","mainEntityOfPage":{"@id":"https:\/\/contactfm72.fr\/?p=11215"},"wordCount":304,"publisher":{"@id":"https:\/\/contactfm72.fr\/#organization"},"image":{"@id":"https:\/\/contactfm72.fr\/?p=11215#primaryimage"},"thumbnailUrl":"https:\/\/contactfm72.fr\/wp-content\/uploads\/2022\/09\/rentr\u00e9e-cin\u00e9ma.jpg","articleSection":["Contact FM 72"],"inLanguage":"fr-FR"},{"@type":"WebPage","@id":"https:\/\/contactfm72.fr\/?p=11215","url":"https:\/\/contactfm72.fr\/?p=11215","name":"Cin\u00e9-Off. Montval-sur-Loir : Le cin\u00e9ma les R\u00e9collets fait sa rentr\u00e9e - Contact FM 99.3","isPartOf":{"@id":"https:\/\/contactfm72.fr\/#website"},"primaryImageOfPage":{"@id":"https:\/\/contactfm72.fr\/?p=11215#primaryimage"},"image":{"@id":"https:\/\/contactfm72.fr\/?p=11215#primaryimage"},"thumbnailUrl":"https:\/\/contactfm72.fr\/wp-content\/uploads\/2022\/09\/rentr\u00e9e-cin\u00e9ma.jpg","datePublished":"2022-09-27T13:12:34+00:00","breadcrumb":{"@id":"https:\/\/contactfm72.fr\/?p=11215#breadcrumb"},"inLanguage":"fr-FR","potentialAction":[{"@type":"ReadAction","target":["https:\/\/contactfm72.fr\/?p=11215"]}]},{"@type":"ImageObject","inLanguage":"fr-FR","@id":"https:\/\/contactfm72.fr\/?p=11215#primaryimage","url":"https:\/\/contactfm72.fr\/wp-content\/uploads\/2022\/09\/rentr\u00e9e-cin\u00e9ma.jpg","contentUrl":"https:\/\/contactfm72.fr\/wp-content\/uploads\/2022\/09\/rentr\u00e9e-cin\u00e9ma.jpg","width":2016,"height":1512,"caption":"De g. \u00e0 dr. Marie Lucas, et Sol\u00e8ne Berger, nouvelle et ancienne projectionniste de Cin\u00e9-Off."},{"@type":"BreadcrumbList","@id":"https:\/\/contactfm72.fr\/?p=11215#breadcrumb","itemListElement":[{"@type":"ListItem","position":1,"name":"Accueil","item":"https:\/\/contactfm72.fr\/"},{"@type":"ListItem","position":2,"name":"Cin\u00e9-Off. Montval-sur-Loir : Le cin\u00e9ma les R\u00e9collets fait sa rentr\u00e9e"}]},{"@type":"WebSite","@id":"https:\/\/contactfm72.fr\/#website","url":"https:\/\/contactfm72.fr\/","name":"Contact FM 99.3","description":"Votre radio en vall\u00e9e du Loir","publisher":{"@id":"https:\/\/contactfm72.fr\/#organization"},"potentialAction":[{"@type":"SearchAction","target":{"@type":"EntryPoint","urlTemplate":"https:\/\/contactfm72.fr\/?s={search_term_string}"},"query-input":{"@type":"PropertyValueSpecification","valueRequired":true,"valueName":"search_term_string"}}],"inLanguage":"fr-FR"},{"@type":"Organization","@id":"https:\/\/contactfm72.fr\/#organization","name":"Contact FM 99.3","url":"https:\/\/contactfm72.fr\/","logo":{"@type":"ImageObject","inLanguage":"fr-FR","@id":"https:\/\/contactfm72.fr\/#\/schema\/logo\/image\/","url":"https:\/\/contactfm72.fr\/wp-content\/uploads\/2025\/04\/2025-04-18-2.jpg","contentUrl":"https:\/\/contactfm72.fr\/wp-content\/uploads\/2025\/04\/2025-04-18-2.jpg","width":680,"height":307,"caption":"Contact FM 99.3"},"image":{"@id":"https:\/\/contactfm72.fr\/#\/schema\/logo\/image\/"},"sameAs":["https:\/\/www.facebook.com\/Contactfm.Chateauduloir","https:\/\/x.com\/contactfm72","https:\/\/www.instagram.com\/contact.fm.72?igsh=cGhlMHQ5N2JlNnpp","https:\/\/www.tiktok.com\/@contact.fm"]},{"@type":"Person","@id":"https:\/\/contactfm72.fr\/#\/schema\/person\/9fdc9d1c2eb029354a4f1535b90ba82d","name":"Val\u00e9rie C.","image":{"@type":"ImageObject","inLanguage":"fr-FR","@id":"https:\/\/secure.gravatar.com\/avatar\/2f8aa28f8dfbd7d4420afd1fdcdd0a349923e2c8a38ab28198b0f9d0601e4737?s=96&d=mm&r=g","url":"https:\/\/secure.gravatar.com\/avatar\/2f8aa28f8dfbd7d4420afd1fdcdd0a349923e2c8a38ab28198b0f9d0601e4737?s=96&d=mm&r=g","contentUrl":"https:\/\/secure.gravatar.com\/avatar\/2f8aa28f8dfbd7d4420afd1fdcdd0a349923e2c8a38ab28198b0f9d0601e4737?s=96&d=mm&r=g","caption":"Val\u00e9rie C."},"url":"https:\/\/contactfm72.fr\/?author=4"}]}},"_links":{"self":[{"href":"https:\/\/contactfm72.fr\/index.php?rest_route=\/wp\/v2\/posts\/11215","targetHints":{"allow":["GET"]}}],"collection":[{"href":"https:\/\/contactfm72.fr\/index.php?rest_route=\/wp\/v2\/posts"}],"about":[{"href":"https:\/\/contactfm72.fr\/index.php?rest_route=\/wp\/v2\/types\/post"}],"author":[{"embeddable":true,"href":"https:\/\/contactfm72.fr\/index.php?rest_route=\/wp\/v2\/users\/4"}],"replies":[{"embeddable":true,"href":"https:\/\/contactfm72.fr\/index.php?rest_route=%2Fwp%2Fv2%2Fcomments&post=11215"}],"version-history":[{"count":2,"href":"https:\/\/contactfm72.fr\/index.php?rest_route=\/wp\/v2\/posts\/11215\/revisions"}],"predecessor-version":[{"id":11218,"href":"https:\/\/contactfm72.fr\/index.php?rest_route=\/wp\/v2\/posts\/11215\/revisions\/11218"}],"wp:featuredmedia":[{"embeddable":true,"href":"https:\/\/contactfm72.fr\/index.php?rest_route=\/wp\/v2\/media\/11216"}],"wp:attachment":[{"href":"https:\/\/contactfm72.fr\/index.php?rest_route=%2Fwp%2Fv2%2Fmedia&parent=11215"}],"wp:term":[{"taxonomy":"category","embeddable":true,"href":"https:\/\/contactfm72.fr\/index.php?rest_route=%2Fwp%2Fv2%2Fcategories&post=11215"},{"taxonomy":"post_tag","embeddable":true,"href":"https:\/\/contactfm72.fr\/index.php?rest_route=%2Fwp%2Fv2%2Ftags&post=11215"}],"curies":[{"name":"wp","href":"https:\/\/api.w.org\/{rel}","templated":true}]}}