{"id":11195,"date":"2022-10-05T12:45:50","date_gmt":"2022-10-05T10:45:50","guid":{"rendered":"http:\/\/contactfm72.fr\/?p=11195"},"modified":"2022-09-26T14:29:07","modified_gmt":"2022-09-26T12:29:07","slug":"vallee-du-loir-venez-decouvrir-lavernat-et-ses-richesses-pendant-tout-un-week-end","status":"publish","type":"post","link":"https:\/\/contactfm72.fr\/?p=11195","title":{"rendered":"Vall\u00e9e du Loir : Venez d\u00e9couvrir Lavernat et ses richesses pendant tout un week-end"},"content":{"rendered":"<h2>Le Pays d\u2019art et d\u2019histoire poursuit la mise en valeur des villages de la vall\u00e9e du Loir au travers de l\u2019inventaire r\u00e9alis\u00e9 en partenariat avec la R\u00e9gion. Le prochain rendez-vous est donn\u00e9 les 8 et 9 octobre pour d\u00e9couvrir ses richesses patrimoniales de Lavernat (Sarthe).<\/h2>\n<p>&nbsp;<\/p>\n<p>Apr\u00e8s Fl\u00e9e, c\u2019est au tour du village de <strong>Lavernat, dans le sud Sarthe, <\/strong>d\u2019\u00eatre <a href=\"http:\/\/contactfm72.fr\/?p=8859\">mis en valeur par <strong>l\u2019inventaire<\/strong><\/a> r\u00e9alis\u00e9 par le <a href=\"https:\/\/pays-valleeduloir.fr\/actus\/\"><strong>Pays d\u2019art et d\u2019histoire<\/strong><\/a> de <strong>St\u00e9phanie Barioz Aquilon<\/strong>, en partenariat avec la <strong>R\u00e9gion<\/strong>. La guide-conf\u00e9renci\u00e8re, St\u00e9phanie Barioz Aquilon, le rappelle\u00a0:<\/p>\n<blockquote><p>\u00ab\u00a0L\u2019inventaire permet de (re)d\u00e9couvrir l\u2019ensemble des communes de la vall\u00e9e du Loir. Cet inventaire permet de comprendre l\u2019histoire de Lavernat, ses b\u00e2tisses, et surtout de comprendre conscience de notre richesse patrimoniale\u00a0\u00bb.<\/p><\/blockquote>\n<p>&nbsp;<\/p>\n<h3><strong>Comprendre la vall\u00e9e du Loir<\/strong><\/h3>\n<blockquote><p>\u00ab\u00a0Depuis 10 ans, les habitants d\u00e9couvrent et comprennent l\u2019histoire et le patrimoine des communes de la vall\u00e9e du Loir gr\u00e2ce \u00e0 nous\u00a0\u00bb, ajoute St\u00e9phanie Barioz Aquilon.<\/p><\/blockquote>\n<p>L\u2019inventaire du patrimoine, un r\u00e9el<strong> travail de terrain et de recherche documentaire<\/strong>, recense, \u00e9tudie et fait conna\u00eetre au grand public le b\u00e2ti dans les villes et les campagnes, pour sensibiliser les habitants, les scolaires et les touristes \u00e0 l\u2019histoire et au cadre de vie.<\/p>\n<p>&nbsp;<\/p>\n<h3><strong>Visite, conf\u00e9rence et randonn\u00e9e<\/strong><\/h3>\n<p>Toutes ces recherches sont donc \u00e0 d\u00e9couvrir le week-end\u00a0 du <strong>8 et 9 octobre<\/strong>, \u00e0 Lavernat. D\u00e8s 16 h, le samedi, St\u00e9phanie Barioz Aquilon donnera une <strong>visite guid\u00e9e d\u2019une dur\u00e9e d\u2019une heure<\/strong> du bourg de Lavernat, de l\u2019<strong>\u00e9glise paroissiale le Saint-Pierre<\/strong> et de son mobilier. Cette visite sera \u00e9galement propos\u00e9e le dimanche \u00e0 14 h 30. Rendez-vous face \u00e0 la mairie de Lavernat pour d\u00e9couvrir l&#8217;\u00e9volution du bourg, les vitraux et statues de l&#8217;\u00e9glise, ou encore les diff\u00e9rentes p\u00e9riodes de reconstruction des b\u00e2tisses.<\/p>\n<p>\u00c0 18 h, le samedi, \u00e0 la salle polyvalente de la commune, St\u00e9phanie Barioz Aquilon poursuivra les <strong>explications de ses recherches <\/strong>via une<strong> conf\u00e9rence<\/strong> sur les premiers r\u00e9sultats de l\u2019inventaire du patrimoine de la commune, et notamment des explications sur les <strong>anciennes fermes<\/strong> de Lavernat et des surprises concernant les plans terriers du village. Un pot d\u2019amiti\u00e9 sera propos\u00e9.<\/p>\n<p>&nbsp;<\/p>\n<h3>Randonn\u00e9e<\/h3>\n<p>Le lendemain, d\u00e8s 10 h, le rendez-vous est donn\u00e9 face \u00e0 la mairie pour une randonn\u00e9e \u00ab\u00a0facile\u00a0\u00bb, d\u2019apr\u00e8s le <strong>maire, Alain Moran\u00e7ais<\/strong>, autour du <strong>patrimoine rura<\/strong>l de Lavernat afin de donner une lecture diff\u00e9rente du village. &#8220;Lorsque l&#8217;on prend le temps de visiter, \u00e0 pied, un village, on s&#8217;aper\u00e7oit de choses que l&#8217;on n&#8217;aurait pas vu en \u00e9tant en voiture&#8221;, pr\u00e9cise le maire.<\/p>\n<blockquote><p>Gali\u00e8ne Cohu, vice pr\u00e9sidente en charge de la culture du Pays d&#8217;art et d&#8217;histoire, termine : &#8220;Gr\u00e2ce \u00e0 ce programme, on prend conscience de l&#8217;attractivit\u00e9 et du charme de notre territoire. Cet inventaire est un r\u00e9el atout&#8221;.<\/p><\/blockquote>\n<p>Ces rendez-vous sont r\u00e9serv\u00e9s pour les <strong>habitants curieux<\/strong> de leur village et de leur patrimoine.<\/p>\n<p>&nbsp;<\/p>\n<p>&nbsp;<\/p>\n<p>&nbsp;<\/p>\n<h5>Tous ces \u00e9v\u00e9nements sont gratuits et ouverts \u00e0 tous. Renseignements et r\u00e9servations conseill\u00e9es pour les visites guid\u00e9es : Office de Tourisme de la Vall\u00e9e du Loir 02 43 38 16 60. PETR Pays Vall\u00e9e du Loir &#8211; 02 43 38 16 62 &#8211; <a href=\"mailto:accueil@pays-valleeduloir.fr\">accueil@pays-valleeduloir.fr<\/a>. R\u00e9servations en ligne sur <a href=\"http:\/\/www.pays-valleeduloir.fr\">www.pays-valleeduloir.fr<\/a><\/h5>\n<!-- AddThis Advanced Settings generic via filter on the_content --><!-- AddThis Share Buttons generic via filter on the_content -->","protected":false},"excerpt":{"rendered":"<p>Le Pays d\u2019art et d\u2019histoire poursuit la mise en valeur des villages de la vall\u00e9e du Loir au travers de l\u2019inventaire r\u00e9alis\u00e9 en partenariat avec la R\u00e9gion. Le prochain rendez-vous est donn\u00e9 les 8 et 9 octobre pour d\u00e9couvrir ses richesses patrimoniales de Lavernat (Sarthe). &nbsp; Apr\u00e8s Fl\u00e9e, c\u2019est au tour du village de Lavernat,&hellip;<!-- AddThis Advanced Settings generic via filter on get_the_excerpt --><!-- AddThis Share Buttons generic via filter on get_the_excerpt --><\/p>\n","protected":false},"author":4,"featured_media":11196,"comment_status":"closed","ping_status":"open","sticky":false,"template":"","format":"standard","meta":{"footnotes":""},"categories":[1],"tags":[],"class_list":["post-11195","post","type-post","status-publish","format-standard","has-post-thumbnail","hentry","category-contact-fm-72","category-1","description-off"],"yoast_head":"<!-- This site is optimized with the Yoast SEO plugin v27.4 - https:\/\/yoast.com\/product\/yoast-seo-wordpress\/ -->\n<title>Vall\u00e9e du Loir : Venez d\u00e9couvrir Lavernat et ses richesses pendant tout un week-end - Contact FM 99.3<\/title>\n<meta name=\"robots\" content=\"index, follow, max-snippet:-1, max-image-preview:large, max-video-preview:-1\" \/>\n<link rel=\"canonical\" href=\"https:\/\/contactfm72.fr\/?p=11195\" \/>\n<meta property=\"og:locale\" content=\"fr_FR\" \/>\n<meta property=\"og:type\" content=\"article\" \/>\n<meta property=\"og:title\" content=\"Vall\u00e9e du Loir : Venez d\u00e9couvrir Lavernat et ses richesses pendant tout un week-end - Contact FM 99.3\" \/>\n<meta property=\"og:description\" content=\"Le Pays d\u2019art et d\u2019histoire poursuit la mise en valeur des villages de la vall\u00e9e du Loir au travers de l\u2019inventaire r\u00e9alis\u00e9 en partenariat avec la R\u00e9gion. Le prochain rendez-vous est donn\u00e9 les 8 et 9 octobre pour d\u00e9couvrir ses richesses patrimoniales de Lavernat (Sarthe). &nbsp; Apr\u00e8s Fl\u00e9e, c\u2019est au tour du village de Lavernat,&hellip;\" \/>\n<meta property=\"og:url\" content=\"https:\/\/contactfm72.fr\/?p=11195\" \/>\n<meta property=\"og:site_name\" content=\"Contact FM 99.3\" \/>\n<meta property=\"article:publisher\" content=\"https:\/\/www.facebook.com\/Contactfm.Chateauduloir\" \/>\n<meta property=\"article:published_time\" content=\"2022-10-05T10:45:50+00:00\" \/>\n<meta property=\"og:image\" content=\"https:\/\/contactfm72.fr\/wp-content\/uploads\/2022\/09\/pays-lavernat.jpg\" \/>\n\t<meta property=\"og:image:width\" content=\"2048\" \/>\n\t<meta property=\"og:image:height\" content=\"1536\" \/>\n\t<meta property=\"og:image:type\" content=\"image\/jpeg\" \/>\n<meta name=\"author\" content=\"Val\u00e9rie C.\" \/>\n<meta name=\"twitter:card\" content=\"summary_large_image\" \/>\n<meta name=\"twitter:creator\" content=\"@contactfm72\" \/>\n<meta name=\"twitter:site\" content=\"@contactfm72\" \/>\n<meta name=\"twitter:label1\" content=\"\u00c9crit par\" \/>\n\t<meta name=\"twitter:data1\" content=\"Val\u00e9rie C.\" \/>\n\t<meta name=\"twitter:label2\" content=\"Dur\u00e9e de lecture estim\u00e9e\" \/>\n\t<meta name=\"twitter:data2\" content=\"3 minutes\" \/>\n<script type=\"application\/ld+json\" class=\"yoast-schema-graph\">{\"@context\":\"https:\\\/\\\/schema.org\",\"@graph\":[{\"@type\":\"Article\",\"@id\":\"https:\\\/\\\/contactfm72.fr\\\/?p=11195#article\",\"isPartOf\":{\"@id\":\"https:\\\/\\\/contactfm72.fr\\\/?p=11195\"},\"author\":{\"name\":\"Val\u00e9rie C.\",\"@id\":\"https:\\\/\\\/contactfm72.fr\\\/#\\\/schema\\\/person\\\/9fdc9d1c2eb029354a4f1535b90ba82d\"},\"headline\":\"Vall\u00e9e du Loir : Venez d\u00e9couvrir Lavernat et ses richesses pendant tout un week-end\",\"datePublished\":\"2022-10-05T10:45:50+00:00\",\"mainEntityOfPage\":{\"@id\":\"https:\\\/\\\/contactfm72.fr\\\/?p=11195\"},\"wordCount\":585,\"publisher\":{\"@id\":\"https:\\\/\\\/contactfm72.fr\\\/#organization\"},\"image\":{\"@id\":\"https:\\\/\\\/contactfm72.fr\\\/?p=11195#primaryimage\"},\"thumbnailUrl\":\"https:\\\/\\\/contactfm72.fr\\\/wp-content\\\/uploads\\\/2022\\\/09\\\/pays-lavernat.jpg\",\"articleSection\":[\"Contact FM 72\"],\"inLanguage\":\"fr-FR\"},{\"@type\":\"WebPage\",\"@id\":\"https:\\\/\\\/contactfm72.fr\\\/?p=11195\",\"url\":\"https:\\\/\\\/contactfm72.fr\\\/?p=11195\",\"name\":\"Vall\u00e9e du Loir : Venez d\u00e9couvrir Lavernat et ses richesses pendant tout un week-end - Contact FM 99.3\",\"isPartOf\":{\"@id\":\"https:\\\/\\\/contactfm72.fr\\\/#website\"},\"primaryImageOfPage\":{\"@id\":\"https:\\\/\\\/contactfm72.fr\\\/?p=11195#primaryimage\"},\"image\":{\"@id\":\"https:\\\/\\\/contactfm72.fr\\\/?p=11195#primaryimage\"},\"thumbnailUrl\":\"https:\\\/\\\/contactfm72.fr\\\/wp-content\\\/uploads\\\/2022\\\/09\\\/pays-lavernat.jpg\",\"datePublished\":\"2022-10-05T10:45:50+00:00\",\"breadcrumb\":{\"@id\":\"https:\\\/\\\/contactfm72.fr\\\/?p=11195#breadcrumb\"},\"inLanguage\":\"fr-FR\",\"potentialAction\":[{\"@type\":\"ReadAction\",\"target\":[\"https:\\\/\\\/contactfm72.fr\\\/?p=11195\"]}]},{\"@type\":\"ImageObject\",\"inLanguage\":\"fr-FR\",\"@id\":\"https:\\\/\\\/contactfm72.fr\\\/?p=11195#primaryimage\",\"url\":\"https:\\\/\\\/contactfm72.fr\\\/wp-content\\\/uploads\\\/2022\\\/09\\\/pays-lavernat.jpg\",\"contentUrl\":\"https:\\\/\\\/contactfm72.fr\\\/wp-content\\\/uploads\\\/2022\\\/09\\\/pays-lavernat.jpg\",\"width\":2048,\"height\":1536,\"caption\":\"De g. \u00e0 dr. Gali\u00e8ne Cohu, St\u00e9phanie Barioz Aquilon, et Alain Moran\u00e7ais, pr\u00e8s de l'\u00e9glise de Lavernat, une des pi\u00e8ces majeures de cet inventaire.\"},{\"@type\":\"BreadcrumbList\",\"@id\":\"https:\\\/\\\/contactfm72.fr\\\/?p=11195#breadcrumb\",\"itemListElement\":[{\"@type\":\"ListItem\",\"position\":1,\"name\":\"Accueil\",\"item\":\"https:\\\/\\\/contactfm72.fr\\\/\"},{\"@type\":\"ListItem\",\"position\":2,\"name\":\"Vall\u00e9e du Loir : Venez d\u00e9couvrir Lavernat et ses richesses pendant tout un week-end\"}]},{\"@type\":\"WebSite\",\"@id\":\"https:\\\/\\\/contactfm72.fr\\\/#website\",\"url\":\"https:\\\/\\\/contactfm72.fr\\\/\",\"name\":\"Contact FM 99.3\",\"description\":\"Votre radio en vall\u00e9e du Loir\",\"publisher\":{\"@id\":\"https:\\\/\\\/contactfm72.fr\\\/#organization\"},\"potentialAction\":[{\"@type\":\"SearchAction\",\"target\":{\"@type\":\"EntryPoint\",\"urlTemplate\":\"https:\\\/\\\/contactfm72.fr\\\/?s={search_term_string}\"},\"query-input\":{\"@type\":\"PropertyValueSpecification\",\"valueRequired\":true,\"valueName\":\"search_term_string\"}}],\"inLanguage\":\"fr-FR\"},{\"@type\":\"Organization\",\"@id\":\"https:\\\/\\\/contactfm72.fr\\\/#organization\",\"name\":\"Contact FM 99.3\",\"url\":\"https:\\\/\\\/contactfm72.fr\\\/\",\"logo\":{\"@type\":\"ImageObject\",\"inLanguage\":\"fr-FR\",\"@id\":\"https:\\\/\\\/contactfm72.fr\\\/#\\\/schema\\\/logo\\\/image\\\/\",\"url\":\"https:\\\/\\\/contactfm72.fr\\\/wp-content\\\/uploads\\\/2025\\\/04\\\/2025-04-18-2.jpg\",\"contentUrl\":\"https:\\\/\\\/contactfm72.fr\\\/wp-content\\\/uploads\\\/2025\\\/04\\\/2025-04-18-2.jpg\",\"width\":680,\"height\":307,\"caption\":\"Contact FM 99.3\"},\"image\":{\"@id\":\"https:\\\/\\\/contactfm72.fr\\\/#\\\/schema\\\/logo\\\/image\\\/\"},\"sameAs\":[\"https:\\\/\\\/www.facebook.com\\\/Contactfm.Chateauduloir\",\"https:\\\/\\\/x.com\\\/contactfm72\",\"https:\\\/\\\/www.instagram.com\\\/contact.fm.72?igsh=cGhlMHQ5N2JlNnpp\",\"https:\\\/\\\/www.tiktok.com\\\/@contact.fm\"]},{\"@type\":\"Person\",\"@id\":\"https:\\\/\\\/contactfm72.fr\\\/#\\\/schema\\\/person\\\/9fdc9d1c2eb029354a4f1535b90ba82d\",\"name\":\"Val\u00e9rie C.\",\"image\":{\"@type\":\"ImageObject\",\"inLanguage\":\"fr-FR\",\"@id\":\"https:\\\/\\\/secure.gravatar.com\\\/avatar\\\/2f8aa28f8dfbd7d4420afd1fdcdd0a349923e2c8a38ab28198b0f9d0601e4737?s=96&d=mm&r=g\",\"url\":\"https:\\\/\\\/secure.gravatar.com\\\/avatar\\\/2f8aa28f8dfbd7d4420afd1fdcdd0a349923e2c8a38ab28198b0f9d0601e4737?s=96&d=mm&r=g\",\"contentUrl\":\"https:\\\/\\\/secure.gravatar.com\\\/avatar\\\/2f8aa28f8dfbd7d4420afd1fdcdd0a349923e2c8a38ab28198b0f9d0601e4737?s=96&d=mm&r=g\",\"caption\":\"Val\u00e9rie C.\"},\"url\":\"https:\\\/\\\/contactfm72.fr\\\/?author=4\"}]}<\/script>\n<!-- \/ Yoast SEO plugin. -->","yoast_head_json":{"title":"Vall\u00e9e du Loir : Venez d\u00e9couvrir Lavernat et ses richesses pendant tout un week-end - Contact FM 99.3","robots":{"index":"index","follow":"follow","max-snippet":"max-snippet:-1","max-image-preview":"max-image-preview:large","max-video-preview":"max-video-preview:-1"},"canonical":"https:\/\/contactfm72.fr\/?p=11195","og_locale":"fr_FR","og_type":"article","og_title":"Vall\u00e9e du Loir : Venez d\u00e9couvrir Lavernat et ses richesses pendant tout un week-end - Contact FM 99.3","og_description":"Le Pays d\u2019art et d\u2019histoire poursuit la mise en valeur des villages de la vall\u00e9e du Loir au travers de l\u2019inventaire r\u00e9alis\u00e9 en partenariat avec la R\u00e9gion. Le prochain rendez-vous est donn\u00e9 les 8 et 9 octobre pour d\u00e9couvrir ses richesses patrimoniales de Lavernat (Sarthe). &nbsp; Apr\u00e8s Fl\u00e9e, c\u2019est au tour du village de Lavernat,&hellip;","og_url":"https:\/\/contactfm72.fr\/?p=11195","og_site_name":"Contact FM 99.3","article_publisher":"https:\/\/www.facebook.com\/Contactfm.Chateauduloir","article_published_time":"2022-10-05T10:45:50+00:00","og_image":[{"width":2048,"height":1536,"url":"https:\/\/contactfm72.fr\/wp-content\/uploads\/2022\/09\/pays-lavernat.jpg","type":"image\/jpeg"}],"author":"Val\u00e9rie C.","twitter_card":"summary_large_image","twitter_creator":"@contactfm72","twitter_site":"@contactfm72","twitter_misc":{"\u00c9crit par":"Val\u00e9rie C.","Dur\u00e9e de lecture estim\u00e9e":"3 minutes"},"schema":{"@context":"https:\/\/schema.org","@graph":[{"@type":"Article","@id":"https:\/\/contactfm72.fr\/?p=11195#article","isPartOf":{"@id":"https:\/\/contactfm72.fr\/?p=11195"},"author":{"name":"Val\u00e9rie C.","@id":"https:\/\/contactfm72.fr\/#\/schema\/person\/9fdc9d1c2eb029354a4f1535b90ba82d"},"headline":"Vall\u00e9e du Loir : Venez d\u00e9couvrir Lavernat et ses richesses pendant tout un week-end","datePublished":"2022-10-05T10:45:50+00:00","mainEntityOfPage":{"@id":"https:\/\/contactfm72.fr\/?p=11195"},"wordCount":585,"publisher":{"@id":"https:\/\/contactfm72.fr\/#organization"},"image":{"@id":"https:\/\/contactfm72.fr\/?p=11195#primaryimage"},"thumbnailUrl":"https:\/\/contactfm72.fr\/wp-content\/uploads\/2022\/09\/pays-lavernat.jpg","articleSection":["Contact FM 72"],"inLanguage":"fr-FR"},{"@type":"WebPage","@id":"https:\/\/contactfm72.fr\/?p=11195","url":"https:\/\/contactfm72.fr\/?p=11195","name":"Vall\u00e9e du Loir : Venez d\u00e9couvrir Lavernat et ses richesses pendant tout un week-end - Contact FM 99.3","isPartOf":{"@id":"https:\/\/contactfm72.fr\/#website"},"primaryImageOfPage":{"@id":"https:\/\/contactfm72.fr\/?p=11195#primaryimage"},"image":{"@id":"https:\/\/contactfm72.fr\/?p=11195#primaryimage"},"thumbnailUrl":"https:\/\/contactfm72.fr\/wp-content\/uploads\/2022\/09\/pays-lavernat.jpg","datePublished":"2022-10-05T10:45:50+00:00","breadcrumb":{"@id":"https:\/\/contactfm72.fr\/?p=11195#breadcrumb"},"inLanguage":"fr-FR","potentialAction":[{"@type":"ReadAction","target":["https:\/\/contactfm72.fr\/?p=11195"]}]},{"@type":"ImageObject","inLanguage":"fr-FR","@id":"https:\/\/contactfm72.fr\/?p=11195#primaryimage","url":"https:\/\/contactfm72.fr\/wp-content\/uploads\/2022\/09\/pays-lavernat.jpg","contentUrl":"https:\/\/contactfm72.fr\/wp-content\/uploads\/2022\/09\/pays-lavernat.jpg","width":2048,"height":1536,"caption":"De g. \u00e0 dr. Gali\u00e8ne Cohu, St\u00e9phanie Barioz Aquilon, et Alain Moran\u00e7ais, pr\u00e8s de l'\u00e9glise de Lavernat, une des pi\u00e8ces majeures de cet inventaire."},{"@type":"BreadcrumbList","@id":"https:\/\/contactfm72.fr\/?p=11195#breadcrumb","itemListElement":[{"@type":"ListItem","position":1,"name":"Accueil","item":"https:\/\/contactfm72.fr\/"},{"@type":"ListItem","position":2,"name":"Vall\u00e9e du Loir : Venez d\u00e9couvrir Lavernat et ses richesses pendant tout un week-end"}]},{"@type":"WebSite","@id":"https:\/\/contactfm72.fr\/#website","url":"https:\/\/contactfm72.fr\/","name":"Contact FM 99.3","description":"Votre radio en vall\u00e9e du Loir","publisher":{"@id":"https:\/\/contactfm72.fr\/#organization"},"potentialAction":[{"@type":"SearchAction","target":{"@type":"EntryPoint","urlTemplate":"https:\/\/contactfm72.fr\/?s={search_term_string}"},"query-input":{"@type":"PropertyValueSpecification","valueRequired":true,"valueName":"search_term_string"}}],"inLanguage":"fr-FR"},{"@type":"Organization","@id":"https:\/\/contactfm72.fr\/#organization","name":"Contact FM 99.3","url":"https:\/\/contactfm72.fr\/","logo":{"@type":"ImageObject","inLanguage":"fr-FR","@id":"https:\/\/contactfm72.fr\/#\/schema\/logo\/image\/","url":"https:\/\/contactfm72.fr\/wp-content\/uploads\/2025\/04\/2025-04-18-2.jpg","contentUrl":"https:\/\/contactfm72.fr\/wp-content\/uploads\/2025\/04\/2025-04-18-2.jpg","width":680,"height":307,"caption":"Contact FM 99.3"},"image":{"@id":"https:\/\/contactfm72.fr\/#\/schema\/logo\/image\/"},"sameAs":["https:\/\/www.facebook.com\/Contactfm.Chateauduloir","https:\/\/x.com\/contactfm72","https:\/\/www.instagram.com\/contact.fm.72?igsh=cGhlMHQ5N2JlNnpp","https:\/\/www.tiktok.com\/@contact.fm"]},{"@type":"Person","@id":"https:\/\/contactfm72.fr\/#\/schema\/person\/9fdc9d1c2eb029354a4f1535b90ba82d","name":"Val\u00e9rie C.","image":{"@type":"ImageObject","inLanguage":"fr-FR","@id":"https:\/\/secure.gravatar.com\/avatar\/2f8aa28f8dfbd7d4420afd1fdcdd0a349923e2c8a38ab28198b0f9d0601e4737?s=96&d=mm&r=g","url":"https:\/\/secure.gravatar.com\/avatar\/2f8aa28f8dfbd7d4420afd1fdcdd0a349923e2c8a38ab28198b0f9d0601e4737?s=96&d=mm&r=g","contentUrl":"https:\/\/secure.gravatar.com\/avatar\/2f8aa28f8dfbd7d4420afd1fdcdd0a349923e2c8a38ab28198b0f9d0601e4737?s=96&d=mm&r=g","caption":"Val\u00e9rie C."},"url":"https:\/\/contactfm72.fr\/?author=4"}]}},"_links":{"self":[{"href":"https:\/\/contactfm72.fr\/index.php?rest_route=\/wp\/v2\/posts\/11195","targetHints":{"allow":["GET"]}}],"collection":[{"href":"https:\/\/contactfm72.fr\/index.php?rest_route=\/wp\/v2\/posts"}],"about":[{"href":"https:\/\/contactfm72.fr\/index.php?rest_route=\/wp\/v2\/types\/post"}],"author":[{"embeddable":true,"href":"https:\/\/contactfm72.fr\/index.php?rest_route=\/wp\/v2\/users\/4"}],"replies":[{"embeddable":true,"href":"https:\/\/contactfm72.fr\/index.php?rest_route=%2Fwp%2Fv2%2Fcomments&post=11195"}],"version-history":[{"count":2,"href":"https:\/\/contactfm72.fr\/index.php?rest_route=\/wp\/v2\/posts\/11195\/revisions"}],"predecessor-version":[{"id":11198,"href":"https:\/\/contactfm72.fr\/index.php?rest_route=\/wp\/v2\/posts\/11195\/revisions\/11198"}],"wp:featuredmedia":[{"embeddable":true,"href":"https:\/\/contactfm72.fr\/index.php?rest_route=\/wp\/v2\/media\/11196"}],"wp:attachment":[{"href":"https:\/\/contactfm72.fr\/index.php?rest_route=%2Fwp%2Fv2%2Fmedia&parent=11195"}],"wp:term":[{"taxonomy":"category","embeddable":true,"href":"https:\/\/contactfm72.fr\/index.php?rest_route=%2Fwp%2Fv2%2Fcategories&post=11195"},{"taxonomy":"post_tag","embeddable":true,"href":"https:\/\/contactfm72.fr\/index.php?rest_route=%2Fwp%2Fv2%2Ftags&post=11195"}],"curies":[{"name":"wp","href":"https:\/\/api.w.org\/{rel}","templated":true}]}}