{"id":11165,"date":"2022-09-26T10:45:10","date_gmt":"2022-09-26T08:45:10","guid":{"rendered":"http:\/\/contactfm72.fr\/?p=11165"},"modified":"2022-09-26T10:49:03","modified_gmt":"2022-09-26T08:49:03","slug":"sud-sarthe-la-nouvelle-cantine-fait-le-bonheur-des-30-enfants-de-chahaignes","status":"publish","type":"post","link":"https:\/\/contactfm72.fr\/?p=11165","title":{"rendered":"Sud Sarthe : La nouvelle cantine fait le bonheur des 30 \u00e9coliers de Chahaignes"},"content":{"rendered":"<h2>A Chahaignes, la nouvelle cantine scolaire a \u00e9t\u00e9 officiellement inaugur\u00e9e le mercredi 21 septembre, en pr\u00e9sence de nombreux \u00e9lus. Le co\u00fbt total des travaux s\u2019\u00e9l\u00e8ve \u00e0 un peu plus de 70\u00a0000 \u20ac.<\/h2>\n<p>&nbsp;<\/p>\n<p>Des murs bleus rassurants, un mobilier accueillant, une d\u00e9coration faite par les enfants, et des sanitaires et cuisine totalement neufs\u00a0! C\u2019est la <strong>nouvelle cantine des 30 enfants de Chahaignes (Sarthe)<\/strong>, fra\u00eechement inaugur\u00e9e le <strong>mercredi 21 septembre<\/strong>, en pr\u00e9sence de <strong>V\u00e9ronique Ortet, sous pr\u00e9f\u00e8te<\/strong>, des <strong>conseillers d\u00e9partementaux, R\u00e9gis Vallienne et Gali\u00e8ne Cohu<\/strong>, du <strong>maire de Chahaignes, Dominique Peter<\/strong>, du <strong>pr\u00e9sident et vice-pr\u00e9sident de la communaut\u00e9 de communes Loir-Luc\u00e9-Berc\u00e9<\/strong>, <strong>Herv\u00e9 Ronci\u00e8re et Pascal Dupuis<\/strong>, du personnel communal et des \u00e9coles.<\/p>\n<p>&nbsp;<\/p>\n<h3><strong>Des entreprises locales<\/strong><\/h3>\n<p>Les \u00e9lus et personnels concern\u00e9s se sont r\u00e9unis afin de d\u00e9couvrir officiellement les nouveaux locaux de la cantine scolaire du village. Les travaux de la cantine \u00e9taient n\u00e9cessaires pour \u00ab\u00a0l\u2019<strong>\u00e9conomie d\u2019\u00e9nergie<\/strong>, <strong>l\u2019accessibilit\u00e9<\/strong>, la <strong>qualit\u00e9<\/strong>, le <strong>confort<\/strong> et la <strong>s\u00e9curit\u00e9<\/strong> des enfants, mais aussi du personnel\u00a0\u00bb.<\/p>\n<p>Les travaux\u00a0concernaient l\u2019isolation int\u00e9rieure des combles, remplacer la menuiserie, le <strong>chauffage<\/strong>, avec <strong>ventilation<\/strong> et qualit\u00e9 de l\u2019air CO2, refaire les <strong>sanitaires<\/strong>, la peinture, d\u00e9molition de cloisons et de chemin\u00e9es, agencement int\u00e9rieur, d\u00e9coration\u2026 tout y est pass\u00e9\u00a0!<\/p>\n<blockquote><p>\u00ab\u00a0Nous avons fait intervenir que des entreprises locales, voire communales. Nous avons \u00e0 pr\u00e9sent un gain \u00e9nerg\u00e9tique de 62 %, une bonne qualit\u00e9 de l\u2019air, un confort id\u00e9al pour les enfants. Et la cantine r\u00e9pond toutes les r\u00e8gles d\u2019accessibilit\u00e9\u00a0\u00bb, affirme le maire.<\/p><\/blockquote>\n<p>Gali\u00e8ne Cohu a tenu \u00e0 f\u00e9liciter l\u2019effort \u00ab\u00a0du <strong>circuit court des travaux<\/strong>\u00a0\u00bb, et a annonc\u00e9 le \u00ab\u00a0<strong>plan d\u2019investissements durables<\/strong> \u00e0 destination des communes \u00e0 faible population permettant de rehausser une aide \u00e0 hauteur de 20\u00a0000 \u20ac\u00a0\u00bb. La sous-pr\u00e9f\u00e8te a quant \u00e0 elle soulign\u00e9 \u00ab\u00a0le <strong>dynamisme des territoires ruraux\u00a0<\/strong>et la mise en s\u00e9curit\u00e9 des enfants et des personnels\u00a0\u00bb.<\/p>\n<p>&nbsp;<\/p>\n<div id=\"attachment_11191\" style=\"width: 2058px\" class=\"wp-caption alignnone\"><img loading=\"lazy\" decoding=\"async\" aria-describedby=\"caption-attachment-11191\" class=\"size-full wp-image-11191\" src=\"http:\/\/contactfm72.fr\/wp-content\/uploads\/2022\/09\/cantine-ruban-1.jpg\" alt=\"Lors de l'inauguration.\" width=\"2048\" height=\"1536\" \/><p id=\"caption-attachment-11191\" class=\"wp-caption-text\">Lors de l&#8217;inauguration.<\/p><\/div>\n<h3><strong>70 000\u20ac pour la cantine<\/strong><\/h3>\n<p>Dominique Peter l\u2019atteste\u00a0; la municipalit\u00e9 a b\u00e9n\u00e9fici\u00e9 du <strong>Plan de relance du D\u00e9partement<\/strong> afin de r\u00e9nover trois de ses b\u00e2timents communaux\u00a0: la mairie, l\u2019\u00e9cole et la cantine.<\/p>\n<blockquote><p>\u00ab\u00a0Nous avons \u00e9labor\u00e9 un dossier de subventions pour ses trois b\u00e2timents mais la cantine relevait d\u2019une ma\u00eetrise d\u2019\u0153uvre municipale\u00a0\u00bb.<\/p><\/blockquote>\n<p>Ainsi, Chahaignes a pu obtenir plusieurs subventions afin de financer les nouveaux locaux de la cantine\u00a0; 26\u00a0400 \u20ac de la Dotation d&#8217;\u00c9quipement des Territoires Ruraux, 5 050 \u20ac de la part de la R\u00e9gion, de 7 190 \u20ac du D\u00e9partement, mais aussi 50 % de subventions de ce dernier pour l\u2019audit \u00e9nerg\u00e9tique.<\/p>\n<blockquote><p>\u00ab\u00a0Nous devions avoir un reste \u00e0 charge de 9 660 \u20ac. Mais en raison de plusieurs mauvaises surprises lors des travaux, le co\u00fbt total de la cantine s\u2019est \u00e9lev\u00e9 \u00e0 70\u00a0122 \u20ac. La commune a donc financ\u00e9 21\u00a0579 \u20ac\u00a0\u00bb, pr\u00e9cise Dominique Peter.<\/p><\/blockquote>\n<p>&nbsp;<\/p>\n<h3><strong>Que de bonnes nouvelles<\/strong><\/h3>\n<p>Les petits chahaignots et chahaignottes peuvent d\u00e9jeuner \u00e0 pr\u00e9sent dans une toute nouvelle cantine. Mais comme une bonne nouvelle ne vient rarement seule, Dominique Peter se r\u00e9jouit de \u00ab\u00a0l\u2019<strong>ouverture d\u2019une classe au sein du Regroupement p\u00e9dagogique Lhomme-Chahaignes<\/strong>\u00a0\u00bb, et que les enfants puissent b\u00e9n\u00e9ficier d\u2019une <strong>\u00ab\u00a0formule\u00a0repas \u00e0 1 \u20ac\u00a0\u00bb<\/strong>.<\/p>\n<!-- AddThis Advanced Settings generic via filter on the_content --><!-- AddThis Share Buttons generic via filter on the_content -->","protected":false},"excerpt":{"rendered":"<p>A Chahaignes, la nouvelle cantine scolaire a \u00e9t\u00e9 officiellement inaugur\u00e9e le mercredi 21 septembre, en pr\u00e9sence de nombreux \u00e9lus. Le co\u00fbt total des travaux s\u2019\u00e9l\u00e8ve \u00e0 un peu plus de 70\u00a0000 \u20ac. &nbsp; Des murs bleus rassurants, un mobilier accueillant, une d\u00e9coration faite par les enfants, et des sanitaires et cuisine totalement neufs\u00a0! C\u2019est la&hellip;<!-- AddThis Advanced Settings generic via filter on get_the_excerpt --><!-- AddThis Share Buttons generic via filter on get_the_excerpt --><\/p>\n","protected":false},"author":4,"featured_media":11189,"comment_status":"closed","ping_status":"open","sticky":false,"template":"","format":"standard","meta":{"footnotes":""},"categories":[1],"tags":[],"class_list":["post-11165","post","type-post","status-publish","format-standard","has-post-thumbnail","hentry","category-contact-fm-72","category-1","description-off"],"yoast_head":"<!-- This site is optimized with the Yoast SEO plugin v27.4 - https:\/\/yoast.com\/product\/yoast-seo-wordpress\/ -->\n<title>Sud Sarthe : La nouvelle cantine fait le bonheur des 30 \u00e9coliers de Chahaignes - Contact FM 99.3<\/title>\n<meta name=\"robots\" content=\"index, follow, max-snippet:-1, max-image-preview:large, max-video-preview:-1\" \/>\n<link rel=\"canonical\" href=\"https:\/\/contactfm72.fr\/?p=11165\" \/>\n<meta property=\"og:locale\" content=\"fr_FR\" \/>\n<meta property=\"og:type\" content=\"article\" \/>\n<meta property=\"og:title\" content=\"Sud Sarthe : La nouvelle cantine fait le bonheur des 30 \u00e9coliers de Chahaignes - Contact FM 99.3\" \/>\n<meta property=\"og:description\" content=\"A Chahaignes, la nouvelle cantine scolaire a \u00e9t\u00e9 officiellement inaugur\u00e9e le mercredi 21 septembre, en pr\u00e9sence de nombreux \u00e9lus. Le co\u00fbt total des travaux s\u2019\u00e9l\u00e8ve \u00e0 un peu plus de 70\u00a0000 \u20ac. &nbsp; Des murs bleus rassurants, un mobilier accueillant, une d\u00e9coration faite par les enfants, et des sanitaires et cuisine totalement neufs\u00a0! C\u2019est la&hellip;\" \/>\n<meta property=\"og:url\" content=\"https:\/\/contactfm72.fr\/?p=11165\" \/>\n<meta property=\"og:site_name\" content=\"Contact FM 99.3\" \/>\n<meta property=\"article:publisher\" content=\"https:\/\/www.facebook.com\/Contactfm.Chateauduloir\" \/>\n<meta property=\"article:published_time\" content=\"2022-09-26T08:45:10+00:00\" \/>\n<meta property=\"article:modified_time\" content=\"2022-09-26T08:49:03+00:00\" \/>\n<meta property=\"og:image\" content=\"https:\/\/contactfm72.fr\/wp-content\/uploads\/2022\/09\/cantine-locaux-1.jpg\" \/>\n\t<meta property=\"og:image:width\" content=\"2048\" \/>\n\t<meta property=\"og:image:height\" content=\"1536\" \/>\n\t<meta property=\"og:image:type\" content=\"image\/jpeg\" \/>\n<meta name=\"author\" content=\"Val\u00e9rie C.\" \/>\n<meta name=\"twitter:card\" content=\"summary_large_image\" \/>\n<meta name=\"twitter:creator\" content=\"@contactfm72\" \/>\n<meta name=\"twitter:site\" content=\"@contactfm72\" \/>\n<meta name=\"twitter:label1\" content=\"\u00c9crit par\" \/>\n\t<meta name=\"twitter:data1\" content=\"Val\u00e9rie C.\" \/>\n\t<meta name=\"twitter:label2\" content=\"Dur\u00e9e de lecture estim\u00e9e\" \/>\n\t<meta name=\"twitter:data2\" content=\"3 minutes\" \/>\n<script type=\"application\/ld+json\" class=\"yoast-schema-graph\">{\"@context\":\"https:\\\/\\\/schema.org\",\"@graph\":[{\"@type\":\"Article\",\"@id\":\"https:\\\/\\\/contactfm72.fr\\\/?p=11165#article\",\"isPartOf\":{\"@id\":\"https:\\\/\\\/contactfm72.fr\\\/?p=11165\"},\"author\":{\"name\":\"Val\u00e9rie C.\",\"@id\":\"https:\\\/\\\/contactfm72.fr\\\/#\\\/schema\\\/person\\\/9fdc9d1c2eb029354a4f1535b90ba82d\"},\"headline\":\"Sud Sarthe : La nouvelle cantine fait le bonheur des 30 \u00e9coliers de Chahaignes\",\"datePublished\":\"2022-09-26T08:45:10+00:00\",\"dateModified\":\"2022-09-26T08:49:03+00:00\",\"mainEntityOfPage\":{\"@id\":\"https:\\\/\\\/contactfm72.fr\\\/?p=11165\"},\"wordCount\":556,\"publisher\":{\"@id\":\"https:\\\/\\\/contactfm72.fr\\\/#organization\"},\"image\":{\"@id\":\"https:\\\/\\\/contactfm72.fr\\\/?p=11165#primaryimage\"},\"thumbnailUrl\":\"https:\\\/\\\/contactfm72.fr\\\/wp-content\\\/uploads\\\/2022\\\/09\\\/cantine-locaux-1.jpg\",\"articleSection\":[\"Contact FM 72\"],\"inLanguage\":\"fr-FR\"},{\"@type\":\"WebPage\",\"@id\":\"https:\\\/\\\/contactfm72.fr\\\/?p=11165\",\"url\":\"https:\\\/\\\/contactfm72.fr\\\/?p=11165\",\"name\":\"Sud Sarthe : La nouvelle cantine fait le bonheur des 30 \u00e9coliers de Chahaignes - Contact FM 99.3\",\"isPartOf\":{\"@id\":\"https:\\\/\\\/contactfm72.fr\\\/#website\"},\"primaryImageOfPage\":{\"@id\":\"https:\\\/\\\/contactfm72.fr\\\/?p=11165#primaryimage\"},\"image\":{\"@id\":\"https:\\\/\\\/contactfm72.fr\\\/?p=11165#primaryimage\"},\"thumbnailUrl\":\"https:\\\/\\\/contactfm72.fr\\\/wp-content\\\/uploads\\\/2022\\\/09\\\/cantine-locaux-1.jpg\",\"datePublished\":\"2022-09-26T08:45:10+00:00\",\"dateModified\":\"2022-09-26T08:49:03+00:00\",\"breadcrumb\":{\"@id\":\"https:\\\/\\\/contactfm72.fr\\\/?p=11165#breadcrumb\"},\"inLanguage\":\"fr-FR\",\"potentialAction\":[{\"@type\":\"ReadAction\",\"target\":[\"https:\\\/\\\/contactfm72.fr\\\/?p=11165\"]}]},{\"@type\":\"ImageObject\",\"inLanguage\":\"fr-FR\",\"@id\":\"https:\\\/\\\/contactfm72.fr\\\/?p=11165#primaryimage\",\"url\":\"https:\\\/\\\/contactfm72.fr\\\/wp-content\\\/uploads\\\/2022\\\/09\\\/cantine-locaux-1.jpg\",\"contentUrl\":\"https:\\\/\\\/contactfm72.fr\\\/wp-content\\\/uploads\\\/2022\\\/09\\\/cantine-locaux-1.jpg\",\"width\":2048,\"height\":1536,\"caption\":\"Les \u00e9lus ont d\u00e9couvert les locaux de la nouvelle cantine de Chahaignes.\"},{\"@type\":\"BreadcrumbList\",\"@id\":\"https:\\\/\\\/contactfm72.fr\\\/?p=11165#breadcrumb\",\"itemListElement\":[{\"@type\":\"ListItem\",\"position\":1,\"name\":\"Accueil\",\"item\":\"https:\\\/\\\/contactfm72.fr\\\/\"},{\"@type\":\"ListItem\",\"position\":2,\"name\":\"Sud Sarthe : La nouvelle cantine fait le bonheur des 30 \u00e9coliers de Chahaignes\"}]},{\"@type\":\"WebSite\",\"@id\":\"https:\\\/\\\/contactfm72.fr\\\/#website\",\"url\":\"https:\\\/\\\/contactfm72.fr\\\/\",\"name\":\"Contact FM 99.3\",\"description\":\"Votre radio en vall\u00e9e du Loir\",\"publisher\":{\"@id\":\"https:\\\/\\\/contactfm72.fr\\\/#organization\"},\"potentialAction\":[{\"@type\":\"SearchAction\",\"target\":{\"@type\":\"EntryPoint\",\"urlTemplate\":\"https:\\\/\\\/contactfm72.fr\\\/?s={search_term_string}\"},\"query-input\":{\"@type\":\"PropertyValueSpecification\",\"valueRequired\":true,\"valueName\":\"search_term_string\"}}],\"inLanguage\":\"fr-FR\"},{\"@type\":\"Organization\",\"@id\":\"https:\\\/\\\/contactfm72.fr\\\/#organization\",\"name\":\"Contact FM 99.3\",\"url\":\"https:\\\/\\\/contactfm72.fr\\\/\",\"logo\":{\"@type\":\"ImageObject\",\"inLanguage\":\"fr-FR\",\"@id\":\"https:\\\/\\\/contactfm72.fr\\\/#\\\/schema\\\/logo\\\/image\\\/\",\"url\":\"https:\\\/\\\/contactfm72.fr\\\/wp-content\\\/uploads\\\/2025\\\/04\\\/2025-04-18-2.jpg\",\"contentUrl\":\"https:\\\/\\\/contactfm72.fr\\\/wp-content\\\/uploads\\\/2025\\\/04\\\/2025-04-18-2.jpg\",\"width\":680,\"height\":307,\"caption\":\"Contact FM 99.3\"},\"image\":{\"@id\":\"https:\\\/\\\/contactfm72.fr\\\/#\\\/schema\\\/logo\\\/image\\\/\"},\"sameAs\":[\"https:\\\/\\\/www.facebook.com\\\/Contactfm.Chateauduloir\",\"https:\\\/\\\/x.com\\\/contactfm72\",\"https:\\\/\\\/www.instagram.com\\\/contact.fm.72?igsh=cGhlMHQ5N2JlNnpp\",\"https:\\\/\\\/www.tiktok.com\\\/@contact.fm\"]},{\"@type\":\"Person\",\"@id\":\"https:\\\/\\\/contactfm72.fr\\\/#\\\/schema\\\/person\\\/9fdc9d1c2eb029354a4f1535b90ba82d\",\"name\":\"Val\u00e9rie C.\",\"image\":{\"@type\":\"ImageObject\",\"inLanguage\":\"fr-FR\",\"@id\":\"https:\\\/\\\/secure.gravatar.com\\\/avatar\\\/2f8aa28f8dfbd7d4420afd1fdcdd0a349923e2c8a38ab28198b0f9d0601e4737?s=96&d=mm&r=g\",\"url\":\"https:\\\/\\\/secure.gravatar.com\\\/avatar\\\/2f8aa28f8dfbd7d4420afd1fdcdd0a349923e2c8a38ab28198b0f9d0601e4737?s=96&d=mm&r=g\",\"contentUrl\":\"https:\\\/\\\/secure.gravatar.com\\\/avatar\\\/2f8aa28f8dfbd7d4420afd1fdcdd0a349923e2c8a38ab28198b0f9d0601e4737?s=96&d=mm&r=g\",\"caption\":\"Val\u00e9rie C.\"},\"url\":\"https:\\\/\\\/contactfm72.fr\\\/?author=4\"}]}<\/script>\n<!-- \/ Yoast SEO plugin. -->","yoast_head_json":{"title":"Sud Sarthe : La nouvelle cantine fait le bonheur des 30 \u00e9coliers de Chahaignes - Contact FM 99.3","robots":{"index":"index","follow":"follow","max-snippet":"max-snippet:-1","max-image-preview":"max-image-preview:large","max-video-preview":"max-video-preview:-1"},"canonical":"https:\/\/contactfm72.fr\/?p=11165","og_locale":"fr_FR","og_type":"article","og_title":"Sud Sarthe : La nouvelle cantine fait le bonheur des 30 \u00e9coliers de Chahaignes - Contact FM 99.3","og_description":"A Chahaignes, la nouvelle cantine scolaire a \u00e9t\u00e9 officiellement inaugur\u00e9e le mercredi 21 septembre, en pr\u00e9sence de nombreux \u00e9lus. Le co\u00fbt total des travaux s\u2019\u00e9l\u00e8ve \u00e0 un peu plus de 70\u00a0000 \u20ac. &nbsp; Des murs bleus rassurants, un mobilier accueillant, une d\u00e9coration faite par les enfants, et des sanitaires et cuisine totalement neufs\u00a0! C\u2019est la&hellip;","og_url":"https:\/\/contactfm72.fr\/?p=11165","og_site_name":"Contact FM 99.3","article_publisher":"https:\/\/www.facebook.com\/Contactfm.Chateauduloir","article_published_time":"2022-09-26T08:45:10+00:00","article_modified_time":"2022-09-26T08:49:03+00:00","og_image":[{"width":2048,"height":1536,"url":"https:\/\/contactfm72.fr\/wp-content\/uploads\/2022\/09\/cantine-locaux-1.jpg","type":"image\/jpeg"}],"author":"Val\u00e9rie C.","twitter_card":"summary_large_image","twitter_creator":"@contactfm72","twitter_site":"@contactfm72","twitter_misc":{"\u00c9crit par":"Val\u00e9rie C.","Dur\u00e9e de lecture estim\u00e9e":"3 minutes"},"schema":{"@context":"https:\/\/schema.org","@graph":[{"@type":"Article","@id":"https:\/\/contactfm72.fr\/?p=11165#article","isPartOf":{"@id":"https:\/\/contactfm72.fr\/?p=11165"},"author":{"name":"Val\u00e9rie C.","@id":"https:\/\/contactfm72.fr\/#\/schema\/person\/9fdc9d1c2eb029354a4f1535b90ba82d"},"headline":"Sud Sarthe : La nouvelle cantine fait le bonheur des 30 \u00e9coliers de Chahaignes","datePublished":"2022-09-26T08:45:10+00:00","dateModified":"2022-09-26T08:49:03+00:00","mainEntityOfPage":{"@id":"https:\/\/contactfm72.fr\/?p=11165"},"wordCount":556,"publisher":{"@id":"https:\/\/contactfm72.fr\/#organization"},"image":{"@id":"https:\/\/contactfm72.fr\/?p=11165#primaryimage"},"thumbnailUrl":"https:\/\/contactfm72.fr\/wp-content\/uploads\/2022\/09\/cantine-locaux-1.jpg","articleSection":["Contact FM 72"],"inLanguage":"fr-FR"},{"@type":"WebPage","@id":"https:\/\/contactfm72.fr\/?p=11165","url":"https:\/\/contactfm72.fr\/?p=11165","name":"Sud Sarthe : La nouvelle cantine fait le bonheur des 30 \u00e9coliers de Chahaignes - Contact FM 99.3","isPartOf":{"@id":"https:\/\/contactfm72.fr\/#website"},"primaryImageOfPage":{"@id":"https:\/\/contactfm72.fr\/?p=11165#primaryimage"},"image":{"@id":"https:\/\/contactfm72.fr\/?p=11165#primaryimage"},"thumbnailUrl":"https:\/\/contactfm72.fr\/wp-content\/uploads\/2022\/09\/cantine-locaux-1.jpg","datePublished":"2022-09-26T08:45:10+00:00","dateModified":"2022-09-26T08:49:03+00:00","breadcrumb":{"@id":"https:\/\/contactfm72.fr\/?p=11165#breadcrumb"},"inLanguage":"fr-FR","potentialAction":[{"@type":"ReadAction","target":["https:\/\/contactfm72.fr\/?p=11165"]}]},{"@type":"ImageObject","inLanguage":"fr-FR","@id":"https:\/\/contactfm72.fr\/?p=11165#primaryimage","url":"https:\/\/contactfm72.fr\/wp-content\/uploads\/2022\/09\/cantine-locaux-1.jpg","contentUrl":"https:\/\/contactfm72.fr\/wp-content\/uploads\/2022\/09\/cantine-locaux-1.jpg","width":2048,"height":1536,"caption":"Les \u00e9lus ont d\u00e9couvert les locaux de la nouvelle cantine de Chahaignes."},{"@type":"BreadcrumbList","@id":"https:\/\/contactfm72.fr\/?p=11165#breadcrumb","itemListElement":[{"@type":"ListItem","position":1,"name":"Accueil","item":"https:\/\/contactfm72.fr\/"},{"@type":"ListItem","position":2,"name":"Sud Sarthe : La nouvelle cantine fait le bonheur des 30 \u00e9coliers de Chahaignes"}]},{"@type":"WebSite","@id":"https:\/\/contactfm72.fr\/#website","url":"https:\/\/contactfm72.fr\/","name":"Contact FM 99.3","description":"Votre radio en vall\u00e9e du Loir","publisher":{"@id":"https:\/\/contactfm72.fr\/#organization"},"potentialAction":[{"@type":"SearchAction","target":{"@type":"EntryPoint","urlTemplate":"https:\/\/contactfm72.fr\/?s={search_term_string}"},"query-input":{"@type":"PropertyValueSpecification","valueRequired":true,"valueName":"search_term_string"}}],"inLanguage":"fr-FR"},{"@type":"Organization","@id":"https:\/\/contactfm72.fr\/#organization","name":"Contact FM 99.3","url":"https:\/\/contactfm72.fr\/","logo":{"@type":"ImageObject","inLanguage":"fr-FR","@id":"https:\/\/contactfm72.fr\/#\/schema\/logo\/image\/","url":"https:\/\/contactfm72.fr\/wp-content\/uploads\/2025\/04\/2025-04-18-2.jpg","contentUrl":"https:\/\/contactfm72.fr\/wp-content\/uploads\/2025\/04\/2025-04-18-2.jpg","width":680,"height":307,"caption":"Contact FM 99.3"},"image":{"@id":"https:\/\/contactfm72.fr\/#\/schema\/logo\/image\/"},"sameAs":["https:\/\/www.facebook.com\/Contactfm.Chateauduloir","https:\/\/x.com\/contactfm72","https:\/\/www.instagram.com\/contact.fm.72?igsh=cGhlMHQ5N2JlNnpp","https:\/\/www.tiktok.com\/@contact.fm"]},{"@type":"Person","@id":"https:\/\/contactfm72.fr\/#\/schema\/person\/9fdc9d1c2eb029354a4f1535b90ba82d","name":"Val\u00e9rie C.","image":{"@type":"ImageObject","inLanguage":"fr-FR","@id":"https:\/\/secure.gravatar.com\/avatar\/2f8aa28f8dfbd7d4420afd1fdcdd0a349923e2c8a38ab28198b0f9d0601e4737?s=96&d=mm&r=g","url":"https:\/\/secure.gravatar.com\/avatar\/2f8aa28f8dfbd7d4420afd1fdcdd0a349923e2c8a38ab28198b0f9d0601e4737?s=96&d=mm&r=g","contentUrl":"https:\/\/secure.gravatar.com\/avatar\/2f8aa28f8dfbd7d4420afd1fdcdd0a349923e2c8a38ab28198b0f9d0601e4737?s=96&d=mm&r=g","caption":"Val\u00e9rie C."},"url":"https:\/\/contactfm72.fr\/?author=4"}]}},"_links":{"self":[{"href":"https:\/\/contactfm72.fr\/index.php?rest_route=\/wp\/v2\/posts\/11165","targetHints":{"allow":["GET"]}}],"collection":[{"href":"https:\/\/contactfm72.fr\/index.php?rest_route=\/wp\/v2\/posts"}],"about":[{"href":"https:\/\/contactfm72.fr\/index.php?rest_route=\/wp\/v2\/types\/post"}],"author":[{"embeddable":true,"href":"https:\/\/contactfm72.fr\/index.php?rest_route=\/wp\/v2\/users\/4"}],"replies":[{"embeddable":true,"href":"https:\/\/contactfm72.fr\/index.php?rest_route=%2Fwp%2Fv2%2Fcomments&post=11165"}],"version-history":[{"count":5,"href":"https:\/\/contactfm72.fr\/index.php?rest_route=\/wp\/v2\/posts\/11165\/revisions"}],"predecessor-version":[{"id":11192,"href":"https:\/\/contactfm72.fr\/index.php?rest_route=\/wp\/v2\/posts\/11165\/revisions\/11192"}],"wp:featuredmedia":[{"embeddable":true,"href":"https:\/\/contactfm72.fr\/index.php?rest_route=\/wp\/v2\/media\/11189"}],"wp:attachment":[{"href":"https:\/\/contactfm72.fr\/index.php?rest_route=%2Fwp%2Fv2%2Fmedia&parent=11165"}],"wp:term":[{"taxonomy":"category","embeddable":true,"href":"https:\/\/contactfm72.fr\/index.php?rest_route=%2Fwp%2Fv2%2Fcategories&post=11165"},{"taxonomy":"post_tag","embeddable":true,"href":"https:\/\/contactfm72.fr\/index.php?rest_route=%2Fwp%2Fv2%2Ftags&post=11165"}],"curies":[{"name":"wp","href":"https:\/\/api.w.org\/{rel}","templated":true}]}}