{"id":11108,"date":"2022-09-23T15:00:16","date_gmt":"2022-09-23T13:00:16","guid":{"rendered":"http:\/\/contactfm72.fr\/?p=11108"},"modified":"2022-09-22T11:11:02","modified_gmt":"2022-09-22T09:11:02","slug":"sud-sarthe-lassociation-des-commercants-et-artisans-du-bassin-montvalois-annonce-de-nouveaux-projets-pour-cette-rentree","status":"publish","type":"post","link":"https:\/\/contactfm72.fr\/?p=11108","title":{"rendered":"Sud Sarthe : L\u2019association des commer\u00e7ants et artisans annonce de nouveaux projets"},"content":{"rendered":"<h2>Depuis un an, les adh\u00e9rents de l\u2019association des commer\u00e7ants et artisans du bassin montvalois (Sarthe) relancent et restructurent leurs activit\u00e9s. Le nouveau pr\u00e9sident de l\u2019association depuis mai 2022, Aur\u00e9lien Kabaklija, vise pour cette ann\u00e9e les 100 adh\u00e9rents.<\/h2>\n<p>&nbsp;<\/p>\n<p>&nbsp;<\/p>\n<p>C\u2019est une <a href=\"https:\/\/www.facebook.com\/ACABM72500\">association<\/a> qui a fait couler beaucoup d\u2019encres quant \u00e0 leurs r\u00e9cents rebondissements. Apr\u00e8s de nombreuses d\u00e9missions dans leur bureau, l\u2019<strong>association des commer\u00e7ants et artisans du bassin montvalois<\/strong> (ACABM) rena\u00eet de ses cendres avec l\u2019\u00e9lection de Baptiste Coursi\u00e8res, g\u00e9rant de l\u2019H\u00f4tel de la gare, en tant que pr\u00e9sident. En mai dernier, <strong>Aur\u00e9lien Kabaklija, g\u00e9rant d\u2019El Corp et Elau Food<\/strong>, devient pr\u00e9sident \u00e0 son tour.<\/p>\n<p>&nbsp;<\/p>\n<p>Pour les adh\u00e9rents, la restructuration de l\u2019association d\u00e9marre par une r\u00e9union de rentr\u00e9e, organis\u00e9e cette ann\u00e9e \u00e0 la <strong>Rotonde de Montval-sur-Loir<\/strong> :<\/p>\n<blockquote><p>\u00ab C\u2019est un lieu embl\u00e9matique de Montval-sur-Loir. Cette r\u00e9union permet de nous r\u00e9unir, de cr\u00e9er de la coh\u00e9sion, mais aussi de faire conna\u00eetre les lieux aux commer\u00e7ants \u00bb, pr\u00e9cise Aur\u00e9lien Kabaklija.<\/p><\/blockquote>\n<p>A cette soir\u00e9e de rentr\u00e9e, la plupart des commer\u00e7ants \u00e9tait pr\u00e9sent, mais le pr\u00e9sident regrette \u00ab le <strong>manque d\u2019artisan<\/strong>. C\u2019est plus dur de les attirer dans nos rangs \u00bb.<\/p>\n<p>&nbsp;<\/p>\n<h3><strong>\u00ab\u00a0Se donner des tuyaux\u00a0\u00bb<\/strong><\/h3>\n<p>Int\u00e9grer l\u2019association des commer\u00e7ants et artisans de Montval-sur-Loir est avant tout pour <strong>s\u2019aider entre commer\u00e7ants<\/strong>\u00a0:<\/p>\n<blockquote><p>\u00ab\u00a0A chaque difficult\u00e9, on a un groupe Whatsapp, et on donne des tuyaux. On s\u2019aide dans l\u2019administratif, dans le recrutement, si l\u2019un d\u2019entre nous est en recherche d\u2019apprentis, mais aussi sur les fins de contrat\u00a0\u00bb.<\/p><\/blockquote>\n<p>L\u2019association compte <strong>75 adh\u00e9rents<\/strong> actuellement, \u00ab\u00a0on vise les 100 adh\u00e9rents pour cette ann\u00e9e\u00a0\u00bb.<\/p>\n<p>En ce sens, le pr\u00e9sident l\u2019assure\u00a0:<\/p>\n<blockquote><p>\u00ab\u00a0Nous avons jamais eu de refus. Les commer\u00e7ants qui n\u2019ont pas encore int\u00e9gr\u00e9 notre association sont des personnes qui n\u2019osent pas venir vers nous\u00a0\u00bb. Par ailleurs, les commer\u00e7ants qui n\u2019\u00e9taient adh\u00e9rents l\u2019ann\u00e9e pass\u00e9e le sont \u00e0 pr\u00e9sent cette ann\u00e9e.<\/p><\/blockquote>\n<p>&nbsp;<\/p>\n<h3><strong>Retour du T\u00e9l\u00e9thon\u00a0? <\/strong><\/h3>\n<p>Parmi les actions men\u00e9es par l\u2019ACABM cette ann\u00e9e, le pr\u00e9sident annonce \u00ab<strong>\u00a0le march\u00e9 de No\u00ebl\u00a0<\/strong>\u00bb, mais \u00e9galement le renouvellement du \u00ab\u00a0banquet des commer\u00e7ants qui avait satisfait tout le monde\u00a0\u00bb. En revanche, le g\u00e9rant des deux commerces cast\u00e9loriens s\u2019est donn\u00e9 un objectif\u00a0: <strong>relancer le T\u00e9l\u00e9thon<\/strong>.<\/p>\n<p>&nbsp;<\/p>\n<h5>Pour plus d\u2019informations sur l\u2019association\u00a0: 06 86 53 99 31 ou <a href=\"mailto:president@acabm.fr\">president@acabm.fr<\/a><\/h5>\n<!-- AddThis Advanced Settings generic via filter on the_content --><!-- AddThis Share Buttons generic via filter on the_content -->","protected":false},"excerpt":{"rendered":"<p>Depuis un an, les adh\u00e9rents de l\u2019association des commer\u00e7ants et artisans du bassin montvalois (Sarthe) relancent et restructurent leurs activit\u00e9s. Le nouveau pr\u00e9sident de l\u2019association depuis mai 2022, Aur\u00e9lien Kabaklija, vise pour cette ann\u00e9e les 100 adh\u00e9rents. &nbsp; &nbsp; C\u2019est une association qui a fait couler beaucoup d\u2019encres quant \u00e0 leurs r\u00e9cents rebondissements. Apr\u00e8s de&hellip;<!-- AddThis Advanced Settings generic via filter on get_the_excerpt --><!-- AddThis Share Buttons generic via filter on get_the_excerpt --><\/p>\n","protected":false},"author":4,"featured_media":11109,"comment_status":"closed","ping_status":"open","sticky":false,"template":"","format":"standard","meta":{"footnotes":""},"categories":[1],"tags":[],"class_list":["post-11108","post","type-post","status-publish","format-standard","has-post-thumbnail","hentry","category-contact-fm-72","category-1","description-off"],"yoast_head":"<!-- This site is optimized with the Yoast SEO plugin v27.4 - https:\/\/yoast.com\/product\/yoast-seo-wordpress\/ -->\n<title>Sud Sarthe : L\u2019association des commer\u00e7ants et artisans annonce de nouveaux projets - Contact FM 99.3<\/title>\n<meta name=\"robots\" content=\"index, follow, max-snippet:-1, max-image-preview:large, max-video-preview:-1\" \/>\n<link rel=\"canonical\" href=\"https:\/\/contactfm72.fr\/?p=11108\" \/>\n<meta property=\"og:locale\" content=\"fr_FR\" \/>\n<meta property=\"og:type\" content=\"article\" \/>\n<meta property=\"og:title\" content=\"Sud Sarthe : L\u2019association des commer\u00e7ants et artisans annonce de nouveaux projets - Contact FM 99.3\" \/>\n<meta property=\"og:description\" content=\"Depuis un an, les adh\u00e9rents de l\u2019association des commer\u00e7ants et artisans du bassin montvalois (Sarthe) relancent et restructurent leurs activit\u00e9s. Le nouveau pr\u00e9sident de l\u2019association depuis mai 2022, Aur\u00e9lien Kabaklija, vise pour cette ann\u00e9e les 100 adh\u00e9rents. &nbsp; &nbsp; C\u2019est une association qui a fait couler beaucoup d\u2019encres quant \u00e0 leurs r\u00e9cents rebondissements. Apr\u00e8s de&hellip;\" \/>\n<meta property=\"og:url\" content=\"https:\/\/contactfm72.fr\/?p=11108\" \/>\n<meta property=\"og:site_name\" content=\"Contact FM 99.3\" \/>\n<meta property=\"article:publisher\" content=\"https:\/\/www.facebook.com\/Contactfm.Chateauduloir\" \/>\n<meta property=\"article:published_time\" content=\"2022-09-23T13:00:16+00:00\" \/>\n<meta property=\"og:image\" content=\"https:\/\/contactfm72.fr\/wp-content\/uploads\/2022\/09\/assos-commer\u00e7ants.jpg\" \/>\n\t<meta property=\"og:image:width\" content=\"2048\" \/>\n\t<meta property=\"og:image:height\" content=\"1536\" \/>\n\t<meta property=\"og:image:type\" content=\"image\/jpeg\" \/>\n<meta name=\"author\" content=\"Val\u00e9rie C.\" \/>\n<meta name=\"twitter:card\" content=\"summary_large_image\" \/>\n<meta name=\"twitter:creator\" content=\"@contactfm72\" \/>\n<meta name=\"twitter:site\" content=\"@contactfm72\" \/>\n<meta name=\"twitter:label1\" content=\"\u00c9crit par\" \/>\n\t<meta name=\"twitter:data1\" content=\"Val\u00e9rie C.\" \/>\n\t<meta name=\"twitter:label2\" content=\"Dur\u00e9e de lecture estim\u00e9e\" \/>\n\t<meta name=\"twitter:data2\" content=\"2 minutes\" \/>\n<script type=\"application\/ld+json\" class=\"yoast-schema-graph\">{\"@context\":\"https:\\\/\\\/schema.org\",\"@graph\":[{\"@type\":\"Article\",\"@id\":\"https:\\\/\\\/contactfm72.fr\\\/?p=11108#article\",\"isPartOf\":{\"@id\":\"https:\\\/\\\/contactfm72.fr\\\/?p=11108\"},\"author\":{\"name\":\"Val\u00e9rie C.\",\"@id\":\"https:\\\/\\\/contactfm72.fr\\\/#\\\/schema\\\/person\\\/9fdc9d1c2eb029354a4f1535b90ba82d\"},\"headline\":\"Sud Sarthe : L\u2019association des commer\u00e7ants et artisans annonce de nouveaux projets\",\"datePublished\":\"2022-09-23T13:00:16+00:00\",\"mainEntityOfPage\":{\"@id\":\"https:\\\/\\\/contactfm72.fr\\\/?p=11108\"},\"wordCount\":452,\"publisher\":{\"@id\":\"https:\\\/\\\/contactfm72.fr\\\/#organization\"},\"image\":{\"@id\":\"https:\\\/\\\/contactfm72.fr\\\/?p=11108#primaryimage\"},\"thumbnailUrl\":\"https:\\\/\\\/contactfm72.fr\\\/wp-content\\\/uploads\\\/2022\\\/09\\\/assos-commer\u00e7ants.jpg\",\"articleSection\":[\"Contact FM 72\"],\"inLanguage\":\"fr-FR\"},{\"@type\":\"WebPage\",\"@id\":\"https:\\\/\\\/contactfm72.fr\\\/?p=11108\",\"url\":\"https:\\\/\\\/contactfm72.fr\\\/?p=11108\",\"name\":\"Sud Sarthe : L\u2019association des commer\u00e7ants et artisans annonce de nouveaux projets - Contact FM 99.3\",\"isPartOf\":{\"@id\":\"https:\\\/\\\/contactfm72.fr\\\/#website\"},\"primaryImageOfPage\":{\"@id\":\"https:\\\/\\\/contactfm72.fr\\\/?p=11108#primaryimage\"},\"image\":{\"@id\":\"https:\\\/\\\/contactfm72.fr\\\/?p=11108#primaryimage\"},\"thumbnailUrl\":\"https:\\\/\\\/contactfm72.fr\\\/wp-content\\\/uploads\\\/2022\\\/09\\\/assos-commer\u00e7ants.jpg\",\"datePublished\":\"2022-09-23T13:00:16+00:00\",\"breadcrumb\":{\"@id\":\"https:\\\/\\\/contactfm72.fr\\\/?p=11108#breadcrumb\"},\"inLanguage\":\"fr-FR\",\"potentialAction\":[{\"@type\":\"ReadAction\",\"target\":[\"https:\\\/\\\/contactfm72.fr\\\/?p=11108\"]}]},{\"@type\":\"ImageObject\",\"inLanguage\":\"fr-FR\",\"@id\":\"https:\\\/\\\/contactfm72.fr\\\/?p=11108#primaryimage\",\"url\":\"https:\\\/\\\/contactfm72.fr\\\/wp-content\\\/uploads\\\/2022\\\/09\\\/assos-commer\u00e7ants.jpg\",\"contentUrl\":\"https:\\\/\\\/contactfm72.fr\\\/wp-content\\\/uploads\\\/2022\\\/09\\\/assos-commer\u00e7ants.jpg\",\"width\":2048,\"height\":1536,\"caption\":\"Aur\u00e9lien Kabaklija est pr\u00e9sident de l'association des commer\u00e7ants et artisans du bassin montvalois depuis mai 2022.\"},{\"@type\":\"BreadcrumbList\",\"@id\":\"https:\\\/\\\/contactfm72.fr\\\/?p=11108#breadcrumb\",\"itemListElement\":[{\"@type\":\"ListItem\",\"position\":1,\"name\":\"Accueil\",\"item\":\"https:\\\/\\\/contactfm72.fr\\\/\"},{\"@type\":\"ListItem\",\"position\":2,\"name\":\"Sud Sarthe : L\u2019association des commer\u00e7ants et artisans annonce de nouveaux projets\"}]},{\"@type\":\"WebSite\",\"@id\":\"https:\\\/\\\/contactfm72.fr\\\/#website\",\"url\":\"https:\\\/\\\/contactfm72.fr\\\/\",\"name\":\"Contact FM 99.3\",\"description\":\"Votre radio en vall\u00e9e du Loir\",\"publisher\":{\"@id\":\"https:\\\/\\\/contactfm72.fr\\\/#organization\"},\"potentialAction\":[{\"@type\":\"SearchAction\",\"target\":{\"@type\":\"EntryPoint\",\"urlTemplate\":\"https:\\\/\\\/contactfm72.fr\\\/?s={search_term_string}\"},\"query-input\":{\"@type\":\"PropertyValueSpecification\",\"valueRequired\":true,\"valueName\":\"search_term_string\"}}],\"inLanguage\":\"fr-FR\"},{\"@type\":\"Organization\",\"@id\":\"https:\\\/\\\/contactfm72.fr\\\/#organization\",\"name\":\"Contact FM 99.3\",\"url\":\"https:\\\/\\\/contactfm72.fr\\\/\",\"logo\":{\"@type\":\"ImageObject\",\"inLanguage\":\"fr-FR\",\"@id\":\"https:\\\/\\\/contactfm72.fr\\\/#\\\/schema\\\/logo\\\/image\\\/\",\"url\":\"https:\\\/\\\/contactfm72.fr\\\/wp-content\\\/uploads\\\/2025\\\/04\\\/2025-04-18-2.jpg\",\"contentUrl\":\"https:\\\/\\\/contactfm72.fr\\\/wp-content\\\/uploads\\\/2025\\\/04\\\/2025-04-18-2.jpg\",\"width\":680,\"height\":307,\"caption\":\"Contact FM 99.3\"},\"image\":{\"@id\":\"https:\\\/\\\/contactfm72.fr\\\/#\\\/schema\\\/logo\\\/image\\\/\"},\"sameAs\":[\"https:\\\/\\\/www.facebook.com\\\/Contactfm.Chateauduloir\",\"https:\\\/\\\/x.com\\\/contactfm72\",\"https:\\\/\\\/www.instagram.com\\\/contact.fm.72?igsh=cGhlMHQ5N2JlNnpp\",\"https:\\\/\\\/www.tiktok.com\\\/@contact.fm\"]},{\"@type\":\"Person\",\"@id\":\"https:\\\/\\\/contactfm72.fr\\\/#\\\/schema\\\/person\\\/9fdc9d1c2eb029354a4f1535b90ba82d\",\"name\":\"Val\u00e9rie C.\",\"image\":{\"@type\":\"ImageObject\",\"inLanguage\":\"fr-FR\",\"@id\":\"https:\\\/\\\/secure.gravatar.com\\\/avatar\\\/2f8aa28f8dfbd7d4420afd1fdcdd0a349923e2c8a38ab28198b0f9d0601e4737?s=96&d=mm&r=g\",\"url\":\"https:\\\/\\\/secure.gravatar.com\\\/avatar\\\/2f8aa28f8dfbd7d4420afd1fdcdd0a349923e2c8a38ab28198b0f9d0601e4737?s=96&d=mm&r=g\",\"contentUrl\":\"https:\\\/\\\/secure.gravatar.com\\\/avatar\\\/2f8aa28f8dfbd7d4420afd1fdcdd0a349923e2c8a38ab28198b0f9d0601e4737?s=96&d=mm&r=g\",\"caption\":\"Val\u00e9rie C.\"},\"url\":\"https:\\\/\\\/contactfm72.fr\\\/?author=4\"}]}<\/script>\n<!-- \/ Yoast SEO plugin. -->","yoast_head_json":{"title":"Sud Sarthe : L\u2019association des commer\u00e7ants et artisans annonce de nouveaux projets - Contact FM 99.3","robots":{"index":"index","follow":"follow","max-snippet":"max-snippet:-1","max-image-preview":"max-image-preview:large","max-video-preview":"max-video-preview:-1"},"canonical":"https:\/\/contactfm72.fr\/?p=11108","og_locale":"fr_FR","og_type":"article","og_title":"Sud Sarthe : L\u2019association des commer\u00e7ants et artisans annonce de nouveaux projets - Contact FM 99.3","og_description":"Depuis un an, les adh\u00e9rents de l\u2019association des commer\u00e7ants et artisans du bassin montvalois (Sarthe) relancent et restructurent leurs activit\u00e9s. Le nouveau pr\u00e9sident de l\u2019association depuis mai 2022, Aur\u00e9lien Kabaklija, vise pour cette ann\u00e9e les 100 adh\u00e9rents. &nbsp; &nbsp; C\u2019est une association qui a fait couler beaucoup d\u2019encres quant \u00e0 leurs r\u00e9cents rebondissements. Apr\u00e8s de&hellip;","og_url":"https:\/\/contactfm72.fr\/?p=11108","og_site_name":"Contact FM 99.3","article_publisher":"https:\/\/www.facebook.com\/Contactfm.Chateauduloir","article_published_time":"2022-09-23T13:00:16+00:00","og_image":[{"width":2048,"height":1536,"url":"https:\/\/contactfm72.fr\/wp-content\/uploads\/2022\/09\/assos-commer\u00e7ants.jpg","type":"image\/jpeg"}],"author":"Val\u00e9rie C.","twitter_card":"summary_large_image","twitter_creator":"@contactfm72","twitter_site":"@contactfm72","twitter_misc":{"\u00c9crit par":"Val\u00e9rie C.","Dur\u00e9e de lecture estim\u00e9e":"2 minutes"},"schema":{"@context":"https:\/\/schema.org","@graph":[{"@type":"Article","@id":"https:\/\/contactfm72.fr\/?p=11108#article","isPartOf":{"@id":"https:\/\/contactfm72.fr\/?p=11108"},"author":{"name":"Val\u00e9rie C.","@id":"https:\/\/contactfm72.fr\/#\/schema\/person\/9fdc9d1c2eb029354a4f1535b90ba82d"},"headline":"Sud Sarthe : L\u2019association des commer\u00e7ants et artisans annonce de nouveaux projets","datePublished":"2022-09-23T13:00:16+00:00","mainEntityOfPage":{"@id":"https:\/\/contactfm72.fr\/?p=11108"},"wordCount":452,"publisher":{"@id":"https:\/\/contactfm72.fr\/#organization"},"image":{"@id":"https:\/\/contactfm72.fr\/?p=11108#primaryimage"},"thumbnailUrl":"https:\/\/contactfm72.fr\/wp-content\/uploads\/2022\/09\/assos-commer\u00e7ants.jpg","articleSection":["Contact FM 72"],"inLanguage":"fr-FR"},{"@type":"WebPage","@id":"https:\/\/contactfm72.fr\/?p=11108","url":"https:\/\/contactfm72.fr\/?p=11108","name":"Sud Sarthe : L\u2019association des commer\u00e7ants et artisans annonce de nouveaux projets - Contact FM 99.3","isPartOf":{"@id":"https:\/\/contactfm72.fr\/#website"},"primaryImageOfPage":{"@id":"https:\/\/contactfm72.fr\/?p=11108#primaryimage"},"image":{"@id":"https:\/\/contactfm72.fr\/?p=11108#primaryimage"},"thumbnailUrl":"https:\/\/contactfm72.fr\/wp-content\/uploads\/2022\/09\/assos-commer\u00e7ants.jpg","datePublished":"2022-09-23T13:00:16+00:00","breadcrumb":{"@id":"https:\/\/contactfm72.fr\/?p=11108#breadcrumb"},"inLanguage":"fr-FR","potentialAction":[{"@type":"ReadAction","target":["https:\/\/contactfm72.fr\/?p=11108"]}]},{"@type":"ImageObject","inLanguage":"fr-FR","@id":"https:\/\/contactfm72.fr\/?p=11108#primaryimage","url":"https:\/\/contactfm72.fr\/wp-content\/uploads\/2022\/09\/assos-commer\u00e7ants.jpg","contentUrl":"https:\/\/contactfm72.fr\/wp-content\/uploads\/2022\/09\/assos-commer\u00e7ants.jpg","width":2048,"height":1536,"caption":"Aur\u00e9lien Kabaklija est pr\u00e9sident de l'association des commer\u00e7ants et artisans du bassin montvalois depuis mai 2022."},{"@type":"BreadcrumbList","@id":"https:\/\/contactfm72.fr\/?p=11108#breadcrumb","itemListElement":[{"@type":"ListItem","position":1,"name":"Accueil","item":"https:\/\/contactfm72.fr\/"},{"@type":"ListItem","position":2,"name":"Sud Sarthe : L\u2019association des commer\u00e7ants et artisans annonce de nouveaux projets"}]},{"@type":"WebSite","@id":"https:\/\/contactfm72.fr\/#website","url":"https:\/\/contactfm72.fr\/","name":"Contact FM 99.3","description":"Votre radio en vall\u00e9e du Loir","publisher":{"@id":"https:\/\/contactfm72.fr\/#organization"},"potentialAction":[{"@type":"SearchAction","target":{"@type":"EntryPoint","urlTemplate":"https:\/\/contactfm72.fr\/?s={search_term_string}"},"query-input":{"@type":"PropertyValueSpecification","valueRequired":true,"valueName":"search_term_string"}}],"inLanguage":"fr-FR"},{"@type":"Organization","@id":"https:\/\/contactfm72.fr\/#organization","name":"Contact FM 99.3","url":"https:\/\/contactfm72.fr\/","logo":{"@type":"ImageObject","inLanguage":"fr-FR","@id":"https:\/\/contactfm72.fr\/#\/schema\/logo\/image\/","url":"https:\/\/contactfm72.fr\/wp-content\/uploads\/2025\/04\/2025-04-18-2.jpg","contentUrl":"https:\/\/contactfm72.fr\/wp-content\/uploads\/2025\/04\/2025-04-18-2.jpg","width":680,"height":307,"caption":"Contact FM 99.3"},"image":{"@id":"https:\/\/contactfm72.fr\/#\/schema\/logo\/image\/"},"sameAs":["https:\/\/www.facebook.com\/Contactfm.Chateauduloir","https:\/\/x.com\/contactfm72","https:\/\/www.instagram.com\/contact.fm.72?igsh=cGhlMHQ5N2JlNnpp","https:\/\/www.tiktok.com\/@contact.fm"]},{"@type":"Person","@id":"https:\/\/contactfm72.fr\/#\/schema\/person\/9fdc9d1c2eb029354a4f1535b90ba82d","name":"Val\u00e9rie C.","image":{"@type":"ImageObject","inLanguage":"fr-FR","@id":"https:\/\/secure.gravatar.com\/avatar\/2f8aa28f8dfbd7d4420afd1fdcdd0a349923e2c8a38ab28198b0f9d0601e4737?s=96&d=mm&r=g","url":"https:\/\/secure.gravatar.com\/avatar\/2f8aa28f8dfbd7d4420afd1fdcdd0a349923e2c8a38ab28198b0f9d0601e4737?s=96&d=mm&r=g","contentUrl":"https:\/\/secure.gravatar.com\/avatar\/2f8aa28f8dfbd7d4420afd1fdcdd0a349923e2c8a38ab28198b0f9d0601e4737?s=96&d=mm&r=g","caption":"Val\u00e9rie C."},"url":"https:\/\/contactfm72.fr\/?author=4"}]}},"_links":{"self":[{"href":"https:\/\/contactfm72.fr\/index.php?rest_route=\/wp\/v2\/posts\/11108","targetHints":{"allow":["GET"]}}],"collection":[{"href":"https:\/\/contactfm72.fr\/index.php?rest_route=\/wp\/v2\/posts"}],"about":[{"href":"https:\/\/contactfm72.fr\/index.php?rest_route=\/wp\/v2\/types\/post"}],"author":[{"embeddable":true,"href":"https:\/\/contactfm72.fr\/index.php?rest_route=\/wp\/v2\/users\/4"}],"replies":[{"embeddable":true,"href":"https:\/\/contactfm72.fr\/index.php?rest_route=%2Fwp%2Fv2%2Fcomments&post=11108"}],"version-history":[{"count":5,"href":"https:\/\/contactfm72.fr\/index.php?rest_route=\/wp\/v2\/posts\/11108\/revisions"}],"predecessor-version":[{"id":11152,"href":"https:\/\/contactfm72.fr\/index.php?rest_route=\/wp\/v2\/posts\/11108\/revisions\/11152"}],"wp:featuredmedia":[{"embeddable":true,"href":"https:\/\/contactfm72.fr\/index.php?rest_route=\/wp\/v2\/media\/11109"}],"wp:attachment":[{"href":"https:\/\/contactfm72.fr\/index.php?rest_route=%2Fwp%2Fv2%2Fmedia&parent=11108"}],"wp:term":[{"taxonomy":"category","embeddable":true,"href":"https:\/\/contactfm72.fr\/index.php?rest_route=%2Fwp%2Fv2%2Fcategories&post=11108"},{"taxonomy":"post_tag","embeddable":true,"href":"https:\/\/contactfm72.fr\/index.php?rest_route=%2Fwp%2Fv2%2Ftags&post=11108"}],"curies":[{"name":"wp","href":"https:\/\/api.w.org\/{rel}","templated":true}]}}