{"id":11089,"date":"2022-09-20T14:15:04","date_gmt":"2022-09-20T12:15:04","guid":{"rendered":"http:\/\/contactfm72.fr\/?p=11089"},"modified":"2022-09-19T15:09:01","modified_gmt":"2022-09-19T13:09:01","slug":"sud-sarthe-un-cafe-rencontre-pour-recruter-des-services-civiques","status":"publish","type":"post","link":"https:\/\/contactfm72.fr\/?p=11089","title":{"rendered":"Sud Sarthe : Un caf\u00e9-rencontre pour recruter des services civiques"},"content":{"rendered":"<h2>Le Point information jeunesse (PIJ) de la mission locale de Montval-sur-Loir (Sarthe) organise un caf\u00e9-rencontres entre jeunes et recruteurs de volontaire en service civique mercredi 21 septembre.<\/h2>\n<p>&nbsp;<\/p>\n<p>&nbsp;<\/p>\n<p>Le <strong>PIJ<\/strong> organise le <strong>mercredi 21 septembre<\/strong> un <strong>caf\u00e9-rencontres<\/strong> pour pr\u00e9senter le dispositif du <strong>service civique<\/strong>, imagin\u00e9es et co anim\u00e9es par Justine Bardet, animatrice du point Infos Jeunes, et Chrystelle Bouzier, animatrice du projet <a href=\"http:\/\/contactfm72.fr\/?p=8740\">Jeunes m&#8217;activ&#8217;<\/a> \u00e0 la<a href=\"https:\/\/www.ml-sartheloir.fr\/\"> <strong>Mission locale de Montval-sur-Loir<\/strong><\/a>.<\/p>\n<p>&nbsp;<\/p>\n<h3><strong>Moment d&#8217;\u00e9change avec les jeunes<\/strong><\/h3>\n<p>Cet \u00e9v\u00e9nement a \u00e9t\u00e9 pens\u00e9 comme un \u00ab\u00a0<strong>moment convivial<\/strong> pour informer les jeunes de 16 \u00e0 25 ans, et favoriser le dialogue entre eux et de potentiels recruteurs\u00a0\u00bb, pr\u00e9cise les animateurs.<\/p>\n<p>De 16h \u00e0 18h, il sera possible d\u2019assister \u00e0 la pr\u00e9sentation dynamique et ludique du service civique aux jeunes, afin de partager les objectifs, les diff\u00e9rentes missions possibles ou encore le fonctionnement.<\/p>\n<p>Ce moment sera ponctu\u00e9 par des <strong>t\u00e9moignages d&#8217;anciens volontaires<\/strong> en service civique pour permettre aux jeunes d&#8217;avoir un retour d&#8217;exp\u00e9rience.<\/p>\n<p>&nbsp;<\/p>\n<h3><strong>Rencontre entre les jeunes et les partenaires\/recruteurs<\/strong><\/h3>\n<p>Le caf\u00e9-rencontres sera aussi l&#8217;occasion de rassembler des <strong>partenaires<\/strong> et notamment des<strong> structures proposant des missions<\/strong> de service civique sur leur territoire. Un espace sera am\u00e9nag\u00e9 pour un &#8220;service civique dating&#8221;, avec affichages d&#8217;offres de missions, livrets, stands d&#8217;une dizaine de recruteurs, bar \u00e0 jus&#8230;<\/p>\n<p>Les jeunes auront la possibilit\u00e9 d&#8217;\u00eatre accompagn\u00e9s pour <strong>postuler directement sur le site<\/strong> du service civique lors de l&#8217;\u00e9v\u00e9nement.<\/p>\n<p>&nbsp;<\/p>\n<h5>Plus d\u2019informations\u00a0: Mercredi 21 septembre 2022 de 16 h \u00e0 18 h, au PIJ de la Mission locale de Montval-sur-Loir, 16 rue du Onze Novembre.<\/h5>\n<p>&nbsp;<\/p>\n<!-- AddThis Advanced Settings generic via filter on the_content --><!-- AddThis Share Buttons generic via filter on the_content -->","protected":false},"excerpt":{"rendered":"<p>Le Point information jeunesse (PIJ) de la mission locale de Montval-sur-Loir (Sarthe) organise un caf\u00e9-rencontres entre jeunes et recruteurs de volontaire en service civique mercredi 21 septembre. &nbsp; &nbsp; Le PIJ organise le mercredi 21 septembre un caf\u00e9-rencontres pour pr\u00e9senter le dispositif du service civique, imagin\u00e9es et co anim\u00e9es par Justine Bardet, animatrice du point&hellip;<!-- AddThis Advanced Settings generic via filter on get_the_excerpt --><!-- AddThis Share Buttons generic via filter on get_the_excerpt --><\/p>\n","protected":false},"author":4,"featured_media":11090,"comment_status":"closed","ping_status":"open","sticky":false,"template":"","format":"standard","meta":{"footnotes":""},"categories":[1],"tags":[],"class_list":["post-11089","post","type-post","status-publish","format-standard","has-post-thumbnail","hentry","category-contact-fm-72","category-1","description-off"],"yoast_head":"<!-- This site is optimized with the Yoast SEO plugin v27.4 - https:\/\/yoast.com\/product\/yoast-seo-wordpress\/ -->\n<title>Sud Sarthe : Un caf\u00e9-rencontre pour recruter des services civiques - Contact FM 99.3<\/title>\n<meta name=\"robots\" content=\"index, follow, max-snippet:-1, max-image-preview:large, max-video-preview:-1\" \/>\n<link rel=\"canonical\" href=\"https:\/\/contactfm72.fr\/?p=11089\" \/>\n<meta property=\"og:locale\" content=\"fr_FR\" \/>\n<meta property=\"og:type\" content=\"article\" \/>\n<meta property=\"og:title\" content=\"Sud Sarthe : Un caf\u00e9-rencontre pour recruter des services civiques - Contact FM 99.3\" \/>\n<meta property=\"og:description\" content=\"Le Point information jeunesse (PIJ) de la mission locale de Montval-sur-Loir (Sarthe) organise un caf\u00e9-rencontres entre jeunes et recruteurs de volontaire en service civique mercredi 21 septembre. &nbsp; &nbsp; Le PIJ organise le mercredi 21 septembre un caf\u00e9-rencontres pour pr\u00e9senter le dispositif du service civique, imagin\u00e9es et co anim\u00e9es par Justine Bardet, animatrice du point&hellip;\" \/>\n<meta property=\"og:url\" content=\"https:\/\/contactfm72.fr\/?p=11089\" \/>\n<meta property=\"og:site_name\" content=\"Contact FM 99.3\" \/>\n<meta property=\"article:publisher\" content=\"https:\/\/www.facebook.com\/Contactfm.Chateauduloir\" \/>\n<meta property=\"article:published_time\" content=\"2022-09-20T12:15:04+00:00\" \/>\n<meta property=\"og:image\" content=\"https:\/\/contactfm72.fr\/wp-content\/uploads\/2022\/09\/entretien-job-jeunes.jpg\" \/>\n\t<meta property=\"og:image:width\" content=\"612\" \/>\n\t<meta property=\"og:image:height\" content=\"408\" \/>\n\t<meta property=\"og:image:type\" content=\"image\/jpeg\" \/>\n<meta name=\"author\" content=\"Val\u00e9rie C.\" \/>\n<meta name=\"twitter:card\" content=\"summary_large_image\" \/>\n<meta name=\"twitter:creator\" content=\"@contactfm72\" \/>\n<meta name=\"twitter:site\" content=\"@contactfm72\" \/>\n<meta name=\"twitter:label1\" content=\"\u00c9crit par\" \/>\n\t<meta name=\"twitter:data1\" content=\"Val\u00e9rie C.\" \/>\n\t<meta name=\"twitter:label2\" content=\"Dur\u00e9e de lecture estim\u00e9e\" \/>\n\t<meta name=\"twitter:data2\" content=\"1 minute\" \/>\n<script type=\"application\/ld+json\" class=\"yoast-schema-graph\">{\"@context\":\"https:\\\/\\\/schema.org\",\"@graph\":[{\"@type\":\"Article\",\"@id\":\"https:\\\/\\\/contactfm72.fr\\\/?p=11089#article\",\"isPartOf\":{\"@id\":\"https:\\\/\\\/contactfm72.fr\\\/?p=11089\"},\"author\":{\"name\":\"Val\u00e9rie C.\",\"@id\":\"https:\\\/\\\/contactfm72.fr\\\/#\\\/schema\\\/person\\\/9fdc9d1c2eb029354a4f1535b90ba82d\"},\"headline\":\"Sud Sarthe : Un caf\u00e9-rencontre pour recruter des services civiques\",\"datePublished\":\"2022-09-20T12:15:04+00:00\",\"mainEntityOfPage\":{\"@id\":\"https:\\\/\\\/contactfm72.fr\\\/?p=11089\"},\"wordCount\":282,\"publisher\":{\"@id\":\"https:\\\/\\\/contactfm72.fr\\\/#organization\"},\"image\":{\"@id\":\"https:\\\/\\\/contactfm72.fr\\\/?p=11089#primaryimage\"},\"thumbnailUrl\":\"https:\\\/\\\/contactfm72.fr\\\/wp-content\\\/uploads\\\/2022\\\/09\\\/entretien-job-jeunes.jpg\",\"articleSection\":[\"Contact FM 72\"],\"inLanguage\":\"fr-FR\"},{\"@type\":\"WebPage\",\"@id\":\"https:\\\/\\\/contactfm72.fr\\\/?p=11089\",\"url\":\"https:\\\/\\\/contactfm72.fr\\\/?p=11089\",\"name\":\"Sud Sarthe : Un caf\u00e9-rencontre pour recruter des services civiques - Contact FM 99.3\",\"isPartOf\":{\"@id\":\"https:\\\/\\\/contactfm72.fr\\\/#website\"},\"primaryImageOfPage\":{\"@id\":\"https:\\\/\\\/contactfm72.fr\\\/?p=11089#primaryimage\"},\"image\":{\"@id\":\"https:\\\/\\\/contactfm72.fr\\\/?p=11089#primaryimage\"},\"thumbnailUrl\":\"https:\\\/\\\/contactfm72.fr\\\/wp-content\\\/uploads\\\/2022\\\/09\\\/entretien-job-jeunes.jpg\",\"datePublished\":\"2022-09-20T12:15:04+00:00\",\"breadcrumb\":{\"@id\":\"https:\\\/\\\/contactfm72.fr\\\/?p=11089#breadcrumb\"},\"inLanguage\":\"fr-FR\",\"potentialAction\":[{\"@type\":\"ReadAction\",\"target\":[\"https:\\\/\\\/contactfm72.fr\\\/?p=11089\"]}]},{\"@type\":\"ImageObject\",\"inLanguage\":\"fr-FR\",\"@id\":\"https:\\\/\\\/contactfm72.fr\\\/?p=11089#primaryimage\",\"url\":\"https:\\\/\\\/contactfm72.fr\\\/wp-content\\\/uploads\\\/2022\\\/09\\\/entretien-job-jeunes.jpg\",\"contentUrl\":\"https:\\\/\\\/contactfm72.fr\\\/wp-content\\\/uploads\\\/2022\\\/09\\\/entretien-job-jeunes.jpg\",\"width\":612,\"height\":408,\"caption\":\"Le caf\u00e9-rencontre aura lieu le mercredi 21 septembre. Image d'illustration.\"},{\"@type\":\"BreadcrumbList\",\"@id\":\"https:\\\/\\\/contactfm72.fr\\\/?p=11089#breadcrumb\",\"itemListElement\":[{\"@type\":\"ListItem\",\"position\":1,\"name\":\"Accueil\",\"item\":\"https:\\\/\\\/contactfm72.fr\\\/\"},{\"@type\":\"ListItem\",\"position\":2,\"name\":\"Sud Sarthe : Un caf\u00e9-rencontre pour recruter des services civiques\"}]},{\"@type\":\"WebSite\",\"@id\":\"https:\\\/\\\/contactfm72.fr\\\/#website\",\"url\":\"https:\\\/\\\/contactfm72.fr\\\/\",\"name\":\"Contact FM 99.3\",\"description\":\"Votre radio en vall\u00e9e du Loir\",\"publisher\":{\"@id\":\"https:\\\/\\\/contactfm72.fr\\\/#organization\"},\"potentialAction\":[{\"@type\":\"SearchAction\",\"target\":{\"@type\":\"EntryPoint\",\"urlTemplate\":\"https:\\\/\\\/contactfm72.fr\\\/?s={search_term_string}\"},\"query-input\":{\"@type\":\"PropertyValueSpecification\",\"valueRequired\":true,\"valueName\":\"search_term_string\"}}],\"inLanguage\":\"fr-FR\"},{\"@type\":\"Organization\",\"@id\":\"https:\\\/\\\/contactfm72.fr\\\/#organization\",\"name\":\"Contact FM 99.3\",\"url\":\"https:\\\/\\\/contactfm72.fr\\\/\",\"logo\":{\"@type\":\"ImageObject\",\"inLanguage\":\"fr-FR\",\"@id\":\"https:\\\/\\\/contactfm72.fr\\\/#\\\/schema\\\/logo\\\/image\\\/\",\"url\":\"https:\\\/\\\/contactfm72.fr\\\/wp-content\\\/uploads\\\/2025\\\/04\\\/2025-04-18-2.jpg\",\"contentUrl\":\"https:\\\/\\\/contactfm72.fr\\\/wp-content\\\/uploads\\\/2025\\\/04\\\/2025-04-18-2.jpg\",\"width\":680,\"height\":307,\"caption\":\"Contact FM 99.3\"},\"image\":{\"@id\":\"https:\\\/\\\/contactfm72.fr\\\/#\\\/schema\\\/logo\\\/image\\\/\"},\"sameAs\":[\"https:\\\/\\\/www.facebook.com\\\/Contactfm.Chateauduloir\",\"https:\\\/\\\/x.com\\\/contactfm72\",\"https:\\\/\\\/www.instagram.com\\\/contact.fm.72?igsh=cGhlMHQ5N2JlNnpp\",\"https:\\\/\\\/www.tiktok.com\\\/@contact.fm\"]},{\"@type\":\"Person\",\"@id\":\"https:\\\/\\\/contactfm72.fr\\\/#\\\/schema\\\/person\\\/9fdc9d1c2eb029354a4f1535b90ba82d\",\"name\":\"Val\u00e9rie C.\",\"image\":{\"@type\":\"ImageObject\",\"inLanguage\":\"fr-FR\",\"@id\":\"https:\\\/\\\/secure.gravatar.com\\\/avatar\\\/2f8aa28f8dfbd7d4420afd1fdcdd0a349923e2c8a38ab28198b0f9d0601e4737?s=96&d=mm&r=g\",\"url\":\"https:\\\/\\\/secure.gravatar.com\\\/avatar\\\/2f8aa28f8dfbd7d4420afd1fdcdd0a349923e2c8a38ab28198b0f9d0601e4737?s=96&d=mm&r=g\",\"contentUrl\":\"https:\\\/\\\/secure.gravatar.com\\\/avatar\\\/2f8aa28f8dfbd7d4420afd1fdcdd0a349923e2c8a38ab28198b0f9d0601e4737?s=96&d=mm&r=g\",\"caption\":\"Val\u00e9rie C.\"},\"url\":\"https:\\\/\\\/contactfm72.fr\\\/?author=4\"}]}<\/script>\n<!-- \/ Yoast SEO plugin. -->","yoast_head_json":{"title":"Sud Sarthe : Un caf\u00e9-rencontre pour recruter des services civiques - Contact FM 99.3","robots":{"index":"index","follow":"follow","max-snippet":"max-snippet:-1","max-image-preview":"max-image-preview:large","max-video-preview":"max-video-preview:-1"},"canonical":"https:\/\/contactfm72.fr\/?p=11089","og_locale":"fr_FR","og_type":"article","og_title":"Sud Sarthe : Un caf\u00e9-rencontre pour recruter des services civiques - Contact FM 99.3","og_description":"Le Point information jeunesse (PIJ) de la mission locale de Montval-sur-Loir (Sarthe) organise un caf\u00e9-rencontres entre jeunes et recruteurs de volontaire en service civique mercredi 21 septembre. &nbsp; &nbsp; Le PIJ organise le mercredi 21 septembre un caf\u00e9-rencontres pour pr\u00e9senter le dispositif du service civique, imagin\u00e9es et co anim\u00e9es par Justine Bardet, animatrice du point&hellip;","og_url":"https:\/\/contactfm72.fr\/?p=11089","og_site_name":"Contact FM 99.3","article_publisher":"https:\/\/www.facebook.com\/Contactfm.Chateauduloir","article_published_time":"2022-09-20T12:15:04+00:00","og_image":[{"width":612,"height":408,"url":"https:\/\/contactfm72.fr\/wp-content\/uploads\/2022\/09\/entretien-job-jeunes.jpg","type":"image\/jpeg"}],"author":"Val\u00e9rie C.","twitter_card":"summary_large_image","twitter_creator":"@contactfm72","twitter_site":"@contactfm72","twitter_misc":{"\u00c9crit par":"Val\u00e9rie C.","Dur\u00e9e de lecture estim\u00e9e":"1 minute"},"schema":{"@context":"https:\/\/schema.org","@graph":[{"@type":"Article","@id":"https:\/\/contactfm72.fr\/?p=11089#article","isPartOf":{"@id":"https:\/\/contactfm72.fr\/?p=11089"},"author":{"name":"Val\u00e9rie C.","@id":"https:\/\/contactfm72.fr\/#\/schema\/person\/9fdc9d1c2eb029354a4f1535b90ba82d"},"headline":"Sud Sarthe : Un caf\u00e9-rencontre pour recruter des services civiques","datePublished":"2022-09-20T12:15:04+00:00","mainEntityOfPage":{"@id":"https:\/\/contactfm72.fr\/?p=11089"},"wordCount":282,"publisher":{"@id":"https:\/\/contactfm72.fr\/#organization"},"image":{"@id":"https:\/\/contactfm72.fr\/?p=11089#primaryimage"},"thumbnailUrl":"https:\/\/contactfm72.fr\/wp-content\/uploads\/2022\/09\/entretien-job-jeunes.jpg","articleSection":["Contact FM 72"],"inLanguage":"fr-FR"},{"@type":"WebPage","@id":"https:\/\/contactfm72.fr\/?p=11089","url":"https:\/\/contactfm72.fr\/?p=11089","name":"Sud Sarthe : Un caf\u00e9-rencontre pour recruter des services civiques - Contact FM 99.3","isPartOf":{"@id":"https:\/\/contactfm72.fr\/#website"},"primaryImageOfPage":{"@id":"https:\/\/contactfm72.fr\/?p=11089#primaryimage"},"image":{"@id":"https:\/\/contactfm72.fr\/?p=11089#primaryimage"},"thumbnailUrl":"https:\/\/contactfm72.fr\/wp-content\/uploads\/2022\/09\/entretien-job-jeunes.jpg","datePublished":"2022-09-20T12:15:04+00:00","breadcrumb":{"@id":"https:\/\/contactfm72.fr\/?p=11089#breadcrumb"},"inLanguage":"fr-FR","potentialAction":[{"@type":"ReadAction","target":["https:\/\/contactfm72.fr\/?p=11089"]}]},{"@type":"ImageObject","inLanguage":"fr-FR","@id":"https:\/\/contactfm72.fr\/?p=11089#primaryimage","url":"https:\/\/contactfm72.fr\/wp-content\/uploads\/2022\/09\/entretien-job-jeunes.jpg","contentUrl":"https:\/\/contactfm72.fr\/wp-content\/uploads\/2022\/09\/entretien-job-jeunes.jpg","width":612,"height":408,"caption":"Le caf\u00e9-rencontre aura lieu le mercredi 21 septembre. Image d'illustration."},{"@type":"BreadcrumbList","@id":"https:\/\/contactfm72.fr\/?p=11089#breadcrumb","itemListElement":[{"@type":"ListItem","position":1,"name":"Accueil","item":"https:\/\/contactfm72.fr\/"},{"@type":"ListItem","position":2,"name":"Sud Sarthe : Un caf\u00e9-rencontre pour recruter des services civiques"}]},{"@type":"WebSite","@id":"https:\/\/contactfm72.fr\/#website","url":"https:\/\/contactfm72.fr\/","name":"Contact FM 99.3","description":"Votre radio en vall\u00e9e du Loir","publisher":{"@id":"https:\/\/contactfm72.fr\/#organization"},"potentialAction":[{"@type":"SearchAction","target":{"@type":"EntryPoint","urlTemplate":"https:\/\/contactfm72.fr\/?s={search_term_string}"},"query-input":{"@type":"PropertyValueSpecification","valueRequired":true,"valueName":"search_term_string"}}],"inLanguage":"fr-FR"},{"@type":"Organization","@id":"https:\/\/contactfm72.fr\/#organization","name":"Contact FM 99.3","url":"https:\/\/contactfm72.fr\/","logo":{"@type":"ImageObject","inLanguage":"fr-FR","@id":"https:\/\/contactfm72.fr\/#\/schema\/logo\/image\/","url":"https:\/\/contactfm72.fr\/wp-content\/uploads\/2025\/04\/2025-04-18-2.jpg","contentUrl":"https:\/\/contactfm72.fr\/wp-content\/uploads\/2025\/04\/2025-04-18-2.jpg","width":680,"height":307,"caption":"Contact FM 99.3"},"image":{"@id":"https:\/\/contactfm72.fr\/#\/schema\/logo\/image\/"},"sameAs":["https:\/\/www.facebook.com\/Contactfm.Chateauduloir","https:\/\/x.com\/contactfm72","https:\/\/www.instagram.com\/contact.fm.72?igsh=cGhlMHQ5N2JlNnpp","https:\/\/www.tiktok.com\/@contact.fm"]},{"@type":"Person","@id":"https:\/\/contactfm72.fr\/#\/schema\/person\/9fdc9d1c2eb029354a4f1535b90ba82d","name":"Val\u00e9rie C.","image":{"@type":"ImageObject","inLanguage":"fr-FR","@id":"https:\/\/secure.gravatar.com\/avatar\/2f8aa28f8dfbd7d4420afd1fdcdd0a349923e2c8a38ab28198b0f9d0601e4737?s=96&d=mm&r=g","url":"https:\/\/secure.gravatar.com\/avatar\/2f8aa28f8dfbd7d4420afd1fdcdd0a349923e2c8a38ab28198b0f9d0601e4737?s=96&d=mm&r=g","contentUrl":"https:\/\/secure.gravatar.com\/avatar\/2f8aa28f8dfbd7d4420afd1fdcdd0a349923e2c8a38ab28198b0f9d0601e4737?s=96&d=mm&r=g","caption":"Val\u00e9rie C."},"url":"https:\/\/contactfm72.fr\/?author=4"}]}},"_links":{"self":[{"href":"https:\/\/contactfm72.fr\/index.php?rest_route=\/wp\/v2\/posts\/11089","targetHints":{"allow":["GET"]}}],"collection":[{"href":"https:\/\/contactfm72.fr\/index.php?rest_route=\/wp\/v2\/posts"}],"about":[{"href":"https:\/\/contactfm72.fr\/index.php?rest_route=\/wp\/v2\/types\/post"}],"author":[{"embeddable":true,"href":"https:\/\/contactfm72.fr\/index.php?rest_route=\/wp\/v2\/users\/4"}],"replies":[{"embeddable":true,"href":"https:\/\/contactfm72.fr\/index.php?rest_route=%2Fwp%2Fv2%2Fcomments&post=11089"}],"version-history":[{"count":1,"href":"https:\/\/contactfm72.fr\/index.php?rest_route=\/wp\/v2\/posts\/11089\/revisions"}],"predecessor-version":[{"id":11091,"href":"https:\/\/contactfm72.fr\/index.php?rest_route=\/wp\/v2\/posts\/11089\/revisions\/11091"}],"wp:featuredmedia":[{"embeddable":true,"href":"https:\/\/contactfm72.fr\/index.php?rest_route=\/wp\/v2\/media\/11090"}],"wp:attachment":[{"href":"https:\/\/contactfm72.fr\/index.php?rest_route=%2Fwp%2Fv2%2Fmedia&parent=11089"}],"wp:term":[{"taxonomy":"category","embeddable":true,"href":"https:\/\/contactfm72.fr\/index.php?rest_route=%2Fwp%2Fv2%2Fcategories&post=11089"},{"taxonomy":"post_tag","embeddable":true,"href":"https:\/\/contactfm72.fr\/index.php?rest_route=%2Fwp%2Fv2%2Ftags&post=11089"}],"curies":[{"name":"wp","href":"https:\/\/api.w.org\/{rel}","templated":true}]}}