{"id":11078,"date":"2022-09-22T10:00:51","date_gmt":"2022-09-22T08:00:51","guid":{"rendered":"http:\/\/contactfm72.fr\/?p=11078"},"modified":"2022-09-19T16:39:38","modified_gmt":"2022-09-19T14:39:38","slug":"operation-ramassage-de-dechets-dans-les-rues-de-montval","status":"publish","type":"post","link":"https:\/\/contactfm72.fr\/?p=11078","title":{"rendered":"Sud Sarthe : Op\u00e9ration ramassage de d\u00e9chets dans les rues de Montval"},"content":{"rendered":"<h3>C&#8217;est lors de la journ\u00e9e internationale de nettoyage de la plan\u00e8te que la commission citoyennet\u00e9 et environnement de Montval-sur-Loir (Sarthe) s&#8217;est r\u00e9unie pour une \u00e9ni\u00e8me op\u00e9ration ramassage de d\u00e9chets. Une vingtaine de personnes \u00e9taient pr\u00e9sentes.<\/h3>\n<p>&nbsp;<\/p>\n<p>&nbsp;<\/p>\n<p>C&#8217;est la quatri\u00e8me \u00e9dition de l&#8217;<strong>op\u00e9ration ramassage de d\u00e9chets<\/strong> dans les rues de <strong>Montval-sur-Loir<\/strong>. Cette fois-ci, la <a href=\"https:\/\/www.facebook.com\/environnementcitoyennetemontvalsurloir\"><strong>commission citoyennet\u00e9 et environnement<\/strong><\/a> s&#8217;est r\u00e9unie, samedi 17 septembre, au <strong>parc Henri Goude de Ch\u00e2teau-du-Loir<\/strong>. Une vingtaine de personnes a r\u00e9pondu \u00e0 l&#8217;appel, dont Sylvie, nouvelle habitante du territoire.<\/p>\n<blockquote><p>\u00ab\u00a0J&#8217;ai appris que la commission organisait une op\u00e9ration ramassage de d\u00e9chets gr\u00e2ce \u00e0 la l&#8217;application Illiwap\u00a0\u00bb, informe la nouvelle retrait\u00e9e. Elle poursuit\u00a0: \u00ab\u00a0Il est vrai que certaines rues sont souill\u00e9es de d\u00e9chets. Et je pense qu&#8217;on a besoin de ce genre de mobilisation. C&#8217;est une petite action, mais qui pour moi donne du sens. C&#8217;est bien que la municipalit\u00e9 organise ce genre d&#8217;op\u00e9rations\u00a0\u00bb.<\/p><\/blockquote>\n<p>&nbsp;<\/p>\n<h3><strong>Certains ont nettoy\u00e9 la rivi\u00e8re<\/strong><\/h3>\n<p>Ce jour-l\u00e0, Sylvie et la vingtaine d&#8217;autres courageux pr\u00e9sents, dont Camille, 5 ans, qui participait \u00e0 la premi\u00e8re fois \u00e0 cette op\u00e9ration, ont retrouss\u00e9 les manches, mis des gants, empoign\u00e9 des pinces \u00e0 d\u00e9chets, et pour certains, chauss\u00e9s des cuissardes\u00a0:<\/p>\n<blockquote><p>\u00ab\u00a0Nous avons trois parcours, dont un qui consiste \u00e0 nettoyer l&#8217;Ire\u00a0\u00bb, pr\u00e9cise Martial M\u00e9aude, un des \u00e9lus pr\u00e9sents dans la commission.<\/p><\/blockquote>\n<p>Comme pour les derni\u00e8res \u00e9ditions, ce sont une <strong>vingtaine de sacs de d\u00e9chets<\/strong> qui ont \u00e9t\u00e9 ramass\u00e9s.<\/p>\n<!-- AddThis Advanced Settings generic via filter on the_content --><!-- AddThis Share Buttons generic via filter on the_content -->","protected":false},"excerpt":{"rendered":"<p>C&#8217;est lors de la journ\u00e9e internationale de nettoyage de la plan\u00e8te que la commission citoyennet\u00e9 et environnement de Montval-sur-Loir (Sarthe) s&#8217;est r\u00e9unie pour une \u00e9ni\u00e8me op\u00e9ration ramassage de d\u00e9chets. Une vingtaine de personnes \u00e9taient pr\u00e9sentes. &nbsp; &nbsp; C&#8217;est la quatri\u00e8me \u00e9dition de l&#8217;op\u00e9ration ramassage de d\u00e9chets dans les rues de Montval-sur-Loir. Cette fois-ci, la commission&hellip;<!-- AddThis Advanced Settings generic via filter on get_the_excerpt --><!-- AddThis Share Buttons generic via filter on get_the_excerpt --><\/p>\n","protected":false},"author":4,"featured_media":11079,"comment_status":"closed","ping_status":"open","sticky":false,"template":"","format":"standard","meta":{"footnotes":""},"categories":[1],"tags":[],"class_list":["post-11078","post","type-post","status-publish","format-standard","has-post-thumbnail","hentry","category-contact-fm-72","category-1","description-off"],"yoast_head":"<!-- This site is optimized with the Yoast SEO plugin v27.4 - https:\/\/yoast.com\/product\/yoast-seo-wordpress\/ -->\n<title>Sud Sarthe : Op\u00e9ration ramassage de d\u00e9chets dans les rues de Montval - Contact FM 99.3<\/title>\n<meta name=\"robots\" content=\"index, follow, max-snippet:-1, max-image-preview:large, max-video-preview:-1\" \/>\n<link rel=\"canonical\" href=\"https:\/\/contactfm72.fr\/?p=11078\" \/>\n<meta property=\"og:locale\" content=\"fr_FR\" \/>\n<meta property=\"og:type\" content=\"article\" \/>\n<meta property=\"og:title\" content=\"Sud Sarthe : Op\u00e9ration ramassage de d\u00e9chets dans les rues de Montval - Contact FM 99.3\" \/>\n<meta property=\"og:description\" content=\"C&#8217;est lors de la journ\u00e9e internationale de nettoyage de la plan\u00e8te que la commission citoyennet\u00e9 et environnement de Montval-sur-Loir (Sarthe) s&#8217;est r\u00e9unie pour une \u00e9ni\u00e8me op\u00e9ration ramassage de d\u00e9chets. Une vingtaine de personnes \u00e9taient pr\u00e9sentes. &nbsp; &nbsp; C&#8217;est la quatri\u00e8me \u00e9dition de l&#8217;op\u00e9ration ramassage de d\u00e9chets dans les rues de Montval-sur-Loir. Cette fois-ci, la commission&hellip;\" \/>\n<meta property=\"og:url\" content=\"https:\/\/contactfm72.fr\/?p=11078\" \/>\n<meta property=\"og:site_name\" content=\"Contact FM 99.3\" \/>\n<meta property=\"article:publisher\" content=\"https:\/\/www.facebook.com\/Contactfm.Chateauduloir\" \/>\n<meta property=\"article:published_time\" content=\"2022-09-22T08:00:51+00:00\" \/>\n<meta property=\"og:image\" content=\"https:\/\/contactfm72.fr\/wp-content\/uploads\/2022\/09\/ramassage.jpg\" \/>\n\t<meta property=\"og:image:width\" content=\"2048\" \/>\n\t<meta property=\"og:image:height\" content=\"1536\" \/>\n\t<meta property=\"og:image:type\" content=\"image\/jpeg\" \/>\n<meta name=\"author\" content=\"Val\u00e9rie C.\" \/>\n<meta name=\"twitter:card\" content=\"summary_large_image\" \/>\n<meta name=\"twitter:creator\" content=\"@contactfm72\" \/>\n<meta name=\"twitter:site\" content=\"@contactfm72\" \/>\n<meta name=\"twitter:label1\" content=\"\u00c9crit par\" \/>\n\t<meta name=\"twitter:data1\" content=\"Val\u00e9rie C.\" \/>\n\t<meta name=\"twitter:label2\" content=\"Dur\u00e9e de lecture estim\u00e9e\" \/>\n\t<meta name=\"twitter:data2\" content=\"1 minute\" \/>\n<script type=\"application\/ld+json\" class=\"yoast-schema-graph\">{\"@context\":\"https:\\\/\\\/schema.org\",\"@graph\":[{\"@type\":\"Article\",\"@id\":\"https:\\\/\\\/contactfm72.fr\\\/?p=11078#article\",\"isPartOf\":{\"@id\":\"https:\\\/\\\/contactfm72.fr\\\/?p=11078\"},\"author\":{\"name\":\"Val\u00e9rie C.\",\"@id\":\"https:\\\/\\\/contactfm72.fr\\\/#\\\/schema\\\/person\\\/9fdc9d1c2eb029354a4f1535b90ba82d\"},\"headline\":\"Sud Sarthe : Op\u00e9ration ramassage de d\u00e9chets dans les rues de Montval\",\"datePublished\":\"2022-09-22T08:00:51+00:00\",\"mainEntityOfPage\":{\"@id\":\"https:\\\/\\\/contactfm72.fr\\\/?p=11078\"},\"wordCount\":281,\"publisher\":{\"@id\":\"https:\\\/\\\/contactfm72.fr\\\/#organization\"},\"image\":{\"@id\":\"https:\\\/\\\/contactfm72.fr\\\/?p=11078#primaryimage\"},\"thumbnailUrl\":\"https:\\\/\\\/contactfm72.fr\\\/wp-content\\\/uploads\\\/2022\\\/09\\\/ramassage.jpg\",\"articleSection\":[\"Contact FM 72\"],\"inLanguage\":\"fr-FR\"},{\"@type\":\"WebPage\",\"@id\":\"https:\\\/\\\/contactfm72.fr\\\/?p=11078\",\"url\":\"https:\\\/\\\/contactfm72.fr\\\/?p=11078\",\"name\":\"Sud Sarthe : Op\u00e9ration ramassage de d\u00e9chets dans les rues de Montval - Contact FM 99.3\",\"isPartOf\":{\"@id\":\"https:\\\/\\\/contactfm72.fr\\\/#website\"},\"primaryImageOfPage\":{\"@id\":\"https:\\\/\\\/contactfm72.fr\\\/?p=11078#primaryimage\"},\"image\":{\"@id\":\"https:\\\/\\\/contactfm72.fr\\\/?p=11078#primaryimage\"},\"thumbnailUrl\":\"https:\\\/\\\/contactfm72.fr\\\/wp-content\\\/uploads\\\/2022\\\/09\\\/ramassage.jpg\",\"datePublished\":\"2022-09-22T08:00:51+00:00\",\"breadcrumb\":{\"@id\":\"https:\\\/\\\/contactfm72.fr\\\/?p=11078#breadcrumb\"},\"inLanguage\":\"fr-FR\",\"potentialAction\":[{\"@type\":\"ReadAction\",\"target\":[\"https:\\\/\\\/contactfm72.fr\\\/?p=11078\"]}]},{\"@type\":\"ImageObject\",\"inLanguage\":\"fr-FR\",\"@id\":\"https:\\\/\\\/contactfm72.fr\\\/?p=11078#primaryimage\",\"url\":\"https:\\\/\\\/contactfm72.fr\\\/wp-content\\\/uploads\\\/2022\\\/09\\\/ramassage.jpg\",\"contentUrl\":\"https:\\\/\\\/contactfm72.fr\\\/wp-content\\\/uploads\\\/2022\\\/09\\\/ramassage.jpg\",\"width\":2048,\"height\":1536,\"caption\":\"De nombreux \u00e9lus ont particip\u00e9 \u00e0 l'op\u00e9ration ramassage de d\u00e9chets le samedi 17 septembre \u00e0 Ch\u00e2teau-du-Loir.\"},{\"@type\":\"BreadcrumbList\",\"@id\":\"https:\\\/\\\/contactfm72.fr\\\/?p=11078#breadcrumb\",\"itemListElement\":[{\"@type\":\"ListItem\",\"position\":1,\"name\":\"Accueil\",\"item\":\"https:\\\/\\\/contactfm72.fr\\\/\"},{\"@type\":\"ListItem\",\"position\":2,\"name\":\"Sud Sarthe : Op\u00e9ration ramassage de d\u00e9chets dans les rues de Montval\"}]},{\"@type\":\"WebSite\",\"@id\":\"https:\\\/\\\/contactfm72.fr\\\/#website\",\"url\":\"https:\\\/\\\/contactfm72.fr\\\/\",\"name\":\"Contact FM 99.3\",\"description\":\"Votre radio en vall\u00e9e du Loir\",\"publisher\":{\"@id\":\"https:\\\/\\\/contactfm72.fr\\\/#organization\"},\"potentialAction\":[{\"@type\":\"SearchAction\",\"target\":{\"@type\":\"EntryPoint\",\"urlTemplate\":\"https:\\\/\\\/contactfm72.fr\\\/?s={search_term_string}\"},\"query-input\":{\"@type\":\"PropertyValueSpecification\",\"valueRequired\":true,\"valueName\":\"search_term_string\"}}],\"inLanguage\":\"fr-FR\"},{\"@type\":\"Organization\",\"@id\":\"https:\\\/\\\/contactfm72.fr\\\/#organization\",\"name\":\"Contact FM 99.3\",\"url\":\"https:\\\/\\\/contactfm72.fr\\\/\",\"logo\":{\"@type\":\"ImageObject\",\"inLanguage\":\"fr-FR\",\"@id\":\"https:\\\/\\\/contactfm72.fr\\\/#\\\/schema\\\/logo\\\/image\\\/\",\"url\":\"https:\\\/\\\/contactfm72.fr\\\/wp-content\\\/uploads\\\/2025\\\/04\\\/2025-04-18-2.jpg\",\"contentUrl\":\"https:\\\/\\\/contactfm72.fr\\\/wp-content\\\/uploads\\\/2025\\\/04\\\/2025-04-18-2.jpg\",\"width\":680,\"height\":307,\"caption\":\"Contact FM 99.3\"},\"image\":{\"@id\":\"https:\\\/\\\/contactfm72.fr\\\/#\\\/schema\\\/logo\\\/image\\\/\"},\"sameAs\":[\"https:\\\/\\\/www.facebook.com\\\/Contactfm.Chateauduloir\",\"https:\\\/\\\/x.com\\\/contactfm72\",\"https:\\\/\\\/www.instagram.com\\\/contact.fm.72?igsh=cGhlMHQ5N2JlNnpp\",\"https:\\\/\\\/www.tiktok.com\\\/@contact.fm\"]},{\"@type\":\"Person\",\"@id\":\"https:\\\/\\\/contactfm72.fr\\\/#\\\/schema\\\/person\\\/9fdc9d1c2eb029354a4f1535b90ba82d\",\"name\":\"Val\u00e9rie C.\",\"image\":{\"@type\":\"ImageObject\",\"inLanguage\":\"fr-FR\",\"@id\":\"https:\\\/\\\/secure.gravatar.com\\\/avatar\\\/2f8aa28f8dfbd7d4420afd1fdcdd0a349923e2c8a38ab28198b0f9d0601e4737?s=96&d=mm&r=g\",\"url\":\"https:\\\/\\\/secure.gravatar.com\\\/avatar\\\/2f8aa28f8dfbd7d4420afd1fdcdd0a349923e2c8a38ab28198b0f9d0601e4737?s=96&d=mm&r=g\",\"contentUrl\":\"https:\\\/\\\/secure.gravatar.com\\\/avatar\\\/2f8aa28f8dfbd7d4420afd1fdcdd0a349923e2c8a38ab28198b0f9d0601e4737?s=96&d=mm&r=g\",\"caption\":\"Val\u00e9rie C.\"},\"url\":\"https:\\\/\\\/contactfm72.fr\\\/?author=4\"}]}<\/script>\n<!-- \/ Yoast SEO plugin. -->","yoast_head_json":{"title":"Sud Sarthe : Op\u00e9ration ramassage de d\u00e9chets dans les rues de Montval - Contact FM 99.3","robots":{"index":"index","follow":"follow","max-snippet":"max-snippet:-1","max-image-preview":"max-image-preview:large","max-video-preview":"max-video-preview:-1"},"canonical":"https:\/\/contactfm72.fr\/?p=11078","og_locale":"fr_FR","og_type":"article","og_title":"Sud Sarthe : Op\u00e9ration ramassage de d\u00e9chets dans les rues de Montval - Contact FM 99.3","og_description":"C&#8217;est lors de la journ\u00e9e internationale de nettoyage de la plan\u00e8te que la commission citoyennet\u00e9 et environnement de Montval-sur-Loir (Sarthe) s&#8217;est r\u00e9unie pour une \u00e9ni\u00e8me op\u00e9ration ramassage de d\u00e9chets. Une vingtaine de personnes \u00e9taient pr\u00e9sentes. &nbsp; &nbsp; C&#8217;est la quatri\u00e8me \u00e9dition de l&#8217;op\u00e9ration ramassage de d\u00e9chets dans les rues de Montval-sur-Loir. Cette fois-ci, la commission&hellip;","og_url":"https:\/\/contactfm72.fr\/?p=11078","og_site_name":"Contact FM 99.3","article_publisher":"https:\/\/www.facebook.com\/Contactfm.Chateauduloir","article_published_time":"2022-09-22T08:00:51+00:00","og_image":[{"width":2048,"height":1536,"url":"https:\/\/contactfm72.fr\/wp-content\/uploads\/2022\/09\/ramassage.jpg","type":"image\/jpeg"}],"author":"Val\u00e9rie C.","twitter_card":"summary_large_image","twitter_creator":"@contactfm72","twitter_site":"@contactfm72","twitter_misc":{"\u00c9crit par":"Val\u00e9rie C.","Dur\u00e9e de lecture estim\u00e9e":"1 minute"},"schema":{"@context":"https:\/\/schema.org","@graph":[{"@type":"Article","@id":"https:\/\/contactfm72.fr\/?p=11078#article","isPartOf":{"@id":"https:\/\/contactfm72.fr\/?p=11078"},"author":{"name":"Val\u00e9rie C.","@id":"https:\/\/contactfm72.fr\/#\/schema\/person\/9fdc9d1c2eb029354a4f1535b90ba82d"},"headline":"Sud Sarthe : Op\u00e9ration ramassage de d\u00e9chets dans les rues de Montval","datePublished":"2022-09-22T08:00:51+00:00","mainEntityOfPage":{"@id":"https:\/\/contactfm72.fr\/?p=11078"},"wordCount":281,"publisher":{"@id":"https:\/\/contactfm72.fr\/#organization"},"image":{"@id":"https:\/\/contactfm72.fr\/?p=11078#primaryimage"},"thumbnailUrl":"https:\/\/contactfm72.fr\/wp-content\/uploads\/2022\/09\/ramassage.jpg","articleSection":["Contact FM 72"],"inLanguage":"fr-FR"},{"@type":"WebPage","@id":"https:\/\/contactfm72.fr\/?p=11078","url":"https:\/\/contactfm72.fr\/?p=11078","name":"Sud Sarthe : Op\u00e9ration ramassage de d\u00e9chets dans les rues de Montval - Contact FM 99.3","isPartOf":{"@id":"https:\/\/contactfm72.fr\/#website"},"primaryImageOfPage":{"@id":"https:\/\/contactfm72.fr\/?p=11078#primaryimage"},"image":{"@id":"https:\/\/contactfm72.fr\/?p=11078#primaryimage"},"thumbnailUrl":"https:\/\/contactfm72.fr\/wp-content\/uploads\/2022\/09\/ramassage.jpg","datePublished":"2022-09-22T08:00:51+00:00","breadcrumb":{"@id":"https:\/\/contactfm72.fr\/?p=11078#breadcrumb"},"inLanguage":"fr-FR","potentialAction":[{"@type":"ReadAction","target":["https:\/\/contactfm72.fr\/?p=11078"]}]},{"@type":"ImageObject","inLanguage":"fr-FR","@id":"https:\/\/contactfm72.fr\/?p=11078#primaryimage","url":"https:\/\/contactfm72.fr\/wp-content\/uploads\/2022\/09\/ramassage.jpg","contentUrl":"https:\/\/contactfm72.fr\/wp-content\/uploads\/2022\/09\/ramassage.jpg","width":2048,"height":1536,"caption":"De nombreux \u00e9lus ont particip\u00e9 \u00e0 l'op\u00e9ration ramassage de d\u00e9chets le samedi 17 septembre \u00e0 Ch\u00e2teau-du-Loir."},{"@type":"BreadcrumbList","@id":"https:\/\/contactfm72.fr\/?p=11078#breadcrumb","itemListElement":[{"@type":"ListItem","position":1,"name":"Accueil","item":"https:\/\/contactfm72.fr\/"},{"@type":"ListItem","position":2,"name":"Sud Sarthe : Op\u00e9ration ramassage de d\u00e9chets dans les rues de Montval"}]},{"@type":"WebSite","@id":"https:\/\/contactfm72.fr\/#website","url":"https:\/\/contactfm72.fr\/","name":"Contact FM 99.3","description":"Votre radio en vall\u00e9e du Loir","publisher":{"@id":"https:\/\/contactfm72.fr\/#organization"},"potentialAction":[{"@type":"SearchAction","target":{"@type":"EntryPoint","urlTemplate":"https:\/\/contactfm72.fr\/?s={search_term_string}"},"query-input":{"@type":"PropertyValueSpecification","valueRequired":true,"valueName":"search_term_string"}}],"inLanguage":"fr-FR"},{"@type":"Organization","@id":"https:\/\/contactfm72.fr\/#organization","name":"Contact FM 99.3","url":"https:\/\/contactfm72.fr\/","logo":{"@type":"ImageObject","inLanguage":"fr-FR","@id":"https:\/\/contactfm72.fr\/#\/schema\/logo\/image\/","url":"https:\/\/contactfm72.fr\/wp-content\/uploads\/2025\/04\/2025-04-18-2.jpg","contentUrl":"https:\/\/contactfm72.fr\/wp-content\/uploads\/2025\/04\/2025-04-18-2.jpg","width":680,"height":307,"caption":"Contact FM 99.3"},"image":{"@id":"https:\/\/contactfm72.fr\/#\/schema\/logo\/image\/"},"sameAs":["https:\/\/www.facebook.com\/Contactfm.Chateauduloir","https:\/\/x.com\/contactfm72","https:\/\/www.instagram.com\/contact.fm.72?igsh=cGhlMHQ5N2JlNnpp","https:\/\/www.tiktok.com\/@contact.fm"]},{"@type":"Person","@id":"https:\/\/contactfm72.fr\/#\/schema\/person\/9fdc9d1c2eb029354a4f1535b90ba82d","name":"Val\u00e9rie C.","image":{"@type":"ImageObject","inLanguage":"fr-FR","@id":"https:\/\/secure.gravatar.com\/avatar\/2f8aa28f8dfbd7d4420afd1fdcdd0a349923e2c8a38ab28198b0f9d0601e4737?s=96&d=mm&r=g","url":"https:\/\/secure.gravatar.com\/avatar\/2f8aa28f8dfbd7d4420afd1fdcdd0a349923e2c8a38ab28198b0f9d0601e4737?s=96&d=mm&r=g","contentUrl":"https:\/\/secure.gravatar.com\/avatar\/2f8aa28f8dfbd7d4420afd1fdcdd0a349923e2c8a38ab28198b0f9d0601e4737?s=96&d=mm&r=g","caption":"Val\u00e9rie C."},"url":"https:\/\/contactfm72.fr\/?author=4"}]}},"_links":{"self":[{"href":"https:\/\/contactfm72.fr\/index.php?rest_route=\/wp\/v2\/posts\/11078","targetHints":{"allow":["GET"]}}],"collection":[{"href":"https:\/\/contactfm72.fr\/index.php?rest_route=\/wp\/v2\/posts"}],"about":[{"href":"https:\/\/contactfm72.fr\/index.php?rest_route=\/wp\/v2\/types\/post"}],"author":[{"embeddable":true,"href":"https:\/\/contactfm72.fr\/index.php?rest_route=\/wp\/v2\/users\/4"}],"replies":[{"embeddable":true,"href":"https:\/\/contactfm72.fr\/index.php?rest_route=%2Fwp%2Fv2%2Fcomments&post=11078"}],"version-history":[{"count":2,"href":"https:\/\/contactfm72.fr\/index.php?rest_route=\/wp\/v2\/posts\/11078\/revisions"}],"predecessor-version":[{"id":11099,"href":"https:\/\/contactfm72.fr\/index.php?rest_route=\/wp\/v2\/posts\/11078\/revisions\/11099"}],"wp:featuredmedia":[{"embeddable":true,"href":"https:\/\/contactfm72.fr\/index.php?rest_route=\/wp\/v2\/media\/11079"}],"wp:attachment":[{"href":"https:\/\/contactfm72.fr\/index.php?rest_route=%2Fwp%2Fv2%2Fmedia&parent=11078"}],"wp:term":[{"taxonomy":"category","embeddable":true,"href":"https:\/\/contactfm72.fr\/index.php?rest_route=%2Fwp%2Fv2%2Fcategories&post=11078"},{"taxonomy":"post_tag","embeddable":true,"href":"https:\/\/contactfm72.fr\/index.php?rest_route=%2Fwp%2Fv2%2Ftags&post=11078"}],"curies":[{"name":"wp","href":"https:\/\/api.w.org\/{rel}","templated":true}]}}