{"id":11058,"date":"2022-09-16T09:30:01","date_gmt":"2022-09-16T07:30:01","guid":{"rendered":"http:\/\/contactfm72.fr\/?p=11058"},"modified":"2022-09-16T09:30:01","modified_gmt":"2022-09-16T07:30:01","slug":"bueil-en-touraine-aux-ecuries-du-coquelicot-le-bien-etre-animal-avant-tout","status":"publish","type":"post","link":"https:\/\/contactfm72.fr\/?p=11058","title":{"rendered":"Bueil-en-Touraine : Aux \u00e9curies du coquelicot, le bien-\u00eatre animal avant tout"},"content":{"rendered":"<h2>A Bueil-en-Touraine, dans le nord Indre-et-Loire, l\u2019\u00c9trier 37 est devenu les \u00c9curies du Coquelicot. Annemila\u00ef Raballand, propri\u00e9taire depuis le 1<sup>er<\/sup> avril 2022, et Charl\u00e8ne Dolcerocca, monitrice, entendent faire de leurs \u00e9curies, un espace de bien-\u00eatre pour leurs chevaux.<\/h2>\n<p>&nbsp;<\/p>\n<p>Elles ont quitt\u00e9 la r\u00e9gion parisienne et ont d\u00e9cid\u00e9 de s\u2019implanter \u00e0 <strong>Bueil-en-Touraine<\/strong>, dans le nord<strong> Indre-et-Loire<\/strong>, \u00e0 la fronti\u00e8re de la <strong>Sarthe<\/strong>. <strong>Annemila\u00ef Raballand<\/strong>, propri\u00e9taire des <strong><a href=\"https:\/\/www.facebook.com\/EcuriesduCoquelicot\">\u00c9curies du coquelicot<\/a><\/strong> et <strong>Charl\u00e8ne Dolcerocca<\/strong>, une des deux monitrices pr\u00e9sentes sur les lieux, sont arriv\u00e9es le <strong>1<sup>er<\/sup> avril 2022<\/strong> dans la R\u00e9gion.<\/p>\n<blockquote><p>\u00ab\u00a0Nous avions pour projet de partir de l\u2019Oise et de monter une structure qui nous ressemble, de la comp\u00e9tition, mais aussi tr\u00e8s ax\u00e9 sur le bien-\u00eatre des animaux\u00a0\u00bb, informe Annemila\u00ef Raballand.<\/p><\/blockquote>\n<p>Le passage de flambeaux s\u2019\u00e9tant bien pass\u00e9 avec les anciens propri\u00e9taires, il n\u2019y a eu \u00ab aucun arr\u00eat de la structure \u00bb, d\u2019apr\u00e8s la propri\u00e9taire, et la poursuite des activit\u00e9s de l\u2019\u00e9curie s\u2019est faite de mani\u00e8re naturelle.<\/p>\n<p>&nbsp;<\/p>\n<h3><strong>Des passionn\u00e9es de l\u2019\u00e9quitation<\/strong><\/h3>\n<p>Depuis 2008, Annemila\u00ef est propri\u00e9taire de chevaux. \u00ab\u00a0Je fais de l\u2019\u00e9quitation depuis mes 5 ans\u00a0\u00bb, ajoute la passionn\u00e9e. Elle poursuit\u00a0:<\/p>\n<blockquote><p>\u00ab\u00a0En 1995, j\u2019ai travaill\u00e9 dans un centre d\u2019entra\u00eenement en Allemagne ce qui m\u2019a permis d\u2019acqu\u00e9rir des connaissances sur les chevaux et surtout comment entra\u00eener un cheval\u00a0\u00bb.<\/p><\/blockquote>\n<p>Charl\u00e8ne est, quant \u00e0 elle, cavali\u00e8re depuis toute jeune, et a toujours aim\u00e9 la compagnie des chevaux. Elle a r\u00e9cemment pass\u00e9 son dipl\u00f4me pour devenir <strong>professeur d&#8217;\u00e9quitation<\/strong>.<\/p>\n<p>En somme, deux r\u00e9elles passionn\u00e9es qui maintenant exercent <strong>profession et passion<\/strong> dans le nord Indre-et-Loire.<\/p>\n<p>&nbsp;<\/p>\n<h3><strong>Des cours \u00e0 la carte<\/strong><\/h3>\n<p>Des chevaux au pair, c&#8217;est-\u00e0-dire en mise \u00e0 disposition du cheval ou d&#8217;un poney par son propri\u00e9taire afin qu\u2019il puisse utiliser l&#8217;animal pour ses activit\u00e9s d&#8217;enseignement de l&#8217;\u00e9quitation, des chevaux de propri\u00e9taires o\u00f9 l\u2019utilisation de l\u2019animal par le propri\u00e9taire ou des cavaliers identifi\u00e9s, et m\u00eame leurs propres \u00e9quid\u00e9s, c\u2019est pas moins d\u2019<strong>une trentaine de chevaux et poneys<\/strong> qui galopent sur une <strong>quinzaine d\u2019hectares<\/strong> \u00e0 l\u2019\u00e9curie des coquelicots.<\/p>\n<p>Charl\u00e8ne, monitrice, propose des <strong>cours sur plusieurs cr\u00e9neaux dans la semaine<\/strong> pour <strong>tous les niveaux<\/strong>. Par exemple, le samedi, elle propose un <strong>cr\u00e9neau baby pour les 3 \u00e0 6 ans<\/strong>. Elle donne \u00e9galement des cours de comp\u00e9tition le samedi et dimanche.<\/p>\n<blockquote><p>\u00ab\u00a0Je peux \u00e9galement donner des cours sur les autres jours de la semaine, mais sur demande. Nous sommes assez flexibles. Mais g\u00e9n\u00e9ralement, je ne vais pas eu dessus de huit \u00e9l\u00e8ves par cours\u00a0\u00bb, pr\u00e9cise la monitrice.<\/p><\/blockquote>\n<p>&nbsp;<\/p>\n<h3><strong>Des partenariats et des activit\u00e9s surprenantes<\/strong><\/h3>\n<p>Dans le but de recevoir d\u2019autant plus de visiteurs, les \u00e9curies du coquelicot souhaitent d\u00e9velopper des partenariats avec plusieurs structures.<\/p>\n<p>Le 5 juillet dernier, l\u2019\u00e9curie a accueilli l\u2019<strong>IME La Source de Semblan\u00e7ay<\/strong> et ses 14 jeunes o\u00f9 ils ont pu d\u00e9couvrir le poney. \u00ab\u00a0Nous sommes en discussions avec un EHPAD \u00e9galement, et \u00a0peut-\u00eatre m\u00eame des \u00e9coles primaires du territoire\u00a0\u00bb, continue Annemila\u00ef.<\/p>\n<blockquote><p>\u00ab\u00a0On a rouvert le cr\u00e9neau des balades, et nous avons plusieurs chemins autour de la propri\u00e9t\u00e9. C\u2019est vraiment quelque chose que l\u2019on souhaite proposer \u00e0 l\u2019avenir\u00a0\u00bb, assure la monitrice.<\/p><\/blockquote>\n<p>Par cette volont\u00e9 de redynamiser leur structure, les passionn\u00e9es font preuve d\u2019ing\u00e9niosit\u00e9 :<\/p>\n<blockquote><p>\u00a0\u00ab\u00a0On aimerait lancer des escape poney games, du barrel racel et m\u00eame du tir \u00e0 l\u2019arc \u00e0 poney. Charl\u00e8ne est en train d\u2019entra\u00eener les poneys pour\u00a0\u00bb, signale la propri\u00e9taire.<\/p><\/blockquote>\n<p>&nbsp;<\/p>\n<h3><strong>Des animaux en bonne sant\u00e9 et heureux<\/strong><\/h3>\n<p>Quelle que soit la discipline, les deux passionn\u00e9es ne souhaitent qu\u2019une chose : que les animaux se sentent bien.<\/p>\n<blockquote><p>\u00ab L\u2019essentiel est que chacun, quelque soit son niveau, ou son envie par rapport \u00e0 l\u2019\u00e9quitation, se sente int\u00e9gr\u00e9. Le bien-\u00eatre des chevaux est notre priorit\u00e9 \u00bb, affirment Charl\u00e8ne et Annemila\u00ef.<\/p><\/blockquote>\n<p>Le<strong> label \u00ab bien-\u00eatre animal \u00bb<\/strong> vient d\u2019\u00eatre cr\u00e9\u00e9, et l\u2019\u00e9curie des coquelicots veut obtenir le pr\u00e9cieux s\u00e9same. Les crit\u00e8res pour obtenir ce label sont\u00a0 \u00ab essentiels et importants \u00bb pour l\u2019\u00e9curie. A savoir, que les chevaux ne travaillent pas trop, qu\u2019ils aient un <strong>acc\u00e8s \u00e0 l\u2019ext\u00e9rieur<\/strong>, qu\u2019ils soient en <strong>bonne sant\u00e9<\/strong>, et qu\u2019ils soient nourris d\u2019herbe l\u2019\u00e9t\u00e9 et de foin l\u2019hiver&#8230; Un carton plein pour cette nouvelle \u00e9curie.<\/p>\n<p>&nbsp;<\/p>\n<h5>Plus d\u2019informations\u00a0: Annemila\u00ef au 06 75 61 75 57 ou Charl\u00e8ne au 06 15 79 54 94 ou <a href=\"mailto:contact@ecuriesducoquelicot.fr\">contact@ecuriesducoquelicot.fr<\/a> Lieu-dit \u00ab\u00a0La Barre\u00a0\u00bb, \u00e0 Bueil-en-Touraine.<\/h5>\n<!-- AddThis Advanced Settings generic via filter on the_content --><!-- AddThis Share Buttons generic via filter on the_content -->","protected":false},"excerpt":{"rendered":"<p>A Bueil-en-Touraine, dans le nord Indre-et-Loire, l\u2019\u00c9trier 37 est devenu les \u00c9curies du Coquelicot. Annemila\u00ef Raballand, propri\u00e9taire depuis le 1er avril 2022, et Charl\u00e8ne Dolcerocca, monitrice, entendent faire de leurs \u00e9curies, un espace de bien-\u00eatre pour leurs chevaux. &nbsp; Elles ont quitt\u00e9 la r\u00e9gion parisienne et ont d\u00e9cid\u00e9 de s\u2019implanter \u00e0 Bueil-en-Touraine, dans le nord&hellip;<!-- AddThis Advanced Settings generic via filter on get_the_excerpt --><!-- AddThis Share Buttons generic via filter on get_the_excerpt --><\/p>\n","protected":false},"author":4,"featured_media":11061,"comment_status":"closed","ping_status":"open","sticky":false,"template":"","format":"standard","meta":{"footnotes":""},"categories":[1],"tags":[],"class_list":["post-11058","post","type-post","status-publish","format-standard","has-post-thumbnail","hentry","category-contact-fm-72","category-1","description-off"],"yoast_head":"<!-- This site is optimized with the Yoast SEO plugin v27.4 - https:\/\/yoast.com\/product\/yoast-seo-wordpress\/ -->\n<title>Bueil-en-Touraine : Aux \u00e9curies du coquelicot, le bien-\u00eatre animal avant tout - Contact FM 99.3<\/title>\n<meta name=\"robots\" content=\"index, follow, max-snippet:-1, max-image-preview:large, max-video-preview:-1\" \/>\n<link rel=\"canonical\" href=\"https:\/\/contactfm72.fr\/?p=11058\" \/>\n<meta property=\"og:locale\" content=\"fr_FR\" \/>\n<meta property=\"og:type\" content=\"article\" \/>\n<meta property=\"og:title\" content=\"Bueil-en-Touraine : Aux \u00e9curies du coquelicot, le bien-\u00eatre animal avant tout - Contact FM 99.3\" \/>\n<meta property=\"og:description\" content=\"A Bueil-en-Touraine, dans le nord Indre-et-Loire, l\u2019\u00c9trier 37 est devenu les \u00c9curies du Coquelicot. Annemila\u00ef Raballand, propri\u00e9taire depuis le 1er avril 2022, et Charl\u00e8ne Dolcerocca, monitrice, entendent faire de leurs \u00e9curies, un espace de bien-\u00eatre pour leurs chevaux. &nbsp; Elles ont quitt\u00e9 la r\u00e9gion parisienne et ont d\u00e9cid\u00e9 de s\u2019implanter \u00e0 Bueil-en-Touraine, dans le nord&hellip;\" \/>\n<meta property=\"og:url\" content=\"https:\/\/contactfm72.fr\/?p=11058\" \/>\n<meta property=\"og:site_name\" content=\"Contact FM 99.3\" \/>\n<meta property=\"article:publisher\" content=\"https:\/\/www.facebook.com\/Contactfm.Chateauduloir\" \/>\n<meta property=\"article:published_time\" content=\"2022-09-16T07:30:01+00:00\" \/>\n<meta property=\"og:image\" content=\"https:\/\/contactfm72.fr\/wp-content\/uploads\/2022\/09\/\u00e9curie-coquelicot.jpg\" \/>\n\t<meta property=\"og:image:width\" content=\"2048\" \/>\n\t<meta property=\"og:image:height\" content=\"1376\" \/>\n\t<meta property=\"og:image:type\" content=\"image\/jpeg\" \/>\n<meta name=\"author\" content=\"Val\u00e9rie C.\" \/>\n<meta name=\"twitter:card\" content=\"summary_large_image\" \/>\n<meta name=\"twitter:creator\" content=\"@contactfm72\" \/>\n<meta name=\"twitter:site\" content=\"@contactfm72\" \/>\n<meta name=\"twitter:label1\" content=\"\u00c9crit par\" \/>\n\t<meta name=\"twitter:data1\" content=\"Val\u00e9rie C.\" \/>\n\t<meta name=\"twitter:label2\" content=\"Dur\u00e9e de lecture estim\u00e9e\" \/>\n\t<meta name=\"twitter:data2\" content=\"4 minutes\" \/>\n<script type=\"application\/ld+json\" class=\"yoast-schema-graph\">{\"@context\":\"https:\\\/\\\/schema.org\",\"@graph\":[{\"@type\":\"Article\",\"@id\":\"https:\\\/\\\/contactfm72.fr\\\/?p=11058#article\",\"isPartOf\":{\"@id\":\"https:\\\/\\\/contactfm72.fr\\\/?p=11058\"},\"author\":{\"name\":\"Val\u00e9rie C.\",\"@id\":\"https:\\\/\\\/contactfm72.fr\\\/#\\\/schema\\\/person\\\/9fdc9d1c2eb029354a4f1535b90ba82d\"},\"headline\":\"Bueil-en-Touraine : Aux \u00e9curies du coquelicot, le bien-\u00eatre animal avant tout\",\"datePublished\":\"2022-09-16T07:30:01+00:00\",\"mainEntityOfPage\":{\"@id\":\"https:\\\/\\\/contactfm72.fr\\\/?p=11058\"},\"wordCount\":784,\"publisher\":{\"@id\":\"https:\\\/\\\/contactfm72.fr\\\/#organization\"},\"image\":{\"@id\":\"https:\\\/\\\/contactfm72.fr\\\/?p=11058#primaryimage\"},\"thumbnailUrl\":\"https:\\\/\\\/contactfm72.fr\\\/wp-content\\\/uploads\\\/2022\\\/09\\\/\u00e9curie-coquelicot.jpg\",\"articleSection\":[\"Contact FM 72\"],\"inLanguage\":\"fr-FR\"},{\"@type\":\"WebPage\",\"@id\":\"https:\\\/\\\/contactfm72.fr\\\/?p=11058\",\"url\":\"https:\\\/\\\/contactfm72.fr\\\/?p=11058\",\"name\":\"Bueil-en-Touraine : Aux \u00e9curies du coquelicot, le bien-\u00eatre animal avant tout - Contact FM 99.3\",\"isPartOf\":{\"@id\":\"https:\\\/\\\/contactfm72.fr\\\/#website\"},\"primaryImageOfPage\":{\"@id\":\"https:\\\/\\\/contactfm72.fr\\\/?p=11058#primaryimage\"},\"image\":{\"@id\":\"https:\\\/\\\/contactfm72.fr\\\/?p=11058#primaryimage\"},\"thumbnailUrl\":\"https:\\\/\\\/contactfm72.fr\\\/wp-content\\\/uploads\\\/2022\\\/09\\\/\u00e9curie-coquelicot.jpg\",\"datePublished\":\"2022-09-16T07:30:01+00:00\",\"breadcrumb\":{\"@id\":\"https:\\\/\\\/contactfm72.fr\\\/?p=11058#breadcrumb\"},\"inLanguage\":\"fr-FR\",\"potentialAction\":[{\"@type\":\"ReadAction\",\"target\":[\"https:\\\/\\\/contactfm72.fr\\\/?p=11058\"]}]},{\"@type\":\"ImageObject\",\"inLanguage\":\"fr-FR\",\"@id\":\"https:\\\/\\\/contactfm72.fr\\\/?p=11058#primaryimage\",\"url\":\"https:\\\/\\\/contactfm72.fr\\\/wp-content\\\/uploads\\\/2022\\\/09\\\/\u00e9curie-coquelicot.jpg\",\"contentUrl\":\"https:\\\/\\\/contactfm72.fr\\\/wp-content\\\/uploads\\\/2022\\\/09\\\/\u00e9curie-coquelicot.jpg\",\"width\":2048,\"height\":1376,\"caption\":\"Annemila\u00ef Raballand et Charl\u00e8ne Dolcerocca, pr\u00e8s de First, le dernier n\u00e9 des \u00e9curies du coquelicot, \u00e0 Bueil-en-Touraine.\"},{\"@type\":\"BreadcrumbList\",\"@id\":\"https:\\\/\\\/contactfm72.fr\\\/?p=11058#breadcrumb\",\"itemListElement\":[{\"@type\":\"ListItem\",\"position\":1,\"name\":\"Accueil\",\"item\":\"https:\\\/\\\/contactfm72.fr\\\/\"},{\"@type\":\"ListItem\",\"position\":2,\"name\":\"Bueil-en-Touraine : Aux \u00e9curies du coquelicot, le bien-\u00eatre animal avant tout\"}]},{\"@type\":\"WebSite\",\"@id\":\"https:\\\/\\\/contactfm72.fr\\\/#website\",\"url\":\"https:\\\/\\\/contactfm72.fr\\\/\",\"name\":\"Contact FM 99.3\",\"description\":\"Votre radio en vall\u00e9e du Loir\",\"publisher\":{\"@id\":\"https:\\\/\\\/contactfm72.fr\\\/#organization\"},\"potentialAction\":[{\"@type\":\"SearchAction\",\"target\":{\"@type\":\"EntryPoint\",\"urlTemplate\":\"https:\\\/\\\/contactfm72.fr\\\/?s={search_term_string}\"},\"query-input\":{\"@type\":\"PropertyValueSpecification\",\"valueRequired\":true,\"valueName\":\"search_term_string\"}}],\"inLanguage\":\"fr-FR\"},{\"@type\":\"Organization\",\"@id\":\"https:\\\/\\\/contactfm72.fr\\\/#organization\",\"name\":\"Contact FM 99.3\",\"url\":\"https:\\\/\\\/contactfm72.fr\\\/\",\"logo\":{\"@type\":\"ImageObject\",\"inLanguage\":\"fr-FR\",\"@id\":\"https:\\\/\\\/contactfm72.fr\\\/#\\\/schema\\\/logo\\\/image\\\/\",\"url\":\"https:\\\/\\\/contactfm72.fr\\\/wp-content\\\/uploads\\\/2025\\\/04\\\/2025-04-18-2.jpg\",\"contentUrl\":\"https:\\\/\\\/contactfm72.fr\\\/wp-content\\\/uploads\\\/2025\\\/04\\\/2025-04-18-2.jpg\",\"width\":680,\"height\":307,\"caption\":\"Contact FM 99.3\"},\"image\":{\"@id\":\"https:\\\/\\\/contactfm72.fr\\\/#\\\/schema\\\/logo\\\/image\\\/\"},\"sameAs\":[\"https:\\\/\\\/www.facebook.com\\\/Contactfm.Chateauduloir\",\"https:\\\/\\\/x.com\\\/contactfm72\",\"https:\\\/\\\/www.instagram.com\\\/contact.fm.72?igsh=cGhlMHQ5N2JlNnpp\",\"https:\\\/\\\/www.tiktok.com\\\/@contact.fm\"]},{\"@type\":\"Person\",\"@id\":\"https:\\\/\\\/contactfm72.fr\\\/#\\\/schema\\\/person\\\/9fdc9d1c2eb029354a4f1535b90ba82d\",\"name\":\"Val\u00e9rie C.\",\"image\":{\"@type\":\"ImageObject\",\"inLanguage\":\"fr-FR\",\"@id\":\"https:\\\/\\\/secure.gravatar.com\\\/avatar\\\/2f8aa28f8dfbd7d4420afd1fdcdd0a349923e2c8a38ab28198b0f9d0601e4737?s=96&d=mm&r=g\",\"url\":\"https:\\\/\\\/secure.gravatar.com\\\/avatar\\\/2f8aa28f8dfbd7d4420afd1fdcdd0a349923e2c8a38ab28198b0f9d0601e4737?s=96&d=mm&r=g\",\"contentUrl\":\"https:\\\/\\\/secure.gravatar.com\\\/avatar\\\/2f8aa28f8dfbd7d4420afd1fdcdd0a349923e2c8a38ab28198b0f9d0601e4737?s=96&d=mm&r=g\",\"caption\":\"Val\u00e9rie C.\"},\"url\":\"https:\\\/\\\/contactfm72.fr\\\/?author=4\"}]}<\/script>\n<!-- \/ Yoast SEO plugin. -->","yoast_head_json":{"title":"Bueil-en-Touraine : Aux \u00e9curies du coquelicot, le bien-\u00eatre animal avant tout - Contact FM 99.3","robots":{"index":"index","follow":"follow","max-snippet":"max-snippet:-1","max-image-preview":"max-image-preview:large","max-video-preview":"max-video-preview:-1"},"canonical":"https:\/\/contactfm72.fr\/?p=11058","og_locale":"fr_FR","og_type":"article","og_title":"Bueil-en-Touraine : Aux \u00e9curies du coquelicot, le bien-\u00eatre animal avant tout - Contact FM 99.3","og_description":"A Bueil-en-Touraine, dans le nord Indre-et-Loire, l\u2019\u00c9trier 37 est devenu les \u00c9curies du Coquelicot. Annemila\u00ef Raballand, propri\u00e9taire depuis le 1er avril 2022, et Charl\u00e8ne Dolcerocca, monitrice, entendent faire de leurs \u00e9curies, un espace de bien-\u00eatre pour leurs chevaux. &nbsp; Elles ont quitt\u00e9 la r\u00e9gion parisienne et ont d\u00e9cid\u00e9 de s\u2019implanter \u00e0 Bueil-en-Touraine, dans le nord&hellip;","og_url":"https:\/\/contactfm72.fr\/?p=11058","og_site_name":"Contact FM 99.3","article_publisher":"https:\/\/www.facebook.com\/Contactfm.Chateauduloir","article_published_time":"2022-09-16T07:30:01+00:00","og_image":[{"width":2048,"height":1376,"url":"https:\/\/contactfm72.fr\/wp-content\/uploads\/2022\/09\/\u00e9curie-coquelicot.jpg","type":"image\/jpeg"}],"author":"Val\u00e9rie C.","twitter_card":"summary_large_image","twitter_creator":"@contactfm72","twitter_site":"@contactfm72","twitter_misc":{"\u00c9crit par":"Val\u00e9rie C.","Dur\u00e9e de lecture estim\u00e9e":"4 minutes"},"schema":{"@context":"https:\/\/schema.org","@graph":[{"@type":"Article","@id":"https:\/\/contactfm72.fr\/?p=11058#article","isPartOf":{"@id":"https:\/\/contactfm72.fr\/?p=11058"},"author":{"name":"Val\u00e9rie C.","@id":"https:\/\/contactfm72.fr\/#\/schema\/person\/9fdc9d1c2eb029354a4f1535b90ba82d"},"headline":"Bueil-en-Touraine : Aux \u00e9curies du coquelicot, le bien-\u00eatre animal avant tout","datePublished":"2022-09-16T07:30:01+00:00","mainEntityOfPage":{"@id":"https:\/\/contactfm72.fr\/?p=11058"},"wordCount":784,"publisher":{"@id":"https:\/\/contactfm72.fr\/#organization"},"image":{"@id":"https:\/\/contactfm72.fr\/?p=11058#primaryimage"},"thumbnailUrl":"https:\/\/contactfm72.fr\/wp-content\/uploads\/2022\/09\/\u00e9curie-coquelicot.jpg","articleSection":["Contact FM 72"],"inLanguage":"fr-FR"},{"@type":"WebPage","@id":"https:\/\/contactfm72.fr\/?p=11058","url":"https:\/\/contactfm72.fr\/?p=11058","name":"Bueil-en-Touraine : Aux \u00e9curies du coquelicot, le bien-\u00eatre animal avant tout - Contact FM 99.3","isPartOf":{"@id":"https:\/\/contactfm72.fr\/#website"},"primaryImageOfPage":{"@id":"https:\/\/contactfm72.fr\/?p=11058#primaryimage"},"image":{"@id":"https:\/\/contactfm72.fr\/?p=11058#primaryimage"},"thumbnailUrl":"https:\/\/contactfm72.fr\/wp-content\/uploads\/2022\/09\/\u00e9curie-coquelicot.jpg","datePublished":"2022-09-16T07:30:01+00:00","breadcrumb":{"@id":"https:\/\/contactfm72.fr\/?p=11058#breadcrumb"},"inLanguage":"fr-FR","potentialAction":[{"@type":"ReadAction","target":["https:\/\/contactfm72.fr\/?p=11058"]}]},{"@type":"ImageObject","inLanguage":"fr-FR","@id":"https:\/\/contactfm72.fr\/?p=11058#primaryimage","url":"https:\/\/contactfm72.fr\/wp-content\/uploads\/2022\/09\/\u00e9curie-coquelicot.jpg","contentUrl":"https:\/\/contactfm72.fr\/wp-content\/uploads\/2022\/09\/\u00e9curie-coquelicot.jpg","width":2048,"height":1376,"caption":"Annemila\u00ef Raballand et Charl\u00e8ne Dolcerocca, pr\u00e8s de First, le dernier n\u00e9 des \u00e9curies du coquelicot, \u00e0 Bueil-en-Touraine."},{"@type":"BreadcrumbList","@id":"https:\/\/contactfm72.fr\/?p=11058#breadcrumb","itemListElement":[{"@type":"ListItem","position":1,"name":"Accueil","item":"https:\/\/contactfm72.fr\/"},{"@type":"ListItem","position":2,"name":"Bueil-en-Touraine : Aux \u00e9curies du coquelicot, le bien-\u00eatre animal avant tout"}]},{"@type":"WebSite","@id":"https:\/\/contactfm72.fr\/#website","url":"https:\/\/contactfm72.fr\/","name":"Contact FM 99.3","description":"Votre radio en vall\u00e9e du Loir","publisher":{"@id":"https:\/\/contactfm72.fr\/#organization"},"potentialAction":[{"@type":"SearchAction","target":{"@type":"EntryPoint","urlTemplate":"https:\/\/contactfm72.fr\/?s={search_term_string}"},"query-input":{"@type":"PropertyValueSpecification","valueRequired":true,"valueName":"search_term_string"}}],"inLanguage":"fr-FR"},{"@type":"Organization","@id":"https:\/\/contactfm72.fr\/#organization","name":"Contact FM 99.3","url":"https:\/\/contactfm72.fr\/","logo":{"@type":"ImageObject","inLanguage":"fr-FR","@id":"https:\/\/contactfm72.fr\/#\/schema\/logo\/image\/","url":"https:\/\/contactfm72.fr\/wp-content\/uploads\/2025\/04\/2025-04-18-2.jpg","contentUrl":"https:\/\/contactfm72.fr\/wp-content\/uploads\/2025\/04\/2025-04-18-2.jpg","width":680,"height":307,"caption":"Contact FM 99.3"},"image":{"@id":"https:\/\/contactfm72.fr\/#\/schema\/logo\/image\/"},"sameAs":["https:\/\/www.facebook.com\/Contactfm.Chateauduloir","https:\/\/x.com\/contactfm72","https:\/\/www.instagram.com\/contact.fm.72?igsh=cGhlMHQ5N2JlNnpp","https:\/\/www.tiktok.com\/@contact.fm"]},{"@type":"Person","@id":"https:\/\/contactfm72.fr\/#\/schema\/person\/9fdc9d1c2eb029354a4f1535b90ba82d","name":"Val\u00e9rie C.","image":{"@type":"ImageObject","inLanguage":"fr-FR","@id":"https:\/\/secure.gravatar.com\/avatar\/2f8aa28f8dfbd7d4420afd1fdcdd0a349923e2c8a38ab28198b0f9d0601e4737?s=96&d=mm&r=g","url":"https:\/\/secure.gravatar.com\/avatar\/2f8aa28f8dfbd7d4420afd1fdcdd0a349923e2c8a38ab28198b0f9d0601e4737?s=96&d=mm&r=g","contentUrl":"https:\/\/secure.gravatar.com\/avatar\/2f8aa28f8dfbd7d4420afd1fdcdd0a349923e2c8a38ab28198b0f9d0601e4737?s=96&d=mm&r=g","caption":"Val\u00e9rie C."},"url":"https:\/\/contactfm72.fr\/?author=4"}]}},"_links":{"self":[{"href":"https:\/\/contactfm72.fr\/index.php?rest_route=\/wp\/v2\/posts\/11058","targetHints":{"allow":["GET"]}}],"collection":[{"href":"https:\/\/contactfm72.fr\/index.php?rest_route=\/wp\/v2\/posts"}],"about":[{"href":"https:\/\/contactfm72.fr\/index.php?rest_route=\/wp\/v2\/types\/post"}],"author":[{"embeddable":true,"href":"https:\/\/contactfm72.fr\/index.php?rest_route=\/wp\/v2\/users\/4"}],"replies":[{"embeddable":true,"href":"https:\/\/contactfm72.fr\/index.php?rest_route=%2Fwp%2Fv2%2Fcomments&post=11058"}],"version-history":[{"count":2,"href":"https:\/\/contactfm72.fr\/index.php?rest_route=\/wp\/v2\/posts\/11058\/revisions"}],"predecessor-version":[{"id":11062,"href":"https:\/\/contactfm72.fr\/index.php?rest_route=\/wp\/v2\/posts\/11058\/revisions\/11062"}],"wp:featuredmedia":[{"embeddable":true,"href":"https:\/\/contactfm72.fr\/index.php?rest_route=\/wp\/v2\/media\/11061"}],"wp:attachment":[{"href":"https:\/\/contactfm72.fr\/index.php?rest_route=%2Fwp%2Fv2%2Fmedia&parent=11058"}],"wp:term":[{"taxonomy":"category","embeddable":true,"href":"https:\/\/contactfm72.fr\/index.php?rest_route=%2Fwp%2Fv2%2Fcategories&post=11058"},{"taxonomy":"post_tag","embeddable":true,"href":"https:\/\/contactfm72.fr\/index.php?rest_route=%2Fwp%2Fv2%2Ftags&post=11058"}],"curies":[{"name":"wp","href":"https:\/\/api.w.org\/{rel}","templated":true}]}}