{"id":11038,"date":"2022-09-19T09:35:18","date_gmt":"2022-09-19T07:35:18","guid":{"rendered":"http:\/\/contactfm72.fr\/?p=11038"},"modified":"2022-09-19T09:30:32","modified_gmt":"2022-09-19T07:30:32","slug":"pamela-witton-la-reine-va-laisser-un-grand-vide-dans-le-coeur-des-britanniques","status":"publish","type":"post","link":"https:\/\/contactfm72.fr\/?p=11038","title":{"rendered":"Pamela Witton : \u00ab La Reine va laisser un grand vide dans le c\u0153ur des Britanniques \u00bb"},"content":{"rendered":"<h2>Pamela Witton, habitante de Fl\u00e9e (Sarthe) depuis de nombreuses ann\u00e9es, est n\u00e9e \u00e0 Birmingham il y a bient\u00f4t 82 ans. Le d\u00e9c\u00e8s de la Reine Elisabeth II, le jeudi 8 septembre, apr\u00e8s plus de 70 ans de r\u00e8gne sur le Royaume-Uni et le Commonwealth, reste un grand choc pour elle, comme pour tous les Britanniques.\u00a0 Rencontre avec cette Anglaise, \u00e0 l\u2019origine du jumelage entre Westbury et Ch\u00e2teau-du-Loir.<\/h2>\n<p>&nbsp;<\/p>\n<ul>\n<li>Que faisiez-vous lorsque vous avez appris que la Reine Elisabeth II \u00e9tait d\u00e9c\u00e9d\u00e9e\u00a0?<\/li>\n<\/ul>\n<p>PW : J\u2019\u00e9tais en train d\u2019\u00e9couter la <strong>BBC<\/strong>. Je me souviens que la radio a tout de suite interrompu son programme pour nous annoncer son d\u00e9c\u00e8s. Mais je n\u2019\u00e9tais pas surprise. Elle avait 96 ans, elle \u00e9tait tr\u00e8s fatigu\u00e9e, et je pense qu\u2019elle avait des probl\u00e8mes de sant\u00e9. M\u00eame si on l\u2019a vu quelques instants avant sa mort, debout avec sa canne, aux c\u00f4t\u00e9s de la nouvelle <strong>Premi\u00e8re ministre Britannique, Liz Truss<\/strong>. Et puis, ce jour-l\u00e0, toute la famille \u00e9tait r\u00e9unie \u00e0 <strong>Balmoral<\/strong>, et je me souviens que la Reine adorait l\u2019\u00c9cosse. \u00c7a faisait plusieurs mois qu\u2019elle refusait de quitter ses terres \u00e9cossaises. Je pense qu\u2019elle a souhait\u00e9 passer ses derniers jours o\u00f9 elle se plaisait le plus, dans une atmosph\u00e8re calme et paisible.<\/p>\n<ul>\n<li>Vous habitez en France depuis de nombreuses ann\u00e9es, mais que pensiez-vous de la Famille royale et de la Reine en particulier ?<\/li>\n<\/ul>\n<p>La Reine \u00e9tait une femme tr\u00e8s <strong>courageuse<\/strong>, et ce d\u00e8s le d\u00e9but de sa vie. Elle s\u2019est \u00e9norm\u00e9ment impliqu\u00e9e dans l\u2019<strong>effort de guerre<\/strong> au c\u00f4t\u00e9 de sa s\u0153ur Margaret. Elle \u00e9tait ador\u00e9e par tout le monde. Elle a toujours \u00e9t\u00e9 tr\u00e8s sinc\u00e8re dans tout ce qu\u2019elle disait. Pour moi, elle a toujours essay\u00e9 d\u2019\u00eatre tr\u00e8s juste, de ne rien cacher. Elle a \u00e9t\u00e9 tr\u00e8s respectueuse, raisonnable et je l\u2019admirais beaucoup pour \u00e7a. Elle repr\u00e9sente l\u2019<strong>Histoire du pays<\/strong>. La Reine va laisser un grand vide dans le c\u0153ur des Britanniques. Lorsque l\u2019on voit toutes ces personnes faire la queue pour voir le cercueil de la Reine, \u00e7a ne veut dire qu\u2019une chose : qu&#8217;elles ont \u00e9t\u00e9 tr\u00e8s touch\u00e9es par sa disparition. Elle a eu une belle vie, elle \u00e9tait une <strong>grande dame<\/strong>.<\/p>\n<ul>\n<li>Vous avez v\u00e9cu les 70 ans de r\u00e8gne de la Reine, quel est le moment qui vous a le plus marqu\u00e9\u00a0?<\/li>\n<\/ul>\n<p>C\u2019est tr\u00e8s certainement son <strong>couronnement<\/strong>. J\u2019\u00e9tais tr\u00e8s jeune lorsque le roi George est d\u00e9c\u00e9d\u00e9. Je me souviens que mon professeur nous avait annonc\u00e9 la mauvaise nouvelle en classe. Tout le protocole apr\u00e8s le d\u00e9c\u00e8s du roi \u00e9tait incroyable et m\u00e9morable pour la jeune fille que j\u2019\u00e9tais. Puis, pour le jour du couronnement de la Reine, nous n\u2019avions pas la t\u00e9l\u00e9. Nous l\u2019avons suivi gr\u00e2ce \u00e0 la radio. Mais c\u2019est lorsque j\u2019ai vu les images de son couronnement que j\u2019ai compris ce que \u00e7a voulait dire\u00a0; sa d\u00e9votion, et son respect pour ce titre qu\u2019elle n\u2019\u00e9tait pas cens\u00e9e h\u00e9riter. Et puis il y a quelque temps, la Reine a confi\u00e9 \u00e0 quel point la cal\u00e8che \u00e9tait inconfortable, \u00e7a m\u2019a beaucoup fait rire.<\/p>\n<ul>\n<li>Et le roi Charles III sera bient\u00f4t couronn\u00e9\u2026<\/li>\n<\/ul>\n<p>Je suis certaine que le peuple aurait souhait\u00e9 que <strong>Charles abdique pour le prince William<\/strong>, c\u2019est d\u2019ailleurs ce que je souhaite au plus profond de mon c\u0153ur. Pour moi, William a h\u00e9rit\u00e9 des bons c\u00f4t\u00e9s de sa grand-m\u00e8re et de son p\u00e8re, surtout au niveau de l\u2019\u00e9cologie. <strong>William et Kate<\/strong> repr\u00e9sentent la modernit\u00e9 de notre si\u00e8cle et les traditions de la famille royale&#8230; Lorsqu\u2019il \u00e9tait prince, Charles m\u2019a toujours paru arrogant, ennuyeux, en d\u00e9calage avec son \u00e9poque et beaucoup trop s\u00e9rieux. Mais maintenant qu\u2019il est roi, il a promis devant son peuple de suivre les traces de sa m\u00e8re, et qu\u2019il allait se comporter comme tel. Il a son propre caract\u00e8re, sa propre personnalit\u00e9. Je pense qu\u2019on va le <strong>red\u00e9couvrir en tant que roi<\/strong>, et c\u2019est ce que j\u2019esp\u00e8re pour la famille royale.<\/p>\n<ul>\n<li>Qu\u2019imaginez-vous pour la suite du Royaume-Uni\u00a0?<\/li>\n<\/ul>\n<p>La Reine \u00e9tait tr\u00e8s respect\u00e9e de ses ministres, parce qu\u2019elle les respectait beaucoup aussi. Concernant l\u2019ind\u00e9pendance de l\u2019\u00c9cosse ou de l\u2019Irlande du Nord, et m\u00eame des pays du Commonwealth, je pense qu\u2019on devrait tirer cette le\u00e7on du <strong>Brexit\u00a0<\/strong>: l\u2019<strong>union fait la force<\/strong>. En quittant l\u2019Union europ\u00e9enne, le Royaume-Uni a fait un tr\u00e8s grand pas en arri\u00e8re et a \u00e9t\u00e9 fragilis\u00e9 de cette d\u00e9cision. Si en plus les pays du Royaume se s\u00e9parent, l\u2019Angleterre deviendra un tout petit pays et on sera ridicule sur la sc\u00e8ne internationale.<\/p>\n<!-- AddThis Advanced Settings generic via filter on the_content --><!-- AddThis Share Buttons generic via filter on the_content -->","protected":false},"excerpt":{"rendered":"<p>Pamela Witton, habitante de Fl\u00e9e (Sarthe) depuis de nombreuses ann\u00e9es, est n\u00e9e \u00e0 Birmingham il y a bient\u00f4t 82 ans. Le d\u00e9c\u00e8s de la Reine Elisabeth II, le jeudi 8 septembre, apr\u00e8s plus de 70 ans de r\u00e8gne sur le Royaume-Uni et le Commonwealth, reste un grand choc pour elle, comme pour tous les Britanniques.\u00a0&hellip;<!-- AddThis Advanced Settings generic via filter on get_the_excerpt --><!-- AddThis Share Buttons generic via filter on get_the_excerpt --><\/p>\n","protected":false},"author":4,"featured_media":11039,"comment_status":"closed","ping_status":"open","sticky":false,"template":"","format":"standard","meta":{"footnotes":""},"categories":[1],"tags":[],"class_list":["post-11038","post","type-post","status-publish","format-standard","has-post-thumbnail","hentry","category-contact-fm-72","category-1","description-off"],"yoast_head":"<!-- This site is optimized with the Yoast SEO plugin v27.4 - https:\/\/yoast.com\/product\/yoast-seo-wordpress\/ -->\n<title>Pamela Witton : \u00ab La Reine va laisser un grand vide dans le c\u0153ur des Britanniques \u00bb - Contact FM 99.3<\/title>\n<meta name=\"robots\" content=\"index, follow, max-snippet:-1, max-image-preview:large, max-video-preview:-1\" \/>\n<link rel=\"canonical\" href=\"https:\/\/contactfm72.fr\/?p=11038\" \/>\n<meta property=\"og:locale\" content=\"fr_FR\" \/>\n<meta property=\"og:type\" content=\"article\" \/>\n<meta property=\"og:title\" content=\"Pamela Witton : \u00ab La Reine va laisser un grand vide dans le c\u0153ur des Britanniques \u00bb - Contact FM 99.3\" \/>\n<meta property=\"og:description\" content=\"Pamela Witton, habitante de Fl\u00e9e (Sarthe) depuis de nombreuses ann\u00e9es, est n\u00e9e \u00e0 Birmingham il y a bient\u00f4t 82 ans. Le d\u00e9c\u00e8s de la Reine Elisabeth II, le jeudi 8 septembre, apr\u00e8s plus de 70 ans de r\u00e8gne sur le Royaume-Uni et le Commonwealth, reste un grand choc pour elle, comme pour tous les Britanniques.\u00a0&hellip;\" \/>\n<meta property=\"og:url\" content=\"https:\/\/contactfm72.fr\/?p=11038\" \/>\n<meta property=\"og:site_name\" content=\"Contact FM 99.3\" \/>\n<meta property=\"article:publisher\" content=\"https:\/\/www.facebook.com\/Contactfm.Chateauduloir\" \/>\n<meta property=\"article:published_time\" content=\"2022-09-19T07:35:18+00:00\" \/>\n<meta property=\"og:image\" content=\"https:\/\/contactfm72.fr\/wp-content\/uploads\/2022\/09\/d\u00e9c\u00e8s-reine-pamela-witton.jpg\" \/>\n\t<meta property=\"og:image:width\" content=\"2048\" \/>\n\t<meta property=\"og:image:height\" content=\"1536\" \/>\n\t<meta property=\"og:image:type\" content=\"image\/jpeg\" \/>\n<meta name=\"author\" content=\"Val\u00e9rie C.\" \/>\n<meta name=\"twitter:card\" content=\"summary_large_image\" \/>\n<meta name=\"twitter:creator\" content=\"@contactfm72\" \/>\n<meta name=\"twitter:site\" content=\"@contactfm72\" \/>\n<meta name=\"twitter:label1\" content=\"\u00c9crit par\" \/>\n\t<meta name=\"twitter:data1\" content=\"Val\u00e9rie C.\" \/>\n\t<meta name=\"twitter:label2\" content=\"Dur\u00e9e de lecture estim\u00e9e\" \/>\n\t<meta name=\"twitter:data2\" content=\"4 minutes\" \/>\n<script type=\"application\/ld+json\" class=\"yoast-schema-graph\">{\"@context\":\"https:\\\/\\\/schema.org\",\"@graph\":[{\"@type\":\"Article\",\"@id\":\"https:\\\/\\\/contactfm72.fr\\\/?p=11038#article\",\"isPartOf\":{\"@id\":\"https:\\\/\\\/contactfm72.fr\\\/?p=11038\"},\"author\":{\"name\":\"Val\u00e9rie C.\",\"@id\":\"https:\\\/\\\/contactfm72.fr\\\/#\\\/schema\\\/person\\\/9fdc9d1c2eb029354a4f1535b90ba82d\"},\"headline\":\"Pamela Witton : \u00ab La Reine va laisser un grand vide dans le c\u0153ur des Britanniques \u00bb\",\"datePublished\":\"2022-09-19T07:35:18+00:00\",\"mainEntityOfPage\":{\"@id\":\"https:\\\/\\\/contactfm72.fr\\\/?p=11038\"},\"wordCount\":865,\"publisher\":{\"@id\":\"https:\\\/\\\/contactfm72.fr\\\/#organization\"},\"image\":{\"@id\":\"https:\\\/\\\/contactfm72.fr\\\/?p=11038#primaryimage\"},\"thumbnailUrl\":\"https:\\\/\\\/contactfm72.fr\\\/wp-content\\\/uploads\\\/2022\\\/09\\\/d\u00e9c\u00e8s-reine-pamela-witton.jpg\",\"articleSection\":[\"Contact FM 72\"],\"inLanguage\":\"fr-FR\"},{\"@type\":\"WebPage\",\"@id\":\"https:\\\/\\\/contactfm72.fr\\\/?p=11038\",\"url\":\"https:\\\/\\\/contactfm72.fr\\\/?p=11038\",\"name\":\"Pamela Witton : \u00ab La Reine va laisser un grand vide dans le c\u0153ur des Britanniques \u00bb - Contact FM 99.3\",\"isPartOf\":{\"@id\":\"https:\\\/\\\/contactfm72.fr\\\/#website\"},\"primaryImageOfPage\":{\"@id\":\"https:\\\/\\\/contactfm72.fr\\\/?p=11038#primaryimage\"},\"image\":{\"@id\":\"https:\\\/\\\/contactfm72.fr\\\/?p=11038#primaryimage\"},\"thumbnailUrl\":\"https:\\\/\\\/contactfm72.fr\\\/wp-content\\\/uploads\\\/2022\\\/09\\\/d\u00e9c\u00e8s-reine-pamela-witton.jpg\",\"datePublished\":\"2022-09-19T07:35:18+00:00\",\"breadcrumb\":{\"@id\":\"https:\\\/\\\/contactfm72.fr\\\/?p=11038#breadcrumb\"},\"inLanguage\":\"fr-FR\",\"potentialAction\":[{\"@type\":\"ReadAction\",\"target\":[\"https:\\\/\\\/contactfm72.fr\\\/?p=11038\"]}]},{\"@type\":\"ImageObject\",\"inLanguage\":\"fr-FR\",\"@id\":\"https:\\\/\\\/contactfm72.fr\\\/?p=11038#primaryimage\",\"url\":\"https:\\\/\\\/contactfm72.fr\\\/wp-content\\\/uploads\\\/2022\\\/09\\\/d\u00e9c\u00e8s-reine-pamela-witton.jpg\",\"contentUrl\":\"https:\\\/\\\/contactfm72.fr\\\/wp-content\\\/uploads\\\/2022\\\/09\\\/d\u00e9c\u00e8s-reine-pamela-witton.jpg\",\"width\":2048,\"height\":1536,\"caption\":\"Pamela Witton obtiendra tr\u00e8s prochainement la nationalit\u00e9 fran\u00e7aise.\"},{\"@type\":\"BreadcrumbList\",\"@id\":\"https:\\\/\\\/contactfm72.fr\\\/?p=11038#breadcrumb\",\"itemListElement\":[{\"@type\":\"ListItem\",\"position\":1,\"name\":\"Accueil\",\"item\":\"https:\\\/\\\/contactfm72.fr\\\/\"},{\"@type\":\"ListItem\",\"position\":2,\"name\":\"Pamela Witton : \u00ab La Reine va laisser un grand vide dans le c\u0153ur des Britanniques \u00bb\"}]},{\"@type\":\"WebSite\",\"@id\":\"https:\\\/\\\/contactfm72.fr\\\/#website\",\"url\":\"https:\\\/\\\/contactfm72.fr\\\/\",\"name\":\"Contact FM 99.3\",\"description\":\"Votre radio en vall\u00e9e du Loir\",\"publisher\":{\"@id\":\"https:\\\/\\\/contactfm72.fr\\\/#organization\"},\"potentialAction\":[{\"@type\":\"SearchAction\",\"target\":{\"@type\":\"EntryPoint\",\"urlTemplate\":\"https:\\\/\\\/contactfm72.fr\\\/?s={search_term_string}\"},\"query-input\":{\"@type\":\"PropertyValueSpecification\",\"valueRequired\":true,\"valueName\":\"search_term_string\"}}],\"inLanguage\":\"fr-FR\"},{\"@type\":\"Organization\",\"@id\":\"https:\\\/\\\/contactfm72.fr\\\/#organization\",\"name\":\"Contact FM 99.3\",\"url\":\"https:\\\/\\\/contactfm72.fr\\\/\",\"logo\":{\"@type\":\"ImageObject\",\"inLanguage\":\"fr-FR\",\"@id\":\"https:\\\/\\\/contactfm72.fr\\\/#\\\/schema\\\/logo\\\/image\\\/\",\"url\":\"https:\\\/\\\/contactfm72.fr\\\/wp-content\\\/uploads\\\/2025\\\/04\\\/2025-04-18-2.jpg\",\"contentUrl\":\"https:\\\/\\\/contactfm72.fr\\\/wp-content\\\/uploads\\\/2025\\\/04\\\/2025-04-18-2.jpg\",\"width\":680,\"height\":307,\"caption\":\"Contact FM 99.3\"},\"image\":{\"@id\":\"https:\\\/\\\/contactfm72.fr\\\/#\\\/schema\\\/logo\\\/image\\\/\"},\"sameAs\":[\"https:\\\/\\\/www.facebook.com\\\/Contactfm.Chateauduloir\",\"https:\\\/\\\/x.com\\\/contactfm72\",\"https:\\\/\\\/www.instagram.com\\\/contact.fm.72?igsh=cGhlMHQ5N2JlNnpp\",\"https:\\\/\\\/www.tiktok.com\\\/@contact.fm\"]},{\"@type\":\"Person\",\"@id\":\"https:\\\/\\\/contactfm72.fr\\\/#\\\/schema\\\/person\\\/9fdc9d1c2eb029354a4f1535b90ba82d\",\"name\":\"Val\u00e9rie C.\",\"image\":{\"@type\":\"ImageObject\",\"inLanguage\":\"fr-FR\",\"@id\":\"https:\\\/\\\/secure.gravatar.com\\\/avatar\\\/2f8aa28f8dfbd7d4420afd1fdcdd0a349923e2c8a38ab28198b0f9d0601e4737?s=96&d=mm&r=g\",\"url\":\"https:\\\/\\\/secure.gravatar.com\\\/avatar\\\/2f8aa28f8dfbd7d4420afd1fdcdd0a349923e2c8a38ab28198b0f9d0601e4737?s=96&d=mm&r=g\",\"contentUrl\":\"https:\\\/\\\/secure.gravatar.com\\\/avatar\\\/2f8aa28f8dfbd7d4420afd1fdcdd0a349923e2c8a38ab28198b0f9d0601e4737?s=96&d=mm&r=g\",\"caption\":\"Val\u00e9rie C.\"},\"url\":\"https:\\\/\\\/contactfm72.fr\\\/?author=4\"}]}<\/script>\n<!-- \/ Yoast SEO plugin. -->","yoast_head_json":{"title":"Pamela Witton : \u00ab La Reine va laisser un grand vide dans le c\u0153ur des Britanniques \u00bb - Contact FM 99.3","robots":{"index":"index","follow":"follow","max-snippet":"max-snippet:-1","max-image-preview":"max-image-preview:large","max-video-preview":"max-video-preview:-1"},"canonical":"https:\/\/contactfm72.fr\/?p=11038","og_locale":"fr_FR","og_type":"article","og_title":"Pamela Witton : \u00ab La Reine va laisser un grand vide dans le c\u0153ur des Britanniques \u00bb - Contact FM 99.3","og_description":"Pamela Witton, habitante de Fl\u00e9e (Sarthe) depuis de nombreuses ann\u00e9es, est n\u00e9e \u00e0 Birmingham il y a bient\u00f4t 82 ans. Le d\u00e9c\u00e8s de la Reine Elisabeth II, le jeudi 8 septembre, apr\u00e8s plus de 70 ans de r\u00e8gne sur le Royaume-Uni et le Commonwealth, reste un grand choc pour elle, comme pour tous les Britanniques.\u00a0&hellip;","og_url":"https:\/\/contactfm72.fr\/?p=11038","og_site_name":"Contact FM 99.3","article_publisher":"https:\/\/www.facebook.com\/Contactfm.Chateauduloir","article_published_time":"2022-09-19T07:35:18+00:00","og_image":[{"width":2048,"height":1536,"url":"https:\/\/contactfm72.fr\/wp-content\/uploads\/2022\/09\/d\u00e9c\u00e8s-reine-pamela-witton.jpg","type":"image\/jpeg"}],"author":"Val\u00e9rie C.","twitter_card":"summary_large_image","twitter_creator":"@contactfm72","twitter_site":"@contactfm72","twitter_misc":{"\u00c9crit par":"Val\u00e9rie C.","Dur\u00e9e de lecture estim\u00e9e":"4 minutes"},"schema":{"@context":"https:\/\/schema.org","@graph":[{"@type":"Article","@id":"https:\/\/contactfm72.fr\/?p=11038#article","isPartOf":{"@id":"https:\/\/contactfm72.fr\/?p=11038"},"author":{"name":"Val\u00e9rie C.","@id":"https:\/\/contactfm72.fr\/#\/schema\/person\/9fdc9d1c2eb029354a4f1535b90ba82d"},"headline":"Pamela Witton : \u00ab La Reine va laisser un grand vide dans le c\u0153ur des Britanniques \u00bb","datePublished":"2022-09-19T07:35:18+00:00","mainEntityOfPage":{"@id":"https:\/\/contactfm72.fr\/?p=11038"},"wordCount":865,"publisher":{"@id":"https:\/\/contactfm72.fr\/#organization"},"image":{"@id":"https:\/\/contactfm72.fr\/?p=11038#primaryimage"},"thumbnailUrl":"https:\/\/contactfm72.fr\/wp-content\/uploads\/2022\/09\/d\u00e9c\u00e8s-reine-pamela-witton.jpg","articleSection":["Contact FM 72"],"inLanguage":"fr-FR"},{"@type":"WebPage","@id":"https:\/\/contactfm72.fr\/?p=11038","url":"https:\/\/contactfm72.fr\/?p=11038","name":"Pamela Witton : \u00ab La Reine va laisser un grand vide dans le c\u0153ur des Britanniques \u00bb - Contact FM 99.3","isPartOf":{"@id":"https:\/\/contactfm72.fr\/#website"},"primaryImageOfPage":{"@id":"https:\/\/contactfm72.fr\/?p=11038#primaryimage"},"image":{"@id":"https:\/\/contactfm72.fr\/?p=11038#primaryimage"},"thumbnailUrl":"https:\/\/contactfm72.fr\/wp-content\/uploads\/2022\/09\/d\u00e9c\u00e8s-reine-pamela-witton.jpg","datePublished":"2022-09-19T07:35:18+00:00","breadcrumb":{"@id":"https:\/\/contactfm72.fr\/?p=11038#breadcrumb"},"inLanguage":"fr-FR","potentialAction":[{"@type":"ReadAction","target":["https:\/\/contactfm72.fr\/?p=11038"]}]},{"@type":"ImageObject","inLanguage":"fr-FR","@id":"https:\/\/contactfm72.fr\/?p=11038#primaryimage","url":"https:\/\/contactfm72.fr\/wp-content\/uploads\/2022\/09\/d\u00e9c\u00e8s-reine-pamela-witton.jpg","contentUrl":"https:\/\/contactfm72.fr\/wp-content\/uploads\/2022\/09\/d\u00e9c\u00e8s-reine-pamela-witton.jpg","width":2048,"height":1536,"caption":"Pamela Witton obtiendra tr\u00e8s prochainement la nationalit\u00e9 fran\u00e7aise."},{"@type":"BreadcrumbList","@id":"https:\/\/contactfm72.fr\/?p=11038#breadcrumb","itemListElement":[{"@type":"ListItem","position":1,"name":"Accueil","item":"https:\/\/contactfm72.fr\/"},{"@type":"ListItem","position":2,"name":"Pamela Witton : \u00ab La Reine va laisser un grand vide dans le c\u0153ur des Britanniques \u00bb"}]},{"@type":"WebSite","@id":"https:\/\/contactfm72.fr\/#website","url":"https:\/\/contactfm72.fr\/","name":"Contact FM 99.3","description":"Votre radio en vall\u00e9e du Loir","publisher":{"@id":"https:\/\/contactfm72.fr\/#organization"},"potentialAction":[{"@type":"SearchAction","target":{"@type":"EntryPoint","urlTemplate":"https:\/\/contactfm72.fr\/?s={search_term_string}"},"query-input":{"@type":"PropertyValueSpecification","valueRequired":true,"valueName":"search_term_string"}}],"inLanguage":"fr-FR"},{"@type":"Organization","@id":"https:\/\/contactfm72.fr\/#organization","name":"Contact FM 99.3","url":"https:\/\/contactfm72.fr\/","logo":{"@type":"ImageObject","inLanguage":"fr-FR","@id":"https:\/\/contactfm72.fr\/#\/schema\/logo\/image\/","url":"https:\/\/contactfm72.fr\/wp-content\/uploads\/2025\/04\/2025-04-18-2.jpg","contentUrl":"https:\/\/contactfm72.fr\/wp-content\/uploads\/2025\/04\/2025-04-18-2.jpg","width":680,"height":307,"caption":"Contact FM 99.3"},"image":{"@id":"https:\/\/contactfm72.fr\/#\/schema\/logo\/image\/"},"sameAs":["https:\/\/www.facebook.com\/Contactfm.Chateauduloir","https:\/\/x.com\/contactfm72","https:\/\/www.instagram.com\/contact.fm.72?igsh=cGhlMHQ5N2JlNnpp","https:\/\/www.tiktok.com\/@contact.fm"]},{"@type":"Person","@id":"https:\/\/contactfm72.fr\/#\/schema\/person\/9fdc9d1c2eb029354a4f1535b90ba82d","name":"Val\u00e9rie C.","image":{"@type":"ImageObject","inLanguage":"fr-FR","@id":"https:\/\/secure.gravatar.com\/avatar\/2f8aa28f8dfbd7d4420afd1fdcdd0a349923e2c8a38ab28198b0f9d0601e4737?s=96&d=mm&r=g","url":"https:\/\/secure.gravatar.com\/avatar\/2f8aa28f8dfbd7d4420afd1fdcdd0a349923e2c8a38ab28198b0f9d0601e4737?s=96&d=mm&r=g","contentUrl":"https:\/\/secure.gravatar.com\/avatar\/2f8aa28f8dfbd7d4420afd1fdcdd0a349923e2c8a38ab28198b0f9d0601e4737?s=96&d=mm&r=g","caption":"Val\u00e9rie C."},"url":"https:\/\/contactfm72.fr\/?author=4"}]}},"_links":{"self":[{"href":"https:\/\/contactfm72.fr\/index.php?rest_route=\/wp\/v2\/posts\/11038","targetHints":{"allow":["GET"]}}],"collection":[{"href":"https:\/\/contactfm72.fr\/index.php?rest_route=\/wp\/v2\/posts"}],"about":[{"href":"https:\/\/contactfm72.fr\/index.php?rest_route=\/wp\/v2\/types\/post"}],"author":[{"embeddable":true,"href":"https:\/\/contactfm72.fr\/index.php?rest_route=\/wp\/v2\/users\/4"}],"replies":[{"embeddable":true,"href":"https:\/\/contactfm72.fr\/index.php?rest_route=%2Fwp%2Fv2%2Fcomments&post=11038"}],"version-history":[{"count":1,"href":"https:\/\/contactfm72.fr\/index.php?rest_route=\/wp\/v2\/posts\/11038\/revisions"}],"predecessor-version":[{"id":11040,"href":"https:\/\/contactfm72.fr\/index.php?rest_route=\/wp\/v2\/posts\/11038\/revisions\/11040"}],"wp:featuredmedia":[{"embeddable":true,"href":"https:\/\/contactfm72.fr\/index.php?rest_route=\/wp\/v2\/media\/11039"}],"wp:attachment":[{"href":"https:\/\/contactfm72.fr\/index.php?rest_route=%2Fwp%2Fv2%2Fmedia&parent=11038"}],"wp:term":[{"taxonomy":"category","embeddable":true,"href":"https:\/\/contactfm72.fr\/index.php?rest_route=%2Fwp%2Fv2%2Fcategories&post=11038"},{"taxonomy":"post_tag","embeddable":true,"href":"https:\/\/contactfm72.fr\/index.php?rest_route=%2Fwp%2Fv2%2Ftags&post=11038"}],"curies":[{"name":"wp","href":"https:\/\/api.w.org\/{rel}","templated":true}]}}