{"id":11011,"date":"2022-09-13T10:57:56","date_gmt":"2022-09-13T08:57:56","guid":{"rendered":"http:\/\/contactfm72.fr\/?p=11011"},"modified":"2022-09-13T10:57:56","modified_gmt":"2022-09-13T08:57:56","slug":"rentree-scolaire-en-sarthe-le-departement-genereux-avec-les-collegiens","status":"publish","type":"post","link":"https:\/\/contactfm72.fr\/?p=11011","title":{"rendered":"Rentr\u00e9e scolaire en Sarthe. Le D\u00e9partement g\u00e9n\u00e9reux avec les coll\u00e9giens"},"content":{"rendered":"<h2>En cette rentr\u00e9e scolaire 2022, les conseillers d\u00e9partementaux de la Sarthe ont distribu\u00e9 des dictionnaires aux \u00e9l\u00e8ves de 6\u00e8 et des ch\u00e8ques aux 3\u00e8. Au coll\u00e8ge de Berc\u00e9, Gali\u00e8ne Cohu et R\u00e9gis Vallienne ont proc\u00e9d\u00e9 \u00e0 la distribution.<\/h2>\n<p>&nbsp;<\/p>\n<p>Les deux conseillers d\u00e9partementaux ont \u00e9t\u00e9 accueillis en chanson ! Au <strong>coll\u00e8ge de Berc\u00e9<\/strong>, \u00e0 <strong>Montval-sur-Loir<\/strong>, les 118 \u00e9l\u00e8ves de 6\u00e8 ont re\u00e7u les deux conseillers d\u00e9partementaux en chantant, le lundi 12 septembre. Avec au clavier leur professeur de musique, Sylvain Samson, <strong>Gali\u00e8ne Cohu et R\u00e9gis Vallienne, conseillers du canton de Montval-sur-Loir<\/strong>, ont proc\u00e9d\u00e9 \u00e0 la traditionnelle remise des <strong>dictionnaires et des ch\u00e8ques Coll\u00e8ges<\/strong>.<\/p>\n<p>&nbsp;<\/p>\n<h3><strong>Des dicos pour les 6\u00e8<\/strong><\/h3>\n<p>En Sarthe, chaque \u00e9l\u00e8ve entrant au coll\u00e8ge en 6\u00e8 re\u00e7oit un dictionnaire <strong>\u00ab Le Robert de poche \u00bb<\/strong> personnalis\u00e9 aux couleurs du D\u00e9partement. Plus de 8000 dictionnaires vont \u00eatre distribu\u00e9s (coll\u00e8ges publics et priv\u00e9s). On y trouve 64 000 d\u00e9finitions, 10 000 noms propres et \u00e9galement un livret de 12 pages expliquant les missions du Conseil d\u00e9partemental et le r\u00f4le de proximit\u00e9 de la collectivit\u00e9.<\/p>\n<p>A Berc\u00e9, ce sont donc 118 dictionnaires qui ont \u00e9t\u00e9 remis aux nouveaux coll\u00e9giens.<\/p>\n<blockquote><p>R\u00e9gis Valienne l\u2019affirme\u00a0: \u00ab\u00a0Certains disent que les dictionnaires sont ringards\u2026 mais pas du tout\u00a0! Je trouve important d\u2019avoir un dictionnaire \u00e0 la maison et un autre \u00e0 l\u2019\u00e9cole. Au moins, les dictionnaires ne tombent pas en panne et ils n\u2019ont pas besoin d\u2019\u00eatre recharg\u00e9s\u2026\u00a0\u00bb<\/p><\/blockquote>\n<p>&nbsp;<\/p>\n<h3><strong>Des ch\u00e8ques pour les 3\u00e8<\/strong><\/h3>\n<p>Apr\u00e8s cette premi\u00e8re remise, place \u00e0 la seconde, pour cette fois-ci les plus grands coll\u00e9giens.<\/p>\n<p>Le Conseil d\u00e9partemental de la Sarthe a remis pour la onzi\u00e8me ann\u00e9e les <strong>Ch\u00e8ques Coll\u00e8ges 72<\/strong> aux 7500 \u00e9l\u00e8ves de 3\u00e8me du d\u00e9partement. Gratuits, <strong>ces ch\u00e9quiers d\u2019un montant de 50 \u20ac<\/strong> visent \u00e0 favoriser l\u2019acc\u00e8s des jeunes \u00e0 la culture, au sport et aux loisirs.<\/p>\n<blockquote><p>\u00ab Ces ch\u00e8ques coll\u00e8ges sont des sortes de tickets de 6 \u20ac et de 4 \u20ac pour des sorties culturelles, acheter des livres\u2026 avec plus de 600 partenaires \u00bb, explique Gali\u00e8ne Cohu. Ces ch\u00e8ques sont non cumulables pour un seul achat, except\u00e9 pour les licences sportives.<\/p><\/blockquote>\n<p>Seul probl\u00e8me pour les conseillers concernant ces ch\u00e8ques\u00a0: <strong>\u00ab\u00a030% de cette somme n\u2019est pas utilis\u00e9e par les \u00e9l\u00e8ves\u00a0\u00bb<\/strong>.<\/p>\n<p>&nbsp;<\/p>\n<p>Toute la semaine, les conseillers d\u00e9partementaux de la Sarthe de chaque canton ont proc\u00e9d\u00e9 \u00e0 cette remise traditionnelle aux coll\u00e9giens sarthois.<\/p>\n<!-- AddThis Advanced Settings generic via filter on the_content --><!-- AddThis Share Buttons generic via filter on the_content -->","protected":false},"excerpt":{"rendered":"<p>En cette rentr\u00e9e scolaire 2022, les conseillers d\u00e9partementaux de la Sarthe ont distribu\u00e9 des dictionnaires aux \u00e9l\u00e8ves de 6\u00e8 et des ch\u00e8ques aux 3\u00e8. Au coll\u00e8ge de Berc\u00e9, Gali\u00e8ne Cohu et R\u00e9gis Vallienne ont proc\u00e9d\u00e9 \u00e0 la distribution. &nbsp; Les deux conseillers d\u00e9partementaux ont \u00e9t\u00e9 accueillis en chanson ! Au coll\u00e8ge de Berc\u00e9, \u00e0 Montval-sur-Loir,&hellip;<!-- AddThis Advanced Settings generic via filter on get_the_excerpt --><!-- AddThis Share Buttons generic via filter on get_the_excerpt --><\/p>\n","protected":false},"author":4,"featured_media":11012,"comment_status":"closed","ping_status":"open","sticky":false,"template":"","format":"standard","meta":{"footnotes":""},"categories":[1],"tags":[],"class_list":["post-11011","post","type-post","status-publish","format-standard","has-post-thumbnail","hentry","category-contact-fm-72","category-1","description-off"],"yoast_head":"<!-- This site is optimized with the Yoast SEO plugin v27.4 - https:\/\/yoast.com\/product\/yoast-seo-wordpress\/ -->\n<title>Rentr\u00e9e scolaire en Sarthe. Le D\u00e9partement g\u00e9n\u00e9reux avec les coll\u00e9giens - Contact FM 99.3<\/title>\n<meta name=\"robots\" content=\"index, follow, max-snippet:-1, max-image-preview:large, max-video-preview:-1\" \/>\n<link rel=\"canonical\" href=\"https:\/\/contactfm72.fr\/?p=11011\" \/>\n<meta property=\"og:locale\" content=\"fr_FR\" \/>\n<meta property=\"og:type\" content=\"article\" \/>\n<meta property=\"og:title\" content=\"Rentr\u00e9e scolaire en Sarthe. Le D\u00e9partement g\u00e9n\u00e9reux avec les coll\u00e9giens - Contact FM 99.3\" \/>\n<meta property=\"og:description\" content=\"En cette rentr\u00e9e scolaire 2022, les conseillers d\u00e9partementaux de la Sarthe ont distribu\u00e9 des dictionnaires aux \u00e9l\u00e8ves de 6\u00e8 et des ch\u00e8ques aux 3\u00e8. Au coll\u00e8ge de Berc\u00e9, Gali\u00e8ne Cohu et R\u00e9gis Vallienne ont proc\u00e9d\u00e9 \u00e0 la distribution. &nbsp; Les deux conseillers d\u00e9partementaux ont \u00e9t\u00e9 accueillis en chanson ! Au coll\u00e8ge de Berc\u00e9, \u00e0 Montval-sur-Loir,&hellip;\" \/>\n<meta property=\"og:url\" content=\"https:\/\/contactfm72.fr\/?p=11011\" \/>\n<meta property=\"og:site_name\" content=\"Contact FM 99.3\" \/>\n<meta property=\"article:publisher\" content=\"https:\/\/www.facebook.com\/Contactfm.Chateauduloir\" \/>\n<meta property=\"article:published_time\" content=\"2022-09-13T08:57:56+00:00\" \/>\n<meta property=\"og:image\" content=\"https:\/\/contactfm72.fr\/wp-content\/uploads\/2022\/09\/coll\u00e8ge-dico-berc\u00e9.jpg\" \/>\n\t<meta property=\"og:image:width\" content=\"2048\" \/>\n\t<meta property=\"og:image:height\" content=\"1536\" \/>\n\t<meta property=\"og:image:type\" content=\"image\/jpeg\" \/>\n<meta name=\"author\" content=\"Val\u00e9rie C.\" \/>\n<meta name=\"twitter:card\" content=\"summary_large_image\" \/>\n<meta name=\"twitter:creator\" content=\"@contactfm72\" \/>\n<meta name=\"twitter:site\" content=\"@contactfm72\" \/>\n<meta name=\"twitter:label1\" content=\"\u00c9crit par\" \/>\n\t<meta name=\"twitter:data1\" content=\"Val\u00e9rie C.\" \/>\n\t<meta name=\"twitter:label2\" content=\"Dur\u00e9e de lecture estim\u00e9e\" \/>\n\t<meta name=\"twitter:data2\" content=\"2 minutes\" \/>\n<script type=\"application\/ld+json\" class=\"yoast-schema-graph\">{\"@context\":\"https:\\\/\\\/schema.org\",\"@graph\":[{\"@type\":\"Article\",\"@id\":\"https:\\\/\\\/contactfm72.fr\\\/?p=11011#article\",\"isPartOf\":{\"@id\":\"https:\\\/\\\/contactfm72.fr\\\/?p=11011\"},\"author\":{\"name\":\"Val\u00e9rie C.\",\"@id\":\"https:\\\/\\\/contactfm72.fr\\\/#\\\/schema\\\/person\\\/9fdc9d1c2eb029354a4f1535b90ba82d\"},\"headline\":\"Rentr\u00e9e scolaire en Sarthe. Le D\u00e9partement g\u00e9n\u00e9reux avec les coll\u00e9giens\",\"datePublished\":\"2022-09-13T08:57:56+00:00\",\"mainEntityOfPage\":{\"@id\":\"https:\\\/\\\/contactfm72.fr\\\/?p=11011\"},\"wordCount\":422,\"publisher\":{\"@id\":\"https:\\\/\\\/contactfm72.fr\\\/#organization\"},\"image\":{\"@id\":\"https:\\\/\\\/contactfm72.fr\\\/?p=11011#primaryimage\"},\"thumbnailUrl\":\"https:\\\/\\\/contactfm72.fr\\\/wp-content\\\/uploads\\\/2022\\\/09\\\/coll\u00e8ge-dico-berc\u00e9.jpg\",\"articleSection\":[\"Contact FM 72\"],\"inLanguage\":\"fr-FR\"},{\"@type\":\"WebPage\",\"@id\":\"https:\\\/\\\/contactfm72.fr\\\/?p=11011\",\"url\":\"https:\\\/\\\/contactfm72.fr\\\/?p=11011\",\"name\":\"Rentr\u00e9e scolaire en Sarthe. Le D\u00e9partement g\u00e9n\u00e9reux avec les coll\u00e9giens - Contact FM 99.3\",\"isPartOf\":{\"@id\":\"https:\\\/\\\/contactfm72.fr\\\/#website\"},\"primaryImageOfPage\":{\"@id\":\"https:\\\/\\\/contactfm72.fr\\\/?p=11011#primaryimage\"},\"image\":{\"@id\":\"https:\\\/\\\/contactfm72.fr\\\/?p=11011#primaryimage\"},\"thumbnailUrl\":\"https:\\\/\\\/contactfm72.fr\\\/wp-content\\\/uploads\\\/2022\\\/09\\\/coll\u00e8ge-dico-berc\u00e9.jpg\",\"datePublished\":\"2022-09-13T08:57:56+00:00\",\"breadcrumb\":{\"@id\":\"https:\\\/\\\/contactfm72.fr\\\/?p=11011#breadcrumb\"},\"inLanguage\":\"fr-FR\",\"potentialAction\":[{\"@type\":\"ReadAction\",\"target\":[\"https:\\\/\\\/contactfm72.fr\\\/?p=11011\"]}]},{\"@type\":\"ImageObject\",\"inLanguage\":\"fr-FR\",\"@id\":\"https:\\\/\\\/contactfm72.fr\\\/?p=11011#primaryimage\",\"url\":\"https:\\\/\\\/contactfm72.fr\\\/wp-content\\\/uploads\\\/2022\\\/09\\\/coll\u00e8ge-dico-berc\u00e9.jpg\",\"contentUrl\":\"https:\\\/\\\/contactfm72.fr\\\/wp-content\\\/uploads\\\/2022\\\/09\\\/coll\u00e8ge-dico-berc\u00e9.jpg\",\"width\":2048,\"height\":1536,\"caption\":\"Les coll\u00e9giens et les conseillers d\u00e9partementaux lors de la remise des dictionnaires au coll\u00e8ge de Berc\u00e9, \u00e0 Montval-sur-Loir.\"},{\"@type\":\"BreadcrumbList\",\"@id\":\"https:\\\/\\\/contactfm72.fr\\\/?p=11011#breadcrumb\",\"itemListElement\":[{\"@type\":\"ListItem\",\"position\":1,\"name\":\"Accueil\",\"item\":\"https:\\\/\\\/contactfm72.fr\\\/\"},{\"@type\":\"ListItem\",\"position\":2,\"name\":\"Rentr\u00e9e scolaire en Sarthe. Le D\u00e9partement g\u00e9n\u00e9reux avec les coll\u00e9giens\"}]},{\"@type\":\"WebSite\",\"@id\":\"https:\\\/\\\/contactfm72.fr\\\/#website\",\"url\":\"https:\\\/\\\/contactfm72.fr\\\/\",\"name\":\"Contact FM 99.3\",\"description\":\"Votre radio en vall\u00e9e du Loir\",\"publisher\":{\"@id\":\"https:\\\/\\\/contactfm72.fr\\\/#organization\"},\"potentialAction\":[{\"@type\":\"SearchAction\",\"target\":{\"@type\":\"EntryPoint\",\"urlTemplate\":\"https:\\\/\\\/contactfm72.fr\\\/?s={search_term_string}\"},\"query-input\":{\"@type\":\"PropertyValueSpecification\",\"valueRequired\":true,\"valueName\":\"search_term_string\"}}],\"inLanguage\":\"fr-FR\"},{\"@type\":\"Organization\",\"@id\":\"https:\\\/\\\/contactfm72.fr\\\/#organization\",\"name\":\"Contact FM 99.3\",\"url\":\"https:\\\/\\\/contactfm72.fr\\\/\",\"logo\":{\"@type\":\"ImageObject\",\"inLanguage\":\"fr-FR\",\"@id\":\"https:\\\/\\\/contactfm72.fr\\\/#\\\/schema\\\/logo\\\/image\\\/\",\"url\":\"https:\\\/\\\/contactfm72.fr\\\/wp-content\\\/uploads\\\/2025\\\/04\\\/2025-04-18-2.jpg\",\"contentUrl\":\"https:\\\/\\\/contactfm72.fr\\\/wp-content\\\/uploads\\\/2025\\\/04\\\/2025-04-18-2.jpg\",\"width\":680,\"height\":307,\"caption\":\"Contact FM 99.3\"},\"image\":{\"@id\":\"https:\\\/\\\/contactfm72.fr\\\/#\\\/schema\\\/logo\\\/image\\\/\"},\"sameAs\":[\"https:\\\/\\\/www.facebook.com\\\/Contactfm.Chateauduloir\",\"https:\\\/\\\/x.com\\\/contactfm72\",\"https:\\\/\\\/www.instagram.com\\\/contact.fm.72?igsh=cGhlMHQ5N2JlNnpp\",\"https:\\\/\\\/www.tiktok.com\\\/@contact.fm\"]},{\"@type\":\"Person\",\"@id\":\"https:\\\/\\\/contactfm72.fr\\\/#\\\/schema\\\/person\\\/9fdc9d1c2eb029354a4f1535b90ba82d\",\"name\":\"Val\u00e9rie C.\",\"image\":{\"@type\":\"ImageObject\",\"inLanguage\":\"fr-FR\",\"@id\":\"https:\\\/\\\/secure.gravatar.com\\\/avatar\\\/2f8aa28f8dfbd7d4420afd1fdcdd0a349923e2c8a38ab28198b0f9d0601e4737?s=96&d=mm&r=g\",\"url\":\"https:\\\/\\\/secure.gravatar.com\\\/avatar\\\/2f8aa28f8dfbd7d4420afd1fdcdd0a349923e2c8a38ab28198b0f9d0601e4737?s=96&d=mm&r=g\",\"contentUrl\":\"https:\\\/\\\/secure.gravatar.com\\\/avatar\\\/2f8aa28f8dfbd7d4420afd1fdcdd0a349923e2c8a38ab28198b0f9d0601e4737?s=96&d=mm&r=g\",\"caption\":\"Val\u00e9rie C.\"},\"url\":\"https:\\\/\\\/contactfm72.fr\\\/?author=4\"}]}<\/script>\n<!-- \/ Yoast SEO plugin. -->","yoast_head_json":{"title":"Rentr\u00e9e scolaire en Sarthe. Le D\u00e9partement g\u00e9n\u00e9reux avec les coll\u00e9giens - Contact FM 99.3","robots":{"index":"index","follow":"follow","max-snippet":"max-snippet:-1","max-image-preview":"max-image-preview:large","max-video-preview":"max-video-preview:-1"},"canonical":"https:\/\/contactfm72.fr\/?p=11011","og_locale":"fr_FR","og_type":"article","og_title":"Rentr\u00e9e scolaire en Sarthe. Le D\u00e9partement g\u00e9n\u00e9reux avec les coll\u00e9giens - Contact FM 99.3","og_description":"En cette rentr\u00e9e scolaire 2022, les conseillers d\u00e9partementaux de la Sarthe ont distribu\u00e9 des dictionnaires aux \u00e9l\u00e8ves de 6\u00e8 et des ch\u00e8ques aux 3\u00e8. Au coll\u00e8ge de Berc\u00e9, Gali\u00e8ne Cohu et R\u00e9gis Vallienne ont proc\u00e9d\u00e9 \u00e0 la distribution. &nbsp; Les deux conseillers d\u00e9partementaux ont \u00e9t\u00e9 accueillis en chanson ! Au coll\u00e8ge de Berc\u00e9, \u00e0 Montval-sur-Loir,&hellip;","og_url":"https:\/\/contactfm72.fr\/?p=11011","og_site_name":"Contact FM 99.3","article_publisher":"https:\/\/www.facebook.com\/Contactfm.Chateauduloir","article_published_time":"2022-09-13T08:57:56+00:00","og_image":[{"width":2048,"height":1536,"url":"https:\/\/contactfm72.fr\/wp-content\/uploads\/2022\/09\/coll\u00e8ge-dico-berc\u00e9.jpg","type":"image\/jpeg"}],"author":"Val\u00e9rie C.","twitter_card":"summary_large_image","twitter_creator":"@contactfm72","twitter_site":"@contactfm72","twitter_misc":{"\u00c9crit par":"Val\u00e9rie C.","Dur\u00e9e de lecture estim\u00e9e":"2 minutes"},"schema":{"@context":"https:\/\/schema.org","@graph":[{"@type":"Article","@id":"https:\/\/contactfm72.fr\/?p=11011#article","isPartOf":{"@id":"https:\/\/contactfm72.fr\/?p=11011"},"author":{"name":"Val\u00e9rie C.","@id":"https:\/\/contactfm72.fr\/#\/schema\/person\/9fdc9d1c2eb029354a4f1535b90ba82d"},"headline":"Rentr\u00e9e scolaire en Sarthe. Le D\u00e9partement g\u00e9n\u00e9reux avec les coll\u00e9giens","datePublished":"2022-09-13T08:57:56+00:00","mainEntityOfPage":{"@id":"https:\/\/contactfm72.fr\/?p=11011"},"wordCount":422,"publisher":{"@id":"https:\/\/contactfm72.fr\/#organization"},"image":{"@id":"https:\/\/contactfm72.fr\/?p=11011#primaryimage"},"thumbnailUrl":"https:\/\/contactfm72.fr\/wp-content\/uploads\/2022\/09\/coll\u00e8ge-dico-berc\u00e9.jpg","articleSection":["Contact FM 72"],"inLanguage":"fr-FR"},{"@type":"WebPage","@id":"https:\/\/contactfm72.fr\/?p=11011","url":"https:\/\/contactfm72.fr\/?p=11011","name":"Rentr\u00e9e scolaire en Sarthe. Le D\u00e9partement g\u00e9n\u00e9reux avec les coll\u00e9giens - Contact FM 99.3","isPartOf":{"@id":"https:\/\/contactfm72.fr\/#website"},"primaryImageOfPage":{"@id":"https:\/\/contactfm72.fr\/?p=11011#primaryimage"},"image":{"@id":"https:\/\/contactfm72.fr\/?p=11011#primaryimage"},"thumbnailUrl":"https:\/\/contactfm72.fr\/wp-content\/uploads\/2022\/09\/coll\u00e8ge-dico-berc\u00e9.jpg","datePublished":"2022-09-13T08:57:56+00:00","breadcrumb":{"@id":"https:\/\/contactfm72.fr\/?p=11011#breadcrumb"},"inLanguage":"fr-FR","potentialAction":[{"@type":"ReadAction","target":["https:\/\/contactfm72.fr\/?p=11011"]}]},{"@type":"ImageObject","inLanguage":"fr-FR","@id":"https:\/\/contactfm72.fr\/?p=11011#primaryimage","url":"https:\/\/contactfm72.fr\/wp-content\/uploads\/2022\/09\/coll\u00e8ge-dico-berc\u00e9.jpg","contentUrl":"https:\/\/contactfm72.fr\/wp-content\/uploads\/2022\/09\/coll\u00e8ge-dico-berc\u00e9.jpg","width":2048,"height":1536,"caption":"Les coll\u00e9giens et les conseillers d\u00e9partementaux lors de la remise des dictionnaires au coll\u00e8ge de Berc\u00e9, \u00e0 Montval-sur-Loir."},{"@type":"BreadcrumbList","@id":"https:\/\/contactfm72.fr\/?p=11011#breadcrumb","itemListElement":[{"@type":"ListItem","position":1,"name":"Accueil","item":"https:\/\/contactfm72.fr\/"},{"@type":"ListItem","position":2,"name":"Rentr\u00e9e scolaire en Sarthe. Le D\u00e9partement g\u00e9n\u00e9reux avec les coll\u00e9giens"}]},{"@type":"WebSite","@id":"https:\/\/contactfm72.fr\/#website","url":"https:\/\/contactfm72.fr\/","name":"Contact FM 99.3","description":"Votre radio en vall\u00e9e du Loir","publisher":{"@id":"https:\/\/contactfm72.fr\/#organization"},"potentialAction":[{"@type":"SearchAction","target":{"@type":"EntryPoint","urlTemplate":"https:\/\/contactfm72.fr\/?s={search_term_string}"},"query-input":{"@type":"PropertyValueSpecification","valueRequired":true,"valueName":"search_term_string"}}],"inLanguage":"fr-FR"},{"@type":"Organization","@id":"https:\/\/contactfm72.fr\/#organization","name":"Contact FM 99.3","url":"https:\/\/contactfm72.fr\/","logo":{"@type":"ImageObject","inLanguage":"fr-FR","@id":"https:\/\/contactfm72.fr\/#\/schema\/logo\/image\/","url":"https:\/\/contactfm72.fr\/wp-content\/uploads\/2025\/04\/2025-04-18-2.jpg","contentUrl":"https:\/\/contactfm72.fr\/wp-content\/uploads\/2025\/04\/2025-04-18-2.jpg","width":680,"height":307,"caption":"Contact FM 99.3"},"image":{"@id":"https:\/\/contactfm72.fr\/#\/schema\/logo\/image\/"},"sameAs":["https:\/\/www.facebook.com\/Contactfm.Chateauduloir","https:\/\/x.com\/contactfm72","https:\/\/www.instagram.com\/contact.fm.72?igsh=cGhlMHQ5N2JlNnpp","https:\/\/www.tiktok.com\/@contact.fm"]},{"@type":"Person","@id":"https:\/\/contactfm72.fr\/#\/schema\/person\/9fdc9d1c2eb029354a4f1535b90ba82d","name":"Val\u00e9rie C.","image":{"@type":"ImageObject","inLanguage":"fr-FR","@id":"https:\/\/secure.gravatar.com\/avatar\/2f8aa28f8dfbd7d4420afd1fdcdd0a349923e2c8a38ab28198b0f9d0601e4737?s=96&d=mm&r=g","url":"https:\/\/secure.gravatar.com\/avatar\/2f8aa28f8dfbd7d4420afd1fdcdd0a349923e2c8a38ab28198b0f9d0601e4737?s=96&d=mm&r=g","contentUrl":"https:\/\/secure.gravatar.com\/avatar\/2f8aa28f8dfbd7d4420afd1fdcdd0a349923e2c8a38ab28198b0f9d0601e4737?s=96&d=mm&r=g","caption":"Val\u00e9rie C."},"url":"https:\/\/contactfm72.fr\/?author=4"}]}},"_links":{"self":[{"href":"https:\/\/contactfm72.fr\/index.php?rest_route=\/wp\/v2\/posts\/11011","targetHints":{"allow":["GET"]}}],"collection":[{"href":"https:\/\/contactfm72.fr\/index.php?rest_route=\/wp\/v2\/posts"}],"about":[{"href":"https:\/\/contactfm72.fr\/index.php?rest_route=\/wp\/v2\/types\/post"}],"author":[{"embeddable":true,"href":"https:\/\/contactfm72.fr\/index.php?rest_route=\/wp\/v2\/users\/4"}],"replies":[{"embeddable":true,"href":"https:\/\/contactfm72.fr\/index.php?rest_route=%2Fwp%2Fv2%2Fcomments&post=11011"}],"version-history":[{"count":1,"href":"https:\/\/contactfm72.fr\/index.php?rest_route=\/wp\/v2\/posts\/11011\/revisions"}],"predecessor-version":[{"id":11013,"href":"https:\/\/contactfm72.fr\/index.php?rest_route=\/wp\/v2\/posts\/11011\/revisions\/11013"}],"wp:featuredmedia":[{"embeddable":true,"href":"https:\/\/contactfm72.fr\/index.php?rest_route=\/wp\/v2\/media\/11012"}],"wp:attachment":[{"href":"https:\/\/contactfm72.fr\/index.php?rest_route=%2Fwp%2Fv2%2Fmedia&parent=11011"}],"wp:term":[{"taxonomy":"category","embeddable":true,"href":"https:\/\/contactfm72.fr\/index.php?rest_route=%2Fwp%2Fv2%2Fcategories&post=11011"},{"taxonomy":"post_tag","embeddable":true,"href":"https:\/\/contactfm72.fr\/index.php?rest_route=%2Fwp%2Fv2%2Ftags&post=11011"}],"curies":[{"name":"wp","href":"https:\/\/api.w.org\/{rel}","templated":true}]}}