{"id":10981,"date":"2022-09-13T15:30:30","date_gmt":"2022-09-13T13:30:30","guid":{"rendered":"http:\/\/contactfm72.fr\/?p=10981"},"modified":"2022-09-12T11:35:20","modified_gmt":"2022-09-12T09:35:20","slug":"fete-medievale-dans-le-sud-sarthe-venez-festoyer-les-15-et-16-octobre","status":"publish","type":"post","link":"https:\/\/contactfm72.fr\/?p=10981","title":{"rendered":"F\u00eate m\u00e9di\u00e9vale dans le Sud-Sarthe : venez festoyer les 15 et 16 octobre"},"content":{"rendered":"<h2>Trois associations passionn\u00e9es du Moyen-\u00c2ge organisent une grande f\u00eate m\u00e9di\u00e9vale \u00e0 Ch\u00e2teau-du-Loir, le 15 et 16 octobre, sur l&#8217;Espace des Paumons. Au programme, un r\u00e9el retour dans le temps sur deux jours de festivit\u00e9s.<\/h2>\n<p>&nbsp;<\/p>\n<p>Oyez, oyez braves gens ! C&#8217;est un grand \u00e9v\u00e9nement qui sera organis\u00e9 le <strong>week-end du 15 et 16 octobre \u00e0 Ch\u00e2teau-du-Loir (Sarthe)<\/strong>, commune d\u00e9l\u00e9gu\u00e9e de <strong>Montval-sur-Loir<\/strong>. <strong>La Mesnie de la Licorne, Les Engeniors et Barba \u2013 Jovis<\/strong>, trois associations d\u00e9di\u00e9es au temps moyen\u00e2geux, organisent deux jours de festivit\u00e9s. Une occasion de d\u00e9couvrir ou red\u00e9couvrir pas moins de 1000 ans d&#8217;histoire.<\/p>\n<p>&nbsp;<\/p>\n<h3>Ateliers, spectacles et d\u00e9monstrations<\/h3>\n<p>C&#8217;est un r\u00e9el retour dans le temps sur deux jours que proposent les b\u00e9n\u00e9voles. Ils sont actuellement en pr\u00e9paration du <strong>ch\u00e2teau-fort<\/strong>, des \u00e9l\u00e9ments de d\u00e9cor, des costumes de l&#8217;\u00e9poque&#8230; Et ils sont press\u00e9s d&#8217;accueillir les visiteurs au sein de leur mini-village m\u00e9di\u00e9val.<\/p>\n<p>Plusieurs associations du territoire seront pr\u00e9sentes pour organiser <strong>diff\u00e9rentes activit\u00e9s autour du Moyen-\u00c2ge<\/strong> : le <strong>Pays d&#8217;Art et d&#8217;Histoire, le Centre social, les Amis de la biblioth\u00e8que, ou encore l&#8217;association Histoire locale<\/strong>. Au programme, de la d\u00e9coration de <strong>blasons<\/strong>, de la <strong>poterie<\/strong>, <strong>calligraphie<\/strong> et <strong>forge<\/strong>, atelier <strong>couture<\/strong>, des <strong>contes<\/strong>&#8230; une sculptrice fera de la <strong>taille sur pierre<\/strong>. Musique et danse d&#8217;antan seront m\u00eame de la partie.<\/p>\n<p>&nbsp;<\/p>\n<h3>\nVivre au temps du Moyen-\u00c2ge<\/h3>\n<p>La monnaie d&#8217;\u00e9change sera <strong>l&#8217;\u00e9cu<\/strong>. Pas de panique, une banque sera pr\u00e9sente sur place pour parfaire l&#8217;\u00e9change. La buvette tenue par les b\u00e9n\u00e9voles proposera uniquement des<strong> potions et \u00e9lixirs de l&#8217;\u00e9poque<\/strong>. Un <strong>crieur<\/strong> sera m\u00eame pr\u00e9sent pour annoncer les temps forts lors de l&#8217;\u00e9v\u00e8nement.<\/p>\n<blockquote><p>\u00ab Nous d\u00e9filerons en tenue durant le march\u00e9 du samedi matin. Cette f\u00eate pr\u00e9sentera des campements de si\u00e8ge, la vie de camp avec des pr\u00e9parations de repas. Un march\u00e9 avec des produits que l&#8217;on trouve exclusivement au temps du Moyen-\u00c2ge. On veut aucun anachronisme \u00bb, affirment les b\u00e9n\u00e9voles.<\/p><\/blockquote>\n<p>&nbsp;<\/p>\n<h3>Le plus grand rassemblement de France<\/h3>\n<p>Le th\u00e8me retenu de cette manifestation est la<strong> guerre de Cent Ans sur les bords du Loir en 1370 \u00e0 la suite de la bataille de Pontvallain et de la prise de Vaas par le conn\u00e9table Bertrand du Guesclin<\/strong>. Les b\u00e9n\u00e9voles ont \u00e9galement annonc\u00e9 que lors de cette f\u00eate, il sera possible d&#8217;assister au <strong>\u00ab plus grand rassemblement de France de machines de si\u00e8ge \u00bb<\/strong>. Le samedi soir, <strong>Renaud Beffeyte, m\u00e9di\u00e9viste<\/strong> mondialement connu, donnera une conf\u00e9rence aux R\u00e9collets sur l&#8217;\u00e9volution des ch\u00e2teaux-forts. Face \u00e0 l&#8217;ampleur de l&#8217;organisation et du programme propos\u00e9, les b\u00e9n\u00e9voles ont contact\u00e9 le c\u00e9l\u00e8bre <strong>youtubeur aux plus de deux millions d&#8217;abonn\u00e9s,<a href=\"https:\/\/www.youtube.com\/c\/notabenemovies\"> Nota Bene<\/a>,<\/strong> passionn\u00e9 d&#8217;Histoire. Le vid\u00e9aste fran\u00e7ais n&#8217;a pas accept\u00e9, ni d\u00e9clin\u00e9 la demande&#8230;<\/p>\n<p>Le programme complet de la manifestation sera pr\u00e9sent\u00e9 en amont de l&#8217;\u00e9v\u00e8nement.<\/p>\n<p>&nbsp;<\/p>\n<h5>F\u00eate m\u00e9di\u00e9vale, le samedi 15 octobre de 14h \u00e0 18h et le dimanche 16 octobre le 10h \u00e0 18h. Espace des Paumons, \u00e0 Ch\u00e2teau-du-Loir. Tarif unique \u00e0 partir de 12 ans \u00e0 5 \u20ac pour les deux jours.<br \/>\nPour la restauration du dimanche midi, sur r\u00e9servation sur https:\/\/osaveursdeberce.fr\/, o\u00f9 les traiteurs auront pr\u00e9par\u00e9 un menu m\u00e9di\u00e9val. Une petite restauration est pr\u00e9vue sur les deux jours.<\/h5>\n<!-- AddThis Advanced Settings generic via filter on the_content --><!-- AddThis Share Buttons generic via filter on the_content -->","protected":false},"excerpt":{"rendered":"<p>Trois associations passionn\u00e9es du Moyen-\u00c2ge organisent une grande f\u00eate m\u00e9di\u00e9vale \u00e0 Ch\u00e2teau-du-Loir, le 15 et 16 octobre, sur l&#8217;Espace des Paumons. Au programme, un r\u00e9el retour dans le temps sur deux jours de festivit\u00e9s. &nbsp; Oyez, oyez braves gens ! C&#8217;est un grand \u00e9v\u00e9nement qui sera organis\u00e9 le week-end du 15 et 16 octobre \u00e0&hellip;<!-- AddThis Advanced Settings generic via filter on get_the_excerpt --><!-- AddThis Share Buttons generic via filter on get_the_excerpt --><\/p>\n","protected":false},"author":4,"featured_media":10982,"comment_status":"closed","ping_status":"open","sticky":false,"template":"","format":"standard","meta":{"footnotes":""},"categories":[1],"tags":[],"class_list":["post-10981","post","type-post","status-publish","format-standard","has-post-thumbnail","hentry","category-contact-fm-72","category-1","description-off"],"yoast_head":"<!-- This site is optimized with the Yoast SEO plugin v27.4 - https:\/\/yoast.com\/product\/yoast-seo-wordpress\/ -->\n<title>F\u00eate m\u00e9di\u00e9vale dans le Sud-Sarthe : venez festoyer les 15 et 16 octobre - Contact FM 99.3<\/title>\n<meta name=\"robots\" content=\"index, follow, max-snippet:-1, max-image-preview:large, max-video-preview:-1\" \/>\n<link rel=\"canonical\" href=\"https:\/\/contactfm72.fr\/?p=10981\" \/>\n<meta property=\"og:locale\" content=\"fr_FR\" \/>\n<meta property=\"og:type\" content=\"article\" \/>\n<meta property=\"og:title\" content=\"F\u00eate m\u00e9di\u00e9vale dans le Sud-Sarthe : venez festoyer les 15 et 16 octobre - Contact FM 99.3\" \/>\n<meta property=\"og:description\" content=\"Trois associations passionn\u00e9es du Moyen-\u00c2ge organisent une grande f\u00eate m\u00e9di\u00e9vale \u00e0 Ch\u00e2teau-du-Loir, le 15 et 16 octobre, sur l&#8217;Espace des Paumons. Au programme, un r\u00e9el retour dans le temps sur deux jours de festivit\u00e9s. &nbsp; Oyez, oyez braves gens ! C&#8217;est un grand \u00e9v\u00e9nement qui sera organis\u00e9 le week-end du 15 et 16 octobre \u00e0&hellip;\" \/>\n<meta property=\"og:url\" content=\"https:\/\/contactfm72.fr\/?p=10981\" \/>\n<meta property=\"og:site_name\" content=\"Contact FM 99.3\" \/>\n<meta property=\"article:publisher\" content=\"https:\/\/www.facebook.com\/Contactfm.Chateauduloir\" \/>\n<meta property=\"article:published_time\" content=\"2022-09-13T13:30:30+00:00\" \/>\n<meta property=\"og:image\" content=\"https:\/\/contactfm72.fr\/wp-content\/uploads\/2022\/09\/f\u00eate-m\u00e9di\u00e9vale.jpg\" \/>\n\t<meta property=\"og:image:width\" content=\"2048\" \/>\n\t<meta property=\"og:image:height\" content=\"1536\" \/>\n\t<meta property=\"og:image:type\" content=\"image\/jpeg\" \/>\n<meta name=\"author\" content=\"Val\u00e9rie C.\" \/>\n<meta name=\"twitter:card\" content=\"summary_large_image\" \/>\n<meta name=\"twitter:creator\" content=\"@contactfm72\" \/>\n<meta name=\"twitter:site\" content=\"@contactfm72\" \/>\n<meta name=\"twitter:label1\" content=\"\u00c9crit par\" \/>\n\t<meta name=\"twitter:data1\" content=\"Val\u00e9rie C.\" \/>\n\t<meta name=\"twitter:label2\" content=\"Dur\u00e9e de lecture estim\u00e9e\" \/>\n\t<meta name=\"twitter:data2\" content=\"3 minutes\" \/>\n<script type=\"application\/ld+json\" class=\"yoast-schema-graph\">{\"@context\":\"https:\\\/\\\/schema.org\",\"@graph\":[{\"@type\":\"Article\",\"@id\":\"https:\\\/\\\/contactfm72.fr\\\/?p=10981#article\",\"isPartOf\":{\"@id\":\"https:\\\/\\\/contactfm72.fr\\\/?p=10981\"},\"author\":{\"name\":\"Val\u00e9rie C.\",\"@id\":\"https:\\\/\\\/contactfm72.fr\\\/#\\\/schema\\\/person\\\/9fdc9d1c2eb029354a4f1535b90ba82d\"},\"headline\":\"F\u00eate m\u00e9di\u00e9vale dans le Sud-Sarthe : venez festoyer les 15 et 16 octobre\",\"datePublished\":\"2022-09-13T13:30:30+00:00\",\"mainEntityOfPage\":{\"@id\":\"https:\\\/\\\/contactfm72.fr\\\/?p=10981\"},\"wordCount\":603,\"publisher\":{\"@id\":\"https:\\\/\\\/contactfm72.fr\\\/#organization\"},\"image\":{\"@id\":\"https:\\\/\\\/contactfm72.fr\\\/?p=10981#primaryimage\"},\"thumbnailUrl\":\"https:\\\/\\\/contactfm72.fr\\\/wp-content\\\/uploads\\\/2022\\\/09\\\/f\u00eate-m\u00e9di\u00e9vale.jpg\",\"articleSection\":[\"Contact FM 72\"],\"inLanguage\":\"fr-FR\"},{\"@type\":\"WebPage\",\"@id\":\"https:\\\/\\\/contactfm72.fr\\\/?p=10981\",\"url\":\"https:\\\/\\\/contactfm72.fr\\\/?p=10981\",\"name\":\"F\u00eate m\u00e9di\u00e9vale dans le Sud-Sarthe : venez festoyer les 15 et 16 octobre - Contact FM 99.3\",\"isPartOf\":{\"@id\":\"https:\\\/\\\/contactfm72.fr\\\/#website\"},\"primaryImageOfPage\":{\"@id\":\"https:\\\/\\\/contactfm72.fr\\\/?p=10981#primaryimage\"},\"image\":{\"@id\":\"https:\\\/\\\/contactfm72.fr\\\/?p=10981#primaryimage\"},\"thumbnailUrl\":\"https:\\\/\\\/contactfm72.fr\\\/wp-content\\\/uploads\\\/2022\\\/09\\\/f\u00eate-m\u00e9di\u00e9vale.jpg\",\"datePublished\":\"2022-09-13T13:30:30+00:00\",\"breadcrumb\":{\"@id\":\"https:\\\/\\\/contactfm72.fr\\\/?p=10981#breadcrumb\"},\"inLanguage\":\"fr-FR\",\"potentialAction\":[{\"@type\":\"ReadAction\",\"target\":[\"https:\\\/\\\/contactfm72.fr\\\/?p=10981\"]}]},{\"@type\":\"ImageObject\",\"inLanguage\":\"fr-FR\",\"@id\":\"https:\\\/\\\/contactfm72.fr\\\/?p=10981#primaryimage\",\"url\":\"https:\\\/\\\/contactfm72.fr\\\/wp-content\\\/uploads\\\/2022\\\/09\\\/f\u00eate-m\u00e9di\u00e9vale.jpg\",\"contentUrl\":\"https:\\\/\\\/contactfm72.fr\\\/wp-content\\\/uploads\\\/2022\\\/09\\\/f\u00eate-m\u00e9di\u00e9vale.jpg\",\"width\":2048,\"height\":1536,\"caption\":\"Les organisateurs de l'\u00e9v\u00e8nement, lors de la r\u00e9union de pr\u00e9paration des b\u00e9n\u00e9voles.\"},{\"@type\":\"BreadcrumbList\",\"@id\":\"https:\\\/\\\/contactfm72.fr\\\/?p=10981#breadcrumb\",\"itemListElement\":[{\"@type\":\"ListItem\",\"position\":1,\"name\":\"Accueil\",\"item\":\"https:\\\/\\\/contactfm72.fr\\\/\"},{\"@type\":\"ListItem\",\"position\":2,\"name\":\"F\u00eate m\u00e9di\u00e9vale dans le Sud-Sarthe : venez festoyer les 15 et 16 octobre\"}]},{\"@type\":\"WebSite\",\"@id\":\"https:\\\/\\\/contactfm72.fr\\\/#website\",\"url\":\"https:\\\/\\\/contactfm72.fr\\\/\",\"name\":\"Contact FM 99.3\",\"description\":\"Votre radio en vall\u00e9e du Loir\",\"publisher\":{\"@id\":\"https:\\\/\\\/contactfm72.fr\\\/#organization\"},\"potentialAction\":[{\"@type\":\"SearchAction\",\"target\":{\"@type\":\"EntryPoint\",\"urlTemplate\":\"https:\\\/\\\/contactfm72.fr\\\/?s={search_term_string}\"},\"query-input\":{\"@type\":\"PropertyValueSpecification\",\"valueRequired\":true,\"valueName\":\"search_term_string\"}}],\"inLanguage\":\"fr-FR\"},{\"@type\":\"Organization\",\"@id\":\"https:\\\/\\\/contactfm72.fr\\\/#organization\",\"name\":\"Contact FM 99.3\",\"url\":\"https:\\\/\\\/contactfm72.fr\\\/\",\"logo\":{\"@type\":\"ImageObject\",\"inLanguage\":\"fr-FR\",\"@id\":\"https:\\\/\\\/contactfm72.fr\\\/#\\\/schema\\\/logo\\\/image\\\/\",\"url\":\"https:\\\/\\\/contactfm72.fr\\\/wp-content\\\/uploads\\\/2025\\\/04\\\/2025-04-18-2.jpg\",\"contentUrl\":\"https:\\\/\\\/contactfm72.fr\\\/wp-content\\\/uploads\\\/2025\\\/04\\\/2025-04-18-2.jpg\",\"width\":680,\"height\":307,\"caption\":\"Contact FM 99.3\"},\"image\":{\"@id\":\"https:\\\/\\\/contactfm72.fr\\\/#\\\/schema\\\/logo\\\/image\\\/\"},\"sameAs\":[\"https:\\\/\\\/www.facebook.com\\\/Contactfm.Chateauduloir\",\"https:\\\/\\\/x.com\\\/contactfm72\",\"https:\\\/\\\/www.instagram.com\\\/contact.fm.72?igsh=cGhlMHQ5N2JlNnpp\",\"https:\\\/\\\/www.tiktok.com\\\/@contact.fm\"]},{\"@type\":\"Person\",\"@id\":\"https:\\\/\\\/contactfm72.fr\\\/#\\\/schema\\\/person\\\/9fdc9d1c2eb029354a4f1535b90ba82d\",\"name\":\"Val\u00e9rie C.\",\"image\":{\"@type\":\"ImageObject\",\"inLanguage\":\"fr-FR\",\"@id\":\"https:\\\/\\\/secure.gravatar.com\\\/avatar\\\/2f8aa28f8dfbd7d4420afd1fdcdd0a349923e2c8a38ab28198b0f9d0601e4737?s=96&d=mm&r=g\",\"url\":\"https:\\\/\\\/secure.gravatar.com\\\/avatar\\\/2f8aa28f8dfbd7d4420afd1fdcdd0a349923e2c8a38ab28198b0f9d0601e4737?s=96&d=mm&r=g\",\"contentUrl\":\"https:\\\/\\\/secure.gravatar.com\\\/avatar\\\/2f8aa28f8dfbd7d4420afd1fdcdd0a349923e2c8a38ab28198b0f9d0601e4737?s=96&d=mm&r=g\",\"caption\":\"Val\u00e9rie C.\"},\"url\":\"https:\\\/\\\/contactfm72.fr\\\/?author=4\"}]}<\/script>\n<!-- \/ Yoast SEO plugin. -->","yoast_head_json":{"title":"F\u00eate m\u00e9di\u00e9vale dans le Sud-Sarthe : venez festoyer les 15 et 16 octobre - Contact FM 99.3","robots":{"index":"index","follow":"follow","max-snippet":"max-snippet:-1","max-image-preview":"max-image-preview:large","max-video-preview":"max-video-preview:-1"},"canonical":"https:\/\/contactfm72.fr\/?p=10981","og_locale":"fr_FR","og_type":"article","og_title":"F\u00eate m\u00e9di\u00e9vale dans le Sud-Sarthe : venez festoyer les 15 et 16 octobre - Contact FM 99.3","og_description":"Trois associations passionn\u00e9es du Moyen-\u00c2ge organisent une grande f\u00eate m\u00e9di\u00e9vale \u00e0 Ch\u00e2teau-du-Loir, le 15 et 16 octobre, sur l&#8217;Espace des Paumons. Au programme, un r\u00e9el retour dans le temps sur deux jours de festivit\u00e9s. &nbsp; Oyez, oyez braves gens ! C&#8217;est un grand \u00e9v\u00e9nement qui sera organis\u00e9 le week-end du 15 et 16 octobre \u00e0&hellip;","og_url":"https:\/\/contactfm72.fr\/?p=10981","og_site_name":"Contact FM 99.3","article_publisher":"https:\/\/www.facebook.com\/Contactfm.Chateauduloir","article_published_time":"2022-09-13T13:30:30+00:00","og_image":[{"width":2048,"height":1536,"url":"https:\/\/contactfm72.fr\/wp-content\/uploads\/2022\/09\/f\u00eate-m\u00e9di\u00e9vale.jpg","type":"image\/jpeg"}],"author":"Val\u00e9rie C.","twitter_card":"summary_large_image","twitter_creator":"@contactfm72","twitter_site":"@contactfm72","twitter_misc":{"\u00c9crit par":"Val\u00e9rie C.","Dur\u00e9e de lecture estim\u00e9e":"3 minutes"},"schema":{"@context":"https:\/\/schema.org","@graph":[{"@type":"Article","@id":"https:\/\/contactfm72.fr\/?p=10981#article","isPartOf":{"@id":"https:\/\/contactfm72.fr\/?p=10981"},"author":{"name":"Val\u00e9rie C.","@id":"https:\/\/contactfm72.fr\/#\/schema\/person\/9fdc9d1c2eb029354a4f1535b90ba82d"},"headline":"F\u00eate m\u00e9di\u00e9vale dans le Sud-Sarthe : venez festoyer les 15 et 16 octobre","datePublished":"2022-09-13T13:30:30+00:00","mainEntityOfPage":{"@id":"https:\/\/contactfm72.fr\/?p=10981"},"wordCount":603,"publisher":{"@id":"https:\/\/contactfm72.fr\/#organization"},"image":{"@id":"https:\/\/contactfm72.fr\/?p=10981#primaryimage"},"thumbnailUrl":"https:\/\/contactfm72.fr\/wp-content\/uploads\/2022\/09\/f\u00eate-m\u00e9di\u00e9vale.jpg","articleSection":["Contact FM 72"],"inLanguage":"fr-FR"},{"@type":"WebPage","@id":"https:\/\/contactfm72.fr\/?p=10981","url":"https:\/\/contactfm72.fr\/?p=10981","name":"F\u00eate m\u00e9di\u00e9vale dans le Sud-Sarthe : venez festoyer les 15 et 16 octobre - Contact FM 99.3","isPartOf":{"@id":"https:\/\/contactfm72.fr\/#website"},"primaryImageOfPage":{"@id":"https:\/\/contactfm72.fr\/?p=10981#primaryimage"},"image":{"@id":"https:\/\/contactfm72.fr\/?p=10981#primaryimage"},"thumbnailUrl":"https:\/\/contactfm72.fr\/wp-content\/uploads\/2022\/09\/f\u00eate-m\u00e9di\u00e9vale.jpg","datePublished":"2022-09-13T13:30:30+00:00","breadcrumb":{"@id":"https:\/\/contactfm72.fr\/?p=10981#breadcrumb"},"inLanguage":"fr-FR","potentialAction":[{"@type":"ReadAction","target":["https:\/\/contactfm72.fr\/?p=10981"]}]},{"@type":"ImageObject","inLanguage":"fr-FR","@id":"https:\/\/contactfm72.fr\/?p=10981#primaryimage","url":"https:\/\/contactfm72.fr\/wp-content\/uploads\/2022\/09\/f\u00eate-m\u00e9di\u00e9vale.jpg","contentUrl":"https:\/\/contactfm72.fr\/wp-content\/uploads\/2022\/09\/f\u00eate-m\u00e9di\u00e9vale.jpg","width":2048,"height":1536,"caption":"Les organisateurs de l'\u00e9v\u00e8nement, lors de la r\u00e9union de pr\u00e9paration des b\u00e9n\u00e9voles."},{"@type":"BreadcrumbList","@id":"https:\/\/contactfm72.fr\/?p=10981#breadcrumb","itemListElement":[{"@type":"ListItem","position":1,"name":"Accueil","item":"https:\/\/contactfm72.fr\/"},{"@type":"ListItem","position":2,"name":"F\u00eate m\u00e9di\u00e9vale dans le Sud-Sarthe : venez festoyer les 15 et 16 octobre"}]},{"@type":"WebSite","@id":"https:\/\/contactfm72.fr\/#website","url":"https:\/\/contactfm72.fr\/","name":"Contact FM 99.3","description":"Votre radio en vall\u00e9e du Loir","publisher":{"@id":"https:\/\/contactfm72.fr\/#organization"},"potentialAction":[{"@type":"SearchAction","target":{"@type":"EntryPoint","urlTemplate":"https:\/\/contactfm72.fr\/?s={search_term_string}"},"query-input":{"@type":"PropertyValueSpecification","valueRequired":true,"valueName":"search_term_string"}}],"inLanguage":"fr-FR"},{"@type":"Organization","@id":"https:\/\/contactfm72.fr\/#organization","name":"Contact FM 99.3","url":"https:\/\/contactfm72.fr\/","logo":{"@type":"ImageObject","inLanguage":"fr-FR","@id":"https:\/\/contactfm72.fr\/#\/schema\/logo\/image\/","url":"https:\/\/contactfm72.fr\/wp-content\/uploads\/2025\/04\/2025-04-18-2.jpg","contentUrl":"https:\/\/contactfm72.fr\/wp-content\/uploads\/2025\/04\/2025-04-18-2.jpg","width":680,"height":307,"caption":"Contact FM 99.3"},"image":{"@id":"https:\/\/contactfm72.fr\/#\/schema\/logo\/image\/"},"sameAs":["https:\/\/www.facebook.com\/Contactfm.Chateauduloir","https:\/\/x.com\/contactfm72","https:\/\/www.instagram.com\/contact.fm.72?igsh=cGhlMHQ5N2JlNnpp","https:\/\/www.tiktok.com\/@contact.fm"]},{"@type":"Person","@id":"https:\/\/contactfm72.fr\/#\/schema\/person\/9fdc9d1c2eb029354a4f1535b90ba82d","name":"Val\u00e9rie C.","image":{"@type":"ImageObject","inLanguage":"fr-FR","@id":"https:\/\/secure.gravatar.com\/avatar\/2f8aa28f8dfbd7d4420afd1fdcdd0a349923e2c8a38ab28198b0f9d0601e4737?s=96&d=mm&r=g","url":"https:\/\/secure.gravatar.com\/avatar\/2f8aa28f8dfbd7d4420afd1fdcdd0a349923e2c8a38ab28198b0f9d0601e4737?s=96&d=mm&r=g","contentUrl":"https:\/\/secure.gravatar.com\/avatar\/2f8aa28f8dfbd7d4420afd1fdcdd0a349923e2c8a38ab28198b0f9d0601e4737?s=96&d=mm&r=g","caption":"Val\u00e9rie C."},"url":"https:\/\/contactfm72.fr\/?author=4"}]}},"_links":{"self":[{"href":"https:\/\/contactfm72.fr\/index.php?rest_route=\/wp\/v2\/posts\/10981","targetHints":{"allow":["GET"]}}],"collection":[{"href":"https:\/\/contactfm72.fr\/index.php?rest_route=\/wp\/v2\/posts"}],"about":[{"href":"https:\/\/contactfm72.fr\/index.php?rest_route=\/wp\/v2\/types\/post"}],"author":[{"embeddable":true,"href":"https:\/\/contactfm72.fr\/index.php?rest_route=\/wp\/v2\/users\/4"}],"replies":[{"embeddable":true,"href":"https:\/\/contactfm72.fr\/index.php?rest_route=%2Fwp%2Fv2%2Fcomments&post=10981"}],"version-history":[{"count":1,"href":"https:\/\/contactfm72.fr\/index.php?rest_route=\/wp\/v2\/posts\/10981\/revisions"}],"predecessor-version":[{"id":10983,"href":"https:\/\/contactfm72.fr\/index.php?rest_route=\/wp\/v2\/posts\/10981\/revisions\/10983"}],"wp:featuredmedia":[{"embeddable":true,"href":"https:\/\/contactfm72.fr\/index.php?rest_route=\/wp\/v2\/media\/10982"}],"wp:attachment":[{"href":"https:\/\/contactfm72.fr\/index.php?rest_route=%2Fwp%2Fv2%2Fmedia&parent=10981"}],"wp:term":[{"taxonomy":"category","embeddable":true,"href":"https:\/\/contactfm72.fr\/index.php?rest_route=%2Fwp%2Fv2%2Fcategories&post=10981"},{"taxonomy":"post_tag","embeddable":true,"href":"https:\/\/contactfm72.fr\/index.php?rest_route=%2Fwp%2Fv2%2Ftags&post=10981"}],"curies":[{"name":"wp","href":"https:\/\/api.w.org\/{rel}","templated":true}]}}