{"id":10936,"date":"2022-09-16T15:30:08","date_gmt":"2022-09-16T13:30:08","guid":{"rendered":"http:\/\/contactfm72.fr\/?p=10936"},"modified":"2022-09-12T14:58:32","modified_gmt":"2022-09-12T12:58:32","slug":"sarthe-projet-habitat-inclusif-a-flee-les-travaux-vont-debuter","status":"publish","type":"post","link":"https:\/\/contactfm72.fr\/?p=10936","title":{"rendered":"Sarthe. Projet habitat inclusif \u00e0 Fl\u00e9e : les travaux vont d\u00e9buter"},"content":{"rendered":"<h2>Ferm\u00e9 depuis 2017, le caf\u00e9-restaurant le Relais de la For\u00eat \u00e0 Fl\u00e9e (Sarthe) va devenir un lieu d\u2019habitat inclusif. Les travaux commenceront d\u00e8s la fin de l\u2019ann\u00e9e pour une ouverture des lieux fin 2023.<\/h2>\n<p>&nbsp;<\/p>\n<p>&nbsp;<\/p>\n<p>Le projet de <strong>r\u00e9habilitation du Relais de la For\u00eat \u00e0 Fl\u00e9e<\/strong> a \u00e9t\u00e9 accept\u00e9 par le <strong>D\u00e9partement<\/strong>. Comme annonc\u00e9 et discut\u00e9 avec les Fl\u00e9ens et Fl\u00e9ennes lors d\u2019une r\u00e9union publique plus t\u00f4t dans l\u2019ann\u00e9e, l\u2019ancien restaurant communal va devenir un lieu d\u2019<strong>habitat inclusif<\/strong>. \u00ab\u00a0Les citoyens ont tr\u00e8s bien r\u00e9agi \u00e0 cette annonce\u00a0\u00bb, introduit l\u2019<strong>adjoint Aur\u00e9lien H\u00e9risson<\/strong>.<\/p>\n<p>&nbsp;<\/p>\n<h3><strong>Un vrai projet de vie sociale<\/strong><\/h3>\n<p>Le restaurant embl\u00e9matique de Fl\u00e9e devient donc un lieu d\u2019habitat inclusif\u00a0; un espace de vie o\u00f9 ses locataires <strong>vivent ensemble et partagent un projet de vie sociale commun<\/strong>.<\/p>\n<blockquote><p>\u00ab\u00a0La pi\u00e8ce de s\u00e9jour pourrait \u00eatre une salle o\u00f9 les locataires partagent leur d\u00e9jeuner. On pourrait m\u00eame imaginer une buanderie commune\u00a0\u00bb, pr\u00e9cise l\u2019adjoint. Avec 600m\u00b2 d\u2019espace ext\u00e9rieur disponible, l\u2019adjoint imagine \u00e9galement \u00ab\u00a0une grande jardini\u00e8re partag\u00e9e, et m\u00eame un terrain de p\u00e9tanque\u00a0\u00bb.<\/p><\/blockquote>\n<p>Les possibilit\u00e9s sont infinies et ces espaces libres seront \u00e0 d\u00e9finir avec les futurs locataires de cet habitat inclusif.<\/p>\n<p>Ce projet repr\u00e9sente une vraie<strong> \u00ab\u00a0cr\u00e9ation en milieu rural\u00a0\u00bb<\/strong> pour un village dortoir tel que Fl\u00e9e. Par le biais de ce projet, la municipalit\u00e9 esp\u00e8re \u00ab\u00a0<strong>redonner vie \u00e0 son centre-bourg<\/strong>\u00a0\u00bb.<\/p>\n<p>&nbsp;<\/p>\n<h3><strong>Cinq logements dont trois PMR<\/strong><\/h3>\n<p>Les travaux commenceront d\u00e8s la fin de l\u2019ann\u00e9e, et Aur\u00e9lien H\u00e9risson annonce d\u00e9j\u00e0 que \u00ab\u00a0cinq logements seront disponibles, dont trois PMR au rez-de-chauss\u00e9e, et deux studios au premier \u00e9tage. Les logements auront des entr\u00e9es communes mais aussi individuelles\u00a0\u00bb. Tous les logements seront de <strong>type T1<\/strong>, \u00e9quip\u00e9s d\u2019une<strong> kitchenette et d\u2019une salle de bains<\/strong>.<\/p>\n<p>Les logements sont r\u00e9serv\u00e9s uniquement aux personnes <strong>en situation de handicap et\/ou plus de 65 ans<\/strong>. Ces futurs locataires pourront ainsi b\u00e9n\u00e9ficier d\u2019une aide \u00e0 l\u2019inclusion sociale et \u00e0 l\u2019autonomie.<\/p>\n<p>L\u2019adjoint annonce rechercher d\u00e8s maintenant des locataires pour \u00e9quiper les logements selon leurs besoins :<\/p>\n<blockquote><p>\u00ab\u00a0Si nous accueillons une personne en situation de handicap, il lui faudra un am\u00e9nagement n\u00e9cessaire. C\u2019est pour cela que j\u2019invite toutes personnes int\u00e9ress\u00e9es \u00e0 nous contacter rapidement\u00a0\u00bb.<\/p><\/blockquote>\n<p>&nbsp;<\/p>\n<h3><strong>Un salari\u00e9 sur les lieux<\/strong><\/h3>\n<p>Le D\u00e9partement <strong>financera la pr\u00e9sence d\u2019un salari\u00e9 sur les lieux<\/strong>. \u00ab\u00a0La fiche de poste reste \u00e0 d\u00e9finir\u00a0\u00bb, ajoute l\u2019adjoint, mais ce salari\u00e9 aura pour mission d\u2019animer, coordonner et soutenir le collectif.<\/p>\n<blockquote><p>\u00a0\u00ab\u00a0L\u2019ADAPEI est tr\u00e8s int\u00e9ress\u00e9 pour y loger ses salari\u00e9s. Ces logements sont ouverts aux personnes handicap\u00e9es et\/ou plus de 65 ans. Si nous sommes submerg\u00e9s par les demandes, nous privil\u00e9gierons les habitants de Fl\u00e9e\u00a0\u00bb, con\u00e7oit l\u2019\u00e9lu.<\/p><\/blockquote>\n<p>La municipalit\u00e9 esp\u00e8re une fin des travaux au<strong> terme de l\u2019ann\u00e9e 2023<\/strong>, mais \u00ab\u00a0tout d\u00e9pendra de la livraison des mat\u00e9riaux\u00a0\u00bb, termine l\u2019adjoint.<\/p>\n<p>&nbsp;<\/p>\n<h5>Pour plus d\u2019informations\u00a0: contacter la mairie de Fl\u00e9e au 02 43 44 10 01.<\/h5>\n<!-- AddThis Advanced Settings generic via filter on the_content --><!-- AddThis Share Buttons generic via filter on the_content -->","protected":false},"excerpt":{"rendered":"<p>Ferm\u00e9 depuis 2017, le caf\u00e9-restaurant le Relais de la For\u00eat \u00e0 Fl\u00e9e (Sarthe) va devenir un lieu d\u2019habitat inclusif. Les travaux commenceront d\u00e8s la fin de l\u2019ann\u00e9e pour une ouverture des lieux fin 2023. &nbsp; &nbsp; Le projet de r\u00e9habilitation du Relais de la For\u00eat \u00e0 Fl\u00e9e a \u00e9t\u00e9 accept\u00e9 par le D\u00e9partement. Comme annonc\u00e9&hellip;<!-- AddThis Advanced Settings generic via filter on get_the_excerpt --><!-- AddThis Share Buttons generic via filter on get_the_excerpt --><\/p>\n","protected":false},"author":4,"featured_media":10937,"comment_status":"closed","ping_status":"open","sticky":false,"template":"","format":"standard","meta":{"footnotes":""},"categories":[1],"tags":[],"class_list":["post-10936","post","type-post","status-publish","format-standard","has-post-thumbnail","hentry","category-contact-fm-72","category-1","description-off"],"yoast_head":"<!-- This site is optimized with the Yoast SEO plugin v27.4 - https:\/\/yoast.com\/product\/yoast-seo-wordpress\/ -->\n<title>Sarthe. Projet habitat inclusif \u00e0 Fl\u00e9e : les travaux vont d\u00e9buter - Contact FM 99.3<\/title>\n<meta name=\"robots\" content=\"index, follow, max-snippet:-1, max-image-preview:large, max-video-preview:-1\" \/>\n<link rel=\"canonical\" href=\"https:\/\/contactfm72.fr\/?p=10936\" \/>\n<meta property=\"og:locale\" content=\"fr_FR\" \/>\n<meta property=\"og:type\" content=\"article\" \/>\n<meta property=\"og:title\" content=\"Sarthe. Projet habitat inclusif \u00e0 Fl\u00e9e : les travaux vont d\u00e9buter - Contact FM 99.3\" \/>\n<meta property=\"og:description\" content=\"Ferm\u00e9 depuis 2017, le caf\u00e9-restaurant le Relais de la For\u00eat \u00e0 Fl\u00e9e (Sarthe) va devenir un lieu d\u2019habitat inclusif. Les travaux commenceront d\u00e8s la fin de l\u2019ann\u00e9e pour une ouverture des lieux fin 2023. &nbsp; &nbsp; Le projet de r\u00e9habilitation du Relais de la For\u00eat \u00e0 Fl\u00e9e a \u00e9t\u00e9 accept\u00e9 par le D\u00e9partement. Comme annonc\u00e9&hellip;\" \/>\n<meta property=\"og:url\" content=\"https:\/\/contactfm72.fr\/?p=10936\" \/>\n<meta property=\"og:site_name\" content=\"Contact FM 99.3\" \/>\n<meta property=\"article:publisher\" content=\"https:\/\/www.facebook.com\/Contactfm.Chateauduloir\" \/>\n<meta property=\"article:published_time\" content=\"2022-09-16T13:30:08+00:00\" \/>\n<meta property=\"og:image\" content=\"https:\/\/contactfm72.fr\/wp-content\/uploads\/2022\/09\/fl\u00e9e-relais.jpg\" \/>\n\t<meta property=\"og:image:width\" content=\"2048\" \/>\n\t<meta property=\"og:image:height\" content=\"1536\" \/>\n\t<meta property=\"og:image:type\" content=\"image\/jpeg\" \/>\n<meta name=\"author\" content=\"Val\u00e9rie C.\" \/>\n<meta name=\"twitter:card\" content=\"summary_large_image\" \/>\n<meta name=\"twitter:creator\" content=\"@contactfm72\" \/>\n<meta name=\"twitter:site\" content=\"@contactfm72\" \/>\n<meta name=\"twitter:label1\" content=\"\u00c9crit par\" \/>\n\t<meta name=\"twitter:data1\" content=\"Val\u00e9rie C.\" \/>\n\t<meta name=\"twitter:label2\" content=\"Dur\u00e9e de lecture estim\u00e9e\" \/>\n\t<meta name=\"twitter:data2\" content=\"3 minutes\" \/>\n<script type=\"application\/ld+json\" class=\"yoast-schema-graph\">{\"@context\":\"https:\\\/\\\/schema.org\",\"@graph\":[{\"@type\":\"Article\",\"@id\":\"https:\\\/\\\/contactfm72.fr\\\/?p=10936#article\",\"isPartOf\":{\"@id\":\"https:\\\/\\\/contactfm72.fr\\\/?p=10936\"},\"author\":{\"name\":\"Val\u00e9rie C.\",\"@id\":\"https:\\\/\\\/contactfm72.fr\\\/#\\\/schema\\\/person\\\/9fdc9d1c2eb029354a4f1535b90ba82d\"},\"headline\":\"Sarthe. Projet habitat inclusif \u00e0 Fl\u00e9e : les travaux vont d\u00e9buter\",\"datePublished\":\"2022-09-16T13:30:08+00:00\",\"mainEntityOfPage\":{\"@id\":\"https:\\\/\\\/contactfm72.fr\\\/?p=10936\"},\"wordCount\":548,\"publisher\":{\"@id\":\"https:\\\/\\\/contactfm72.fr\\\/#organization\"},\"image\":{\"@id\":\"https:\\\/\\\/contactfm72.fr\\\/?p=10936#primaryimage\"},\"thumbnailUrl\":\"https:\\\/\\\/contactfm72.fr\\\/wp-content\\\/uploads\\\/2022\\\/09\\\/fl\u00e9e-relais.jpg\",\"articleSection\":[\"Contact FM 72\"],\"inLanguage\":\"fr-FR\"},{\"@type\":\"WebPage\",\"@id\":\"https:\\\/\\\/contactfm72.fr\\\/?p=10936\",\"url\":\"https:\\\/\\\/contactfm72.fr\\\/?p=10936\",\"name\":\"Sarthe. Projet habitat inclusif \u00e0 Fl\u00e9e : les travaux vont d\u00e9buter - Contact FM 99.3\",\"isPartOf\":{\"@id\":\"https:\\\/\\\/contactfm72.fr\\\/#website\"},\"primaryImageOfPage\":{\"@id\":\"https:\\\/\\\/contactfm72.fr\\\/?p=10936#primaryimage\"},\"image\":{\"@id\":\"https:\\\/\\\/contactfm72.fr\\\/?p=10936#primaryimage\"},\"thumbnailUrl\":\"https:\\\/\\\/contactfm72.fr\\\/wp-content\\\/uploads\\\/2022\\\/09\\\/fl\u00e9e-relais.jpg\",\"datePublished\":\"2022-09-16T13:30:08+00:00\",\"breadcrumb\":{\"@id\":\"https:\\\/\\\/contactfm72.fr\\\/?p=10936#breadcrumb\"},\"inLanguage\":\"fr-FR\",\"potentialAction\":[{\"@type\":\"ReadAction\",\"target\":[\"https:\\\/\\\/contactfm72.fr\\\/?p=10936\"]}]},{\"@type\":\"ImageObject\",\"inLanguage\":\"fr-FR\",\"@id\":\"https:\\\/\\\/contactfm72.fr\\\/?p=10936#primaryimage\",\"url\":\"https:\\\/\\\/contactfm72.fr\\\/wp-content\\\/uploads\\\/2022\\\/09\\\/fl\u00e9e-relais.jpg\",\"contentUrl\":\"https:\\\/\\\/contactfm72.fr\\\/wp-content\\\/uploads\\\/2022\\\/09\\\/fl\u00e9e-relais.jpg\",\"width\":2048,\"height\":1536,\"caption\":\"L'ancien restaurant de Fl\u00e9e deviendra un lieu d'habitat inclusif.\"},{\"@type\":\"BreadcrumbList\",\"@id\":\"https:\\\/\\\/contactfm72.fr\\\/?p=10936#breadcrumb\",\"itemListElement\":[{\"@type\":\"ListItem\",\"position\":1,\"name\":\"Accueil\",\"item\":\"https:\\\/\\\/contactfm72.fr\\\/\"},{\"@type\":\"ListItem\",\"position\":2,\"name\":\"Sarthe. Projet habitat inclusif \u00e0 Fl\u00e9e : les travaux vont d\u00e9buter\"}]},{\"@type\":\"WebSite\",\"@id\":\"https:\\\/\\\/contactfm72.fr\\\/#website\",\"url\":\"https:\\\/\\\/contactfm72.fr\\\/\",\"name\":\"Contact FM 99.3\",\"description\":\"Votre radio en vall\u00e9e du Loir\",\"publisher\":{\"@id\":\"https:\\\/\\\/contactfm72.fr\\\/#organization\"},\"potentialAction\":[{\"@type\":\"SearchAction\",\"target\":{\"@type\":\"EntryPoint\",\"urlTemplate\":\"https:\\\/\\\/contactfm72.fr\\\/?s={search_term_string}\"},\"query-input\":{\"@type\":\"PropertyValueSpecification\",\"valueRequired\":true,\"valueName\":\"search_term_string\"}}],\"inLanguage\":\"fr-FR\"},{\"@type\":\"Organization\",\"@id\":\"https:\\\/\\\/contactfm72.fr\\\/#organization\",\"name\":\"Contact FM 99.3\",\"url\":\"https:\\\/\\\/contactfm72.fr\\\/\",\"logo\":{\"@type\":\"ImageObject\",\"inLanguage\":\"fr-FR\",\"@id\":\"https:\\\/\\\/contactfm72.fr\\\/#\\\/schema\\\/logo\\\/image\\\/\",\"url\":\"https:\\\/\\\/contactfm72.fr\\\/wp-content\\\/uploads\\\/2025\\\/04\\\/2025-04-18-2.jpg\",\"contentUrl\":\"https:\\\/\\\/contactfm72.fr\\\/wp-content\\\/uploads\\\/2025\\\/04\\\/2025-04-18-2.jpg\",\"width\":680,\"height\":307,\"caption\":\"Contact FM 99.3\"},\"image\":{\"@id\":\"https:\\\/\\\/contactfm72.fr\\\/#\\\/schema\\\/logo\\\/image\\\/\"},\"sameAs\":[\"https:\\\/\\\/www.facebook.com\\\/Contactfm.Chateauduloir\",\"https:\\\/\\\/x.com\\\/contactfm72\",\"https:\\\/\\\/www.instagram.com\\\/contact.fm.72?igsh=cGhlMHQ5N2JlNnpp\",\"https:\\\/\\\/www.tiktok.com\\\/@contact.fm\"]},{\"@type\":\"Person\",\"@id\":\"https:\\\/\\\/contactfm72.fr\\\/#\\\/schema\\\/person\\\/9fdc9d1c2eb029354a4f1535b90ba82d\",\"name\":\"Val\u00e9rie C.\",\"image\":{\"@type\":\"ImageObject\",\"inLanguage\":\"fr-FR\",\"@id\":\"https:\\\/\\\/secure.gravatar.com\\\/avatar\\\/2f8aa28f8dfbd7d4420afd1fdcdd0a349923e2c8a38ab28198b0f9d0601e4737?s=96&d=mm&r=g\",\"url\":\"https:\\\/\\\/secure.gravatar.com\\\/avatar\\\/2f8aa28f8dfbd7d4420afd1fdcdd0a349923e2c8a38ab28198b0f9d0601e4737?s=96&d=mm&r=g\",\"contentUrl\":\"https:\\\/\\\/secure.gravatar.com\\\/avatar\\\/2f8aa28f8dfbd7d4420afd1fdcdd0a349923e2c8a38ab28198b0f9d0601e4737?s=96&d=mm&r=g\",\"caption\":\"Val\u00e9rie C.\"},\"url\":\"https:\\\/\\\/contactfm72.fr\\\/?author=4\"}]}<\/script>\n<!-- \/ Yoast SEO plugin. -->","yoast_head_json":{"title":"Sarthe. Projet habitat inclusif \u00e0 Fl\u00e9e : les travaux vont d\u00e9buter - Contact FM 99.3","robots":{"index":"index","follow":"follow","max-snippet":"max-snippet:-1","max-image-preview":"max-image-preview:large","max-video-preview":"max-video-preview:-1"},"canonical":"https:\/\/contactfm72.fr\/?p=10936","og_locale":"fr_FR","og_type":"article","og_title":"Sarthe. Projet habitat inclusif \u00e0 Fl\u00e9e : les travaux vont d\u00e9buter - Contact FM 99.3","og_description":"Ferm\u00e9 depuis 2017, le caf\u00e9-restaurant le Relais de la For\u00eat \u00e0 Fl\u00e9e (Sarthe) va devenir un lieu d\u2019habitat inclusif. Les travaux commenceront d\u00e8s la fin de l\u2019ann\u00e9e pour une ouverture des lieux fin 2023. &nbsp; &nbsp; Le projet de r\u00e9habilitation du Relais de la For\u00eat \u00e0 Fl\u00e9e a \u00e9t\u00e9 accept\u00e9 par le D\u00e9partement. Comme annonc\u00e9&hellip;","og_url":"https:\/\/contactfm72.fr\/?p=10936","og_site_name":"Contact FM 99.3","article_publisher":"https:\/\/www.facebook.com\/Contactfm.Chateauduloir","article_published_time":"2022-09-16T13:30:08+00:00","og_image":[{"width":2048,"height":1536,"url":"https:\/\/contactfm72.fr\/wp-content\/uploads\/2022\/09\/fl\u00e9e-relais.jpg","type":"image\/jpeg"}],"author":"Val\u00e9rie C.","twitter_card":"summary_large_image","twitter_creator":"@contactfm72","twitter_site":"@contactfm72","twitter_misc":{"\u00c9crit par":"Val\u00e9rie C.","Dur\u00e9e de lecture estim\u00e9e":"3 minutes"},"schema":{"@context":"https:\/\/schema.org","@graph":[{"@type":"Article","@id":"https:\/\/contactfm72.fr\/?p=10936#article","isPartOf":{"@id":"https:\/\/contactfm72.fr\/?p=10936"},"author":{"name":"Val\u00e9rie C.","@id":"https:\/\/contactfm72.fr\/#\/schema\/person\/9fdc9d1c2eb029354a4f1535b90ba82d"},"headline":"Sarthe. Projet habitat inclusif \u00e0 Fl\u00e9e : les travaux vont d\u00e9buter","datePublished":"2022-09-16T13:30:08+00:00","mainEntityOfPage":{"@id":"https:\/\/contactfm72.fr\/?p=10936"},"wordCount":548,"publisher":{"@id":"https:\/\/contactfm72.fr\/#organization"},"image":{"@id":"https:\/\/contactfm72.fr\/?p=10936#primaryimage"},"thumbnailUrl":"https:\/\/contactfm72.fr\/wp-content\/uploads\/2022\/09\/fl\u00e9e-relais.jpg","articleSection":["Contact FM 72"],"inLanguage":"fr-FR"},{"@type":"WebPage","@id":"https:\/\/contactfm72.fr\/?p=10936","url":"https:\/\/contactfm72.fr\/?p=10936","name":"Sarthe. Projet habitat inclusif \u00e0 Fl\u00e9e : les travaux vont d\u00e9buter - Contact FM 99.3","isPartOf":{"@id":"https:\/\/contactfm72.fr\/#website"},"primaryImageOfPage":{"@id":"https:\/\/contactfm72.fr\/?p=10936#primaryimage"},"image":{"@id":"https:\/\/contactfm72.fr\/?p=10936#primaryimage"},"thumbnailUrl":"https:\/\/contactfm72.fr\/wp-content\/uploads\/2022\/09\/fl\u00e9e-relais.jpg","datePublished":"2022-09-16T13:30:08+00:00","breadcrumb":{"@id":"https:\/\/contactfm72.fr\/?p=10936#breadcrumb"},"inLanguage":"fr-FR","potentialAction":[{"@type":"ReadAction","target":["https:\/\/contactfm72.fr\/?p=10936"]}]},{"@type":"ImageObject","inLanguage":"fr-FR","@id":"https:\/\/contactfm72.fr\/?p=10936#primaryimage","url":"https:\/\/contactfm72.fr\/wp-content\/uploads\/2022\/09\/fl\u00e9e-relais.jpg","contentUrl":"https:\/\/contactfm72.fr\/wp-content\/uploads\/2022\/09\/fl\u00e9e-relais.jpg","width":2048,"height":1536,"caption":"L'ancien restaurant de Fl\u00e9e deviendra un lieu d'habitat inclusif."},{"@type":"BreadcrumbList","@id":"https:\/\/contactfm72.fr\/?p=10936#breadcrumb","itemListElement":[{"@type":"ListItem","position":1,"name":"Accueil","item":"https:\/\/contactfm72.fr\/"},{"@type":"ListItem","position":2,"name":"Sarthe. Projet habitat inclusif \u00e0 Fl\u00e9e : les travaux vont d\u00e9buter"}]},{"@type":"WebSite","@id":"https:\/\/contactfm72.fr\/#website","url":"https:\/\/contactfm72.fr\/","name":"Contact FM 99.3","description":"Votre radio en vall\u00e9e du Loir","publisher":{"@id":"https:\/\/contactfm72.fr\/#organization"},"potentialAction":[{"@type":"SearchAction","target":{"@type":"EntryPoint","urlTemplate":"https:\/\/contactfm72.fr\/?s={search_term_string}"},"query-input":{"@type":"PropertyValueSpecification","valueRequired":true,"valueName":"search_term_string"}}],"inLanguage":"fr-FR"},{"@type":"Organization","@id":"https:\/\/contactfm72.fr\/#organization","name":"Contact FM 99.3","url":"https:\/\/contactfm72.fr\/","logo":{"@type":"ImageObject","inLanguage":"fr-FR","@id":"https:\/\/contactfm72.fr\/#\/schema\/logo\/image\/","url":"https:\/\/contactfm72.fr\/wp-content\/uploads\/2025\/04\/2025-04-18-2.jpg","contentUrl":"https:\/\/contactfm72.fr\/wp-content\/uploads\/2025\/04\/2025-04-18-2.jpg","width":680,"height":307,"caption":"Contact FM 99.3"},"image":{"@id":"https:\/\/contactfm72.fr\/#\/schema\/logo\/image\/"},"sameAs":["https:\/\/www.facebook.com\/Contactfm.Chateauduloir","https:\/\/x.com\/contactfm72","https:\/\/www.instagram.com\/contact.fm.72?igsh=cGhlMHQ5N2JlNnpp","https:\/\/www.tiktok.com\/@contact.fm"]},{"@type":"Person","@id":"https:\/\/contactfm72.fr\/#\/schema\/person\/9fdc9d1c2eb029354a4f1535b90ba82d","name":"Val\u00e9rie C.","image":{"@type":"ImageObject","inLanguage":"fr-FR","@id":"https:\/\/secure.gravatar.com\/avatar\/2f8aa28f8dfbd7d4420afd1fdcdd0a349923e2c8a38ab28198b0f9d0601e4737?s=96&d=mm&r=g","url":"https:\/\/secure.gravatar.com\/avatar\/2f8aa28f8dfbd7d4420afd1fdcdd0a349923e2c8a38ab28198b0f9d0601e4737?s=96&d=mm&r=g","contentUrl":"https:\/\/secure.gravatar.com\/avatar\/2f8aa28f8dfbd7d4420afd1fdcdd0a349923e2c8a38ab28198b0f9d0601e4737?s=96&d=mm&r=g","caption":"Val\u00e9rie C."},"url":"https:\/\/contactfm72.fr\/?author=4"}]}},"_links":{"self":[{"href":"https:\/\/contactfm72.fr\/index.php?rest_route=\/wp\/v2\/posts\/10936","targetHints":{"allow":["GET"]}}],"collection":[{"href":"https:\/\/contactfm72.fr\/index.php?rest_route=\/wp\/v2\/posts"}],"about":[{"href":"https:\/\/contactfm72.fr\/index.php?rest_route=\/wp\/v2\/types\/post"}],"author":[{"embeddable":true,"href":"https:\/\/contactfm72.fr\/index.php?rest_route=\/wp\/v2\/users\/4"}],"replies":[{"embeddable":true,"href":"https:\/\/contactfm72.fr\/index.php?rest_route=%2Fwp%2Fv2%2Fcomments&post=10936"}],"version-history":[{"count":1,"href":"https:\/\/contactfm72.fr\/index.php?rest_route=\/wp\/v2\/posts\/10936\/revisions"}],"predecessor-version":[{"id":10938,"href":"https:\/\/contactfm72.fr\/index.php?rest_route=\/wp\/v2\/posts\/10936\/revisions\/10938"}],"wp:featuredmedia":[{"embeddable":true,"href":"https:\/\/contactfm72.fr\/index.php?rest_route=\/wp\/v2\/media\/10937"}],"wp:attachment":[{"href":"https:\/\/contactfm72.fr\/index.php?rest_route=%2Fwp%2Fv2%2Fmedia&parent=10936"}],"wp:term":[{"taxonomy":"category","embeddable":true,"href":"https:\/\/contactfm72.fr\/index.php?rest_route=%2Fwp%2Fv2%2Fcategories&post=10936"},{"taxonomy":"post_tag","embeddable":true,"href":"https:\/\/contactfm72.fr\/index.php?rest_route=%2Fwp%2Fv2%2Ftags&post=10936"}],"curies":[{"name":"wp","href":"https:\/\/api.w.org\/{rel}","templated":true}]}}