{"id":10912,"date":"2022-09-14T15:00:57","date_gmt":"2022-09-14T13:00:57","guid":{"rendered":"http:\/\/contactfm72.fr\/?p=10912"},"modified":"2022-09-06T10:24:34","modified_gmt":"2022-09-06T08:24:34","slug":"comice-agricole-de-jupilles-la-grande-manifestation-se-prepare","status":"publish","type":"post","link":"https:\/\/contactfm72.fr\/?p=10912","title":{"rendered":"Comice agricole de Jupilles : La grande manifestation se pr\u00e9pare"},"content":{"rendered":"<h2>Le comice agricole du canton de Montval-sur-Loir (Sarthe) sera organis\u00e9 les 17 et 18 septembre 2022 dans la commune de Jupilles. Une trentaine de b\u00e9n\u00e9voles ont r\u00e9pondu \u00e0 l&#8217;appel lors de la r\u00e9union du vendredi 2 septembre.<\/h2>\n<p>&nbsp;<\/p>\n<p>&nbsp;<\/p>\n<p>Les organisateurs ambitionnent un \u00e9v\u00e9nement exceptionnel, et ils n&#8217;ont pas peur de le dire.<\/p>\n<p>Ils \u00e9taient une <strong>trentaine de b\u00e9n\u00e9voles<\/strong> pr\u00e9sents lors de la derni\u00e8re r\u00e9union de pr\u00e9paration du comice cantonal de Montval-sur-Loir organis\u00e9 les <strong>17 et 18 septembre prochains \u00e0 Jupilles<\/strong>. Car comme <strong>Vincent Gruau, maire de la commune<\/strong>, le rappelle, \u00ab\u00a0il n&#8217;y a pas de manifestation sans les b\u00e9n\u00e9voles\u00a0\u00bb.<\/p>\n<p>&nbsp;<\/p>\n<p>&nbsp;<\/p>\n<h3><strong>O\u00f9\u00a0? Quel th\u00e8me retenu\u00a0?<\/strong><\/h3>\n<p>La r\u00e9union \u00e9tait orchestr\u00e9e par Vincent Gruau, <strong>Tanguy Langevin, pr\u00e9sident de l&#8217;association organisatrice et <a href=\"http:\/\/contactfm72.fr\/?p=8771\">Pascal Langevin, pr\u00e9sident cantonal<\/a><\/strong>. Les organisateurs ont d\u00e9cid\u00e9 de pr\u00e9senter le comice sur le terrain de presque <strong>deux hectares, se situant face \u00e0 la salle des f\u00eates de Jupilles<\/strong>. \u00ab\u00a0Le stationnement se fera sur le parking pr\u00e8s de la salle des f\u00eates\u00a0\u00bb, ajoute Tanguy Langevin.<\/p>\n<p>Lors de ce comice, pas moins de <strong>11 parcs seront install\u00e9s, ce qui repr\u00e9sente 70 \u00e0 80 bovins<\/strong>.<\/p>\n<blockquote><p>\u00ab\u00a0Nous avons 14 exploitants \u00e0 Jupilles, le record du canton\u00a0\u00bb, ajoute Pascal Langevin.<\/p><\/blockquote>\n<p>Le comice \u00e9tant organis\u00e9 lors des <strong>Journ\u00e9es du Patrimoine<\/strong>, les organisateurs ont d\u00e9cid\u00e9 de privil\u00e9gier ce th\u00e8me\u00a0:<\/p>\n<blockquote><p>\u00ab\u00a0Cette th\u00e9matique sera d\u00e9clin\u00e9e sur chaque stand expos\u00e9\u00a0\u00bb, pr\u00e9cise le maire.<\/p><\/blockquote>\n<p>&nbsp;<\/p>\n<p>&nbsp;<\/p>\n<h3><strong>Bapt\u00eame de tracteur et danse country<\/strong><\/h3>\n<p>Les festivit\u00e9s se d\u00e9rouleront sur les deux jours. D\u00e8s 9h30, accueil des animaux et exposants, et le repas champ\u00eatre aura lieu d\u00e8s 12h. La <strong>visite officielle et le d\u00e9fil\u00e9 des chars<\/strong> seront organis\u00e9s d\u00e8s 14h30, accompagn\u00e9s sur la Musique du Grand-Luc\u00e9.<\/p>\n<blockquote><p>\u00ab\u00a0Le char de Jupilles est fabriqu\u00e9 par l&#8217;association du Foyer Rural\u00a0\u00bb, ajoutent les organisateurs.<\/p><\/blockquote>\n<p>Le comice pr\u00e9sentera \u00e9galement une <strong>d\u00e9monstration de danse country \u00e0 15h par Country Cheyenne 72<\/strong>. \u00c9galement, Pascal Langevin tient \u00e0 souligner que \u00ab\u00a0le bapt\u00eame de tracteur, organis\u00e9 par les <strong>Jeunes Agriculteurs<\/strong>, sera gratuit. On s&#8217;est aper\u00e7u lors du <strong>comice de Nogent-sur-Loir<\/strong> que cette formule plaisait beaucoup\u00a0\u00bb. Cette premi\u00e8re journ\u00e9e se cl\u00f4turera \u00e0 20h30 par un <strong>d\u00eener dansant avec l&#8217;orchestre \u00ab\u00a0Essentiel\u00a0\u00bb<\/strong>.<\/p>\n<p>&nbsp;<\/p>\n<h3><strong>Concours de labour et ap\u00e9ro concert<\/strong><\/h3>\n<p>Le concours de labour inaugura la deuxi\u00e8me journ\u00e9e de c\u00e9l\u00e9brations.<\/p>\n<blockquote><p>\u00ab\u00a0Le concours sera organis\u00e9 sur la route de Saint-Vincent-du-Lorou\u00ebr. Il y aura une dizaine de participants\u00a0\u00bb, pr\u00e9cise Tanguy Langevin.<\/p><\/blockquote>\n<p>R\u00e9elle institution de Jupilles, le <strong>march\u00e9 des producteurs<\/strong> sera \u00e9galement de la partie, d\u00e8s 9h, accompagn\u00e9 de \u00ab Berc\u00e9 Danse \u00bb. A 12h, les \u00c9chos du Point du Jour accompagneront l&#8217;ap\u00e9ro concert et d\u00e8s 14h, les <strong>chars d\u00e9fileront dans les rues de Jupilles<\/strong>, accompagn\u00e9s la Zik de Saint Vincent, de Braz&#8217;Aur\u00e9oles, et des \u00c9chos du Point du Jour. Enfin, le comice se cl\u00f4tura sur le <strong>tirage de la tombola<\/strong> o\u00f9 environ 35 lots seront \u00e0 gagner et la <strong>remise des prix<\/strong>. Le maire souligne que \u00ab tous les <strong>groupes musicaux sont du territoire<\/strong> \u00bb.<\/p>\n<p>&nbsp;<\/p>\n<div id=\"attachment_10913\" style=\"width: 2058px\" class=\"wp-caption alignnone\"><img loading=\"lazy\" decoding=\"async\" aria-describedby=\"caption-attachment-10913\" class=\"size-full wp-image-10913\" src=\"http:\/\/contactfm72.fr\/wp-content\/uploads\/2022\/09\/comice-jupilles-bureau.jpg\" alt=\"\" width=\"2048\" height=\"1536\" \/><p id=\"caption-attachment-10913\" class=\"wp-caption-text\">Les organisateurs du comice de Jupilles lors de la r\u00e9union de pr\u00e9paration du vendredi 2 septembre.<\/p><\/div>\n<h3><strong>A la recherche de b\u00e9n\u00e9voles<\/strong><\/h3>\n<p>Afin que ces festivit\u00e9s se d\u00e9roulent dans la plus grande des s\u00e9r\u00e9nit\u00e9s, les organisateurs sont toujours \u00e0 la recherche de b\u00e9n\u00e9voles.<\/p>\n<blockquote><p>\u00ab\u00a0La buvette sera ouverte toute la journ\u00e9e, et les repas seront \u00e0 22 euros, avec r\u00e9servation obligatoire\u00a0\u00bb.<\/p><\/blockquote>\n<p>Les organisateurs n&#8217;attendent pas moins de <strong>4000 personnes sur les deux jours<\/strong> de festivit\u00e9s.<\/p>\n<p>&nbsp;<\/p>\n<h5><\/h5>\n<h5>Le pr\u00e9sident des Jardiniers Sarthois, Bernard Bouzeau, tient \u00e0 lancer un appel\u00a0: \u00ab\u00a0avec la r\u00e9colte de cette ann\u00e9e, les Jardiniers sont preneurs de l\u00e9gumes \u00e0 exposer au comice\u00a0\u00bb. Plus d&#8217;informations au 02 43 79 45 19.<\/h5>\n<h5>Pour plus de renseignements, contactez Tanguy Langevin au 06 38 40 34 37.<\/h5>\n<!-- AddThis Advanced Settings generic via filter on the_content --><!-- AddThis Share Buttons generic via filter on the_content -->","protected":false},"excerpt":{"rendered":"<p>Le comice agricole du canton de Montval-sur-Loir (Sarthe) sera organis\u00e9 les 17 et 18 septembre 2022 dans la commune de Jupilles. Une trentaine de b\u00e9n\u00e9voles ont r\u00e9pondu \u00e0 l&#8217;appel lors de la r\u00e9union du vendredi 2 septembre. &nbsp; &nbsp; Les organisateurs ambitionnent un \u00e9v\u00e9nement exceptionnel, et ils n&#8217;ont pas peur de le dire. Ils \u00e9taient&hellip;<!-- AddThis Advanced Settings generic via filter on get_the_excerpt --><!-- AddThis Share Buttons generic via filter on get_the_excerpt --><\/p>\n","protected":false},"author":4,"featured_media":10914,"comment_status":"closed","ping_status":"open","sticky":false,"template":"","format":"standard","meta":{"footnotes":""},"categories":[1],"tags":[],"class_list":["post-10912","post","type-post","status-publish","format-standard","has-post-thumbnail","hentry","category-contact-fm-72","category-1","description-off"],"yoast_head":"<!-- This site is optimized with the Yoast SEO plugin v27.4 - https:\/\/yoast.com\/product\/yoast-seo-wordpress\/ -->\n<title>Comice agricole de Jupilles : La grande manifestation se pr\u00e9pare - Contact FM 99.3<\/title>\n<meta name=\"robots\" content=\"index, follow, max-snippet:-1, max-image-preview:large, max-video-preview:-1\" \/>\n<link rel=\"canonical\" href=\"https:\/\/contactfm72.fr\/?p=10912\" \/>\n<meta property=\"og:locale\" content=\"fr_FR\" \/>\n<meta property=\"og:type\" content=\"article\" \/>\n<meta property=\"og:title\" content=\"Comice agricole de Jupilles : La grande manifestation se pr\u00e9pare - Contact FM 99.3\" \/>\n<meta property=\"og:description\" content=\"Le comice agricole du canton de Montval-sur-Loir (Sarthe) sera organis\u00e9 les 17 et 18 septembre 2022 dans la commune de Jupilles. Une trentaine de b\u00e9n\u00e9voles ont r\u00e9pondu \u00e0 l&#8217;appel lors de la r\u00e9union du vendredi 2 septembre. &nbsp; &nbsp; Les organisateurs ambitionnent un \u00e9v\u00e9nement exceptionnel, et ils n&#8217;ont pas peur de le dire. Ils \u00e9taient&hellip;\" \/>\n<meta property=\"og:url\" content=\"https:\/\/contactfm72.fr\/?p=10912\" \/>\n<meta property=\"og:site_name\" content=\"Contact FM 99.3\" \/>\n<meta property=\"article:publisher\" content=\"https:\/\/www.facebook.com\/Contactfm.Chateauduloir\" \/>\n<meta property=\"article:published_time\" content=\"2022-09-14T13:00:57+00:00\" \/>\n<meta property=\"og:image\" content=\"https:\/\/contactfm72.fr\/wp-content\/uploads\/2022\/09\/comice-jupilles-b\u00e9n\u00e9voles.jpg\" \/>\n\t<meta property=\"og:image:width\" content=\"2048\" \/>\n\t<meta property=\"og:image:height\" content=\"1536\" \/>\n\t<meta property=\"og:image:type\" content=\"image\/jpeg\" \/>\n<meta name=\"author\" content=\"Val\u00e9rie C.\" \/>\n<meta name=\"twitter:card\" content=\"summary_large_image\" \/>\n<meta name=\"twitter:creator\" content=\"@contactfm72\" \/>\n<meta name=\"twitter:site\" content=\"@contactfm72\" \/>\n<meta name=\"twitter:label1\" content=\"\u00c9crit par\" \/>\n\t<meta name=\"twitter:data1\" content=\"Val\u00e9rie C.\" \/>\n\t<meta name=\"twitter:label2\" content=\"Dur\u00e9e de lecture estim\u00e9e\" \/>\n\t<meta name=\"twitter:data2\" content=\"3 minutes\" \/>\n<script type=\"application\/ld+json\" class=\"yoast-schema-graph\">{\"@context\":\"https:\\\/\\\/schema.org\",\"@graph\":[{\"@type\":\"Article\",\"@id\":\"https:\\\/\\\/contactfm72.fr\\\/?p=10912#article\",\"isPartOf\":{\"@id\":\"https:\\\/\\\/contactfm72.fr\\\/?p=10912\"},\"author\":{\"name\":\"Val\u00e9rie C.\",\"@id\":\"https:\\\/\\\/contactfm72.fr\\\/#\\\/schema\\\/person\\\/9fdc9d1c2eb029354a4f1535b90ba82d\"},\"headline\":\"Comice agricole de Jupilles : La grande manifestation se pr\u00e9pare\",\"datePublished\":\"2022-09-14T13:00:57+00:00\",\"mainEntityOfPage\":{\"@id\":\"https:\\\/\\\/contactfm72.fr\\\/?p=10912\"},\"wordCount\":671,\"publisher\":{\"@id\":\"https:\\\/\\\/contactfm72.fr\\\/#organization\"},\"image\":{\"@id\":\"https:\\\/\\\/contactfm72.fr\\\/?p=10912#primaryimage\"},\"thumbnailUrl\":\"https:\\\/\\\/contactfm72.fr\\\/wp-content\\\/uploads\\\/2022\\\/09\\\/comice-jupilles-b\u00e9n\u00e9voles.jpg\",\"articleSection\":[\"Contact FM 72\"],\"inLanguage\":\"fr-FR\"},{\"@type\":\"WebPage\",\"@id\":\"https:\\\/\\\/contactfm72.fr\\\/?p=10912\",\"url\":\"https:\\\/\\\/contactfm72.fr\\\/?p=10912\",\"name\":\"Comice agricole de Jupilles : La grande manifestation se pr\u00e9pare - Contact FM 99.3\",\"isPartOf\":{\"@id\":\"https:\\\/\\\/contactfm72.fr\\\/#website\"},\"primaryImageOfPage\":{\"@id\":\"https:\\\/\\\/contactfm72.fr\\\/?p=10912#primaryimage\"},\"image\":{\"@id\":\"https:\\\/\\\/contactfm72.fr\\\/?p=10912#primaryimage\"},\"thumbnailUrl\":\"https:\\\/\\\/contactfm72.fr\\\/wp-content\\\/uploads\\\/2022\\\/09\\\/comice-jupilles-b\u00e9n\u00e9voles.jpg\",\"datePublished\":\"2022-09-14T13:00:57+00:00\",\"breadcrumb\":{\"@id\":\"https:\\\/\\\/contactfm72.fr\\\/?p=10912#breadcrumb\"},\"inLanguage\":\"fr-FR\",\"potentialAction\":[{\"@type\":\"ReadAction\",\"target\":[\"https:\\\/\\\/contactfm72.fr\\\/?p=10912\"]}]},{\"@type\":\"ImageObject\",\"inLanguage\":\"fr-FR\",\"@id\":\"https:\\\/\\\/contactfm72.fr\\\/?p=10912#primaryimage\",\"url\":\"https:\\\/\\\/contactfm72.fr\\\/wp-content\\\/uploads\\\/2022\\\/09\\\/comice-jupilles-b\u00e9n\u00e9voles.jpg\",\"contentUrl\":\"https:\\\/\\\/contactfm72.fr\\\/wp-content\\\/uploads\\\/2022\\\/09\\\/comice-jupilles-b\u00e9n\u00e9voles.jpg\",\"width\":2048,\"height\":1536,\"caption\":\"Les b\u00e9n\u00e9voles pr\u00e9sents lors de la r\u00e9union d'organisation du comice de Jupilles du vendredi 2 septembre au sein de la salle des f\u00eates.\"},{\"@type\":\"BreadcrumbList\",\"@id\":\"https:\\\/\\\/contactfm72.fr\\\/?p=10912#breadcrumb\",\"itemListElement\":[{\"@type\":\"ListItem\",\"position\":1,\"name\":\"Accueil\",\"item\":\"https:\\\/\\\/contactfm72.fr\\\/\"},{\"@type\":\"ListItem\",\"position\":2,\"name\":\"Comice agricole de Jupilles : La grande manifestation se pr\u00e9pare\"}]},{\"@type\":\"WebSite\",\"@id\":\"https:\\\/\\\/contactfm72.fr\\\/#website\",\"url\":\"https:\\\/\\\/contactfm72.fr\\\/\",\"name\":\"Contact FM 99.3\",\"description\":\"Votre radio en vall\u00e9e du Loir\",\"publisher\":{\"@id\":\"https:\\\/\\\/contactfm72.fr\\\/#organization\"},\"potentialAction\":[{\"@type\":\"SearchAction\",\"target\":{\"@type\":\"EntryPoint\",\"urlTemplate\":\"https:\\\/\\\/contactfm72.fr\\\/?s={search_term_string}\"},\"query-input\":{\"@type\":\"PropertyValueSpecification\",\"valueRequired\":true,\"valueName\":\"search_term_string\"}}],\"inLanguage\":\"fr-FR\"},{\"@type\":\"Organization\",\"@id\":\"https:\\\/\\\/contactfm72.fr\\\/#organization\",\"name\":\"Contact FM 99.3\",\"url\":\"https:\\\/\\\/contactfm72.fr\\\/\",\"logo\":{\"@type\":\"ImageObject\",\"inLanguage\":\"fr-FR\",\"@id\":\"https:\\\/\\\/contactfm72.fr\\\/#\\\/schema\\\/logo\\\/image\\\/\",\"url\":\"https:\\\/\\\/contactfm72.fr\\\/wp-content\\\/uploads\\\/2025\\\/04\\\/2025-04-18-2.jpg\",\"contentUrl\":\"https:\\\/\\\/contactfm72.fr\\\/wp-content\\\/uploads\\\/2025\\\/04\\\/2025-04-18-2.jpg\",\"width\":680,\"height\":307,\"caption\":\"Contact FM 99.3\"},\"image\":{\"@id\":\"https:\\\/\\\/contactfm72.fr\\\/#\\\/schema\\\/logo\\\/image\\\/\"},\"sameAs\":[\"https:\\\/\\\/www.facebook.com\\\/Contactfm.Chateauduloir\",\"https:\\\/\\\/x.com\\\/contactfm72\",\"https:\\\/\\\/www.instagram.com\\\/contact.fm.72?igsh=cGhlMHQ5N2JlNnpp\",\"https:\\\/\\\/www.tiktok.com\\\/@contact.fm\"]},{\"@type\":\"Person\",\"@id\":\"https:\\\/\\\/contactfm72.fr\\\/#\\\/schema\\\/person\\\/9fdc9d1c2eb029354a4f1535b90ba82d\",\"name\":\"Val\u00e9rie C.\",\"image\":{\"@type\":\"ImageObject\",\"inLanguage\":\"fr-FR\",\"@id\":\"https:\\\/\\\/secure.gravatar.com\\\/avatar\\\/2f8aa28f8dfbd7d4420afd1fdcdd0a349923e2c8a38ab28198b0f9d0601e4737?s=96&d=mm&r=g\",\"url\":\"https:\\\/\\\/secure.gravatar.com\\\/avatar\\\/2f8aa28f8dfbd7d4420afd1fdcdd0a349923e2c8a38ab28198b0f9d0601e4737?s=96&d=mm&r=g\",\"contentUrl\":\"https:\\\/\\\/secure.gravatar.com\\\/avatar\\\/2f8aa28f8dfbd7d4420afd1fdcdd0a349923e2c8a38ab28198b0f9d0601e4737?s=96&d=mm&r=g\",\"caption\":\"Val\u00e9rie C.\"},\"url\":\"https:\\\/\\\/contactfm72.fr\\\/?author=4\"}]}<\/script>\n<!-- \/ Yoast SEO plugin. -->","yoast_head_json":{"title":"Comice agricole de Jupilles : La grande manifestation se pr\u00e9pare - Contact FM 99.3","robots":{"index":"index","follow":"follow","max-snippet":"max-snippet:-1","max-image-preview":"max-image-preview:large","max-video-preview":"max-video-preview:-1"},"canonical":"https:\/\/contactfm72.fr\/?p=10912","og_locale":"fr_FR","og_type":"article","og_title":"Comice agricole de Jupilles : La grande manifestation se pr\u00e9pare - Contact FM 99.3","og_description":"Le comice agricole du canton de Montval-sur-Loir (Sarthe) sera organis\u00e9 les 17 et 18 septembre 2022 dans la commune de Jupilles. Une trentaine de b\u00e9n\u00e9voles ont r\u00e9pondu \u00e0 l&#8217;appel lors de la r\u00e9union du vendredi 2 septembre. &nbsp; &nbsp; Les organisateurs ambitionnent un \u00e9v\u00e9nement exceptionnel, et ils n&#8217;ont pas peur de le dire. Ils \u00e9taient&hellip;","og_url":"https:\/\/contactfm72.fr\/?p=10912","og_site_name":"Contact FM 99.3","article_publisher":"https:\/\/www.facebook.com\/Contactfm.Chateauduloir","article_published_time":"2022-09-14T13:00:57+00:00","og_image":[{"width":2048,"height":1536,"url":"https:\/\/contactfm72.fr\/wp-content\/uploads\/2022\/09\/comice-jupilles-b\u00e9n\u00e9voles.jpg","type":"image\/jpeg"}],"author":"Val\u00e9rie C.","twitter_card":"summary_large_image","twitter_creator":"@contactfm72","twitter_site":"@contactfm72","twitter_misc":{"\u00c9crit par":"Val\u00e9rie C.","Dur\u00e9e de lecture estim\u00e9e":"3 minutes"},"schema":{"@context":"https:\/\/schema.org","@graph":[{"@type":"Article","@id":"https:\/\/contactfm72.fr\/?p=10912#article","isPartOf":{"@id":"https:\/\/contactfm72.fr\/?p=10912"},"author":{"name":"Val\u00e9rie C.","@id":"https:\/\/contactfm72.fr\/#\/schema\/person\/9fdc9d1c2eb029354a4f1535b90ba82d"},"headline":"Comice agricole de Jupilles : La grande manifestation se pr\u00e9pare","datePublished":"2022-09-14T13:00:57+00:00","mainEntityOfPage":{"@id":"https:\/\/contactfm72.fr\/?p=10912"},"wordCount":671,"publisher":{"@id":"https:\/\/contactfm72.fr\/#organization"},"image":{"@id":"https:\/\/contactfm72.fr\/?p=10912#primaryimage"},"thumbnailUrl":"https:\/\/contactfm72.fr\/wp-content\/uploads\/2022\/09\/comice-jupilles-b\u00e9n\u00e9voles.jpg","articleSection":["Contact FM 72"],"inLanguage":"fr-FR"},{"@type":"WebPage","@id":"https:\/\/contactfm72.fr\/?p=10912","url":"https:\/\/contactfm72.fr\/?p=10912","name":"Comice agricole de Jupilles : La grande manifestation se pr\u00e9pare - Contact FM 99.3","isPartOf":{"@id":"https:\/\/contactfm72.fr\/#website"},"primaryImageOfPage":{"@id":"https:\/\/contactfm72.fr\/?p=10912#primaryimage"},"image":{"@id":"https:\/\/contactfm72.fr\/?p=10912#primaryimage"},"thumbnailUrl":"https:\/\/contactfm72.fr\/wp-content\/uploads\/2022\/09\/comice-jupilles-b\u00e9n\u00e9voles.jpg","datePublished":"2022-09-14T13:00:57+00:00","breadcrumb":{"@id":"https:\/\/contactfm72.fr\/?p=10912#breadcrumb"},"inLanguage":"fr-FR","potentialAction":[{"@type":"ReadAction","target":["https:\/\/contactfm72.fr\/?p=10912"]}]},{"@type":"ImageObject","inLanguage":"fr-FR","@id":"https:\/\/contactfm72.fr\/?p=10912#primaryimage","url":"https:\/\/contactfm72.fr\/wp-content\/uploads\/2022\/09\/comice-jupilles-b\u00e9n\u00e9voles.jpg","contentUrl":"https:\/\/contactfm72.fr\/wp-content\/uploads\/2022\/09\/comice-jupilles-b\u00e9n\u00e9voles.jpg","width":2048,"height":1536,"caption":"Les b\u00e9n\u00e9voles pr\u00e9sents lors de la r\u00e9union d'organisation du comice de Jupilles du vendredi 2 septembre au sein de la salle des f\u00eates."},{"@type":"BreadcrumbList","@id":"https:\/\/contactfm72.fr\/?p=10912#breadcrumb","itemListElement":[{"@type":"ListItem","position":1,"name":"Accueil","item":"https:\/\/contactfm72.fr\/"},{"@type":"ListItem","position":2,"name":"Comice agricole de Jupilles : La grande manifestation se pr\u00e9pare"}]},{"@type":"WebSite","@id":"https:\/\/contactfm72.fr\/#website","url":"https:\/\/contactfm72.fr\/","name":"Contact FM 99.3","description":"Votre radio en vall\u00e9e du Loir","publisher":{"@id":"https:\/\/contactfm72.fr\/#organization"},"potentialAction":[{"@type":"SearchAction","target":{"@type":"EntryPoint","urlTemplate":"https:\/\/contactfm72.fr\/?s={search_term_string}"},"query-input":{"@type":"PropertyValueSpecification","valueRequired":true,"valueName":"search_term_string"}}],"inLanguage":"fr-FR"},{"@type":"Organization","@id":"https:\/\/contactfm72.fr\/#organization","name":"Contact FM 99.3","url":"https:\/\/contactfm72.fr\/","logo":{"@type":"ImageObject","inLanguage":"fr-FR","@id":"https:\/\/contactfm72.fr\/#\/schema\/logo\/image\/","url":"https:\/\/contactfm72.fr\/wp-content\/uploads\/2025\/04\/2025-04-18-2.jpg","contentUrl":"https:\/\/contactfm72.fr\/wp-content\/uploads\/2025\/04\/2025-04-18-2.jpg","width":680,"height":307,"caption":"Contact FM 99.3"},"image":{"@id":"https:\/\/contactfm72.fr\/#\/schema\/logo\/image\/"},"sameAs":["https:\/\/www.facebook.com\/Contactfm.Chateauduloir","https:\/\/x.com\/contactfm72","https:\/\/www.instagram.com\/contact.fm.72?igsh=cGhlMHQ5N2JlNnpp","https:\/\/www.tiktok.com\/@contact.fm"]},{"@type":"Person","@id":"https:\/\/contactfm72.fr\/#\/schema\/person\/9fdc9d1c2eb029354a4f1535b90ba82d","name":"Val\u00e9rie C.","image":{"@type":"ImageObject","inLanguage":"fr-FR","@id":"https:\/\/secure.gravatar.com\/avatar\/2f8aa28f8dfbd7d4420afd1fdcdd0a349923e2c8a38ab28198b0f9d0601e4737?s=96&d=mm&r=g","url":"https:\/\/secure.gravatar.com\/avatar\/2f8aa28f8dfbd7d4420afd1fdcdd0a349923e2c8a38ab28198b0f9d0601e4737?s=96&d=mm&r=g","contentUrl":"https:\/\/secure.gravatar.com\/avatar\/2f8aa28f8dfbd7d4420afd1fdcdd0a349923e2c8a38ab28198b0f9d0601e4737?s=96&d=mm&r=g","caption":"Val\u00e9rie C."},"url":"https:\/\/contactfm72.fr\/?author=4"}]}},"_links":{"self":[{"href":"https:\/\/contactfm72.fr\/index.php?rest_route=\/wp\/v2\/posts\/10912","targetHints":{"allow":["GET"]}}],"collection":[{"href":"https:\/\/contactfm72.fr\/index.php?rest_route=\/wp\/v2\/posts"}],"about":[{"href":"https:\/\/contactfm72.fr\/index.php?rest_route=\/wp\/v2\/types\/post"}],"author":[{"embeddable":true,"href":"https:\/\/contactfm72.fr\/index.php?rest_route=\/wp\/v2\/users\/4"}],"replies":[{"embeddable":true,"href":"https:\/\/contactfm72.fr\/index.php?rest_route=%2Fwp%2Fv2%2Fcomments&post=10912"}],"version-history":[{"count":1,"href":"https:\/\/contactfm72.fr\/index.php?rest_route=\/wp\/v2\/posts\/10912\/revisions"}],"predecessor-version":[{"id":10915,"href":"https:\/\/contactfm72.fr\/index.php?rest_route=\/wp\/v2\/posts\/10912\/revisions\/10915"}],"wp:featuredmedia":[{"embeddable":true,"href":"https:\/\/contactfm72.fr\/index.php?rest_route=\/wp\/v2\/media\/10914"}],"wp:attachment":[{"href":"https:\/\/contactfm72.fr\/index.php?rest_route=%2Fwp%2Fv2%2Fmedia&parent=10912"}],"wp:term":[{"taxonomy":"category","embeddable":true,"href":"https:\/\/contactfm72.fr\/index.php?rest_route=%2Fwp%2Fv2%2Fcategories&post=10912"},{"taxonomy":"post_tag","embeddable":true,"href":"https:\/\/contactfm72.fr\/index.php?rest_route=%2Fwp%2Fv2%2Ftags&post=10912"}],"curies":[{"name":"wp","href":"https:\/\/api.w.org\/{rel}","templated":true}]}}