{"id":10907,"date":"2022-09-07T15:00:36","date_gmt":"2022-09-07T13:00:36","guid":{"rendered":"http:\/\/contactfm72.fr\/?p=10907"},"modified":"2022-09-05T16:45:31","modified_gmt":"2022-09-05T14:45:31","slug":"micro-folie-au-lude-une-porte-dentree-vers-la-culture","status":"publish","type":"post","link":"https:\/\/contactfm72.fr\/?p=10907","title":{"rendered":"Micro-Folie au Lude : une porte d&#8217;entr\u00e9e vers la Culture"},"content":{"rendered":"<h2>Le Lude (Sarthe) a inaugur\u00e9 sa micro-Folie, le samedi 3 septembre 2022. Ce mus\u00e9e num\u00e9rique met \u00e0 disposition des \u0153uvres d\u2019art h\u00e9berg\u00e9es dans de nombreux mus\u00e9es.<\/h2>\n<p>&nbsp;<\/p>\n<p>&nbsp;<\/p>\n<p>Un nouveau dispositif a fait son apparition au sein du <strong>bar culturel de l&#8217;Espace Ronsard au Lude<\/strong> (<strong>Sarthe<\/strong>). Samedi 3 septembre, la municipalit\u00e9, repr\u00e9sent\u00e9e par <strong>B\u00e9atrice Latouche<\/strong>, la <strong>sous-pr\u00e9f\u00e8te V\u00e9ronique Ortet<\/strong>, et <strong>No\u00e9mie Guez, responsable du d\u00e9ploiement des micro-folies en r\u00e9gion Pays de La Loire<\/strong>, ont inaugur\u00e9 la micro-folie, la deuxi\u00e8me dans le d\u00e9partement.<\/p>\n<p><strong>\u00a0<\/strong><\/p>\n<h3><strong>Plus de 3000 \u0153uvres expos\u00e9s<\/strong><\/h3>\n<p>La micro-folie, c\u2019est avant tout un lieu de culture de premier plan. Ce dispositif est tout simplement un<strong> mus\u00e9e num\u00e9rique<\/strong>, un lieu qui rend accessible les arts et le savoir via la haute d\u00e9finition et la r\u00e9alit\u00e9 virtuelle.<\/p>\n<blockquote><p>\u00ab\u00a0 Ici-m\u00eame, des expositions num\u00e9riques en provenance des plus grands mus\u00e9es du monde, mais aussi des animations th\u00e9matiques pour les scolaires et des conf\u00e9rences exclusives seront propos\u00e9es par nos \u00e9quipes, par des artistes, des cin\u00e9astes ou des associations\u00a0\u00bb, souligne le maire.<\/p><\/blockquote>\n<p>La micro-folie du Lude r\u00e9unit des \u0153uvres issues de nombreux mus\u00e9es et institutions comme le <strong>Centre Pompidou<\/strong>, le <strong>ch\u00e2teau de Versailles<\/strong>, la <strong>Cit\u00e9 de la musique de Paris<\/strong>, le <strong>mus\u00e9e du Louvre<\/strong>, le <strong>mus\u00e9e d\u2019Orsay<\/strong>, et bien d\u2019autres encore. <strong>3000 oeuvres <\/strong>y sont num\u00e9ris\u00e9s : des tableaux, sculptures, ballets, op\u00e9ras\u2026 diffus\u00e9es par collections, via un <strong>vid\u00e9oprojecteur<\/strong>.<\/p>\n<p>Le public a \u00e9galement acc\u00e8s \u00e0 des <strong>tablettes num\u00e9riques<\/strong> pour plus d\u2019explications sur les \u0153uvres qui l\u2019int\u00e9ressent et \u00e9galement pour voir des \u0153uvres compl\u00e9mentaires. Un <strong>espace de r\u00e9alit\u00e9 virtuelle<\/strong> est \u00e9galement \u00e0 la disposition des visiteurs pour plus <strong>d\u2019immersion dans les lieux de Culture<\/strong>.<\/p>\n<blockquote><p>\u00a0\u00ab\u00a0Cette installation, j\u2019en suis s\u00fbre, suscitera la curiosit\u00e9 de nos jeunes, et plaira au plus grand nombre, de 7 \u00e0 77 ans et au-del\u00e0\u00a0\u00bb, ajoute B\u00e9atrice Latouche.<\/p><\/blockquote>\n<p>&nbsp;<\/p>\n<h3><strong>Coordonn\u00e9e par le Minist\u00e8re de la Culture<\/strong><\/h3>\n<p>Partout en France, les micro-folies sont coordonn\u00e9es par le <strong>Minist\u00e8re de la Culture et La Villette<\/strong>.<\/p>\n<p>V\u00e9ritable atout consid\u00e9rable pour la <a href=\"https:\/\/ville-lelude.fr\/\">commune nouvelle du Lude<\/a>, ce mus\u00e9e repr\u00e9sente, pour B\u00e9atrice Latouche, \u00ab\u00a0un <strong>atout pour l\u2019\u00e9ducation<\/strong>, un atout pour l\u2019<strong>attractivit\u00e9 touristique<\/strong> et le <strong>rayonnement de nos territoires<\/strong>\u00a0\u00bb.<\/p>\n<p>La commune nouvelle du Lude continue son \u00e9volution \u00e0 travers des <strong>projets innovants<\/strong> et ambitionne l\u2019am\u00e9lioration de l\u2019offre de service rendue \u00e0 ses administr\u00e9s et ses \u00e9tablissements scolaires, \u00ab dans la droite ligne des engagements de notre mandat et au service du public \u00bb.<\/p>\n<p>&nbsp;<\/p>\n<p>&nbsp;<\/p>\n<div id=\"attachment_10909\" style=\"width: 2058px\" class=\"wp-caption alignnone\"><img loading=\"lazy\" decoding=\"async\" aria-describedby=\"caption-attachment-10909\" class=\"size-full wp-image-10909\" src=\"http:\/\/contactfm72.fr\/wp-content\/uploads\/2022\/09\/microfolie-discours.jpg\" alt=\"\" width=\"2048\" height=\"1536\" \/><p id=\"caption-attachment-10909\" class=\"wp-caption-text\">Lors du discours de No\u00e9mie Guez de pr\u00e9sentation de la micro-folie de la commune nouvelle du Lude, dans les locaux de l&#8217;Espace Ronsard.<\/p><\/div>\n<h3><strong>Financ\u00e9 \u00e0 80%<\/strong><\/h3>\n<p>Le co\u00fbt de ce projet culturel tr\u00e8s ambitieux s\u2019\u00e9l\u00e8ve \u00e0 <strong>39.000 euros hors taxes<\/strong>. Le dispositif de revitalisation <strong>Petites Villes de Demain<\/strong> a contribu\u00e9 \u00e0 hauteur de 80%.<\/p>\n<blockquote><p>\u00ab\u00a0Cette concr\u00e9tisation est l\u2019expression d\u2019une volont\u00e9 commune des \u00e9quipes de la municipalit\u00e9 et l\u2019implication de nos partenaires, r\u00e9gionaux et d\u00e9partementaux. Un grand merci \u00e9galement aux services de l\u2019\u00c9tat, sans qui ce projet n\u2019aurait pu voir le jour\u00a0\u00bb, souligne B\u00e9atrice Latouche, \u00e9galement conseill\u00e8re r\u00e9gionale.<\/p><\/blockquote>\n<p>&nbsp;<\/p>\n<h5>Plus d\u2019informations\u00a0: Visite libre ou avec un m\u00e9diateur. Espace Ronsard au Lude. culture@ville-lelude.fr<\/h5>\n<p>&nbsp;<\/p>\n<!-- AddThis Advanced Settings generic via filter on the_content --><!-- AddThis Share Buttons generic via filter on the_content -->","protected":false},"excerpt":{"rendered":"<p>Le Lude (Sarthe) a inaugur\u00e9 sa micro-Folie, le samedi 3 septembre 2022. Ce mus\u00e9e num\u00e9rique met \u00e0 disposition des \u0153uvres d\u2019art h\u00e9berg\u00e9es dans de nombreux mus\u00e9es. &nbsp; &nbsp; Un nouveau dispositif a fait son apparition au sein du bar culturel de l&#8217;Espace Ronsard au Lude (Sarthe). Samedi 3 septembre, la municipalit\u00e9, repr\u00e9sent\u00e9e par B\u00e9atrice Latouche,&hellip;<!-- AddThis Advanced Settings generic via filter on get_the_excerpt --><!-- AddThis Share Buttons generic via filter on get_the_excerpt --><\/p>\n","protected":false},"author":4,"featured_media":10908,"comment_status":"closed","ping_status":"open","sticky":false,"template":"","format":"standard","meta":{"footnotes":""},"categories":[1],"tags":[],"class_list":["post-10907","post","type-post","status-publish","format-standard","has-post-thumbnail","hentry","category-contact-fm-72","category-1","description-off"],"yoast_head":"<!-- This site is optimized with the Yoast SEO plugin v27.4 - https:\/\/yoast.com\/product\/yoast-seo-wordpress\/ -->\n<title>Micro-Folie au Lude : une porte d&#039;entr\u00e9e vers la Culture - Contact FM 99.3<\/title>\n<meta name=\"robots\" content=\"index, follow, max-snippet:-1, max-image-preview:large, max-video-preview:-1\" \/>\n<link rel=\"canonical\" href=\"https:\/\/contactfm72.fr\/?p=10907\" \/>\n<meta property=\"og:locale\" content=\"fr_FR\" \/>\n<meta property=\"og:type\" content=\"article\" \/>\n<meta property=\"og:title\" content=\"Micro-Folie au Lude : une porte d&#039;entr\u00e9e vers la Culture - Contact FM 99.3\" \/>\n<meta property=\"og:description\" content=\"Le Lude (Sarthe) a inaugur\u00e9 sa micro-Folie, le samedi 3 septembre 2022. Ce mus\u00e9e num\u00e9rique met \u00e0 disposition des \u0153uvres d\u2019art h\u00e9berg\u00e9es dans de nombreux mus\u00e9es. &nbsp; &nbsp; Un nouveau dispositif a fait son apparition au sein du bar culturel de l&#8217;Espace Ronsard au Lude (Sarthe). Samedi 3 septembre, la municipalit\u00e9, repr\u00e9sent\u00e9e par B\u00e9atrice Latouche,&hellip;\" \/>\n<meta property=\"og:url\" content=\"https:\/\/contactfm72.fr\/?p=10907\" \/>\n<meta property=\"og:site_name\" content=\"Contact FM 99.3\" \/>\n<meta property=\"article:publisher\" content=\"https:\/\/www.facebook.com\/Contactfm.Chateauduloir\" \/>\n<meta property=\"article:published_time\" content=\"2022-09-07T13:00:36+00:00\" \/>\n<meta property=\"og:image\" content=\"https:\/\/contactfm72.fr\/wp-content\/uploads\/2022\/09\/microfolie-entr\u00e9e.jpg\" \/>\n\t<meta property=\"og:image:width\" content=\"1536\" \/>\n\t<meta property=\"og:image:height\" content=\"2048\" \/>\n\t<meta property=\"og:image:type\" content=\"image\/jpeg\" \/>\n<meta name=\"author\" content=\"Val\u00e9rie C.\" \/>\n<meta name=\"twitter:card\" content=\"summary_large_image\" \/>\n<meta name=\"twitter:creator\" content=\"@contactfm72\" \/>\n<meta name=\"twitter:site\" content=\"@contactfm72\" \/>\n<meta name=\"twitter:label1\" content=\"\u00c9crit par\" \/>\n\t<meta name=\"twitter:data1\" content=\"Val\u00e9rie C.\" \/>\n\t<meta name=\"twitter:label2\" content=\"Dur\u00e9e de lecture estim\u00e9e\" \/>\n\t<meta name=\"twitter:data2\" content=\"3 minutes\" \/>\n<script type=\"application\/ld+json\" class=\"yoast-schema-graph\">{\"@context\":\"https:\\\/\\\/schema.org\",\"@graph\":[{\"@type\":\"Article\",\"@id\":\"https:\\\/\\\/contactfm72.fr\\\/?p=10907#article\",\"isPartOf\":{\"@id\":\"https:\\\/\\\/contactfm72.fr\\\/?p=10907\"},\"author\":{\"name\":\"Val\u00e9rie C.\",\"@id\":\"https:\\\/\\\/contactfm72.fr\\\/#\\\/schema\\\/person\\\/9fdc9d1c2eb029354a4f1535b90ba82d\"},\"headline\":\"Micro-Folie au Lude : une porte d&#8217;entr\u00e9e vers la Culture\",\"datePublished\":\"2022-09-07T13:00:36+00:00\",\"mainEntityOfPage\":{\"@id\":\"https:\\\/\\\/contactfm72.fr\\\/?p=10907\"},\"wordCount\":591,\"publisher\":{\"@id\":\"https:\\\/\\\/contactfm72.fr\\\/#organization\"},\"image\":{\"@id\":\"https:\\\/\\\/contactfm72.fr\\\/?p=10907#primaryimage\"},\"thumbnailUrl\":\"https:\\\/\\\/contactfm72.fr\\\/wp-content\\\/uploads\\\/2022\\\/09\\\/microfolie-entr\u00e9e.jpg\",\"articleSection\":[\"Contact FM 72\"],\"inLanguage\":\"fr-FR\"},{\"@type\":\"WebPage\",\"@id\":\"https:\\\/\\\/contactfm72.fr\\\/?p=10907\",\"url\":\"https:\\\/\\\/contactfm72.fr\\\/?p=10907\",\"name\":\"Micro-Folie au Lude : une porte d'entr\u00e9e vers la Culture - Contact FM 99.3\",\"isPartOf\":{\"@id\":\"https:\\\/\\\/contactfm72.fr\\\/#website\"},\"primaryImageOfPage\":{\"@id\":\"https:\\\/\\\/contactfm72.fr\\\/?p=10907#primaryimage\"},\"image\":{\"@id\":\"https:\\\/\\\/contactfm72.fr\\\/?p=10907#primaryimage\"},\"thumbnailUrl\":\"https:\\\/\\\/contactfm72.fr\\\/wp-content\\\/uploads\\\/2022\\\/09\\\/microfolie-entr\u00e9e.jpg\",\"datePublished\":\"2022-09-07T13:00:36+00:00\",\"breadcrumb\":{\"@id\":\"https:\\\/\\\/contactfm72.fr\\\/?p=10907#breadcrumb\"},\"inLanguage\":\"fr-FR\",\"potentialAction\":[{\"@type\":\"ReadAction\",\"target\":[\"https:\\\/\\\/contactfm72.fr\\\/?p=10907\"]}]},{\"@type\":\"ImageObject\",\"inLanguage\":\"fr-FR\",\"@id\":\"https:\\\/\\\/contactfm72.fr\\\/?p=10907#primaryimage\",\"url\":\"https:\\\/\\\/contactfm72.fr\\\/wp-content\\\/uploads\\\/2022\\\/09\\\/microfolie-entr\u00e9e.jpg\",\"contentUrl\":\"https:\\\/\\\/contactfm72.fr\\\/wp-content\\\/uploads\\\/2022\\\/09\\\/microfolie-entr\u00e9e.jpg\",\"width\":1536,\"height\":2048,\"caption\":\"De g. \u00e0 dr. V\u00e9ronique Ortet, B\u00e9atrice Latouche et No\u00e9mie Guez.\"},{\"@type\":\"BreadcrumbList\",\"@id\":\"https:\\\/\\\/contactfm72.fr\\\/?p=10907#breadcrumb\",\"itemListElement\":[{\"@type\":\"ListItem\",\"position\":1,\"name\":\"Accueil\",\"item\":\"https:\\\/\\\/contactfm72.fr\\\/\"},{\"@type\":\"ListItem\",\"position\":2,\"name\":\"Micro-Folie au Lude : une porte d&#8217;entr\u00e9e vers la Culture\"}]},{\"@type\":\"WebSite\",\"@id\":\"https:\\\/\\\/contactfm72.fr\\\/#website\",\"url\":\"https:\\\/\\\/contactfm72.fr\\\/\",\"name\":\"Contact FM 99.3\",\"description\":\"Votre radio en vall\u00e9e du Loir\",\"publisher\":{\"@id\":\"https:\\\/\\\/contactfm72.fr\\\/#organization\"},\"potentialAction\":[{\"@type\":\"SearchAction\",\"target\":{\"@type\":\"EntryPoint\",\"urlTemplate\":\"https:\\\/\\\/contactfm72.fr\\\/?s={search_term_string}\"},\"query-input\":{\"@type\":\"PropertyValueSpecification\",\"valueRequired\":true,\"valueName\":\"search_term_string\"}}],\"inLanguage\":\"fr-FR\"},{\"@type\":\"Organization\",\"@id\":\"https:\\\/\\\/contactfm72.fr\\\/#organization\",\"name\":\"Contact FM 99.3\",\"url\":\"https:\\\/\\\/contactfm72.fr\\\/\",\"logo\":{\"@type\":\"ImageObject\",\"inLanguage\":\"fr-FR\",\"@id\":\"https:\\\/\\\/contactfm72.fr\\\/#\\\/schema\\\/logo\\\/image\\\/\",\"url\":\"https:\\\/\\\/contactfm72.fr\\\/wp-content\\\/uploads\\\/2025\\\/04\\\/2025-04-18-2.jpg\",\"contentUrl\":\"https:\\\/\\\/contactfm72.fr\\\/wp-content\\\/uploads\\\/2025\\\/04\\\/2025-04-18-2.jpg\",\"width\":680,\"height\":307,\"caption\":\"Contact FM 99.3\"},\"image\":{\"@id\":\"https:\\\/\\\/contactfm72.fr\\\/#\\\/schema\\\/logo\\\/image\\\/\"},\"sameAs\":[\"https:\\\/\\\/www.facebook.com\\\/Contactfm.Chateauduloir\",\"https:\\\/\\\/x.com\\\/contactfm72\",\"https:\\\/\\\/www.instagram.com\\\/contact.fm.72?igsh=cGhlMHQ5N2JlNnpp\",\"https:\\\/\\\/www.tiktok.com\\\/@contact.fm\"]},{\"@type\":\"Person\",\"@id\":\"https:\\\/\\\/contactfm72.fr\\\/#\\\/schema\\\/person\\\/9fdc9d1c2eb029354a4f1535b90ba82d\",\"name\":\"Val\u00e9rie C.\",\"image\":{\"@type\":\"ImageObject\",\"inLanguage\":\"fr-FR\",\"@id\":\"https:\\\/\\\/secure.gravatar.com\\\/avatar\\\/2f8aa28f8dfbd7d4420afd1fdcdd0a349923e2c8a38ab28198b0f9d0601e4737?s=96&d=mm&r=g\",\"url\":\"https:\\\/\\\/secure.gravatar.com\\\/avatar\\\/2f8aa28f8dfbd7d4420afd1fdcdd0a349923e2c8a38ab28198b0f9d0601e4737?s=96&d=mm&r=g\",\"contentUrl\":\"https:\\\/\\\/secure.gravatar.com\\\/avatar\\\/2f8aa28f8dfbd7d4420afd1fdcdd0a349923e2c8a38ab28198b0f9d0601e4737?s=96&d=mm&r=g\",\"caption\":\"Val\u00e9rie C.\"},\"url\":\"https:\\\/\\\/contactfm72.fr\\\/?author=4\"}]}<\/script>\n<!-- \/ Yoast SEO plugin. -->","yoast_head_json":{"title":"Micro-Folie au Lude : une porte d'entr\u00e9e vers la Culture - Contact FM 99.3","robots":{"index":"index","follow":"follow","max-snippet":"max-snippet:-1","max-image-preview":"max-image-preview:large","max-video-preview":"max-video-preview:-1"},"canonical":"https:\/\/contactfm72.fr\/?p=10907","og_locale":"fr_FR","og_type":"article","og_title":"Micro-Folie au Lude : une porte d'entr\u00e9e vers la Culture - Contact FM 99.3","og_description":"Le Lude (Sarthe) a inaugur\u00e9 sa micro-Folie, le samedi 3 septembre 2022. Ce mus\u00e9e num\u00e9rique met \u00e0 disposition des \u0153uvres d\u2019art h\u00e9berg\u00e9es dans de nombreux mus\u00e9es. &nbsp; &nbsp; Un nouveau dispositif a fait son apparition au sein du bar culturel de l&#8217;Espace Ronsard au Lude (Sarthe). Samedi 3 septembre, la municipalit\u00e9, repr\u00e9sent\u00e9e par B\u00e9atrice Latouche,&hellip;","og_url":"https:\/\/contactfm72.fr\/?p=10907","og_site_name":"Contact FM 99.3","article_publisher":"https:\/\/www.facebook.com\/Contactfm.Chateauduloir","article_published_time":"2022-09-07T13:00:36+00:00","og_image":[{"width":1536,"height":2048,"url":"https:\/\/contactfm72.fr\/wp-content\/uploads\/2022\/09\/microfolie-entr\u00e9e.jpg","type":"image\/jpeg"}],"author":"Val\u00e9rie C.","twitter_card":"summary_large_image","twitter_creator":"@contactfm72","twitter_site":"@contactfm72","twitter_misc":{"\u00c9crit par":"Val\u00e9rie C.","Dur\u00e9e de lecture estim\u00e9e":"3 minutes"},"schema":{"@context":"https:\/\/schema.org","@graph":[{"@type":"Article","@id":"https:\/\/contactfm72.fr\/?p=10907#article","isPartOf":{"@id":"https:\/\/contactfm72.fr\/?p=10907"},"author":{"name":"Val\u00e9rie C.","@id":"https:\/\/contactfm72.fr\/#\/schema\/person\/9fdc9d1c2eb029354a4f1535b90ba82d"},"headline":"Micro-Folie au Lude : une porte d&#8217;entr\u00e9e vers la Culture","datePublished":"2022-09-07T13:00:36+00:00","mainEntityOfPage":{"@id":"https:\/\/contactfm72.fr\/?p=10907"},"wordCount":591,"publisher":{"@id":"https:\/\/contactfm72.fr\/#organization"},"image":{"@id":"https:\/\/contactfm72.fr\/?p=10907#primaryimage"},"thumbnailUrl":"https:\/\/contactfm72.fr\/wp-content\/uploads\/2022\/09\/microfolie-entr\u00e9e.jpg","articleSection":["Contact FM 72"],"inLanguage":"fr-FR"},{"@type":"WebPage","@id":"https:\/\/contactfm72.fr\/?p=10907","url":"https:\/\/contactfm72.fr\/?p=10907","name":"Micro-Folie au Lude : une porte d'entr\u00e9e vers la Culture - Contact FM 99.3","isPartOf":{"@id":"https:\/\/contactfm72.fr\/#website"},"primaryImageOfPage":{"@id":"https:\/\/contactfm72.fr\/?p=10907#primaryimage"},"image":{"@id":"https:\/\/contactfm72.fr\/?p=10907#primaryimage"},"thumbnailUrl":"https:\/\/contactfm72.fr\/wp-content\/uploads\/2022\/09\/microfolie-entr\u00e9e.jpg","datePublished":"2022-09-07T13:00:36+00:00","breadcrumb":{"@id":"https:\/\/contactfm72.fr\/?p=10907#breadcrumb"},"inLanguage":"fr-FR","potentialAction":[{"@type":"ReadAction","target":["https:\/\/contactfm72.fr\/?p=10907"]}]},{"@type":"ImageObject","inLanguage":"fr-FR","@id":"https:\/\/contactfm72.fr\/?p=10907#primaryimage","url":"https:\/\/contactfm72.fr\/wp-content\/uploads\/2022\/09\/microfolie-entr\u00e9e.jpg","contentUrl":"https:\/\/contactfm72.fr\/wp-content\/uploads\/2022\/09\/microfolie-entr\u00e9e.jpg","width":1536,"height":2048,"caption":"De g. \u00e0 dr. V\u00e9ronique Ortet, B\u00e9atrice Latouche et No\u00e9mie Guez."},{"@type":"BreadcrumbList","@id":"https:\/\/contactfm72.fr\/?p=10907#breadcrumb","itemListElement":[{"@type":"ListItem","position":1,"name":"Accueil","item":"https:\/\/contactfm72.fr\/"},{"@type":"ListItem","position":2,"name":"Micro-Folie au Lude : une porte d&#8217;entr\u00e9e vers la Culture"}]},{"@type":"WebSite","@id":"https:\/\/contactfm72.fr\/#website","url":"https:\/\/contactfm72.fr\/","name":"Contact FM 99.3","description":"Votre radio en vall\u00e9e du Loir","publisher":{"@id":"https:\/\/contactfm72.fr\/#organization"},"potentialAction":[{"@type":"SearchAction","target":{"@type":"EntryPoint","urlTemplate":"https:\/\/contactfm72.fr\/?s={search_term_string}"},"query-input":{"@type":"PropertyValueSpecification","valueRequired":true,"valueName":"search_term_string"}}],"inLanguage":"fr-FR"},{"@type":"Organization","@id":"https:\/\/contactfm72.fr\/#organization","name":"Contact FM 99.3","url":"https:\/\/contactfm72.fr\/","logo":{"@type":"ImageObject","inLanguage":"fr-FR","@id":"https:\/\/contactfm72.fr\/#\/schema\/logo\/image\/","url":"https:\/\/contactfm72.fr\/wp-content\/uploads\/2025\/04\/2025-04-18-2.jpg","contentUrl":"https:\/\/contactfm72.fr\/wp-content\/uploads\/2025\/04\/2025-04-18-2.jpg","width":680,"height":307,"caption":"Contact FM 99.3"},"image":{"@id":"https:\/\/contactfm72.fr\/#\/schema\/logo\/image\/"},"sameAs":["https:\/\/www.facebook.com\/Contactfm.Chateauduloir","https:\/\/x.com\/contactfm72","https:\/\/www.instagram.com\/contact.fm.72?igsh=cGhlMHQ5N2JlNnpp","https:\/\/www.tiktok.com\/@contact.fm"]},{"@type":"Person","@id":"https:\/\/contactfm72.fr\/#\/schema\/person\/9fdc9d1c2eb029354a4f1535b90ba82d","name":"Val\u00e9rie C.","image":{"@type":"ImageObject","inLanguage":"fr-FR","@id":"https:\/\/secure.gravatar.com\/avatar\/2f8aa28f8dfbd7d4420afd1fdcdd0a349923e2c8a38ab28198b0f9d0601e4737?s=96&d=mm&r=g","url":"https:\/\/secure.gravatar.com\/avatar\/2f8aa28f8dfbd7d4420afd1fdcdd0a349923e2c8a38ab28198b0f9d0601e4737?s=96&d=mm&r=g","contentUrl":"https:\/\/secure.gravatar.com\/avatar\/2f8aa28f8dfbd7d4420afd1fdcdd0a349923e2c8a38ab28198b0f9d0601e4737?s=96&d=mm&r=g","caption":"Val\u00e9rie C."},"url":"https:\/\/contactfm72.fr\/?author=4"}]}},"_links":{"self":[{"href":"https:\/\/contactfm72.fr\/index.php?rest_route=\/wp\/v2\/posts\/10907","targetHints":{"allow":["GET"]}}],"collection":[{"href":"https:\/\/contactfm72.fr\/index.php?rest_route=\/wp\/v2\/posts"}],"about":[{"href":"https:\/\/contactfm72.fr\/index.php?rest_route=\/wp\/v2\/types\/post"}],"author":[{"embeddable":true,"href":"https:\/\/contactfm72.fr\/index.php?rest_route=\/wp\/v2\/users\/4"}],"replies":[{"embeddable":true,"href":"https:\/\/contactfm72.fr\/index.php?rest_route=%2Fwp%2Fv2%2Fcomments&post=10907"}],"version-history":[{"count":1,"href":"https:\/\/contactfm72.fr\/index.php?rest_route=\/wp\/v2\/posts\/10907\/revisions"}],"predecessor-version":[{"id":10910,"href":"https:\/\/contactfm72.fr\/index.php?rest_route=\/wp\/v2\/posts\/10907\/revisions\/10910"}],"wp:featuredmedia":[{"embeddable":true,"href":"https:\/\/contactfm72.fr\/index.php?rest_route=\/wp\/v2\/media\/10908"}],"wp:attachment":[{"href":"https:\/\/contactfm72.fr\/index.php?rest_route=%2Fwp%2Fv2%2Fmedia&parent=10907"}],"wp:term":[{"taxonomy":"category","embeddable":true,"href":"https:\/\/contactfm72.fr\/index.php?rest_route=%2Fwp%2Fv2%2Fcategories&post=10907"},{"taxonomy":"post_tag","embeddable":true,"href":"https:\/\/contactfm72.fr\/index.php?rest_route=%2Fwp%2Fv2%2Ftags&post=10907"}],"curies":[{"name":"wp","href":"https:\/\/api.w.org\/{rel}","templated":true}]}}