{"id":10883,"date":"2022-09-06T15:00:42","date_gmt":"2022-09-06T13:00:42","guid":{"rendered":"http:\/\/contactfm72.fr\/?p=10883"},"modified":"2022-09-05T10:29:39","modified_gmt":"2022-09-05T08:29:39","slug":"loir-luce-berce-lecole-de-musique-fait-sa-rentree","status":"publish","type":"post","link":"https:\/\/contactfm72.fr\/?p=10883","title":{"rendered":"Loir-Luc\u00e9-Berc\u00e9 : L\u2019\u00e9cole de musique fait sa rentr\u00e9e"},"content":{"rendered":"<h2>Avec d\u00e9j\u00e0 200 inscrits avant m\u00eame la cl\u00f4ture des inscriptions, l\u2019\u00e9cole de musique Loir-Luc\u00e9-Berc\u00e9 surfe sur une vague de succ\u00e8s. Des nouveaut\u00e9s sont au programme cette ann\u00e9e.<\/h2>\n<p>&nbsp;<\/p>\n<p>Les inscriptions ne sont pas termin\u00e9es, et l\u2019<a href=\"https:\/\/www.loirluceberce.fr\/ecole-de-musique-llb\/\"><strong>\u00e9cole de musique de la communaut\u00e9 de communes Loir-Luc\u00e9-Berc\u00e9<\/strong><\/a> enregistre d\u00e9j\u00e0 200 inscriptions. Le <strong>directeur de l\u2019\u00e9cole, R\u00e9gis Andr\u00e9<\/strong>, se dit confiant pour l\u2019avenir\u00a0:<\/p>\n<blockquote><p>\u00ab\u00a0Nous continuons \u00e0 accueillir le public pour les inscriptions et plus particuli\u00e8rement lors de nos portes ouvertes le mercredi 7 septembre de 14h \u00e0 17h chemin des Gourdeaux \u00e0 Mar\u00e7on et parc du Mesnil \u00e0 Montval-sur-Loir. Nous serons \u00e9galement pr\u00e9sents le samedi 10 septembre toute l\u2019apr\u00e8s midi au forum des associations Destin\u2019Asso \u00e0 Montval-sur-Loir et les inscriptions continueront tout le mois de septembre\u00a0\u00bb.<\/p><\/blockquote>\n<p>&nbsp;<\/p>\n<h3><strong>Des ateliers pratiques et de la chorale<\/strong><\/h3>\n<p>Parmi les nouveaut\u00e9s cette ann\u00e9e, une <strong>refonte de l\u2019apprentissage et de la formation musicale<\/strong>. Les cours de formation musicale vont essentiellement se d\u00e9rouler sous la forme <strong>d\u2019ateliers pratiques<\/strong> (rythme, orchestre, cr\u00e9ation musicale, chant&#8230;) au cours desquels les \u00e9l\u00e8ves apprendront la formation musicale.<\/p>\n<blockquote><p>\u00ab Les cours de formation musicale musiques actuelles continuent \u00e0 \u00eatre d\u00e9velopp\u00e9s en parall\u00e8le avec des cours adapt\u00e9s sous forme d\u2019ateliers en pratiques collectives \u00bb, pr\u00e9cise R\u00e9gis Andr\u00e9.<\/p><\/blockquote>\n<p>Cette ann\u00e9e, l\u2019\u00e9cole souhaite mettre en avant sa toute nouvelle <strong>chorale pour enfants pour les 6-12 ans<\/strong>, bas\u00e9e \u00e0 <strong>Montval-sur-Loir,<\/strong> tous les mercredis apr\u00e8s-midi.<\/p>\n<blockquote><p>\u00ab\u00a0Nous p\u00e9rennisons \u00e9galement un stage de chant, un samedi par mois pour les \u00e9l\u00e8ves qui n\u2019ont pas la disponibilit\u00e9 pour venir toutes les semaines \u00e0 l\u2019\u00e9cole de musique\u00a0\u00bb, ajoute le directeur.<\/p><\/blockquote>\n<p>&nbsp;<\/p>\n<h3><strong>Compos\u00e9 avec un professionnel<\/strong><\/h3>\n<p>Plusieurs projets sont annonc\u00e9s, notamment avec l\u2019<strong>association des <a href=\"https:\/\/www.loirluceberce.fr\/les-moulins-de-paillard\/\">Moulins de Paillard<\/a><\/strong>. Les professionnels proposeront un <strong>stage durant les vacances d\u2019avril<\/strong> pour d\u00e9couvrir le monde de la composition avec des enseignants et <strong>un compositeur professionnel<\/strong>.<\/p>\n<blockquote><p>\u00ab\u00a0Nous avons d\u00e9j\u00e0 pr\u00e9vu toujours une grande f\u00eate musicale le 4 juin 2023 sur le site des Moulins de Paillard \u00e0 Ponc\u00e9-sur-le-Loir\u00a0\u00bb, annonce le directeur.<\/p><\/blockquote>\n<p>&nbsp;<\/p>\n<h3><strong>Actions pour les scolaires<\/strong><\/h3>\n<p>Chaque semaine en milieu scolaire, les professionnels continuent de <strong>sensibiliser plus de 1000 enfants<\/strong> \u00e0 la musique avec des interventions. Mais cette ann\u00e9e, l\u2019\u00e9cole lancera une <strong>exp\u00e9rimentation de deux ann\u00e9es pour un projet d\u2019orchestre<\/strong> \u00e0 l\u2019\u00e9cole sur la commune de <strong>Lhomme<\/strong>.<\/p>\n<blockquote><p>\u00ab\u00a0Des enfants de cette \u00e9cole vont exp\u00e9rimenter l\u2019apprentissage d\u2019un instrument \u00e0 cordes et la vie d\u2019un orchestre, directement \u00e0 l\u2019\u00e9cole\u00a0\u00bb, pr\u00e9cise le musicien.<\/p><\/blockquote>\n<p>Dans quatre communes de la collectivit\u00e9, le <strong>com\u00e9dien Aur\u00e9lien Jarry<\/strong>, montera des projets th\u00e9\u00e2tre et musique en milieu scolaire avec les intervenants en musique pour cr\u00e9er un <strong>lien entre les arts<\/strong> qui fasse sens aupr\u00e8s des enfants.<\/p>\n<blockquote><p>\u00ab\u00a0L\u2019objectif de toutes ces actions, c\u2019est bien entendu de permettre \u00e0 acc\u00e8s \u00e0 la culture pour tous\u00a0\u00bb, rappelle R\u00e9gis Andr\u00e9.<\/p><\/blockquote>\n<p>Cette nouvelle ann\u00e9e \u00e0 l&#8217;\u00e9cole de musique s&#8217;annonce donc colorer pour les musiciens !<\/p>\n<p>&nbsp;<\/p>\n<h5>D\u00e9tails de tous les instruments propos\u00e9s \u00e0 l\u2019\u00e9cole de musique sur\u00a0: <a href=\"https:\/\/www.loirluceberce.fr\/\">https:\/\/www.loirluceberce.fr\/<\/a><\/h5>\n<p>&nbsp;<\/p>\n<!-- AddThis Advanced Settings generic via filter on the_content --><!-- AddThis Share Buttons generic via filter on the_content -->","protected":false},"excerpt":{"rendered":"<p>Avec d\u00e9j\u00e0 200 inscrits avant m\u00eame la cl\u00f4ture des inscriptions, l\u2019\u00e9cole de musique Loir-Luc\u00e9-Berc\u00e9 surfe sur une vague de succ\u00e8s. Des nouveaut\u00e9s sont au programme cette ann\u00e9e. &nbsp; Les inscriptions ne sont pas termin\u00e9es, et l\u2019\u00e9cole de musique de la communaut\u00e9 de communes Loir-Luc\u00e9-Berc\u00e9 enregistre d\u00e9j\u00e0 200 inscriptions. Le directeur de l\u2019\u00e9cole, R\u00e9gis Andr\u00e9, se&hellip;<!-- AddThis Advanced Settings generic via filter on get_the_excerpt --><!-- AddThis Share Buttons generic via filter on get_the_excerpt --><\/p>\n","protected":false},"author":4,"featured_media":10885,"comment_status":"closed","ping_status":"open","sticky":false,"template":"","format":"standard","meta":{"footnotes":""},"categories":[1],"tags":[],"class_list":["post-10883","post","type-post","status-publish","format-standard","has-post-thumbnail","hentry","category-contact-fm-72","category-1","description-off"],"yoast_head":"<!-- This site is optimized with the Yoast SEO plugin v27.4 - https:\/\/yoast.com\/product\/yoast-seo-wordpress\/ -->\n<title>Loir-Luc\u00e9-Berc\u00e9 : L\u2019\u00e9cole de musique fait sa rentr\u00e9e - Contact FM 99.3<\/title>\n<meta name=\"robots\" content=\"index, follow, max-snippet:-1, max-image-preview:large, max-video-preview:-1\" \/>\n<link rel=\"canonical\" href=\"https:\/\/contactfm72.fr\/?p=10883\" \/>\n<meta property=\"og:locale\" content=\"fr_FR\" \/>\n<meta property=\"og:type\" content=\"article\" \/>\n<meta property=\"og:title\" content=\"Loir-Luc\u00e9-Berc\u00e9 : L\u2019\u00e9cole de musique fait sa rentr\u00e9e - Contact FM 99.3\" \/>\n<meta property=\"og:description\" content=\"Avec d\u00e9j\u00e0 200 inscrits avant m\u00eame la cl\u00f4ture des inscriptions, l\u2019\u00e9cole de musique Loir-Luc\u00e9-Berc\u00e9 surfe sur une vague de succ\u00e8s. Des nouveaut\u00e9s sont au programme cette ann\u00e9e. &nbsp; Les inscriptions ne sont pas termin\u00e9es, et l\u2019\u00e9cole de musique de la communaut\u00e9 de communes Loir-Luc\u00e9-Berc\u00e9 enregistre d\u00e9j\u00e0 200 inscriptions. Le directeur de l\u2019\u00e9cole, R\u00e9gis Andr\u00e9, se&hellip;\" \/>\n<meta property=\"og:url\" content=\"https:\/\/contactfm72.fr\/?p=10883\" \/>\n<meta property=\"og:site_name\" content=\"Contact FM 99.3\" \/>\n<meta property=\"article:publisher\" content=\"https:\/\/www.facebook.com\/Contactfm.Chateauduloir\" \/>\n<meta property=\"article:published_time\" content=\"2022-09-06T13:00:42+00:00\" \/>\n<meta property=\"og:image\" content=\"https:\/\/contactfm72.fr\/wp-content\/uploads\/2022\/09\/\u00e9cole-musique.jpg\" \/>\n\t<meta property=\"og:image:width\" content=\"2048\" \/>\n\t<meta property=\"og:image:height\" content=\"1536\" \/>\n\t<meta property=\"og:image:type\" content=\"image\/jpeg\" \/>\n<meta name=\"author\" content=\"Val\u00e9rie C.\" \/>\n<meta name=\"twitter:card\" content=\"summary_large_image\" \/>\n<meta name=\"twitter:creator\" content=\"@contactfm72\" \/>\n<meta name=\"twitter:site\" content=\"@contactfm72\" \/>\n<meta name=\"twitter:label1\" content=\"\u00c9crit par\" \/>\n\t<meta name=\"twitter:data1\" content=\"Val\u00e9rie C.\" \/>\n\t<meta name=\"twitter:label2\" content=\"Dur\u00e9e de lecture estim\u00e9e\" \/>\n\t<meta name=\"twitter:data2\" content=\"3 minutes\" \/>\n<script type=\"application\/ld+json\" class=\"yoast-schema-graph\">{\"@context\":\"https:\\\/\\\/schema.org\",\"@graph\":[{\"@type\":\"Article\",\"@id\":\"https:\\\/\\\/contactfm72.fr\\\/?p=10883#article\",\"isPartOf\":{\"@id\":\"https:\\\/\\\/contactfm72.fr\\\/?p=10883\"},\"author\":{\"name\":\"Val\u00e9rie C.\",\"@id\":\"https:\\\/\\\/contactfm72.fr\\\/#\\\/schema\\\/person\\\/9fdc9d1c2eb029354a4f1535b90ba82d\"},\"headline\":\"Loir-Luc\u00e9-Berc\u00e9 : L\u2019\u00e9cole de musique fait sa rentr\u00e9e\",\"datePublished\":\"2022-09-06T13:00:42+00:00\",\"mainEntityOfPage\":{\"@id\":\"https:\\\/\\\/contactfm72.fr\\\/?p=10883\"},\"wordCount\":537,\"publisher\":{\"@id\":\"https:\\\/\\\/contactfm72.fr\\\/#organization\"},\"image\":{\"@id\":\"https:\\\/\\\/contactfm72.fr\\\/?p=10883#primaryimage\"},\"thumbnailUrl\":\"https:\\\/\\\/contactfm72.fr\\\/wp-content\\\/uploads\\\/2022\\\/09\\\/\u00e9cole-musique.jpg\",\"articleSection\":[\"Contact FM 72\"],\"inLanguage\":\"fr-FR\"},{\"@type\":\"WebPage\",\"@id\":\"https:\\\/\\\/contactfm72.fr\\\/?p=10883\",\"url\":\"https:\\\/\\\/contactfm72.fr\\\/?p=10883\",\"name\":\"Loir-Luc\u00e9-Berc\u00e9 : L\u2019\u00e9cole de musique fait sa rentr\u00e9e - Contact FM 99.3\",\"isPartOf\":{\"@id\":\"https:\\\/\\\/contactfm72.fr\\\/#website\"},\"primaryImageOfPage\":{\"@id\":\"https:\\\/\\\/contactfm72.fr\\\/?p=10883#primaryimage\"},\"image\":{\"@id\":\"https:\\\/\\\/contactfm72.fr\\\/?p=10883#primaryimage\"},\"thumbnailUrl\":\"https:\\\/\\\/contactfm72.fr\\\/wp-content\\\/uploads\\\/2022\\\/09\\\/\u00e9cole-musique.jpg\",\"datePublished\":\"2022-09-06T13:00:42+00:00\",\"breadcrumb\":{\"@id\":\"https:\\\/\\\/contactfm72.fr\\\/?p=10883#breadcrumb\"},\"inLanguage\":\"fr-FR\",\"potentialAction\":[{\"@type\":\"ReadAction\",\"target\":[\"https:\\\/\\\/contactfm72.fr\\\/?p=10883\"]}]},{\"@type\":\"ImageObject\",\"inLanguage\":\"fr-FR\",\"@id\":\"https:\\\/\\\/contactfm72.fr\\\/?p=10883#primaryimage\",\"url\":\"https:\\\/\\\/contactfm72.fr\\\/wp-content\\\/uploads\\\/2022\\\/09\\\/\u00e9cole-musique.jpg\",\"contentUrl\":\"https:\\\/\\\/contactfm72.fr\\\/wp-content\\\/uploads\\\/2022\\\/09\\\/\u00e9cole-musique.jpg\",\"width\":2048,\"height\":1536,\"caption\":\"Monique Trotin, vice-pr\u00e9sidente en charge de la Culture pour la communaut\u00e9 de communes Loir-Luc\u00e9-Berc\u00e9, et R\u00e9gis Andr\u00e9, directeur de l'\u00e9cole de musique.\"},{\"@type\":\"BreadcrumbList\",\"@id\":\"https:\\\/\\\/contactfm72.fr\\\/?p=10883#breadcrumb\",\"itemListElement\":[{\"@type\":\"ListItem\",\"position\":1,\"name\":\"Accueil\",\"item\":\"https:\\\/\\\/contactfm72.fr\\\/\"},{\"@type\":\"ListItem\",\"position\":2,\"name\":\"Loir-Luc\u00e9-Berc\u00e9 : L\u2019\u00e9cole de musique fait sa rentr\u00e9e\"}]},{\"@type\":\"WebSite\",\"@id\":\"https:\\\/\\\/contactfm72.fr\\\/#website\",\"url\":\"https:\\\/\\\/contactfm72.fr\\\/\",\"name\":\"Contact FM 99.3\",\"description\":\"Votre radio en vall\u00e9e du Loir\",\"publisher\":{\"@id\":\"https:\\\/\\\/contactfm72.fr\\\/#organization\"},\"potentialAction\":[{\"@type\":\"SearchAction\",\"target\":{\"@type\":\"EntryPoint\",\"urlTemplate\":\"https:\\\/\\\/contactfm72.fr\\\/?s={search_term_string}\"},\"query-input\":{\"@type\":\"PropertyValueSpecification\",\"valueRequired\":true,\"valueName\":\"search_term_string\"}}],\"inLanguage\":\"fr-FR\"},{\"@type\":\"Organization\",\"@id\":\"https:\\\/\\\/contactfm72.fr\\\/#organization\",\"name\":\"Contact FM 99.3\",\"url\":\"https:\\\/\\\/contactfm72.fr\\\/\",\"logo\":{\"@type\":\"ImageObject\",\"inLanguage\":\"fr-FR\",\"@id\":\"https:\\\/\\\/contactfm72.fr\\\/#\\\/schema\\\/logo\\\/image\\\/\",\"url\":\"https:\\\/\\\/contactfm72.fr\\\/wp-content\\\/uploads\\\/2025\\\/04\\\/2025-04-18-2.jpg\",\"contentUrl\":\"https:\\\/\\\/contactfm72.fr\\\/wp-content\\\/uploads\\\/2025\\\/04\\\/2025-04-18-2.jpg\",\"width\":680,\"height\":307,\"caption\":\"Contact FM 99.3\"},\"image\":{\"@id\":\"https:\\\/\\\/contactfm72.fr\\\/#\\\/schema\\\/logo\\\/image\\\/\"},\"sameAs\":[\"https:\\\/\\\/www.facebook.com\\\/Contactfm.Chateauduloir\",\"https:\\\/\\\/x.com\\\/contactfm72\",\"https:\\\/\\\/www.instagram.com\\\/contact.fm.72?igsh=cGhlMHQ5N2JlNnpp\",\"https:\\\/\\\/www.tiktok.com\\\/@contact.fm\"]},{\"@type\":\"Person\",\"@id\":\"https:\\\/\\\/contactfm72.fr\\\/#\\\/schema\\\/person\\\/9fdc9d1c2eb029354a4f1535b90ba82d\",\"name\":\"Val\u00e9rie C.\",\"image\":{\"@type\":\"ImageObject\",\"inLanguage\":\"fr-FR\",\"@id\":\"https:\\\/\\\/secure.gravatar.com\\\/avatar\\\/2f8aa28f8dfbd7d4420afd1fdcdd0a349923e2c8a38ab28198b0f9d0601e4737?s=96&d=mm&r=g\",\"url\":\"https:\\\/\\\/secure.gravatar.com\\\/avatar\\\/2f8aa28f8dfbd7d4420afd1fdcdd0a349923e2c8a38ab28198b0f9d0601e4737?s=96&d=mm&r=g\",\"contentUrl\":\"https:\\\/\\\/secure.gravatar.com\\\/avatar\\\/2f8aa28f8dfbd7d4420afd1fdcdd0a349923e2c8a38ab28198b0f9d0601e4737?s=96&d=mm&r=g\",\"caption\":\"Val\u00e9rie C.\"},\"url\":\"https:\\\/\\\/contactfm72.fr\\\/?author=4\"}]}<\/script>\n<!-- \/ Yoast SEO plugin. -->","yoast_head_json":{"title":"Loir-Luc\u00e9-Berc\u00e9 : L\u2019\u00e9cole de musique fait sa rentr\u00e9e - Contact FM 99.3","robots":{"index":"index","follow":"follow","max-snippet":"max-snippet:-1","max-image-preview":"max-image-preview:large","max-video-preview":"max-video-preview:-1"},"canonical":"https:\/\/contactfm72.fr\/?p=10883","og_locale":"fr_FR","og_type":"article","og_title":"Loir-Luc\u00e9-Berc\u00e9 : L\u2019\u00e9cole de musique fait sa rentr\u00e9e - Contact FM 99.3","og_description":"Avec d\u00e9j\u00e0 200 inscrits avant m\u00eame la cl\u00f4ture des inscriptions, l\u2019\u00e9cole de musique Loir-Luc\u00e9-Berc\u00e9 surfe sur une vague de succ\u00e8s. Des nouveaut\u00e9s sont au programme cette ann\u00e9e. &nbsp; Les inscriptions ne sont pas termin\u00e9es, et l\u2019\u00e9cole de musique de la communaut\u00e9 de communes Loir-Luc\u00e9-Berc\u00e9 enregistre d\u00e9j\u00e0 200 inscriptions. Le directeur de l\u2019\u00e9cole, R\u00e9gis Andr\u00e9, se&hellip;","og_url":"https:\/\/contactfm72.fr\/?p=10883","og_site_name":"Contact FM 99.3","article_publisher":"https:\/\/www.facebook.com\/Contactfm.Chateauduloir","article_published_time":"2022-09-06T13:00:42+00:00","og_image":[{"width":2048,"height":1536,"url":"https:\/\/contactfm72.fr\/wp-content\/uploads\/2022\/09\/\u00e9cole-musique.jpg","type":"image\/jpeg"}],"author":"Val\u00e9rie C.","twitter_card":"summary_large_image","twitter_creator":"@contactfm72","twitter_site":"@contactfm72","twitter_misc":{"\u00c9crit par":"Val\u00e9rie C.","Dur\u00e9e de lecture estim\u00e9e":"3 minutes"},"schema":{"@context":"https:\/\/schema.org","@graph":[{"@type":"Article","@id":"https:\/\/contactfm72.fr\/?p=10883#article","isPartOf":{"@id":"https:\/\/contactfm72.fr\/?p=10883"},"author":{"name":"Val\u00e9rie C.","@id":"https:\/\/contactfm72.fr\/#\/schema\/person\/9fdc9d1c2eb029354a4f1535b90ba82d"},"headline":"Loir-Luc\u00e9-Berc\u00e9 : L\u2019\u00e9cole de musique fait sa rentr\u00e9e","datePublished":"2022-09-06T13:00:42+00:00","mainEntityOfPage":{"@id":"https:\/\/contactfm72.fr\/?p=10883"},"wordCount":537,"publisher":{"@id":"https:\/\/contactfm72.fr\/#organization"},"image":{"@id":"https:\/\/contactfm72.fr\/?p=10883#primaryimage"},"thumbnailUrl":"https:\/\/contactfm72.fr\/wp-content\/uploads\/2022\/09\/\u00e9cole-musique.jpg","articleSection":["Contact FM 72"],"inLanguage":"fr-FR"},{"@type":"WebPage","@id":"https:\/\/contactfm72.fr\/?p=10883","url":"https:\/\/contactfm72.fr\/?p=10883","name":"Loir-Luc\u00e9-Berc\u00e9 : L\u2019\u00e9cole de musique fait sa rentr\u00e9e - Contact FM 99.3","isPartOf":{"@id":"https:\/\/contactfm72.fr\/#website"},"primaryImageOfPage":{"@id":"https:\/\/contactfm72.fr\/?p=10883#primaryimage"},"image":{"@id":"https:\/\/contactfm72.fr\/?p=10883#primaryimage"},"thumbnailUrl":"https:\/\/contactfm72.fr\/wp-content\/uploads\/2022\/09\/\u00e9cole-musique.jpg","datePublished":"2022-09-06T13:00:42+00:00","breadcrumb":{"@id":"https:\/\/contactfm72.fr\/?p=10883#breadcrumb"},"inLanguage":"fr-FR","potentialAction":[{"@type":"ReadAction","target":["https:\/\/contactfm72.fr\/?p=10883"]}]},{"@type":"ImageObject","inLanguage":"fr-FR","@id":"https:\/\/contactfm72.fr\/?p=10883#primaryimage","url":"https:\/\/contactfm72.fr\/wp-content\/uploads\/2022\/09\/\u00e9cole-musique.jpg","contentUrl":"https:\/\/contactfm72.fr\/wp-content\/uploads\/2022\/09\/\u00e9cole-musique.jpg","width":2048,"height":1536,"caption":"Monique Trotin, vice-pr\u00e9sidente en charge de la Culture pour la communaut\u00e9 de communes Loir-Luc\u00e9-Berc\u00e9, et R\u00e9gis Andr\u00e9, directeur de l'\u00e9cole de musique."},{"@type":"BreadcrumbList","@id":"https:\/\/contactfm72.fr\/?p=10883#breadcrumb","itemListElement":[{"@type":"ListItem","position":1,"name":"Accueil","item":"https:\/\/contactfm72.fr\/"},{"@type":"ListItem","position":2,"name":"Loir-Luc\u00e9-Berc\u00e9 : L\u2019\u00e9cole de musique fait sa rentr\u00e9e"}]},{"@type":"WebSite","@id":"https:\/\/contactfm72.fr\/#website","url":"https:\/\/contactfm72.fr\/","name":"Contact FM 99.3","description":"Votre radio en vall\u00e9e du Loir","publisher":{"@id":"https:\/\/contactfm72.fr\/#organization"},"potentialAction":[{"@type":"SearchAction","target":{"@type":"EntryPoint","urlTemplate":"https:\/\/contactfm72.fr\/?s={search_term_string}"},"query-input":{"@type":"PropertyValueSpecification","valueRequired":true,"valueName":"search_term_string"}}],"inLanguage":"fr-FR"},{"@type":"Organization","@id":"https:\/\/contactfm72.fr\/#organization","name":"Contact FM 99.3","url":"https:\/\/contactfm72.fr\/","logo":{"@type":"ImageObject","inLanguage":"fr-FR","@id":"https:\/\/contactfm72.fr\/#\/schema\/logo\/image\/","url":"https:\/\/contactfm72.fr\/wp-content\/uploads\/2025\/04\/2025-04-18-2.jpg","contentUrl":"https:\/\/contactfm72.fr\/wp-content\/uploads\/2025\/04\/2025-04-18-2.jpg","width":680,"height":307,"caption":"Contact FM 99.3"},"image":{"@id":"https:\/\/contactfm72.fr\/#\/schema\/logo\/image\/"},"sameAs":["https:\/\/www.facebook.com\/Contactfm.Chateauduloir","https:\/\/x.com\/contactfm72","https:\/\/www.instagram.com\/contact.fm.72?igsh=cGhlMHQ5N2JlNnpp","https:\/\/www.tiktok.com\/@contact.fm"]},{"@type":"Person","@id":"https:\/\/contactfm72.fr\/#\/schema\/person\/9fdc9d1c2eb029354a4f1535b90ba82d","name":"Val\u00e9rie C.","image":{"@type":"ImageObject","inLanguage":"fr-FR","@id":"https:\/\/secure.gravatar.com\/avatar\/2f8aa28f8dfbd7d4420afd1fdcdd0a349923e2c8a38ab28198b0f9d0601e4737?s=96&d=mm&r=g","url":"https:\/\/secure.gravatar.com\/avatar\/2f8aa28f8dfbd7d4420afd1fdcdd0a349923e2c8a38ab28198b0f9d0601e4737?s=96&d=mm&r=g","contentUrl":"https:\/\/secure.gravatar.com\/avatar\/2f8aa28f8dfbd7d4420afd1fdcdd0a349923e2c8a38ab28198b0f9d0601e4737?s=96&d=mm&r=g","caption":"Val\u00e9rie C."},"url":"https:\/\/contactfm72.fr\/?author=4"}]}},"_links":{"self":[{"href":"https:\/\/contactfm72.fr\/index.php?rest_route=\/wp\/v2\/posts\/10883","targetHints":{"allow":["GET"]}}],"collection":[{"href":"https:\/\/contactfm72.fr\/index.php?rest_route=\/wp\/v2\/posts"}],"about":[{"href":"https:\/\/contactfm72.fr\/index.php?rest_route=\/wp\/v2\/types\/post"}],"author":[{"embeddable":true,"href":"https:\/\/contactfm72.fr\/index.php?rest_route=\/wp\/v2\/users\/4"}],"replies":[{"embeddable":true,"href":"https:\/\/contactfm72.fr\/index.php?rest_route=%2Fwp%2Fv2%2Fcomments&post=10883"}],"version-history":[{"count":1,"href":"https:\/\/contactfm72.fr\/index.php?rest_route=\/wp\/v2\/posts\/10883\/revisions"}],"predecessor-version":[{"id":10886,"href":"https:\/\/contactfm72.fr\/index.php?rest_route=\/wp\/v2\/posts\/10883\/revisions\/10886"}],"wp:featuredmedia":[{"embeddable":true,"href":"https:\/\/contactfm72.fr\/index.php?rest_route=\/wp\/v2\/media\/10885"}],"wp:attachment":[{"href":"https:\/\/contactfm72.fr\/index.php?rest_route=%2Fwp%2Fv2%2Fmedia&parent=10883"}],"wp:term":[{"taxonomy":"category","embeddable":true,"href":"https:\/\/contactfm72.fr\/index.php?rest_route=%2Fwp%2Fv2%2Fcategories&post=10883"},{"taxonomy":"post_tag","embeddable":true,"href":"https:\/\/contactfm72.fr\/index.php?rest_route=%2Fwp%2Fv2%2Ftags&post=10883"}],"curies":[{"name":"wp","href":"https:\/\/api.w.org\/{rel}","templated":true}]}}