{"id":10855,"date":"2022-09-02T15:00:18","date_gmt":"2022-09-02T13:00:18","guid":{"rendered":"http:\/\/contactfm72.fr\/?p=10855"},"modified":"2022-09-02T10:36:15","modified_gmt":"2022-09-02T08:36:15","slug":"aubigne-racan-apres-huit-ans-dabsence-le-comice-est-de-retour","status":"publish","type":"post","link":"https:\/\/contactfm72.fr\/?p=10855","title":{"rendered":"Aubign\u00e9-Racan : Apr\u00e8s huit ans d\u2019absence, le comice est de retour"},"content":{"rendered":"<h2>Le comice agricole fait son grand retour \u00e0 Aubign\u00e9-Racan le samedi 3 et dimanche 4 septembre apr\u00e8s huit ann\u00e9es d\u2019absence. On vous donne le programme du week-end.<\/h2>\n<p>&nbsp;<\/p>\n<p>&nbsp;<\/p>\n<p>Huit. C\u2019est le nombre d\u2019ann\u00e9es qu\u2019il a fallu attendre avant de voir de nouveau le<strong> comice du secteur de Mayet<\/strong> poser ses valises \u00e0 <strong>Aubign\u00e9-Racan<\/strong>. Le week-end du <strong>3 et 4 septembre<\/strong>, le village accueillera donc le comice agricole, et les b\u00e9n\u00e9voles sont tr\u00e8s press\u00e9s ! Les festivit\u00e9s se d\u00e9rouleront <strong>rue du 11 novembre<\/strong>.<\/p>\n<p>Au programme de ce week-end charg\u00e9\u00a0:<\/p>\n<p>&nbsp;<\/p>\n<h3>Samedi 3 septembre<\/h3>\n<p>D\u00e8s 10h30, les <strong>animaux et exposants<\/strong> se mettront en place pour accueillir les nombreux visiteurs du week-end, mais le <strong>comice ouvrira officiellement ses portes d\u00e8s 13h30<\/strong>.<\/p>\n<p>\u00c0 partir de 14h, les visiteurs pourront (re)d\u00e9couvrir le <strong>battage \u00e0 l\u2019ancienne<\/strong>, d\u00e9monstration phare du monde rural. D\u00e8s 15h30, le comice accueillera les \u00e9lus du territoire, accompagn\u00e9 de la <strong>Musique de Mayet<\/strong>. Le vin d\u2019honneur sera donn\u00e9 d\u00e8s 17h30.<\/p>\n<p>Enfin, cette premi\u00e8re journ\u00e9e de festivit\u00e9s se cl\u00f4tura avec un <strong>d\u00eener spectacle avec Kalido<\/strong> \u00e0 la salle des f\u00eates. Ce spectacle sera uniquement sur r\u00e9servation.<\/p>\n<p>&nbsp;<\/p>\n<h3><strong>Dimanche 4 septembre<\/strong><\/h3>\n<p>Cette deuxi\u00e8me et derni\u00e8re journ\u00e9e d\u00e9butera d\u00e8s 9h avec le <strong>concours de labour<\/strong>, route du Lude. Puis, \u00e0 10h30, les <strong>cors de chasse<\/strong> se feront entendre via la<strong> messe de Saint Hubert<\/strong>.<\/p>\n<p>D\u00e8s 14h, le d\u00e9part du d\u00e9fil\u00e9 avec voitures anciennes, chars de diff\u00e9rentes associations, v\u00e9los d\u00e9cor\u00e9s par les enfants, le groupe de <strong>danses country<\/strong>, les<strong> Galaxy\u2019s 2000<\/strong>, les sourdingues, les \u00e9chos du Point du Jour, et enfin les tracteurs du concours de labour des <strong>Jeunes Agriculteurs<\/strong>.<\/p>\n<p>Puis, \u00e0 15h, des spectacles et animations sur le <strong>podium<\/strong>, et enfin, \u00e0 18h, le tirage de la tombola.<\/p>\n<p>&nbsp;<\/p>\n<p>Sur ces deux journ\u00e9es, la <strong>restauration sera possible<\/strong> le midi avec un plateau repas \u00e0 12\u20ac, saucisses, merguez, frites.<\/p>\n<p>\u00c9galement, durant ces deux jours de comice, le <strong>forum des associations d\u2019Aubign\u00e9-Racan<\/strong>, <strong>f\u00eate foraine<\/strong>, et<strong> exposition commerciale<\/strong>.<\/p>\n<p>Avec toutes ses activit\u00e9s propos\u00e9es, il sera possible de s\u2019ennuyer, le week-end du 3 et 4 septembre \u00e0 Aubign\u00e9-Racan !<\/p>\n<!-- AddThis Advanced Settings generic via filter on the_content --><!-- AddThis Share Buttons generic via filter on the_content -->","protected":false},"excerpt":{"rendered":"<p>Le comice agricole fait son grand retour \u00e0 Aubign\u00e9-Racan le samedi 3 et dimanche 4 septembre apr\u00e8s huit ann\u00e9es d\u2019absence. On vous donne le programme du week-end. &nbsp; &nbsp; Huit. C\u2019est le nombre d\u2019ann\u00e9es qu\u2019il a fallu attendre avant de voir de nouveau le comice du secteur de Mayet poser ses valises \u00e0 Aubign\u00e9-Racan. Le&hellip;<!-- AddThis Advanced Settings generic via filter on get_the_excerpt --><!-- AddThis Share Buttons generic via filter on get_the_excerpt --><\/p>\n","protected":false},"author":4,"featured_media":10856,"comment_status":"closed","ping_status":"open","sticky":false,"template":"","format":"standard","meta":{"footnotes":""},"categories":[1],"tags":[],"class_list":["post-10855","post","type-post","status-publish","format-standard","has-post-thumbnail","hentry","category-contact-fm-72","category-1","description-off"],"yoast_head":"<!-- This site is optimized with the Yoast SEO plugin v27.4 - https:\/\/yoast.com\/product\/yoast-seo-wordpress\/ -->\n<title>Aubign\u00e9-Racan : Apr\u00e8s huit ans d\u2019absence, le comice est de retour - Contact FM 99.3<\/title>\n<meta name=\"robots\" content=\"index, follow, max-snippet:-1, max-image-preview:large, max-video-preview:-1\" \/>\n<link rel=\"canonical\" href=\"https:\/\/contactfm72.fr\/?p=10855\" \/>\n<meta property=\"og:locale\" content=\"fr_FR\" \/>\n<meta property=\"og:type\" content=\"article\" \/>\n<meta property=\"og:title\" content=\"Aubign\u00e9-Racan : Apr\u00e8s huit ans d\u2019absence, le comice est de retour - Contact FM 99.3\" \/>\n<meta property=\"og:description\" content=\"Le comice agricole fait son grand retour \u00e0 Aubign\u00e9-Racan le samedi 3 et dimanche 4 septembre apr\u00e8s huit ann\u00e9es d\u2019absence. On vous donne le programme du week-end. &nbsp; &nbsp; Huit. C\u2019est le nombre d\u2019ann\u00e9es qu\u2019il a fallu attendre avant de voir de nouveau le comice du secteur de Mayet poser ses valises \u00e0 Aubign\u00e9-Racan. Le&hellip;\" \/>\n<meta property=\"og:url\" content=\"https:\/\/contactfm72.fr\/?p=10855\" \/>\n<meta property=\"og:site_name\" content=\"Contact FM 99.3\" \/>\n<meta property=\"article:publisher\" content=\"https:\/\/www.facebook.com\/Contactfm.Chateauduloir\" \/>\n<meta property=\"article:published_time\" content=\"2022-09-02T13:00:18+00:00\" \/>\n<meta property=\"og:image\" content=\"https:\/\/contactfm72.fr\/wp-content\/uploads\/2022\/09\/Comice-agricole-Char.jpg\" \/>\n\t<meta property=\"og:image:width\" content=\"2447\" \/>\n\t<meta property=\"og:image:height\" content=\"1749\" \/>\n\t<meta property=\"og:image:type\" content=\"image\/jpeg\" \/>\n<meta name=\"author\" content=\"Val\u00e9rie C.\" \/>\n<meta name=\"twitter:card\" content=\"summary_large_image\" \/>\n<meta name=\"twitter:creator\" content=\"@contactfm72\" \/>\n<meta name=\"twitter:site\" content=\"@contactfm72\" \/>\n<meta name=\"twitter:label1\" content=\"\u00c9crit par\" \/>\n\t<meta name=\"twitter:data1\" content=\"Val\u00e9rie C.\" \/>\n\t<meta name=\"twitter:label2\" content=\"Dur\u00e9e de lecture estim\u00e9e\" \/>\n\t<meta name=\"twitter:data2\" content=\"2 minutes\" \/>\n<script type=\"application\/ld+json\" class=\"yoast-schema-graph\">{\"@context\":\"https:\\\/\\\/schema.org\",\"@graph\":[{\"@type\":\"Article\",\"@id\":\"https:\\\/\\\/contactfm72.fr\\\/?p=10855#article\",\"isPartOf\":{\"@id\":\"https:\\\/\\\/contactfm72.fr\\\/?p=10855\"},\"author\":{\"name\":\"Val\u00e9rie C.\",\"@id\":\"https:\\\/\\\/contactfm72.fr\\\/#\\\/schema\\\/person\\\/9fdc9d1c2eb029354a4f1535b90ba82d\"},\"headline\":\"Aubign\u00e9-Racan : Apr\u00e8s huit ans d\u2019absence, le comice est de retour\",\"datePublished\":\"2022-09-02T13:00:18+00:00\",\"mainEntityOfPage\":{\"@id\":\"https:\\\/\\\/contactfm72.fr\\\/?p=10855\"},\"wordCount\":382,\"publisher\":{\"@id\":\"https:\\\/\\\/contactfm72.fr\\\/#organization\"},\"image\":{\"@id\":\"https:\\\/\\\/contactfm72.fr\\\/?p=10855#primaryimage\"},\"thumbnailUrl\":\"https:\\\/\\\/contactfm72.fr\\\/wp-content\\\/uploads\\\/2022\\\/09\\\/Comice-agricole-Char.jpg\",\"articleSection\":[\"Contact FM 72\"],\"inLanguage\":\"fr-FR\"},{\"@type\":\"WebPage\",\"@id\":\"https:\\\/\\\/contactfm72.fr\\\/?p=10855\",\"url\":\"https:\\\/\\\/contactfm72.fr\\\/?p=10855\",\"name\":\"Aubign\u00e9-Racan : Apr\u00e8s huit ans d\u2019absence, le comice est de retour - Contact FM 99.3\",\"isPartOf\":{\"@id\":\"https:\\\/\\\/contactfm72.fr\\\/#website\"},\"primaryImageOfPage\":{\"@id\":\"https:\\\/\\\/contactfm72.fr\\\/?p=10855#primaryimage\"},\"image\":{\"@id\":\"https:\\\/\\\/contactfm72.fr\\\/?p=10855#primaryimage\"},\"thumbnailUrl\":\"https:\\\/\\\/contactfm72.fr\\\/wp-content\\\/uploads\\\/2022\\\/09\\\/Comice-agricole-Char.jpg\",\"datePublished\":\"2022-09-02T13:00:18+00:00\",\"breadcrumb\":{\"@id\":\"https:\\\/\\\/contactfm72.fr\\\/?p=10855#breadcrumb\"},\"inLanguage\":\"fr-FR\",\"potentialAction\":[{\"@type\":\"ReadAction\",\"target\":[\"https:\\\/\\\/contactfm72.fr\\\/?p=10855\"]}]},{\"@type\":\"ImageObject\",\"inLanguage\":\"fr-FR\",\"@id\":\"https:\\\/\\\/contactfm72.fr\\\/?p=10855#primaryimage\",\"url\":\"https:\\\/\\\/contactfm72.fr\\\/wp-content\\\/uploads\\\/2022\\\/09\\\/Comice-agricole-Char.jpg\",\"contentUrl\":\"https:\\\/\\\/contactfm72.fr\\\/wp-content\\\/uploads\\\/2022\\\/09\\\/Comice-agricole-Char.jpg\",\"width\":2447,\"height\":1749,\"caption\":\"Image d'illustration. Un d\u00e9fil\u00e9 sera organis\u00e9 lors du comice agricole organis\u00e9 \u00e0 Aubign\u00e9-Racan. Cr\u00e9dits: PENTAX Image\"},{\"@type\":\"BreadcrumbList\",\"@id\":\"https:\\\/\\\/contactfm72.fr\\\/?p=10855#breadcrumb\",\"itemListElement\":[{\"@type\":\"ListItem\",\"position\":1,\"name\":\"Accueil\",\"item\":\"https:\\\/\\\/contactfm72.fr\\\/\"},{\"@type\":\"ListItem\",\"position\":2,\"name\":\"Aubign\u00e9-Racan : Apr\u00e8s huit ans d\u2019absence, le comice est de retour\"}]},{\"@type\":\"WebSite\",\"@id\":\"https:\\\/\\\/contactfm72.fr\\\/#website\",\"url\":\"https:\\\/\\\/contactfm72.fr\\\/\",\"name\":\"Contact FM 99.3\",\"description\":\"Votre radio en vall\u00e9e du Loir\",\"publisher\":{\"@id\":\"https:\\\/\\\/contactfm72.fr\\\/#organization\"},\"potentialAction\":[{\"@type\":\"SearchAction\",\"target\":{\"@type\":\"EntryPoint\",\"urlTemplate\":\"https:\\\/\\\/contactfm72.fr\\\/?s={search_term_string}\"},\"query-input\":{\"@type\":\"PropertyValueSpecification\",\"valueRequired\":true,\"valueName\":\"search_term_string\"}}],\"inLanguage\":\"fr-FR\"},{\"@type\":\"Organization\",\"@id\":\"https:\\\/\\\/contactfm72.fr\\\/#organization\",\"name\":\"Contact FM 99.3\",\"url\":\"https:\\\/\\\/contactfm72.fr\\\/\",\"logo\":{\"@type\":\"ImageObject\",\"inLanguage\":\"fr-FR\",\"@id\":\"https:\\\/\\\/contactfm72.fr\\\/#\\\/schema\\\/logo\\\/image\\\/\",\"url\":\"https:\\\/\\\/contactfm72.fr\\\/wp-content\\\/uploads\\\/2025\\\/04\\\/2025-04-18-2.jpg\",\"contentUrl\":\"https:\\\/\\\/contactfm72.fr\\\/wp-content\\\/uploads\\\/2025\\\/04\\\/2025-04-18-2.jpg\",\"width\":680,\"height\":307,\"caption\":\"Contact FM 99.3\"},\"image\":{\"@id\":\"https:\\\/\\\/contactfm72.fr\\\/#\\\/schema\\\/logo\\\/image\\\/\"},\"sameAs\":[\"https:\\\/\\\/www.facebook.com\\\/Contactfm.Chateauduloir\",\"https:\\\/\\\/x.com\\\/contactfm72\",\"https:\\\/\\\/www.instagram.com\\\/contact.fm.72?igsh=cGhlMHQ5N2JlNnpp\",\"https:\\\/\\\/www.tiktok.com\\\/@contact.fm\"]},{\"@type\":\"Person\",\"@id\":\"https:\\\/\\\/contactfm72.fr\\\/#\\\/schema\\\/person\\\/9fdc9d1c2eb029354a4f1535b90ba82d\",\"name\":\"Val\u00e9rie C.\",\"image\":{\"@type\":\"ImageObject\",\"inLanguage\":\"fr-FR\",\"@id\":\"https:\\\/\\\/secure.gravatar.com\\\/avatar\\\/2f8aa28f8dfbd7d4420afd1fdcdd0a349923e2c8a38ab28198b0f9d0601e4737?s=96&d=mm&r=g\",\"url\":\"https:\\\/\\\/secure.gravatar.com\\\/avatar\\\/2f8aa28f8dfbd7d4420afd1fdcdd0a349923e2c8a38ab28198b0f9d0601e4737?s=96&d=mm&r=g\",\"contentUrl\":\"https:\\\/\\\/secure.gravatar.com\\\/avatar\\\/2f8aa28f8dfbd7d4420afd1fdcdd0a349923e2c8a38ab28198b0f9d0601e4737?s=96&d=mm&r=g\",\"caption\":\"Val\u00e9rie C.\"},\"url\":\"https:\\\/\\\/contactfm72.fr\\\/?author=4\"}]}<\/script>\n<!-- \/ Yoast SEO plugin. -->","yoast_head_json":{"title":"Aubign\u00e9-Racan : Apr\u00e8s huit ans d\u2019absence, le comice est de retour - Contact FM 99.3","robots":{"index":"index","follow":"follow","max-snippet":"max-snippet:-1","max-image-preview":"max-image-preview:large","max-video-preview":"max-video-preview:-1"},"canonical":"https:\/\/contactfm72.fr\/?p=10855","og_locale":"fr_FR","og_type":"article","og_title":"Aubign\u00e9-Racan : Apr\u00e8s huit ans d\u2019absence, le comice est de retour - Contact FM 99.3","og_description":"Le comice agricole fait son grand retour \u00e0 Aubign\u00e9-Racan le samedi 3 et dimanche 4 septembre apr\u00e8s huit ann\u00e9es d\u2019absence. On vous donne le programme du week-end. &nbsp; &nbsp; Huit. C\u2019est le nombre d\u2019ann\u00e9es qu\u2019il a fallu attendre avant de voir de nouveau le comice du secteur de Mayet poser ses valises \u00e0 Aubign\u00e9-Racan. Le&hellip;","og_url":"https:\/\/contactfm72.fr\/?p=10855","og_site_name":"Contact FM 99.3","article_publisher":"https:\/\/www.facebook.com\/Contactfm.Chateauduloir","article_published_time":"2022-09-02T13:00:18+00:00","og_image":[{"width":2447,"height":1749,"url":"https:\/\/contactfm72.fr\/wp-content\/uploads\/2022\/09\/Comice-agricole-Char.jpg","type":"image\/jpeg"}],"author":"Val\u00e9rie C.","twitter_card":"summary_large_image","twitter_creator":"@contactfm72","twitter_site":"@contactfm72","twitter_misc":{"\u00c9crit par":"Val\u00e9rie C.","Dur\u00e9e de lecture estim\u00e9e":"2 minutes"},"schema":{"@context":"https:\/\/schema.org","@graph":[{"@type":"Article","@id":"https:\/\/contactfm72.fr\/?p=10855#article","isPartOf":{"@id":"https:\/\/contactfm72.fr\/?p=10855"},"author":{"name":"Val\u00e9rie C.","@id":"https:\/\/contactfm72.fr\/#\/schema\/person\/9fdc9d1c2eb029354a4f1535b90ba82d"},"headline":"Aubign\u00e9-Racan : Apr\u00e8s huit ans d\u2019absence, le comice est de retour","datePublished":"2022-09-02T13:00:18+00:00","mainEntityOfPage":{"@id":"https:\/\/contactfm72.fr\/?p=10855"},"wordCount":382,"publisher":{"@id":"https:\/\/contactfm72.fr\/#organization"},"image":{"@id":"https:\/\/contactfm72.fr\/?p=10855#primaryimage"},"thumbnailUrl":"https:\/\/contactfm72.fr\/wp-content\/uploads\/2022\/09\/Comice-agricole-Char.jpg","articleSection":["Contact FM 72"],"inLanguage":"fr-FR"},{"@type":"WebPage","@id":"https:\/\/contactfm72.fr\/?p=10855","url":"https:\/\/contactfm72.fr\/?p=10855","name":"Aubign\u00e9-Racan : Apr\u00e8s huit ans d\u2019absence, le comice est de retour - Contact FM 99.3","isPartOf":{"@id":"https:\/\/contactfm72.fr\/#website"},"primaryImageOfPage":{"@id":"https:\/\/contactfm72.fr\/?p=10855#primaryimage"},"image":{"@id":"https:\/\/contactfm72.fr\/?p=10855#primaryimage"},"thumbnailUrl":"https:\/\/contactfm72.fr\/wp-content\/uploads\/2022\/09\/Comice-agricole-Char.jpg","datePublished":"2022-09-02T13:00:18+00:00","breadcrumb":{"@id":"https:\/\/contactfm72.fr\/?p=10855#breadcrumb"},"inLanguage":"fr-FR","potentialAction":[{"@type":"ReadAction","target":["https:\/\/contactfm72.fr\/?p=10855"]}]},{"@type":"ImageObject","inLanguage":"fr-FR","@id":"https:\/\/contactfm72.fr\/?p=10855#primaryimage","url":"https:\/\/contactfm72.fr\/wp-content\/uploads\/2022\/09\/Comice-agricole-Char.jpg","contentUrl":"https:\/\/contactfm72.fr\/wp-content\/uploads\/2022\/09\/Comice-agricole-Char.jpg","width":2447,"height":1749,"caption":"Image d'illustration. Un d\u00e9fil\u00e9 sera organis\u00e9 lors du comice agricole organis\u00e9 \u00e0 Aubign\u00e9-Racan. Cr\u00e9dits: PENTAX Image"},{"@type":"BreadcrumbList","@id":"https:\/\/contactfm72.fr\/?p=10855#breadcrumb","itemListElement":[{"@type":"ListItem","position":1,"name":"Accueil","item":"https:\/\/contactfm72.fr\/"},{"@type":"ListItem","position":2,"name":"Aubign\u00e9-Racan : Apr\u00e8s huit ans d\u2019absence, le comice est de retour"}]},{"@type":"WebSite","@id":"https:\/\/contactfm72.fr\/#website","url":"https:\/\/contactfm72.fr\/","name":"Contact FM 99.3","description":"Votre radio en vall\u00e9e du Loir","publisher":{"@id":"https:\/\/contactfm72.fr\/#organization"},"potentialAction":[{"@type":"SearchAction","target":{"@type":"EntryPoint","urlTemplate":"https:\/\/contactfm72.fr\/?s={search_term_string}"},"query-input":{"@type":"PropertyValueSpecification","valueRequired":true,"valueName":"search_term_string"}}],"inLanguage":"fr-FR"},{"@type":"Organization","@id":"https:\/\/contactfm72.fr\/#organization","name":"Contact FM 99.3","url":"https:\/\/contactfm72.fr\/","logo":{"@type":"ImageObject","inLanguage":"fr-FR","@id":"https:\/\/contactfm72.fr\/#\/schema\/logo\/image\/","url":"https:\/\/contactfm72.fr\/wp-content\/uploads\/2025\/04\/2025-04-18-2.jpg","contentUrl":"https:\/\/contactfm72.fr\/wp-content\/uploads\/2025\/04\/2025-04-18-2.jpg","width":680,"height":307,"caption":"Contact FM 99.3"},"image":{"@id":"https:\/\/contactfm72.fr\/#\/schema\/logo\/image\/"},"sameAs":["https:\/\/www.facebook.com\/Contactfm.Chateauduloir","https:\/\/x.com\/contactfm72","https:\/\/www.instagram.com\/contact.fm.72?igsh=cGhlMHQ5N2JlNnpp","https:\/\/www.tiktok.com\/@contact.fm"]},{"@type":"Person","@id":"https:\/\/contactfm72.fr\/#\/schema\/person\/9fdc9d1c2eb029354a4f1535b90ba82d","name":"Val\u00e9rie C.","image":{"@type":"ImageObject","inLanguage":"fr-FR","@id":"https:\/\/secure.gravatar.com\/avatar\/2f8aa28f8dfbd7d4420afd1fdcdd0a349923e2c8a38ab28198b0f9d0601e4737?s=96&d=mm&r=g","url":"https:\/\/secure.gravatar.com\/avatar\/2f8aa28f8dfbd7d4420afd1fdcdd0a349923e2c8a38ab28198b0f9d0601e4737?s=96&d=mm&r=g","contentUrl":"https:\/\/secure.gravatar.com\/avatar\/2f8aa28f8dfbd7d4420afd1fdcdd0a349923e2c8a38ab28198b0f9d0601e4737?s=96&d=mm&r=g","caption":"Val\u00e9rie C."},"url":"https:\/\/contactfm72.fr\/?author=4"}]}},"_links":{"self":[{"href":"https:\/\/contactfm72.fr\/index.php?rest_route=\/wp\/v2\/posts\/10855","targetHints":{"allow":["GET"]}}],"collection":[{"href":"https:\/\/contactfm72.fr\/index.php?rest_route=\/wp\/v2\/posts"}],"about":[{"href":"https:\/\/contactfm72.fr\/index.php?rest_route=\/wp\/v2\/types\/post"}],"author":[{"embeddable":true,"href":"https:\/\/contactfm72.fr\/index.php?rest_route=\/wp\/v2\/users\/4"}],"replies":[{"embeddable":true,"href":"https:\/\/contactfm72.fr\/index.php?rest_route=%2Fwp%2Fv2%2Fcomments&post=10855"}],"version-history":[{"count":1,"href":"https:\/\/contactfm72.fr\/index.php?rest_route=\/wp\/v2\/posts\/10855\/revisions"}],"predecessor-version":[{"id":10857,"href":"https:\/\/contactfm72.fr\/index.php?rest_route=\/wp\/v2\/posts\/10855\/revisions\/10857"}],"wp:featuredmedia":[{"embeddable":true,"href":"https:\/\/contactfm72.fr\/index.php?rest_route=\/wp\/v2\/media\/10856"}],"wp:attachment":[{"href":"https:\/\/contactfm72.fr\/index.php?rest_route=%2Fwp%2Fv2%2Fmedia&parent=10855"}],"wp:term":[{"taxonomy":"category","embeddable":true,"href":"https:\/\/contactfm72.fr\/index.php?rest_route=%2Fwp%2Fv2%2Fcategories&post=10855"},{"taxonomy":"post_tag","embeddable":true,"href":"https:\/\/contactfm72.fr\/index.php?rest_route=%2Fwp%2Fv2%2Ftags&post=10855"}],"curies":[{"name":"wp","href":"https:\/\/api.w.org\/{rel}","templated":true}]}}