{"id":10832,"date":"2022-09-07T11:05:35","date_gmt":"2022-09-07T09:05:35","guid":{"rendered":"http:\/\/contactfm72.fr\/?p=10832"},"modified":"2022-09-07T11:16:58","modified_gmt":"2022-09-07T09:16:58","slug":"jupilles-lassemblage-le-festival-dart-en-paysage-revient-pour-une-4e-edition","status":"publish","type":"post","link":"https:\/\/contactfm72.fr\/?p=10832","title":{"rendered":"Jupilles : L\u2019Assemblage, le festival d\u2019Art en Paysage, revient pour une 4\u00e8 \u00e9dition"},"content":{"rendered":"<h2>L\u2019Assemblage, le festival de l\u2019aire de cr\u00e9ation artistique de l\u2019\u00c9bauche, au c\u0153ur de Jupilles, revient pour une 4<sup>\u00e8me<\/sup> \u00e9dition les 10 et 11 septembre. Au programme, de la danse, parole et musique et un nouveau partenariat avec la municipalit\u00e9.<\/h2>\n<p>&nbsp;<\/p>\n<p>C\u2019est la premi\u00e8re \u00e9dition de ce festival depuis la fin de la crise sanitaire et les artistes ont h\u00e2te de retrouver leur public.<\/p>\n<p><a href=\"https:\/\/gaellegueranger.com\/\"><strong>L\u2019\u00c9bauche<\/strong><\/a>,<strong> aire de cr\u00e9ation artistique<\/strong> situ\u00e9e au c\u0153ur de <strong>Jupilles<\/strong>, \u00e0 deux pas de la<strong> for\u00eat de Berc\u00e9<\/strong>, dans le sud <strong>Sarthe<\/strong>, organise son <strong>festival d\u2019Art en Paysage<\/strong>, <strong>l\u2019Assemblage<\/strong>, pour la quatri\u00e8me fois de son histoire.<\/p>\n<blockquote><p>\u00ab On vient juste de cr\u00e9er notre lieu, et on a \u00e9t\u00e9 tr\u00e8s impact\u00e9 par la crise sanitaire \u00bb, introduisent Ga\u00eblle Gu\u00e9ranger, chor\u00e9graphe et metteuse en sc\u00e8ne, et Lo\u00efc Richard, r\u00e9gisseur de sc\u00e8ne et collaborateur artistique.<\/p><\/blockquote>\n<p>&nbsp;<\/p>\n<h3><strong>De l\u2019art en for\u00eat <\/strong><\/h3>\n<p>C\u2019est la philosophie de ce festival et plus globalement de ce lieu artistique\u00a0: <strong>cr\u00e9er beaucoup avec tr\u00e8s peu<\/strong>. L\u2019Assemblage est un temps pendant lequel artistes et public se <strong>c\u00f4toient, se rencontrent, \u00e9changent, mais aussi s\u2019attablent<\/strong> car <strong>Ga\u00eblle Gu\u00e9ranger et Lo\u00efc Richard<\/strong> accueille le temps du festival les 14 artistes pr\u00e9vus au programme :<\/p>\n<blockquote><p>\u00ab\u00a0Toute notre \u00e9quipe assure l\u2019accueille de ces artistes au sein de l\u2019\u00c9bauche\u00a0\u00bb, pr\u00e9cise Ga\u00eblle Gu\u00e9ranger.<\/p><\/blockquote>\n<p>Les artistes proposeront de la <strong>danse, des mots, de la mati\u00e8re, du son <\/strong>qui \u0153uvrent <strong>en lien avec les paysages<\/strong>, s\u2019inspirent d\u2019une vie dehors, s\u2019essayent en for\u00eat, d\u00e9cident de cr\u00e9er avec <strong>ce qui les entoure<\/strong>, et rencontrent l\u2019autre, un public-convive, \u00e0 m\u00eame le sol.<\/p>\n<p>&nbsp;<\/p>\n<h3><strong>Pluridisciplinaires<\/strong><\/h3>\n<p>Les deux associ\u00e9s ont re\u00e7u pas moins de <strong>200 candidatures<\/strong> suite \u00e0 leur appel d\u2019offre. Ils en ont retenus seulement <strong>six\u00a0<\/strong>:<\/p>\n<blockquote><p>\u00ab\u00a0On a mis l\u2019accent sur les comp\u00e9tences pluridisciplinaires des artistes. On a choisi de la danse bien s\u00fbr, mais aussi du chant, de l\u2019humour aussi\u00a0\u00bb, indique la chor\u00e9graphe.<\/p><\/blockquote>\n<p>Plusieurs autres crit\u00e8res ont \u00e9t\u00e9 \u00e9galement importants, comme l\u2019<strong>emprunte carbone<\/strong>\u00a0: \u00ab\u00a0On a souhait\u00e9 ne pas choisir deux danseuses espagnoles. Ce qu\u2019elles proposaient \u00e9tait incroyables, mais elle n\u2019avait aucune autre date en France et allaient prendre l\u2019avion que pour nous\u00a0\u00bb, continue l\u2019artiste.<\/p>\n<p>&nbsp;<\/p>\n<h3><strong>Un partenariat avec la municipalit\u00e9<\/strong><\/h3>\n<p>Tous les spectacles auront lieu <strong>au sein de <a href=\"https:\/\/www.facebook.com\/L.EBAUCHE.Jupilles\/\">l\u2019\u00c9bauche<\/a><\/strong>, except\u00e9 un seul, celui des artistes de la <strong>Cie <a href=\"https:\/\/www.facebook.com\/ciechoari\">C\u2019Hoari<\/a>.<\/strong> Nolween Ferry et Pauline Sonnic, par le biais de leur spectacle <strong>\u00ab\u00a0Tsef Zon(e)\u00a0\u00bb<\/strong>, revisiteront le <strong>c\u00e9l\u00e8bre Fest-noz<\/strong> breton.<\/p>\n<blockquote><p>\u00ab\u00a0Les deux danseuses seront sur la place du march\u00e9, le dimanche 11 septembre d\u00e8s 11h30. Ce spectacle est en partenariat avec la municipalit\u00e9 de Jupilles. Il y aura une surprise \u00e0 la fin de l\u2019interpr\u00e9tation\u00a0\u00bb, pr\u00e9cise Ga\u00eblle Gu\u00e9ranger.<\/p><\/blockquote>\n<p>&nbsp;<\/p>\n<h3><strong>Le programme de l\u2019Assemblage<\/strong><\/h3>\n<p>L\u2019Assemblage <strong>d\u00e9butera le samedi 10 septembre d\u00e8s 16h.<\/strong> <strong>\u00ab\u00a0La Ferme\u00a0\u00bb<\/strong>, nom du spectacle, sera propos\u00e9 par la<a href=\"https:\/\/www.facebook.com\/CompagnieLYeuse\/\"> <strong>Cie L\u2019Yeuse<\/strong><\/a>.<\/p>\n<p>D\u00e8s 17h30, une nouvelle <a href=\"https:\/\/www.facebook.com\/Collectif.O.77\">Cie,<strong> \u00ab\u00a0Collectif \u00d4 77\u00a0\u00bb<\/strong><\/a> proposera <strong>\u00ab\u00a0So\u00a0\u00bb<\/strong>, o\u00f9 un trio de danseur accompagn\u00e9 d\u2019un batteur vont rebondir ensemble sur une pulsation commune.<\/p>\n<p>\u00c0 19h, le spectacle <strong>\u00ab\u00a0\u00c9poques\u00a0\u00bb<\/strong> par la <a href=\"https:\/\/www.facebook.com\/enracinee\">Cie <strong>\u00ab\u00a0L\u2019Enracin\u00e9e\u00a0\u00bb<\/strong><\/a> par Pauline Weidmann partagera des danses, des chants, et des histoires humoristiques transmises \u00e0 m\u00eame le sol et entre les gens.<\/p>\n<p>Le lendemain, dimanche 11 septembre, rendez-vous sur la place du march\u00e9 avec \u00ab\u00a0Tsef Zon(e)\u00a0\u00bb, puis deux de cr\u00e9ations \u00e0 d\u00e9couvrir en for\u00eat de Berc\u00e9.<\/p>\n<blockquote><p>\u00ab\u00a0Le d\u00e9part se fera de l\u2019\u00c9bauche \u00e0 14h. Les spectacles qui suivent seront enti\u00e8rement interpr\u00e9t\u00e9s en for\u00eat. Des navettes seront propos\u00e9es pour ceux et celles qui ne souhaitent, ou ne peuvent pas marcher\u00a0\u00bb, pr\u00e9cisent les organisateurs.<\/p><\/blockquote>\n<p><strong>\u00ab\u00a0Slo\u00a0\u00bb<\/strong>, de la Cie <strong><a href=\"https:\/\/www.facebook.com\/lucanedesouslafutaie\/\">Lucane<\/a> <\/strong>proposera une danse \u00e0 deux, par un langage corporel de l\u2019intime.<\/p>\n<p>L\u2019Assemblage se cl\u00f4tura par une performance po\u00e9sie, une suite de conversations dans lesquelles la langue fourmille de cette conversation sans r\u00e9ponse.<\/p>\n<p>&nbsp;<\/p>\n<h3><strong>Baisse de subventions<\/strong><\/h3>\n<p>Ga\u00eblle Gu\u00e9ranger et Lo\u00efc Richard souhaite \u00e0<strong> l\u2019avenir que leur festival soit gratuit<\/strong>. En revanche, ils regrettent le <strong>manque de soutien de la R\u00e9gion<\/strong> dans leur projet\u00a0:<\/p>\n<blockquote><p>\u00ab\u00a0La R\u00e9gion a diminu\u00e9 de moiti\u00e9 notre subvention. Ils estiment que le festival n\u2019a pas \u00e9t\u00e9 suivi l\u2019ann\u00e9e pass\u00e9e par le public. Nous \u00e9tions soumis au pass sanitaire. Cette ann\u00e9e l\u00e0 ne devrait pas \u00eatre une ann\u00e9e de r\u00e9f\u00e9rence\u00a0\u00bb, souligne Ga\u00eblle Gu\u00e9ranger.<\/p><\/blockquote>\n<p>Tous les spectacles sont <strong>en entr\u00e9e \u00e0 prix libre<\/strong>. Le spectacle organis\u00e9 sur<strong> la place du march\u00e9 sera quant \u00e0 lui gratuit<\/strong>.<\/p>\n<p>&nbsp;<\/p>\n<h5>Infos et r\u00e9servations : festival l\u2019Assemblage les 10 et 11 septembre \u00e0 Jupilles. Entr\u00e9e \u00e0 prix libre. Buvette et petite restauration samedi soir et dimanche midi. \u00c9bauche, 4 rue du 8 mai 1945. <a href=\"mailto:Lebauche.contact@gmail.com\">Lebauche.contact@gmail.com<\/a>, 06 38 31 41 51.<\/h5>\n<!-- AddThis Advanced Settings generic via filter on the_content --><!-- AddThis Share Buttons generic via filter on the_content -->","protected":false},"excerpt":{"rendered":"<p>L\u2019Assemblage, le festival de l\u2019aire de cr\u00e9ation artistique de l\u2019\u00c9bauche, au c\u0153ur de Jupilles, revient pour une 4\u00e8me \u00e9dition les 10 et 11 septembre. Au programme, de la danse, parole et musique et un nouveau partenariat avec la municipalit\u00e9. &nbsp; C\u2019est la premi\u00e8re \u00e9dition de ce festival depuis la fin de la crise sanitaire et&hellip;<!-- AddThis Advanced Settings generic via filter on get_the_excerpt --><!-- AddThis Share Buttons generic via filter on get_the_excerpt --><\/p>\n","protected":false},"author":4,"featured_media":10833,"comment_status":"closed","ping_status":"open","sticky":false,"template":"","format":"standard","meta":{"footnotes":""},"categories":[1],"tags":[],"class_list":["post-10832","post","type-post","status-publish","format-standard","has-post-thumbnail","hentry","category-contact-fm-72","category-1","description-off"],"yoast_head":"<!-- This site is optimized with the Yoast SEO plugin v27.4 - https:\/\/yoast.com\/product\/yoast-seo-wordpress\/ -->\n<title>Jupilles : L\u2019Assemblage, le festival d\u2019Art en Paysage, revient pour une 4\u00e8 \u00e9dition - Contact FM 99.3<\/title>\n<meta name=\"robots\" content=\"index, follow, max-snippet:-1, max-image-preview:large, max-video-preview:-1\" \/>\n<link rel=\"canonical\" href=\"https:\/\/contactfm72.fr\/?p=10832\" \/>\n<meta property=\"og:locale\" content=\"fr_FR\" \/>\n<meta property=\"og:type\" content=\"article\" \/>\n<meta property=\"og:title\" content=\"Jupilles : L\u2019Assemblage, le festival d\u2019Art en Paysage, revient pour une 4\u00e8 \u00e9dition - Contact FM 99.3\" \/>\n<meta property=\"og:description\" content=\"L\u2019Assemblage, le festival de l\u2019aire de cr\u00e9ation artistique de l\u2019\u00c9bauche, au c\u0153ur de Jupilles, revient pour une 4\u00e8me \u00e9dition les 10 et 11 septembre. Au programme, de la danse, parole et musique et un nouveau partenariat avec la municipalit\u00e9. &nbsp; C\u2019est la premi\u00e8re \u00e9dition de ce festival depuis la fin de la crise sanitaire et&hellip;\" \/>\n<meta property=\"og:url\" content=\"https:\/\/contactfm72.fr\/?p=10832\" \/>\n<meta property=\"og:site_name\" content=\"Contact FM 99.3\" \/>\n<meta property=\"article:publisher\" content=\"https:\/\/www.facebook.com\/Contactfm.Chateauduloir\" \/>\n<meta property=\"article:published_time\" content=\"2022-09-07T09:05:35+00:00\" \/>\n<meta property=\"article:modified_time\" content=\"2022-09-07T09:16:58+00:00\" \/>\n<meta property=\"og:image\" content=\"https:\/\/contactfm72.fr\/wp-content\/uploads\/2022\/08\/Lassemblage-So-La-Maison.jpeg\" \/>\n\t<meta property=\"og:image:width\" content=\"1280\" \/>\n\t<meta property=\"og:image:height\" content=\"854\" \/>\n\t<meta property=\"og:image:type\" content=\"image\/jpeg\" \/>\n<meta name=\"author\" content=\"Val\u00e9rie C.\" \/>\n<meta name=\"twitter:card\" content=\"summary_large_image\" \/>\n<meta name=\"twitter:creator\" content=\"@contactfm72\" \/>\n<meta name=\"twitter:site\" content=\"@contactfm72\" \/>\n<meta name=\"twitter:label1\" content=\"\u00c9crit par\" \/>\n\t<meta name=\"twitter:data1\" content=\"Val\u00e9rie C.\" \/>\n\t<meta name=\"twitter:label2\" content=\"Dur\u00e9e de lecture estim\u00e9e\" \/>\n\t<meta name=\"twitter:data2\" content=\"4 minutes\" \/>\n<script type=\"application\/ld+json\" class=\"yoast-schema-graph\">{\"@context\":\"https:\\\/\\\/schema.org\",\"@graph\":[{\"@type\":\"Article\",\"@id\":\"https:\\\/\\\/contactfm72.fr\\\/?p=10832#article\",\"isPartOf\":{\"@id\":\"https:\\\/\\\/contactfm72.fr\\\/?p=10832\"},\"author\":{\"name\":\"Val\u00e9rie C.\",\"@id\":\"https:\\\/\\\/contactfm72.fr\\\/#\\\/schema\\\/person\\\/9fdc9d1c2eb029354a4f1535b90ba82d\"},\"headline\":\"Jupilles : L\u2019Assemblage, le festival d\u2019Art en Paysage, revient pour une 4\u00e8 \u00e9dition\",\"datePublished\":\"2022-09-07T09:05:35+00:00\",\"dateModified\":\"2022-09-07T09:16:58+00:00\",\"mainEntityOfPage\":{\"@id\":\"https:\\\/\\\/contactfm72.fr\\\/?p=10832\"},\"wordCount\":838,\"publisher\":{\"@id\":\"https:\\\/\\\/contactfm72.fr\\\/#organization\"},\"image\":{\"@id\":\"https:\\\/\\\/contactfm72.fr\\\/?p=10832#primaryimage\"},\"thumbnailUrl\":\"https:\\\/\\\/contactfm72.fr\\\/wp-content\\\/uploads\\\/2022\\\/08\\\/Lassemblage-So-La-Maison.jpeg\",\"articleSection\":[\"Contact FM 72\"],\"inLanguage\":\"fr-FR\"},{\"@type\":\"WebPage\",\"@id\":\"https:\\\/\\\/contactfm72.fr\\\/?p=10832\",\"url\":\"https:\\\/\\\/contactfm72.fr\\\/?p=10832\",\"name\":\"Jupilles : L\u2019Assemblage, le festival d\u2019Art en Paysage, revient pour une 4\u00e8 \u00e9dition - Contact FM 99.3\",\"isPartOf\":{\"@id\":\"https:\\\/\\\/contactfm72.fr\\\/#website\"},\"primaryImageOfPage\":{\"@id\":\"https:\\\/\\\/contactfm72.fr\\\/?p=10832#primaryimage\"},\"image\":{\"@id\":\"https:\\\/\\\/contactfm72.fr\\\/?p=10832#primaryimage\"},\"thumbnailUrl\":\"https:\\\/\\\/contactfm72.fr\\\/wp-content\\\/uploads\\\/2022\\\/08\\\/Lassemblage-So-La-Maison.jpeg\",\"datePublished\":\"2022-09-07T09:05:35+00:00\",\"dateModified\":\"2022-09-07T09:16:58+00:00\",\"breadcrumb\":{\"@id\":\"https:\\\/\\\/contactfm72.fr\\\/?p=10832#breadcrumb\"},\"inLanguage\":\"fr-FR\",\"potentialAction\":[{\"@type\":\"ReadAction\",\"target\":[\"https:\\\/\\\/contactfm72.fr\\\/?p=10832\"]}]},{\"@type\":\"ImageObject\",\"inLanguage\":\"fr-FR\",\"@id\":\"https:\\\/\\\/contactfm72.fr\\\/?p=10832#primaryimage\",\"url\":\"https:\\\/\\\/contactfm72.fr\\\/wp-content\\\/uploads\\\/2022\\\/08\\\/Lassemblage-So-La-Maison.jpeg\",\"contentUrl\":\"https:\\\/\\\/contactfm72.fr\\\/wp-content\\\/uploads\\\/2022\\\/08\\\/Lassemblage-So-La-Maison.jpeg\",\"width\":1280,\"height\":854,\"caption\":\"Image d'illustration de la Cie So - La Maison. Cr\u00e9dits: So.\"},{\"@type\":\"BreadcrumbList\",\"@id\":\"https:\\\/\\\/contactfm72.fr\\\/?p=10832#breadcrumb\",\"itemListElement\":[{\"@type\":\"ListItem\",\"position\":1,\"name\":\"Accueil\",\"item\":\"https:\\\/\\\/contactfm72.fr\\\/\"},{\"@type\":\"ListItem\",\"position\":2,\"name\":\"Jupilles : L\u2019Assemblage, le festival d\u2019Art en Paysage, revient pour une 4\u00e8 \u00e9dition\"}]},{\"@type\":\"WebSite\",\"@id\":\"https:\\\/\\\/contactfm72.fr\\\/#website\",\"url\":\"https:\\\/\\\/contactfm72.fr\\\/\",\"name\":\"Contact FM 99.3\",\"description\":\"Votre radio en vall\u00e9e du Loir\",\"publisher\":{\"@id\":\"https:\\\/\\\/contactfm72.fr\\\/#organization\"},\"potentialAction\":[{\"@type\":\"SearchAction\",\"target\":{\"@type\":\"EntryPoint\",\"urlTemplate\":\"https:\\\/\\\/contactfm72.fr\\\/?s={search_term_string}\"},\"query-input\":{\"@type\":\"PropertyValueSpecification\",\"valueRequired\":true,\"valueName\":\"search_term_string\"}}],\"inLanguage\":\"fr-FR\"},{\"@type\":\"Organization\",\"@id\":\"https:\\\/\\\/contactfm72.fr\\\/#organization\",\"name\":\"Contact FM 99.3\",\"url\":\"https:\\\/\\\/contactfm72.fr\\\/\",\"logo\":{\"@type\":\"ImageObject\",\"inLanguage\":\"fr-FR\",\"@id\":\"https:\\\/\\\/contactfm72.fr\\\/#\\\/schema\\\/logo\\\/image\\\/\",\"url\":\"https:\\\/\\\/contactfm72.fr\\\/wp-content\\\/uploads\\\/2025\\\/04\\\/2025-04-18-2.jpg\",\"contentUrl\":\"https:\\\/\\\/contactfm72.fr\\\/wp-content\\\/uploads\\\/2025\\\/04\\\/2025-04-18-2.jpg\",\"width\":680,\"height\":307,\"caption\":\"Contact FM 99.3\"},\"image\":{\"@id\":\"https:\\\/\\\/contactfm72.fr\\\/#\\\/schema\\\/logo\\\/image\\\/\"},\"sameAs\":[\"https:\\\/\\\/www.facebook.com\\\/Contactfm.Chateauduloir\",\"https:\\\/\\\/x.com\\\/contactfm72\",\"https:\\\/\\\/www.instagram.com\\\/contact.fm.72?igsh=cGhlMHQ5N2JlNnpp\",\"https:\\\/\\\/www.tiktok.com\\\/@contact.fm\"]},{\"@type\":\"Person\",\"@id\":\"https:\\\/\\\/contactfm72.fr\\\/#\\\/schema\\\/person\\\/9fdc9d1c2eb029354a4f1535b90ba82d\",\"name\":\"Val\u00e9rie C.\",\"image\":{\"@type\":\"ImageObject\",\"inLanguage\":\"fr-FR\",\"@id\":\"https:\\\/\\\/secure.gravatar.com\\\/avatar\\\/2f8aa28f8dfbd7d4420afd1fdcdd0a349923e2c8a38ab28198b0f9d0601e4737?s=96&d=mm&r=g\",\"url\":\"https:\\\/\\\/secure.gravatar.com\\\/avatar\\\/2f8aa28f8dfbd7d4420afd1fdcdd0a349923e2c8a38ab28198b0f9d0601e4737?s=96&d=mm&r=g\",\"contentUrl\":\"https:\\\/\\\/secure.gravatar.com\\\/avatar\\\/2f8aa28f8dfbd7d4420afd1fdcdd0a349923e2c8a38ab28198b0f9d0601e4737?s=96&d=mm&r=g\",\"caption\":\"Val\u00e9rie C.\"},\"url\":\"https:\\\/\\\/contactfm72.fr\\\/?author=4\"}]}<\/script>\n<!-- \/ Yoast SEO plugin. -->","yoast_head_json":{"title":"Jupilles : L\u2019Assemblage, le festival d\u2019Art en Paysage, revient pour une 4\u00e8 \u00e9dition - Contact FM 99.3","robots":{"index":"index","follow":"follow","max-snippet":"max-snippet:-1","max-image-preview":"max-image-preview:large","max-video-preview":"max-video-preview:-1"},"canonical":"https:\/\/contactfm72.fr\/?p=10832","og_locale":"fr_FR","og_type":"article","og_title":"Jupilles : L\u2019Assemblage, le festival d\u2019Art en Paysage, revient pour une 4\u00e8 \u00e9dition - Contact FM 99.3","og_description":"L\u2019Assemblage, le festival de l\u2019aire de cr\u00e9ation artistique de l\u2019\u00c9bauche, au c\u0153ur de Jupilles, revient pour une 4\u00e8me \u00e9dition les 10 et 11 septembre. Au programme, de la danse, parole et musique et un nouveau partenariat avec la municipalit\u00e9. &nbsp; C\u2019est la premi\u00e8re \u00e9dition de ce festival depuis la fin de la crise sanitaire et&hellip;","og_url":"https:\/\/contactfm72.fr\/?p=10832","og_site_name":"Contact FM 99.3","article_publisher":"https:\/\/www.facebook.com\/Contactfm.Chateauduloir","article_published_time":"2022-09-07T09:05:35+00:00","article_modified_time":"2022-09-07T09:16:58+00:00","og_image":[{"width":1280,"height":854,"url":"https:\/\/contactfm72.fr\/wp-content\/uploads\/2022\/08\/Lassemblage-So-La-Maison.jpeg","type":"image\/jpeg"}],"author":"Val\u00e9rie C.","twitter_card":"summary_large_image","twitter_creator":"@contactfm72","twitter_site":"@contactfm72","twitter_misc":{"\u00c9crit par":"Val\u00e9rie C.","Dur\u00e9e de lecture estim\u00e9e":"4 minutes"},"schema":{"@context":"https:\/\/schema.org","@graph":[{"@type":"Article","@id":"https:\/\/contactfm72.fr\/?p=10832#article","isPartOf":{"@id":"https:\/\/contactfm72.fr\/?p=10832"},"author":{"name":"Val\u00e9rie C.","@id":"https:\/\/contactfm72.fr\/#\/schema\/person\/9fdc9d1c2eb029354a4f1535b90ba82d"},"headline":"Jupilles : L\u2019Assemblage, le festival d\u2019Art en Paysage, revient pour une 4\u00e8 \u00e9dition","datePublished":"2022-09-07T09:05:35+00:00","dateModified":"2022-09-07T09:16:58+00:00","mainEntityOfPage":{"@id":"https:\/\/contactfm72.fr\/?p=10832"},"wordCount":838,"publisher":{"@id":"https:\/\/contactfm72.fr\/#organization"},"image":{"@id":"https:\/\/contactfm72.fr\/?p=10832#primaryimage"},"thumbnailUrl":"https:\/\/contactfm72.fr\/wp-content\/uploads\/2022\/08\/Lassemblage-So-La-Maison.jpeg","articleSection":["Contact FM 72"],"inLanguage":"fr-FR"},{"@type":"WebPage","@id":"https:\/\/contactfm72.fr\/?p=10832","url":"https:\/\/contactfm72.fr\/?p=10832","name":"Jupilles : L\u2019Assemblage, le festival d\u2019Art en Paysage, revient pour une 4\u00e8 \u00e9dition - Contact FM 99.3","isPartOf":{"@id":"https:\/\/contactfm72.fr\/#website"},"primaryImageOfPage":{"@id":"https:\/\/contactfm72.fr\/?p=10832#primaryimage"},"image":{"@id":"https:\/\/contactfm72.fr\/?p=10832#primaryimage"},"thumbnailUrl":"https:\/\/contactfm72.fr\/wp-content\/uploads\/2022\/08\/Lassemblage-So-La-Maison.jpeg","datePublished":"2022-09-07T09:05:35+00:00","dateModified":"2022-09-07T09:16:58+00:00","breadcrumb":{"@id":"https:\/\/contactfm72.fr\/?p=10832#breadcrumb"},"inLanguage":"fr-FR","potentialAction":[{"@type":"ReadAction","target":["https:\/\/contactfm72.fr\/?p=10832"]}]},{"@type":"ImageObject","inLanguage":"fr-FR","@id":"https:\/\/contactfm72.fr\/?p=10832#primaryimage","url":"https:\/\/contactfm72.fr\/wp-content\/uploads\/2022\/08\/Lassemblage-So-La-Maison.jpeg","contentUrl":"https:\/\/contactfm72.fr\/wp-content\/uploads\/2022\/08\/Lassemblage-So-La-Maison.jpeg","width":1280,"height":854,"caption":"Image d'illustration de la Cie So - La Maison. Cr\u00e9dits: So."},{"@type":"BreadcrumbList","@id":"https:\/\/contactfm72.fr\/?p=10832#breadcrumb","itemListElement":[{"@type":"ListItem","position":1,"name":"Accueil","item":"https:\/\/contactfm72.fr\/"},{"@type":"ListItem","position":2,"name":"Jupilles : L\u2019Assemblage, le festival d\u2019Art en Paysage, revient pour une 4\u00e8 \u00e9dition"}]},{"@type":"WebSite","@id":"https:\/\/contactfm72.fr\/#website","url":"https:\/\/contactfm72.fr\/","name":"Contact FM 99.3","description":"Votre radio en vall\u00e9e du Loir","publisher":{"@id":"https:\/\/contactfm72.fr\/#organization"},"potentialAction":[{"@type":"SearchAction","target":{"@type":"EntryPoint","urlTemplate":"https:\/\/contactfm72.fr\/?s={search_term_string}"},"query-input":{"@type":"PropertyValueSpecification","valueRequired":true,"valueName":"search_term_string"}}],"inLanguage":"fr-FR"},{"@type":"Organization","@id":"https:\/\/contactfm72.fr\/#organization","name":"Contact FM 99.3","url":"https:\/\/contactfm72.fr\/","logo":{"@type":"ImageObject","inLanguage":"fr-FR","@id":"https:\/\/contactfm72.fr\/#\/schema\/logo\/image\/","url":"https:\/\/contactfm72.fr\/wp-content\/uploads\/2025\/04\/2025-04-18-2.jpg","contentUrl":"https:\/\/contactfm72.fr\/wp-content\/uploads\/2025\/04\/2025-04-18-2.jpg","width":680,"height":307,"caption":"Contact FM 99.3"},"image":{"@id":"https:\/\/contactfm72.fr\/#\/schema\/logo\/image\/"},"sameAs":["https:\/\/www.facebook.com\/Contactfm.Chateauduloir","https:\/\/x.com\/contactfm72","https:\/\/www.instagram.com\/contact.fm.72?igsh=cGhlMHQ5N2JlNnpp","https:\/\/www.tiktok.com\/@contact.fm"]},{"@type":"Person","@id":"https:\/\/contactfm72.fr\/#\/schema\/person\/9fdc9d1c2eb029354a4f1535b90ba82d","name":"Val\u00e9rie C.","image":{"@type":"ImageObject","inLanguage":"fr-FR","@id":"https:\/\/secure.gravatar.com\/avatar\/2f8aa28f8dfbd7d4420afd1fdcdd0a349923e2c8a38ab28198b0f9d0601e4737?s=96&d=mm&r=g","url":"https:\/\/secure.gravatar.com\/avatar\/2f8aa28f8dfbd7d4420afd1fdcdd0a349923e2c8a38ab28198b0f9d0601e4737?s=96&d=mm&r=g","contentUrl":"https:\/\/secure.gravatar.com\/avatar\/2f8aa28f8dfbd7d4420afd1fdcdd0a349923e2c8a38ab28198b0f9d0601e4737?s=96&d=mm&r=g","caption":"Val\u00e9rie C."},"url":"https:\/\/contactfm72.fr\/?author=4"}]}},"_links":{"self":[{"href":"https:\/\/contactfm72.fr\/index.php?rest_route=\/wp\/v2\/posts\/10832","targetHints":{"allow":["GET"]}}],"collection":[{"href":"https:\/\/contactfm72.fr\/index.php?rest_route=\/wp\/v2\/posts"}],"about":[{"href":"https:\/\/contactfm72.fr\/index.php?rest_route=\/wp\/v2\/types\/post"}],"author":[{"embeddable":true,"href":"https:\/\/contactfm72.fr\/index.php?rest_route=\/wp\/v2\/users\/4"}],"replies":[{"embeddable":true,"href":"https:\/\/contactfm72.fr\/index.php?rest_route=%2Fwp%2Fv2%2Fcomments&post=10832"}],"version-history":[{"count":4,"href":"https:\/\/contactfm72.fr\/index.php?rest_route=\/wp\/v2\/posts\/10832\/revisions"}],"predecessor-version":[{"id":10933,"href":"https:\/\/contactfm72.fr\/index.php?rest_route=\/wp\/v2\/posts\/10832\/revisions\/10933"}],"wp:featuredmedia":[{"embeddable":true,"href":"https:\/\/contactfm72.fr\/index.php?rest_route=\/wp\/v2\/media\/10833"}],"wp:attachment":[{"href":"https:\/\/contactfm72.fr\/index.php?rest_route=%2Fwp%2Fv2%2Fmedia&parent=10832"}],"wp:term":[{"taxonomy":"category","embeddable":true,"href":"https:\/\/contactfm72.fr\/index.php?rest_route=%2Fwp%2Fv2%2Fcategories&post=10832"},{"taxonomy":"post_tag","embeddable":true,"href":"https:\/\/contactfm72.fr\/index.php?rest_route=%2Fwp%2Fv2%2Ftags&post=10832"}],"curies":[{"name":"wp","href":"https:\/\/api.w.org\/{rel}","templated":true}]}}