{"id":10816,"date":"2022-08-31T14:30:41","date_gmt":"2022-08-31T12:30:41","guid":{"rendered":"http:\/\/contactfm72.fr\/?p=10816"},"modified":"2022-09-02T10:38:49","modified_gmt":"2022-09-02T08:38:49","slug":"saint-aubin-le-depeint-francois-ougen-restaure-les-tableaux-de-leglise","status":"publish","type":"post","link":"https:\/\/contactfm72.fr\/?p=10816","title":{"rendered":"Saint-Aubin-le-D\u00e9peint : Fran\u00e7ois Ougen restaure les tableaux de l\u2019\u00c9glise"},"content":{"rendered":"<h2>Fran\u00e7ois Ougen, artiste peintre restaurateur du sud-Sarthe, a \u00e9t\u00e9 missionn\u00e9 par le conseil municipal de Saint-Aubin-le-D\u00e9peint, dans l&#8217;Indre-et-Loire, afin de restaurer trois tableaux au sein de l\u2019\u00c9glise.<\/h2>\n<p>&nbsp;<\/p>\n<p><strong>Fran\u00e7ois Ougen<\/strong> n\u2019est pas un inconnu du secteur. Habitant de <strong>Nogent-sur-Loir<\/strong>, l&#8217;artiste a par le pass\u00e9 d\u00e9j\u00e0 <strong>restaur\u00e9 des tableaux<\/strong> \u00e0 <strong>Ch\u00e2teau-du-Loir<\/strong>\u00a0:<\/p>\n<blockquote><p>\u00ab Lorsque Fran\u00e7ois Leboucq (actuel conseiller municipal de Saint-Aubin-le-D\u00e9peint, ndlr) \u00e9tait maire de Ch\u00e2teau-du-Loir dans les ann\u00e9es 1990, il m\u2019avait demand\u00e9 de restaurer des tableaux de l\u2019\u00c9glise Saint-Guingalois. Il m\u2019a donc rappel\u00e9 pour ceux de Saint-Aubin-le-D\u00e9peint \u00bb, explique l\u2019artiste.<\/p><\/blockquote>\n<p>Ces tableaux sont d\u2019ailleurs \u00e0 retrouver au sein du<strong> Cabinet de Curiosit\u00e9s<\/strong> de Ch\u00e2teau-du-Loir, commune d\u00e9l\u00e9gu\u00e9e de <strong>Montval-sur-Loir<\/strong>.<\/p>\n<p>&nbsp;<\/p>\n<h3><strong>Trois tableaux<\/strong><\/h3>\n<p>Cette fois-ci, Fran\u00e7ois Ougen a d\u00fb <strong>restaurer trois tableaux de cette \u00c9glise de l&#8217;Indre-et-Loire<\/strong>, dont un de cinq m\u00e8tres de long.<\/p>\n<blockquote><p>\u00ab Je ne fais pas une restauration compl\u00e8te des tableaux. J\u2019applique un vernis assez nocif pour la sant\u00e9. Ce vernis permet d\u2019\u00e9claircir les tableaux. Je fais sortir des personnages de l\u2019ombre \u00bb, continue l\u2019artiste.<\/p><\/blockquote>\n<p>En raison de ces produits dangereux pour la sant\u00e9, Fran\u00e7ois Ougen ne peut restaurer les tableaux toute la journ\u00e9e. Ainsi, l\u2019artiste est pr\u00e9sent sur les lieux qu\u2019une matin\u00e9e par semaine. \u00ab\u00a0J\u2019ai <strong>commenc\u00e9 la restauration il y a un mois<\/strong> environ \u00bb, pr\u00e9cise-t-il.<\/p>\n<p>D\u2019apr\u00e8s le peintre missionn\u00e9 par le conseil municipal, ces tableaux, repr\u00e9sentant des <strong>sc\u00e8nes li\u00e9es \u00e0 la vie du Christ<\/strong>, seraient dat\u00e9s du<strong> XIX\u00e8me si\u00e8cle<\/strong>.<\/p>\n<blockquote><p>\u00ab Ils sont en mauvais \u00e9tat. Si je devais faire une restauration compl\u00e8te des tableaux, j\u2019en aurais pour des ann\u00e9es \u00bb.<\/p><\/blockquote>\n<p>&nbsp;<\/p>\n<h3><strong>Journ\u00e9e des patrimoines<\/strong><\/h3>\n<p>Fran\u00e7ois Ougen exposera prochainement au sein de l\u2019<strong>\u00c9glise de Saint-Aubin-le-D\u00e9peint<\/strong> lors des <strong>journ\u00e9es du Patrimoine<\/strong>. Il y exposera ses pi\u00e8ces issues de sa <strong>collection des portraits caricatures de dos<\/strong>.<\/p>\n<!-- AddThis Advanced Settings generic via filter on the_content --><!-- AddThis Share Buttons generic via filter on the_content -->","protected":false},"excerpt":{"rendered":"<p>Fran\u00e7ois Ougen, artiste peintre restaurateur du sud-Sarthe, a \u00e9t\u00e9 missionn\u00e9 par le conseil municipal de Saint-Aubin-le-D\u00e9peint, dans l&#8217;Indre-et-Loire, afin de restaurer trois tableaux au sein de l\u2019\u00c9glise. &nbsp; Fran\u00e7ois Ougen n\u2019est pas un inconnu du secteur. Habitant de Nogent-sur-Loir, l&#8217;artiste a par le pass\u00e9 d\u00e9j\u00e0 restaur\u00e9 des tableaux \u00e0 Ch\u00e2teau-du-Loir\u00a0: \u00ab Lorsque Fran\u00e7ois Leboucq (actuel&hellip;<!-- AddThis Advanced Settings generic via filter on get_the_excerpt --><!-- AddThis Share Buttons generic via filter on get_the_excerpt --><\/p>\n","protected":false},"author":4,"featured_media":10817,"comment_status":"closed","ping_status":"open","sticky":false,"template":"","format":"standard","meta":{"footnotes":""},"categories":[1],"tags":[],"class_list":["post-10816","post","type-post","status-publish","format-standard","has-post-thumbnail","hentry","category-contact-fm-72","category-1","description-off"],"yoast_head":"<!-- This site is optimized with the Yoast SEO plugin v27.4 - https:\/\/yoast.com\/product\/yoast-seo-wordpress\/ -->\n<title>Saint-Aubin-le-D\u00e9peint : Fran\u00e7ois Ougen restaure les tableaux de l\u2019\u00c9glise - Contact FM 99.3<\/title>\n<meta name=\"robots\" content=\"index, follow, max-snippet:-1, max-image-preview:large, max-video-preview:-1\" \/>\n<link rel=\"canonical\" href=\"https:\/\/contactfm72.fr\/?p=10816\" \/>\n<meta property=\"og:locale\" content=\"fr_FR\" \/>\n<meta property=\"og:type\" content=\"article\" \/>\n<meta property=\"og:title\" content=\"Saint-Aubin-le-D\u00e9peint : Fran\u00e7ois Ougen restaure les tableaux de l\u2019\u00c9glise - Contact FM 99.3\" \/>\n<meta property=\"og:description\" content=\"Fran\u00e7ois Ougen, artiste peintre restaurateur du sud-Sarthe, a \u00e9t\u00e9 missionn\u00e9 par le conseil municipal de Saint-Aubin-le-D\u00e9peint, dans l&#8217;Indre-et-Loire, afin de restaurer trois tableaux au sein de l\u2019\u00c9glise. &nbsp; Fran\u00e7ois Ougen n\u2019est pas un inconnu du secteur. Habitant de Nogent-sur-Loir, l&#8217;artiste a par le pass\u00e9 d\u00e9j\u00e0 restaur\u00e9 des tableaux \u00e0 Ch\u00e2teau-du-Loir\u00a0: \u00ab Lorsque Fran\u00e7ois Leboucq (actuel&hellip;\" \/>\n<meta property=\"og:url\" content=\"https:\/\/contactfm72.fr\/?p=10816\" \/>\n<meta property=\"og:site_name\" content=\"Contact FM 99.3\" \/>\n<meta property=\"article:publisher\" content=\"https:\/\/www.facebook.com\/Contactfm.Chateauduloir\" \/>\n<meta property=\"article:published_time\" content=\"2022-08-31T12:30:41+00:00\" \/>\n<meta property=\"article:modified_time\" content=\"2022-09-02T08:38:49+00:00\" \/>\n<meta property=\"og:image\" content=\"https:\/\/contactfm72.fr\/wp-content\/uploads\/2022\/08\/st-aubin-\u00e9glise.jpg\" \/>\n\t<meta property=\"og:image:width\" content=\"2048\" \/>\n\t<meta property=\"og:image:height\" content=\"1536\" \/>\n\t<meta property=\"og:image:type\" content=\"image\/jpeg\" \/>\n<meta name=\"author\" content=\"Val\u00e9rie C.\" \/>\n<meta name=\"twitter:card\" content=\"summary_large_image\" \/>\n<meta name=\"twitter:creator\" content=\"@contactfm72\" \/>\n<meta name=\"twitter:site\" content=\"@contactfm72\" \/>\n<meta name=\"twitter:label1\" content=\"\u00c9crit par\" \/>\n\t<meta name=\"twitter:data1\" content=\"Val\u00e9rie C.\" \/>\n\t<meta name=\"twitter:label2\" content=\"Dur\u00e9e de lecture estim\u00e9e\" \/>\n\t<meta name=\"twitter:data2\" content=\"2 minutes\" \/>\n<script type=\"application\/ld+json\" class=\"yoast-schema-graph\">{\"@context\":\"https:\\\/\\\/schema.org\",\"@graph\":[{\"@type\":\"Article\",\"@id\":\"https:\\\/\\\/contactfm72.fr\\\/?p=10816#article\",\"isPartOf\":{\"@id\":\"https:\\\/\\\/contactfm72.fr\\\/?p=10816\"},\"author\":{\"name\":\"Val\u00e9rie C.\",\"@id\":\"https:\\\/\\\/contactfm72.fr\\\/#\\\/schema\\\/person\\\/9fdc9d1c2eb029354a4f1535b90ba82d\"},\"headline\":\"Saint-Aubin-le-D\u00e9peint : Fran\u00e7ois Ougen restaure les tableaux de l\u2019\u00c9glise\",\"datePublished\":\"2022-08-31T12:30:41+00:00\",\"dateModified\":\"2022-09-02T08:38:49+00:00\",\"mainEntityOfPage\":{\"@id\":\"https:\\\/\\\/contactfm72.fr\\\/?p=10816\"},\"wordCount\":342,\"publisher\":{\"@id\":\"https:\\\/\\\/contactfm72.fr\\\/#organization\"},\"image\":{\"@id\":\"https:\\\/\\\/contactfm72.fr\\\/?p=10816#primaryimage\"},\"thumbnailUrl\":\"https:\\\/\\\/contactfm72.fr\\\/wp-content\\\/uploads\\\/2022\\\/08\\\/st-aubin-\u00e9glise.jpg\",\"articleSection\":[\"Contact FM 72\"],\"inLanguage\":\"fr-FR\"},{\"@type\":\"WebPage\",\"@id\":\"https:\\\/\\\/contactfm72.fr\\\/?p=10816\",\"url\":\"https:\\\/\\\/contactfm72.fr\\\/?p=10816\",\"name\":\"Saint-Aubin-le-D\u00e9peint : Fran\u00e7ois Ougen restaure les tableaux de l\u2019\u00c9glise - Contact FM 99.3\",\"isPartOf\":{\"@id\":\"https:\\\/\\\/contactfm72.fr\\\/#website\"},\"primaryImageOfPage\":{\"@id\":\"https:\\\/\\\/contactfm72.fr\\\/?p=10816#primaryimage\"},\"image\":{\"@id\":\"https:\\\/\\\/contactfm72.fr\\\/?p=10816#primaryimage\"},\"thumbnailUrl\":\"https:\\\/\\\/contactfm72.fr\\\/wp-content\\\/uploads\\\/2022\\\/08\\\/st-aubin-\u00e9glise.jpg\",\"datePublished\":\"2022-08-31T12:30:41+00:00\",\"dateModified\":\"2022-09-02T08:38:49+00:00\",\"breadcrumb\":{\"@id\":\"https:\\\/\\\/contactfm72.fr\\\/?p=10816#breadcrumb\"},\"inLanguage\":\"fr-FR\",\"potentialAction\":[{\"@type\":\"ReadAction\",\"target\":[\"https:\\\/\\\/contactfm72.fr\\\/?p=10816\"]}]},{\"@type\":\"ImageObject\",\"inLanguage\":\"fr-FR\",\"@id\":\"https:\\\/\\\/contactfm72.fr\\\/?p=10816#primaryimage\",\"url\":\"https:\\\/\\\/contactfm72.fr\\\/wp-content\\\/uploads\\\/2022\\\/08\\\/st-aubin-\u00e9glise.jpg\",\"contentUrl\":\"https:\\\/\\\/contactfm72.fr\\\/wp-content\\\/uploads\\\/2022\\\/08\\\/st-aubin-\u00e9glise.jpg\",\"width\":2048,\"height\":1536,\"caption\":\"Fran\u00e7ois Ougen restaure cette toile de cinq m\u00e8tres de long au sein de l'\u00c9glise de Saint-Aubin-le-D\u00e9peint, dans le nord Indre-et-Loire.\"},{\"@type\":\"BreadcrumbList\",\"@id\":\"https:\\\/\\\/contactfm72.fr\\\/?p=10816#breadcrumb\",\"itemListElement\":[{\"@type\":\"ListItem\",\"position\":1,\"name\":\"Accueil\",\"item\":\"https:\\\/\\\/contactfm72.fr\\\/\"},{\"@type\":\"ListItem\",\"position\":2,\"name\":\"Saint-Aubin-le-D\u00e9peint : Fran\u00e7ois Ougen restaure les tableaux de l\u2019\u00c9glise\"}]},{\"@type\":\"WebSite\",\"@id\":\"https:\\\/\\\/contactfm72.fr\\\/#website\",\"url\":\"https:\\\/\\\/contactfm72.fr\\\/\",\"name\":\"Contact FM 99.3\",\"description\":\"Votre radio en vall\u00e9e du Loir\",\"publisher\":{\"@id\":\"https:\\\/\\\/contactfm72.fr\\\/#organization\"},\"potentialAction\":[{\"@type\":\"SearchAction\",\"target\":{\"@type\":\"EntryPoint\",\"urlTemplate\":\"https:\\\/\\\/contactfm72.fr\\\/?s={search_term_string}\"},\"query-input\":{\"@type\":\"PropertyValueSpecification\",\"valueRequired\":true,\"valueName\":\"search_term_string\"}}],\"inLanguage\":\"fr-FR\"},{\"@type\":\"Organization\",\"@id\":\"https:\\\/\\\/contactfm72.fr\\\/#organization\",\"name\":\"Contact FM 99.3\",\"url\":\"https:\\\/\\\/contactfm72.fr\\\/\",\"logo\":{\"@type\":\"ImageObject\",\"inLanguage\":\"fr-FR\",\"@id\":\"https:\\\/\\\/contactfm72.fr\\\/#\\\/schema\\\/logo\\\/image\\\/\",\"url\":\"https:\\\/\\\/contactfm72.fr\\\/wp-content\\\/uploads\\\/2025\\\/04\\\/2025-04-18-2.jpg\",\"contentUrl\":\"https:\\\/\\\/contactfm72.fr\\\/wp-content\\\/uploads\\\/2025\\\/04\\\/2025-04-18-2.jpg\",\"width\":680,\"height\":307,\"caption\":\"Contact FM 99.3\"},\"image\":{\"@id\":\"https:\\\/\\\/contactfm72.fr\\\/#\\\/schema\\\/logo\\\/image\\\/\"},\"sameAs\":[\"https:\\\/\\\/www.facebook.com\\\/Contactfm.Chateauduloir\",\"https:\\\/\\\/x.com\\\/contactfm72\",\"https:\\\/\\\/www.instagram.com\\\/contact.fm.72?igsh=cGhlMHQ5N2JlNnpp\",\"https:\\\/\\\/www.tiktok.com\\\/@contact.fm\"]},{\"@type\":\"Person\",\"@id\":\"https:\\\/\\\/contactfm72.fr\\\/#\\\/schema\\\/person\\\/9fdc9d1c2eb029354a4f1535b90ba82d\",\"name\":\"Val\u00e9rie C.\",\"image\":{\"@type\":\"ImageObject\",\"inLanguage\":\"fr-FR\",\"@id\":\"https:\\\/\\\/secure.gravatar.com\\\/avatar\\\/2f8aa28f8dfbd7d4420afd1fdcdd0a349923e2c8a38ab28198b0f9d0601e4737?s=96&d=mm&r=g\",\"url\":\"https:\\\/\\\/secure.gravatar.com\\\/avatar\\\/2f8aa28f8dfbd7d4420afd1fdcdd0a349923e2c8a38ab28198b0f9d0601e4737?s=96&d=mm&r=g\",\"contentUrl\":\"https:\\\/\\\/secure.gravatar.com\\\/avatar\\\/2f8aa28f8dfbd7d4420afd1fdcdd0a349923e2c8a38ab28198b0f9d0601e4737?s=96&d=mm&r=g\",\"caption\":\"Val\u00e9rie C.\"},\"url\":\"https:\\\/\\\/contactfm72.fr\\\/?author=4\"}]}<\/script>\n<!-- \/ Yoast SEO plugin. -->","yoast_head_json":{"title":"Saint-Aubin-le-D\u00e9peint : Fran\u00e7ois Ougen restaure les tableaux de l\u2019\u00c9glise - Contact FM 99.3","robots":{"index":"index","follow":"follow","max-snippet":"max-snippet:-1","max-image-preview":"max-image-preview:large","max-video-preview":"max-video-preview:-1"},"canonical":"https:\/\/contactfm72.fr\/?p=10816","og_locale":"fr_FR","og_type":"article","og_title":"Saint-Aubin-le-D\u00e9peint : Fran\u00e7ois Ougen restaure les tableaux de l\u2019\u00c9glise - Contact FM 99.3","og_description":"Fran\u00e7ois Ougen, artiste peintre restaurateur du sud-Sarthe, a \u00e9t\u00e9 missionn\u00e9 par le conseil municipal de Saint-Aubin-le-D\u00e9peint, dans l&#8217;Indre-et-Loire, afin de restaurer trois tableaux au sein de l\u2019\u00c9glise. &nbsp; Fran\u00e7ois Ougen n\u2019est pas un inconnu du secteur. Habitant de Nogent-sur-Loir, l&#8217;artiste a par le pass\u00e9 d\u00e9j\u00e0 restaur\u00e9 des tableaux \u00e0 Ch\u00e2teau-du-Loir\u00a0: \u00ab Lorsque Fran\u00e7ois Leboucq (actuel&hellip;","og_url":"https:\/\/contactfm72.fr\/?p=10816","og_site_name":"Contact FM 99.3","article_publisher":"https:\/\/www.facebook.com\/Contactfm.Chateauduloir","article_published_time":"2022-08-31T12:30:41+00:00","article_modified_time":"2022-09-02T08:38:49+00:00","og_image":[{"width":2048,"height":1536,"url":"https:\/\/contactfm72.fr\/wp-content\/uploads\/2022\/08\/st-aubin-\u00e9glise.jpg","type":"image\/jpeg"}],"author":"Val\u00e9rie C.","twitter_card":"summary_large_image","twitter_creator":"@contactfm72","twitter_site":"@contactfm72","twitter_misc":{"\u00c9crit par":"Val\u00e9rie C.","Dur\u00e9e de lecture estim\u00e9e":"2 minutes"},"schema":{"@context":"https:\/\/schema.org","@graph":[{"@type":"Article","@id":"https:\/\/contactfm72.fr\/?p=10816#article","isPartOf":{"@id":"https:\/\/contactfm72.fr\/?p=10816"},"author":{"name":"Val\u00e9rie C.","@id":"https:\/\/contactfm72.fr\/#\/schema\/person\/9fdc9d1c2eb029354a4f1535b90ba82d"},"headline":"Saint-Aubin-le-D\u00e9peint : Fran\u00e7ois Ougen restaure les tableaux de l\u2019\u00c9glise","datePublished":"2022-08-31T12:30:41+00:00","dateModified":"2022-09-02T08:38:49+00:00","mainEntityOfPage":{"@id":"https:\/\/contactfm72.fr\/?p=10816"},"wordCount":342,"publisher":{"@id":"https:\/\/contactfm72.fr\/#organization"},"image":{"@id":"https:\/\/contactfm72.fr\/?p=10816#primaryimage"},"thumbnailUrl":"https:\/\/contactfm72.fr\/wp-content\/uploads\/2022\/08\/st-aubin-\u00e9glise.jpg","articleSection":["Contact FM 72"],"inLanguage":"fr-FR"},{"@type":"WebPage","@id":"https:\/\/contactfm72.fr\/?p=10816","url":"https:\/\/contactfm72.fr\/?p=10816","name":"Saint-Aubin-le-D\u00e9peint : Fran\u00e7ois Ougen restaure les tableaux de l\u2019\u00c9glise - Contact FM 99.3","isPartOf":{"@id":"https:\/\/contactfm72.fr\/#website"},"primaryImageOfPage":{"@id":"https:\/\/contactfm72.fr\/?p=10816#primaryimage"},"image":{"@id":"https:\/\/contactfm72.fr\/?p=10816#primaryimage"},"thumbnailUrl":"https:\/\/contactfm72.fr\/wp-content\/uploads\/2022\/08\/st-aubin-\u00e9glise.jpg","datePublished":"2022-08-31T12:30:41+00:00","dateModified":"2022-09-02T08:38:49+00:00","breadcrumb":{"@id":"https:\/\/contactfm72.fr\/?p=10816#breadcrumb"},"inLanguage":"fr-FR","potentialAction":[{"@type":"ReadAction","target":["https:\/\/contactfm72.fr\/?p=10816"]}]},{"@type":"ImageObject","inLanguage":"fr-FR","@id":"https:\/\/contactfm72.fr\/?p=10816#primaryimage","url":"https:\/\/contactfm72.fr\/wp-content\/uploads\/2022\/08\/st-aubin-\u00e9glise.jpg","contentUrl":"https:\/\/contactfm72.fr\/wp-content\/uploads\/2022\/08\/st-aubin-\u00e9glise.jpg","width":2048,"height":1536,"caption":"Fran\u00e7ois Ougen restaure cette toile de cinq m\u00e8tres de long au sein de l'\u00c9glise de Saint-Aubin-le-D\u00e9peint, dans le nord Indre-et-Loire."},{"@type":"BreadcrumbList","@id":"https:\/\/contactfm72.fr\/?p=10816#breadcrumb","itemListElement":[{"@type":"ListItem","position":1,"name":"Accueil","item":"https:\/\/contactfm72.fr\/"},{"@type":"ListItem","position":2,"name":"Saint-Aubin-le-D\u00e9peint : Fran\u00e7ois Ougen restaure les tableaux de l\u2019\u00c9glise"}]},{"@type":"WebSite","@id":"https:\/\/contactfm72.fr\/#website","url":"https:\/\/contactfm72.fr\/","name":"Contact FM 99.3","description":"Votre radio en vall\u00e9e du Loir","publisher":{"@id":"https:\/\/contactfm72.fr\/#organization"},"potentialAction":[{"@type":"SearchAction","target":{"@type":"EntryPoint","urlTemplate":"https:\/\/contactfm72.fr\/?s={search_term_string}"},"query-input":{"@type":"PropertyValueSpecification","valueRequired":true,"valueName":"search_term_string"}}],"inLanguage":"fr-FR"},{"@type":"Organization","@id":"https:\/\/contactfm72.fr\/#organization","name":"Contact FM 99.3","url":"https:\/\/contactfm72.fr\/","logo":{"@type":"ImageObject","inLanguage":"fr-FR","@id":"https:\/\/contactfm72.fr\/#\/schema\/logo\/image\/","url":"https:\/\/contactfm72.fr\/wp-content\/uploads\/2025\/04\/2025-04-18-2.jpg","contentUrl":"https:\/\/contactfm72.fr\/wp-content\/uploads\/2025\/04\/2025-04-18-2.jpg","width":680,"height":307,"caption":"Contact FM 99.3"},"image":{"@id":"https:\/\/contactfm72.fr\/#\/schema\/logo\/image\/"},"sameAs":["https:\/\/www.facebook.com\/Contactfm.Chateauduloir","https:\/\/x.com\/contactfm72","https:\/\/www.instagram.com\/contact.fm.72?igsh=cGhlMHQ5N2JlNnpp","https:\/\/www.tiktok.com\/@contact.fm"]},{"@type":"Person","@id":"https:\/\/contactfm72.fr\/#\/schema\/person\/9fdc9d1c2eb029354a4f1535b90ba82d","name":"Val\u00e9rie C.","image":{"@type":"ImageObject","inLanguage":"fr-FR","@id":"https:\/\/secure.gravatar.com\/avatar\/2f8aa28f8dfbd7d4420afd1fdcdd0a349923e2c8a38ab28198b0f9d0601e4737?s=96&d=mm&r=g","url":"https:\/\/secure.gravatar.com\/avatar\/2f8aa28f8dfbd7d4420afd1fdcdd0a349923e2c8a38ab28198b0f9d0601e4737?s=96&d=mm&r=g","contentUrl":"https:\/\/secure.gravatar.com\/avatar\/2f8aa28f8dfbd7d4420afd1fdcdd0a349923e2c8a38ab28198b0f9d0601e4737?s=96&d=mm&r=g","caption":"Val\u00e9rie C."},"url":"https:\/\/contactfm72.fr\/?author=4"}]}},"_links":{"self":[{"href":"https:\/\/contactfm72.fr\/index.php?rest_route=\/wp\/v2\/posts\/10816","targetHints":{"allow":["GET"]}}],"collection":[{"href":"https:\/\/contactfm72.fr\/index.php?rest_route=\/wp\/v2\/posts"}],"about":[{"href":"https:\/\/contactfm72.fr\/index.php?rest_route=\/wp\/v2\/types\/post"}],"author":[{"embeddable":true,"href":"https:\/\/contactfm72.fr\/index.php?rest_route=\/wp\/v2\/users\/4"}],"replies":[{"embeddable":true,"href":"https:\/\/contactfm72.fr\/index.php?rest_route=%2Fwp%2Fv2%2Fcomments&post=10816"}],"version-history":[{"count":3,"href":"https:\/\/contactfm72.fr\/index.php?rest_route=\/wp\/v2\/posts\/10816\/revisions"}],"predecessor-version":[{"id":10859,"href":"https:\/\/contactfm72.fr\/index.php?rest_route=\/wp\/v2\/posts\/10816\/revisions\/10859"}],"wp:featuredmedia":[{"embeddable":true,"href":"https:\/\/contactfm72.fr\/index.php?rest_route=\/wp\/v2\/media\/10817"}],"wp:attachment":[{"href":"https:\/\/contactfm72.fr\/index.php?rest_route=%2Fwp%2Fv2%2Fmedia&parent=10816"}],"wp:term":[{"taxonomy":"category","embeddable":true,"href":"https:\/\/contactfm72.fr\/index.php?rest_route=%2Fwp%2Fv2%2Fcategories&post=10816"},{"taxonomy":"post_tag","embeddable":true,"href":"https:\/\/contactfm72.fr\/index.php?rest_route=%2Fwp%2Fv2%2Ftags&post=10816"}],"curies":[{"name":"wp","href":"https:\/\/api.w.org\/{rel}","templated":true}]}}