{"id":10814,"date":"2022-09-01T10:00:46","date_gmt":"2022-09-01T08:00:46","guid":{"rendered":"http:\/\/contactfm72.fr\/?p=10814"},"modified":"2022-09-02T09:51:12","modified_gmt":"2022-09-02T07:51:12","slug":"sarthe-une-nouvelle-directrice-a-lecole-laurentine-proust","status":"publish","type":"post","link":"https:\/\/contactfm72.fr\/?p=10814","title":{"rendered":"Sarthe. Une nouvelle directrice \u00e0 l\u2019\u00e9cole Laurentine Proust"},"content":{"rendered":"<h2>Julie Giraudeau est la nouvelle directrice de l\u2019\u00e9cole maternelle Laurentine Proust \u00e0 Montval-sur-Loir et sera en charge de petites et moyennes sections.<\/h2>\n<p>&nbsp;<\/p>\n<p>Du changement dans cette \u00e9cole du Sud-Sarthe. <a href=\"http:\/\/contactfm72.fr\/?p=10473\"><strong>Laurence Grandjean, directrice de l\u2019\u00e9cole maternelle Laurentine Proust<\/strong> pendant 15 ans<\/a>, a annonc\u00e9 son d\u00e9part en retraite \u00e0 la fin de l&#8217;ann\u00e9e scolaire pr\u00e9c\u00e9dente. Dor\u00e9navant, <strong>Julie Giraudeau<\/strong> lui succ\u00e8de et devient la nouvelle directrice et ma\u00eetresse d&#8217;\u00e9cole. Originaire de <strong>Mulsanne<\/strong>, la <strong>nouvelle ma\u00eetresse<\/strong> n\u2019a\u00a0 \u00ab\u00a0jamais quitt\u00e9 la Sarthe\u00a0\u00bb, et a m\u00eame obtenu son dipl\u00f4me et son concours \u00e0 l\u2019<strong>\u00c9cole sup\u00e9rieure du professorat et de l\u2019\u00e9ducation (ESPE)<\/strong> \u00e0 la <strong>facult\u00e9 du Mans<\/strong>.<\/p>\n<p>&nbsp;<\/p>\n<h3>Professeur stagiaire \u00e0 Ch\u00e2teau-du-Loir<\/h3>\n<p>\u00c0 29 ans bient\u00f4t, la nouvelle directrice et ma\u00eetresse <strong>a d\u00e9j\u00e0 exerc\u00e9 ses fonctions au sein d\u2019une autre \u00e9cole sarthoise<\/strong>\u00a0:<\/p>\n<blockquote><p>\u00ab\u00a0J\u2019ai \u00e9t\u00e9 directrice de l\u2019\u00e9cole \u00e0 la Chapelle Huon pendant trois ans, et avais en charge les maternelles et les CP\u00a0\u00bb.<\/p><\/blockquote>\n<p>Julie Giraudeau n\u2019est pas inconnue dans le monde des \u00e9coles cast\u00e9loriennes puisqu\u2019elle a effectu\u00e9 son stage \u00e0 l\u2019<a href=\"http:\/\/contactfm72.fr\/?p=10436\">\u00e9cole Gabrielle Legras, anciennement Point du Jour<\/a>\u00a0: \u00ab\u00a0J\u2019y ai \u00e9t\u00e9 <strong>professeur stagiaire<\/strong> et je d\u00e9chargeais le travail de Fabien Maisonneuve\u00a0\u00bb, directeur de l\u2019\u00e9cole.<\/p>\n<p><strong>\u00a0<\/strong><\/p>\n<h3><strong>Une affection pour les touts petits<\/strong><\/h3>\n<p>L\u2019ann\u00e9e scolaire pr\u00e9c\u00e9dente, Julie Giraudeau a \u00e9t\u00e9 en charge des <strong>cycles 3, soit les CM2, \u00e0 Aubign\u00e9-Racan<\/strong>. Cette exp\u00e9rience lui a confirm\u00e9 qu\u2019elle affectionnait particuli\u00e8rement les touts petits\u00a0:<\/p>\n<blockquote><p>\u00ab\u00a0Je n\u2019ai pas aim\u00e9 m\u2019occuper des plus grands. Le travail est diff\u00e9rent et je pr\u00e9f\u00e8re les maternelles. Ils sont \u00e9merveill\u00e9s par tout, ils sont toujours en d\u00e9couverte. C\u2019est ce qui me motive au quotidien, on leur apprend la vie\u00a0\u00bb, explique la ma\u00eetresse.<\/p><\/blockquote>\n<p>La sarthoise a h\u00e2te de rencontrer ses nouveaux \u00e9l\u00e8ves, mais aussi leur famille. Elle poursuit\u00a0: \u00ab\u00a0J\u2019ai <strong>beaucoup de pression<\/strong> de prendre la suite de Laurence, mais elle m\u2019a pas mal \u00e9paul\u00e9, et je sais que si j&#8217;ai une question, elle sera l\u00e0 pour moi \u00bb.<\/p>\n<p>&nbsp;<\/p>\n<h3><strong>A la recherche d\u2019\u00e9lus et de volontaire<\/strong><\/h3>\n<p>La nouvelle ma\u00eetresse con\u00e7oit que cette ann\u00e9e sera <strong>une ann\u00e9e de d\u00e9couverte<\/strong> et qu\u2019elle \u00ab\u00a0va prendre ses marques\u00a0\u00bb. En revanche, elle annonce \u00eatre en <strong>recherche de volontaire en service civique<\/strong> afin de soutenir le travail des ma\u00eetresses. \u00c9galement, la directrice souhaiterait recevoir des candidatures de <strong>parents \u00e9lus conseil d\u2019\u00e9cole<\/strong> puisque \u00ab les anciens parents \u00e9lus \u00e9taient les parents d\u2019\u00e9l\u00e8ves en grandes sections, maintenant partis de l\u2019\u00e9cole\u00a0\u00bb.<\/p>\n<p>La directrice, enthousiaste, est press\u00e9e d\u2019accueillir les enfants pour une nouvelle ann\u00e9e scolaire.<\/p>\n<!-- AddThis Advanced Settings generic via filter on the_content --><!-- AddThis Share Buttons generic via filter on the_content -->","protected":false},"excerpt":{"rendered":"<p>Julie Giraudeau est la nouvelle directrice de l\u2019\u00e9cole maternelle Laurentine Proust \u00e0 Montval-sur-Loir et sera en charge de petites et moyennes sections. &nbsp; Du changement dans cette \u00e9cole du Sud-Sarthe. Laurence Grandjean, directrice de l\u2019\u00e9cole maternelle Laurentine Proust pendant 15 ans, a annonc\u00e9 son d\u00e9part en retraite \u00e0 la fin de l&#8217;ann\u00e9e scolaire pr\u00e9c\u00e9dente. Dor\u00e9navant,&hellip;<!-- AddThis Advanced Settings generic via filter on get_the_excerpt --><!-- AddThis Share Buttons generic via filter on get_the_excerpt --><\/p>\n","protected":false},"author":4,"featured_media":10854,"comment_status":"closed","ping_status":"open","sticky":false,"template":"","format":"standard","meta":{"footnotes":""},"categories":[1],"tags":[],"class_list":["post-10814","post","type-post","status-publish","format-standard","has-post-thumbnail","hentry","category-contact-fm-72","category-1","description-off"],"yoast_head":"<!-- This site is optimized with the Yoast SEO plugin v27.4 - https:\/\/yoast.com\/product\/yoast-seo-wordpress\/ -->\n<title>Sarthe. Une nouvelle directrice \u00e0 l\u2019\u00e9cole Laurentine Proust - Contact FM 99.3<\/title>\n<meta name=\"robots\" content=\"index, follow, max-snippet:-1, max-image-preview:large, max-video-preview:-1\" \/>\n<link rel=\"canonical\" href=\"https:\/\/contactfm72.fr\/?p=10814\" \/>\n<meta property=\"og:locale\" content=\"fr_FR\" \/>\n<meta property=\"og:type\" content=\"article\" \/>\n<meta property=\"og:title\" content=\"Sarthe. Une nouvelle directrice \u00e0 l\u2019\u00e9cole Laurentine Proust - Contact FM 99.3\" \/>\n<meta property=\"og:description\" content=\"Julie Giraudeau est la nouvelle directrice de l\u2019\u00e9cole maternelle Laurentine Proust \u00e0 Montval-sur-Loir et sera en charge de petites et moyennes sections. &nbsp; Du changement dans cette \u00e9cole du Sud-Sarthe. Laurence Grandjean, directrice de l\u2019\u00e9cole maternelle Laurentine Proust pendant 15 ans, a annonc\u00e9 son d\u00e9part en retraite \u00e0 la fin de l&#8217;ann\u00e9e scolaire pr\u00e9c\u00e9dente. Dor\u00e9navant,&hellip;\" \/>\n<meta property=\"og:url\" content=\"https:\/\/contactfm72.fr\/?p=10814\" \/>\n<meta property=\"og:site_name\" content=\"Contact FM 99.3\" \/>\n<meta property=\"article:publisher\" content=\"https:\/\/www.facebook.com\/Contactfm.Chateauduloir\" \/>\n<meta property=\"article:published_time\" content=\"2022-09-01T08:00:46+00:00\" \/>\n<meta property=\"article:modified_time\" content=\"2022-09-02T07:51:12+00:00\" \/>\n<meta property=\"og:image\" content=\"https:\/\/contactfm72.fr\/wp-content\/uploads\/2022\/09\/julie-giraudeau-\u00e9cole.jpg\" \/>\n\t<meta property=\"og:image:width\" content=\"2048\" \/>\n\t<meta property=\"og:image:height\" content=\"1536\" \/>\n\t<meta property=\"og:image:type\" content=\"image\/jpeg\" \/>\n<meta name=\"author\" content=\"Val\u00e9rie C.\" \/>\n<meta name=\"twitter:card\" content=\"summary_large_image\" \/>\n<meta name=\"twitter:creator\" content=\"@contactfm72\" \/>\n<meta name=\"twitter:site\" content=\"@contactfm72\" \/>\n<meta name=\"twitter:label1\" content=\"\u00c9crit par\" \/>\n\t<meta name=\"twitter:data1\" content=\"Val\u00e9rie C.\" \/>\n\t<meta name=\"twitter:label2\" content=\"Dur\u00e9e de lecture estim\u00e9e\" \/>\n\t<meta name=\"twitter:data2\" content=\"2 minutes\" \/>\n<script type=\"application\/ld+json\" class=\"yoast-schema-graph\">{\"@context\":\"https:\\\/\\\/schema.org\",\"@graph\":[{\"@type\":\"Article\",\"@id\":\"https:\\\/\\\/contactfm72.fr\\\/?p=10814#article\",\"isPartOf\":{\"@id\":\"https:\\\/\\\/contactfm72.fr\\\/?p=10814\"},\"author\":{\"name\":\"Val\u00e9rie C.\",\"@id\":\"https:\\\/\\\/contactfm72.fr\\\/#\\\/schema\\\/person\\\/9fdc9d1c2eb029354a4f1535b90ba82d\"},\"headline\":\"Sarthe. Une nouvelle directrice \u00e0 l\u2019\u00e9cole Laurentine Proust\",\"datePublished\":\"2022-09-01T08:00:46+00:00\",\"dateModified\":\"2022-09-02T07:51:12+00:00\",\"mainEntityOfPage\":{\"@id\":\"https:\\\/\\\/contactfm72.fr\\\/?p=10814\"},\"wordCount\":458,\"publisher\":{\"@id\":\"https:\\\/\\\/contactfm72.fr\\\/#organization\"},\"image\":{\"@id\":\"https:\\\/\\\/contactfm72.fr\\\/?p=10814#primaryimage\"},\"thumbnailUrl\":\"https:\\\/\\\/contactfm72.fr\\\/wp-content\\\/uploads\\\/2022\\\/09\\\/julie-giraudeau-\u00e9cole.jpg\",\"articleSection\":[\"Contact FM 72\"],\"inLanguage\":\"fr-FR\"},{\"@type\":\"WebPage\",\"@id\":\"https:\\\/\\\/contactfm72.fr\\\/?p=10814\",\"url\":\"https:\\\/\\\/contactfm72.fr\\\/?p=10814\",\"name\":\"Sarthe. Une nouvelle directrice \u00e0 l\u2019\u00e9cole Laurentine Proust - Contact FM 99.3\",\"isPartOf\":{\"@id\":\"https:\\\/\\\/contactfm72.fr\\\/#website\"},\"primaryImageOfPage\":{\"@id\":\"https:\\\/\\\/contactfm72.fr\\\/?p=10814#primaryimage\"},\"image\":{\"@id\":\"https:\\\/\\\/contactfm72.fr\\\/?p=10814#primaryimage\"},\"thumbnailUrl\":\"https:\\\/\\\/contactfm72.fr\\\/wp-content\\\/uploads\\\/2022\\\/09\\\/julie-giraudeau-\u00e9cole.jpg\",\"datePublished\":\"2022-09-01T08:00:46+00:00\",\"dateModified\":\"2022-09-02T07:51:12+00:00\",\"breadcrumb\":{\"@id\":\"https:\\\/\\\/contactfm72.fr\\\/?p=10814#breadcrumb\"},\"inLanguage\":\"fr-FR\",\"potentialAction\":[{\"@type\":\"ReadAction\",\"target\":[\"https:\\\/\\\/contactfm72.fr\\\/?p=10814\"]}]},{\"@type\":\"ImageObject\",\"inLanguage\":\"fr-FR\",\"@id\":\"https:\\\/\\\/contactfm72.fr\\\/?p=10814#primaryimage\",\"url\":\"https:\\\/\\\/contactfm72.fr\\\/wp-content\\\/uploads\\\/2022\\\/09\\\/julie-giraudeau-\u00e9cole.jpg\",\"contentUrl\":\"https:\\\/\\\/contactfm72.fr\\\/wp-content\\\/uploads\\\/2022\\\/09\\\/julie-giraudeau-\u00e9cole.jpg\",\"width\":2048,\"height\":1536,\"caption\":\"Julie Giraudeau est directrice d'\u00e9cole pour la deuxi\u00e8me fois de sa carri\u00e8re, \u00e0 l'\u00e2ge de 29 ans.\"},{\"@type\":\"BreadcrumbList\",\"@id\":\"https:\\\/\\\/contactfm72.fr\\\/?p=10814#breadcrumb\",\"itemListElement\":[{\"@type\":\"ListItem\",\"position\":1,\"name\":\"Accueil\",\"item\":\"https:\\\/\\\/contactfm72.fr\\\/\"},{\"@type\":\"ListItem\",\"position\":2,\"name\":\"Sarthe. Une nouvelle directrice \u00e0 l\u2019\u00e9cole Laurentine Proust\"}]},{\"@type\":\"WebSite\",\"@id\":\"https:\\\/\\\/contactfm72.fr\\\/#website\",\"url\":\"https:\\\/\\\/contactfm72.fr\\\/\",\"name\":\"Contact FM 99.3\",\"description\":\"Votre radio en vall\u00e9e du Loir\",\"publisher\":{\"@id\":\"https:\\\/\\\/contactfm72.fr\\\/#organization\"},\"potentialAction\":[{\"@type\":\"SearchAction\",\"target\":{\"@type\":\"EntryPoint\",\"urlTemplate\":\"https:\\\/\\\/contactfm72.fr\\\/?s={search_term_string}\"},\"query-input\":{\"@type\":\"PropertyValueSpecification\",\"valueRequired\":true,\"valueName\":\"search_term_string\"}}],\"inLanguage\":\"fr-FR\"},{\"@type\":\"Organization\",\"@id\":\"https:\\\/\\\/contactfm72.fr\\\/#organization\",\"name\":\"Contact FM 99.3\",\"url\":\"https:\\\/\\\/contactfm72.fr\\\/\",\"logo\":{\"@type\":\"ImageObject\",\"inLanguage\":\"fr-FR\",\"@id\":\"https:\\\/\\\/contactfm72.fr\\\/#\\\/schema\\\/logo\\\/image\\\/\",\"url\":\"https:\\\/\\\/contactfm72.fr\\\/wp-content\\\/uploads\\\/2025\\\/04\\\/2025-04-18-2.jpg\",\"contentUrl\":\"https:\\\/\\\/contactfm72.fr\\\/wp-content\\\/uploads\\\/2025\\\/04\\\/2025-04-18-2.jpg\",\"width\":680,\"height\":307,\"caption\":\"Contact FM 99.3\"},\"image\":{\"@id\":\"https:\\\/\\\/contactfm72.fr\\\/#\\\/schema\\\/logo\\\/image\\\/\"},\"sameAs\":[\"https:\\\/\\\/www.facebook.com\\\/Contactfm.Chateauduloir\",\"https:\\\/\\\/x.com\\\/contactfm72\",\"https:\\\/\\\/www.instagram.com\\\/contact.fm.72?igsh=cGhlMHQ5N2JlNnpp\",\"https:\\\/\\\/www.tiktok.com\\\/@contact.fm\"]},{\"@type\":\"Person\",\"@id\":\"https:\\\/\\\/contactfm72.fr\\\/#\\\/schema\\\/person\\\/9fdc9d1c2eb029354a4f1535b90ba82d\",\"name\":\"Val\u00e9rie C.\",\"image\":{\"@type\":\"ImageObject\",\"inLanguage\":\"fr-FR\",\"@id\":\"https:\\\/\\\/secure.gravatar.com\\\/avatar\\\/2f8aa28f8dfbd7d4420afd1fdcdd0a349923e2c8a38ab28198b0f9d0601e4737?s=96&d=mm&r=g\",\"url\":\"https:\\\/\\\/secure.gravatar.com\\\/avatar\\\/2f8aa28f8dfbd7d4420afd1fdcdd0a349923e2c8a38ab28198b0f9d0601e4737?s=96&d=mm&r=g\",\"contentUrl\":\"https:\\\/\\\/secure.gravatar.com\\\/avatar\\\/2f8aa28f8dfbd7d4420afd1fdcdd0a349923e2c8a38ab28198b0f9d0601e4737?s=96&d=mm&r=g\",\"caption\":\"Val\u00e9rie C.\"},\"url\":\"https:\\\/\\\/contactfm72.fr\\\/?author=4\"}]}<\/script>\n<!-- \/ Yoast SEO plugin. -->","yoast_head_json":{"title":"Sarthe. Une nouvelle directrice \u00e0 l\u2019\u00e9cole Laurentine Proust - Contact FM 99.3","robots":{"index":"index","follow":"follow","max-snippet":"max-snippet:-1","max-image-preview":"max-image-preview:large","max-video-preview":"max-video-preview:-1"},"canonical":"https:\/\/contactfm72.fr\/?p=10814","og_locale":"fr_FR","og_type":"article","og_title":"Sarthe. Une nouvelle directrice \u00e0 l\u2019\u00e9cole Laurentine Proust - Contact FM 99.3","og_description":"Julie Giraudeau est la nouvelle directrice de l\u2019\u00e9cole maternelle Laurentine Proust \u00e0 Montval-sur-Loir et sera en charge de petites et moyennes sections. &nbsp; Du changement dans cette \u00e9cole du Sud-Sarthe. Laurence Grandjean, directrice de l\u2019\u00e9cole maternelle Laurentine Proust pendant 15 ans, a annonc\u00e9 son d\u00e9part en retraite \u00e0 la fin de l&#8217;ann\u00e9e scolaire pr\u00e9c\u00e9dente. Dor\u00e9navant,&hellip;","og_url":"https:\/\/contactfm72.fr\/?p=10814","og_site_name":"Contact FM 99.3","article_publisher":"https:\/\/www.facebook.com\/Contactfm.Chateauduloir","article_published_time":"2022-09-01T08:00:46+00:00","article_modified_time":"2022-09-02T07:51:12+00:00","og_image":[{"width":2048,"height":1536,"url":"https:\/\/contactfm72.fr\/wp-content\/uploads\/2022\/09\/julie-giraudeau-\u00e9cole.jpg","type":"image\/jpeg"}],"author":"Val\u00e9rie C.","twitter_card":"summary_large_image","twitter_creator":"@contactfm72","twitter_site":"@contactfm72","twitter_misc":{"\u00c9crit par":"Val\u00e9rie C.","Dur\u00e9e de lecture estim\u00e9e":"2 minutes"},"schema":{"@context":"https:\/\/schema.org","@graph":[{"@type":"Article","@id":"https:\/\/contactfm72.fr\/?p=10814#article","isPartOf":{"@id":"https:\/\/contactfm72.fr\/?p=10814"},"author":{"name":"Val\u00e9rie C.","@id":"https:\/\/contactfm72.fr\/#\/schema\/person\/9fdc9d1c2eb029354a4f1535b90ba82d"},"headline":"Sarthe. Une nouvelle directrice \u00e0 l\u2019\u00e9cole Laurentine Proust","datePublished":"2022-09-01T08:00:46+00:00","dateModified":"2022-09-02T07:51:12+00:00","mainEntityOfPage":{"@id":"https:\/\/contactfm72.fr\/?p=10814"},"wordCount":458,"publisher":{"@id":"https:\/\/contactfm72.fr\/#organization"},"image":{"@id":"https:\/\/contactfm72.fr\/?p=10814#primaryimage"},"thumbnailUrl":"https:\/\/contactfm72.fr\/wp-content\/uploads\/2022\/09\/julie-giraudeau-\u00e9cole.jpg","articleSection":["Contact FM 72"],"inLanguage":"fr-FR"},{"@type":"WebPage","@id":"https:\/\/contactfm72.fr\/?p=10814","url":"https:\/\/contactfm72.fr\/?p=10814","name":"Sarthe. Une nouvelle directrice \u00e0 l\u2019\u00e9cole Laurentine Proust - Contact FM 99.3","isPartOf":{"@id":"https:\/\/contactfm72.fr\/#website"},"primaryImageOfPage":{"@id":"https:\/\/contactfm72.fr\/?p=10814#primaryimage"},"image":{"@id":"https:\/\/contactfm72.fr\/?p=10814#primaryimage"},"thumbnailUrl":"https:\/\/contactfm72.fr\/wp-content\/uploads\/2022\/09\/julie-giraudeau-\u00e9cole.jpg","datePublished":"2022-09-01T08:00:46+00:00","dateModified":"2022-09-02T07:51:12+00:00","breadcrumb":{"@id":"https:\/\/contactfm72.fr\/?p=10814#breadcrumb"},"inLanguage":"fr-FR","potentialAction":[{"@type":"ReadAction","target":["https:\/\/contactfm72.fr\/?p=10814"]}]},{"@type":"ImageObject","inLanguage":"fr-FR","@id":"https:\/\/contactfm72.fr\/?p=10814#primaryimage","url":"https:\/\/contactfm72.fr\/wp-content\/uploads\/2022\/09\/julie-giraudeau-\u00e9cole.jpg","contentUrl":"https:\/\/contactfm72.fr\/wp-content\/uploads\/2022\/09\/julie-giraudeau-\u00e9cole.jpg","width":2048,"height":1536,"caption":"Julie Giraudeau est directrice d'\u00e9cole pour la deuxi\u00e8me fois de sa carri\u00e8re, \u00e0 l'\u00e2ge de 29 ans."},{"@type":"BreadcrumbList","@id":"https:\/\/contactfm72.fr\/?p=10814#breadcrumb","itemListElement":[{"@type":"ListItem","position":1,"name":"Accueil","item":"https:\/\/contactfm72.fr\/"},{"@type":"ListItem","position":2,"name":"Sarthe. Une nouvelle directrice \u00e0 l\u2019\u00e9cole Laurentine Proust"}]},{"@type":"WebSite","@id":"https:\/\/contactfm72.fr\/#website","url":"https:\/\/contactfm72.fr\/","name":"Contact FM 99.3","description":"Votre radio en vall\u00e9e du Loir","publisher":{"@id":"https:\/\/contactfm72.fr\/#organization"},"potentialAction":[{"@type":"SearchAction","target":{"@type":"EntryPoint","urlTemplate":"https:\/\/contactfm72.fr\/?s={search_term_string}"},"query-input":{"@type":"PropertyValueSpecification","valueRequired":true,"valueName":"search_term_string"}}],"inLanguage":"fr-FR"},{"@type":"Organization","@id":"https:\/\/contactfm72.fr\/#organization","name":"Contact FM 99.3","url":"https:\/\/contactfm72.fr\/","logo":{"@type":"ImageObject","inLanguage":"fr-FR","@id":"https:\/\/contactfm72.fr\/#\/schema\/logo\/image\/","url":"https:\/\/contactfm72.fr\/wp-content\/uploads\/2025\/04\/2025-04-18-2.jpg","contentUrl":"https:\/\/contactfm72.fr\/wp-content\/uploads\/2025\/04\/2025-04-18-2.jpg","width":680,"height":307,"caption":"Contact FM 99.3"},"image":{"@id":"https:\/\/contactfm72.fr\/#\/schema\/logo\/image\/"},"sameAs":["https:\/\/www.facebook.com\/Contactfm.Chateauduloir","https:\/\/x.com\/contactfm72","https:\/\/www.instagram.com\/contact.fm.72?igsh=cGhlMHQ5N2JlNnpp","https:\/\/www.tiktok.com\/@contact.fm"]},{"@type":"Person","@id":"https:\/\/contactfm72.fr\/#\/schema\/person\/9fdc9d1c2eb029354a4f1535b90ba82d","name":"Val\u00e9rie C.","image":{"@type":"ImageObject","inLanguage":"fr-FR","@id":"https:\/\/secure.gravatar.com\/avatar\/2f8aa28f8dfbd7d4420afd1fdcdd0a349923e2c8a38ab28198b0f9d0601e4737?s=96&d=mm&r=g","url":"https:\/\/secure.gravatar.com\/avatar\/2f8aa28f8dfbd7d4420afd1fdcdd0a349923e2c8a38ab28198b0f9d0601e4737?s=96&d=mm&r=g","contentUrl":"https:\/\/secure.gravatar.com\/avatar\/2f8aa28f8dfbd7d4420afd1fdcdd0a349923e2c8a38ab28198b0f9d0601e4737?s=96&d=mm&r=g","caption":"Val\u00e9rie C."},"url":"https:\/\/contactfm72.fr\/?author=4"}]}},"_links":{"self":[{"href":"https:\/\/contactfm72.fr\/index.php?rest_route=\/wp\/v2\/posts\/10814","targetHints":{"allow":["GET"]}}],"collection":[{"href":"https:\/\/contactfm72.fr\/index.php?rest_route=\/wp\/v2\/posts"}],"about":[{"href":"https:\/\/contactfm72.fr\/index.php?rest_route=\/wp\/v2\/types\/post"}],"author":[{"embeddable":true,"href":"https:\/\/contactfm72.fr\/index.php?rest_route=\/wp\/v2\/users\/4"}],"replies":[{"embeddable":true,"href":"https:\/\/contactfm72.fr\/index.php?rest_route=%2Fwp%2Fv2%2Fcomments&post=10814"}],"version-history":[{"count":1,"href":"https:\/\/contactfm72.fr\/index.php?rest_route=\/wp\/v2\/posts\/10814\/revisions"}],"predecessor-version":[{"id":10815,"href":"https:\/\/contactfm72.fr\/index.php?rest_route=\/wp\/v2\/posts\/10814\/revisions\/10815"}],"wp:featuredmedia":[{"embeddable":true,"href":"https:\/\/contactfm72.fr\/index.php?rest_route=\/wp\/v2\/media\/10854"}],"wp:attachment":[{"href":"https:\/\/contactfm72.fr\/index.php?rest_route=%2Fwp%2Fv2%2Fmedia&parent=10814"}],"wp:term":[{"taxonomy":"category","embeddable":true,"href":"https:\/\/contactfm72.fr\/index.php?rest_route=%2Fwp%2Fv2%2Fcategories&post=10814"},{"taxonomy":"post_tag","embeddable":true,"href":"https:\/\/contactfm72.fr\/index.php?rest_route=%2Fwp%2Fv2%2Ftags&post=10814"}],"curies":[{"name":"wp","href":"https:\/\/api.w.org\/{rel}","templated":true}]}}