{"id":10782,"date":"2022-08-25T17:00:48","date_gmt":"2022-08-25T15:00:48","guid":{"rendered":"http:\/\/contactfm72.fr\/?p=10782"},"modified":"2022-08-26T07:23:43","modified_gmt":"2022-08-26T05:23:43","slug":"ils-participent-aux-24-heures-velo-organises-le-27-et-28-aout-au-mans","status":"publish","type":"post","link":"https:\/\/contactfm72.fr\/?p=10782","title":{"rendered":"Ils participent aux 24 heures v\u00e9lo organis\u00e9s les 27 et 28 ao\u00fbt au Mans"},"content":{"rendered":"<h2>Ils viennent de Luceau, Ponc\u00e9-sur-le-Loir, Tours, le Mans, ou encore de la r\u00e9gion parisienne, et ont d\u00e9cid\u00e9 de participer aux 24 heures v\u00e9lo, organis\u00e9s les 27 et 28 ao\u00fbt sur le circuit Bugatti du Mans. Rencontre avec ces passionn\u00e9s qui concourent pour l\u2019association C\u00e9nomane.<\/h2>\n<p>&nbsp;<\/p>\n<p>&nbsp;<\/p>\n<p>Ils ont entre<strong> 22 et 62 ans<\/strong>, sont originaires de <strong>Luceau<\/strong>, le <strong>Mans<\/strong>, de la<strong> r\u00e9gion parisienne<\/strong>, de <strong>Ponc\u00e9-sur-le-Loir<\/strong> et de <strong>Tours<\/strong> et ont une <strong>passion<\/strong> en commun : le <strong>v\u00e9lo<\/strong>. Ils se sont rencontr\u00e9s gr\u00e2ce \u00e0 des connaissances communes et les r\u00e9seaux sociaux :<\/p>\n<blockquote><p>\u00ab On aime ce sport, on est des mordus de v\u00e9lo \u00bb, r\u00e9sume Dominique Saunier, l\u2019a\u00een\u00e9 de la bande.<\/p><\/blockquote>\n<p>&nbsp;<\/p>\n<h3><strong>Une \u00e9quipe de 4, et 2 en solo<\/strong><\/h3>\n<p>Ils seront six \u00e0 s\u2019\u00e9lancer lors du <strong>d\u00e9part qui aura lieu le samedi 27 ao\u00fbt \u00e0 15h<\/strong>. L\u2019\u00e9quipe de quatre passionn\u00e9s est compos\u00e9e de <strong>Philippe Dineur<\/strong>, 51 ans, originaire de la r\u00e9gion parisienne, qui participera pour la premi\u00e8re fois \u00e0 cette course, tout comme <strong>Pierre Ballu,<\/strong> 22 ans, le benjamin de la bande et tourangeau. <strong>Fabian Marchisseau<\/strong>, 50 ans et \u00e9galement originaire de Tours, en est au moins \u00e0 sa troisi\u00e8me participation. Et enfin, <strong>Arnaud Montriou<\/strong>, 45 ans, habitant de Luceau, participe pour \u00a0la seconde fois \u00e0 cette course.<\/p>\n<p>Face \u00e0 eux, deux courageux participeront seul. <strong>Dominique Saunier<\/strong> de Ponc\u00e9-sur-Loir, 62 ans, s\u2019\u00e9lance pour sa deuxi\u00e8me fois en solo, mais a d\u00e9j\u00e0 particip\u00e9 quatre fois en \u00e9quipe. Il pr\u00e9cise, peu fier\u00a0: \u00ab\u00a0L\u2019ann\u00e9e derni\u00e8re, je n\u2019ai fait que sept arr\u00eats de 15 minutes\u00a0\u00bb. Le second est <strong>Aymeric Brisset<\/strong>, 24 ans, originaire du Mans, a d\u00e9j\u00e0 particip\u00e9 plusieurs fois en \u00e9quipe, mais cette ann\u00e9e sera sa premi\u00e8re fois en solo.<\/p>\n<p>&nbsp;<\/p>\n<h3><strong>Une aventure par \u00e9quipe<\/strong><\/h3>\n<p>Ensemble, ils ont d\u00e9cid\u00e9 de participer \u00e0 la course mythique des <a href=\"https:\/\/www.24heuresvelo.fr\/\"><strong>24 heures v\u00e9lo<\/strong><\/a>. La raison est simple :<\/p>\n<blockquote><p>\u00ab\u00a0Faire du v\u00e9lo pour faire du v\u00e9lo, c\u2019est bien. Mais se donner des objectifs, c\u2019est mieux\u00a0\u00bb, assure Arnaud. Mais tous sont unanimes\u00a0: \u00ab\u00a0On le fait pour le challenge\u00a0\u00bb. Les coureurs estiment qu\u2019 \u00ab\u00a0il n\u2019y a pas de niveau, et on court tous ensemble\u00a0\u00bb.<\/p><\/blockquote>\n<p><strong>P\u00e9daler pendant 24 heures<\/strong> repr\u00e9sente une <strong>performance hors norme<\/strong>. Tous sont en <strong>bonne condition physique<\/strong> mais ont intensifi\u00e9 leurs entra\u00eenements ces derniers mois :<\/p>\n<blockquote><p>\u00ab On a suivi les performances de chacun durant leur entra\u00eenement via des applications. \u00c7a permettait de conna\u00eetre les performances et donc d\u2019essayer de faire mieux, une sorte de challenge entre nous \u00bb, explique Arnaud.<\/p><\/blockquote>\n<p>&nbsp;<\/p>\n<h3><strong>Des maillots rouge sang<\/strong><\/h3>\n<p>Cette nouvelle aventure s\u2019est d\u00e9cid\u00e9e lors des inscriptions, en janvier 2022\u00a0: \u00ab Le co\u00fbt s\u2019\u00e9l\u00e8ve \u00e0 1580\u20ac, dont 400\u20ac pour les maillots\u00a0\u00bb, pr\u00e9cise Arnaud. Porter un m\u00eame maillot pour repr\u00e9senter l\u2019\u00e9quipe n\u2019\u00e9tait pas obligatoire, mais \u00e9tait une fa\u00e7on de repr\u00e9senter d\u2019autant plus <strong><a href=\"https:\/\/dondusangcenomane.wordpress.com\/\">l\u2019association Cenomane<\/a> <\/strong>pour laquelle ces six coureurs participent \u00e0 la course. \u00ab\u00a0On court pour cette association. On a d\u00fb trouver des sponsors pour rembourser notre inscription. Ces sponsors sont avec nous, sur notre maillot\u00a0\u00bb, informe Arnaud. \u00ab\u00a0Notre maillot est <strong>rouge sang<\/strong>, pour rappeler les actions de C\u00e9nomane\u00a0\u00bb, ajoute Philippe. Car en effet, C\u00e9nomane <strong>\u0153uvre dans le don du sang par diff\u00e9rents moyens<\/strong>\u00a0; \u00a0ils <strong>informent<\/strong> la population des besoins en produits sanguins pour les malades, des lieux et horaires des collectes, sur les diff\u00e9rents types de dons.<\/p>\n<blockquote><p>\u00ab\u00a0On sensibilise les non-donneurs et surtout les jeunes, et on les fid\u00e9lise \u00bb, enrichit la pr\u00e9sidente de l\u2019association, Virginie Pasquetti.<\/p><\/blockquote>\n<p>&nbsp;<\/p>\n<h3><strong>Sereins et \u00e9lectriques<\/strong><\/h3>\n<p>A quelques heures du d\u00e9part, les coureurs sont \u00ab\u00a0\u00e9lectriques\u00a0\u00bb, mais aussi \u00ab\u00a0sereins\u00a0\u00bb. Pour Arnaud, le pire ennemi ne sera pas la faim, ou la fatigue, mais le <strong>vent\u00a0<\/strong>:<\/p>\n<blockquote><p>\u00ab\u00a0Il y a un virage dans le circuit qui conduit \u00e9norm\u00e9ment de vent, il faudra qu\u2019on fasse attention\u00a0\u00bb.<\/p><\/blockquote>\n<p>V\u00e9los r\u00e9vis\u00e9s, pneus chang\u00e9s, l\u2019\u00e9quipe de quatre coureurs est d\u00e9j\u00e0 coordonn\u00e9e\u00a0:<\/p>\n<blockquote><p>\u00ab\u00a0On fera <strong>quatre relais d\u20191h30<\/strong>. Deux iront se reposer, l\u2019un veillera sur l\u2019autre qui sera sur le circuit qui prendra ensuite la rel\u00e8ve \u00bb, r\u00e9sume Arnaud.<\/p><\/blockquote>\n<p>Les six passionn\u00e9s ont un <strong>motto<\/strong> lors de ces 24h\u00a0: <strong>\u00ab\u00a0courir pour les malades et comme des malades\u00a0\u00bb<\/strong>. Mais avant tout, ils souhaitent prendre <strong>un maximum de plaisir<\/strong> lors de cette course unique. Le d\u00e9part aura donc lieu samedi 27 ao\u00fbt \u00e0 15h sur le circuit du Mans, et <strong>famille, amis et membres de l\u2019association<\/strong> seront pr\u00e9sents pour les <strong>soutenir<\/strong>.<\/p>\n<!-- AddThis Advanced Settings generic via filter on the_content --><!-- AddThis Share Buttons generic via filter on the_content -->","protected":false},"excerpt":{"rendered":"<p>Ils viennent de Luceau, Ponc\u00e9-sur-le-Loir, Tours, le Mans, ou encore de la r\u00e9gion parisienne, et ont d\u00e9cid\u00e9 de participer aux 24 heures v\u00e9lo, organis\u00e9s les 27 et 28 ao\u00fbt sur le circuit Bugatti du Mans. Rencontre avec ces passionn\u00e9s qui concourent pour l\u2019association C\u00e9nomane. &nbsp; &nbsp; Ils ont entre 22 et 62 ans, sont originaires&hellip;<!-- AddThis Advanced Settings generic via filter on get_the_excerpt --><!-- AddThis Share Buttons generic via filter on get_the_excerpt --><\/p>\n","protected":false},"author":4,"featured_media":10785,"comment_status":"closed","ping_status":"open","sticky":false,"template":"","format":"standard","meta":{"footnotes":""},"categories":[1],"tags":[],"class_list":["post-10782","post","type-post","status-publish","format-standard","has-post-thumbnail","hentry","category-contact-fm-72","category-1","description-off"],"yoast_head":"<!-- This site is optimized with the Yoast SEO plugin v27.4 - https:\/\/yoast.com\/product\/yoast-seo-wordpress\/ -->\n<title>Ils participent aux 24 heures v\u00e9lo organis\u00e9s les 27 et 28 ao\u00fbt au Mans - Contact FM 99.3<\/title>\n<meta name=\"robots\" content=\"index, follow, max-snippet:-1, max-image-preview:large, max-video-preview:-1\" \/>\n<link rel=\"canonical\" href=\"https:\/\/contactfm72.fr\/?p=10782\" \/>\n<meta property=\"og:locale\" content=\"fr_FR\" \/>\n<meta property=\"og:type\" content=\"article\" \/>\n<meta property=\"og:title\" content=\"Ils participent aux 24 heures v\u00e9lo organis\u00e9s les 27 et 28 ao\u00fbt au Mans - Contact FM 99.3\" \/>\n<meta property=\"og:description\" content=\"Ils viennent de Luceau, Ponc\u00e9-sur-le-Loir, Tours, le Mans, ou encore de la r\u00e9gion parisienne, et ont d\u00e9cid\u00e9 de participer aux 24 heures v\u00e9lo, organis\u00e9s les 27 et 28 ao\u00fbt sur le circuit Bugatti du Mans. Rencontre avec ces passionn\u00e9s qui concourent pour l\u2019association C\u00e9nomane. &nbsp; &nbsp; Ils ont entre 22 et 62 ans, sont originaires&hellip;\" \/>\n<meta property=\"og:url\" content=\"https:\/\/contactfm72.fr\/?p=10782\" \/>\n<meta property=\"og:site_name\" content=\"Contact FM 99.3\" \/>\n<meta property=\"article:publisher\" content=\"https:\/\/www.facebook.com\/Contactfm.Chateauduloir\" \/>\n<meta property=\"article:published_time\" content=\"2022-08-25T15:00:48+00:00\" \/>\n<meta property=\"article:modified_time\" content=\"2022-08-26T05:23:43+00:00\" \/>\n<meta property=\"og:image\" content=\"https:\/\/contactfm72.fr\/wp-content\/uploads\/2022\/08\/24h-velo.jpg\" \/>\n\t<meta property=\"og:image:width\" content=\"2048\" \/>\n\t<meta property=\"og:image:height\" content=\"1536\" \/>\n\t<meta property=\"og:image:type\" content=\"image\/jpeg\" \/>\n<meta name=\"author\" content=\"Val\u00e9rie C.\" \/>\n<meta name=\"twitter:card\" content=\"summary_large_image\" \/>\n<meta name=\"twitter:creator\" content=\"@contactfm72\" \/>\n<meta name=\"twitter:site\" content=\"@contactfm72\" \/>\n<meta name=\"twitter:label1\" content=\"\u00c9crit par\" \/>\n\t<meta name=\"twitter:data1\" content=\"Val\u00e9rie C.\" \/>\n\t<meta name=\"twitter:label2\" content=\"Dur\u00e9e de lecture estim\u00e9e\" \/>\n\t<meta name=\"twitter:data2\" content=\"4 minutes\" \/>\n<script type=\"application\/ld+json\" class=\"yoast-schema-graph\">{\"@context\":\"https:\\\/\\\/schema.org\",\"@graph\":[{\"@type\":\"Article\",\"@id\":\"https:\\\/\\\/contactfm72.fr\\\/?p=10782#article\",\"isPartOf\":{\"@id\":\"https:\\\/\\\/contactfm72.fr\\\/?p=10782\"},\"author\":{\"name\":\"Val\u00e9rie C.\",\"@id\":\"https:\\\/\\\/contactfm72.fr\\\/#\\\/schema\\\/person\\\/9fdc9d1c2eb029354a4f1535b90ba82d\"},\"headline\":\"Ils participent aux 24 heures v\u00e9lo organis\u00e9s les 27 et 28 ao\u00fbt au Mans\",\"datePublished\":\"2022-08-25T15:00:48+00:00\",\"dateModified\":\"2022-08-26T05:23:43+00:00\",\"mainEntityOfPage\":{\"@id\":\"https:\\\/\\\/contactfm72.fr\\\/?p=10782\"},\"wordCount\":770,\"publisher\":{\"@id\":\"https:\\\/\\\/contactfm72.fr\\\/#organization\"},\"image\":{\"@id\":\"https:\\\/\\\/contactfm72.fr\\\/?p=10782#primaryimage\"},\"thumbnailUrl\":\"https:\\\/\\\/contactfm72.fr\\\/wp-content\\\/uploads\\\/2022\\\/08\\\/24h-velo.jpg\",\"articleSection\":[\"Contact FM 72\"],\"inLanguage\":\"fr-FR\"},{\"@type\":\"WebPage\",\"@id\":\"https:\\\/\\\/contactfm72.fr\\\/?p=10782\",\"url\":\"https:\\\/\\\/contactfm72.fr\\\/?p=10782\",\"name\":\"Ils participent aux 24 heures v\u00e9lo organis\u00e9s les 27 et 28 ao\u00fbt au Mans - Contact FM 99.3\",\"isPartOf\":{\"@id\":\"https:\\\/\\\/contactfm72.fr\\\/#website\"},\"primaryImageOfPage\":{\"@id\":\"https:\\\/\\\/contactfm72.fr\\\/?p=10782#primaryimage\"},\"image\":{\"@id\":\"https:\\\/\\\/contactfm72.fr\\\/?p=10782#primaryimage\"},\"thumbnailUrl\":\"https:\\\/\\\/contactfm72.fr\\\/wp-content\\\/uploads\\\/2022\\\/08\\\/24h-velo.jpg\",\"datePublished\":\"2022-08-25T15:00:48+00:00\",\"dateModified\":\"2022-08-26T05:23:43+00:00\",\"breadcrumb\":{\"@id\":\"https:\\\/\\\/contactfm72.fr\\\/?p=10782#breadcrumb\"},\"inLanguage\":\"fr-FR\",\"potentialAction\":[{\"@type\":\"ReadAction\",\"target\":[\"https:\\\/\\\/contactfm72.fr\\\/?p=10782\"]}]},{\"@type\":\"ImageObject\",\"inLanguage\":\"fr-FR\",\"@id\":\"https:\\\/\\\/contactfm72.fr\\\/?p=10782#primaryimage\",\"url\":\"https:\\\/\\\/contactfm72.fr\\\/wp-content\\\/uploads\\\/2022\\\/08\\\/24h-velo.jpg\",\"contentUrl\":\"https:\\\/\\\/contactfm72.fr\\\/wp-content\\\/uploads\\\/2022\\\/08\\\/24h-velo.jpg\",\"width\":2048,\"height\":1536,\"caption\":\"De g. \u00e0 dr. Dominique Saunier, Pierre Ballu, Arnaud Montriou, Philippe Dineur, la mascotte de l'association, Virginie Pasquetti, pr\u00e9sidente, et Evelyne, membre de l'association.\"},{\"@type\":\"BreadcrumbList\",\"@id\":\"https:\\\/\\\/contactfm72.fr\\\/?p=10782#breadcrumb\",\"itemListElement\":[{\"@type\":\"ListItem\",\"position\":1,\"name\":\"Accueil\",\"item\":\"https:\\\/\\\/contactfm72.fr\\\/\"},{\"@type\":\"ListItem\",\"position\":2,\"name\":\"Ils participent aux 24 heures v\u00e9lo organis\u00e9s les 27 et 28 ao\u00fbt au Mans\"}]},{\"@type\":\"WebSite\",\"@id\":\"https:\\\/\\\/contactfm72.fr\\\/#website\",\"url\":\"https:\\\/\\\/contactfm72.fr\\\/\",\"name\":\"Contact FM 99.3\",\"description\":\"Votre radio en vall\u00e9e du Loir\",\"publisher\":{\"@id\":\"https:\\\/\\\/contactfm72.fr\\\/#organization\"},\"potentialAction\":[{\"@type\":\"SearchAction\",\"target\":{\"@type\":\"EntryPoint\",\"urlTemplate\":\"https:\\\/\\\/contactfm72.fr\\\/?s={search_term_string}\"},\"query-input\":{\"@type\":\"PropertyValueSpecification\",\"valueRequired\":true,\"valueName\":\"search_term_string\"}}],\"inLanguage\":\"fr-FR\"},{\"@type\":\"Organization\",\"@id\":\"https:\\\/\\\/contactfm72.fr\\\/#organization\",\"name\":\"Contact FM 99.3\",\"url\":\"https:\\\/\\\/contactfm72.fr\\\/\",\"logo\":{\"@type\":\"ImageObject\",\"inLanguage\":\"fr-FR\",\"@id\":\"https:\\\/\\\/contactfm72.fr\\\/#\\\/schema\\\/logo\\\/image\\\/\",\"url\":\"https:\\\/\\\/contactfm72.fr\\\/wp-content\\\/uploads\\\/2025\\\/04\\\/2025-04-18-2.jpg\",\"contentUrl\":\"https:\\\/\\\/contactfm72.fr\\\/wp-content\\\/uploads\\\/2025\\\/04\\\/2025-04-18-2.jpg\",\"width\":680,\"height\":307,\"caption\":\"Contact FM 99.3\"},\"image\":{\"@id\":\"https:\\\/\\\/contactfm72.fr\\\/#\\\/schema\\\/logo\\\/image\\\/\"},\"sameAs\":[\"https:\\\/\\\/www.facebook.com\\\/Contactfm.Chateauduloir\",\"https:\\\/\\\/x.com\\\/contactfm72\",\"https:\\\/\\\/www.instagram.com\\\/contact.fm.72?igsh=cGhlMHQ5N2JlNnpp\",\"https:\\\/\\\/www.tiktok.com\\\/@contact.fm\"]},{\"@type\":\"Person\",\"@id\":\"https:\\\/\\\/contactfm72.fr\\\/#\\\/schema\\\/person\\\/9fdc9d1c2eb029354a4f1535b90ba82d\",\"name\":\"Val\u00e9rie C.\",\"image\":{\"@type\":\"ImageObject\",\"inLanguage\":\"fr-FR\",\"@id\":\"https:\\\/\\\/secure.gravatar.com\\\/avatar\\\/2f8aa28f8dfbd7d4420afd1fdcdd0a349923e2c8a38ab28198b0f9d0601e4737?s=96&d=mm&r=g\",\"url\":\"https:\\\/\\\/secure.gravatar.com\\\/avatar\\\/2f8aa28f8dfbd7d4420afd1fdcdd0a349923e2c8a38ab28198b0f9d0601e4737?s=96&d=mm&r=g\",\"contentUrl\":\"https:\\\/\\\/secure.gravatar.com\\\/avatar\\\/2f8aa28f8dfbd7d4420afd1fdcdd0a349923e2c8a38ab28198b0f9d0601e4737?s=96&d=mm&r=g\",\"caption\":\"Val\u00e9rie C.\"},\"url\":\"https:\\\/\\\/contactfm72.fr\\\/?author=4\"}]}<\/script>\n<!-- \/ Yoast SEO plugin. -->","yoast_head_json":{"title":"Ils participent aux 24 heures v\u00e9lo organis\u00e9s les 27 et 28 ao\u00fbt au Mans - Contact FM 99.3","robots":{"index":"index","follow":"follow","max-snippet":"max-snippet:-1","max-image-preview":"max-image-preview:large","max-video-preview":"max-video-preview:-1"},"canonical":"https:\/\/contactfm72.fr\/?p=10782","og_locale":"fr_FR","og_type":"article","og_title":"Ils participent aux 24 heures v\u00e9lo organis\u00e9s les 27 et 28 ao\u00fbt au Mans - Contact FM 99.3","og_description":"Ils viennent de Luceau, Ponc\u00e9-sur-le-Loir, Tours, le Mans, ou encore de la r\u00e9gion parisienne, et ont d\u00e9cid\u00e9 de participer aux 24 heures v\u00e9lo, organis\u00e9s les 27 et 28 ao\u00fbt sur le circuit Bugatti du Mans. Rencontre avec ces passionn\u00e9s qui concourent pour l\u2019association C\u00e9nomane. &nbsp; &nbsp; Ils ont entre 22 et 62 ans, sont originaires&hellip;","og_url":"https:\/\/contactfm72.fr\/?p=10782","og_site_name":"Contact FM 99.3","article_publisher":"https:\/\/www.facebook.com\/Contactfm.Chateauduloir","article_published_time":"2022-08-25T15:00:48+00:00","article_modified_time":"2022-08-26T05:23:43+00:00","og_image":[{"width":2048,"height":1536,"url":"https:\/\/contactfm72.fr\/wp-content\/uploads\/2022\/08\/24h-velo.jpg","type":"image\/jpeg"}],"author":"Val\u00e9rie C.","twitter_card":"summary_large_image","twitter_creator":"@contactfm72","twitter_site":"@contactfm72","twitter_misc":{"\u00c9crit par":"Val\u00e9rie C.","Dur\u00e9e de lecture estim\u00e9e":"4 minutes"},"schema":{"@context":"https:\/\/schema.org","@graph":[{"@type":"Article","@id":"https:\/\/contactfm72.fr\/?p=10782#article","isPartOf":{"@id":"https:\/\/contactfm72.fr\/?p=10782"},"author":{"name":"Val\u00e9rie C.","@id":"https:\/\/contactfm72.fr\/#\/schema\/person\/9fdc9d1c2eb029354a4f1535b90ba82d"},"headline":"Ils participent aux 24 heures v\u00e9lo organis\u00e9s les 27 et 28 ao\u00fbt au Mans","datePublished":"2022-08-25T15:00:48+00:00","dateModified":"2022-08-26T05:23:43+00:00","mainEntityOfPage":{"@id":"https:\/\/contactfm72.fr\/?p=10782"},"wordCount":770,"publisher":{"@id":"https:\/\/contactfm72.fr\/#organization"},"image":{"@id":"https:\/\/contactfm72.fr\/?p=10782#primaryimage"},"thumbnailUrl":"https:\/\/contactfm72.fr\/wp-content\/uploads\/2022\/08\/24h-velo.jpg","articleSection":["Contact FM 72"],"inLanguage":"fr-FR"},{"@type":"WebPage","@id":"https:\/\/contactfm72.fr\/?p=10782","url":"https:\/\/contactfm72.fr\/?p=10782","name":"Ils participent aux 24 heures v\u00e9lo organis\u00e9s les 27 et 28 ao\u00fbt au Mans - Contact FM 99.3","isPartOf":{"@id":"https:\/\/contactfm72.fr\/#website"},"primaryImageOfPage":{"@id":"https:\/\/contactfm72.fr\/?p=10782#primaryimage"},"image":{"@id":"https:\/\/contactfm72.fr\/?p=10782#primaryimage"},"thumbnailUrl":"https:\/\/contactfm72.fr\/wp-content\/uploads\/2022\/08\/24h-velo.jpg","datePublished":"2022-08-25T15:00:48+00:00","dateModified":"2022-08-26T05:23:43+00:00","breadcrumb":{"@id":"https:\/\/contactfm72.fr\/?p=10782#breadcrumb"},"inLanguage":"fr-FR","potentialAction":[{"@type":"ReadAction","target":["https:\/\/contactfm72.fr\/?p=10782"]}]},{"@type":"ImageObject","inLanguage":"fr-FR","@id":"https:\/\/contactfm72.fr\/?p=10782#primaryimage","url":"https:\/\/contactfm72.fr\/wp-content\/uploads\/2022\/08\/24h-velo.jpg","contentUrl":"https:\/\/contactfm72.fr\/wp-content\/uploads\/2022\/08\/24h-velo.jpg","width":2048,"height":1536,"caption":"De g. \u00e0 dr. Dominique Saunier, Pierre Ballu, Arnaud Montriou, Philippe Dineur, la mascotte de l'association, Virginie Pasquetti, pr\u00e9sidente, et Evelyne, membre de l'association."},{"@type":"BreadcrumbList","@id":"https:\/\/contactfm72.fr\/?p=10782#breadcrumb","itemListElement":[{"@type":"ListItem","position":1,"name":"Accueil","item":"https:\/\/contactfm72.fr\/"},{"@type":"ListItem","position":2,"name":"Ils participent aux 24 heures v\u00e9lo organis\u00e9s les 27 et 28 ao\u00fbt au Mans"}]},{"@type":"WebSite","@id":"https:\/\/contactfm72.fr\/#website","url":"https:\/\/contactfm72.fr\/","name":"Contact FM 99.3","description":"Votre radio en vall\u00e9e du Loir","publisher":{"@id":"https:\/\/contactfm72.fr\/#organization"},"potentialAction":[{"@type":"SearchAction","target":{"@type":"EntryPoint","urlTemplate":"https:\/\/contactfm72.fr\/?s={search_term_string}"},"query-input":{"@type":"PropertyValueSpecification","valueRequired":true,"valueName":"search_term_string"}}],"inLanguage":"fr-FR"},{"@type":"Organization","@id":"https:\/\/contactfm72.fr\/#organization","name":"Contact FM 99.3","url":"https:\/\/contactfm72.fr\/","logo":{"@type":"ImageObject","inLanguage":"fr-FR","@id":"https:\/\/contactfm72.fr\/#\/schema\/logo\/image\/","url":"https:\/\/contactfm72.fr\/wp-content\/uploads\/2025\/04\/2025-04-18-2.jpg","contentUrl":"https:\/\/contactfm72.fr\/wp-content\/uploads\/2025\/04\/2025-04-18-2.jpg","width":680,"height":307,"caption":"Contact FM 99.3"},"image":{"@id":"https:\/\/contactfm72.fr\/#\/schema\/logo\/image\/"},"sameAs":["https:\/\/www.facebook.com\/Contactfm.Chateauduloir","https:\/\/x.com\/contactfm72","https:\/\/www.instagram.com\/contact.fm.72?igsh=cGhlMHQ5N2JlNnpp","https:\/\/www.tiktok.com\/@contact.fm"]},{"@type":"Person","@id":"https:\/\/contactfm72.fr\/#\/schema\/person\/9fdc9d1c2eb029354a4f1535b90ba82d","name":"Val\u00e9rie C.","image":{"@type":"ImageObject","inLanguage":"fr-FR","@id":"https:\/\/secure.gravatar.com\/avatar\/2f8aa28f8dfbd7d4420afd1fdcdd0a349923e2c8a38ab28198b0f9d0601e4737?s=96&d=mm&r=g","url":"https:\/\/secure.gravatar.com\/avatar\/2f8aa28f8dfbd7d4420afd1fdcdd0a349923e2c8a38ab28198b0f9d0601e4737?s=96&d=mm&r=g","contentUrl":"https:\/\/secure.gravatar.com\/avatar\/2f8aa28f8dfbd7d4420afd1fdcdd0a349923e2c8a38ab28198b0f9d0601e4737?s=96&d=mm&r=g","caption":"Val\u00e9rie C."},"url":"https:\/\/contactfm72.fr\/?author=4"}]}},"_links":{"self":[{"href":"https:\/\/contactfm72.fr\/index.php?rest_route=\/wp\/v2\/posts\/10782","targetHints":{"allow":["GET"]}}],"collection":[{"href":"https:\/\/contactfm72.fr\/index.php?rest_route=\/wp\/v2\/posts"}],"about":[{"href":"https:\/\/contactfm72.fr\/index.php?rest_route=\/wp\/v2\/types\/post"}],"author":[{"embeddable":true,"href":"https:\/\/contactfm72.fr\/index.php?rest_route=\/wp\/v2\/users\/4"}],"replies":[{"embeddable":true,"href":"https:\/\/contactfm72.fr\/index.php?rest_route=%2Fwp%2Fv2%2Fcomments&post=10782"}],"version-history":[{"count":2,"href":"https:\/\/contactfm72.fr\/index.php?rest_route=\/wp\/v2\/posts\/10782\/revisions"}],"predecessor-version":[{"id":10796,"href":"https:\/\/contactfm72.fr\/index.php?rest_route=\/wp\/v2\/posts\/10782\/revisions\/10796"}],"wp:featuredmedia":[{"embeddable":true,"href":"https:\/\/contactfm72.fr\/index.php?rest_route=\/wp\/v2\/media\/10785"}],"wp:attachment":[{"href":"https:\/\/contactfm72.fr\/index.php?rest_route=%2Fwp%2Fv2%2Fmedia&parent=10782"}],"wp:term":[{"taxonomy":"category","embeddable":true,"href":"https:\/\/contactfm72.fr\/index.php?rest_route=%2Fwp%2Fv2%2Fcategories&post=10782"},{"taxonomy":"post_tag","embeddable":true,"href":"https:\/\/contactfm72.fr\/index.php?rest_route=%2Fwp%2Fv2%2Ftags&post=10782"}],"curies":[{"name":"wp","href":"https:\/\/api.w.org\/{rel}","templated":true}]}}