{"id":10772,"date":"2022-08-26T14:18:12","date_gmt":"2022-08-26T12:18:12","guid":{"rendered":"http:\/\/contactfm72.fr\/?p=10772"},"modified":"2022-08-23T14:26:40","modified_gmt":"2022-08-23T12:26:40","slug":"ecole-de-petanque-de-la-vallee-du-loir-organise-le-national-jeunes-petanque","status":"publish","type":"post","link":"https:\/\/contactfm72.fr\/?p=10772","title":{"rendered":"Ecole de p\u00e9tanque de la Vall\u00e9e du Loir organise le National Jeunes P\u00e9tanque"},"content":{"rendered":"<h2>L\u2019\u00e9cole de p\u00e9tanque de la Vall\u00e9e du Loir organise le samedi 27 ao\u00fbt le premier National Jeunes P\u00e9tanque de son histoire, \u00e0 Ch\u00e2teau-du-Loir, dans la Sarthe. Les plus grands talents fran\u00e7ais seront de la partie.<\/h2>\n<p>&nbsp;<\/p>\n<p>L\u2019<strong>\u00e9cole de p\u00e9tanque de la Vall\u00e9e du Loir<\/strong> ne cesse de se d\u00e9velopper, au rythme de ses exploits. Alors que les jeunes boulistes ont r\u00e9cemment f\u00eat\u00e9 leurs <a href=\"http:\/\/contactfm72.fr\/?p=9657\">100 titres en 10 ans d\u2019existence<\/a>, l\u2019\u00e9cole organise ce <strong>samedi 27 ao\u00fbt<\/strong> le premier <strong>National Jeunes P\u00e9tanque<\/strong>.<\/p>\n<p>&nbsp;<\/p>\n<h3><strong>Les meilleurs en France<\/strong><\/h3>\n<p>Cet \u00e9v\u00e8nement constitue l\u2019<strong>une des 35 \u00e9tapes fran\u00e7aises<\/strong> comptant pour le classement national des meilleurs jeunes dans les trois cat\u00e9gories minime, cadet et junior.<\/p>\n<p>Ce concours national rassemblera le <strong>gratin des meilleurs talents fran\u00e7ais chez les jeunes<\/strong>. Plus de <strong>25 d\u00e9partements<\/strong> ont d\u2019ores et d\u00e9j\u00e0 fait parvenir des inscriptions, y compris du sud de la France. Des membres des \u00e9quipes de France jeunes, des <strong>champions r\u00e9gionaux et d\u00e9partementaux<\/strong> s\u2019affronteront toute la journ\u00e9e pour remporter de pr\u00e9cieux points afin de gagner des places dans les classements nationaux.<\/p>\n<p>&nbsp;<\/p>\n<h3><strong>Vers une finale nationale<\/strong><\/h3>\n<p>Les <strong>24 meilleurs class\u00e9s<\/strong> disputeront une finale nationale en fin d\u2019ann\u00e9e.<\/p>\n<blockquote><p>\u00ab\u00a0Le niveau de jeu sera donc tr\u00e8s relev\u00e9. Des \u00e9quipes sarthoises et locales essaieront de tirer leur \u00e9pingle du jeu. Le d\u00e9but des jeux aura lieu \u00e0 9h30. Les parties finales se d\u00e9rouleront de 14h30 \u00e0 20h00. L\u2019entr\u00e9e est gratuite pour tous les spectateurs\u00a0\u00bb, fait savoir Alain Pin\u00e7on, secr\u00e9taire du club.<\/p><\/blockquote>\n<p>Cette organisation, en partenariat avec la ville de <strong>Montval-sur-Loir<\/strong> et de nombreux sponsors de la vall\u00e9e du Loir est une promotion pour le sport p\u00e9tanque chez les jeunes. Les cinq clubs de l\u2019\u00e9cole de p\u00e9tanque de la Vall\u00e9e du Loir, \u00e0 savoir le CO Cast\u00e9lorien, Val de Loir P\u00e9tanque 72, P\u00e9tanque Le Grand Luc\u00e9, Les boulistes Aubign\u00e9 et la Vigilante Mayet P\u00e9tanque, s\u2019unissent pour rassembler la quarantaine de b\u00e9n\u00e9voles qui feront que cet \u00e9v\u00e8nement sera une r\u00e9ussite.<\/p>\n<p>&nbsp;<\/p>\n<h5>Infos pratiques\u00a0: Le national jeunes se d\u00e9roulera sur les terrains du foirail \u00e0 Ch\u00e2teau du Loir le samedi 27 ao\u00fbt de 9h30 \u00e0 20h00.<\/h5>\n<p>&nbsp;<\/p>\n<!-- AddThis Advanced Settings generic via filter on the_content --><!-- AddThis Share Buttons generic via filter on the_content -->","protected":false},"excerpt":{"rendered":"<p>L\u2019\u00e9cole de p\u00e9tanque de la Vall\u00e9e du Loir organise le samedi 27 ao\u00fbt le premier National Jeunes P\u00e9tanque de son histoire, \u00e0 Ch\u00e2teau-du-Loir, dans la Sarthe. Les plus grands talents fran\u00e7ais seront de la partie. &nbsp; L\u2019\u00e9cole de p\u00e9tanque de la Vall\u00e9e du Loir ne cesse de se d\u00e9velopper, au rythme de ses exploits. Alors&hellip;<!-- AddThis Advanced Settings generic via filter on get_the_excerpt --><!-- AddThis Share Buttons generic via filter on get_the_excerpt --><\/p>\n","protected":false},"author":4,"featured_media":10773,"comment_status":"closed","ping_status":"open","sticky":false,"template":"","format":"standard","meta":{"footnotes":""},"categories":[1],"tags":[],"class_list":["post-10772","post","type-post","status-publish","format-standard","has-post-thumbnail","hentry","category-contact-fm-72","category-1","description-off"],"yoast_head":"<!-- This site is optimized with the Yoast SEO plugin v27.4 - https:\/\/yoast.com\/product\/yoast-seo-wordpress\/ -->\n<title>Ecole de p\u00e9tanque de la Vall\u00e9e du Loir organise le National Jeunes P\u00e9tanque - Contact FM 99.3<\/title>\n<meta name=\"robots\" content=\"index, follow, max-snippet:-1, max-image-preview:large, max-video-preview:-1\" \/>\n<link rel=\"canonical\" href=\"https:\/\/contactfm72.fr\/?p=10772\" \/>\n<meta property=\"og:locale\" content=\"fr_FR\" \/>\n<meta property=\"og:type\" content=\"article\" \/>\n<meta property=\"og:title\" content=\"Ecole de p\u00e9tanque de la Vall\u00e9e du Loir organise le National Jeunes P\u00e9tanque - Contact FM 99.3\" \/>\n<meta property=\"og:description\" content=\"L\u2019\u00e9cole de p\u00e9tanque de la Vall\u00e9e du Loir organise le samedi 27 ao\u00fbt le premier National Jeunes P\u00e9tanque de son histoire, \u00e0 Ch\u00e2teau-du-Loir, dans la Sarthe. Les plus grands talents fran\u00e7ais seront de la partie. &nbsp; L\u2019\u00e9cole de p\u00e9tanque de la Vall\u00e9e du Loir ne cesse de se d\u00e9velopper, au rythme de ses exploits. Alors&hellip;\" \/>\n<meta property=\"og:url\" content=\"https:\/\/contactfm72.fr\/?p=10772\" \/>\n<meta property=\"og:site_name\" content=\"Contact FM 99.3\" \/>\n<meta property=\"article:publisher\" content=\"https:\/\/www.facebook.com\/Contactfm.Chateauduloir\" \/>\n<meta property=\"article:published_time\" content=\"2022-08-26T12:18:12+00:00\" \/>\n<meta property=\"og:image\" content=\"https:\/\/contactfm72.fr\/wp-content\/uploads\/2022\/08\/p\u00e9tanque-CDL.jpg\" \/>\n\t<meta property=\"og:image:width\" content=\"1024\" \/>\n\t<meta property=\"og:image:height\" content=\"647\" \/>\n\t<meta property=\"og:image:type\" content=\"image\/jpeg\" \/>\n<meta name=\"author\" content=\"Val\u00e9rie C.\" \/>\n<meta name=\"twitter:card\" content=\"summary_large_image\" \/>\n<meta name=\"twitter:creator\" content=\"@contactfm72\" \/>\n<meta name=\"twitter:site\" content=\"@contactfm72\" \/>\n<meta name=\"twitter:label1\" content=\"\u00c9crit par\" \/>\n\t<meta name=\"twitter:data1\" content=\"Val\u00e9rie C.\" \/>\n\t<meta name=\"twitter:label2\" content=\"Dur\u00e9e de lecture estim\u00e9e\" \/>\n\t<meta name=\"twitter:data2\" content=\"2 minutes\" \/>\n<script type=\"application\/ld+json\" class=\"yoast-schema-graph\">{\"@context\":\"https:\\\/\\\/schema.org\",\"@graph\":[{\"@type\":\"Article\",\"@id\":\"https:\\\/\\\/contactfm72.fr\\\/?p=10772#article\",\"isPartOf\":{\"@id\":\"https:\\\/\\\/contactfm72.fr\\\/?p=10772\"},\"author\":{\"name\":\"Val\u00e9rie C.\",\"@id\":\"https:\\\/\\\/contactfm72.fr\\\/#\\\/schema\\\/person\\\/9fdc9d1c2eb029354a4f1535b90ba82d\"},\"headline\":\"Ecole de p\u00e9tanque de la Vall\u00e9e du Loir organise le National Jeunes P\u00e9tanque\",\"datePublished\":\"2022-08-26T12:18:12+00:00\",\"mainEntityOfPage\":{\"@id\":\"https:\\\/\\\/contactfm72.fr\\\/?p=10772\"},\"wordCount\":399,\"publisher\":{\"@id\":\"https:\\\/\\\/contactfm72.fr\\\/#organization\"},\"image\":{\"@id\":\"https:\\\/\\\/contactfm72.fr\\\/?p=10772#primaryimage\"},\"thumbnailUrl\":\"https:\\\/\\\/contactfm72.fr\\\/wp-content\\\/uploads\\\/2022\\\/08\\\/p\u00e9tanque-CDL.jpg\",\"articleSection\":[\"Contact FM 72\"],\"inLanguage\":\"fr-FR\"},{\"@type\":\"WebPage\",\"@id\":\"https:\\\/\\\/contactfm72.fr\\\/?p=10772\",\"url\":\"https:\\\/\\\/contactfm72.fr\\\/?p=10772\",\"name\":\"Ecole de p\u00e9tanque de la Vall\u00e9e du Loir organise le National Jeunes P\u00e9tanque - Contact FM 99.3\",\"isPartOf\":{\"@id\":\"https:\\\/\\\/contactfm72.fr\\\/#website\"},\"primaryImageOfPage\":{\"@id\":\"https:\\\/\\\/contactfm72.fr\\\/?p=10772#primaryimage\"},\"image\":{\"@id\":\"https:\\\/\\\/contactfm72.fr\\\/?p=10772#primaryimage\"},\"thumbnailUrl\":\"https:\\\/\\\/contactfm72.fr\\\/wp-content\\\/uploads\\\/2022\\\/08\\\/p\u00e9tanque-CDL.jpg\",\"datePublished\":\"2022-08-26T12:18:12+00:00\",\"breadcrumb\":{\"@id\":\"https:\\\/\\\/contactfm72.fr\\\/?p=10772#breadcrumb\"},\"inLanguage\":\"fr-FR\",\"potentialAction\":[{\"@type\":\"ReadAction\",\"target\":[\"https:\\\/\\\/contactfm72.fr\\\/?p=10772\"]}]},{\"@type\":\"ImageObject\",\"inLanguage\":\"fr-FR\",\"@id\":\"https:\\\/\\\/contactfm72.fr\\\/?p=10772#primaryimage\",\"url\":\"https:\\\/\\\/contactfm72.fr\\\/wp-content\\\/uploads\\\/2022\\\/08\\\/p\u00e9tanque-CDL.jpg\",\"contentUrl\":\"https:\\\/\\\/contactfm72.fr\\\/wp-content\\\/uploads\\\/2022\\\/08\\\/p\u00e9tanque-CDL.jpg\",\"width\":5422,\"height\":3428,\"caption\":\"Image d'illustration lors d'un concours de p\u00e9tanque organis\u00e9 \u00e0 Ch\u00e2teau-du-Loir par l'\u00e9cole de p\u00e9tanque de la vall\u00e9e du Loir. Cr\u00e9dits: Alain Pin\u00e7on.\"},{\"@type\":\"BreadcrumbList\",\"@id\":\"https:\\\/\\\/contactfm72.fr\\\/?p=10772#breadcrumb\",\"itemListElement\":[{\"@type\":\"ListItem\",\"position\":1,\"name\":\"Accueil\",\"item\":\"https:\\\/\\\/contactfm72.fr\\\/\"},{\"@type\":\"ListItem\",\"position\":2,\"name\":\"Ecole de p\u00e9tanque de la Vall\u00e9e du Loir organise le National Jeunes P\u00e9tanque\"}]},{\"@type\":\"WebSite\",\"@id\":\"https:\\\/\\\/contactfm72.fr\\\/#website\",\"url\":\"https:\\\/\\\/contactfm72.fr\\\/\",\"name\":\"Contact FM 99.3\",\"description\":\"Votre radio en vall\u00e9e du Loir\",\"publisher\":{\"@id\":\"https:\\\/\\\/contactfm72.fr\\\/#organization\"},\"potentialAction\":[{\"@type\":\"SearchAction\",\"target\":{\"@type\":\"EntryPoint\",\"urlTemplate\":\"https:\\\/\\\/contactfm72.fr\\\/?s={search_term_string}\"},\"query-input\":{\"@type\":\"PropertyValueSpecification\",\"valueRequired\":true,\"valueName\":\"search_term_string\"}}],\"inLanguage\":\"fr-FR\"},{\"@type\":\"Organization\",\"@id\":\"https:\\\/\\\/contactfm72.fr\\\/#organization\",\"name\":\"Contact FM 99.3\",\"url\":\"https:\\\/\\\/contactfm72.fr\\\/\",\"logo\":{\"@type\":\"ImageObject\",\"inLanguage\":\"fr-FR\",\"@id\":\"https:\\\/\\\/contactfm72.fr\\\/#\\\/schema\\\/logo\\\/image\\\/\",\"url\":\"https:\\\/\\\/contactfm72.fr\\\/wp-content\\\/uploads\\\/2025\\\/04\\\/2025-04-18-2.jpg\",\"contentUrl\":\"https:\\\/\\\/contactfm72.fr\\\/wp-content\\\/uploads\\\/2025\\\/04\\\/2025-04-18-2.jpg\",\"width\":680,\"height\":307,\"caption\":\"Contact FM 99.3\"},\"image\":{\"@id\":\"https:\\\/\\\/contactfm72.fr\\\/#\\\/schema\\\/logo\\\/image\\\/\"},\"sameAs\":[\"https:\\\/\\\/www.facebook.com\\\/Contactfm.Chateauduloir\",\"https:\\\/\\\/x.com\\\/contactfm72\",\"https:\\\/\\\/www.instagram.com\\\/contact.fm.72?igsh=cGhlMHQ5N2JlNnpp\",\"https:\\\/\\\/www.tiktok.com\\\/@contact.fm\"]},{\"@type\":\"Person\",\"@id\":\"https:\\\/\\\/contactfm72.fr\\\/#\\\/schema\\\/person\\\/9fdc9d1c2eb029354a4f1535b90ba82d\",\"name\":\"Val\u00e9rie C.\",\"image\":{\"@type\":\"ImageObject\",\"inLanguage\":\"fr-FR\",\"@id\":\"https:\\\/\\\/secure.gravatar.com\\\/avatar\\\/2f8aa28f8dfbd7d4420afd1fdcdd0a349923e2c8a38ab28198b0f9d0601e4737?s=96&d=mm&r=g\",\"url\":\"https:\\\/\\\/secure.gravatar.com\\\/avatar\\\/2f8aa28f8dfbd7d4420afd1fdcdd0a349923e2c8a38ab28198b0f9d0601e4737?s=96&d=mm&r=g\",\"contentUrl\":\"https:\\\/\\\/secure.gravatar.com\\\/avatar\\\/2f8aa28f8dfbd7d4420afd1fdcdd0a349923e2c8a38ab28198b0f9d0601e4737?s=96&d=mm&r=g\",\"caption\":\"Val\u00e9rie C.\"},\"url\":\"https:\\\/\\\/contactfm72.fr\\\/?author=4\"}]}<\/script>\n<!-- \/ Yoast SEO plugin. -->","yoast_head_json":{"title":"Ecole de p\u00e9tanque de la Vall\u00e9e du Loir organise le National Jeunes P\u00e9tanque - Contact FM 99.3","robots":{"index":"index","follow":"follow","max-snippet":"max-snippet:-1","max-image-preview":"max-image-preview:large","max-video-preview":"max-video-preview:-1"},"canonical":"https:\/\/contactfm72.fr\/?p=10772","og_locale":"fr_FR","og_type":"article","og_title":"Ecole de p\u00e9tanque de la Vall\u00e9e du Loir organise le National Jeunes P\u00e9tanque - Contact FM 99.3","og_description":"L\u2019\u00e9cole de p\u00e9tanque de la Vall\u00e9e du Loir organise le samedi 27 ao\u00fbt le premier National Jeunes P\u00e9tanque de son histoire, \u00e0 Ch\u00e2teau-du-Loir, dans la Sarthe. Les plus grands talents fran\u00e7ais seront de la partie. &nbsp; L\u2019\u00e9cole de p\u00e9tanque de la Vall\u00e9e du Loir ne cesse de se d\u00e9velopper, au rythme de ses exploits. Alors&hellip;","og_url":"https:\/\/contactfm72.fr\/?p=10772","og_site_name":"Contact FM 99.3","article_publisher":"https:\/\/www.facebook.com\/Contactfm.Chateauduloir","article_published_time":"2022-08-26T12:18:12+00:00","og_image":[{"url":"https:\/\/contactfm72.fr\/wp-content\/uploads\/2022\/08\/p\u00e9tanque-CDL.jpg","width":1024,"height":647,"type":"image\/jpeg"}],"author":"Val\u00e9rie C.","twitter_card":"summary_large_image","twitter_creator":"@contactfm72","twitter_site":"@contactfm72","twitter_misc":{"\u00c9crit par":"Val\u00e9rie C.","Dur\u00e9e de lecture estim\u00e9e":"2 minutes"},"schema":{"@context":"https:\/\/schema.org","@graph":[{"@type":"Article","@id":"https:\/\/contactfm72.fr\/?p=10772#article","isPartOf":{"@id":"https:\/\/contactfm72.fr\/?p=10772"},"author":{"name":"Val\u00e9rie C.","@id":"https:\/\/contactfm72.fr\/#\/schema\/person\/9fdc9d1c2eb029354a4f1535b90ba82d"},"headline":"Ecole de p\u00e9tanque de la Vall\u00e9e du Loir organise le National Jeunes P\u00e9tanque","datePublished":"2022-08-26T12:18:12+00:00","mainEntityOfPage":{"@id":"https:\/\/contactfm72.fr\/?p=10772"},"wordCount":399,"publisher":{"@id":"https:\/\/contactfm72.fr\/#organization"},"image":{"@id":"https:\/\/contactfm72.fr\/?p=10772#primaryimage"},"thumbnailUrl":"https:\/\/contactfm72.fr\/wp-content\/uploads\/2022\/08\/p\u00e9tanque-CDL.jpg","articleSection":["Contact FM 72"],"inLanguage":"fr-FR"},{"@type":"WebPage","@id":"https:\/\/contactfm72.fr\/?p=10772","url":"https:\/\/contactfm72.fr\/?p=10772","name":"Ecole de p\u00e9tanque de la Vall\u00e9e du Loir organise le National Jeunes P\u00e9tanque - Contact FM 99.3","isPartOf":{"@id":"https:\/\/contactfm72.fr\/#website"},"primaryImageOfPage":{"@id":"https:\/\/contactfm72.fr\/?p=10772#primaryimage"},"image":{"@id":"https:\/\/contactfm72.fr\/?p=10772#primaryimage"},"thumbnailUrl":"https:\/\/contactfm72.fr\/wp-content\/uploads\/2022\/08\/p\u00e9tanque-CDL.jpg","datePublished":"2022-08-26T12:18:12+00:00","breadcrumb":{"@id":"https:\/\/contactfm72.fr\/?p=10772#breadcrumb"},"inLanguage":"fr-FR","potentialAction":[{"@type":"ReadAction","target":["https:\/\/contactfm72.fr\/?p=10772"]}]},{"@type":"ImageObject","inLanguage":"fr-FR","@id":"https:\/\/contactfm72.fr\/?p=10772#primaryimage","url":"https:\/\/contactfm72.fr\/wp-content\/uploads\/2022\/08\/p\u00e9tanque-CDL.jpg","contentUrl":"https:\/\/contactfm72.fr\/wp-content\/uploads\/2022\/08\/p\u00e9tanque-CDL.jpg","width":5422,"height":3428,"caption":"Image d'illustration lors d'un concours de p\u00e9tanque organis\u00e9 \u00e0 Ch\u00e2teau-du-Loir par l'\u00e9cole de p\u00e9tanque de la vall\u00e9e du Loir. Cr\u00e9dits: Alain Pin\u00e7on."},{"@type":"BreadcrumbList","@id":"https:\/\/contactfm72.fr\/?p=10772#breadcrumb","itemListElement":[{"@type":"ListItem","position":1,"name":"Accueil","item":"https:\/\/contactfm72.fr\/"},{"@type":"ListItem","position":2,"name":"Ecole de p\u00e9tanque de la Vall\u00e9e du Loir organise le National Jeunes P\u00e9tanque"}]},{"@type":"WebSite","@id":"https:\/\/contactfm72.fr\/#website","url":"https:\/\/contactfm72.fr\/","name":"Contact FM 99.3","description":"Votre radio en vall\u00e9e du Loir","publisher":{"@id":"https:\/\/contactfm72.fr\/#organization"},"potentialAction":[{"@type":"SearchAction","target":{"@type":"EntryPoint","urlTemplate":"https:\/\/contactfm72.fr\/?s={search_term_string}"},"query-input":{"@type":"PropertyValueSpecification","valueRequired":true,"valueName":"search_term_string"}}],"inLanguage":"fr-FR"},{"@type":"Organization","@id":"https:\/\/contactfm72.fr\/#organization","name":"Contact FM 99.3","url":"https:\/\/contactfm72.fr\/","logo":{"@type":"ImageObject","inLanguage":"fr-FR","@id":"https:\/\/contactfm72.fr\/#\/schema\/logo\/image\/","url":"https:\/\/contactfm72.fr\/wp-content\/uploads\/2025\/04\/2025-04-18-2.jpg","contentUrl":"https:\/\/contactfm72.fr\/wp-content\/uploads\/2025\/04\/2025-04-18-2.jpg","width":680,"height":307,"caption":"Contact FM 99.3"},"image":{"@id":"https:\/\/contactfm72.fr\/#\/schema\/logo\/image\/"},"sameAs":["https:\/\/www.facebook.com\/Contactfm.Chateauduloir","https:\/\/x.com\/contactfm72","https:\/\/www.instagram.com\/contact.fm.72?igsh=cGhlMHQ5N2JlNnpp","https:\/\/www.tiktok.com\/@contact.fm"]},{"@type":"Person","@id":"https:\/\/contactfm72.fr\/#\/schema\/person\/9fdc9d1c2eb029354a4f1535b90ba82d","name":"Val\u00e9rie C.","image":{"@type":"ImageObject","inLanguage":"fr-FR","@id":"https:\/\/secure.gravatar.com\/avatar\/2f8aa28f8dfbd7d4420afd1fdcdd0a349923e2c8a38ab28198b0f9d0601e4737?s=96&d=mm&r=g","url":"https:\/\/secure.gravatar.com\/avatar\/2f8aa28f8dfbd7d4420afd1fdcdd0a349923e2c8a38ab28198b0f9d0601e4737?s=96&d=mm&r=g","contentUrl":"https:\/\/secure.gravatar.com\/avatar\/2f8aa28f8dfbd7d4420afd1fdcdd0a349923e2c8a38ab28198b0f9d0601e4737?s=96&d=mm&r=g","caption":"Val\u00e9rie C."},"url":"https:\/\/contactfm72.fr\/?author=4"}]}},"_links":{"self":[{"href":"https:\/\/contactfm72.fr\/index.php?rest_route=\/wp\/v2\/posts\/10772","targetHints":{"allow":["GET"]}}],"collection":[{"href":"https:\/\/contactfm72.fr\/index.php?rest_route=\/wp\/v2\/posts"}],"about":[{"href":"https:\/\/contactfm72.fr\/index.php?rest_route=\/wp\/v2\/types\/post"}],"author":[{"embeddable":true,"href":"https:\/\/contactfm72.fr\/index.php?rest_route=\/wp\/v2\/users\/4"}],"replies":[{"embeddable":true,"href":"https:\/\/contactfm72.fr\/index.php?rest_route=%2Fwp%2Fv2%2Fcomments&post=10772"}],"version-history":[{"count":1,"href":"https:\/\/contactfm72.fr\/index.php?rest_route=\/wp\/v2\/posts\/10772\/revisions"}],"predecessor-version":[{"id":10774,"href":"https:\/\/contactfm72.fr\/index.php?rest_route=\/wp\/v2\/posts\/10772\/revisions\/10774"}],"wp:featuredmedia":[{"embeddable":true,"href":"https:\/\/contactfm72.fr\/index.php?rest_route=\/wp\/v2\/media\/10773"}],"wp:attachment":[{"href":"https:\/\/contactfm72.fr\/index.php?rest_route=%2Fwp%2Fv2%2Fmedia&parent=10772"}],"wp:term":[{"taxonomy":"category","embeddable":true,"href":"https:\/\/contactfm72.fr\/index.php?rest_route=%2Fwp%2Fv2%2Fcategories&post=10772"},{"taxonomy":"post_tag","embeddable":true,"href":"https:\/\/contactfm72.fr\/index.php?rest_route=%2Fwp%2Fv2%2Ftags&post=10772"}],"curies":[{"name":"wp","href":"https:\/\/api.w.org\/{rel}","templated":true}]}}