{"id":10764,"date":"2022-08-23T14:30:23","date_gmt":"2022-08-23T12:30:23","guid":{"rendered":"http:\/\/contactfm72.fr\/?p=10764"},"modified":"2022-08-23T11:08:21","modified_gmt":"2022-08-23T09:08:21","slug":"penurie-de-conducteurs-de-bus-scolaire-la-region-et-la-fntv-se-mobilisent","status":"publish","type":"post","link":"https:\/\/contactfm72.fr\/?p=10764","title":{"rendered":"P\u00e9nurie de conducteurs de bus scolaire : la R\u00e9gion et la FNTV se mobilisent"},"content":{"rendered":"<h2>La R\u00e9gion Pays de la Loire et la F\u00e9d\u00e9ration nationale des transports de voyageurs (FNTV) se sont r\u00e9unis, lundi 22 ao\u00fbt, en compagnie des acteurs du service de transport de voyageurs,\u00a0 pour faire le point concernant les modalit\u00e9s de service de transport scolaire pr\u00e9vues pour la rentr\u00e9e 2022. Face \u00e0 la p\u00e9nurie de conducteurs de bus scolaire, plusieurs solutions sont mises en place.<\/h2>\n<p>&nbsp;<\/p>\n<p>Ce lundi 22 ao\u00fbt, la<a href=\"https:\/\/www.paysdelaloire.fr\/\"> <strong>R\u00e9gion des Pays de la Loire<\/strong> <\/a>et la <a href=\"https:\/\/www.fntv.fr\/\"><strong>FNTV<\/strong> <\/a>ont r\u00e9uni les acteurs du transport de voyageurs \u00e0 Angers. La mobilisation de la R\u00e9gion et des acteurs du transport, dans un contexte de p\u00e9nurie nationale de conducteurs de cars, \u00ab\u00a0<strong>permet d\u2019assurer le transport de tous les \u00e9l\u00e8ves inscrits<\/strong> \u00bb au transport scolaire Al\u00e9op \u00e0 la rentr\u00e9e 2022, assure la R\u00e9gion dans un communiqu\u00e9.<\/p>\n<p>&nbsp;<\/p>\n<h3><strong>P\u00e9nurie de conducteurs, 400 postes dans la R\u00e9gion<\/strong><\/h3>\n<p>Les transports publics connaissent depuis quelques ann\u00e9es une p\u00e9nurie de conducteurs de car qui <strong>impacte fortement les services interurbains et le transport scolaire<\/strong>. Cette tension structurelle rend parfois impossible le remplacement des conducteurs absents en cas d\u2019arr\u00eat de travail impromptu. En cause notamment le <strong>contexte sanitaire et l\u2019absent\u00e9isme d\u00fb au Covid<\/strong> \u00a0qui ont d\u00e9j\u00e0 fortement impact\u00e9 l\u2019ann\u00e9e scolaire 2021-2022, puisque certaines sessions de formation de conducteurs de car n\u2019ont pas pu se tenir en 2021.<\/p>\n<p>Conjugu\u00e9 \u00e0 un<strong> taux d\u2019emploi particuli\u00e8rement \u00e9lev\u00e9<\/strong> en r\u00e9gion et \u00e0 une dynamique d\u00e9mographique n\u00e9cessitant le d\u00e9veloppement de l\u2019offre de transport, le secteur a besoin de recruter plus que jamais. En <strong>France<\/strong>, le besoin de conducteurs s\u2019\u00e9l\u00e8ve \u00e0 <strong>7 000 postes<\/strong>, et en <strong>Pays de la Loire, il est \u00e9valu\u00e9 \u00e0 400 postes<\/strong> sur l\u2019ensemble de l\u2019ann\u00e9e 2023.<\/p>\n<p>A l\u2019heure actuelle, le service pourra ainsi \u00eatre assur\u00e9 sur l\u2019ensemble du r\u00e9seau <a href=\"https:\/\/aleop.paysdelaloire.fr\/\"><strong>Al\u00e9op<\/strong><\/a>, avec l\u2019adaptation de <strong>20 lignes sur les 3 385 lignes<\/strong> que compte le r\u00e9seau r\u00e9gional de transport scolaire.<\/p>\n<blockquote><p>\u00ab Comme toutes les r\u00e9gions fran\u00e7aises, la r\u00e9gion des Pays de la Loire n\u2019est pas \u00e9pargn\u00e9e par la p\u00e9nurie de conducteurs de cars, estim\u00e9e \u00e0 7000 postes vacants \u00e0 l\u2019\u00e9chelle nationale. L\u2019enjeu consiste surtout \u00e0 recruter de nouveaux conducteurs pour remplacer ceux qui sont absents ou en arr\u00eat \u00bb, a expliqu\u00e9 Pascal Fontaine, pr\u00e9sident de le FNTV des Pays de la Loire.<\/p><\/blockquote>\n<p>&nbsp;<\/p>\n<h3><strong>Les solutions mises en place<\/strong><\/h3>\n<p>La R\u00e9gion met en place tous les leviers n\u00e9cessaire pour faciliter le recrutement de conducteurs de car.<\/p>\n<ul>\n<li>La <strong>transparence et l\u2019anticipation<\/strong> : <strong>Christelle Moran\u00e7ais, pr\u00e9sidente<\/strong> de la R\u00e9gion des Pays de la Loire, a adress\u00e9 un courriel aux familles pour les informer d\u00e8s le 20 juillet de la tension existante.<br \/>\nElle a aussi lanc\u00e9 un appel \u00e0 candidatures. Un mois plus tard, ce courrier a d\u00e9j\u00e0 g\u00e9n\u00e9r\u00e9 une <strong>cinquantaine de candidatures<\/strong> adress\u00e9es \u00e0 la FNTV.<\/li>\n<li>La <strong>formation<\/strong> : La R\u00e9gion est historiquement tr\u00e8s engag\u00e9e dans le soutien aux formations de conducteurs. Des <strong>sessions de formation qualifiante<\/strong>, 100 % financ\u00e9es, sont r\u00e9guli\u00e8rement financ\u00e9es : <a href=\"http:\/\/www.deviensconducteurdecar.fr\">www.deviensconducteurdecar.fr<\/a> . La R\u00e9gion renforce \u00e9galement la promotion des formations au m\u00e9tier de conducteur de car. Ces formations, d\u2019une dur\u00e9e de 3 mois, sont accessibles aux d\u00e9tenteurs du permis B fran\u00e7ais en cours de validit\u00e9 et sont int\u00e9gralement prises en charge pour les demandeurs d\u2019emploi.<\/li>\n<li>L<strong>\u2019exp\u00e9rimentation d\u2019un compl\u00e9ment du temps de travail<\/strong> : La R\u00e9gion a lanc\u00e9 une exp\u00e9rimentation en Loire-Atlantique avec les communes et collectivit\u00e9s locales volontaires pour <strong>proposer des postes compl\u00e9mentaires \u00e0 celui de conducteur<\/strong>. Cette solution permettrait d\u2019assurer les revenus d\u2019un poste \u00e0 plein temps.<\/li>\n<li>La <strong>communication :<\/strong> La R\u00e9gion relaie des op\u00e9rations de communication grand public, des<strong> participations aux forums et salons de l\u2019emploi<\/strong> organis\u00e9s pour pr\u00e9senter le m\u00e9tier et les offres de formation disponibles. La R\u00e9gion a \u00e9galement programm\u00e9 une campagne de communication pour inciter les candidats \u00e0 postuler.<\/li>\n<li><strong>Plateforme d\u2019emplois<\/strong> : La R\u00e9gion a mis en ligne la plateforme d\u2019emplois <a href=\"https:\/\/nosemplois.fr\/\">nosemplois.fr<\/a> pour<strong> faciliter les recrutements<\/strong> dans tous les secteurs en tension. Des offres d\u2019emplois de conducteurs y sont r\u00e9pertori\u00e9es.<\/li>\n<\/ul>\n<blockquote><p>\u00ab La R\u00e9gion s\u2019est mobilis\u00e9e tout l\u2019\u00e9t\u00e9 et suit la situation au jour le jour pour assurer d\u00e8s la rentr\u00e9e le transport des 140 000 \u00e9l\u00e8ves inscrits aux transports scolaires Al\u00e9op, un service essentiel, au quotidien, pour les familles. Quelques \u00e9l\u00e8ves pourraient conna\u00eetre des modifications d\u2019horaires avec des allongements de temps de parcours mais nous faisons le maximum pour ne subir aucune suppression de services en Pays de la Loire. \u00bb, a d\u00e9clar\u00e9 Roch Brancour, vice-pr\u00e9sident de la R\u00e9gion des Pays de la Loire en charge des transports.<\/p><\/blockquote>\n<p>&nbsp;<\/p>\n<h3><strong>Le transport scolaire dans les Pays de la Loire en chiffres<\/strong><\/h3>\n<p>Le transport scolaire Al\u00e9op en Pays de la Loire concerne <strong>140 000 \u00e9l\u00e8ves transport\u00e9s<\/strong> par an pour 3 385 circuits sur le reseau Al\u00e9op avec 15 500 points d\u2019arr\u00eat. Ce ne sont pas moins de<strong> 70 entreprises de transport<\/strong> qui op\u00e8rent sur le r\u00e9seau r\u00e9gional. Enfin, la R\u00e9gion annonce mobiliser <strong>156 millions d\u2019euros de budget en 2022<\/strong>.<\/p>\n<!-- AddThis Advanced Settings generic via filter on the_content --><!-- AddThis Share Buttons generic via filter on the_content -->","protected":false},"excerpt":{"rendered":"<p>La R\u00e9gion Pays de la Loire et la F\u00e9d\u00e9ration nationale des transports de voyageurs (FNTV) se sont r\u00e9unis, lundi 22 ao\u00fbt, en compagnie des acteurs du service de transport de voyageurs,\u00a0 pour faire le point concernant les modalit\u00e9s de service de transport scolaire pr\u00e9vues pour la rentr\u00e9e 2022. Face \u00e0 la p\u00e9nurie de conducteurs de&hellip;<!-- AddThis Advanced Settings generic via filter on get_the_excerpt --><!-- AddThis Share Buttons generic via filter on get_the_excerpt --><\/p>\n","protected":false},"author":4,"featured_media":10765,"comment_status":"closed","ping_status":"open","sticky":false,"template":"","format":"standard","meta":{"footnotes":""},"categories":[1],"tags":[],"class_list":["post-10764","post","type-post","status-publish","format-standard","has-post-thumbnail","hentry","category-contact-fm-72","category-1","description-off"],"yoast_head":"<!-- This site is optimized with the Yoast SEO plugin v27.4 - https:\/\/yoast.com\/product\/yoast-seo-wordpress\/ -->\n<title>P\u00e9nurie de conducteurs de bus scolaire : la R\u00e9gion et la FNTV se mobilisent - Contact FM 99.3<\/title>\n<meta name=\"robots\" content=\"index, follow, max-snippet:-1, max-image-preview:large, max-video-preview:-1\" \/>\n<link rel=\"canonical\" href=\"https:\/\/contactfm72.fr\/?p=10764\" \/>\n<meta property=\"og:locale\" content=\"fr_FR\" \/>\n<meta property=\"og:type\" content=\"article\" \/>\n<meta property=\"og:title\" content=\"P\u00e9nurie de conducteurs de bus scolaire : la R\u00e9gion et la FNTV se mobilisent - Contact FM 99.3\" \/>\n<meta property=\"og:description\" content=\"La R\u00e9gion Pays de la Loire et la F\u00e9d\u00e9ration nationale des transports de voyageurs (FNTV) se sont r\u00e9unis, lundi 22 ao\u00fbt, en compagnie des acteurs du service de transport de voyageurs,\u00a0 pour faire le point concernant les modalit\u00e9s de service de transport scolaire pr\u00e9vues pour la rentr\u00e9e 2022. Face \u00e0 la p\u00e9nurie de conducteurs de&hellip;\" \/>\n<meta property=\"og:url\" content=\"https:\/\/contactfm72.fr\/?p=10764\" \/>\n<meta property=\"og:site_name\" content=\"Contact FM 99.3\" \/>\n<meta property=\"article:publisher\" content=\"https:\/\/www.facebook.com\/Contactfm.Chateauduloir\" \/>\n<meta property=\"article:published_time\" content=\"2022-08-23T12:30:23+00:00\" \/>\n<meta property=\"og:image\" content=\"https:\/\/contactfm72.fr\/wp-content\/uploads\/2022\/08\/transport-r\u00e9gion.jpg\" \/>\n\t<meta property=\"og:image:width\" content=\"1773\" \/>\n\t<meta property=\"og:image:height\" content=\"1182\" \/>\n\t<meta property=\"og:image:type\" content=\"image\/jpeg\" \/>\n<meta name=\"author\" content=\"Val\u00e9rie C.\" \/>\n<meta name=\"twitter:card\" content=\"summary_large_image\" \/>\n<meta name=\"twitter:creator\" content=\"@contactfm72\" \/>\n<meta name=\"twitter:site\" content=\"@contactfm72\" \/>\n<meta name=\"twitter:label1\" content=\"\u00c9crit par\" \/>\n\t<meta name=\"twitter:data1\" content=\"Val\u00e9rie C.\" \/>\n\t<meta name=\"twitter:label2\" content=\"Dur\u00e9e de lecture estim\u00e9e\" \/>\n\t<meta name=\"twitter:data2\" content=\"4 minutes\" \/>\n<script type=\"application\/ld+json\" class=\"yoast-schema-graph\">{\"@context\":\"https:\\\/\\\/schema.org\",\"@graph\":[{\"@type\":\"Article\",\"@id\":\"https:\\\/\\\/contactfm72.fr\\\/?p=10764#article\",\"isPartOf\":{\"@id\":\"https:\\\/\\\/contactfm72.fr\\\/?p=10764\"},\"author\":{\"name\":\"Val\u00e9rie C.\",\"@id\":\"https:\\\/\\\/contactfm72.fr\\\/#\\\/schema\\\/person\\\/9fdc9d1c2eb029354a4f1535b90ba82d\"},\"headline\":\"P\u00e9nurie de conducteurs de bus scolaire : la R\u00e9gion et la FNTV se mobilisent\",\"datePublished\":\"2022-08-23T12:30:23+00:00\",\"mainEntityOfPage\":{\"@id\":\"https:\\\/\\\/contactfm72.fr\\\/?p=10764\"},\"wordCount\":896,\"publisher\":{\"@id\":\"https:\\\/\\\/contactfm72.fr\\\/#organization\"},\"image\":{\"@id\":\"https:\\\/\\\/contactfm72.fr\\\/?p=10764#primaryimage\"},\"thumbnailUrl\":\"https:\\\/\\\/contactfm72.fr\\\/wp-content\\\/uploads\\\/2022\\\/08\\\/transport-r\u00e9gion.jpg\",\"articleSection\":[\"Contact FM 72\"],\"inLanguage\":\"fr-FR\"},{\"@type\":\"WebPage\",\"@id\":\"https:\\\/\\\/contactfm72.fr\\\/?p=10764\",\"url\":\"https:\\\/\\\/contactfm72.fr\\\/?p=10764\",\"name\":\"P\u00e9nurie de conducteurs de bus scolaire : la R\u00e9gion et la FNTV se mobilisent - Contact FM 99.3\",\"isPartOf\":{\"@id\":\"https:\\\/\\\/contactfm72.fr\\\/#website\"},\"primaryImageOfPage\":{\"@id\":\"https:\\\/\\\/contactfm72.fr\\\/?p=10764#primaryimage\"},\"image\":{\"@id\":\"https:\\\/\\\/contactfm72.fr\\\/?p=10764#primaryimage\"},\"thumbnailUrl\":\"https:\\\/\\\/contactfm72.fr\\\/wp-content\\\/uploads\\\/2022\\\/08\\\/transport-r\u00e9gion.jpg\",\"datePublished\":\"2022-08-23T12:30:23+00:00\",\"breadcrumb\":{\"@id\":\"https:\\\/\\\/contactfm72.fr\\\/?p=10764#breadcrumb\"},\"inLanguage\":\"fr-FR\",\"potentialAction\":[{\"@type\":\"ReadAction\",\"target\":[\"https:\\\/\\\/contactfm72.fr\\\/?p=10764\"]}]},{\"@type\":\"ImageObject\",\"inLanguage\":\"fr-FR\",\"@id\":\"https:\\\/\\\/contactfm72.fr\\\/?p=10764#primaryimage\",\"url\":\"https:\\\/\\\/contactfm72.fr\\\/wp-content\\\/uploads\\\/2022\\\/08\\\/transport-r\u00e9gion.jpg\",\"contentUrl\":\"https:\\\/\\\/contactfm72.fr\\\/wp-content\\\/uploads\\\/2022\\\/08\\\/transport-r\u00e9gion.jpg\",\"width\":1773,\"height\":1182,\"caption\":\"Lors de la r\u00e9union organis\u00e9e \u00e0 Angers, le lundi 22 ao\u00fbt, entre la R\u00e9gion, les entreprises de transports et la FNTV.\"},{\"@type\":\"BreadcrumbList\",\"@id\":\"https:\\\/\\\/contactfm72.fr\\\/?p=10764#breadcrumb\",\"itemListElement\":[{\"@type\":\"ListItem\",\"position\":1,\"name\":\"Accueil\",\"item\":\"https:\\\/\\\/contactfm72.fr\\\/\"},{\"@type\":\"ListItem\",\"position\":2,\"name\":\"P\u00e9nurie de conducteurs de bus scolaire : la R\u00e9gion et la FNTV se mobilisent\"}]},{\"@type\":\"WebSite\",\"@id\":\"https:\\\/\\\/contactfm72.fr\\\/#website\",\"url\":\"https:\\\/\\\/contactfm72.fr\\\/\",\"name\":\"Contact FM 99.3\",\"description\":\"Votre radio en vall\u00e9e du Loir\",\"publisher\":{\"@id\":\"https:\\\/\\\/contactfm72.fr\\\/#organization\"},\"potentialAction\":[{\"@type\":\"SearchAction\",\"target\":{\"@type\":\"EntryPoint\",\"urlTemplate\":\"https:\\\/\\\/contactfm72.fr\\\/?s={search_term_string}\"},\"query-input\":{\"@type\":\"PropertyValueSpecification\",\"valueRequired\":true,\"valueName\":\"search_term_string\"}}],\"inLanguage\":\"fr-FR\"},{\"@type\":\"Organization\",\"@id\":\"https:\\\/\\\/contactfm72.fr\\\/#organization\",\"name\":\"Contact FM 99.3\",\"url\":\"https:\\\/\\\/contactfm72.fr\\\/\",\"logo\":{\"@type\":\"ImageObject\",\"inLanguage\":\"fr-FR\",\"@id\":\"https:\\\/\\\/contactfm72.fr\\\/#\\\/schema\\\/logo\\\/image\\\/\",\"url\":\"https:\\\/\\\/contactfm72.fr\\\/wp-content\\\/uploads\\\/2025\\\/04\\\/2025-04-18-2.jpg\",\"contentUrl\":\"https:\\\/\\\/contactfm72.fr\\\/wp-content\\\/uploads\\\/2025\\\/04\\\/2025-04-18-2.jpg\",\"width\":680,\"height\":307,\"caption\":\"Contact FM 99.3\"},\"image\":{\"@id\":\"https:\\\/\\\/contactfm72.fr\\\/#\\\/schema\\\/logo\\\/image\\\/\"},\"sameAs\":[\"https:\\\/\\\/www.facebook.com\\\/Contactfm.Chateauduloir\",\"https:\\\/\\\/x.com\\\/contactfm72\",\"https:\\\/\\\/www.instagram.com\\\/contact.fm.72?igsh=cGhlMHQ5N2JlNnpp\",\"https:\\\/\\\/www.tiktok.com\\\/@contact.fm\"]},{\"@type\":\"Person\",\"@id\":\"https:\\\/\\\/contactfm72.fr\\\/#\\\/schema\\\/person\\\/9fdc9d1c2eb029354a4f1535b90ba82d\",\"name\":\"Val\u00e9rie C.\",\"image\":{\"@type\":\"ImageObject\",\"inLanguage\":\"fr-FR\",\"@id\":\"https:\\\/\\\/secure.gravatar.com\\\/avatar\\\/2f8aa28f8dfbd7d4420afd1fdcdd0a349923e2c8a38ab28198b0f9d0601e4737?s=96&d=mm&r=g\",\"url\":\"https:\\\/\\\/secure.gravatar.com\\\/avatar\\\/2f8aa28f8dfbd7d4420afd1fdcdd0a349923e2c8a38ab28198b0f9d0601e4737?s=96&d=mm&r=g\",\"contentUrl\":\"https:\\\/\\\/secure.gravatar.com\\\/avatar\\\/2f8aa28f8dfbd7d4420afd1fdcdd0a349923e2c8a38ab28198b0f9d0601e4737?s=96&d=mm&r=g\",\"caption\":\"Val\u00e9rie C.\"},\"url\":\"https:\\\/\\\/contactfm72.fr\\\/?author=4\"}]}<\/script>\n<!-- \/ Yoast SEO plugin. -->","yoast_head_json":{"title":"P\u00e9nurie de conducteurs de bus scolaire : la R\u00e9gion et la FNTV se mobilisent - Contact FM 99.3","robots":{"index":"index","follow":"follow","max-snippet":"max-snippet:-1","max-image-preview":"max-image-preview:large","max-video-preview":"max-video-preview:-1"},"canonical":"https:\/\/contactfm72.fr\/?p=10764","og_locale":"fr_FR","og_type":"article","og_title":"P\u00e9nurie de conducteurs de bus scolaire : la R\u00e9gion et la FNTV se mobilisent - Contact FM 99.3","og_description":"La R\u00e9gion Pays de la Loire et la F\u00e9d\u00e9ration nationale des transports de voyageurs (FNTV) se sont r\u00e9unis, lundi 22 ao\u00fbt, en compagnie des acteurs du service de transport de voyageurs,\u00a0 pour faire le point concernant les modalit\u00e9s de service de transport scolaire pr\u00e9vues pour la rentr\u00e9e 2022. Face \u00e0 la p\u00e9nurie de conducteurs de&hellip;","og_url":"https:\/\/contactfm72.fr\/?p=10764","og_site_name":"Contact FM 99.3","article_publisher":"https:\/\/www.facebook.com\/Contactfm.Chateauduloir","article_published_time":"2022-08-23T12:30:23+00:00","og_image":[{"width":1773,"height":1182,"url":"https:\/\/contactfm72.fr\/wp-content\/uploads\/2022\/08\/transport-r\u00e9gion.jpg","type":"image\/jpeg"}],"author":"Val\u00e9rie C.","twitter_card":"summary_large_image","twitter_creator":"@contactfm72","twitter_site":"@contactfm72","twitter_misc":{"\u00c9crit par":"Val\u00e9rie C.","Dur\u00e9e de lecture estim\u00e9e":"4 minutes"},"schema":{"@context":"https:\/\/schema.org","@graph":[{"@type":"Article","@id":"https:\/\/contactfm72.fr\/?p=10764#article","isPartOf":{"@id":"https:\/\/contactfm72.fr\/?p=10764"},"author":{"name":"Val\u00e9rie C.","@id":"https:\/\/contactfm72.fr\/#\/schema\/person\/9fdc9d1c2eb029354a4f1535b90ba82d"},"headline":"P\u00e9nurie de conducteurs de bus scolaire : la R\u00e9gion et la FNTV se mobilisent","datePublished":"2022-08-23T12:30:23+00:00","mainEntityOfPage":{"@id":"https:\/\/contactfm72.fr\/?p=10764"},"wordCount":896,"publisher":{"@id":"https:\/\/contactfm72.fr\/#organization"},"image":{"@id":"https:\/\/contactfm72.fr\/?p=10764#primaryimage"},"thumbnailUrl":"https:\/\/contactfm72.fr\/wp-content\/uploads\/2022\/08\/transport-r\u00e9gion.jpg","articleSection":["Contact FM 72"],"inLanguage":"fr-FR"},{"@type":"WebPage","@id":"https:\/\/contactfm72.fr\/?p=10764","url":"https:\/\/contactfm72.fr\/?p=10764","name":"P\u00e9nurie de conducteurs de bus scolaire : la R\u00e9gion et la FNTV se mobilisent - Contact FM 99.3","isPartOf":{"@id":"https:\/\/contactfm72.fr\/#website"},"primaryImageOfPage":{"@id":"https:\/\/contactfm72.fr\/?p=10764#primaryimage"},"image":{"@id":"https:\/\/contactfm72.fr\/?p=10764#primaryimage"},"thumbnailUrl":"https:\/\/contactfm72.fr\/wp-content\/uploads\/2022\/08\/transport-r\u00e9gion.jpg","datePublished":"2022-08-23T12:30:23+00:00","breadcrumb":{"@id":"https:\/\/contactfm72.fr\/?p=10764#breadcrumb"},"inLanguage":"fr-FR","potentialAction":[{"@type":"ReadAction","target":["https:\/\/contactfm72.fr\/?p=10764"]}]},{"@type":"ImageObject","inLanguage":"fr-FR","@id":"https:\/\/contactfm72.fr\/?p=10764#primaryimage","url":"https:\/\/contactfm72.fr\/wp-content\/uploads\/2022\/08\/transport-r\u00e9gion.jpg","contentUrl":"https:\/\/contactfm72.fr\/wp-content\/uploads\/2022\/08\/transport-r\u00e9gion.jpg","width":1773,"height":1182,"caption":"Lors de la r\u00e9union organis\u00e9e \u00e0 Angers, le lundi 22 ao\u00fbt, entre la R\u00e9gion, les entreprises de transports et la FNTV."},{"@type":"BreadcrumbList","@id":"https:\/\/contactfm72.fr\/?p=10764#breadcrumb","itemListElement":[{"@type":"ListItem","position":1,"name":"Accueil","item":"https:\/\/contactfm72.fr\/"},{"@type":"ListItem","position":2,"name":"P\u00e9nurie de conducteurs de bus scolaire : la R\u00e9gion et la FNTV se mobilisent"}]},{"@type":"WebSite","@id":"https:\/\/contactfm72.fr\/#website","url":"https:\/\/contactfm72.fr\/","name":"Contact FM 99.3","description":"Votre radio en vall\u00e9e du Loir","publisher":{"@id":"https:\/\/contactfm72.fr\/#organization"},"potentialAction":[{"@type":"SearchAction","target":{"@type":"EntryPoint","urlTemplate":"https:\/\/contactfm72.fr\/?s={search_term_string}"},"query-input":{"@type":"PropertyValueSpecification","valueRequired":true,"valueName":"search_term_string"}}],"inLanguage":"fr-FR"},{"@type":"Organization","@id":"https:\/\/contactfm72.fr\/#organization","name":"Contact FM 99.3","url":"https:\/\/contactfm72.fr\/","logo":{"@type":"ImageObject","inLanguage":"fr-FR","@id":"https:\/\/contactfm72.fr\/#\/schema\/logo\/image\/","url":"https:\/\/contactfm72.fr\/wp-content\/uploads\/2025\/04\/2025-04-18-2.jpg","contentUrl":"https:\/\/contactfm72.fr\/wp-content\/uploads\/2025\/04\/2025-04-18-2.jpg","width":680,"height":307,"caption":"Contact FM 99.3"},"image":{"@id":"https:\/\/contactfm72.fr\/#\/schema\/logo\/image\/"},"sameAs":["https:\/\/www.facebook.com\/Contactfm.Chateauduloir","https:\/\/x.com\/contactfm72","https:\/\/www.instagram.com\/contact.fm.72?igsh=cGhlMHQ5N2JlNnpp","https:\/\/www.tiktok.com\/@contact.fm"]},{"@type":"Person","@id":"https:\/\/contactfm72.fr\/#\/schema\/person\/9fdc9d1c2eb029354a4f1535b90ba82d","name":"Val\u00e9rie C.","image":{"@type":"ImageObject","inLanguage":"fr-FR","@id":"https:\/\/secure.gravatar.com\/avatar\/2f8aa28f8dfbd7d4420afd1fdcdd0a349923e2c8a38ab28198b0f9d0601e4737?s=96&d=mm&r=g","url":"https:\/\/secure.gravatar.com\/avatar\/2f8aa28f8dfbd7d4420afd1fdcdd0a349923e2c8a38ab28198b0f9d0601e4737?s=96&d=mm&r=g","contentUrl":"https:\/\/secure.gravatar.com\/avatar\/2f8aa28f8dfbd7d4420afd1fdcdd0a349923e2c8a38ab28198b0f9d0601e4737?s=96&d=mm&r=g","caption":"Val\u00e9rie C."},"url":"https:\/\/contactfm72.fr\/?author=4"}]}},"_links":{"self":[{"href":"https:\/\/contactfm72.fr\/index.php?rest_route=\/wp\/v2\/posts\/10764","targetHints":{"allow":["GET"]}}],"collection":[{"href":"https:\/\/contactfm72.fr\/index.php?rest_route=\/wp\/v2\/posts"}],"about":[{"href":"https:\/\/contactfm72.fr\/index.php?rest_route=\/wp\/v2\/types\/post"}],"author":[{"embeddable":true,"href":"https:\/\/contactfm72.fr\/index.php?rest_route=\/wp\/v2\/users\/4"}],"replies":[{"embeddable":true,"href":"https:\/\/contactfm72.fr\/index.php?rest_route=%2Fwp%2Fv2%2Fcomments&post=10764"}],"version-history":[{"count":1,"href":"https:\/\/contactfm72.fr\/index.php?rest_route=\/wp\/v2\/posts\/10764\/revisions"}],"predecessor-version":[{"id":10767,"href":"https:\/\/contactfm72.fr\/index.php?rest_route=\/wp\/v2\/posts\/10764\/revisions\/10767"}],"wp:featuredmedia":[{"embeddable":true,"href":"https:\/\/contactfm72.fr\/index.php?rest_route=\/wp\/v2\/media\/10765"}],"wp:attachment":[{"href":"https:\/\/contactfm72.fr\/index.php?rest_route=%2Fwp%2Fv2%2Fmedia&parent=10764"}],"wp:term":[{"taxonomy":"category","embeddable":true,"href":"https:\/\/contactfm72.fr\/index.php?rest_route=%2Fwp%2Fv2%2Fcategories&post=10764"},{"taxonomy":"post_tag","embeddable":true,"href":"https:\/\/contactfm72.fr\/index.php?rest_route=%2Fwp%2Fv2%2Ftags&post=10764"}],"curies":[{"name":"wp","href":"https:\/\/api.w.org\/{rel}","templated":true}]}}