{"id":10753,"date":"2022-08-30T16:00:07","date_gmt":"2022-08-30T14:00:07","guid":{"rendered":"http:\/\/contactfm72.fr\/?p=10753"},"modified":"2022-08-30T16:58:06","modified_gmt":"2022-08-30T14:58:06","slug":"festival-lavernight-une-belle-affiche-et-des-benevoles-au-travail","status":"publish","type":"post","link":"https:\/\/contactfm72.fr\/?p=10753","title":{"rendered":"Festival Laver\u2019Night : Une belle affiche et des b\u00e9n\u00e9voles au travail"},"content":{"rendered":"<h2>Samedi 3 septembre, le festival Laver\u2019Night, organis\u00e9 \u00e0 Lavernat en Sarthe, revient pour une seconde \u00e9dition avec une tr\u00e8s belle programmation. Les b\u00e9n\u00e9voles sont d\u00e9j\u00e0 au travail.<\/h2>\n<p>&nbsp;<\/p>\n<p>Le festival <strong>Laver\u2019Night<\/strong>, bas\u00e9 \u00e0 <strong>Lavernat<\/strong> dans le sud <strong>Sarthe<\/strong>, qui avait \u00e9t\u00e9 lanc\u00e9 l\u2019ann\u00e9e derni\u00e8re malgr\u00e9 les restrictions sanitaires, revient pour une<strong> seconde \u00e9dition,\u00a0<\/strong>et la programmation s&#8217;annonce parfaite !<\/p>\n<p>&nbsp;<\/p>\n<h3><strong>B\u00e9n\u00e9voles impliqu\u00e9s<\/strong><\/h3>\n<p>Les b\u00e9n\u00e9voles de l\u2019<a href=\"https:\/\/www.facebook.com\/FestivalLaverNight\">association <strong>\u00c9v\u00e9nement Jeunes Lavernat<\/strong><\/a> organisatrice du festival sont d\u00e9j\u00e0 \u00e0 pied d\u2019\u0153uvre pour assurer le bon d\u00e9roulement de l\u2019\u00e9v\u00e8nement. Tous les samedis depuis quelques semaines \u00e0 pr\u00e9sent, une dizaine de b\u00e9n\u00e9voles se retrouvent pour confectionner tables, chaises, et peaufiner les derniers d\u00e9tails de l\u2019\u00e9v\u00e8nement.<\/p>\n<p>&nbsp;<\/p>\n<div id=\"attachment_10755\" style=\"width: 2058px\" class=\"wp-caption alignnone\"><img loading=\"lazy\" decoding=\"async\" aria-describedby=\"caption-attachment-10755\" class=\"size-full wp-image-10755\" src=\"http:\/\/contactfm72.fr\/wp-content\/uploads\/2022\/08\/b\u00e9n\u00e9voles-lavernight-2.jpg\" alt=\"\" width=\"2048\" height=\"1536\" \/><p id=\"caption-attachment-10755\" class=\"wp-caption-text\">Les b\u00e9n\u00e9voles travaillent tous les samedis depuis quelques semaines pour une parfaite organisation du festival.<\/p><\/div>\n<h3><strong>D\u00e9roulement<\/strong><\/h3>\n<p>Laver&#8217;Night aura lieu le <strong>samedi 3 septembre. <\/strong>Le site ouvrira ses portes d\u00e8s <strong>18h30 <\/strong>pour un<strong> d\u00e9but de concert d\u00e8s 19h<\/strong>.<\/p>\n<p>Install\u00e9 dans le centre bourg du village de Lavernat, il y aura possibilit\u00e9 de se <strong>restaurer directement sur place<\/strong>. Comme pour l\u2019ann\u00e9e pass\u00e9e, les b\u00e9n\u00e9voles ont \u00e0 c\u0153ur de pr\u00e9senter des <strong>food trucks locaux<\/strong>, et pour tous les go\u00fbts.<\/p>\n<ul>\n<li><strong><a href=\"https:\/\/www.facebook.com\/profile.php?id=100057628591938\">Mmm Burger Mmmburger<\/a><\/strong>,<strong> burgers frites<\/strong> de diff\u00e9rentes garnitures.<\/li>\n<li><strong><a href=\"https:\/\/www.facebook.com\/foueestif\">Foueestif Fou\u00e9estif<\/a><\/strong>, fou\u00e9es <strong>petit pain garni<\/strong> cuit au feu de bois sp\u00e9cialit\u00e9 du Maine-et-Loire.<\/li>\n<li><strong>Breizh pizza<\/strong>, pizza de diff\u00e9rentes saveurs.<\/li>\n<li><strong>Snack<\/strong>, panini, sandwich am\u00e9ricain, saucisse et merguez frites.<\/li>\n<li><strong><a href=\"https:\/\/www.facebook.com\/brothersfood72\/\">Brothers food<\/a><\/strong> qui pr\u00e9pareront des <strong>burgers<\/strong>.<\/li>\n<\/ul>\n<p>&nbsp;<\/p>\n<h3><strong>Une belle affiche<\/strong><\/h3>\n<p>Cette ann\u00e9e, les b\u00e9n\u00e9voles du festival invitent pas moins de <strong>cinq groupes musicaux<\/strong> d\u2019univers diff\u00e9rents.<\/p>\n<p>A l\u2019affiche pour Laver\u2019Night \u00e9dition #2 :<\/p>\n<ul>\n<li>Les <strong>Ramoneurs de Menhirs<\/strong>, un <a href=\"https:\/\/www.youtube.com\/watch?v=bpZGZNo5iHc\">groupe punk \u2013 rock et celtique breton<\/a>. Form\u00e9 en 2006, il est constitu\u00e9 du couple de sonneurs \u00c9ric Gorce \u00e0 la bombarde et Richard B\u00e9villon au biniou, de Gw\u00e9na\u00ebl Kere au chant et de Loran \u00e0 la guitare \u00e9lectrique. La distorsion satur\u00e9e de la guitare se m\u00eale aux timbres aigus des instruments traditionnels et la boite \u00e0 rythme accompagne le rythme intense et r\u00e9p\u00e9titif de la danse bretonne. La danse entra\u00eene toutes les g\u00e9n\u00e9rations et rassemble les tribus.<\/li>\n<li><strong>Mackdam<\/strong> qui pr\u00e9sente du <a href=\"https:\/\/www.youtube.com\/watch?v=4bopLKaSDwU\">pop \u2013 rock 100% sarthois<\/a>. Les comp\u00e8res musiciens, proposent des compositions de rock rythm\u00e9es, engag\u00e9es et m\u00eame festives.<\/li>\n<li><strong>Batucada Braz&#8217;aureoles<\/strong> avec du Batucada local. Un groupe compos\u00e9 d&#8217;une vingtaine de musiciens qui a fait ses d\u00e9buts dans la commune de Lavernat. Les percussions Br\u00e9siliennes vous entra\u00eeneront dans leur univers rythm\u00e9 et color\u00e9.<\/li>\n<li>Le <strong>DJ Brice Fran\u00e7ois<\/strong> qui jouera <a href=\"https:\/\/www.youtube.com\/watch?v=prvetGh5ybI\">tous styles musicaux<\/a>. Plus de 10 ans \u00e0 mixer parmi les clubs les plus prestigieux de France, Brice Fran\u00e7ois b\u00e9n\u00e9ficie d\u2019une notori\u00e9t\u00e9 grandissante et du support de grands DJs fran\u00e7ais. Fort de son exp\u00e9rience, il commence \u00e0 s\u2019exporter et sort en 2020 son 1er single \u201cTimeless\u201d cumulant plus de de 50.000 streams, puis en 2021 \u201cDis Moi\u201d en rotation sur NRJ. Ces trois derni\u00e8res ann\u00e9es, il se classe dans le TOP 50 des meilleurs DJ Fran\u00e7ais (Musibox). Brice Fran\u00e7ois a eu l\u2019occasion de mixer pour NRJ et Alouette, et ainsi partager la sc\u00e8ne avec de grands artistes tels que Soprano, Magic System, DJ Getdown, Daddy K&#8230; Il a fait son show devant plus de de 30.000 personnes lors de la 24\u00e8me \u00e9dition du Festival de Tr\u00e9laz\u00e9.<\/li>\n<li><strong>Stolen<\/strong> qui interpr\u00e8tera du pop cover band et des reprises de musiques connues. Form\u00e9 en 2015 par quatre musiciens et une chanteuse avec solide exp\u00e9rience musicale, Stolen propose un r\u00e9pertoire de reprises de grands standards de la pop musique anglosaxonne. Le groupe interpr\u00e8te les titres au plus proche des originaux ou de version live en gardant l&#8217;esprit le son et l&#8217;\u00e9nergie des morceaux allant du rock au funk en passant par la pop.<\/li>\n<\/ul>\n<p>&nbsp;<\/p>\n<p>&nbsp;<\/p>\n<p>Face \u00e0 leur implication sans faille et une belle programmation, les b\u00e9n\u00e9voles de l&#8217;association \u00c9v\u00e8nements Jeunes de Lavernat vous attendent nombreux le<strong> samedi 3 septembre \u00e0 Lavernat, d\u00e8s 18h30<\/strong>.<\/p>\n<p>&nbsp;<\/p>\n<h5>Info pratiques\u00a0:<\/h5>\n<h5>Adresse\u00a0: Terrain de jeu de la commune, bourg de Lavernat. Prix\u00a0: 5\u20ac.<\/h5>\n<h5>Pas de camping pr\u00e9vu sur place mais possibilit\u00e9 pour les camping-cars, camions am\u00e9nag\u00e9s ou voiture de dormir sur place (camping disponible sur la commune de Vaas et Mayet \u00e0 proximit\u00e9). Buvette et boissons tenus par l&#8217;association organisatrice. Food trucks (produits locaux). Un parc de jeux gonflables sera pr\u00e9sent sur place pour les plus jeunes. Interdit de rentrer dans le festival avec des bouteilles en verre, de l&#8217;alcool, couteau ou objet tranchant, ainsi que de l&#8217;alimentaire. Nos amis les animaux ne sont pas autoris\u00e9s sur l&#8217;\u00e9v\u00e9nement.<\/h5>\n<p>&nbsp;<\/p>\n<!-- AddThis Advanced Settings generic via filter on the_content --><!-- AddThis Share Buttons generic via filter on the_content -->","protected":false},"excerpt":{"rendered":"<p>Samedi 3 septembre, le festival Laver\u2019Night, organis\u00e9 \u00e0 Lavernat en Sarthe, revient pour une seconde \u00e9dition avec une tr\u00e8s belle programmation. Les b\u00e9n\u00e9voles sont d\u00e9j\u00e0 au travail. &nbsp; Le festival Laver\u2019Night, bas\u00e9 \u00e0 Lavernat dans le sud Sarthe, qui avait \u00e9t\u00e9 lanc\u00e9 l\u2019ann\u00e9e derni\u00e8re malgr\u00e9 les restrictions sanitaires, revient pour une seconde \u00e9dition,\u00a0et la programmation&hellip;<!-- AddThis Advanced Settings generic via filter on get_the_excerpt --><!-- AddThis Share Buttons generic via filter on get_the_excerpt --><\/p>\n","protected":false},"author":4,"featured_media":10757,"comment_status":"closed","ping_status":"open","sticky":false,"template":"","format":"standard","meta":{"footnotes":""},"categories":[1],"tags":[],"class_list":["post-10753","post","type-post","status-publish","format-standard","has-post-thumbnail","hentry","category-contact-fm-72","category-1","description-off"],"yoast_head":"<!-- This site is optimized with the Yoast SEO plugin v27.4 - https:\/\/yoast.com\/product\/yoast-seo-wordpress\/ -->\n<title>Festival Laver\u2019Night : Une belle affiche et des b\u00e9n\u00e9voles au travail - Contact FM 99.3<\/title>\n<meta name=\"robots\" content=\"index, follow, max-snippet:-1, max-image-preview:large, max-video-preview:-1\" \/>\n<link rel=\"canonical\" href=\"https:\/\/contactfm72.fr\/?p=10753\" \/>\n<meta property=\"og:locale\" content=\"fr_FR\" \/>\n<meta property=\"og:type\" content=\"article\" \/>\n<meta property=\"og:title\" content=\"Festival Laver\u2019Night : Une belle affiche et des b\u00e9n\u00e9voles au travail - Contact FM 99.3\" \/>\n<meta property=\"og:description\" content=\"Samedi 3 septembre, le festival Laver\u2019Night, organis\u00e9 \u00e0 Lavernat en Sarthe, revient pour une seconde \u00e9dition avec une tr\u00e8s belle programmation. Les b\u00e9n\u00e9voles sont d\u00e9j\u00e0 au travail. &nbsp; Le festival Laver\u2019Night, bas\u00e9 \u00e0 Lavernat dans le sud Sarthe, qui avait \u00e9t\u00e9 lanc\u00e9 l\u2019ann\u00e9e derni\u00e8re malgr\u00e9 les restrictions sanitaires, revient pour une seconde \u00e9dition,\u00a0et la programmation&hellip;\" \/>\n<meta property=\"og:url\" content=\"https:\/\/contactfm72.fr\/?p=10753\" \/>\n<meta property=\"og:site_name\" content=\"Contact FM 99.3\" \/>\n<meta property=\"article:publisher\" content=\"https:\/\/www.facebook.com\/Contactfm.Chateauduloir\" \/>\n<meta property=\"article:published_time\" content=\"2022-08-30T14:00:07+00:00\" \/>\n<meta property=\"article:modified_time\" content=\"2022-08-30T14:58:06+00:00\" \/>\n<meta property=\"og:image\" content=\"https:\/\/contactfm72.fr\/wp-content\/uploads\/2022\/08\/b\u00e9n\u00e9voles-lavernight.jpg\" \/>\n\t<meta property=\"og:image:width\" content=\"1024\" \/>\n\t<meta property=\"og:image:height\" content=\"768\" \/>\n\t<meta property=\"og:image:type\" content=\"image\/jpeg\" \/>\n<meta name=\"author\" content=\"Val\u00e9rie C.\" \/>\n<meta name=\"twitter:card\" content=\"summary_large_image\" \/>\n<meta name=\"twitter:creator\" content=\"@contactfm72\" \/>\n<meta name=\"twitter:site\" content=\"@contactfm72\" \/>\n<meta name=\"twitter:label1\" content=\"\u00c9crit par\" \/>\n\t<meta name=\"twitter:data1\" content=\"Val\u00e9rie C.\" \/>\n\t<meta name=\"twitter:label2\" content=\"Dur\u00e9e de lecture estim\u00e9e\" \/>\n\t<meta name=\"twitter:data2\" content=\"4 minutes\" \/>\n<script type=\"application\/ld+json\" class=\"yoast-schema-graph\">{\"@context\":\"https:\\\/\\\/schema.org\",\"@graph\":[{\"@type\":\"Article\",\"@id\":\"https:\\\/\\\/contactfm72.fr\\\/?p=10753#article\",\"isPartOf\":{\"@id\":\"https:\\\/\\\/contactfm72.fr\\\/?p=10753\"},\"author\":{\"name\":\"Val\u00e9rie C.\",\"@id\":\"https:\\\/\\\/contactfm72.fr\\\/#\\\/schema\\\/person\\\/9fdc9d1c2eb029354a4f1535b90ba82d\"},\"headline\":\"Festival Laver\u2019Night : Une belle affiche et des b\u00e9n\u00e9voles au travail\",\"datePublished\":\"2022-08-30T14:00:07+00:00\",\"dateModified\":\"2022-08-30T14:58:06+00:00\",\"mainEntityOfPage\":{\"@id\":\"https:\\\/\\\/contactfm72.fr\\\/?p=10753\"},\"wordCount\":833,\"publisher\":{\"@id\":\"https:\\\/\\\/contactfm72.fr\\\/#organization\"},\"image\":{\"@id\":\"https:\\\/\\\/contactfm72.fr\\\/?p=10753#primaryimage\"},\"thumbnailUrl\":\"https:\\\/\\\/contactfm72.fr\\\/wp-content\\\/uploads\\\/2022\\\/08\\\/b\u00e9n\u00e9voles-lavernight.jpg\",\"articleSection\":[\"Contact FM 72\"],\"inLanguage\":\"fr-FR\"},{\"@type\":\"WebPage\",\"@id\":\"https:\\\/\\\/contactfm72.fr\\\/?p=10753\",\"url\":\"https:\\\/\\\/contactfm72.fr\\\/?p=10753\",\"name\":\"Festival Laver\u2019Night : Une belle affiche et des b\u00e9n\u00e9voles au travail - Contact FM 99.3\",\"isPartOf\":{\"@id\":\"https:\\\/\\\/contactfm72.fr\\\/#website\"},\"primaryImageOfPage\":{\"@id\":\"https:\\\/\\\/contactfm72.fr\\\/?p=10753#primaryimage\"},\"image\":{\"@id\":\"https:\\\/\\\/contactfm72.fr\\\/?p=10753#primaryimage\"},\"thumbnailUrl\":\"https:\\\/\\\/contactfm72.fr\\\/wp-content\\\/uploads\\\/2022\\\/08\\\/b\u00e9n\u00e9voles-lavernight.jpg\",\"datePublished\":\"2022-08-30T14:00:07+00:00\",\"dateModified\":\"2022-08-30T14:58:06+00:00\",\"breadcrumb\":{\"@id\":\"https:\\\/\\\/contactfm72.fr\\\/?p=10753#breadcrumb\"},\"inLanguage\":\"fr-FR\",\"potentialAction\":[{\"@type\":\"ReadAction\",\"target\":[\"https:\\\/\\\/contactfm72.fr\\\/?p=10753\"]}]},{\"@type\":\"ImageObject\",\"inLanguage\":\"fr-FR\",\"@id\":\"https:\\\/\\\/contactfm72.fr\\\/?p=10753#primaryimage\",\"url\":\"https:\\\/\\\/contactfm72.fr\\\/wp-content\\\/uploads\\\/2022\\\/08\\\/b\u00e9n\u00e9voles-lavernight.jpg\",\"contentUrl\":\"https:\\\/\\\/contactfm72.fr\\\/wp-content\\\/uploads\\\/2022\\\/08\\\/b\u00e9n\u00e9voles-lavernight.jpg\",\"width\":4032,\"height\":3024,\"caption\":\"La dizaine de b\u00e9n\u00e9voles pr\u00e9sents sur les lieux du festival le samedi 20 ao\u00fbt \u00e0 Lavernat.\"},{\"@type\":\"BreadcrumbList\",\"@id\":\"https:\\\/\\\/contactfm72.fr\\\/?p=10753#breadcrumb\",\"itemListElement\":[{\"@type\":\"ListItem\",\"position\":1,\"name\":\"Accueil\",\"item\":\"https:\\\/\\\/contactfm72.fr\\\/\"},{\"@type\":\"ListItem\",\"position\":2,\"name\":\"Festival Laver\u2019Night : Une belle affiche et des b\u00e9n\u00e9voles au travail\"}]},{\"@type\":\"WebSite\",\"@id\":\"https:\\\/\\\/contactfm72.fr\\\/#website\",\"url\":\"https:\\\/\\\/contactfm72.fr\\\/\",\"name\":\"Contact FM 99.3\",\"description\":\"Votre radio en vall\u00e9e du Loir\",\"publisher\":{\"@id\":\"https:\\\/\\\/contactfm72.fr\\\/#organization\"},\"potentialAction\":[{\"@type\":\"SearchAction\",\"target\":{\"@type\":\"EntryPoint\",\"urlTemplate\":\"https:\\\/\\\/contactfm72.fr\\\/?s={search_term_string}\"},\"query-input\":{\"@type\":\"PropertyValueSpecification\",\"valueRequired\":true,\"valueName\":\"search_term_string\"}}],\"inLanguage\":\"fr-FR\"},{\"@type\":\"Organization\",\"@id\":\"https:\\\/\\\/contactfm72.fr\\\/#organization\",\"name\":\"Contact FM 99.3\",\"url\":\"https:\\\/\\\/contactfm72.fr\\\/\",\"logo\":{\"@type\":\"ImageObject\",\"inLanguage\":\"fr-FR\",\"@id\":\"https:\\\/\\\/contactfm72.fr\\\/#\\\/schema\\\/logo\\\/image\\\/\",\"url\":\"https:\\\/\\\/contactfm72.fr\\\/wp-content\\\/uploads\\\/2025\\\/04\\\/2025-04-18-2.jpg\",\"contentUrl\":\"https:\\\/\\\/contactfm72.fr\\\/wp-content\\\/uploads\\\/2025\\\/04\\\/2025-04-18-2.jpg\",\"width\":680,\"height\":307,\"caption\":\"Contact FM 99.3\"},\"image\":{\"@id\":\"https:\\\/\\\/contactfm72.fr\\\/#\\\/schema\\\/logo\\\/image\\\/\"},\"sameAs\":[\"https:\\\/\\\/www.facebook.com\\\/Contactfm.Chateauduloir\",\"https:\\\/\\\/x.com\\\/contactfm72\",\"https:\\\/\\\/www.instagram.com\\\/contact.fm.72?igsh=cGhlMHQ5N2JlNnpp\",\"https:\\\/\\\/www.tiktok.com\\\/@contact.fm\"]},{\"@type\":\"Person\",\"@id\":\"https:\\\/\\\/contactfm72.fr\\\/#\\\/schema\\\/person\\\/9fdc9d1c2eb029354a4f1535b90ba82d\",\"name\":\"Val\u00e9rie C.\",\"image\":{\"@type\":\"ImageObject\",\"inLanguage\":\"fr-FR\",\"@id\":\"https:\\\/\\\/secure.gravatar.com\\\/avatar\\\/2f8aa28f8dfbd7d4420afd1fdcdd0a349923e2c8a38ab28198b0f9d0601e4737?s=96&d=mm&r=g\",\"url\":\"https:\\\/\\\/secure.gravatar.com\\\/avatar\\\/2f8aa28f8dfbd7d4420afd1fdcdd0a349923e2c8a38ab28198b0f9d0601e4737?s=96&d=mm&r=g\",\"contentUrl\":\"https:\\\/\\\/secure.gravatar.com\\\/avatar\\\/2f8aa28f8dfbd7d4420afd1fdcdd0a349923e2c8a38ab28198b0f9d0601e4737?s=96&d=mm&r=g\",\"caption\":\"Val\u00e9rie C.\"},\"url\":\"https:\\\/\\\/contactfm72.fr\\\/?author=4\"}]}<\/script>\n<!-- \/ Yoast SEO plugin. -->","yoast_head_json":{"title":"Festival Laver\u2019Night : Une belle affiche et des b\u00e9n\u00e9voles au travail - Contact FM 99.3","robots":{"index":"index","follow":"follow","max-snippet":"max-snippet:-1","max-image-preview":"max-image-preview:large","max-video-preview":"max-video-preview:-1"},"canonical":"https:\/\/contactfm72.fr\/?p=10753","og_locale":"fr_FR","og_type":"article","og_title":"Festival Laver\u2019Night : Une belle affiche et des b\u00e9n\u00e9voles au travail - Contact FM 99.3","og_description":"Samedi 3 septembre, le festival Laver\u2019Night, organis\u00e9 \u00e0 Lavernat en Sarthe, revient pour une seconde \u00e9dition avec une tr\u00e8s belle programmation. Les b\u00e9n\u00e9voles sont d\u00e9j\u00e0 au travail. &nbsp; Le festival Laver\u2019Night, bas\u00e9 \u00e0 Lavernat dans le sud Sarthe, qui avait \u00e9t\u00e9 lanc\u00e9 l\u2019ann\u00e9e derni\u00e8re malgr\u00e9 les restrictions sanitaires, revient pour une seconde \u00e9dition,\u00a0et la programmation&hellip;","og_url":"https:\/\/contactfm72.fr\/?p=10753","og_site_name":"Contact FM 99.3","article_publisher":"https:\/\/www.facebook.com\/Contactfm.Chateauduloir","article_published_time":"2022-08-30T14:00:07+00:00","article_modified_time":"2022-08-30T14:58:06+00:00","og_image":[{"url":"https:\/\/contactfm72.fr\/wp-content\/uploads\/2022\/08\/b\u00e9n\u00e9voles-lavernight.jpg","width":1024,"height":768,"type":"image\/jpeg"}],"author":"Val\u00e9rie C.","twitter_card":"summary_large_image","twitter_creator":"@contactfm72","twitter_site":"@contactfm72","twitter_misc":{"\u00c9crit par":"Val\u00e9rie C.","Dur\u00e9e de lecture estim\u00e9e":"4 minutes"},"schema":{"@context":"https:\/\/schema.org","@graph":[{"@type":"Article","@id":"https:\/\/contactfm72.fr\/?p=10753#article","isPartOf":{"@id":"https:\/\/contactfm72.fr\/?p=10753"},"author":{"name":"Val\u00e9rie C.","@id":"https:\/\/contactfm72.fr\/#\/schema\/person\/9fdc9d1c2eb029354a4f1535b90ba82d"},"headline":"Festival Laver\u2019Night : Une belle affiche et des b\u00e9n\u00e9voles au travail","datePublished":"2022-08-30T14:00:07+00:00","dateModified":"2022-08-30T14:58:06+00:00","mainEntityOfPage":{"@id":"https:\/\/contactfm72.fr\/?p=10753"},"wordCount":833,"publisher":{"@id":"https:\/\/contactfm72.fr\/#organization"},"image":{"@id":"https:\/\/contactfm72.fr\/?p=10753#primaryimage"},"thumbnailUrl":"https:\/\/contactfm72.fr\/wp-content\/uploads\/2022\/08\/b\u00e9n\u00e9voles-lavernight.jpg","articleSection":["Contact FM 72"],"inLanguage":"fr-FR"},{"@type":"WebPage","@id":"https:\/\/contactfm72.fr\/?p=10753","url":"https:\/\/contactfm72.fr\/?p=10753","name":"Festival Laver\u2019Night : Une belle affiche et des b\u00e9n\u00e9voles au travail - Contact FM 99.3","isPartOf":{"@id":"https:\/\/contactfm72.fr\/#website"},"primaryImageOfPage":{"@id":"https:\/\/contactfm72.fr\/?p=10753#primaryimage"},"image":{"@id":"https:\/\/contactfm72.fr\/?p=10753#primaryimage"},"thumbnailUrl":"https:\/\/contactfm72.fr\/wp-content\/uploads\/2022\/08\/b\u00e9n\u00e9voles-lavernight.jpg","datePublished":"2022-08-30T14:00:07+00:00","dateModified":"2022-08-30T14:58:06+00:00","breadcrumb":{"@id":"https:\/\/contactfm72.fr\/?p=10753#breadcrumb"},"inLanguage":"fr-FR","potentialAction":[{"@type":"ReadAction","target":["https:\/\/contactfm72.fr\/?p=10753"]}]},{"@type":"ImageObject","inLanguage":"fr-FR","@id":"https:\/\/contactfm72.fr\/?p=10753#primaryimage","url":"https:\/\/contactfm72.fr\/wp-content\/uploads\/2022\/08\/b\u00e9n\u00e9voles-lavernight.jpg","contentUrl":"https:\/\/contactfm72.fr\/wp-content\/uploads\/2022\/08\/b\u00e9n\u00e9voles-lavernight.jpg","width":4032,"height":3024,"caption":"La dizaine de b\u00e9n\u00e9voles pr\u00e9sents sur les lieux du festival le samedi 20 ao\u00fbt \u00e0 Lavernat."},{"@type":"BreadcrumbList","@id":"https:\/\/contactfm72.fr\/?p=10753#breadcrumb","itemListElement":[{"@type":"ListItem","position":1,"name":"Accueil","item":"https:\/\/contactfm72.fr\/"},{"@type":"ListItem","position":2,"name":"Festival Laver\u2019Night : Une belle affiche et des b\u00e9n\u00e9voles au travail"}]},{"@type":"WebSite","@id":"https:\/\/contactfm72.fr\/#website","url":"https:\/\/contactfm72.fr\/","name":"Contact FM 99.3","description":"Votre radio en vall\u00e9e du Loir","publisher":{"@id":"https:\/\/contactfm72.fr\/#organization"},"potentialAction":[{"@type":"SearchAction","target":{"@type":"EntryPoint","urlTemplate":"https:\/\/contactfm72.fr\/?s={search_term_string}"},"query-input":{"@type":"PropertyValueSpecification","valueRequired":true,"valueName":"search_term_string"}}],"inLanguage":"fr-FR"},{"@type":"Organization","@id":"https:\/\/contactfm72.fr\/#organization","name":"Contact FM 99.3","url":"https:\/\/contactfm72.fr\/","logo":{"@type":"ImageObject","inLanguage":"fr-FR","@id":"https:\/\/contactfm72.fr\/#\/schema\/logo\/image\/","url":"https:\/\/contactfm72.fr\/wp-content\/uploads\/2025\/04\/2025-04-18-2.jpg","contentUrl":"https:\/\/contactfm72.fr\/wp-content\/uploads\/2025\/04\/2025-04-18-2.jpg","width":680,"height":307,"caption":"Contact FM 99.3"},"image":{"@id":"https:\/\/contactfm72.fr\/#\/schema\/logo\/image\/"},"sameAs":["https:\/\/www.facebook.com\/Contactfm.Chateauduloir","https:\/\/x.com\/contactfm72","https:\/\/www.instagram.com\/contact.fm.72?igsh=cGhlMHQ5N2JlNnpp","https:\/\/www.tiktok.com\/@contact.fm"]},{"@type":"Person","@id":"https:\/\/contactfm72.fr\/#\/schema\/person\/9fdc9d1c2eb029354a4f1535b90ba82d","name":"Val\u00e9rie C.","image":{"@type":"ImageObject","inLanguage":"fr-FR","@id":"https:\/\/secure.gravatar.com\/avatar\/2f8aa28f8dfbd7d4420afd1fdcdd0a349923e2c8a38ab28198b0f9d0601e4737?s=96&d=mm&r=g","url":"https:\/\/secure.gravatar.com\/avatar\/2f8aa28f8dfbd7d4420afd1fdcdd0a349923e2c8a38ab28198b0f9d0601e4737?s=96&d=mm&r=g","contentUrl":"https:\/\/secure.gravatar.com\/avatar\/2f8aa28f8dfbd7d4420afd1fdcdd0a349923e2c8a38ab28198b0f9d0601e4737?s=96&d=mm&r=g","caption":"Val\u00e9rie C."},"url":"https:\/\/contactfm72.fr\/?author=4"}]}},"_links":{"self":[{"href":"https:\/\/contactfm72.fr\/index.php?rest_route=\/wp\/v2\/posts\/10753","targetHints":{"allow":["GET"]}}],"collection":[{"href":"https:\/\/contactfm72.fr\/index.php?rest_route=\/wp\/v2\/posts"}],"about":[{"href":"https:\/\/contactfm72.fr\/index.php?rest_route=\/wp\/v2\/types\/post"}],"author":[{"embeddable":true,"href":"https:\/\/contactfm72.fr\/index.php?rest_route=\/wp\/v2\/users\/4"}],"replies":[{"embeddable":true,"href":"https:\/\/contactfm72.fr\/index.php?rest_route=%2Fwp%2Fv2%2Fcomments&post=10753"}],"version-history":[{"count":5,"href":"https:\/\/contactfm72.fr\/index.php?rest_route=\/wp\/v2\/posts\/10753\/revisions"}],"predecessor-version":[{"id":10787,"href":"https:\/\/contactfm72.fr\/index.php?rest_route=\/wp\/v2\/posts\/10753\/revisions\/10787"}],"wp:featuredmedia":[{"embeddable":true,"href":"https:\/\/contactfm72.fr\/index.php?rest_route=\/wp\/v2\/media\/10757"}],"wp:attachment":[{"href":"https:\/\/contactfm72.fr\/index.php?rest_route=%2Fwp%2Fv2%2Fmedia&parent=10753"}],"wp:term":[{"taxonomy":"category","embeddable":true,"href":"https:\/\/contactfm72.fr\/index.php?rest_route=%2Fwp%2Fv2%2Fcategories&post=10753"},{"taxonomy":"post_tag","embeddable":true,"href":"https:\/\/contactfm72.fr\/index.php?rest_route=%2Fwp%2Fv2%2Ftags&post=10753"}],"curies":[{"name":"wp","href":"https:\/\/api.w.org\/{rel}","templated":true}]}}