{"id":10715,"date":"2022-08-17T11:55:26","date_gmt":"2022-08-17T09:55:26","guid":{"rendered":"http:\/\/contactfm72.fr\/?p=10715"},"modified":"2022-08-16T12:01:51","modified_gmt":"2022-08-16T10:01:51","slug":"sud-sarthe-franc-succes-des-dispositifs-japprends-a-nager-et-aisance-aquatique","status":"publish","type":"post","link":"https:\/\/contactfm72.fr\/?p=10715","title":{"rendered":"Sud-Sarthe : Franc succ\u00e8s des dispositifs \u00ab J\u2019apprends \u00e0 nager \u00bb et \u00ab Aisance aquatique \u00bb"},"content":{"rendered":"<h2>La communaut\u00e9 de communes Sud Sarthe a lanc\u00e9 les dispositifs \u00ab\u00a0J\u2019apprends \u00e0 nager\u00a0\u00bb et \u00ab\u00a0Aisance aquatique\u00a0\u00bb. Le succ\u00e8s est au rendez-vous.<\/h2>\n<p>&nbsp;<\/p>\n<p>&nbsp;<\/p>\n<p>Tout l\u2019\u00e9t\u00e9,<strong> les piscines du Sud Sarthe<\/strong> ont accueilli les <strong>enfants de 4 \u00e0 12 ans<\/strong> afin de les familiariser avec le milieu aquatique. Apr\u00e8s le succ\u00e8s en juillet \u00e0 Mansign\u00e9 et \u00e0 Luch\u00e9-Pring\u00e9 ou tous les cr\u00e9neaux des 4\/12 ans \u00e9taient complets, la piscine de <strong>Mayet<\/strong> fait \u00e9galement le plein. Une<strong> vingtaine d\u2019enfants sont inscrits<\/strong> pour les 10 s\u00e9ances du 16 au 27 ao\u00fbt.<\/p>\n<p>&nbsp;<\/p>\n<p><strong>Plusieurs objectifs<\/strong><\/p>\n<p>Ce dispositif s\u2019adresse aux enfants de 6 \u00e0 12 ans et Aisance Aquatique aux enfants de 4 \u00e0 6 ans. Il s\u2019agit d\u2019un cycle de <strong>10 s\u00e9ances<\/strong> donn\u00e9es par des<strong> professionnels de la <a href=\"https:\/\/ffn.extranat.fr\/webffn\/index.php\">F\u00e9d\u00e9ration fran\u00e7aise de natation<\/a> (FFN)<\/strong>. L&#8217;objectif de ces dispositifs est de :<\/p>\n<ul>\n<li>favoriser l&#8217;acc\u00e8s \u00e0 la pratique sportive aquatique et nautique en toute s\u00e9curit\u00e9 ;<\/li>\n<li>pr\u00e9venir les risques li\u00e9s \u00e0 la baignade et \u00e9viter ainsi celui de la noyade ;<\/li>\n<li>d\u00e9couvrir les plaisirs de l&#8217;eau et de la natation ;<\/li>\n<li>vivre une exp\u00e9rience positive de l&#8217;eau ;<\/li>\n<li>et obtenir une attestation du dispositif \u00ab savoir nager \u00bb \u00e0 l&#8217;entr\u00e9e en 6e.<\/li>\n<\/ul>\n<p>Le programme d&#8217;apprentissage de la natation s&#8217;organise de la fa\u00e7on suivante :<\/p>\n<ul>\n<li>un stage d&#8217;apprentissage de la natation de minimum 10 heures avec des s\u00e9ances de 30 minutes \u00e0 1 heure selon le niveau et l&#8217;\u00e2ge des enfants ;<\/li>\n<li>un groupe constitu\u00e9 de 15 enfants maximum pour les 6 \u00e0 12 ans et de 10 enfants maximum pour les 4 \u00e0 6 ans ne sachant pas nager ;<\/li>\n<li>les cours sont gratuits (sur inscription et dans la limite des places disponibles) et dispens\u00e9s par un professionnel de la FFN (F\u00e9d\u00e9ration fran\u00e7aise de natation) ;<\/li>\n<li>\u00e0 la fin du stage d&#8217;apprentissage, les enfants de 6 \u00e0 12 ans ayant d\u00e9velopp\u00e9 les comp\u00e9tences n\u00e9cessaires sont invit\u00e9s \u00e0 se pr\u00e9senter au test du Sauv&#8217;nage. Le dipl\u00f4me leur permettra de pratiquer les activit\u00e9s aquatiques et nautiques en toute s\u00e9curit\u00e9.<\/li>\n<\/ul>\n<p><strong>Poursuite du dispositif<\/strong><\/p>\n<p>Apr\u00e8s Luch\u00e9-Pring\u00e9 et Mansign\u00e9, la piscine de Mayet a d\u00e9cid\u00e9 de suivre le mouvement.<\/p>\n<p>\u00ab Il semblait <strong>essentiel de poursuivre ce dispositif<\/strong>, d\u00e9j\u00e0 mis en place l\u2019an dernier, d\u2019autant que nous disposons en p\u00e9riode estivale de plusieurs bassins ext\u00e9rieurs communaux ou intercommunaux permettant de d\u00e9ployer le dispositif au plus pr\u00e8s des habitants du territoire. Les maires des communes de Luch\u00e9-Pring\u00e9, Mansign\u00e9 et Mayet ont accueilli positivement ce renouvellement. Face \u00e0 l\u2019affluence des demandes, nous avons sollicit\u00e9 Fr\u00e9d\u00e9ric Leclair le maitre-nageur sauveteur \u00e0 la piscine de Mayet afin qu\u2019il assure les cours sur un second cr\u00e9neau horaire \u00bb, indique <strong>Fran\u00e7ois Boussard, pr\u00e9sident<\/strong> de la communaut\u00e9 de communes Sud Sarthe.<\/p>\n<blockquote><p>\u00ab A l\u2019heure de l\u2019explosion des piscines familiales et encore plus cette ann\u00e9e avec les fortes chaleurs, il nous faut \u00eatre vigilant quant \u00e0 la s\u00e9curit\u00e9 des plus jeunes d\u2019autant qu\u2019un retard dans les apprentissages est not\u00e9 suite \u00e0 la fermeture des \u00e9tablissements pendant les confinements \u00bb, ajoute Pierre Ouvrard, maire de Mayet.<\/p>\n<p>&nbsp;<\/p><\/blockquote>\n<p>Seul <strong>b\u00e9mol<\/strong> dans le d\u00e9ploiement de ce dispositif, <strong>les cours pour les coll\u00e9giens<\/strong>. En effet, un cr\u00e9neau par commune \u00e9tait ouvert aux \u00e9l\u00e8ves de sixi\u00e8me et cinqui\u00e8me des coll\u00e8ges de la communaut\u00e9 de communes non d\u00e9tenteur du test d\u2019aptitude<strong> Sauv\u2019nage<\/strong>. Ces cr\u00e9neaux ont \u00e9t\u00e9 annul\u00e9s faute de participants. Ce test est pourtant essentiel notamment pour les sorties collectives en milieu aquatique.<\/p>\n<!-- AddThis Advanced Settings generic via filter on the_content --><!-- AddThis Share Buttons generic via filter on the_content -->","protected":false},"excerpt":{"rendered":"<p>La communaut\u00e9 de communes Sud Sarthe a lanc\u00e9 les dispositifs \u00ab\u00a0J\u2019apprends \u00e0 nager\u00a0\u00bb et \u00ab\u00a0Aisance aquatique\u00a0\u00bb. Le succ\u00e8s est au rendez-vous. &nbsp; &nbsp; Tout l\u2019\u00e9t\u00e9, les piscines du Sud Sarthe ont accueilli les enfants de 4 \u00e0 12 ans afin de les familiariser avec le milieu aquatique. Apr\u00e8s le succ\u00e8s en juillet \u00e0 Mansign\u00e9 et&hellip;<!-- AddThis Advanced Settings generic via filter on get_the_excerpt --><!-- AddThis Share Buttons generic via filter on get_the_excerpt --><\/p>\n","protected":false},"author":4,"featured_media":10716,"comment_status":"closed","ping_status":"open","sticky":false,"template":"","format":"standard","meta":{"footnotes":""},"categories":[1],"tags":[],"class_list":["post-10715","post","type-post","status-publish","format-standard","has-post-thumbnail","hentry","category-contact-fm-72","category-1","description-off"],"yoast_head":"<!-- This site is optimized with the Yoast SEO plugin v27.4 - https:\/\/yoast.com\/product\/yoast-seo-wordpress\/ -->\n<title>Sud-Sarthe : Franc succ\u00e8s des dispositifs \u00ab J\u2019apprends \u00e0 nager \u00bb et \u00ab Aisance aquatique \u00bb - Contact FM 99.3<\/title>\n<meta name=\"robots\" content=\"index, follow, max-snippet:-1, max-image-preview:large, max-video-preview:-1\" \/>\n<link rel=\"canonical\" href=\"https:\/\/contactfm72.fr\/?p=10715\" \/>\n<meta property=\"og:locale\" content=\"fr_FR\" \/>\n<meta property=\"og:type\" content=\"article\" \/>\n<meta property=\"og:title\" content=\"Sud-Sarthe : Franc succ\u00e8s des dispositifs \u00ab J\u2019apprends \u00e0 nager \u00bb et \u00ab Aisance aquatique \u00bb - Contact FM 99.3\" \/>\n<meta property=\"og:description\" content=\"La communaut\u00e9 de communes Sud Sarthe a lanc\u00e9 les dispositifs \u00ab\u00a0J\u2019apprends \u00e0 nager\u00a0\u00bb et \u00ab\u00a0Aisance aquatique\u00a0\u00bb. Le succ\u00e8s est au rendez-vous. &nbsp; &nbsp; Tout l\u2019\u00e9t\u00e9, les piscines du Sud Sarthe ont accueilli les enfants de 4 \u00e0 12 ans afin de les familiariser avec le milieu aquatique. Apr\u00e8s le succ\u00e8s en juillet \u00e0 Mansign\u00e9 et&hellip;\" \/>\n<meta property=\"og:url\" content=\"https:\/\/contactfm72.fr\/?p=10715\" \/>\n<meta property=\"og:site_name\" content=\"Contact FM 99.3\" \/>\n<meta property=\"article:publisher\" content=\"https:\/\/www.facebook.com\/Contactfm.Chateauduloir\" \/>\n<meta property=\"article:published_time\" content=\"2022-08-17T09:55:26+00:00\" \/>\n<meta property=\"og:image\" content=\"https:\/\/contactfm72.fr\/wp-content\/uploads\/2022\/08\/piscine-enfants.jpg\" \/>\n\t<meta property=\"og:image:width\" content=\"653\" \/>\n\t<meta property=\"og:image:height\" content=\"489\" \/>\n\t<meta property=\"og:image:type\" content=\"image\/jpeg\" \/>\n<meta name=\"author\" content=\"Val\u00e9rie C.\" \/>\n<meta name=\"twitter:card\" content=\"summary_large_image\" \/>\n<meta name=\"twitter:creator\" content=\"@contactfm72\" \/>\n<meta name=\"twitter:site\" content=\"@contactfm72\" \/>\n<meta name=\"twitter:label1\" content=\"\u00c9crit par\" \/>\n\t<meta name=\"twitter:data1\" content=\"Val\u00e9rie C.\" \/>\n\t<meta name=\"twitter:label2\" content=\"Dur\u00e9e de lecture estim\u00e9e\" \/>\n\t<meta name=\"twitter:data2\" content=\"3 minutes\" \/>\n<script type=\"application\/ld+json\" class=\"yoast-schema-graph\">{\"@context\":\"https:\\\/\\\/schema.org\",\"@graph\":[{\"@type\":\"Article\",\"@id\":\"https:\\\/\\\/contactfm72.fr\\\/?p=10715#article\",\"isPartOf\":{\"@id\":\"https:\\\/\\\/contactfm72.fr\\\/?p=10715\"},\"author\":{\"name\":\"Val\u00e9rie C.\",\"@id\":\"https:\\\/\\\/contactfm72.fr\\\/#\\\/schema\\\/person\\\/9fdc9d1c2eb029354a4f1535b90ba82d\"},\"headline\":\"Sud-Sarthe : Franc succ\u00e8s des dispositifs \u00ab J\u2019apprends \u00e0 nager \u00bb et \u00ab Aisance aquatique \u00bb\",\"datePublished\":\"2022-08-17T09:55:26+00:00\",\"mainEntityOfPage\":{\"@id\":\"https:\\\/\\\/contactfm72.fr\\\/?p=10715\"},\"wordCount\":599,\"publisher\":{\"@id\":\"https:\\\/\\\/contactfm72.fr\\\/#organization\"},\"image\":{\"@id\":\"https:\\\/\\\/contactfm72.fr\\\/?p=10715#primaryimage\"},\"thumbnailUrl\":\"https:\\\/\\\/contactfm72.fr\\\/wp-content\\\/uploads\\\/2022\\\/08\\\/piscine-enfants.jpg\",\"articleSection\":[\"Contact FM 72\"],\"inLanguage\":\"fr-FR\"},{\"@type\":\"WebPage\",\"@id\":\"https:\\\/\\\/contactfm72.fr\\\/?p=10715\",\"url\":\"https:\\\/\\\/contactfm72.fr\\\/?p=10715\",\"name\":\"Sud-Sarthe : Franc succ\u00e8s des dispositifs \u00ab J\u2019apprends \u00e0 nager \u00bb et \u00ab Aisance aquatique \u00bb - Contact FM 99.3\",\"isPartOf\":{\"@id\":\"https:\\\/\\\/contactfm72.fr\\\/#website\"},\"primaryImageOfPage\":{\"@id\":\"https:\\\/\\\/contactfm72.fr\\\/?p=10715#primaryimage\"},\"image\":{\"@id\":\"https:\\\/\\\/contactfm72.fr\\\/?p=10715#primaryimage\"},\"thumbnailUrl\":\"https:\\\/\\\/contactfm72.fr\\\/wp-content\\\/uploads\\\/2022\\\/08\\\/piscine-enfants.jpg\",\"datePublished\":\"2022-08-17T09:55:26+00:00\",\"breadcrumb\":{\"@id\":\"https:\\\/\\\/contactfm72.fr\\\/?p=10715#breadcrumb\"},\"inLanguage\":\"fr-FR\",\"potentialAction\":[{\"@type\":\"ReadAction\",\"target\":[\"https:\\\/\\\/contactfm72.fr\\\/?p=10715\"]}]},{\"@type\":\"ImageObject\",\"inLanguage\":\"fr-FR\",\"@id\":\"https:\\\/\\\/contactfm72.fr\\\/?p=10715#primaryimage\",\"url\":\"https:\\\/\\\/contactfm72.fr\\\/wp-content\\\/uploads\\\/2022\\\/08\\\/piscine-enfants.jpg\",\"contentUrl\":\"https:\\\/\\\/contactfm72.fr\\\/wp-content\\\/uploads\\\/2022\\\/08\\\/piscine-enfants.jpg\",\"width\":653,\"height\":489,\"caption\":\"Les enfants peuvent b\u00e9n\u00e9ficier de cours de natation dans le cadre du dispositif \\\"J'apprends \u00e0 nager\\\", disponible aux piscines de Luch\u00e9-Pring\u00e9, Mansign\u00e9, et Mayet.\"},{\"@type\":\"BreadcrumbList\",\"@id\":\"https:\\\/\\\/contactfm72.fr\\\/?p=10715#breadcrumb\",\"itemListElement\":[{\"@type\":\"ListItem\",\"position\":1,\"name\":\"Accueil\",\"item\":\"https:\\\/\\\/contactfm72.fr\\\/\"},{\"@type\":\"ListItem\",\"position\":2,\"name\":\"Sud-Sarthe : Franc succ\u00e8s des dispositifs \u00ab J\u2019apprends \u00e0 nager \u00bb et \u00ab Aisance aquatique \u00bb\"}]},{\"@type\":\"WebSite\",\"@id\":\"https:\\\/\\\/contactfm72.fr\\\/#website\",\"url\":\"https:\\\/\\\/contactfm72.fr\\\/\",\"name\":\"Contact FM 99.3\",\"description\":\"Votre radio en vall\u00e9e du Loir\",\"publisher\":{\"@id\":\"https:\\\/\\\/contactfm72.fr\\\/#organization\"},\"potentialAction\":[{\"@type\":\"SearchAction\",\"target\":{\"@type\":\"EntryPoint\",\"urlTemplate\":\"https:\\\/\\\/contactfm72.fr\\\/?s={search_term_string}\"},\"query-input\":{\"@type\":\"PropertyValueSpecification\",\"valueRequired\":true,\"valueName\":\"search_term_string\"}}],\"inLanguage\":\"fr-FR\"},{\"@type\":\"Organization\",\"@id\":\"https:\\\/\\\/contactfm72.fr\\\/#organization\",\"name\":\"Contact FM 99.3\",\"url\":\"https:\\\/\\\/contactfm72.fr\\\/\",\"logo\":{\"@type\":\"ImageObject\",\"inLanguage\":\"fr-FR\",\"@id\":\"https:\\\/\\\/contactfm72.fr\\\/#\\\/schema\\\/logo\\\/image\\\/\",\"url\":\"https:\\\/\\\/contactfm72.fr\\\/wp-content\\\/uploads\\\/2025\\\/04\\\/2025-04-18-2.jpg\",\"contentUrl\":\"https:\\\/\\\/contactfm72.fr\\\/wp-content\\\/uploads\\\/2025\\\/04\\\/2025-04-18-2.jpg\",\"width\":680,\"height\":307,\"caption\":\"Contact FM 99.3\"},\"image\":{\"@id\":\"https:\\\/\\\/contactfm72.fr\\\/#\\\/schema\\\/logo\\\/image\\\/\"},\"sameAs\":[\"https:\\\/\\\/www.facebook.com\\\/Contactfm.Chateauduloir\",\"https:\\\/\\\/x.com\\\/contactfm72\",\"https:\\\/\\\/www.instagram.com\\\/contact.fm.72?igsh=cGhlMHQ5N2JlNnpp\",\"https:\\\/\\\/www.tiktok.com\\\/@contact.fm\"]},{\"@type\":\"Person\",\"@id\":\"https:\\\/\\\/contactfm72.fr\\\/#\\\/schema\\\/person\\\/9fdc9d1c2eb029354a4f1535b90ba82d\",\"name\":\"Val\u00e9rie C.\",\"image\":{\"@type\":\"ImageObject\",\"inLanguage\":\"fr-FR\",\"@id\":\"https:\\\/\\\/secure.gravatar.com\\\/avatar\\\/2f8aa28f8dfbd7d4420afd1fdcdd0a349923e2c8a38ab28198b0f9d0601e4737?s=96&d=mm&r=g\",\"url\":\"https:\\\/\\\/secure.gravatar.com\\\/avatar\\\/2f8aa28f8dfbd7d4420afd1fdcdd0a349923e2c8a38ab28198b0f9d0601e4737?s=96&d=mm&r=g\",\"contentUrl\":\"https:\\\/\\\/secure.gravatar.com\\\/avatar\\\/2f8aa28f8dfbd7d4420afd1fdcdd0a349923e2c8a38ab28198b0f9d0601e4737?s=96&d=mm&r=g\",\"caption\":\"Val\u00e9rie C.\"},\"url\":\"https:\\\/\\\/contactfm72.fr\\\/?author=4\"}]}<\/script>\n<!-- \/ Yoast SEO plugin. -->","yoast_head_json":{"title":"Sud-Sarthe : Franc succ\u00e8s des dispositifs \u00ab J\u2019apprends \u00e0 nager \u00bb et \u00ab Aisance aquatique \u00bb - Contact FM 99.3","robots":{"index":"index","follow":"follow","max-snippet":"max-snippet:-1","max-image-preview":"max-image-preview:large","max-video-preview":"max-video-preview:-1"},"canonical":"https:\/\/contactfm72.fr\/?p=10715","og_locale":"fr_FR","og_type":"article","og_title":"Sud-Sarthe : Franc succ\u00e8s des dispositifs \u00ab J\u2019apprends \u00e0 nager \u00bb et \u00ab Aisance aquatique \u00bb - Contact FM 99.3","og_description":"La communaut\u00e9 de communes Sud Sarthe a lanc\u00e9 les dispositifs \u00ab\u00a0J\u2019apprends \u00e0 nager\u00a0\u00bb et \u00ab\u00a0Aisance aquatique\u00a0\u00bb. Le succ\u00e8s est au rendez-vous. &nbsp; &nbsp; Tout l\u2019\u00e9t\u00e9, les piscines du Sud Sarthe ont accueilli les enfants de 4 \u00e0 12 ans afin de les familiariser avec le milieu aquatique. Apr\u00e8s le succ\u00e8s en juillet \u00e0 Mansign\u00e9 et&hellip;","og_url":"https:\/\/contactfm72.fr\/?p=10715","og_site_name":"Contact FM 99.3","article_publisher":"https:\/\/www.facebook.com\/Contactfm.Chateauduloir","article_published_time":"2022-08-17T09:55:26+00:00","og_image":[{"width":653,"height":489,"url":"https:\/\/contactfm72.fr\/wp-content\/uploads\/2022\/08\/piscine-enfants.jpg","type":"image\/jpeg"}],"author":"Val\u00e9rie C.","twitter_card":"summary_large_image","twitter_creator":"@contactfm72","twitter_site":"@contactfm72","twitter_misc":{"\u00c9crit par":"Val\u00e9rie C.","Dur\u00e9e de lecture estim\u00e9e":"3 minutes"},"schema":{"@context":"https:\/\/schema.org","@graph":[{"@type":"Article","@id":"https:\/\/contactfm72.fr\/?p=10715#article","isPartOf":{"@id":"https:\/\/contactfm72.fr\/?p=10715"},"author":{"name":"Val\u00e9rie C.","@id":"https:\/\/contactfm72.fr\/#\/schema\/person\/9fdc9d1c2eb029354a4f1535b90ba82d"},"headline":"Sud-Sarthe : Franc succ\u00e8s des dispositifs \u00ab J\u2019apprends \u00e0 nager \u00bb et \u00ab Aisance aquatique \u00bb","datePublished":"2022-08-17T09:55:26+00:00","mainEntityOfPage":{"@id":"https:\/\/contactfm72.fr\/?p=10715"},"wordCount":599,"publisher":{"@id":"https:\/\/contactfm72.fr\/#organization"},"image":{"@id":"https:\/\/contactfm72.fr\/?p=10715#primaryimage"},"thumbnailUrl":"https:\/\/contactfm72.fr\/wp-content\/uploads\/2022\/08\/piscine-enfants.jpg","articleSection":["Contact FM 72"],"inLanguage":"fr-FR"},{"@type":"WebPage","@id":"https:\/\/contactfm72.fr\/?p=10715","url":"https:\/\/contactfm72.fr\/?p=10715","name":"Sud-Sarthe : Franc succ\u00e8s des dispositifs \u00ab J\u2019apprends \u00e0 nager \u00bb et \u00ab Aisance aquatique \u00bb - Contact FM 99.3","isPartOf":{"@id":"https:\/\/contactfm72.fr\/#website"},"primaryImageOfPage":{"@id":"https:\/\/contactfm72.fr\/?p=10715#primaryimage"},"image":{"@id":"https:\/\/contactfm72.fr\/?p=10715#primaryimage"},"thumbnailUrl":"https:\/\/contactfm72.fr\/wp-content\/uploads\/2022\/08\/piscine-enfants.jpg","datePublished":"2022-08-17T09:55:26+00:00","breadcrumb":{"@id":"https:\/\/contactfm72.fr\/?p=10715#breadcrumb"},"inLanguage":"fr-FR","potentialAction":[{"@type":"ReadAction","target":["https:\/\/contactfm72.fr\/?p=10715"]}]},{"@type":"ImageObject","inLanguage":"fr-FR","@id":"https:\/\/contactfm72.fr\/?p=10715#primaryimage","url":"https:\/\/contactfm72.fr\/wp-content\/uploads\/2022\/08\/piscine-enfants.jpg","contentUrl":"https:\/\/contactfm72.fr\/wp-content\/uploads\/2022\/08\/piscine-enfants.jpg","width":653,"height":489,"caption":"Les enfants peuvent b\u00e9n\u00e9ficier de cours de natation dans le cadre du dispositif \"J'apprends \u00e0 nager\", disponible aux piscines de Luch\u00e9-Pring\u00e9, Mansign\u00e9, et Mayet."},{"@type":"BreadcrumbList","@id":"https:\/\/contactfm72.fr\/?p=10715#breadcrumb","itemListElement":[{"@type":"ListItem","position":1,"name":"Accueil","item":"https:\/\/contactfm72.fr\/"},{"@type":"ListItem","position":2,"name":"Sud-Sarthe : Franc succ\u00e8s des dispositifs \u00ab J\u2019apprends \u00e0 nager \u00bb et \u00ab Aisance aquatique \u00bb"}]},{"@type":"WebSite","@id":"https:\/\/contactfm72.fr\/#website","url":"https:\/\/contactfm72.fr\/","name":"Contact FM 99.3","description":"Votre radio en vall\u00e9e du Loir","publisher":{"@id":"https:\/\/contactfm72.fr\/#organization"},"potentialAction":[{"@type":"SearchAction","target":{"@type":"EntryPoint","urlTemplate":"https:\/\/contactfm72.fr\/?s={search_term_string}"},"query-input":{"@type":"PropertyValueSpecification","valueRequired":true,"valueName":"search_term_string"}}],"inLanguage":"fr-FR"},{"@type":"Organization","@id":"https:\/\/contactfm72.fr\/#organization","name":"Contact FM 99.3","url":"https:\/\/contactfm72.fr\/","logo":{"@type":"ImageObject","inLanguage":"fr-FR","@id":"https:\/\/contactfm72.fr\/#\/schema\/logo\/image\/","url":"https:\/\/contactfm72.fr\/wp-content\/uploads\/2025\/04\/2025-04-18-2.jpg","contentUrl":"https:\/\/contactfm72.fr\/wp-content\/uploads\/2025\/04\/2025-04-18-2.jpg","width":680,"height":307,"caption":"Contact FM 99.3"},"image":{"@id":"https:\/\/contactfm72.fr\/#\/schema\/logo\/image\/"},"sameAs":["https:\/\/www.facebook.com\/Contactfm.Chateauduloir","https:\/\/x.com\/contactfm72","https:\/\/www.instagram.com\/contact.fm.72?igsh=cGhlMHQ5N2JlNnpp","https:\/\/www.tiktok.com\/@contact.fm"]},{"@type":"Person","@id":"https:\/\/contactfm72.fr\/#\/schema\/person\/9fdc9d1c2eb029354a4f1535b90ba82d","name":"Val\u00e9rie C.","image":{"@type":"ImageObject","inLanguage":"fr-FR","@id":"https:\/\/secure.gravatar.com\/avatar\/2f8aa28f8dfbd7d4420afd1fdcdd0a349923e2c8a38ab28198b0f9d0601e4737?s=96&d=mm&r=g","url":"https:\/\/secure.gravatar.com\/avatar\/2f8aa28f8dfbd7d4420afd1fdcdd0a349923e2c8a38ab28198b0f9d0601e4737?s=96&d=mm&r=g","contentUrl":"https:\/\/secure.gravatar.com\/avatar\/2f8aa28f8dfbd7d4420afd1fdcdd0a349923e2c8a38ab28198b0f9d0601e4737?s=96&d=mm&r=g","caption":"Val\u00e9rie C."},"url":"https:\/\/contactfm72.fr\/?author=4"}]}},"_links":{"self":[{"href":"https:\/\/contactfm72.fr\/index.php?rest_route=\/wp\/v2\/posts\/10715","targetHints":{"allow":["GET"]}}],"collection":[{"href":"https:\/\/contactfm72.fr\/index.php?rest_route=\/wp\/v2\/posts"}],"about":[{"href":"https:\/\/contactfm72.fr\/index.php?rest_route=\/wp\/v2\/types\/post"}],"author":[{"embeddable":true,"href":"https:\/\/contactfm72.fr\/index.php?rest_route=\/wp\/v2\/users\/4"}],"replies":[{"embeddable":true,"href":"https:\/\/contactfm72.fr\/index.php?rest_route=%2Fwp%2Fv2%2Fcomments&post=10715"}],"version-history":[{"count":1,"href":"https:\/\/contactfm72.fr\/index.php?rest_route=\/wp\/v2\/posts\/10715\/revisions"}],"predecessor-version":[{"id":10717,"href":"https:\/\/contactfm72.fr\/index.php?rest_route=\/wp\/v2\/posts\/10715\/revisions\/10717"}],"wp:featuredmedia":[{"embeddable":true,"href":"https:\/\/contactfm72.fr\/index.php?rest_route=\/wp\/v2\/media\/10716"}],"wp:attachment":[{"href":"https:\/\/contactfm72.fr\/index.php?rest_route=%2Fwp%2Fv2%2Fmedia&parent=10715"}],"wp:term":[{"taxonomy":"category","embeddable":true,"href":"https:\/\/contactfm72.fr\/index.php?rest_route=%2Fwp%2Fv2%2Fcategories&post=10715"},{"taxonomy":"post_tag","embeddable":true,"href":"https:\/\/contactfm72.fr\/index.php?rest_route=%2Fwp%2Fv2%2Ftags&post=10715"}],"curies":[{"name":"wp","href":"https:\/\/api.w.org\/{rel}","templated":true}]}}