{"id":10656,"date":"2022-08-08T09:37:15","date_gmt":"2022-08-08T07:37:15","guid":{"rendered":"http:\/\/contactfm72.fr\/?p=10656"},"modified":"2022-08-10T07:09:27","modified_gmt":"2022-08-10T05:09:27","slug":"avec-cerf-qui-es-tu-carnuta-a-jupilles-consacre-une-exposition-au-roi-de-la-foret","status":"publish","type":"post","link":"https:\/\/contactfm72.fr\/?p=10656","title":{"rendered":"Avec &#8220;Cerf, qui es-tu ?&#8221; Carnuta \u00e0 Jupilles consacre une exposition au roi de la for\u00eat"},"content":{"rendered":"<p><span class=\"d2edcug0 hpfvmrgz qv66sw1b c1et5uql lr9zc1uh a8c37x1j fe6kdd0r mau55g9w c8b282yb keod5gw0 nxhoafnm aigsh9s9 d3f4x2em iv3no6db jq4qci2q a3bd9o3v b1v8xokw oo9gr5id hzawbc8m\" dir=\"auto\">Jusqu&#8217;au 31 mars 2023, <a class=\"oajrlxb2 g5ia77u1 qu0x051f esr5mh6w e9989ue4 r7d6kgcz rq0escxv nhd2j8a9 nc684nl6 p7hjln8o kvgmc6g5 cxmmr5t8 oygrvhab hcukyx3x jb3vyjys rz4wbd8a qt6c0cv9 a8nywdso i1ao9s8h esuyzwwr f1sip0of lzcic4wl gpro0wi8 q66pz984 b1v8xokw\" tabindex=\"0\" role=\"link\" href=\"https:\/\/www.facebook.com\/CarnutaJupilles?__cft__[0]=AZW2FHMP4NFdRML2leJm13ikduGrjYO_aauaptu1boeN_pIOa0swLQJN-9ETb-8PI3v-st5qZIVBq3_NL9VxD-6JPB7a4vJNJflIEEF8SbxFB_tQEqySYFpgwW0XBDfu3H5GwP8T3Z0VfYh3qNfaf2HcbJ1myt1oaMuFZJPYI-19xA&amp;__tn__=-]K-R\"><span class=\"nc684nl6\">Carnuta, maison de l&#8217;Homme et de la for\u00eat<\/span><\/a> \u00e0 <a class=\"oajrlxb2 g5ia77u1 qu0x051f esr5mh6w e9989ue4 r7d6kgcz rq0escxv nhd2j8a9 nc684nl6 p7hjln8o kvgmc6g5 cxmmr5t8 oygrvhab hcukyx3x jb3vyjys rz4wbd8a qt6c0cv9 a8nywdso i1ao9s8h esuyzwwr f1sip0of lzcic4wl gpro0wi8 q66pz984 b1v8xokw\" tabindex=\"0\" role=\"link\" href=\"https:\/\/www.facebook.com\/jupilles\/?__cft__[0]=AZW2FHMP4NFdRML2leJm13ikduGrjYO_aauaptu1boeN_pIOa0swLQJN-9ETb-8PI3v-st5qZIVBq3_NL9VxD-6JPB7a4vJNJflIEEF8SbxFB_tQEqySYFpgwW0XBDfu3H5GwP8T3Z0VfYh3qNfaf2HcbJ1myt1oaMuFZJPYI-19xA&amp;__tn__=kK-R\"><span class=\"nc684nl6\">Jupilles<\/span><\/a> accueille l&#8217;exposition &#8220;Cerf, qui es-tu ?&#8221;. <\/span><\/p>\n<p><span class=\"d2edcug0 hpfvmrgz qv66sw1b c1et5uql lr9zc1uh a8c37x1j fe6kdd0r mau55g9w c8b282yb keod5gw0 nxhoafnm aigsh9s9 d3f4x2em iv3no6db jq4qci2q a3bd9o3v b1v8xokw oo9gr5id hzawbc8m\" dir=\"auto\">Le roi de la for\u00eat est mis en valeur \u00e0 travers les diff\u00e9rentes p\u00e9riodes de sa vie et au fil des saisons. <\/span><\/p>\n<p><span class=\"d2edcug0 hpfvmrgz qv66sw1b c1et5uql lr9zc1uh a8c37x1j fe6kdd0r mau55g9w c8b282yb keod5gw0 nxhoafnm aigsh9s9 d3f4x2em iv3no6db jq4qci2q a3bd9o3v b1v8xokw oo9gr5id hzawbc8m\" dir=\"auto\">Cette exposition pr\u00e9sente \u00e9galement des clich\u00e9s de deux photographes sarthois, R\u00e9mi L\u00e9pinay et Jo\u00ebl Geffray. <\/span><\/p>\n<p><span class=\"d2edcug0 hpfvmrgz qv66sw1b c1et5uql lr9zc1uh a8c37x1j fe6kdd0r mau55g9w c8b282yb keod5gw0 nxhoafnm aigsh9s9 d3f4x2em iv3no6db jq4qci2q a3bd9o3v b1v8xokw oo9gr5id hzawbc8m\" dir=\"auto\">C&#8217;est le sujet du magazine &#8220;Les rendez-vous de l&#8217;\u00e9t\u00e9&#8221;, lundi 8 ao\u00fbt \u00e0 12h30, 15h30 et 18h30, samedi 13 \u00e0 13h et dimanche 14 \u00e0 11h.<\/span><\/p>\n<p>&nbsp;<\/p>\n<div id=\"audioigniter-527\" class=\"audioigniter-root \" data-player-type=\"full\" data-tracks-url=\"https:\/\/contactfm72.fr\/?audioigniter_playlist_id=527\" data-display-track-no=\"false\" data-reverse-track-order=\"false\" data-display-tracklist-covers=\"false\" data-display-active-cover=\"false\" data-display-artist-names=\"false\" data-display-buy-buttons=\"true\" data-buy-buttons-target=\"false\" data-cycle-tracks=\"false\" data-display-credits=\"false\" data-display-tracklist=\"true\" data-allow-tracklist-toggle=\"false\" data-allow-tracklist-loop=\"true\" data-limit-tracklist-height=\"true\" data-volume=\"100\" data-tracklist-height=\"185\" data-allow-track-loop=\"false\" ><\/div>\n<!-- AddThis Advanced Settings generic via filter on the_content --><!-- AddThis Share Buttons generic via filter on the_content -->","protected":false},"excerpt":{"rendered":"<p>Jusqu&#8217;au 31 mars 2023, Carnuta, maison de l&#8217;Homme et de la for\u00eat \u00e0 Jupilles accueille l&#8217;exposition &#8220;Cerf, qui es-tu ?&#8221;. Le roi de la for\u00eat est mis en valeur \u00e0 travers les diff\u00e9rentes p\u00e9riodes de sa vie et au fil des saisons. Cette exposition pr\u00e9sente \u00e9galement des clich\u00e9s de deux photographes sarthois, R\u00e9mi L\u00e9pinay et&hellip;<!-- AddThis Advanced Settings generic via filter on get_the_excerpt --><!-- AddThis Share Buttons generic via filter on get_the_excerpt --><\/p>\n","protected":false},"author":4,"featured_media":10224,"comment_status":"closed","ping_status":"open","sticky":false,"template":"","format":"standard","meta":{"footnotes":""},"categories":[1],"tags":[],"class_list":["post-10656","post","type-post","status-publish","format-standard","has-post-thumbnail","hentry","category-contact-fm-72","category-1","description-off"],"yoast_head":"<!-- This site is optimized with the Yoast SEO plugin v27.4 - https:\/\/yoast.com\/product\/yoast-seo-wordpress\/ -->\n<title>Avec &quot;Cerf, qui es-tu ?&quot; Carnuta \u00e0 Jupilles consacre une exposition au roi de la for\u00eat - Contact FM 99.3<\/title>\n<meta name=\"robots\" content=\"index, follow, max-snippet:-1, max-image-preview:large, max-video-preview:-1\" \/>\n<link rel=\"canonical\" href=\"https:\/\/contactfm72.fr\/?p=10656\" \/>\n<meta property=\"og:locale\" content=\"fr_FR\" \/>\n<meta property=\"og:type\" content=\"article\" \/>\n<meta property=\"og:title\" content=\"Avec &quot;Cerf, qui es-tu ?&quot; Carnuta \u00e0 Jupilles consacre une exposition au roi de la for\u00eat - Contact FM 99.3\" \/>\n<meta property=\"og:description\" content=\"Jusqu&#8217;au 31 mars 2023, Carnuta, maison de l&#8217;Homme et de la for\u00eat \u00e0 Jupilles accueille l&#8217;exposition &#8220;Cerf, qui es-tu ?&#8221;. Le roi de la for\u00eat est mis en valeur \u00e0 travers les diff\u00e9rentes p\u00e9riodes de sa vie et au fil des saisons. Cette exposition pr\u00e9sente \u00e9galement des clich\u00e9s de deux photographes sarthois, R\u00e9mi L\u00e9pinay et&hellip;\" \/>\n<meta property=\"og:url\" content=\"https:\/\/contactfm72.fr\/?p=10656\" \/>\n<meta property=\"og:site_name\" content=\"Contact FM 99.3\" \/>\n<meta property=\"article:publisher\" content=\"https:\/\/www.facebook.com\/Contactfm.Chateauduloir\" \/>\n<meta property=\"article:published_time\" content=\"2022-08-08T07:37:15+00:00\" \/>\n<meta property=\"article:modified_time\" content=\"2022-08-10T05:09:27+00:00\" \/>\n<meta property=\"og:image\" content=\"https:\/\/contactfm72.fr\/wp-content\/uploads\/2022\/06\/carnuta-cerf.jpg\" \/>\n\t<meta property=\"og:image:width\" content=\"2048\" \/>\n\t<meta property=\"og:image:height\" content=\"1536\" \/>\n\t<meta property=\"og:image:type\" content=\"image\/jpeg\" \/>\n<meta name=\"author\" content=\"Val\u00e9rie C.\" \/>\n<meta name=\"twitter:card\" content=\"summary_large_image\" \/>\n<meta name=\"twitter:creator\" content=\"@contactfm72\" \/>\n<meta name=\"twitter:site\" content=\"@contactfm72\" \/>\n<meta name=\"twitter:label1\" content=\"\u00c9crit par\" \/>\n\t<meta name=\"twitter:data1\" content=\"Val\u00e9rie C.\" \/>\n<script type=\"application\/ld+json\" class=\"yoast-schema-graph\">{\"@context\":\"https:\\\/\\\/schema.org\",\"@graph\":[{\"@type\":\"Article\",\"@id\":\"https:\\\/\\\/contactfm72.fr\\\/?p=10656#article\",\"isPartOf\":{\"@id\":\"https:\\\/\\\/contactfm72.fr\\\/?p=10656\"},\"author\":{\"name\":\"Val\u00e9rie C.\",\"@id\":\"https:\\\/\\\/contactfm72.fr\\\/#\\\/schema\\\/person\\\/9fdc9d1c2eb029354a4f1535b90ba82d\"},\"headline\":\"Avec &#8220;Cerf, qui es-tu ?&#8221; Carnuta \u00e0 Jupilles consacre une exposition au roi de la for\u00eat\",\"datePublished\":\"2022-08-08T07:37:15+00:00\",\"dateModified\":\"2022-08-10T05:09:27+00:00\",\"mainEntityOfPage\":{\"@id\":\"https:\\\/\\\/contactfm72.fr\\\/?p=10656\"},\"wordCount\":106,\"publisher\":{\"@id\":\"https:\\\/\\\/contactfm72.fr\\\/#organization\"},\"image\":{\"@id\":\"https:\\\/\\\/contactfm72.fr\\\/?p=10656#primaryimage\"},\"thumbnailUrl\":\"https:\\\/\\\/contactfm72.fr\\\/wp-content\\\/uploads\\\/2022\\\/06\\\/carnuta-cerf.jpg\",\"articleSection\":[\"Contact FM 72\"],\"inLanguage\":\"fr-FR\"},{\"@type\":\"WebPage\",\"@id\":\"https:\\\/\\\/contactfm72.fr\\\/?p=10656\",\"url\":\"https:\\\/\\\/contactfm72.fr\\\/?p=10656\",\"name\":\"Avec \\\"Cerf, qui es-tu ?\\\" Carnuta \u00e0 Jupilles consacre une exposition au roi de la for\u00eat - Contact FM 99.3\",\"isPartOf\":{\"@id\":\"https:\\\/\\\/contactfm72.fr\\\/#website\"},\"primaryImageOfPage\":{\"@id\":\"https:\\\/\\\/contactfm72.fr\\\/?p=10656#primaryimage\"},\"image\":{\"@id\":\"https:\\\/\\\/contactfm72.fr\\\/?p=10656#primaryimage\"},\"thumbnailUrl\":\"https:\\\/\\\/contactfm72.fr\\\/wp-content\\\/uploads\\\/2022\\\/06\\\/carnuta-cerf.jpg\",\"datePublished\":\"2022-08-08T07:37:15+00:00\",\"dateModified\":\"2022-08-10T05:09:27+00:00\",\"breadcrumb\":{\"@id\":\"https:\\\/\\\/contactfm72.fr\\\/?p=10656#breadcrumb\"},\"inLanguage\":\"fr-FR\",\"potentialAction\":[{\"@type\":\"ReadAction\",\"target\":[\"https:\\\/\\\/contactfm72.fr\\\/?p=10656\"]}]},{\"@type\":\"ImageObject\",\"inLanguage\":\"fr-FR\",\"@id\":\"https:\\\/\\\/contactfm72.fr\\\/?p=10656#primaryimage\",\"url\":\"https:\\\/\\\/contactfm72.fr\\\/wp-content\\\/uploads\\\/2022\\\/06\\\/carnuta-cerf.jpg\",\"contentUrl\":\"https:\\\/\\\/contactfm72.fr\\\/wp-content\\\/uploads\\\/2022\\\/06\\\/carnuta-cerf.jpg\",\"width\":2048,\"height\":1536,\"caption\":\"De g. \u00e0 dr. R\u00e9mi L\u00e9pinay et Jo\u00ebl Geffray sont deux photographes amateurs, et retrait\u00e9s.\"},{\"@type\":\"BreadcrumbList\",\"@id\":\"https:\\\/\\\/contactfm72.fr\\\/?p=10656#breadcrumb\",\"itemListElement\":[{\"@type\":\"ListItem\",\"position\":1,\"name\":\"Accueil\",\"item\":\"https:\\\/\\\/contactfm72.fr\\\/\"},{\"@type\":\"ListItem\",\"position\":2,\"name\":\"Avec &#8220;Cerf, qui es-tu ?&#8221; Carnuta \u00e0 Jupilles consacre une exposition au roi de la for\u00eat\"}]},{\"@type\":\"WebSite\",\"@id\":\"https:\\\/\\\/contactfm72.fr\\\/#website\",\"url\":\"https:\\\/\\\/contactfm72.fr\\\/\",\"name\":\"Contact FM 99.3\",\"description\":\"Votre radio en vall\u00e9e du Loir\",\"publisher\":{\"@id\":\"https:\\\/\\\/contactfm72.fr\\\/#organization\"},\"potentialAction\":[{\"@type\":\"SearchAction\",\"target\":{\"@type\":\"EntryPoint\",\"urlTemplate\":\"https:\\\/\\\/contactfm72.fr\\\/?s={search_term_string}\"},\"query-input\":{\"@type\":\"PropertyValueSpecification\",\"valueRequired\":true,\"valueName\":\"search_term_string\"}}],\"inLanguage\":\"fr-FR\"},{\"@type\":\"Organization\",\"@id\":\"https:\\\/\\\/contactfm72.fr\\\/#organization\",\"name\":\"Contact FM 99.3\",\"url\":\"https:\\\/\\\/contactfm72.fr\\\/\",\"logo\":{\"@type\":\"ImageObject\",\"inLanguage\":\"fr-FR\",\"@id\":\"https:\\\/\\\/contactfm72.fr\\\/#\\\/schema\\\/logo\\\/image\\\/\",\"url\":\"https:\\\/\\\/contactfm72.fr\\\/wp-content\\\/uploads\\\/2025\\\/04\\\/2025-04-18-2.jpg\",\"contentUrl\":\"https:\\\/\\\/contactfm72.fr\\\/wp-content\\\/uploads\\\/2025\\\/04\\\/2025-04-18-2.jpg\",\"width\":680,\"height\":307,\"caption\":\"Contact FM 99.3\"},\"image\":{\"@id\":\"https:\\\/\\\/contactfm72.fr\\\/#\\\/schema\\\/logo\\\/image\\\/\"},\"sameAs\":[\"https:\\\/\\\/www.facebook.com\\\/Contactfm.Chateauduloir\",\"https:\\\/\\\/x.com\\\/contactfm72\",\"https:\\\/\\\/www.instagram.com\\\/contact.fm.72?igsh=cGhlMHQ5N2JlNnpp\",\"https:\\\/\\\/www.tiktok.com\\\/@contact.fm\"]},{\"@type\":\"Person\",\"@id\":\"https:\\\/\\\/contactfm72.fr\\\/#\\\/schema\\\/person\\\/9fdc9d1c2eb029354a4f1535b90ba82d\",\"name\":\"Val\u00e9rie C.\",\"image\":{\"@type\":\"ImageObject\",\"inLanguage\":\"fr-FR\",\"@id\":\"https:\\\/\\\/secure.gravatar.com\\\/avatar\\\/2f8aa28f8dfbd7d4420afd1fdcdd0a349923e2c8a38ab28198b0f9d0601e4737?s=96&d=mm&r=g\",\"url\":\"https:\\\/\\\/secure.gravatar.com\\\/avatar\\\/2f8aa28f8dfbd7d4420afd1fdcdd0a349923e2c8a38ab28198b0f9d0601e4737?s=96&d=mm&r=g\",\"contentUrl\":\"https:\\\/\\\/secure.gravatar.com\\\/avatar\\\/2f8aa28f8dfbd7d4420afd1fdcdd0a349923e2c8a38ab28198b0f9d0601e4737?s=96&d=mm&r=g\",\"caption\":\"Val\u00e9rie C.\"},\"url\":\"https:\\\/\\\/contactfm72.fr\\\/?author=4\"}]}<\/script>\n<!-- \/ Yoast SEO plugin. -->","yoast_head_json":{"title":"Avec \"Cerf, qui es-tu ?\" Carnuta \u00e0 Jupilles consacre une exposition au roi de la for\u00eat - Contact FM 99.3","robots":{"index":"index","follow":"follow","max-snippet":"max-snippet:-1","max-image-preview":"max-image-preview:large","max-video-preview":"max-video-preview:-1"},"canonical":"https:\/\/contactfm72.fr\/?p=10656","og_locale":"fr_FR","og_type":"article","og_title":"Avec \"Cerf, qui es-tu ?\" Carnuta \u00e0 Jupilles consacre une exposition au roi de la for\u00eat - Contact FM 99.3","og_description":"Jusqu&#8217;au 31 mars 2023, Carnuta, maison de l&#8217;Homme et de la for\u00eat \u00e0 Jupilles accueille l&#8217;exposition &#8220;Cerf, qui es-tu ?&#8221;. Le roi de la for\u00eat est mis en valeur \u00e0 travers les diff\u00e9rentes p\u00e9riodes de sa vie et au fil des saisons. Cette exposition pr\u00e9sente \u00e9galement des clich\u00e9s de deux photographes sarthois, R\u00e9mi L\u00e9pinay et&hellip;","og_url":"https:\/\/contactfm72.fr\/?p=10656","og_site_name":"Contact FM 99.3","article_publisher":"https:\/\/www.facebook.com\/Contactfm.Chateauduloir","article_published_time":"2022-08-08T07:37:15+00:00","article_modified_time":"2022-08-10T05:09:27+00:00","og_image":[{"width":2048,"height":1536,"url":"https:\/\/contactfm72.fr\/wp-content\/uploads\/2022\/06\/carnuta-cerf.jpg","type":"image\/jpeg"}],"author":"Val\u00e9rie C.","twitter_card":"summary_large_image","twitter_creator":"@contactfm72","twitter_site":"@contactfm72","twitter_misc":{"\u00c9crit par":"Val\u00e9rie C."},"schema":{"@context":"https:\/\/schema.org","@graph":[{"@type":"Article","@id":"https:\/\/contactfm72.fr\/?p=10656#article","isPartOf":{"@id":"https:\/\/contactfm72.fr\/?p=10656"},"author":{"name":"Val\u00e9rie C.","@id":"https:\/\/contactfm72.fr\/#\/schema\/person\/9fdc9d1c2eb029354a4f1535b90ba82d"},"headline":"Avec &#8220;Cerf, qui es-tu ?&#8221; Carnuta \u00e0 Jupilles consacre une exposition au roi de la for\u00eat","datePublished":"2022-08-08T07:37:15+00:00","dateModified":"2022-08-10T05:09:27+00:00","mainEntityOfPage":{"@id":"https:\/\/contactfm72.fr\/?p=10656"},"wordCount":106,"publisher":{"@id":"https:\/\/contactfm72.fr\/#organization"},"image":{"@id":"https:\/\/contactfm72.fr\/?p=10656#primaryimage"},"thumbnailUrl":"https:\/\/contactfm72.fr\/wp-content\/uploads\/2022\/06\/carnuta-cerf.jpg","articleSection":["Contact FM 72"],"inLanguage":"fr-FR"},{"@type":"WebPage","@id":"https:\/\/contactfm72.fr\/?p=10656","url":"https:\/\/contactfm72.fr\/?p=10656","name":"Avec \"Cerf, qui es-tu ?\" Carnuta \u00e0 Jupilles consacre une exposition au roi de la for\u00eat - Contact FM 99.3","isPartOf":{"@id":"https:\/\/contactfm72.fr\/#website"},"primaryImageOfPage":{"@id":"https:\/\/contactfm72.fr\/?p=10656#primaryimage"},"image":{"@id":"https:\/\/contactfm72.fr\/?p=10656#primaryimage"},"thumbnailUrl":"https:\/\/contactfm72.fr\/wp-content\/uploads\/2022\/06\/carnuta-cerf.jpg","datePublished":"2022-08-08T07:37:15+00:00","dateModified":"2022-08-10T05:09:27+00:00","breadcrumb":{"@id":"https:\/\/contactfm72.fr\/?p=10656#breadcrumb"},"inLanguage":"fr-FR","potentialAction":[{"@type":"ReadAction","target":["https:\/\/contactfm72.fr\/?p=10656"]}]},{"@type":"ImageObject","inLanguage":"fr-FR","@id":"https:\/\/contactfm72.fr\/?p=10656#primaryimage","url":"https:\/\/contactfm72.fr\/wp-content\/uploads\/2022\/06\/carnuta-cerf.jpg","contentUrl":"https:\/\/contactfm72.fr\/wp-content\/uploads\/2022\/06\/carnuta-cerf.jpg","width":2048,"height":1536,"caption":"De g. \u00e0 dr. R\u00e9mi L\u00e9pinay et Jo\u00ebl Geffray sont deux photographes amateurs, et retrait\u00e9s."},{"@type":"BreadcrumbList","@id":"https:\/\/contactfm72.fr\/?p=10656#breadcrumb","itemListElement":[{"@type":"ListItem","position":1,"name":"Accueil","item":"https:\/\/contactfm72.fr\/"},{"@type":"ListItem","position":2,"name":"Avec &#8220;Cerf, qui es-tu ?&#8221; Carnuta \u00e0 Jupilles consacre une exposition au roi de la for\u00eat"}]},{"@type":"WebSite","@id":"https:\/\/contactfm72.fr\/#website","url":"https:\/\/contactfm72.fr\/","name":"Contact FM 99.3","description":"Votre radio en vall\u00e9e du Loir","publisher":{"@id":"https:\/\/contactfm72.fr\/#organization"},"potentialAction":[{"@type":"SearchAction","target":{"@type":"EntryPoint","urlTemplate":"https:\/\/contactfm72.fr\/?s={search_term_string}"},"query-input":{"@type":"PropertyValueSpecification","valueRequired":true,"valueName":"search_term_string"}}],"inLanguage":"fr-FR"},{"@type":"Organization","@id":"https:\/\/contactfm72.fr\/#organization","name":"Contact FM 99.3","url":"https:\/\/contactfm72.fr\/","logo":{"@type":"ImageObject","inLanguage":"fr-FR","@id":"https:\/\/contactfm72.fr\/#\/schema\/logo\/image\/","url":"https:\/\/contactfm72.fr\/wp-content\/uploads\/2025\/04\/2025-04-18-2.jpg","contentUrl":"https:\/\/contactfm72.fr\/wp-content\/uploads\/2025\/04\/2025-04-18-2.jpg","width":680,"height":307,"caption":"Contact FM 99.3"},"image":{"@id":"https:\/\/contactfm72.fr\/#\/schema\/logo\/image\/"},"sameAs":["https:\/\/www.facebook.com\/Contactfm.Chateauduloir","https:\/\/x.com\/contactfm72","https:\/\/www.instagram.com\/contact.fm.72?igsh=cGhlMHQ5N2JlNnpp","https:\/\/www.tiktok.com\/@contact.fm"]},{"@type":"Person","@id":"https:\/\/contactfm72.fr\/#\/schema\/person\/9fdc9d1c2eb029354a4f1535b90ba82d","name":"Val\u00e9rie C.","image":{"@type":"ImageObject","inLanguage":"fr-FR","@id":"https:\/\/secure.gravatar.com\/avatar\/2f8aa28f8dfbd7d4420afd1fdcdd0a349923e2c8a38ab28198b0f9d0601e4737?s=96&d=mm&r=g","url":"https:\/\/secure.gravatar.com\/avatar\/2f8aa28f8dfbd7d4420afd1fdcdd0a349923e2c8a38ab28198b0f9d0601e4737?s=96&d=mm&r=g","contentUrl":"https:\/\/secure.gravatar.com\/avatar\/2f8aa28f8dfbd7d4420afd1fdcdd0a349923e2c8a38ab28198b0f9d0601e4737?s=96&d=mm&r=g","caption":"Val\u00e9rie C."},"url":"https:\/\/contactfm72.fr\/?author=4"}]}},"_links":{"self":[{"href":"https:\/\/contactfm72.fr\/index.php?rest_route=\/wp\/v2\/posts\/10656","targetHints":{"allow":["GET"]}}],"collection":[{"href":"https:\/\/contactfm72.fr\/index.php?rest_route=\/wp\/v2\/posts"}],"about":[{"href":"https:\/\/contactfm72.fr\/index.php?rest_route=\/wp\/v2\/types\/post"}],"author":[{"embeddable":true,"href":"https:\/\/contactfm72.fr\/index.php?rest_route=\/wp\/v2\/users\/4"}],"replies":[{"embeddable":true,"href":"https:\/\/contactfm72.fr\/index.php?rest_route=%2Fwp%2Fv2%2Fcomments&post=10656"}],"version-history":[{"count":3,"href":"https:\/\/contactfm72.fr\/index.php?rest_route=\/wp\/v2\/posts\/10656\/revisions"}],"predecessor-version":[{"id":10671,"href":"https:\/\/contactfm72.fr\/index.php?rest_route=\/wp\/v2\/posts\/10656\/revisions\/10671"}],"wp:featuredmedia":[{"embeddable":true,"href":"https:\/\/contactfm72.fr\/index.php?rest_route=\/wp\/v2\/media\/10224"}],"wp:attachment":[{"href":"https:\/\/contactfm72.fr\/index.php?rest_route=%2Fwp%2Fv2%2Fmedia&parent=10656"}],"wp:term":[{"taxonomy":"category","embeddable":true,"href":"https:\/\/contactfm72.fr\/index.php?rest_route=%2Fwp%2Fv2%2Fcategories&post=10656"},{"taxonomy":"post_tag","embeddable":true,"href":"https:\/\/contactfm72.fr\/index.php?rest_route=%2Fwp%2Fv2%2Ftags&post=10656"}],"curies":[{"name":"wp","href":"https:\/\/api.w.org\/{rel}","templated":true}]}}