{"id":10573,"date":"2022-07-20T16:32:44","date_gmt":"2022-07-20T14:32:44","guid":{"rendered":"http:\/\/contactfm72.fr\/?p=10573"},"modified":"2022-07-20T16:32:44","modified_gmt":"2022-07-20T14:32:44","slug":"incendie-en-gironde-32-animaux-accueillis-au-zoo-de-la-fleche","status":"publish","type":"post","link":"https:\/\/contactfm72.fr\/?p=10573","title":{"rendered":"Incendie en Gironde : 32 animaux accueillis au zoo de la Fl\u00e8che"},"content":{"rendered":"<h2>En raison de l\u2019incendie qui ravage actuellement la Gironde, le zoo de la Fl\u00e8che accueille animaux du zoo de la Teste-en-Buch. Ce mercredi 20 juillet 2022, primates, loutres, suricates et oiseaux sont arriv\u00e9s en Sarthe.<\/h2>\n<p>&nbsp;<\/p>\n<p>&nbsp;<\/p>\n<p>Les \u00e9quipes du <strong>zoo de La Fl\u00e8che<\/strong> est aux c\u00f4t\u00e9s du <strong>zoo du Bassin d\u2019Arcachon<\/strong>.<\/p>\n<p>Face \u00e0 l\u2019intensit\u00e9 des<strong> feux en cours<\/strong> actuellement en <strong>Gironde<\/strong>, la pr\u00e9fecture locale a ordonn\u00e9 l\u2019<strong>\u00e9vacuation en urgence<\/strong> du zoo du Bassin d\u2019Arcachon situ\u00e9 \u00e0 la <strong>Teste-de-Buch<\/strong>, en \ufb01n de matin\u00e9e le 18 juillet 2022.<\/p>\n<p>Ce zoo girondin pr\u00e9sentait 850 animaux et pr\u00e8s d\u2019une centaine d\u2019esp\u00e8ces r\u00e9parties sur 22 hectares bois\u00e9s au sud de la commune de La Teste-de-Buch.<\/p>\n<p>&nbsp;<\/p>\n<h3><strong>Une grande solidarit\u00e9<\/strong><\/h3>\n<p>Depuis le lundi 18 juillet, tous les moyens disponibles ont \u00e9t\u00e9 mis en \u0153uvre pour <strong>sauver le maximum d\u2019animaux<\/strong> possible et prot\u00e9ger le site de l\u2019incendie. Les \u00e9quipes du zoo du Bassin d\u2019Arcachon, auxquels se sont joints pr\u00e8s de <strong>100 soigneurs et v\u00e9t\u00e9rinaires<\/strong> d\u2019autres parcs zoologiques, ainsi que des agents de l\u2019<strong>O\ufb03ce fran\u00e7ais de la biodiversit\u00e9<\/strong>, se sont mobilis\u00e9s sans rel\u00e2che pour extraire le plus grand nombre d\u2019animaux, jusqu\u2019au dernier moment, tandis que la for\u00eat toute proche \u00e9tait en proie aux \ufb02ammes.<\/p>\n<p>Coordonn\u00e9e par l\u2019<strong>Association Fran\u00e7aise des Parcs Zoologiques<\/strong> (AFdPZ), l\u2019op\u00e9ration de sauvetage des animaux du zoo du Bassin d\u2019Arcachon s\u2019est poursuivie le mardi 19 juillet et tout au long de la nuit. Les \u00e9quipes d\u2019une quinzaine de zoos, dont le zoo de La Fl\u00e8che, en Sarthe, sont mobilis\u00e9es depuis plus de 24h pour organiser en urgence l\u2019\u00e9vacuation de centaines d\u2019animaux. En cause, les<strong> intenses fum\u00e9es propag\u00e9es par les vents<\/strong> tournants en direction du zoo.<\/p>\n<p>Une cha\u00eene de solidarit\u00e9 entre les zoos et leurs partenaires, les autorit\u00e9s et les secours a \u00e9t\u00e9 d\u00e9ploy\u00e9e depuis la recommandation d\u2019\u00e9vacuation du lundi 18 juillet \u00e0 laquelle une \u00e9quipe du zoo de La Fl\u00e8che compos\u00e9e de sa v\u00e9t\u00e9rinaire et de soigneurs a particip\u00e9.<\/p>\n<p>&nbsp;<\/p>\n<h3><strong>Primates, loutres et oiseaux<\/strong><\/h3>\n<p>Ce mercredi 20 juillet, <strong>32 animaux dont des petits primates, des loutres, des oiseaux<\/strong> ou encore des <strong>suricates<\/strong> ont \u00e9t\u00e9 recueillis au sein du <a href=\"https:\/\/www.zoo-la-fleche.com\/\">zoo de La Fl\u00e8che<\/a>.<\/p>\n<blockquote><p>\u00ab\u00a0Ils recevront tous les soins n\u00e9cessaires de la part des \u00e9quipes du parc. Tous les animaux ont \u00e9t\u00e9 transf\u00e9r\u00e9s en coulisses et ne seront pas visibles du public. Ces derniers resteront sur place temporairement jusqu\u2019\u00e0 ce que les conditions au sein du zoo du Bassin d\u2019Arcachon soient s\u00e9curis\u00e9es\u00a0\u00bb, fait savoir l\u2019\u00e9quipe du zoo de la Fl\u00e8che.<\/p><\/blockquote>\n<!-- AddThis Advanced Settings generic via filter on the_content --><!-- AddThis Share Buttons generic via filter on the_content -->","protected":false},"excerpt":{"rendered":"<p>En raison de l\u2019incendie qui ravage actuellement la Gironde, le zoo de la Fl\u00e8che accueille animaux du zoo de la Teste-en-Buch. Ce mercredi 20 juillet 2022, primates, loutres, suricates et oiseaux sont arriv\u00e9s en Sarthe. &nbsp; &nbsp; Les \u00e9quipes du zoo de La Fl\u00e8che est aux c\u00f4t\u00e9s du zoo du Bassin d\u2019Arcachon. Face \u00e0 l\u2019intensit\u00e9&hellip;<!-- AddThis Advanced Settings generic via filter on get_the_excerpt --><!-- AddThis Share Buttons generic via filter on get_the_excerpt --><\/p>\n","protected":false},"author":4,"featured_media":10574,"comment_status":"closed","ping_status":"open","sticky":false,"template":"","format":"standard","meta":{"footnotes":""},"categories":[1],"tags":[],"class_list":["post-10573","post","type-post","status-publish","format-standard","has-post-thumbnail","hentry","category-contact-fm-72","category-1","description-off"],"yoast_head":"<!-- This site is optimized with the Yoast SEO plugin v27.4 - https:\/\/yoast.com\/product\/yoast-seo-wordpress\/ -->\n<title>Incendie en Gironde : 32 animaux accueillis au zoo de la Fl\u00e8che - Contact FM 99.3<\/title>\n<meta name=\"robots\" content=\"index, follow, max-snippet:-1, max-image-preview:large, max-video-preview:-1\" \/>\n<link rel=\"canonical\" href=\"https:\/\/contactfm72.fr\/?p=10573\" \/>\n<meta property=\"og:locale\" content=\"fr_FR\" \/>\n<meta property=\"og:type\" content=\"article\" \/>\n<meta property=\"og:title\" content=\"Incendie en Gironde : 32 animaux accueillis au zoo de la Fl\u00e8che - Contact FM 99.3\" \/>\n<meta property=\"og:description\" content=\"En raison de l\u2019incendie qui ravage actuellement la Gironde, le zoo de la Fl\u00e8che accueille animaux du zoo de la Teste-en-Buch. Ce mercredi 20 juillet 2022, primates, loutres, suricates et oiseaux sont arriv\u00e9s en Sarthe. &nbsp; &nbsp; Les \u00e9quipes du zoo de La Fl\u00e8che est aux c\u00f4t\u00e9s du zoo du Bassin d\u2019Arcachon. Face \u00e0 l\u2019intensit\u00e9&hellip;\" \/>\n<meta property=\"og:url\" content=\"https:\/\/contactfm72.fr\/?p=10573\" \/>\n<meta property=\"og:site_name\" content=\"Contact FM 99.3\" \/>\n<meta property=\"article:publisher\" content=\"https:\/\/www.facebook.com\/Contactfm.Chateauduloir\" \/>\n<meta property=\"article:published_time\" content=\"2022-07-20T14:32:44+00:00\" \/>\n<meta property=\"og:image\" content=\"https:\/\/contactfm72.fr\/wp-content\/uploads\/2022\/07\/zoo-de-la-fl\u00e8che.jpg\" \/>\n\t<meta property=\"og:image:width\" content=\"259\" \/>\n\t<meta property=\"og:image:height\" content=\"194\" \/>\n\t<meta property=\"og:image:type\" content=\"image\/jpeg\" \/>\n<meta name=\"author\" content=\"Val\u00e9rie C.\" \/>\n<meta name=\"twitter:card\" content=\"summary_large_image\" \/>\n<meta name=\"twitter:creator\" content=\"@contactfm72\" \/>\n<meta name=\"twitter:site\" content=\"@contactfm72\" \/>\n<meta name=\"twitter:label1\" content=\"\u00c9crit par\" \/>\n\t<meta name=\"twitter:data1\" content=\"Val\u00e9rie C.\" \/>\n\t<meta name=\"twitter:label2\" content=\"Dur\u00e9e de lecture estim\u00e9e\" \/>\n\t<meta name=\"twitter:data2\" content=\"2 minutes\" \/>\n<script type=\"application\/ld+json\" class=\"yoast-schema-graph\">{\"@context\":\"https:\\\/\\\/schema.org\",\"@graph\":[{\"@type\":\"Article\",\"@id\":\"https:\\\/\\\/contactfm72.fr\\\/?p=10573#article\",\"isPartOf\":{\"@id\":\"https:\\\/\\\/contactfm72.fr\\\/?p=10573\"},\"author\":{\"name\":\"Val\u00e9rie C.\",\"@id\":\"https:\\\/\\\/contactfm72.fr\\\/#\\\/schema\\\/person\\\/9fdc9d1c2eb029354a4f1535b90ba82d\"},\"headline\":\"Incendie en Gironde : 32 animaux accueillis au zoo de la Fl\u00e8che\",\"datePublished\":\"2022-07-20T14:32:44+00:00\",\"mainEntityOfPage\":{\"@id\":\"https:\\\/\\\/contactfm72.fr\\\/?p=10573\"},\"wordCount\":466,\"publisher\":{\"@id\":\"https:\\\/\\\/contactfm72.fr\\\/#organization\"},\"image\":{\"@id\":\"https:\\\/\\\/contactfm72.fr\\\/?p=10573#primaryimage\"},\"thumbnailUrl\":\"https:\\\/\\\/contactfm72.fr\\\/wp-content\\\/uploads\\\/2022\\\/07\\\/zoo-de-la-fl\u00e8che.jpg\",\"articleSection\":[\"Contact FM 72\"],\"inLanguage\":\"fr-FR\"},{\"@type\":\"WebPage\",\"@id\":\"https:\\\/\\\/contactfm72.fr\\\/?p=10573\",\"url\":\"https:\\\/\\\/contactfm72.fr\\\/?p=10573\",\"name\":\"Incendie en Gironde : 32 animaux accueillis au zoo de la Fl\u00e8che - Contact FM 99.3\",\"isPartOf\":{\"@id\":\"https:\\\/\\\/contactfm72.fr\\\/#website\"},\"primaryImageOfPage\":{\"@id\":\"https:\\\/\\\/contactfm72.fr\\\/?p=10573#primaryimage\"},\"image\":{\"@id\":\"https:\\\/\\\/contactfm72.fr\\\/?p=10573#primaryimage\"},\"thumbnailUrl\":\"https:\\\/\\\/contactfm72.fr\\\/wp-content\\\/uploads\\\/2022\\\/07\\\/zoo-de-la-fl\u00e8che.jpg\",\"datePublished\":\"2022-07-20T14:32:44+00:00\",\"breadcrumb\":{\"@id\":\"https:\\\/\\\/contactfm72.fr\\\/?p=10573#breadcrumb\"},\"inLanguage\":\"fr-FR\",\"potentialAction\":[{\"@type\":\"ReadAction\",\"target\":[\"https:\\\/\\\/contactfm72.fr\\\/?p=10573\"]}]},{\"@type\":\"ImageObject\",\"inLanguage\":\"fr-FR\",\"@id\":\"https:\\\/\\\/contactfm72.fr\\\/?p=10573#primaryimage\",\"url\":\"https:\\\/\\\/contactfm72.fr\\\/wp-content\\\/uploads\\\/2022\\\/07\\\/zoo-de-la-fl\u00e8che.jpg\",\"contentUrl\":\"https:\\\/\\\/contactfm72.fr\\\/wp-content\\\/uploads\\\/2022\\\/07\\\/zoo-de-la-fl\u00e8che.jpg\",\"width\":259,\"height\":194,\"caption\":\"Le zoo de la Fl\u00e8che recueille 32 animaux du zoo de la Teste-sur-Buch, dont des oiseaux.\"},{\"@type\":\"BreadcrumbList\",\"@id\":\"https:\\\/\\\/contactfm72.fr\\\/?p=10573#breadcrumb\",\"itemListElement\":[{\"@type\":\"ListItem\",\"position\":1,\"name\":\"Accueil\",\"item\":\"https:\\\/\\\/contactfm72.fr\\\/\"},{\"@type\":\"ListItem\",\"position\":2,\"name\":\"Incendie en Gironde : 32 animaux accueillis au zoo de la Fl\u00e8che\"}]},{\"@type\":\"WebSite\",\"@id\":\"https:\\\/\\\/contactfm72.fr\\\/#website\",\"url\":\"https:\\\/\\\/contactfm72.fr\\\/\",\"name\":\"Contact FM 99.3\",\"description\":\"Votre radio en vall\u00e9e du Loir\",\"publisher\":{\"@id\":\"https:\\\/\\\/contactfm72.fr\\\/#organization\"},\"potentialAction\":[{\"@type\":\"SearchAction\",\"target\":{\"@type\":\"EntryPoint\",\"urlTemplate\":\"https:\\\/\\\/contactfm72.fr\\\/?s={search_term_string}\"},\"query-input\":{\"@type\":\"PropertyValueSpecification\",\"valueRequired\":true,\"valueName\":\"search_term_string\"}}],\"inLanguage\":\"fr-FR\"},{\"@type\":\"Organization\",\"@id\":\"https:\\\/\\\/contactfm72.fr\\\/#organization\",\"name\":\"Contact FM 99.3\",\"url\":\"https:\\\/\\\/contactfm72.fr\\\/\",\"logo\":{\"@type\":\"ImageObject\",\"inLanguage\":\"fr-FR\",\"@id\":\"https:\\\/\\\/contactfm72.fr\\\/#\\\/schema\\\/logo\\\/image\\\/\",\"url\":\"https:\\\/\\\/contactfm72.fr\\\/wp-content\\\/uploads\\\/2025\\\/04\\\/2025-04-18-2.jpg\",\"contentUrl\":\"https:\\\/\\\/contactfm72.fr\\\/wp-content\\\/uploads\\\/2025\\\/04\\\/2025-04-18-2.jpg\",\"width\":680,\"height\":307,\"caption\":\"Contact FM 99.3\"},\"image\":{\"@id\":\"https:\\\/\\\/contactfm72.fr\\\/#\\\/schema\\\/logo\\\/image\\\/\"},\"sameAs\":[\"https:\\\/\\\/www.facebook.com\\\/Contactfm.Chateauduloir\",\"https:\\\/\\\/x.com\\\/contactfm72\",\"https:\\\/\\\/www.instagram.com\\\/contact.fm.72?igsh=cGhlMHQ5N2JlNnpp\",\"https:\\\/\\\/www.tiktok.com\\\/@contact.fm\"]},{\"@type\":\"Person\",\"@id\":\"https:\\\/\\\/contactfm72.fr\\\/#\\\/schema\\\/person\\\/9fdc9d1c2eb029354a4f1535b90ba82d\",\"name\":\"Val\u00e9rie C.\",\"image\":{\"@type\":\"ImageObject\",\"inLanguage\":\"fr-FR\",\"@id\":\"https:\\\/\\\/secure.gravatar.com\\\/avatar\\\/2f8aa28f8dfbd7d4420afd1fdcdd0a349923e2c8a38ab28198b0f9d0601e4737?s=96&d=mm&r=g\",\"url\":\"https:\\\/\\\/secure.gravatar.com\\\/avatar\\\/2f8aa28f8dfbd7d4420afd1fdcdd0a349923e2c8a38ab28198b0f9d0601e4737?s=96&d=mm&r=g\",\"contentUrl\":\"https:\\\/\\\/secure.gravatar.com\\\/avatar\\\/2f8aa28f8dfbd7d4420afd1fdcdd0a349923e2c8a38ab28198b0f9d0601e4737?s=96&d=mm&r=g\",\"caption\":\"Val\u00e9rie C.\"},\"url\":\"https:\\\/\\\/contactfm72.fr\\\/?author=4\"}]}<\/script>\n<!-- \/ Yoast SEO plugin. -->","yoast_head_json":{"title":"Incendie en Gironde : 32 animaux accueillis au zoo de la Fl\u00e8che - Contact FM 99.3","robots":{"index":"index","follow":"follow","max-snippet":"max-snippet:-1","max-image-preview":"max-image-preview:large","max-video-preview":"max-video-preview:-1"},"canonical":"https:\/\/contactfm72.fr\/?p=10573","og_locale":"fr_FR","og_type":"article","og_title":"Incendie en Gironde : 32 animaux accueillis au zoo de la Fl\u00e8che - Contact FM 99.3","og_description":"En raison de l\u2019incendie qui ravage actuellement la Gironde, le zoo de la Fl\u00e8che accueille animaux du zoo de la Teste-en-Buch. Ce mercredi 20 juillet 2022, primates, loutres, suricates et oiseaux sont arriv\u00e9s en Sarthe. &nbsp; &nbsp; Les \u00e9quipes du zoo de La Fl\u00e8che est aux c\u00f4t\u00e9s du zoo du Bassin d\u2019Arcachon. Face \u00e0 l\u2019intensit\u00e9&hellip;","og_url":"https:\/\/contactfm72.fr\/?p=10573","og_site_name":"Contact FM 99.3","article_publisher":"https:\/\/www.facebook.com\/Contactfm.Chateauduloir","article_published_time":"2022-07-20T14:32:44+00:00","og_image":[{"width":259,"height":194,"url":"https:\/\/contactfm72.fr\/wp-content\/uploads\/2022\/07\/zoo-de-la-fl\u00e8che.jpg","type":"image\/jpeg"}],"author":"Val\u00e9rie C.","twitter_card":"summary_large_image","twitter_creator":"@contactfm72","twitter_site":"@contactfm72","twitter_misc":{"\u00c9crit par":"Val\u00e9rie C.","Dur\u00e9e de lecture estim\u00e9e":"2 minutes"},"schema":{"@context":"https:\/\/schema.org","@graph":[{"@type":"Article","@id":"https:\/\/contactfm72.fr\/?p=10573#article","isPartOf":{"@id":"https:\/\/contactfm72.fr\/?p=10573"},"author":{"name":"Val\u00e9rie C.","@id":"https:\/\/contactfm72.fr\/#\/schema\/person\/9fdc9d1c2eb029354a4f1535b90ba82d"},"headline":"Incendie en Gironde : 32 animaux accueillis au zoo de la Fl\u00e8che","datePublished":"2022-07-20T14:32:44+00:00","mainEntityOfPage":{"@id":"https:\/\/contactfm72.fr\/?p=10573"},"wordCount":466,"publisher":{"@id":"https:\/\/contactfm72.fr\/#organization"},"image":{"@id":"https:\/\/contactfm72.fr\/?p=10573#primaryimage"},"thumbnailUrl":"https:\/\/contactfm72.fr\/wp-content\/uploads\/2022\/07\/zoo-de-la-fl\u00e8che.jpg","articleSection":["Contact FM 72"],"inLanguage":"fr-FR"},{"@type":"WebPage","@id":"https:\/\/contactfm72.fr\/?p=10573","url":"https:\/\/contactfm72.fr\/?p=10573","name":"Incendie en Gironde : 32 animaux accueillis au zoo de la Fl\u00e8che - Contact FM 99.3","isPartOf":{"@id":"https:\/\/contactfm72.fr\/#website"},"primaryImageOfPage":{"@id":"https:\/\/contactfm72.fr\/?p=10573#primaryimage"},"image":{"@id":"https:\/\/contactfm72.fr\/?p=10573#primaryimage"},"thumbnailUrl":"https:\/\/contactfm72.fr\/wp-content\/uploads\/2022\/07\/zoo-de-la-fl\u00e8che.jpg","datePublished":"2022-07-20T14:32:44+00:00","breadcrumb":{"@id":"https:\/\/contactfm72.fr\/?p=10573#breadcrumb"},"inLanguage":"fr-FR","potentialAction":[{"@type":"ReadAction","target":["https:\/\/contactfm72.fr\/?p=10573"]}]},{"@type":"ImageObject","inLanguage":"fr-FR","@id":"https:\/\/contactfm72.fr\/?p=10573#primaryimage","url":"https:\/\/contactfm72.fr\/wp-content\/uploads\/2022\/07\/zoo-de-la-fl\u00e8che.jpg","contentUrl":"https:\/\/contactfm72.fr\/wp-content\/uploads\/2022\/07\/zoo-de-la-fl\u00e8che.jpg","width":259,"height":194,"caption":"Le zoo de la Fl\u00e8che recueille 32 animaux du zoo de la Teste-sur-Buch, dont des oiseaux."},{"@type":"BreadcrumbList","@id":"https:\/\/contactfm72.fr\/?p=10573#breadcrumb","itemListElement":[{"@type":"ListItem","position":1,"name":"Accueil","item":"https:\/\/contactfm72.fr\/"},{"@type":"ListItem","position":2,"name":"Incendie en Gironde : 32 animaux accueillis au zoo de la Fl\u00e8che"}]},{"@type":"WebSite","@id":"https:\/\/contactfm72.fr\/#website","url":"https:\/\/contactfm72.fr\/","name":"Contact FM 99.3","description":"Votre radio en vall\u00e9e du Loir","publisher":{"@id":"https:\/\/contactfm72.fr\/#organization"},"potentialAction":[{"@type":"SearchAction","target":{"@type":"EntryPoint","urlTemplate":"https:\/\/contactfm72.fr\/?s={search_term_string}"},"query-input":{"@type":"PropertyValueSpecification","valueRequired":true,"valueName":"search_term_string"}}],"inLanguage":"fr-FR"},{"@type":"Organization","@id":"https:\/\/contactfm72.fr\/#organization","name":"Contact FM 99.3","url":"https:\/\/contactfm72.fr\/","logo":{"@type":"ImageObject","inLanguage":"fr-FR","@id":"https:\/\/contactfm72.fr\/#\/schema\/logo\/image\/","url":"https:\/\/contactfm72.fr\/wp-content\/uploads\/2025\/04\/2025-04-18-2.jpg","contentUrl":"https:\/\/contactfm72.fr\/wp-content\/uploads\/2025\/04\/2025-04-18-2.jpg","width":680,"height":307,"caption":"Contact FM 99.3"},"image":{"@id":"https:\/\/contactfm72.fr\/#\/schema\/logo\/image\/"},"sameAs":["https:\/\/www.facebook.com\/Contactfm.Chateauduloir","https:\/\/x.com\/contactfm72","https:\/\/www.instagram.com\/contact.fm.72?igsh=cGhlMHQ5N2JlNnpp","https:\/\/www.tiktok.com\/@contact.fm"]},{"@type":"Person","@id":"https:\/\/contactfm72.fr\/#\/schema\/person\/9fdc9d1c2eb029354a4f1535b90ba82d","name":"Val\u00e9rie C.","image":{"@type":"ImageObject","inLanguage":"fr-FR","@id":"https:\/\/secure.gravatar.com\/avatar\/2f8aa28f8dfbd7d4420afd1fdcdd0a349923e2c8a38ab28198b0f9d0601e4737?s=96&d=mm&r=g","url":"https:\/\/secure.gravatar.com\/avatar\/2f8aa28f8dfbd7d4420afd1fdcdd0a349923e2c8a38ab28198b0f9d0601e4737?s=96&d=mm&r=g","contentUrl":"https:\/\/secure.gravatar.com\/avatar\/2f8aa28f8dfbd7d4420afd1fdcdd0a349923e2c8a38ab28198b0f9d0601e4737?s=96&d=mm&r=g","caption":"Val\u00e9rie C."},"url":"https:\/\/contactfm72.fr\/?author=4"}]}},"_links":{"self":[{"href":"https:\/\/contactfm72.fr\/index.php?rest_route=\/wp\/v2\/posts\/10573","targetHints":{"allow":["GET"]}}],"collection":[{"href":"https:\/\/contactfm72.fr\/index.php?rest_route=\/wp\/v2\/posts"}],"about":[{"href":"https:\/\/contactfm72.fr\/index.php?rest_route=\/wp\/v2\/types\/post"}],"author":[{"embeddable":true,"href":"https:\/\/contactfm72.fr\/index.php?rest_route=\/wp\/v2\/users\/4"}],"replies":[{"embeddable":true,"href":"https:\/\/contactfm72.fr\/index.php?rest_route=%2Fwp%2Fv2%2Fcomments&post=10573"}],"version-history":[{"count":1,"href":"https:\/\/contactfm72.fr\/index.php?rest_route=\/wp\/v2\/posts\/10573\/revisions"}],"predecessor-version":[{"id":10575,"href":"https:\/\/contactfm72.fr\/index.php?rest_route=\/wp\/v2\/posts\/10573\/revisions\/10575"}],"wp:featuredmedia":[{"embeddable":true,"href":"https:\/\/contactfm72.fr\/index.php?rest_route=\/wp\/v2\/media\/10574"}],"wp:attachment":[{"href":"https:\/\/contactfm72.fr\/index.php?rest_route=%2Fwp%2Fv2%2Fmedia&parent=10573"}],"wp:term":[{"taxonomy":"category","embeddable":true,"href":"https:\/\/contactfm72.fr\/index.php?rest_route=%2Fwp%2Fv2%2Fcategories&post=10573"},{"taxonomy":"post_tag","embeddable":true,"href":"https:\/\/contactfm72.fr\/index.php?rest_route=%2Fwp%2Fv2%2Ftags&post=10573"}],"curies":[{"name":"wp","href":"https:\/\/api.w.org\/{rel}","templated":true}]}}