{"id":10571,"date":"2022-07-20T14:53:02","date_gmt":"2022-07-20T12:53:02","guid":{"rendered":"http:\/\/contactfm72.fr\/?p=10571"},"modified":"2022-07-21T14:02:11","modified_gmt":"2022-07-21T12:02:11","slug":"incendie-en-sarthe-feu-fixe-330-hectares-brules-les-evacues-nont-toujours-pas-regagne-leur-domicile","status":"publish","type":"post","link":"https:\/\/contactfm72.fr\/?p=10571","title":{"rendered":"Incendie en Sarthe : feu fix\u00e9 et 330 hectares br\u00fbl\u00e9s"},"content":{"rendered":"<h2>Lundi 18 juillet 2022, un important feu de for\u00eat s\u2019\u00e9tait d\u00e9clar\u00e9 \u00e0 T\u00e9loch\u00e9, dans le sud Sarthe. Presque trois jours apr\u00e8s le d\u00e9but de la catastrophe, le feu est fix\u00e9\u00a0 et 330 hectares ont \u00e9t\u00e9 d\u00e9truits.<\/h2>\n<p>&nbsp;<\/p>\n<p>Alors que le feu continuait sa propagation mardi 19 juillet, le <strong>pr\u00e9fet de la Sarthe, Emmanuel Aubry,<\/strong> <a href=\"http:\/\/contactfm72.fr\/?p=10551\">avait fait le point, deux jours apr\u00e8s le d\u00e9but de l\u2019incendie<\/a>. A 16h, il d\u00e9clarait : \u00ab Une superficie de 180 hectares a \u00e9t\u00e9 d\u00e9truite \u00bb.<\/p>\n<p>&nbsp;<\/p>\n<h3><strong>330 hectares d\u00e9truits<\/strong><\/h3>\n<p><strong>Trois jours apr\u00e8s le d\u00e9but du drame<\/strong>, le vent s\u2019est calm\u00e9 et la pluie a certainement aid\u00e9 les pompiers. Le pr\u00e9fet communique de nouveau sur la situation, maintenant ma\u00eetris\u00e9e\u00a0:<\/p>\n<blockquote><p>\u00ab\u00a0Le feu qui est fix\u00e9 a atteint une surface de 330 hectares\u00a0\u00bb.<\/p><\/blockquote>\n<p>Ce ne sont pas moins de <strong>258 sapeurs-pompiers<\/strong> qui sont toujours mobilis\u00e9s sur les communes de <strong>T\u00e9loch\u00e9, Ruaudin, et Mulsanne<\/strong>, avec une <strong>soixantaine d&#8217;engins<\/strong>, soit sept Groupes d\u2019Interventions Feux de Fo\u00eats (GIFF).<\/p>\n<p>Le Service d\u00e9partemental d\u2019incendie et de secours de la Sarthe b\u00e9n\u00e9ficie des renforts du<strong> Maine-et-Loire du Cher du Loir-et-Cher, de l\u2019Indre, et du Loiret<\/strong> ainsi que des officiers du <strong>Calvados et du Morbihan.<\/strong> Des renforts d&#8217;<strong>Ille-et-Vilaine<\/strong> sont attendus prochainement, ce mercredi 20 juillet.<\/p>\n<p>&nbsp;<\/p>\n<h3><strong>Surveiller le feu<\/strong><\/h3>\n<p>Le feu \u00e0 pr\u00e9sent ma\u00eetris\u00e9, les soldats du feu se sont fix\u00e9s de nouveaux objectifs op\u00e9rationnels :<\/p>\n<ul>\n<li>Au nord-est du lieu-dit la Roch\u00e8re, pour <strong>parfaire l&#8217;extinction<\/strong> par noyage toute la journ\u00e9e ;<\/li>\n<li>Au nord du chemin de l&#8217;Esp\u00e9rance, avec une <strong>surveillance des zones<\/strong> pour traiter les lisi\u00e8res.<\/li>\n<\/ul>\n<p>&nbsp;<\/p>\n<h3><strong>200 \u00e9vacu\u00e9s<\/strong><\/h3>\n<p>Face \u00e0 l\u2019intensit\u00e9 des feux lundi 18 et mardi 19 juillet, les sapeurs-pompiers avaient organis\u00e9 plusieurs \u00e9vacuations des habitants. Ces derniers ont r\u00e9ussi \u00e0 retourner dans leur domicile, ce mercredi 20 juillet, en fin d&#8217;apr\u00e8s midi. Ils ont par ailleurs b\u00e9n\u00e9fici\u00e9 d\u2019une solidarit\u00e9 mis en place tr\u00e8s rapidement par les collectivit\u00e9s et les civils pr\u00e9sents :<\/p>\n<blockquote><p>\u00ab\u00a0Les 200 foyers qui ont \u00e9t\u00e9 \u00e9vacu\u00e9s depuis lundi ont pu, gr\u00e2ce \u00e0 l\u2019engagement et \u00e0 la r\u00e9activit\u00e9 des \u00e9lus locaux, \u00eatre rapidement pris en charge et h\u00e9berg\u00e9s. Des points de situation r\u00e9guliers, en lien \u00e9troit avec les maires, se tiennent pour \u00e9valuer la possibilit\u00e9 pour les r\u00e9sidents de r\u00e9int\u00e9grer leur domicile\u00a0\u00bb.<\/p><\/blockquote>\n<p>&nbsp;<\/p>\n<h3><strong>Du jamais vu en Sarthe<\/strong><\/h3>\n<p>La zone sera toujours tr\u00e8s attentivement surveill\u00e9e\u00a0:<\/p>\n<blockquote><p>\u00ab\u00a0L&#8217;activit\u00e9 op\u00e9rationnelle va se poursuivre avec un dispositif important permettant la poursuite de l&#8217;extinction et la r\u00e9alisation dans la dur\u00e9e d&#8217;op\u00e9rations de noyage, le feu devant \u00e9galement \u00eatre \u00e9teint dans le sol\u00a0\u00bb.<\/p><\/blockquote>\n<p>Le pr\u00e9fet de la Sarthe tient \u00e0 saluer le<strong> travail remarquable des hommes et femmes mobilis\u00e9s<\/strong> depuis deux jours sur cette intervention difficile, du jamais vu en Sarthe.<\/p>\n<!-- AddThis Advanced Settings generic via filter on the_content --><!-- AddThis Share Buttons generic via filter on the_content -->","protected":false},"excerpt":{"rendered":"<p>Lundi 18 juillet 2022, un important feu de for\u00eat s\u2019\u00e9tait d\u00e9clar\u00e9 \u00e0 T\u00e9loch\u00e9, dans le sud Sarthe. Presque trois jours apr\u00e8s le d\u00e9but de la catastrophe, le feu est fix\u00e9\u00a0 et 330 hectares ont \u00e9t\u00e9 d\u00e9truits. &nbsp; Alors que le feu continuait sa propagation mardi 19 juillet, le pr\u00e9fet de la Sarthe, Emmanuel Aubry, avait&hellip;<!-- AddThis Advanced Settings generic via filter on get_the_excerpt --><!-- AddThis Share Buttons generic via filter on get_the_excerpt --><\/p>\n","protected":false},"author":4,"featured_media":10553,"comment_status":"closed","ping_status":"open","sticky":false,"template":"","format":"standard","meta":{"footnotes":""},"categories":[1],"tags":[],"class_list":["post-10571","post","type-post","status-publish","format-standard","has-post-thumbnail","hentry","category-contact-fm-72","category-1","description-off"],"yoast_head":"<!-- This site is optimized with the Yoast SEO plugin v27.4 - https:\/\/yoast.com\/product\/yoast-seo-wordpress\/ -->\n<title>Incendie en Sarthe : feu fix\u00e9 et 330 hectares br\u00fbl\u00e9s - Contact FM 99.3<\/title>\n<meta name=\"robots\" content=\"index, follow, max-snippet:-1, max-image-preview:large, max-video-preview:-1\" \/>\n<link rel=\"canonical\" href=\"https:\/\/contactfm72.fr\/?p=10571\" \/>\n<meta property=\"og:locale\" content=\"fr_FR\" \/>\n<meta property=\"og:type\" content=\"article\" \/>\n<meta property=\"og:title\" content=\"Incendie en Sarthe : feu fix\u00e9 et 330 hectares br\u00fbl\u00e9s - Contact FM 99.3\" \/>\n<meta property=\"og:description\" content=\"Lundi 18 juillet 2022, un important feu de for\u00eat s\u2019\u00e9tait d\u00e9clar\u00e9 \u00e0 T\u00e9loch\u00e9, dans le sud Sarthe. Presque trois jours apr\u00e8s le d\u00e9but de la catastrophe, le feu est fix\u00e9\u00a0 et 330 hectares ont \u00e9t\u00e9 d\u00e9truits. &nbsp; Alors que le feu continuait sa propagation mardi 19 juillet, le pr\u00e9fet de la Sarthe, Emmanuel Aubry, avait&hellip;\" \/>\n<meta property=\"og:url\" content=\"https:\/\/contactfm72.fr\/?p=10571\" \/>\n<meta property=\"og:site_name\" content=\"Contact FM 99.3\" \/>\n<meta property=\"article:publisher\" content=\"https:\/\/www.facebook.com\/Contactfm.Chateauduloir\" \/>\n<meta property=\"article:published_time\" content=\"2022-07-20T12:53:02+00:00\" \/>\n<meta property=\"article:modified_time\" content=\"2022-07-21T12:02:11+00:00\" \/>\n<meta property=\"og:image\" content=\"https:\/\/contactfm72.fr\/wp-content\/uploads\/2022\/07\/feu-2.jpg\" \/>\n\t<meta property=\"og:image:width\" content=\"2048\" \/>\n\t<meta property=\"og:image:height\" content=\"1536\" \/>\n\t<meta property=\"og:image:type\" content=\"image\/jpeg\" \/>\n<meta name=\"author\" content=\"Val\u00e9rie C.\" \/>\n<meta name=\"twitter:card\" content=\"summary_large_image\" \/>\n<meta name=\"twitter:creator\" content=\"@contactfm72\" \/>\n<meta name=\"twitter:site\" content=\"@contactfm72\" \/>\n<meta name=\"twitter:label1\" content=\"\u00c9crit par\" \/>\n\t<meta name=\"twitter:data1\" content=\"Val\u00e9rie C.\" \/>\n\t<meta name=\"twitter:label2\" content=\"Dur\u00e9e de lecture estim\u00e9e\" \/>\n\t<meta name=\"twitter:data2\" content=\"2 minutes\" \/>\n<script type=\"application\/ld+json\" class=\"yoast-schema-graph\">{\"@context\":\"https:\\\/\\\/schema.org\",\"@graph\":[{\"@type\":\"Article\",\"@id\":\"https:\\\/\\\/contactfm72.fr\\\/?p=10571#article\",\"isPartOf\":{\"@id\":\"https:\\\/\\\/contactfm72.fr\\\/?p=10571\"},\"author\":{\"name\":\"Val\u00e9rie C.\",\"@id\":\"https:\\\/\\\/contactfm72.fr\\\/#\\\/schema\\\/person\\\/9fdc9d1c2eb029354a4f1535b90ba82d\"},\"headline\":\"Incendie en Sarthe : feu fix\u00e9 et 330 hectares br\u00fbl\u00e9s\",\"datePublished\":\"2022-07-20T12:53:02+00:00\",\"dateModified\":\"2022-07-21T12:02:11+00:00\",\"mainEntityOfPage\":{\"@id\":\"https:\\\/\\\/contactfm72.fr\\\/?p=10571\"},\"wordCount\":491,\"publisher\":{\"@id\":\"https:\\\/\\\/contactfm72.fr\\\/#organization\"},\"image\":{\"@id\":\"https:\\\/\\\/contactfm72.fr\\\/?p=10571#primaryimage\"},\"thumbnailUrl\":\"https:\\\/\\\/contactfm72.fr\\\/wp-content\\\/uploads\\\/2022\\\/07\\\/feu-2.jpg\",\"articleSection\":[\"Contact FM 72\"],\"inLanguage\":\"fr-FR\"},{\"@type\":\"WebPage\",\"@id\":\"https:\\\/\\\/contactfm72.fr\\\/?p=10571\",\"url\":\"https:\\\/\\\/contactfm72.fr\\\/?p=10571\",\"name\":\"Incendie en Sarthe : feu fix\u00e9 et 330 hectares br\u00fbl\u00e9s - Contact FM 99.3\",\"isPartOf\":{\"@id\":\"https:\\\/\\\/contactfm72.fr\\\/#website\"},\"primaryImageOfPage\":{\"@id\":\"https:\\\/\\\/contactfm72.fr\\\/?p=10571#primaryimage\"},\"image\":{\"@id\":\"https:\\\/\\\/contactfm72.fr\\\/?p=10571#primaryimage\"},\"thumbnailUrl\":\"https:\\\/\\\/contactfm72.fr\\\/wp-content\\\/uploads\\\/2022\\\/07\\\/feu-2.jpg\",\"datePublished\":\"2022-07-20T12:53:02+00:00\",\"dateModified\":\"2022-07-21T12:02:11+00:00\",\"breadcrumb\":{\"@id\":\"https:\\\/\\\/contactfm72.fr\\\/?p=10571#breadcrumb\"},\"inLanguage\":\"fr-FR\",\"potentialAction\":[{\"@type\":\"ReadAction\",\"target\":[\"https:\\\/\\\/contactfm72.fr\\\/?p=10571\"]}]},{\"@type\":\"ImageObject\",\"inLanguage\":\"fr-FR\",\"@id\":\"https:\\\/\\\/contactfm72.fr\\\/?p=10571#primaryimage\",\"url\":\"https:\\\/\\\/contactfm72.fr\\\/wp-content\\\/uploads\\\/2022\\\/07\\\/feu-2.jpg\",\"contentUrl\":\"https:\\\/\\\/contactfm72.fr\\\/wp-content\\\/uploads\\\/2022\\\/07\\\/feu-2.jpg\",\"width\":2048,\"height\":1536,\"caption\":\"200 pompiers sont mobilis\u00e9s dans le sud-Sarthe.\"},{\"@type\":\"BreadcrumbList\",\"@id\":\"https:\\\/\\\/contactfm72.fr\\\/?p=10571#breadcrumb\",\"itemListElement\":[{\"@type\":\"ListItem\",\"position\":1,\"name\":\"Accueil\",\"item\":\"https:\\\/\\\/contactfm72.fr\\\/\"},{\"@type\":\"ListItem\",\"position\":2,\"name\":\"Incendie en Sarthe : feu fix\u00e9 et 330 hectares br\u00fbl\u00e9s\"}]},{\"@type\":\"WebSite\",\"@id\":\"https:\\\/\\\/contactfm72.fr\\\/#website\",\"url\":\"https:\\\/\\\/contactfm72.fr\\\/\",\"name\":\"Contact FM 99.3\",\"description\":\"Votre radio en vall\u00e9e du Loir\",\"publisher\":{\"@id\":\"https:\\\/\\\/contactfm72.fr\\\/#organization\"},\"potentialAction\":[{\"@type\":\"SearchAction\",\"target\":{\"@type\":\"EntryPoint\",\"urlTemplate\":\"https:\\\/\\\/contactfm72.fr\\\/?s={search_term_string}\"},\"query-input\":{\"@type\":\"PropertyValueSpecification\",\"valueRequired\":true,\"valueName\":\"search_term_string\"}}],\"inLanguage\":\"fr-FR\"},{\"@type\":\"Organization\",\"@id\":\"https:\\\/\\\/contactfm72.fr\\\/#organization\",\"name\":\"Contact FM 99.3\",\"url\":\"https:\\\/\\\/contactfm72.fr\\\/\",\"logo\":{\"@type\":\"ImageObject\",\"inLanguage\":\"fr-FR\",\"@id\":\"https:\\\/\\\/contactfm72.fr\\\/#\\\/schema\\\/logo\\\/image\\\/\",\"url\":\"https:\\\/\\\/contactfm72.fr\\\/wp-content\\\/uploads\\\/2025\\\/04\\\/2025-04-18-2.jpg\",\"contentUrl\":\"https:\\\/\\\/contactfm72.fr\\\/wp-content\\\/uploads\\\/2025\\\/04\\\/2025-04-18-2.jpg\",\"width\":680,\"height\":307,\"caption\":\"Contact FM 99.3\"},\"image\":{\"@id\":\"https:\\\/\\\/contactfm72.fr\\\/#\\\/schema\\\/logo\\\/image\\\/\"},\"sameAs\":[\"https:\\\/\\\/www.facebook.com\\\/Contactfm.Chateauduloir\",\"https:\\\/\\\/x.com\\\/contactfm72\",\"https:\\\/\\\/www.instagram.com\\\/contact.fm.72?igsh=cGhlMHQ5N2JlNnpp\",\"https:\\\/\\\/www.tiktok.com\\\/@contact.fm\"]},{\"@type\":\"Person\",\"@id\":\"https:\\\/\\\/contactfm72.fr\\\/#\\\/schema\\\/person\\\/9fdc9d1c2eb029354a4f1535b90ba82d\",\"name\":\"Val\u00e9rie C.\",\"image\":{\"@type\":\"ImageObject\",\"inLanguage\":\"fr-FR\",\"@id\":\"https:\\\/\\\/secure.gravatar.com\\\/avatar\\\/2f8aa28f8dfbd7d4420afd1fdcdd0a349923e2c8a38ab28198b0f9d0601e4737?s=96&d=mm&r=g\",\"url\":\"https:\\\/\\\/secure.gravatar.com\\\/avatar\\\/2f8aa28f8dfbd7d4420afd1fdcdd0a349923e2c8a38ab28198b0f9d0601e4737?s=96&d=mm&r=g\",\"contentUrl\":\"https:\\\/\\\/secure.gravatar.com\\\/avatar\\\/2f8aa28f8dfbd7d4420afd1fdcdd0a349923e2c8a38ab28198b0f9d0601e4737?s=96&d=mm&r=g\",\"caption\":\"Val\u00e9rie C.\"},\"url\":\"https:\\\/\\\/contactfm72.fr\\\/?author=4\"}]}<\/script>\n<!-- \/ Yoast SEO plugin. -->","yoast_head_json":{"title":"Incendie en Sarthe : feu fix\u00e9 et 330 hectares br\u00fbl\u00e9s - Contact FM 99.3","robots":{"index":"index","follow":"follow","max-snippet":"max-snippet:-1","max-image-preview":"max-image-preview:large","max-video-preview":"max-video-preview:-1"},"canonical":"https:\/\/contactfm72.fr\/?p=10571","og_locale":"fr_FR","og_type":"article","og_title":"Incendie en Sarthe : feu fix\u00e9 et 330 hectares br\u00fbl\u00e9s - Contact FM 99.3","og_description":"Lundi 18 juillet 2022, un important feu de for\u00eat s\u2019\u00e9tait d\u00e9clar\u00e9 \u00e0 T\u00e9loch\u00e9, dans le sud Sarthe. Presque trois jours apr\u00e8s le d\u00e9but de la catastrophe, le feu est fix\u00e9\u00a0 et 330 hectares ont \u00e9t\u00e9 d\u00e9truits. &nbsp; Alors que le feu continuait sa propagation mardi 19 juillet, le pr\u00e9fet de la Sarthe, Emmanuel Aubry, avait&hellip;","og_url":"https:\/\/contactfm72.fr\/?p=10571","og_site_name":"Contact FM 99.3","article_publisher":"https:\/\/www.facebook.com\/Contactfm.Chateauduloir","article_published_time":"2022-07-20T12:53:02+00:00","article_modified_time":"2022-07-21T12:02:11+00:00","og_image":[{"width":2048,"height":1536,"url":"https:\/\/contactfm72.fr\/wp-content\/uploads\/2022\/07\/feu-2.jpg","type":"image\/jpeg"}],"author":"Val\u00e9rie C.","twitter_card":"summary_large_image","twitter_creator":"@contactfm72","twitter_site":"@contactfm72","twitter_misc":{"\u00c9crit par":"Val\u00e9rie C.","Dur\u00e9e de lecture estim\u00e9e":"2 minutes"},"schema":{"@context":"https:\/\/schema.org","@graph":[{"@type":"Article","@id":"https:\/\/contactfm72.fr\/?p=10571#article","isPartOf":{"@id":"https:\/\/contactfm72.fr\/?p=10571"},"author":{"name":"Val\u00e9rie C.","@id":"https:\/\/contactfm72.fr\/#\/schema\/person\/9fdc9d1c2eb029354a4f1535b90ba82d"},"headline":"Incendie en Sarthe : feu fix\u00e9 et 330 hectares br\u00fbl\u00e9s","datePublished":"2022-07-20T12:53:02+00:00","dateModified":"2022-07-21T12:02:11+00:00","mainEntityOfPage":{"@id":"https:\/\/contactfm72.fr\/?p=10571"},"wordCount":491,"publisher":{"@id":"https:\/\/contactfm72.fr\/#organization"},"image":{"@id":"https:\/\/contactfm72.fr\/?p=10571#primaryimage"},"thumbnailUrl":"https:\/\/contactfm72.fr\/wp-content\/uploads\/2022\/07\/feu-2.jpg","articleSection":["Contact FM 72"],"inLanguage":"fr-FR"},{"@type":"WebPage","@id":"https:\/\/contactfm72.fr\/?p=10571","url":"https:\/\/contactfm72.fr\/?p=10571","name":"Incendie en Sarthe : feu fix\u00e9 et 330 hectares br\u00fbl\u00e9s - Contact FM 99.3","isPartOf":{"@id":"https:\/\/contactfm72.fr\/#website"},"primaryImageOfPage":{"@id":"https:\/\/contactfm72.fr\/?p=10571#primaryimage"},"image":{"@id":"https:\/\/contactfm72.fr\/?p=10571#primaryimage"},"thumbnailUrl":"https:\/\/contactfm72.fr\/wp-content\/uploads\/2022\/07\/feu-2.jpg","datePublished":"2022-07-20T12:53:02+00:00","dateModified":"2022-07-21T12:02:11+00:00","breadcrumb":{"@id":"https:\/\/contactfm72.fr\/?p=10571#breadcrumb"},"inLanguage":"fr-FR","potentialAction":[{"@type":"ReadAction","target":["https:\/\/contactfm72.fr\/?p=10571"]}]},{"@type":"ImageObject","inLanguage":"fr-FR","@id":"https:\/\/contactfm72.fr\/?p=10571#primaryimage","url":"https:\/\/contactfm72.fr\/wp-content\/uploads\/2022\/07\/feu-2.jpg","contentUrl":"https:\/\/contactfm72.fr\/wp-content\/uploads\/2022\/07\/feu-2.jpg","width":2048,"height":1536,"caption":"200 pompiers sont mobilis\u00e9s dans le sud-Sarthe."},{"@type":"BreadcrumbList","@id":"https:\/\/contactfm72.fr\/?p=10571#breadcrumb","itemListElement":[{"@type":"ListItem","position":1,"name":"Accueil","item":"https:\/\/contactfm72.fr\/"},{"@type":"ListItem","position":2,"name":"Incendie en Sarthe : feu fix\u00e9 et 330 hectares br\u00fbl\u00e9s"}]},{"@type":"WebSite","@id":"https:\/\/contactfm72.fr\/#website","url":"https:\/\/contactfm72.fr\/","name":"Contact FM 99.3","description":"Votre radio en vall\u00e9e du Loir","publisher":{"@id":"https:\/\/contactfm72.fr\/#organization"},"potentialAction":[{"@type":"SearchAction","target":{"@type":"EntryPoint","urlTemplate":"https:\/\/contactfm72.fr\/?s={search_term_string}"},"query-input":{"@type":"PropertyValueSpecification","valueRequired":true,"valueName":"search_term_string"}}],"inLanguage":"fr-FR"},{"@type":"Organization","@id":"https:\/\/contactfm72.fr\/#organization","name":"Contact FM 99.3","url":"https:\/\/contactfm72.fr\/","logo":{"@type":"ImageObject","inLanguage":"fr-FR","@id":"https:\/\/contactfm72.fr\/#\/schema\/logo\/image\/","url":"https:\/\/contactfm72.fr\/wp-content\/uploads\/2025\/04\/2025-04-18-2.jpg","contentUrl":"https:\/\/contactfm72.fr\/wp-content\/uploads\/2025\/04\/2025-04-18-2.jpg","width":680,"height":307,"caption":"Contact FM 99.3"},"image":{"@id":"https:\/\/contactfm72.fr\/#\/schema\/logo\/image\/"},"sameAs":["https:\/\/www.facebook.com\/Contactfm.Chateauduloir","https:\/\/x.com\/contactfm72","https:\/\/www.instagram.com\/contact.fm.72?igsh=cGhlMHQ5N2JlNnpp","https:\/\/www.tiktok.com\/@contact.fm"]},{"@type":"Person","@id":"https:\/\/contactfm72.fr\/#\/schema\/person\/9fdc9d1c2eb029354a4f1535b90ba82d","name":"Val\u00e9rie C.","image":{"@type":"ImageObject","inLanguage":"fr-FR","@id":"https:\/\/secure.gravatar.com\/avatar\/2f8aa28f8dfbd7d4420afd1fdcdd0a349923e2c8a38ab28198b0f9d0601e4737?s=96&d=mm&r=g","url":"https:\/\/secure.gravatar.com\/avatar\/2f8aa28f8dfbd7d4420afd1fdcdd0a349923e2c8a38ab28198b0f9d0601e4737?s=96&d=mm&r=g","contentUrl":"https:\/\/secure.gravatar.com\/avatar\/2f8aa28f8dfbd7d4420afd1fdcdd0a349923e2c8a38ab28198b0f9d0601e4737?s=96&d=mm&r=g","caption":"Val\u00e9rie C."},"url":"https:\/\/contactfm72.fr\/?author=4"}]}},"_links":{"self":[{"href":"https:\/\/contactfm72.fr\/index.php?rest_route=\/wp\/v2\/posts\/10571","targetHints":{"allow":["GET"]}}],"collection":[{"href":"https:\/\/contactfm72.fr\/index.php?rest_route=\/wp\/v2\/posts"}],"about":[{"href":"https:\/\/contactfm72.fr\/index.php?rest_route=\/wp\/v2\/types\/post"}],"author":[{"embeddable":true,"href":"https:\/\/contactfm72.fr\/index.php?rest_route=\/wp\/v2\/users\/4"}],"replies":[{"embeddable":true,"href":"https:\/\/contactfm72.fr\/index.php?rest_route=%2Fwp%2Fv2%2Fcomments&post=10571"}],"version-history":[{"count":3,"href":"https:\/\/contactfm72.fr\/index.php?rest_route=\/wp\/v2\/posts\/10571\/revisions"}],"predecessor-version":[{"id":10585,"href":"https:\/\/contactfm72.fr\/index.php?rest_route=\/wp\/v2\/posts\/10571\/revisions\/10585"}],"wp:featuredmedia":[{"embeddable":true,"href":"https:\/\/contactfm72.fr\/index.php?rest_route=\/wp\/v2\/media\/10553"}],"wp:attachment":[{"href":"https:\/\/contactfm72.fr\/index.php?rest_route=%2Fwp%2Fv2%2Fmedia&parent=10571"}],"wp:term":[{"taxonomy":"category","embeddable":true,"href":"https:\/\/contactfm72.fr\/index.php?rest_route=%2Fwp%2Fv2%2Fcategories&post=10571"},{"taxonomy":"post_tag","embeddable":true,"href":"https:\/\/contactfm72.fr\/index.php?rest_route=%2Fwp%2Fv2%2Ftags&post=10571"}],"curies":[{"name":"wp","href":"https:\/\/api.w.org\/{rel}","templated":true}]}}