{"id":10566,"date":"2022-07-22T10:30:12","date_gmt":"2022-07-22T08:30:12","guid":{"rendered":"http:\/\/contactfm72.fr\/?p=10566"},"modified":"2022-07-20T14:25:12","modified_gmt":"2022-07-20T12:25:12","slug":"sarthe-les-bases-de-loisirs-de-marcon-et-mansigne-les-secrets-dune-reussite","status":"publish","type":"post","link":"https:\/\/contactfm72.fr\/?p=10566","title":{"rendered":"Sarthe : Les bases de loisirs de Mar\u00e7on et Mansign\u00e9, les secrets d&#8217;une r\u00e9ussite"},"content":{"rendered":"<h2>Les bases de loisirs de Mansign\u00e9 et de Mar\u00e7on, des acteurs du tourisme estival du sud Sarthe, proposent encore et toujours des nouveaut\u00e9s chaque \u00e9t\u00e9. Quelle est la recette de leur succ\u00e8s\u00a0?<\/h2>\n<p>&nbsp;<\/p>\n<p>&nbsp;<\/p>\n<p>Situ\u00e9 \u00e0 35 kilom\u00e8tres l\u2019une de l\u2019autre, les deux <strong>bases de loisirs<\/strong> du sud <strong>Sarthe<\/strong>, <strong>Mansign\u00e9<\/strong> et <strong>Mar\u00e7on<\/strong>, regorgent d\u2019activit\u00e9s pour satisfaire les touristes et les habitants chaque \u00e9t\u00e9.<\/p>\n<p><strong>Baignade<\/strong> surveill\u00e9e en juillet et en ao\u00fbt, aire de pique-nique, toboggan, et s\u00e9ance de bronzage, ces deux bases de loisirs sont toujours noires de monde d\u00e8s lors que le mercure grimpe.<\/p>\n<p>Toutes les deux victimes de leur succ\u00e8s, surtout en raison des fortes chaleurs estivales, il para\u00eet logique de se demander, outre la baignade, quelles sont les activit\u00e9s propos\u00e9es au sein des deux bases de loisirs\u00a0? Quels sont les h\u00e9bergements disponibles\u00a0?<\/p>\n<p>Petit point superficie tout d\u2019abord. La <a href=\"https:\/\/www.basedeloisirsmansigne.fr\/\">base de loisirs de Mansign\u00e9<\/a> d\u00e9tient<strong> 75 hectares<\/strong>, dont 27 hectares exclusivement d\u00e9di\u00e9s au plan d\u2019eau et \u00e0 plage au sable fin. C\u2019est en 2020 qu\u2019elle devint g\u00e9r\u00e9e par la communaut\u00e9 de communes Sud-Sarthe.<\/p>\n<p>A <a href=\"https:\/\/www.vallee-du-loir.com\/offres\/espace-de-loisirs-lac-des-varennes-marcon-fr-585372\/\">Mar\u00e7on, le lac des Varennes<\/a> d\u00e9tint une surface de <strong>77 hectares<\/strong> avec un lac de 50 hectares, qui est par ailleurs g\u00e9r\u00e9 par la municipalit\u00e9 mar\u00e7onnaise.<\/p>\n<p>&nbsp;<\/p>\n<h3><strong>Des campings et h\u00e9bergements<\/strong><\/h3>\n<p>Au sein de la base de loisirs de Mansign\u00e9, le <strong>camping de la Plage<\/strong> a innov\u00e9 pour cette saison 2022. Certifi\u00e9 <strong>trois \u00e9toiles<\/strong>, le camping est ouvert d\u2019avril \u00e0 octobre et dispose de <strong>14 mobil-homes<\/strong>, pouvant accueillir entre quatre et huit personnes.<\/p>\n<blockquote><p>\u00ab Il y a eu la cr\u00e9ation de la salle d\u2019animation, d\u2019un jardin partag\u00e9 ainsi que la mise en place d\u2019un composteur. Un vrai lieu de vie \u00bb, fait savoir<strong> Fran\u00e7ois Boussard, pr\u00e9sident de la communaut\u00e9 de communes Sud-Sarthe et maire de Mansign\u00e9<\/strong>.<\/p><\/blockquote>\n<p>Le camping de Mansign\u00e9 a \u00e9galement investi dans un accueil V\u00e9los, et a mis en place des panneaux directionnels. Un nouveau type de logement insolite est \u00e0 retrouver au camping : le <strong>Lac\u2019abane<\/strong>. Un h\u00e9bergement qui se situe entre le mobil-home et la tente. Mansign\u00e9 poss\u00e8de deux Lac\u2019abanes et elles peuvent accueillir entre quatre et cinq personnes. \u00ab\u00a0Les clients du camping peuvent b\u00e9n\u00e9ficier d\u2019une ouverture \u00e0 la piscine intercommunale, en juillet et ao\u00fbt, des terrains de tennis, de football, et de basket, mais \u00e9galement du swin-golf\u00a0\u00bb, poursuit le pr\u00e9sident.<\/p>\n<p>En plus des tentes et des mobil-homes, Mansign\u00e9 met \u00e0 disposition le \u00ab\u00a0<strong>Village de Chalets<\/strong>\u00a0\u00bb, avec <strong>20 chalets<\/strong> dont un adapt\u00e9 PMR. \u00ab\u00a0Quelques chalets comportent deux salles de bain\u00a0\u00bb, pr\u00e9cise Fran\u00e7ois Boussard. Mansign\u00e9 accueille \u00e9galement les adeptes du camping en proposant une aire pour les camping-caristes. Ils b\u00e9n\u00e9ficient d\u2019une vue directe sur le lac.<\/p>\n<p>Bien entendu, le camping de Mansign\u00e9 met \u00e0 disposition des blocs sanitaires, des literies, un acc\u00e8s au WIFI gratuitement ou encore un service de laverie.<\/p>\n<p>&nbsp;<\/p>\n<p>Du c\u00f4t\u00e9 de la base de loisirs de Mar\u00e7on, le camping est \u00e9galement un<strong> trois \u00e9toiles<\/strong>. Les mar\u00e7onnais proposent \u00e9galement des <strong>mobil-homes<\/strong> pouvant accueillir jusqu\u2019\u00e0 huit personnes, et des <strong>tentes<\/strong> jusqu\u2019\u00e0 quatre personnes. Tout comme pour Mansign\u00e9, des services sont offerts, comme la WIFI, le barbecue, et de nombreux \u00e9quipements int\u00e9rieurs. Les vacanciers peuvent \u00e9galement profiter d\u2019une plage priv\u00e9e, de b\u00e9n\u00e9ficier des terrains de tennis, de beach-volley, du mini-golf ou de la p\u00e9tanque et aux jeux d\u2019ext\u00e9rieur disponibles sur le terrain de sports.<\/p>\n<p>&nbsp;<\/p>\n<p>&nbsp;<\/p>\n<div id=\"attachment_10569\" style=\"width: 1210px\" class=\"wp-caption alignnone\"><img loading=\"lazy\" decoding=\"async\" aria-describedby=\"caption-attachment-10569\" class=\"size-full wp-image-10569\" src=\"http:\/\/contactfm72.fr\/wp-content\/uploads\/2022\/07\/bdl-mar\u00e7on.jpg\" alt=\"\" width=\"1200\" height=\"803\" \/><p id=\"caption-attachment-10569\" class=\"wp-caption-text\">La base de loisirs de Mar\u00e7on s&#8217;accompagne du lac des Varennes qui repr\u00e9sente plus de 75% de sa superficie totale.<\/p><\/div>\n<h3><strong>Des activit\u00e9s tout l\u2019\u00e9t\u00e9<\/strong><\/h3>\n<p>A Mar\u00e7on, avec une superficie aussi large r\u00e9serv\u00e9e uniquement rien qu\u2019au lac, il est logique que la plupart des activit\u00e9s soit essentiellement <strong>nautiques<\/strong>. Et pour preuve,<strong> Isabelle, responsable du centre nautique<\/strong>, liste toutes les activit\u00e9s possibles\u00a0:<\/p>\n<blockquote><p>\u00ab cano\u00ebs sur le lac et sur le Loir, stand-up paddle, p\u00e9dalos, des cours de voile, des possibilit\u00e9s de faire des stages \u00e0 la semaine, du catamaran, ou m\u00eame de la barque trottinette\u00a0\u00bb.<\/p><\/blockquote>\n<p>La base de loisirs de Mansign\u00e9 propose quant \u00e0 elle une activit\u00e9 p\u00e9dalo, du paddle, et du cano\u00eb-kayak. Mais la piscine intercommunale vient r\u00e9cemment de mettre \u00e0 disposition le <strong>dispositif \u00ab\u00a0J\u2019apprends \u00e0 nager\u00a0\u00bb<\/strong>, qui permet de proposer des cours de natation gratuits \u00e0 destination des coll\u00e9giens.<\/p>\n<p>Les deux bases de loisirs mettent \u00e0 disposition \u00e9norm\u00e9ment de choix d\u2019activit\u00e9s\u00a0: des <strong>sports collectifs et individuels<\/strong>, comme le foot, le tennis, le basket, le city-park et bien entendu des aires de jeux. Toutes les deux adeptes du <strong>golf et de la p\u00eache<\/strong>, \u00e0 Mansign\u00e9 se trouve un parcours de sant\u00e9 alors que Mar\u00e7on propose une aire de fitness. Mar\u00e7on propose \u00e9galement de l\u2019\u00e9quitation, de la <strong>tyrolienne<\/strong> et du tir \u00e0 l\u2019arc, alors que Mansign\u00e9 met plus en avant ses v\u00e9los \u00e9lectriques et ses parcours de randonn\u00e9e.<\/p>\n<p>Bien entendu, afin de profiter pleinement des activit\u00e9s et baignades,<strong> restaurant et snack<\/strong> sont mis \u00e0 disposition des touristes. A Mansign\u00e9, le restaurant \u00ab\u00a0Aux Berges du Lac\u00a0\u00bb, v\u00eatu d\u2019une nouvelle terrasse en bois, propose une carte sal\u00e9e mais aussi sucr\u00e9e. En revanche, \u00e0 Mar\u00e7on, seul un snack bar proposant une carte sal\u00e9e est disponible.<\/p>\n<p>&nbsp;<\/p>\n<h3><strong>Des soir\u00e9es festives<\/strong><\/h3>\n<p>Municipalit\u00e9, salari\u00e9s et saisonniers s\u2019att\u00e8lent \u00e0 attirer toujours plus de monde et toujours divertir ses vacanciers. Ainsi, de nombreuses soir\u00e9es festives sont organis\u00e9es <strong>tous les soirs \u00e0 Mansign\u00e9<\/strong>. \u00c9norm\u00e9ment de <strong>concerts<\/strong> sont programm\u00e9s\u00a0: concert \u00ab\u00a0sc\u00e8ne ouverte\u00a0\u00bb et des soir\u00e9es ambiance, avec parfois quelques guests, dont \u00ab\u00a0The Stomp Cats\u00a0\u00bb, \u00ab\u00a0Shuba\u00a0\u00bb ou encore <strong>\u00ab\u00a0Diamond and The Kats\u00a0\u00bb<\/strong> qui sont venus au d\u00e9but de l\u2019\u00e9t\u00e9, ou bien des soir\u00e9es initiation de danse et de la magie sont au programme.<\/p>\n<p>Mar\u00e7on propose un programme plus timide avec seulement <strong>deux ou trois soir\u00e9es \u00e9v\u00e8nements par semaine<\/strong>, avec une \u00ab\u00a0soir\u00e9e sc\u00e8ne ouverte\u00a0\u00bb, mais aussi du cin\u00e9ma en plein-air, soir\u00e9e <strong>th\u00e9\u00e2tre<\/strong> et une soir\u00e9e ann\u00e9es 80.<\/p>\n<p>&nbsp;<\/p>\n<p>Alors qu\u2019est ce qui diff\u00e9rencie les deux bases de loisirs\u00a0?<\/p>\n<p>Pour <strong>Aurore, habitante du territoire<\/strong>, il y a aucune h\u00e9sitation :<\/p>\n<blockquote><p>\u00ab L\u2019acc\u00e8s \u00e0 la base de loisirs de Mar\u00e7on est payant, \u00e0 2.30\u20ac par personne, alors que celui \u00e0 la base de loisirs de Mansign\u00e9 est gratuit. Je pr\u00e9f\u00e8re parcourir quelques kilom\u00e8tres en plus, mais pouvoir passer une journ\u00e9e \u00e0 ma baigner gratuitement \u00bb.<\/p><\/blockquote>\n<p>&nbsp;<\/p>\n<p>Deux bases de loisirs g\u00e9r\u00e9es par des collectivit\u00e9s diff\u00e9rentes, \u00e0 quelques kilom\u00e8tres l\u2019une de l\u2019autre, mais toutes deux avec l\u2019envie de proposer un programme et des animations qui <strong>attireront encore et toujours plus habitants et touristes<\/strong>.<\/p>\n<!-- AddThis Advanced Settings generic via filter on the_content --><!-- AddThis Share Buttons generic via filter on the_content -->","protected":false},"excerpt":{"rendered":"<p>Les bases de loisirs de Mansign\u00e9 et de Mar\u00e7on, des acteurs du tourisme estival du sud Sarthe, proposent encore et toujours des nouveaut\u00e9s chaque \u00e9t\u00e9. Quelle est la recette de leur succ\u00e8s\u00a0? &nbsp; &nbsp; Situ\u00e9 \u00e0 35 kilom\u00e8tres l\u2019une de l\u2019autre, les deux bases de loisirs du sud Sarthe, Mansign\u00e9 et Mar\u00e7on, regorgent d\u2019activit\u00e9s pour&hellip;<!-- AddThis Advanced Settings generic via filter on get_the_excerpt --><!-- AddThis Share Buttons generic via filter on get_the_excerpt --><\/p>\n","protected":false},"author":4,"featured_media":10567,"comment_status":"closed","ping_status":"open","sticky":false,"template":"","format":"standard","meta":{"footnotes":""},"categories":[1],"tags":[],"class_list":["post-10566","post","type-post","status-publish","format-standard","has-post-thumbnail","hentry","category-contact-fm-72","category-1","description-off"],"yoast_head":"<!-- This site is optimized with the Yoast SEO plugin v27.4 - https:\/\/yoast.com\/product\/yoast-seo-wordpress\/ -->\n<title>Sarthe : Les bases de loisirs de Mar\u00e7on et Mansign\u00e9, les secrets d&#039;une r\u00e9ussite - Contact FM 99.3<\/title>\n<meta name=\"robots\" content=\"index, follow, max-snippet:-1, max-image-preview:large, max-video-preview:-1\" \/>\n<link rel=\"canonical\" href=\"https:\/\/contactfm72.fr\/?p=10566\" \/>\n<meta property=\"og:locale\" content=\"fr_FR\" \/>\n<meta property=\"og:type\" content=\"article\" \/>\n<meta property=\"og:title\" content=\"Sarthe : Les bases de loisirs de Mar\u00e7on et Mansign\u00e9, les secrets d&#039;une r\u00e9ussite - Contact FM 99.3\" \/>\n<meta property=\"og:description\" content=\"Les bases de loisirs de Mansign\u00e9 et de Mar\u00e7on, des acteurs du tourisme estival du sud Sarthe, proposent encore et toujours des nouveaut\u00e9s chaque \u00e9t\u00e9. Quelle est la recette de leur succ\u00e8s\u00a0? &nbsp; &nbsp; Situ\u00e9 \u00e0 35 kilom\u00e8tres l\u2019une de l\u2019autre, les deux bases de loisirs du sud Sarthe, Mansign\u00e9 et Mar\u00e7on, regorgent d\u2019activit\u00e9s pour&hellip;\" \/>\n<meta property=\"og:url\" content=\"https:\/\/contactfm72.fr\/?p=10566\" \/>\n<meta property=\"og:site_name\" content=\"Contact FM 99.3\" \/>\n<meta property=\"article:publisher\" content=\"https:\/\/www.facebook.com\/Contactfm.Chateauduloir\" \/>\n<meta property=\"article:published_time\" content=\"2022-07-22T08:30:12+00:00\" \/>\n<meta property=\"og:image\" content=\"https:\/\/contactfm72.fr\/wp-content\/uploads\/2022\/07\/BdL-mansign\u00e9.jpg\" \/>\n\t<meta property=\"og:image:width\" content=\"500\" \/>\n\t<meta property=\"og:image:height\" content=\"386\" \/>\n\t<meta property=\"og:image:type\" content=\"image\/jpeg\" \/>\n<meta name=\"author\" content=\"Val\u00e9rie C.\" \/>\n<meta name=\"twitter:card\" content=\"summary_large_image\" \/>\n<meta name=\"twitter:creator\" content=\"@contactfm72\" \/>\n<meta name=\"twitter:site\" content=\"@contactfm72\" \/>\n<meta name=\"twitter:label1\" content=\"\u00c9crit par\" \/>\n\t<meta name=\"twitter:data1\" content=\"Val\u00e9rie C.\" \/>\n\t<meta name=\"twitter:label2\" content=\"Dur\u00e9e de lecture estim\u00e9e\" \/>\n\t<meta name=\"twitter:data2\" content=\"6 minutes\" \/>\n<script type=\"application\/ld+json\" class=\"yoast-schema-graph\">{\"@context\":\"https:\\\/\\\/schema.org\",\"@graph\":[{\"@type\":\"Article\",\"@id\":\"https:\\\/\\\/contactfm72.fr\\\/?p=10566#article\",\"isPartOf\":{\"@id\":\"https:\\\/\\\/contactfm72.fr\\\/?p=10566\"},\"author\":{\"name\":\"Val\u00e9rie C.\",\"@id\":\"https:\\\/\\\/contactfm72.fr\\\/#\\\/schema\\\/person\\\/9fdc9d1c2eb029354a4f1535b90ba82d\"},\"headline\":\"Sarthe : Les bases de loisirs de Mar\u00e7on et Mansign\u00e9, les secrets d&#8217;une r\u00e9ussite\",\"datePublished\":\"2022-07-22T08:30:12+00:00\",\"mainEntityOfPage\":{\"@id\":\"https:\\\/\\\/contactfm72.fr\\\/?p=10566\"},\"wordCount\":1165,\"publisher\":{\"@id\":\"https:\\\/\\\/contactfm72.fr\\\/#organization\"},\"image\":{\"@id\":\"https:\\\/\\\/contactfm72.fr\\\/?p=10566#primaryimage\"},\"thumbnailUrl\":\"https:\\\/\\\/contactfm72.fr\\\/wp-content\\\/uploads\\\/2022\\\/07\\\/BdL-mansign\u00e9.jpg\",\"articleSection\":[\"Contact FM 72\"],\"inLanguage\":\"fr-FR\"},{\"@type\":\"WebPage\",\"@id\":\"https:\\\/\\\/contactfm72.fr\\\/?p=10566\",\"url\":\"https:\\\/\\\/contactfm72.fr\\\/?p=10566\",\"name\":\"Sarthe : Les bases de loisirs de Mar\u00e7on et Mansign\u00e9, les secrets d'une r\u00e9ussite - Contact FM 99.3\",\"isPartOf\":{\"@id\":\"https:\\\/\\\/contactfm72.fr\\\/#website\"},\"primaryImageOfPage\":{\"@id\":\"https:\\\/\\\/contactfm72.fr\\\/?p=10566#primaryimage\"},\"image\":{\"@id\":\"https:\\\/\\\/contactfm72.fr\\\/?p=10566#primaryimage\"},\"thumbnailUrl\":\"https:\\\/\\\/contactfm72.fr\\\/wp-content\\\/uploads\\\/2022\\\/07\\\/BdL-mansign\u00e9.jpg\",\"datePublished\":\"2022-07-22T08:30:12+00:00\",\"breadcrumb\":{\"@id\":\"https:\\\/\\\/contactfm72.fr\\\/?p=10566#breadcrumb\"},\"inLanguage\":\"fr-FR\",\"potentialAction\":[{\"@type\":\"ReadAction\",\"target\":[\"https:\\\/\\\/contactfm72.fr\\\/?p=10566\"]}]},{\"@type\":\"ImageObject\",\"inLanguage\":\"fr-FR\",\"@id\":\"https:\\\/\\\/contactfm72.fr\\\/?p=10566#primaryimage\",\"url\":\"https:\\\/\\\/contactfm72.fr\\\/wp-content\\\/uploads\\\/2022\\\/07\\\/BdL-mansign\u00e9.jpg\",\"contentUrl\":\"https:\\\/\\\/contactfm72.fr\\\/wp-content\\\/uploads\\\/2022\\\/07\\\/BdL-mansign\u00e9.jpg\",\"width\":500,\"height\":386,\"caption\":\"La base de loisirs de Mansign\u00e9, dans la Sarthe. Cr\u00e9dits: communaut\u00e9 de communes Sud-Sarthe.\"},{\"@type\":\"BreadcrumbList\",\"@id\":\"https:\\\/\\\/contactfm72.fr\\\/?p=10566#breadcrumb\",\"itemListElement\":[{\"@type\":\"ListItem\",\"position\":1,\"name\":\"Accueil\",\"item\":\"https:\\\/\\\/contactfm72.fr\\\/\"},{\"@type\":\"ListItem\",\"position\":2,\"name\":\"Sarthe : Les bases de loisirs de Mar\u00e7on et Mansign\u00e9, les secrets d&#8217;une r\u00e9ussite\"}]},{\"@type\":\"WebSite\",\"@id\":\"https:\\\/\\\/contactfm72.fr\\\/#website\",\"url\":\"https:\\\/\\\/contactfm72.fr\\\/\",\"name\":\"Contact FM 99.3\",\"description\":\"Votre radio en vall\u00e9e du Loir\",\"publisher\":{\"@id\":\"https:\\\/\\\/contactfm72.fr\\\/#organization\"},\"potentialAction\":[{\"@type\":\"SearchAction\",\"target\":{\"@type\":\"EntryPoint\",\"urlTemplate\":\"https:\\\/\\\/contactfm72.fr\\\/?s={search_term_string}\"},\"query-input\":{\"@type\":\"PropertyValueSpecification\",\"valueRequired\":true,\"valueName\":\"search_term_string\"}}],\"inLanguage\":\"fr-FR\"},{\"@type\":\"Organization\",\"@id\":\"https:\\\/\\\/contactfm72.fr\\\/#organization\",\"name\":\"Contact FM 99.3\",\"url\":\"https:\\\/\\\/contactfm72.fr\\\/\",\"logo\":{\"@type\":\"ImageObject\",\"inLanguage\":\"fr-FR\",\"@id\":\"https:\\\/\\\/contactfm72.fr\\\/#\\\/schema\\\/logo\\\/image\\\/\",\"url\":\"https:\\\/\\\/contactfm72.fr\\\/wp-content\\\/uploads\\\/2025\\\/04\\\/2025-04-18-2.jpg\",\"contentUrl\":\"https:\\\/\\\/contactfm72.fr\\\/wp-content\\\/uploads\\\/2025\\\/04\\\/2025-04-18-2.jpg\",\"width\":680,\"height\":307,\"caption\":\"Contact FM 99.3\"},\"image\":{\"@id\":\"https:\\\/\\\/contactfm72.fr\\\/#\\\/schema\\\/logo\\\/image\\\/\"},\"sameAs\":[\"https:\\\/\\\/www.facebook.com\\\/Contactfm.Chateauduloir\",\"https:\\\/\\\/x.com\\\/contactfm72\",\"https:\\\/\\\/www.instagram.com\\\/contact.fm.72?igsh=cGhlMHQ5N2JlNnpp\",\"https:\\\/\\\/www.tiktok.com\\\/@contact.fm\"]},{\"@type\":\"Person\",\"@id\":\"https:\\\/\\\/contactfm72.fr\\\/#\\\/schema\\\/person\\\/9fdc9d1c2eb029354a4f1535b90ba82d\",\"name\":\"Val\u00e9rie C.\",\"image\":{\"@type\":\"ImageObject\",\"inLanguage\":\"fr-FR\",\"@id\":\"https:\\\/\\\/secure.gravatar.com\\\/avatar\\\/2f8aa28f8dfbd7d4420afd1fdcdd0a349923e2c8a38ab28198b0f9d0601e4737?s=96&d=mm&r=g\",\"url\":\"https:\\\/\\\/secure.gravatar.com\\\/avatar\\\/2f8aa28f8dfbd7d4420afd1fdcdd0a349923e2c8a38ab28198b0f9d0601e4737?s=96&d=mm&r=g\",\"contentUrl\":\"https:\\\/\\\/secure.gravatar.com\\\/avatar\\\/2f8aa28f8dfbd7d4420afd1fdcdd0a349923e2c8a38ab28198b0f9d0601e4737?s=96&d=mm&r=g\",\"caption\":\"Val\u00e9rie C.\"},\"url\":\"https:\\\/\\\/contactfm72.fr\\\/?author=4\"}]}<\/script>\n<!-- \/ Yoast SEO plugin. -->","yoast_head_json":{"title":"Sarthe : Les bases de loisirs de Mar\u00e7on et Mansign\u00e9, les secrets d'une r\u00e9ussite - Contact FM 99.3","robots":{"index":"index","follow":"follow","max-snippet":"max-snippet:-1","max-image-preview":"max-image-preview:large","max-video-preview":"max-video-preview:-1"},"canonical":"https:\/\/contactfm72.fr\/?p=10566","og_locale":"fr_FR","og_type":"article","og_title":"Sarthe : Les bases de loisirs de Mar\u00e7on et Mansign\u00e9, les secrets d'une r\u00e9ussite - Contact FM 99.3","og_description":"Les bases de loisirs de Mansign\u00e9 et de Mar\u00e7on, des acteurs du tourisme estival du sud Sarthe, proposent encore et toujours des nouveaut\u00e9s chaque \u00e9t\u00e9. Quelle est la recette de leur succ\u00e8s\u00a0? &nbsp; &nbsp; Situ\u00e9 \u00e0 35 kilom\u00e8tres l\u2019une de l\u2019autre, les deux bases de loisirs du sud Sarthe, Mansign\u00e9 et Mar\u00e7on, regorgent d\u2019activit\u00e9s pour&hellip;","og_url":"https:\/\/contactfm72.fr\/?p=10566","og_site_name":"Contact FM 99.3","article_publisher":"https:\/\/www.facebook.com\/Contactfm.Chateauduloir","article_published_time":"2022-07-22T08:30:12+00:00","og_image":[{"width":500,"height":386,"url":"https:\/\/contactfm72.fr\/wp-content\/uploads\/2022\/07\/BdL-mansign\u00e9.jpg","type":"image\/jpeg"}],"author":"Val\u00e9rie C.","twitter_card":"summary_large_image","twitter_creator":"@contactfm72","twitter_site":"@contactfm72","twitter_misc":{"\u00c9crit par":"Val\u00e9rie C.","Dur\u00e9e de lecture estim\u00e9e":"6 minutes"},"schema":{"@context":"https:\/\/schema.org","@graph":[{"@type":"Article","@id":"https:\/\/contactfm72.fr\/?p=10566#article","isPartOf":{"@id":"https:\/\/contactfm72.fr\/?p=10566"},"author":{"name":"Val\u00e9rie C.","@id":"https:\/\/contactfm72.fr\/#\/schema\/person\/9fdc9d1c2eb029354a4f1535b90ba82d"},"headline":"Sarthe : Les bases de loisirs de Mar\u00e7on et Mansign\u00e9, les secrets d&#8217;une r\u00e9ussite","datePublished":"2022-07-22T08:30:12+00:00","mainEntityOfPage":{"@id":"https:\/\/contactfm72.fr\/?p=10566"},"wordCount":1165,"publisher":{"@id":"https:\/\/contactfm72.fr\/#organization"},"image":{"@id":"https:\/\/contactfm72.fr\/?p=10566#primaryimage"},"thumbnailUrl":"https:\/\/contactfm72.fr\/wp-content\/uploads\/2022\/07\/BdL-mansign\u00e9.jpg","articleSection":["Contact FM 72"],"inLanguage":"fr-FR"},{"@type":"WebPage","@id":"https:\/\/contactfm72.fr\/?p=10566","url":"https:\/\/contactfm72.fr\/?p=10566","name":"Sarthe : Les bases de loisirs de Mar\u00e7on et Mansign\u00e9, les secrets d'une r\u00e9ussite - Contact FM 99.3","isPartOf":{"@id":"https:\/\/contactfm72.fr\/#website"},"primaryImageOfPage":{"@id":"https:\/\/contactfm72.fr\/?p=10566#primaryimage"},"image":{"@id":"https:\/\/contactfm72.fr\/?p=10566#primaryimage"},"thumbnailUrl":"https:\/\/contactfm72.fr\/wp-content\/uploads\/2022\/07\/BdL-mansign\u00e9.jpg","datePublished":"2022-07-22T08:30:12+00:00","breadcrumb":{"@id":"https:\/\/contactfm72.fr\/?p=10566#breadcrumb"},"inLanguage":"fr-FR","potentialAction":[{"@type":"ReadAction","target":["https:\/\/contactfm72.fr\/?p=10566"]}]},{"@type":"ImageObject","inLanguage":"fr-FR","@id":"https:\/\/contactfm72.fr\/?p=10566#primaryimage","url":"https:\/\/contactfm72.fr\/wp-content\/uploads\/2022\/07\/BdL-mansign\u00e9.jpg","contentUrl":"https:\/\/contactfm72.fr\/wp-content\/uploads\/2022\/07\/BdL-mansign\u00e9.jpg","width":500,"height":386,"caption":"La base de loisirs de Mansign\u00e9, dans la Sarthe. Cr\u00e9dits: communaut\u00e9 de communes Sud-Sarthe."},{"@type":"BreadcrumbList","@id":"https:\/\/contactfm72.fr\/?p=10566#breadcrumb","itemListElement":[{"@type":"ListItem","position":1,"name":"Accueil","item":"https:\/\/contactfm72.fr\/"},{"@type":"ListItem","position":2,"name":"Sarthe : Les bases de loisirs de Mar\u00e7on et Mansign\u00e9, les secrets d&#8217;une r\u00e9ussite"}]},{"@type":"WebSite","@id":"https:\/\/contactfm72.fr\/#website","url":"https:\/\/contactfm72.fr\/","name":"Contact FM 99.3","description":"Votre radio en vall\u00e9e du Loir","publisher":{"@id":"https:\/\/contactfm72.fr\/#organization"},"potentialAction":[{"@type":"SearchAction","target":{"@type":"EntryPoint","urlTemplate":"https:\/\/contactfm72.fr\/?s={search_term_string}"},"query-input":{"@type":"PropertyValueSpecification","valueRequired":true,"valueName":"search_term_string"}}],"inLanguage":"fr-FR"},{"@type":"Organization","@id":"https:\/\/contactfm72.fr\/#organization","name":"Contact FM 99.3","url":"https:\/\/contactfm72.fr\/","logo":{"@type":"ImageObject","inLanguage":"fr-FR","@id":"https:\/\/contactfm72.fr\/#\/schema\/logo\/image\/","url":"https:\/\/contactfm72.fr\/wp-content\/uploads\/2025\/04\/2025-04-18-2.jpg","contentUrl":"https:\/\/contactfm72.fr\/wp-content\/uploads\/2025\/04\/2025-04-18-2.jpg","width":680,"height":307,"caption":"Contact FM 99.3"},"image":{"@id":"https:\/\/contactfm72.fr\/#\/schema\/logo\/image\/"},"sameAs":["https:\/\/www.facebook.com\/Contactfm.Chateauduloir","https:\/\/x.com\/contactfm72","https:\/\/www.instagram.com\/contact.fm.72?igsh=cGhlMHQ5N2JlNnpp","https:\/\/www.tiktok.com\/@contact.fm"]},{"@type":"Person","@id":"https:\/\/contactfm72.fr\/#\/schema\/person\/9fdc9d1c2eb029354a4f1535b90ba82d","name":"Val\u00e9rie C.","image":{"@type":"ImageObject","inLanguage":"fr-FR","@id":"https:\/\/secure.gravatar.com\/avatar\/2f8aa28f8dfbd7d4420afd1fdcdd0a349923e2c8a38ab28198b0f9d0601e4737?s=96&d=mm&r=g","url":"https:\/\/secure.gravatar.com\/avatar\/2f8aa28f8dfbd7d4420afd1fdcdd0a349923e2c8a38ab28198b0f9d0601e4737?s=96&d=mm&r=g","contentUrl":"https:\/\/secure.gravatar.com\/avatar\/2f8aa28f8dfbd7d4420afd1fdcdd0a349923e2c8a38ab28198b0f9d0601e4737?s=96&d=mm&r=g","caption":"Val\u00e9rie C."},"url":"https:\/\/contactfm72.fr\/?author=4"}]}},"_links":{"self":[{"href":"https:\/\/contactfm72.fr\/index.php?rest_route=\/wp\/v2\/posts\/10566","targetHints":{"allow":["GET"]}}],"collection":[{"href":"https:\/\/contactfm72.fr\/index.php?rest_route=\/wp\/v2\/posts"}],"about":[{"href":"https:\/\/contactfm72.fr\/index.php?rest_route=\/wp\/v2\/types\/post"}],"author":[{"embeddable":true,"href":"https:\/\/contactfm72.fr\/index.php?rest_route=\/wp\/v2\/users\/4"}],"replies":[{"embeddable":true,"href":"https:\/\/contactfm72.fr\/index.php?rest_route=%2Fwp%2Fv2%2Fcomments&post=10566"}],"version-history":[{"count":1,"href":"https:\/\/contactfm72.fr\/index.php?rest_route=\/wp\/v2\/posts\/10566\/revisions"}],"predecessor-version":[{"id":10570,"href":"https:\/\/contactfm72.fr\/index.php?rest_route=\/wp\/v2\/posts\/10566\/revisions\/10570"}],"wp:featuredmedia":[{"embeddable":true,"href":"https:\/\/contactfm72.fr\/index.php?rest_route=\/wp\/v2\/media\/10567"}],"wp:attachment":[{"href":"https:\/\/contactfm72.fr\/index.php?rest_route=%2Fwp%2Fv2%2Fmedia&parent=10566"}],"wp:term":[{"taxonomy":"category","embeddable":true,"href":"https:\/\/contactfm72.fr\/index.php?rest_route=%2Fwp%2Fv2%2Fcategories&post=10566"},{"taxonomy":"post_tag","embeddable":true,"href":"https:\/\/contactfm72.fr\/index.php?rest_route=%2Fwp%2Fv2%2Ftags&post=10566"}],"curies":[{"name":"wp","href":"https:\/\/api.w.org\/{rel}","templated":true}]}}