{"id":10551,"date":"2022-07-19T17:46:12","date_gmt":"2022-07-19T15:46:12","guid":{"rendered":"http:\/\/contactfm72.fr\/?p=10551"},"modified":"2022-07-19T18:05:23","modified_gmt":"2022-07-19T16:05:23","slug":"feu-en-sarthe-pres-de-180-hectares-detruits-les-pompiers-luttent-toujours","status":"publish","type":"post","link":"https:\/\/contactfm72.fr\/?p=10551","title":{"rendered":"Feu en Sarthe : pr\u00e8s de 180 hectares d\u00e9truits, les pompiers luttent toujours"},"content":{"rendered":"<h2>Depuis deux jours, les pompiers sont en intervention pour un important feu qui s&#8217;est d\u00e9clar\u00e9 \u00e0 Teloch\u00e9, dans la Sarthe, le lundi 18 juillet 2022. Des \u00e9vacuations toujours en cours, changement de direction du vent\u2026 Emmanuel Aubry, pr\u00e9fet, fait le point sur place.<\/h2>\n<p>&nbsp;<\/p>\n<p>Le<strong> lundi 18 juillet 2022<\/strong>, un<strong> important feu<\/strong> s\u2019est d\u00e9clar\u00e9 dans la commune de <strong>T\u00e9loch\u00e9<\/strong>, dans la <strong>Sarthe<\/strong>. Le feu a d\u00e9but\u00e9 au niveau du lieu-dit <strong>Les Sorini\u00e8res<\/strong>, entre Teloch\u00e9 et Ruaudin, un espace tr\u00e8s bois\u00e9.<\/p>\n<p>&nbsp;<\/p>\n<h3><strong>180 hectares d\u00e9truits<\/strong><\/h3>\n<p>Deux jours depuis le d\u00e9but de l\u2019incendie, et <strong>deux foyers d\u00e9clar\u00e9s<\/strong> qui progressent en direction du<strong> nord est<\/strong>, le <strong>pr\u00e9fet de la Sarthe, Emmanuel Aubry<\/strong>, fait le point\u00a0:<\/p>\n<blockquote><p>\u00ab\u00a0A l\u2019heure actuelle, une superficie de 180 hectares a \u00e9t\u00e9 d\u00e9truite \u00bb.<\/p><\/blockquote>\n<p>Le premier foyer a d\u00e9truit<strong> 85 hectares<\/strong>, \u00ab\u00a0il est actuellement <strong>contr\u00f4l\u00e9\u00a0<\/strong>\u00bb, rassure Emmanuel Aubry. Cette zone est \u00e0 pr\u00e9sent sous extr\u00eame vigilance et sera longuement surveill\u00e9e. En revanche, le second feu, qui a d\u00e9truit <strong>15 hectares<\/strong>, \u00ab\u00a0continue d\u2019\u00eatre <strong>actif<\/strong>\u00a0\u00bb.<\/p>\n<p>Les deux foyers forment une \u00ab\u00a0branche\u00a0\u00bb, qui se dirige vers le nord est\u00a0: \u00ab\u00a0il n\u2019y a aucun risque qui se rejoigne\u00a0\u00bb, continue le pr\u00e9fet.<\/p>\n<p>&nbsp;<\/p>\n<p><img loading=\"lazy\" decoding=\"async\" class=\"alignnone size-full wp-image-10552\" src=\"http:\/\/contactfm72.fr\/wp-content\/uploads\/2022\/07\/feu-aubry.jpg\" alt=\"Lors du point presse organis\u00e9 par la pr\u00e9fecture, le mardi 19 juillet 2022. Emmanuel Aubry, pr\u00e9fet, au centre, accompagn\u00e9 de Dominique Le M\u00e9ner, pr\u00e9sident du conseil d\u00e9partemental de la Sarthe.\" width=\"2048\" height=\"1536\" \/><\/p>\n<h3><strong>Un vent qui n\u2019aide pas<\/strong><\/h3>\n<p>Tout le secteur du sud du Mans est <strong>boucl\u00e9<\/strong>, et les pompiers ont d\u00e9j\u00e0 proc\u00e9d\u00e9 \u00e0 une <strong>\u00e9vacuation de dizaines de maisons<\/strong> depuis lundi 18 juillet.<\/p>\n<p>Mardi 19 juillet, les vents se sont lev\u00e9s et le <strong>sens sud-ouest<\/strong> du vent fait progresser le <strong>feu en direction du nord-est<\/strong>, son sens de direction. Une tr\u00e8s mauvaise nouvelle pour les soldats du feu\u00a0: \u00ab\u00a0L\u2019orientation du vent a chang\u00e9, on a donc proc\u00e9d\u00e9 \u00e0 de <strong>nouvelles \u00e9vacuations<\/strong> dans des hameaux des communes de T\u00e9loch\u00e9, Mulsanne et Ruaudin \u00bb, poursuit le pr\u00e9fet.<\/p>\n<p>L\u2019avion <strong>Dash<\/strong>, bombardier d\u2019eau, a d\u00e9j\u00e0 effectu\u00e9 <strong>deux largages<\/strong> \u00e0 12h et 14h ce mardi 19 juillet, et entreprendra un troisi\u00e8me dans les heures qui viennent, afin de \u00ab\u00a0continuer \u00e0 prot\u00e9ger les habitations\u00a0\u00bb, pr\u00e9cise le pr\u00e9fet.<\/p>\n<p>&nbsp;<\/p>\n<h3><strong>200 pompiers mobilis\u00e9s<\/strong><\/h3>\n<p>Les pompiers du <strong>SDIS72<\/strong> sont \u00e9galement \u00e9paul\u00e9s de ceux du <strong>Loiret<\/strong> et de l<strong>\u2019Indre-et-Loire.<\/strong> Au total, ce sont environ 200 pompiers qui luttent contre les flammes dans la Sarthe.<\/p>\n<p>&nbsp;<\/p>\n<div id=\"attachment_10553\" style=\"width: 2058px\" class=\"wp-caption alignnone\"><img loading=\"lazy\" decoding=\"async\" aria-describedby=\"caption-attachment-10553\" class=\"size-full wp-image-10553\" src=\"http:\/\/contactfm72.fr\/wp-content\/uploads\/2022\/07\/feu-2.jpg\" alt=\"\" width=\"2048\" height=\"1536\" \/><p id=\"caption-attachment-10553\" class=\"wp-caption-text\">200 pompiers sont mobilis\u00e9s dans le sud-Sarthe.<\/p><\/div>\n<p>Aucune victime n&#8217;est \u00e0 d\u00e9plorer. Seuls quatre cabanons vides ont \u00e9t\u00e9 d\u00e9truits.\u00a0La <strong>solidarit\u00e9<\/strong> est \u00e9galement tr\u00e8s pr\u00e9sente puisque \u00ab voisins, amis, familles et aussi collectivit\u00e9s accueillent les \u00e9vacu\u00e9s \u00bb, terminent le pr\u00e9fet.<\/p>\n<p>L\u2019origine du feu est toujours inconnue.<\/p>\n<!-- AddThis Advanced Settings generic via filter on the_content --><!-- AddThis Share Buttons generic via filter on the_content -->","protected":false},"excerpt":{"rendered":"<p>Depuis deux jours, les pompiers sont en intervention pour un important feu qui s&#8217;est d\u00e9clar\u00e9 \u00e0 Teloch\u00e9, dans la Sarthe, le lundi 18 juillet 2022. Des \u00e9vacuations toujours en cours, changement de direction du vent\u2026 Emmanuel Aubry, pr\u00e9fet, fait le point sur place. &nbsp; Le lundi 18 juillet 2022, un important feu s\u2019est d\u00e9clar\u00e9 dans&hellip;<!-- AddThis Advanced Settings generic via filter on get_the_excerpt --><!-- AddThis Share Buttons generic via filter on get_the_excerpt --><\/p>\n","protected":false},"author":4,"featured_media":10554,"comment_status":"closed","ping_status":"open","sticky":false,"template":"","format":"standard","meta":{"footnotes":""},"categories":[1],"tags":[],"class_list":["post-10551","post","type-post","status-publish","format-standard","has-post-thumbnail","hentry","category-contact-fm-72","category-1","description-off"],"yoast_head":"<!-- This site is optimized with the Yoast SEO plugin v27.4 - https:\/\/yoast.com\/product\/yoast-seo-wordpress\/ -->\n<title>Feu en Sarthe : pr\u00e8s de 180 hectares d\u00e9truits, les pompiers luttent toujours - Contact FM 99.3<\/title>\n<meta name=\"robots\" content=\"index, follow, max-snippet:-1, max-image-preview:large, max-video-preview:-1\" \/>\n<link rel=\"canonical\" href=\"https:\/\/contactfm72.fr\/?p=10551\" \/>\n<meta property=\"og:locale\" content=\"fr_FR\" \/>\n<meta property=\"og:type\" content=\"article\" \/>\n<meta property=\"og:title\" content=\"Feu en Sarthe : pr\u00e8s de 180 hectares d\u00e9truits, les pompiers luttent toujours - Contact FM 99.3\" \/>\n<meta property=\"og:description\" content=\"Depuis deux jours, les pompiers sont en intervention pour un important feu qui s&#8217;est d\u00e9clar\u00e9 \u00e0 Teloch\u00e9, dans la Sarthe, le lundi 18 juillet 2022. Des \u00e9vacuations toujours en cours, changement de direction du vent\u2026 Emmanuel Aubry, pr\u00e9fet, fait le point sur place. &nbsp; Le lundi 18 juillet 2022, un important feu s\u2019est d\u00e9clar\u00e9 dans&hellip;\" \/>\n<meta property=\"og:url\" content=\"https:\/\/contactfm72.fr\/?p=10551\" \/>\n<meta property=\"og:site_name\" content=\"Contact FM 99.3\" \/>\n<meta property=\"article:publisher\" content=\"https:\/\/www.facebook.com\/Contactfm.Chateauduloir\" \/>\n<meta property=\"article:published_time\" content=\"2022-07-19T15:46:12+00:00\" \/>\n<meta property=\"article:modified_time\" content=\"2022-07-19T16:05:23+00:00\" \/>\n<meta property=\"og:image\" content=\"https:\/\/contactfm72.fr\/wp-content\/uploads\/2022\/07\/feu-1.jpg\" \/>\n\t<meta property=\"og:image:width\" content=\"2048\" \/>\n\t<meta property=\"og:image:height\" content=\"1536\" \/>\n\t<meta property=\"og:image:type\" content=\"image\/jpeg\" \/>\n<meta name=\"author\" content=\"Val\u00e9rie C.\" \/>\n<meta name=\"twitter:card\" content=\"summary_large_image\" \/>\n<meta name=\"twitter:creator\" content=\"@contactfm72\" \/>\n<meta name=\"twitter:site\" content=\"@contactfm72\" \/>\n<meta name=\"twitter:label1\" content=\"\u00c9crit par\" \/>\n\t<meta name=\"twitter:data1\" content=\"Val\u00e9rie C.\" \/>\n\t<meta name=\"twitter:label2\" content=\"Dur\u00e9e de lecture estim\u00e9e\" \/>\n\t<meta name=\"twitter:data2\" content=\"2 minutes\" \/>\n<script type=\"application\/ld+json\" class=\"yoast-schema-graph\">{\"@context\":\"https:\\\/\\\/schema.org\",\"@graph\":[{\"@type\":\"Article\",\"@id\":\"https:\\\/\\\/contactfm72.fr\\\/?p=10551#article\",\"isPartOf\":{\"@id\":\"https:\\\/\\\/contactfm72.fr\\\/?p=10551\"},\"author\":{\"name\":\"Val\u00e9rie C.\",\"@id\":\"https:\\\/\\\/contactfm72.fr\\\/#\\\/schema\\\/person\\\/9fdc9d1c2eb029354a4f1535b90ba82d\"},\"headline\":\"Feu en Sarthe : pr\u00e8s de 180 hectares d\u00e9truits, les pompiers luttent toujours\",\"datePublished\":\"2022-07-19T15:46:12+00:00\",\"dateModified\":\"2022-07-19T16:05:23+00:00\",\"mainEntityOfPage\":{\"@id\":\"https:\\\/\\\/contactfm72.fr\\\/?p=10551\"},\"wordCount\":447,\"publisher\":{\"@id\":\"https:\\\/\\\/contactfm72.fr\\\/#organization\"},\"image\":{\"@id\":\"https:\\\/\\\/contactfm72.fr\\\/?p=10551#primaryimage\"},\"thumbnailUrl\":\"https:\\\/\\\/contactfm72.fr\\\/wp-content\\\/uploads\\\/2022\\\/07\\\/feu-1.jpg\",\"articleSection\":[\"Contact FM 72\"],\"inLanguage\":\"fr-FR\"},{\"@type\":\"WebPage\",\"@id\":\"https:\\\/\\\/contactfm72.fr\\\/?p=10551\",\"url\":\"https:\\\/\\\/contactfm72.fr\\\/?p=10551\",\"name\":\"Feu en Sarthe : pr\u00e8s de 180 hectares d\u00e9truits, les pompiers luttent toujours - Contact FM 99.3\",\"isPartOf\":{\"@id\":\"https:\\\/\\\/contactfm72.fr\\\/#website\"},\"primaryImageOfPage\":{\"@id\":\"https:\\\/\\\/contactfm72.fr\\\/?p=10551#primaryimage\"},\"image\":{\"@id\":\"https:\\\/\\\/contactfm72.fr\\\/?p=10551#primaryimage\"},\"thumbnailUrl\":\"https:\\\/\\\/contactfm72.fr\\\/wp-content\\\/uploads\\\/2022\\\/07\\\/feu-1.jpg\",\"datePublished\":\"2022-07-19T15:46:12+00:00\",\"dateModified\":\"2022-07-19T16:05:23+00:00\",\"breadcrumb\":{\"@id\":\"https:\\\/\\\/contactfm72.fr\\\/?p=10551#breadcrumb\"},\"inLanguage\":\"fr-FR\",\"potentialAction\":[{\"@type\":\"ReadAction\",\"target\":[\"https:\\\/\\\/contactfm72.fr\\\/?p=10551\"]}]},{\"@type\":\"ImageObject\",\"inLanguage\":\"fr-FR\",\"@id\":\"https:\\\/\\\/contactfm72.fr\\\/?p=10551#primaryimage\",\"url\":\"https:\\\/\\\/contactfm72.fr\\\/wp-content\\\/uploads\\\/2022\\\/07\\\/feu-1.jpg\",\"contentUrl\":\"https:\\\/\\\/contactfm72.fr\\\/wp-content\\\/uploads\\\/2022\\\/07\\\/feu-1.jpg\",\"width\":2048,\"height\":1536,\"caption\":\"Un important feu est en cours entre T\u00e9loch\u00e9 et Ruaudin, dans la Sarthe.\"},{\"@type\":\"BreadcrumbList\",\"@id\":\"https:\\\/\\\/contactfm72.fr\\\/?p=10551#breadcrumb\",\"itemListElement\":[{\"@type\":\"ListItem\",\"position\":1,\"name\":\"Accueil\",\"item\":\"https:\\\/\\\/contactfm72.fr\\\/\"},{\"@type\":\"ListItem\",\"position\":2,\"name\":\"Feu en Sarthe : pr\u00e8s de 180 hectares d\u00e9truits, les pompiers luttent toujours\"}]},{\"@type\":\"WebSite\",\"@id\":\"https:\\\/\\\/contactfm72.fr\\\/#website\",\"url\":\"https:\\\/\\\/contactfm72.fr\\\/\",\"name\":\"Contact FM 99.3\",\"description\":\"Votre radio en vall\u00e9e du Loir\",\"publisher\":{\"@id\":\"https:\\\/\\\/contactfm72.fr\\\/#organization\"},\"potentialAction\":[{\"@type\":\"SearchAction\",\"target\":{\"@type\":\"EntryPoint\",\"urlTemplate\":\"https:\\\/\\\/contactfm72.fr\\\/?s={search_term_string}\"},\"query-input\":{\"@type\":\"PropertyValueSpecification\",\"valueRequired\":true,\"valueName\":\"search_term_string\"}}],\"inLanguage\":\"fr-FR\"},{\"@type\":\"Organization\",\"@id\":\"https:\\\/\\\/contactfm72.fr\\\/#organization\",\"name\":\"Contact FM 99.3\",\"url\":\"https:\\\/\\\/contactfm72.fr\\\/\",\"logo\":{\"@type\":\"ImageObject\",\"inLanguage\":\"fr-FR\",\"@id\":\"https:\\\/\\\/contactfm72.fr\\\/#\\\/schema\\\/logo\\\/image\\\/\",\"url\":\"https:\\\/\\\/contactfm72.fr\\\/wp-content\\\/uploads\\\/2025\\\/04\\\/2025-04-18-2.jpg\",\"contentUrl\":\"https:\\\/\\\/contactfm72.fr\\\/wp-content\\\/uploads\\\/2025\\\/04\\\/2025-04-18-2.jpg\",\"width\":680,\"height\":307,\"caption\":\"Contact FM 99.3\"},\"image\":{\"@id\":\"https:\\\/\\\/contactfm72.fr\\\/#\\\/schema\\\/logo\\\/image\\\/\"},\"sameAs\":[\"https:\\\/\\\/www.facebook.com\\\/Contactfm.Chateauduloir\",\"https:\\\/\\\/x.com\\\/contactfm72\",\"https:\\\/\\\/www.instagram.com\\\/contact.fm.72?igsh=cGhlMHQ5N2JlNnpp\",\"https:\\\/\\\/www.tiktok.com\\\/@contact.fm\"]},{\"@type\":\"Person\",\"@id\":\"https:\\\/\\\/contactfm72.fr\\\/#\\\/schema\\\/person\\\/9fdc9d1c2eb029354a4f1535b90ba82d\",\"name\":\"Val\u00e9rie C.\",\"image\":{\"@type\":\"ImageObject\",\"inLanguage\":\"fr-FR\",\"@id\":\"https:\\\/\\\/secure.gravatar.com\\\/avatar\\\/2f8aa28f8dfbd7d4420afd1fdcdd0a349923e2c8a38ab28198b0f9d0601e4737?s=96&d=mm&r=g\",\"url\":\"https:\\\/\\\/secure.gravatar.com\\\/avatar\\\/2f8aa28f8dfbd7d4420afd1fdcdd0a349923e2c8a38ab28198b0f9d0601e4737?s=96&d=mm&r=g\",\"contentUrl\":\"https:\\\/\\\/secure.gravatar.com\\\/avatar\\\/2f8aa28f8dfbd7d4420afd1fdcdd0a349923e2c8a38ab28198b0f9d0601e4737?s=96&d=mm&r=g\",\"caption\":\"Val\u00e9rie C.\"},\"url\":\"https:\\\/\\\/contactfm72.fr\\\/?author=4\"}]}<\/script>\n<!-- \/ Yoast SEO plugin. -->","yoast_head_json":{"title":"Feu en Sarthe : pr\u00e8s de 180 hectares d\u00e9truits, les pompiers luttent toujours - Contact FM 99.3","robots":{"index":"index","follow":"follow","max-snippet":"max-snippet:-1","max-image-preview":"max-image-preview:large","max-video-preview":"max-video-preview:-1"},"canonical":"https:\/\/contactfm72.fr\/?p=10551","og_locale":"fr_FR","og_type":"article","og_title":"Feu en Sarthe : pr\u00e8s de 180 hectares d\u00e9truits, les pompiers luttent toujours - Contact FM 99.3","og_description":"Depuis deux jours, les pompiers sont en intervention pour un important feu qui s&#8217;est d\u00e9clar\u00e9 \u00e0 Teloch\u00e9, dans la Sarthe, le lundi 18 juillet 2022. Des \u00e9vacuations toujours en cours, changement de direction du vent\u2026 Emmanuel Aubry, pr\u00e9fet, fait le point sur place. &nbsp; Le lundi 18 juillet 2022, un important feu s\u2019est d\u00e9clar\u00e9 dans&hellip;","og_url":"https:\/\/contactfm72.fr\/?p=10551","og_site_name":"Contact FM 99.3","article_publisher":"https:\/\/www.facebook.com\/Contactfm.Chateauduloir","article_published_time":"2022-07-19T15:46:12+00:00","article_modified_time":"2022-07-19T16:05:23+00:00","og_image":[{"width":2048,"height":1536,"url":"https:\/\/contactfm72.fr\/wp-content\/uploads\/2022\/07\/feu-1.jpg","type":"image\/jpeg"}],"author":"Val\u00e9rie C.","twitter_card":"summary_large_image","twitter_creator":"@contactfm72","twitter_site":"@contactfm72","twitter_misc":{"\u00c9crit par":"Val\u00e9rie C.","Dur\u00e9e de lecture estim\u00e9e":"2 minutes"},"schema":{"@context":"https:\/\/schema.org","@graph":[{"@type":"Article","@id":"https:\/\/contactfm72.fr\/?p=10551#article","isPartOf":{"@id":"https:\/\/contactfm72.fr\/?p=10551"},"author":{"name":"Val\u00e9rie C.","@id":"https:\/\/contactfm72.fr\/#\/schema\/person\/9fdc9d1c2eb029354a4f1535b90ba82d"},"headline":"Feu en Sarthe : pr\u00e8s de 180 hectares d\u00e9truits, les pompiers luttent toujours","datePublished":"2022-07-19T15:46:12+00:00","dateModified":"2022-07-19T16:05:23+00:00","mainEntityOfPage":{"@id":"https:\/\/contactfm72.fr\/?p=10551"},"wordCount":447,"publisher":{"@id":"https:\/\/contactfm72.fr\/#organization"},"image":{"@id":"https:\/\/contactfm72.fr\/?p=10551#primaryimage"},"thumbnailUrl":"https:\/\/contactfm72.fr\/wp-content\/uploads\/2022\/07\/feu-1.jpg","articleSection":["Contact FM 72"],"inLanguage":"fr-FR"},{"@type":"WebPage","@id":"https:\/\/contactfm72.fr\/?p=10551","url":"https:\/\/contactfm72.fr\/?p=10551","name":"Feu en Sarthe : pr\u00e8s de 180 hectares d\u00e9truits, les pompiers luttent toujours - Contact FM 99.3","isPartOf":{"@id":"https:\/\/contactfm72.fr\/#website"},"primaryImageOfPage":{"@id":"https:\/\/contactfm72.fr\/?p=10551#primaryimage"},"image":{"@id":"https:\/\/contactfm72.fr\/?p=10551#primaryimage"},"thumbnailUrl":"https:\/\/contactfm72.fr\/wp-content\/uploads\/2022\/07\/feu-1.jpg","datePublished":"2022-07-19T15:46:12+00:00","dateModified":"2022-07-19T16:05:23+00:00","breadcrumb":{"@id":"https:\/\/contactfm72.fr\/?p=10551#breadcrumb"},"inLanguage":"fr-FR","potentialAction":[{"@type":"ReadAction","target":["https:\/\/contactfm72.fr\/?p=10551"]}]},{"@type":"ImageObject","inLanguage":"fr-FR","@id":"https:\/\/contactfm72.fr\/?p=10551#primaryimage","url":"https:\/\/contactfm72.fr\/wp-content\/uploads\/2022\/07\/feu-1.jpg","contentUrl":"https:\/\/contactfm72.fr\/wp-content\/uploads\/2022\/07\/feu-1.jpg","width":2048,"height":1536,"caption":"Un important feu est en cours entre T\u00e9loch\u00e9 et Ruaudin, dans la Sarthe."},{"@type":"BreadcrumbList","@id":"https:\/\/contactfm72.fr\/?p=10551#breadcrumb","itemListElement":[{"@type":"ListItem","position":1,"name":"Accueil","item":"https:\/\/contactfm72.fr\/"},{"@type":"ListItem","position":2,"name":"Feu en Sarthe : pr\u00e8s de 180 hectares d\u00e9truits, les pompiers luttent toujours"}]},{"@type":"WebSite","@id":"https:\/\/contactfm72.fr\/#website","url":"https:\/\/contactfm72.fr\/","name":"Contact FM 99.3","description":"Votre radio en vall\u00e9e du Loir","publisher":{"@id":"https:\/\/contactfm72.fr\/#organization"},"potentialAction":[{"@type":"SearchAction","target":{"@type":"EntryPoint","urlTemplate":"https:\/\/contactfm72.fr\/?s={search_term_string}"},"query-input":{"@type":"PropertyValueSpecification","valueRequired":true,"valueName":"search_term_string"}}],"inLanguage":"fr-FR"},{"@type":"Organization","@id":"https:\/\/contactfm72.fr\/#organization","name":"Contact FM 99.3","url":"https:\/\/contactfm72.fr\/","logo":{"@type":"ImageObject","inLanguage":"fr-FR","@id":"https:\/\/contactfm72.fr\/#\/schema\/logo\/image\/","url":"https:\/\/contactfm72.fr\/wp-content\/uploads\/2025\/04\/2025-04-18-2.jpg","contentUrl":"https:\/\/contactfm72.fr\/wp-content\/uploads\/2025\/04\/2025-04-18-2.jpg","width":680,"height":307,"caption":"Contact FM 99.3"},"image":{"@id":"https:\/\/contactfm72.fr\/#\/schema\/logo\/image\/"},"sameAs":["https:\/\/www.facebook.com\/Contactfm.Chateauduloir","https:\/\/x.com\/contactfm72","https:\/\/www.instagram.com\/contact.fm.72?igsh=cGhlMHQ5N2JlNnpp","https:\/\/www.tiktok.com\/@contact.fm"]},{"@type":"Person","@id":"https:\/\/contactfm72.fr\/#\/schema\/person\/9fdc9d1c2eb029354a4f1535b90ba82d","name":"Val\u00e9rie C.","image":{"@type":"ImageObject","inLanguage":"fr-FR","@id":"https:\/\/secure.gravatar.com\/avatar\/2f8aa28f8dfbd7d4420afd1fdcdd0a349923e2c8a38ab28198b0f9d0601e4737?s=96&d=mm&r=g","url":"https:\/\/secure.gravatar.com\/avatar\/2f8aa28f8dfbd7d4420afd1fdcdd0a349923e2c8a38ab28198b0f9d0601e4737?s=96&d=mm&r=g","contentUrl":"https:\/\/secure.gravatar.com\/avatar\/2f8aa28f8dfbd7d4420afd1fdcdd0a349923e2c8a38ab28198b0f9d0601e4737?s=96&d=mm&r=g","caption":"Val\u00e9rie C."},"url":"https:\/\/contactfm72.fr\/?author=4"}]}},"_links":{"self":[{"href":"https:\/\/contactfm72.fr\/index.php?rest_route=\/wp\/v2\/posts\/10551","targetHints":{"allow":["GET"]}}],"collection":[{"href":"https:\/\/contactfm72.fr\/index.php?rest_route=\/wp\/v2\/posts"}],"about":[{"href":"https:\/\/contactfm72.fr\/index.php?rest_route=\/wp\/v2\/types\/post"}],"author":[{"embeddable":true,"href":"https:\/\/contactfm72.fr\/index.php?rest_route=\/wp\/v2\/users\/4"}],"replies":[{"embeddable":true,"href":"https:\/\/contactfm72.fr\/index.php?rest_route=%2Fwp%2Fv2%2Fcomments&post=10551"}],"version-history":[{"count":3,"href":"https:\/\/contactfm72.fr\/index.php?rest_route=\/wp\/v2\/posts\/10551\/revisions"}],"predecessor-version":[{"id":10558,"href":"https:\/\/contactfm72.fr\/index.php?rest_route=\/wp\/v2\/posts\/10551\/revisions\/10558"}],"wp:featuredmedia":[{"embeddable":true,"href":"https:\/\/contactfm72.fr\/index.php?rest_route=\/wp\/v2\/media\/10554"}],"wp:attachment":[{"href":"https:\/\/contactfm72.fr\/index.php?rest_route=%2Fwp%2Fv2%2Fmedia&parent=10551"}],"wp:term":[{"taxonomy":"category","embeddable":true,"href":"https:\/\/contactfm72.fr\/index.php?rest_route=%2Fwp%2Fv2%2Fcategories&post=10551"},{"taxonomy":"post_tag","embeddable":true,"href":"https:\/\/contactfm72.fr\/index.php?rest_route=%2Fwp%2Fv2%2Ftags&post=10551"}],"curies":[{"name":"wp","href":"https:\/\/api.w.org\/{rel}","templated":true}]}}