{"id":10541,"date":"2022-07-21T11:30:41","date_gmt":"2022-07-21T09:30:41","guid":{"rendered":"http:\/\/contactfm72.fr\/?p=10541"},"modified":"2022-07-20T11:06:04","modified_gmt":"2022-07-20T09:06:04","slug":"petr-la-feuille-de-route-de-projets-2023-2027-devoilee","status":"publish","type":"post","link":"https:\/\/contactfm72.fr\/?p=10541","title":{"rendered":"Pays Vall\u00e9e du Loir : la feuille de route de projets 2023-2027 d\u00e9voil\u00e9e"},"content":{"rendered":"<h2>A Pontvallain, les maires du Pays Vall\u00e9e du Loir se sont r\u00e9cemment r\u00e9unis pour annoncer le plan d\u2019actions leader 2023-2027.<\/h2>\n<p>&nbsp;<\/p>\n<p>P\u00f4le d\u2019\u00e9quilibre territorial et rural (<strong>PETR<\/strong>), le <strong><a href=\"https:\/\/pays-valleeduloir.fr\/le-territoire-le-pays\/le-petr-pays-vallee-du-loir\/\">Pays Vall\u00e9e du Loir<\/a><\/strong> est, depuis 2002, une structure publique contribue au d\u00e9veloppement du territoire. Il met en \u0153uvre des projets \u00e9conomiques, sociaux, environnementaux, culturels et touristiques. R\u00e9cemment, les maires du territoire concern\u00e9s se sont retrouv\u00e9s, en r\u00e9union \u00e0 Pontvallain, commune du <strong>sud Sarthe<\/strong>, pr\u00e9sid\u00e9e par <strong>B\u00e9atrice Latouche<\/strong>, afin d\u2019\u00e9tablir la feuille de route de <strong>projets de 2023 \u00e0 2027<\/strong>.<\/p>\n<p>&nbsp;<\/p>\n<h3><strong>Am\u00e9nagement du territoire<\/strong><\/h3>\n<p>Parmi les projets annonc\u00e9s, le PETR souhaite favoriser les \u00e9chelles de proximit\u00e9 pour renforcer la <strong>coh\u00e9sion sociale et territoriale<\/strong>. Cette action passera notamment par aider \u00e0 l\u2019<strong>installation de nouveaux paysans<\/strong> et de maintenir l\u2019emploi agricole et alimentaire, ou encore de redynamiser les centre-bourgs.<\/p>\n<p>Le PETR souhaite \u00e9galement d\u00e9velopper des<strong> solutions de mobilit\u00e9<\/strong>, notamment gr\u00e2ce \u00e0 la voie verte qui devrait \u00eatre inaugur\u00e9e prochainement, ou encore de reconnecter les quartiers des villes et villages du sud-Sarthe.<\/p>\n<p>La <strong>sensibilisation au climat et d\u00e9veloppement durable<\/strong> et favoriser la biodiversit\u00e9 font parties des projets pour les ann\u00e9es \u00e0 venir du PETR.<\/p>\n<p>&nbsp;<\/p>\n<h3><strong>Culture, tourisme et \u00e9conomie<\/strong><\/h3>\n<p>Afin de garantir un acc\u00e8s \u00e0 la <a href=\"http:\/\/contactfm72.fr\/?p=10486\">culture \u00e0 tous et pour tous<\/a>, le PETR souhaite mettre en avant la <strong>d\u00e9couverte d\u2019actions culturelles<\/strong> de qualit\u00e9 \u00e0 proximit\u00e9 et de promouvoir le <strong>patrimoine culturel<\/strong> et le spectacle vivant, tout en d\u00e9veloppant l\u2019offre culturelle du territoire.<\/p>\n<p>Enfin, autre point abord\u00e9 lors de cette r\u00e9union est le <strong>service de proximit\u00e9 aux habitants<\/strong>. Parmi les actions engag\u00e9es, le PETR souhaite lutter contre les d\u00e9serts m\u00e9dicaux, soutenir les initiatives locales, ou encore rompre l\u2019isolement tout en recr\u00e9ant du lien et promouvoir l\u2019autonomie des jeunes.<\/p>\n<p>&nbsp;<\/p>\n<p>Lors de la pr\u00e9c\u00e9dente feuille de route projets leader du PETR 2014-2022, ce ne sont pas moins de <strong>159 projets qui \u00e9t\u00e9 aboutis<\/strong>. N\u00e9anmoins, le PETR souhaite encore et toujours garantir son projet de <strong>d\u00e9veloppement territorial.<\/strong><\/p>\n<!-- AddThis Advanced Settings generic via filter on the_content --><!-- AddThis Share Buttons generic via filter on the_content -->","protected":false},"excerpt":{"rendered":"<p>A Pontvallain, les maires du Pays Vall\u00e9e du Loir se sont r\u00e9cemment r\u00e9unis pour annoncer le plan d\u2019actions leader 2023-2027. &nbsp; P\u00f4le d\u2019\u00e9quilibre territorial et rural (PETR), le Pays Vall\u00e9e du Loir est, depuis 2002, une structure publique contribue au d\u00e9veloppement du territoire. Il met en \u0153uvre des projets \u00e9conomiques, sociaux, environnementaux, culturels et touristiques.&hellip;<!-- AddThis Advanced Settings generic via filter on get_the_excerpt --><!-- AddThis Share Buttons generic via filter on get_the_excerpt --><\/p>\n","protected":false},"author":4,"featured_media":10542,"comment_status":"closed","ping_status":"open","sticky":false,"template":"","format":"standard","meta":{"footnotes":""},"categories":[1],"tags":[],"class_list":["post-10541","post","type-post","status-publish","format-standard","has-post-thumbnail","hentry","category-contact-fm-72","category-1","description-off"],"yoast_head":"<!-- This site is optimized with the Yoast SEO plugin v27.4 - https:\/\/yoast.com\/product\/yoast-seo-wordpress\/ -->\n<title>Pays Vall\u00e9e du Loir : la feuille de route de projets 2023-2027 d\u00e9voil\u00e9e - Contact FM 99.3<\/title>\n<meta name=\"robots\" content=\"index, follow, max-snippet:-1, max-image-preview:large, max-video-preview:-1\" \/>\n<link rel=\"canonical\" href=\"https:\/\/contactfm72.fr\/?p=10541\" \/>\n<meta property=\"og:locale\" content=\"fr_FR\" \/>\n<meta property=\"og:type\" content=\"article\" \/>\n<meta property=\"og:title\" content=\"Pays Vall\u00e9e du Loir : la feuille de route de projets 2023-2027 d\u00e9voil\u00e9e - Contact FM 99.3\" \/>\n<meta property=\"og:description\" content=\"A Pontvallain, les maires du Pays Vall\u00e9e du Loir se sont r\u00e9cemment r\u00e9unis pour annoncer le plan d\u2019actions leader 2023-2027. &nbsp; P\u00f4le d\u2019\u00e9quilibre territorial et rural (PETR), le Pays Vall\u00e9e du Loir est, depuis 2002, une structure publique contribue au d\u00e9veloppement du territoire. Il met en \u0153uvre des projets \u00e9conomiques, sociaux, environnementaux, culturels et touristiques.&hellip;\" \/>\n<meta property=\"og:url\" content=\"https:\/\/contactfm72.fr\/?p=10541\" \/>\n<meta property=\"og:site_name\" content=\"Contact FM 99.3\" \/>\n<meta property=\"article:publisher\" content=\"https:\/\/www.facebook.com\/Contactfm.Chateauduloir\" \/>\n<meta property=\"article:published_time\" content=\"2022-07-21T09:30:41+00:00\" \/>\n<meta property=\"og:image\" content=\"https:\/\/contactfm72.fr\/wp-content\/uploads\/2022\/07\/PETR.jpg\" \/>\n\t<meta property=\"og:image:width\" content=\"750\" \/>\n\t<meta property=\"og:image:height\" content=\"563\" \/>\n\t<meta property=\"og:image:type\" content=\"image\/jpeg\" \/>\n<meta name=\"author\" content=\"Val\u00e9rie C.\" \/>\n<meta name=\"twitter:card\" content=\"summary_large_image\" \/>\n<meta name=\"twitter:creator\" content=\"@contactfm72\" \/>\n<meta name=\"twitter:site\" content=\"@contactfm72\" \/>\n<meta name=\"twitter:label1\" content=\"\u00c9crit par\" \/>\n\t<meta name=\"twitter:data1\" content=\"Val\u00e9rie C.\" \/>\n\t<meta name=\"twitter:label2\" content=\"Dur\u00e9e de lecture estim\u00e9e\" \/>\n\t<meta name=\"twitter:data2\" content=\"2 minutes\" \/>\n<script type=\"application\/ld+json\" class=\"yoast-schema-graph\">{\"@context\":\"https:\\\/\\\/schema.org\",\"@graph\":[{\"@type\":\"Article\",\"@id\":\"https:\\\/\\\/contactfm72.fr\\\/?p=10541#article\",\"isPartOf\":{\"@id\":\"https:\\\/\\\/contactfm72.fr\\\/?p=10541\"},\"author\":{\"name\":\"Val\u00e9rie C.\",\"@id\":\"https:\\\/\\\/contactfm72.fr\\\/#\\\/schema\\\/person\\\/9fdc9d1c2eb029354a4f1535b90ba82d\"},\"headline\":\"Pays Vall\u00e9e du Loir : la feuille de route de projets 2023-2027 d\u00e9voil\u00e9e\",\"datePublished\":\"2022-07-21T09:30:41+00:00\",\"mainEntityOfPage\":{\"@id\":\"https:\\\/\\\/contactfm72.fr\\\/?p=10541\"},\"wordCount\":365,\"publisher\":{\"@id\":\"https:\\\/\\\/contactfm72.fr\\\/#organization\"},\"image\":{\"@id\":\"https:\\\/\\\/contactfm72.fr\\\/?p=10541#primaryimage\"},\"thumbnailUrl\":\"https:\\\/\\\/contactfm72.fr\\\/wp-content\\\/uploads\\\/2022\\\/07\\\/PETR.jpg\",\"articleSection\":[\"Contact FM 72\"],\"inLanguage\":\"fr-FR\"},{\"@type\":\"WebPage\",\"@id\":\"https:\\\/\\\/contactfm72.fr\\\/?p=10541\",\"url\":\"https:\\\/\\\/contactfm72.fr\\\/?p=10541\",\"name\":\"Pays Vall\u00e9e du Loir : la feuille de route de projets 2023-2027 d\u00e9voil\u00e9e - Contact FM 99.3\",\"isPartOf\":{\"@id\":\"https:\\\/\\\/contactfm72.fr\\\/#website\"},\"primaryImageOfPage\":{\"@id\":\"https:\\\/\\\/contactfm72.fr\\\/?p=10541#primaryimage\"},\"image\":{\"@id\":\"https:\\\/\\\/contactfm72.fr\\\/?p=10541#primaryimage\"},\"thumbnailUrl\":\"https:\\\/\\\/contactfm72.fr\\\/wp-content\\\/uploads\\\/2022\\\/07\\\/PETR.jpg\",\"datePublished\":\"2022-07-21T09:30:41+00:00\",\"breadcrumb\":{\"@id\":\"https:\\\/\\\/contactfm72.fr\\\/?p=10541#breadcrumb\"},\"inLanguage\":\"fr-FR\",\"potentialAction\":[{\"@type\":\"ReadAction\",\"target\":[\"https:\\\/\\\/contactfm72.fr\\\/?p=10541\"]}]},{\"@type\":\"ImageObject\",\"inLanguage\":\"fr-FR\",\"@id\":\"https:\\\/\\\/contactfm72.fr\\\/?p=10541#primaryimage\",\"url\":\"https:\\\/\\\/contactfm72.fr\\\/wp-content\\\/uploads\\\/2022\\\/07\\\/PETR.jpg\",\"contentUrl\":\"https:\\\/\\\/contactfm72.fr\\\/wp-content\\\/uploads\\\/2022\\\/07\\\/PETR.jpg\",\"width\":750,\"height\":563,\"caption\":\"Lors de la conf\u00e9rence des maires du PETR Pays Vall\u00e9e du Loir, \u00e0 Ponvallain, pr\u00e9sid\u00e9 par B\u00e9atrice Latouche, en compagnie de Fran\u00e7ois Boussard.\"},{\"@type\":\"BreadcrumbList\",\"@id\":\"https:\\\/\\\/contactfm72.fr\\\/?p=10541#breadcrumb\",\"itemListElement\":[{\"@type\":\"ListItem\",\"position\":1,\"name\":\"Accueil\",\"item\":\"https:\\\/\\\/contactfm72.fr\\\/\"},{\"@type\":\"ListItem\",\"position\":2,\"name\":\"Pays Vall\u00e9e du Loir : la feuille de route de projets 2023-2027 d\u00e9voil\u00e9e\"}]},{\"@type\":\"WebSite\",\"@id\":\"https:\\\/\\\/contactfm72.fr\\\/#website\",\"url\":\"https:\\\/\\\/contactfm72.fr\\\/\",\"name\":\"Contact FM 99.3\",\"description\":\"Votre radio en vall\u00e9e du Loir\",\"publisher\":{\"@id\":\"https:\\\/\\\/contactfm72.fr\\\/#organization\"},\"potentialAction\":[{\"@type\":\"SearchAction\",\"target\":{\"@type\":\"EntryPoint\",\"urlTemplate\":\"https:\\\/\\\/contactfm72.fr\\\/?s={search_term_string}\"},\"query-input\":{\"@type\":\"PropertyValueSpecification\",\"valueRequired\":true,\"valueName\":\"search_term_string\"}}],\"inLanguage\":\"fr-FR\"},{\"@type\":\"Organization\",\"@id\":\"https:\\\/\\\/contactfm72.fr\\\/#organization\",\"name\":\"Contact FM 99.3\",\"url\":\"https:\\\/\\\/contactfm72.fr\\\/\",\"logo\":{\"@type\":\"ImageObject\",\"inLanguage\":\"fr-FR\",\"@id\":\"https:\\\/\\\/contactfm72.fr\\\/#\\\/schema\\\/logo\\\/image\\\/\",\"url\":\"https:\\\/\\\/contactfm72.fr\\\/wp-content\\\/uploads\\\/2025\\\/04\\\/2025-04-18-2.jpg\",\"contentUrl\":\"https:\\\/\\\/contactfm72.fr\\\/wp-content\\\/uploads\\\/2025\\\/04\\\/2025-04-18-2.jpg\",\"width\":680,\"height\":307,\"caption\":\"Contact FM 99.3\"},\"image\":{\"@id\":\"https:\\\/\\\/contactfm72.fr\\\/#\\\/schema\\\/logo\\\/image\\\/\"},\"sameAs\":[\"https:\\\/\\\/www.facebook.com\\\/Contactfm.Chateauduloir\",\"https:\\\/\\\/x.com\\\/contactfm72\",\"https:\\\/\\\/www.instagram.com\\\/contact.fm.72?igsh=cGhlMHQ5N2JlNnpp\",\"https:\\\/\\\/www.tiktok.com\\\/@contact.fm\"]},{\"@type\":\"Person\",\"@id\":\"https:\\\/\\\/contactfm72.fr\\\/#\\\/schema\\\/person\\\/9fdc9d1c2eb029354a4f1535b90ba82d\",\"name\":\"Val\u00e9rie C.\",\"image\":{\"@type\":\"ImageObject\",\"inLanguage\":\"fr-FR\",\"@id\":\"https:\\\/\\\/secure.gravatar.com\\\/avatar\\\/2f8aa28f8dfbd7d4420afd1fdcdd0a349923e2c8a38ab28198b0f9d0601e4737?s=96&d=mm&r=g\",\"url\":\"https:\\\/\\\/secure.gravatar.com\\\/avatar\\\/2f8aa28f8dfbd7d4420afd1fdcdd0a349923e2c8a38ab28198b0f9d0601e4737?s=96&d=mm&r=g\",\"contentUrl\":\"https:\\\/\\\/secure.gravatar.com\\\/avatar\\\/2f8aa28f8dfbd7d4420afd1fdcdd0a349923e2c8a38ab28198b0f9d0601e4737?s=96&d=mm&r=g\",\"caption\":\"Val\u00e9rie C.\"},\"url\":\"https:\\\/\\\/contactfm72.fr\\\/?author=4\"}]}<\/script>\n<!-- \/ Yoast SEO plugin. -->","yoast_head_json":{"title":"Pays Vall\u00e9e du Loir : la feuille de route de projets 2023-2027 d\u00e9voil\u00e9e - Contact FM 99.3","robots":{"index":"index","follow":"follow","max-snippet":"max-snippet:-1","max-image-preview":"max-image-preview:large","max-video-preview":"max-video-preview:-1"},"canonical":"https:\/\/contactfm72.fr\/?p=10541","og_locale":"fr_FR","og_type":"article","og_title":"Pays Vall\u00e9e du Loir : la feuille de route de projets 2023-2027 d\u00e9voil\u00e9e - Contact FM 99.3","og_description":"A Pontvallain, les maires du Pays Vall\u00e9e du Loir se sont r\u00e9cemment r\u00e9unis pour annoncer le plan d\u2019actions leader 2023-2027. &nbsp; P\u00f4le d\u2019\u00e9quilibre territorial et rural (PETR), le Pays Vall\u00e9e du Loir est, depuis 2002, une structure publique contribue au d\u00e9veloppement du territoire. Il met en \u0153uvre des projets \u00e9conomiques, sociaux, environnementaux, culturels et touristiques.&hellip;","og_url":"https:\/\/contactfm72.fr\/?p=10541","og_site_name":"Contact FM 99.3","article_publisher":"https:\/\/www.facebook.com\/Contactfm.Chateauduloir","article_published_time":"2022-07-21T09:30:41+00:00","og_image":[{"width":750,"height":563,"url":"https:\/\/contactfm72.fr\/wp-content\/uploads\/2022\/07\/PETR.jpg","type":"image\/jpeg"}],"author":"Val\u00e9rie C.","twitter_card":"summary_large_image","twitter_creator":"@contactfm72","twitter_site":"@contactfm72","twitter_misc":{"\u00c9crit par":"Val\u00e9rie C.","Dur\u00e9e de lecture estim\u00e9e":"2 minutes"},"schema":{"@context":"https:\/\/schema.org","@graph":[{"@type":"Article","@id":"https:\/\/contactfm72.fr\/?p=10541#article","isPartOf":{"@id":"https:\/\/contactfm72.fr\/?p=10541"},"author":{"name":"Val\u00e9rie C.","@id":"https:\/\/contactfm72.fr\/#\/schema\/person\/9fdc9d1c2eb029354a4f1535b90ba82d"},"headline":"Pays Vall\u00e9e du Loir : la feuille de route de projets 2023-2027 d\u00e9voil\u00e9e","datePublished":"2022-07-21T09:30:41+00:00","mainEntityOfPage":{"@id":"https:\/\/contactfm72.fr\/?p=10541"},"wordCount":365,"publisher":{"@id":"https:\/\/contactfm72.fr\/#organization"},"image":{"@id":"https:\/\/contactfm72.fr\/?p=10541#primaryimage"},"thumbnailUrl":"https:\/\/contactfm72.fr\/wp-content\/uploads\/2022\/07\/PETR.jpg","articleSection":["Contact FM 72"],"inLanguage":"fr-FR"},{"@type":"WebPage","@id":"https:\/\/contactfm72.fr\/?p=10541","url":"https:\/\/contactfm72.fr\/?p=10541","name":"Pays Vall\u00e9e du Loir : la feuille de route de projets 2023-2027 d\u00e9voil\u00e9e - Contact FM 99.3","isPartOf":{"@id":"https:\/\/contactfm72.fr\/#website"},"primaryImageOfPage":{"@id":"https:\/\/contactfm72.fr\/?p=10541#primaryimage"},"image":{"@id":"https:\/\/contactfm72.fr\/?p=10541#primaryimage"},"thumbnailUrl":"https:\/\/contactfm72.fr\/wp-content\/uploads\/2022\/07\/PETR.jpg","datePublished":"2022-07-21T09:30:41+00:00","breadcrumb":{"@id":"https:\/\/contactfm72.fr\/?p=10541#breadcrumb"},"inLanguage":"fr-FR","potentialAction":[{"@type":"ReadAction","target":["https:\/\/contactfm72.fr\/?p=10541"]}]},{"@type":"ImageObject","inLanguage":"fr-FR","@id":"https:\/\/contactfm72.fr\/?p=10541#primaryimage","url":"https:\/\/contactfm72.fr\/wp-content\/uploads\/2022\/07\/PETR.jpg","contentUrl":"https:\/\/contactfm72.fr\/wp-content\/uploads\/2022\/07\/PETR.jpg","width":750,"height":563,"caption":"Lors de la conf\u00e9rence des maires du PETR Pays Vall\u00e9e du Loir, \u00e0 Ponvallain, pr\u00e9sid\u00e9 par B\u00e9atrice Latouche, en compagnie de Fran\u00e7ois Boussard."},{"@type":"BreadcrumbList","@id":"https:\/\/contactfm72.fr\/?p=10541#breadcrumb","itemListElement":[{"@type":"ListItem","position":1,"name":"Accueil","item":"https:\/\/contactfm72.fr\/"},{"@type":"ListItem","position":2,"name":"Pays Vall\u00e9e du Loir : la feuille de route de projets 2023-2027 d\u00e9voil\u00e9e"}]},{"@type":"WebSite","@id":"https:\/\/contactfm72.fr\/#website","url":"https:\/\/contactfm72.fr\/","name":"Contact FM 99.3","description":"Votre radio en vall\u00e9e du Loir","publisher":{"@id":"https:\/\/contactfm72.fr\/#organization"},"potentialAction":[{"@type":"SearchAction","target":{"@type":"EntryPoint","urlTemplate":"https:\/\/contactfm72.fr\/?s={search_term_string}"},"query-input":{"@type":"PropertyValueSpecification","valueRequired":true,"valueName":"search_term_string"}}],"inLanguage":"fr-FR"},{"@type":"Organization","@id":"https:\/\/contactfm72.fr\/#organization","name":"Contact FM 99.3","url":"https:\/\/contactfm72.fr\/","logo":{"@type":"ImageObject","inLanguage":"fr-FR","@id":"https:\/\/contactfm72.fr\/#\/schema\/logo\/image\/","url":"https:\/\/contactfm72.fr\/wp-content\/uploads\/2025\/04\/2025-04-18-2.jpg","contentUrl":"https:\/\/contactfm72.fr\/wp-content\/uploads\/2025\/04\/2025-04-18-2.jpg","width":680,"height":307,"caption":"Contact FM 99.3"},"image":{"@id":"https:\/\/contactfm72.fr\/#\/schema\/logo\/image\/"},"sameAs":["https:\/\/www.facebook.com\/Contactfm.Chateauduloir","https:\/\/x.com\/contactfm72","https:\/\/www.instagram.com\/contact.fm.72?igsh=cGhlMHQ5N2JlNnpp","https:\/\/www.tiktok.com\/@contact.fm"]},{"@type":"Person","@id":"https:\/\/contactfm72.fr\/#\/schema\/person\/9fdc9d1c2eb029354a4f1535b90ba82d","name":"Val\u00e9rie C.","image":{"@type":"ImageObject","inLanguage":"fr-FR","@id":"https:\/\/secure.gravatar.com\/avatar\/2f8aa28f8dfbd7d4420afd1fdcdd0a349923e2c8a38ab28198b0f9d0601e4737?s=96&d=mm&r=g","url":"https:\/\/secure.gravatar.com\/avatar\/2f8aa28f8dfbd7d4420afd1fdcdd0a349923e2c8a38ab28198b0f9d0601e4737?s=96&d=mm&r=g","contentUrl":"https:\/\/secure.gravatar.com\/avatar\/2f8aa28f8dfbd7d4420afd1fdcdd0a349923e2c8a38ab28198b0f9d0601e4737?s=96&d=mm&r=g","caption":"Val\u00e9rie C."},"url":"https:\/\/contactfm72.fr\/?author=4"}]}},"_links":{"self":[{"href":"https:\/\/contactfm72.fr\/index.php?rest_route=\/wp\/v2\/posts\/10541","targetHints":{"allow":["GET"]}}],"collection":[{"href":"https:\/\/contactfm72.fr\/index.php?rest_route=\/wp\/v2\/posts"}],"about":[{"href":"https:\/\/contactfm72.fr\/index.php?rest_route=\/wp\/v2\/types\/post"}],"author":[{"embeddable":true,"href":"https:\/\/contactfm72.fr\/index.php?rest_route=\/wp\/v2\/users\/4"}],"replies":[{"embeddable":true,"href":"https:\/\/contactfm72.fr\/index.php?rest_route=%2Fwp%2Fv2%2Fcomments&post=10541"}],"version-history":[{"count":2,"href":"https:\/\/contactfm72.fr\/index.php?rest_route=\/wp\/v2\/posts\/10541\/revisions"}],"predecessor-version":[{"id":10559,"href":"https:\/\/contactfm72.fr\/index.php?rest_route=\/wp\/v2\/posts\/10541\/revisions\/10559"}],"wp:featuredmedia":[{"embeddable":true,"href":"https:\/\/contactfm72.fr\/index.php?rest_route=\/wp\/v2\/media\/10542"}],"wp:attachment":[{"href":"https:\/\/contactfm72.fr\/index.php?rest_route=%2Fwp%2Fv2%2Fmedia&parent=10541"}],"wp:term":[{"taxonomy":"category","embeddable":true,"href":"https:\/\/contactfm72.fr\/index.php?rest_route=%2Fwp%2Fv2%2Fcategories&post=10541"},{"taxonomy":"post_tag","embeddable":true,"href":"https:\/\/contactfm72.fr\/index.php?rest_route=%2Fwp%2Fv2%2Ftags&post=10541"}],"curies":[{"name":"wp","href":"https:\/\/api.w.org\/{rel}","templated":true}]}}