{"id":10534,"date":"2022-07-19T14:00:39","date_gmt":"2022-07-19T12:00:39","guid":{"rendered":"http:\/\/contactfm72.fr\/?p=10534"},"modified":"2022-07-15T12:30:31","modified_gmt":"2022-07-15T10:30:31","slug":"aubigne-racan-13-jeunes-venus-du-monde-entier-pour-valoriser-le-patrimoine","status":"publish","type":"post","link":"https:\/\/contactfm72.fr\/?p=10534","title":{"rendered":"Aubign\u00e9-Racan : 13 jeunes venus du monde entier pour valoriser le patrimoine"},"content":{"rendered":"<h2>Le D\u00e9partement accueille, depuis de nombreuses ann\u00e9es, en partenariat avec la commune d\u2019Aubign\u00e9-Racan et l\u2019association Concordia Normandie\u2013Maine, avec le soutien de l\u2019\u00c9tat et de la R\u00e9gion des Pays de la Loire, un chantier international de jeunes b\u00e9n\u00e9voles \u00e0 Aubign\u00e9-Racan, pour mener des actions sur le site arch\u00e9ologique.<\/h2>\n<p>&nbsp;<\/p>\n<p>Cette ann\u00e9e, le <strong>D\u00e9partement<\/strong> a propos\u00e9 \u00e0 ces <strong>jeunes b\u00e9n\u00e9voles<\/strong> un projet in\u00e9dit dont le but est de valoriser la <strong>dimension \u00e9cologique<\/strong> de ce site exceptionnel. Le groupe de b\u00e9n\u00e9voles devra r\u00e9aliser <strong>un projet audio<\/strong>, avec l\u2019appui de <strong>Radio Pr\u00e9vert<\/strong> pour faire la promotion des<strong> \u00ab prairies de Cherr\u00e9 \u00bb,<\/strong> en tant qu\u2019Espace Naturel Sensible et de valoriser la biodiversit\u00e9 de ce lieu.<\/p>\n<p>Le chantier accueillera <strong>13 jeunes de 18 \u00e0 24 ans<\/strong>, fran\u00e7ais et internationaux, venus du<strong> Mexique, des Pays-Bas, d\u2019Espagne et d\u2019Italie<\/strong>. Le chantier de b\u00e9n\u00e9voles a d\u00e9but\u00e9 le mercredi 6 juillet et se cl\u00f4turera mercredi 27 juillet.<\/p>\n<p>&nbsp;<\/p>\n<h3><strong>Plusieurs objectifs<\/strong><\/h3>\n<p>Le projet est d\u2019associer la conservation de la nature \u00e0 une d\u00e9marche d\u2019ouverture de jeunes sarthois et de jeunes \u00e9trangers \u00e0 un projet commun. L\u2019objectif de cette action est d\u2019aboutir \u00e0 une <strong>sensibilisation du public<\/strong> \u00e0 l\u2019\u00e9cologie et aux Espaces Naturels Sensibles sarthois, en \u00e9tant en immersion dans la nature, sur un site particuli\u00e8rement<strong> riche en biodiversit\u00e9<\/strong>. Le projet aboutira \u00e0 une meilleure compr\u00e9hension des enjeux li\u00e9s aux ENS, comme la sauvegarde des esp\u00e8ces en voie de disparition. C\u2019est l\u2019occasion pour eux de d\u00e9couvrir la Sarthe, de cr\u00e9er du lien social avec la population locale et \u00e9videmment de d\u00e9couvrir diff\u00e9rents pays et leurs cultures.<\/p>\n<p>Les interventions porteront principalement sur :<\/p>\n<ul>\n<li>La valorisation de l\u2019Espace Naturel Sensible \u00e0 partir des techniques de radio<\/li>\n<li>Un rallye nature organis\u00e9 par le D\u00e9partement de la Sarthe<\/li>\n<li>La rencontre de l\u2019agriculteur en charge de la gestion des prairies<\/li>\n<li>Le lien avec les associations naturalistes qui m\u00e8nent des \u00e9tudes \u00e9cologiques sur le site<\/li>\n<li>La prise de \u00ab sons de la nature \u00bb<\/li>\n<\/ul>\n<p>&nbsp;<\/p>\n<h3><strong>Cr\u00e9er des podcasts<\/strong><\/h3>\n<p>L\u2019objectif final est la cr\u00e9ation de <strong>trois \u00e0 cinq podcasts<\/strong>, sur la th\u00e9matique de la<strong> biodiversit\u00e9 remarquable du site<\/strong>, m\u00e9connue du grand public. Ils seront ensuite mis \u00e0 la disposition des visiteurs et en acc\u00e8s libre sur le site du D\u00e9partement.<\/p>\n<p>Le chantier est financ\u00e9 par le D\u00e9partement et l\u2019Etat (Direction R\u00e9gionale des Affaires Culturelles et la Direction R\u00e9gionale de la Jeunesse, des Sports et de la Coh\u00e9sion Sociale), la R\u00e9gion et la commune d\u2019Aubign\u00e9-Racan.<\/p>\n<!-- AddThis Advanced Settings generic via filter on the_content --><!-- AddThis Share Buttons generic via filter on the_content -->","protected":false},"excerpt":{"rendered":"<p>Le D\u00e9partement accueille, depuis de nombreuses ann\u00e9es, en partenariat avec la commune d\u2019Aubign\u00e9-Racan et l\u2019association Concordia Normandie\u2013Maine, avec le soutien de l\u2019\u00c9tat et de la R\u00e9gion des Pays de la Loire, un chantier international de jeunes b\u00e9n\u00e9voles \u00e0 Aubign\u00e9-Racan, pour mener des actions sur le site arch\u00e9ologique. &nbsp; Cette ann\u00e9e, le D\u00e9partement a propos\u00e9 \u00e0&hellip;<!-- AddThis Advanced Settings generic via filter on get_the_excerpt --><!-- AddThis Share Buttons generic via filter on get_the_excerpt --><\/p>\n","protected":false},"author":4,"featured_media":10535,"comment_status":"closed","ping_status":"open","sticky":false,"template":"","format":"standard","meta":{"footnotes":""},"categories":[1],"tags":[],"class_list":["post-10534","post","type-post","status-publish","format-standard","has-post-thumbnail","hentry","category-contact-fm-72","category-1","description-off"],"yoast_head":"<!-- This site is optimized with the Yoast SEO plugin v27.4 - https:\/\/yoast.com\/product\/yoast-seo-wordpress\/ -->\n<title>Aubign\u00e9-Racan : 13 jeunes venus du monde entier pour valoriser le patrimoine - Contact FM 99.3<\/title>\n<meta name=\"robots\" content=\"index, follow, max-snippet:-1, max-image-preview:large, max-video-preview:-1\" \/>\n<link rel=\"canonical\" href=\"https:\/\/contactfm72.fr\/?p=10534\" \/>\n<meta property=\"og:locale\" content=\"fr_FR\" \/>\n<meta property=\"og:type\" content=\"article\" \/>\n<meta property=\"og:title\" content=\"Aubign\u00e9-Racan : 13 jeunes venus du monde entier pour valoriser le patrimoine - Contact FM 99.3\" \/>\n<meta property=\"og:description\" content=\"Le D\u00e9partement accueille, depuis de nombreuses ann\u00e9es, en partenariat avec la commune d\u2019Aubign\u00e9-Racan et l\u2019association Concordia Normandie\u2013Maine, avec le soutien de l\u2019\u00c9tat et de la R\u00e9gion des Pays de la Loire, un chantier international de jeunes b\u00e9n\u00e9voles \u00e0 Aubign\u00e9-Racan, pour mener des actions sur le site arch\u00e9ologique. &nbsp; Cette ann\u00e9e, le D\u00e9partement a propos\u00e9 \u00e0&hellip;\" \/>\n<meta property=\"og:url\" content=\"https:\/\/contactfm72.fr\/?p=10534\" \/>\n<meta property=\"og:site_name\" content=\"Contact FM 99.3\" \/>\n<meta property=\"article:publisher\" content=\"https:\/\/www.facebook.com\/Contactfm.Chateauduloir\" \/>\n<meta property=\"article:published_time\" content=\"2022-07-19T12:00:39+00:00\" \/>\n<meta property=\"og:image\" content=\"https:\/\/contactfm72.fr\/wp-content\/uploads\/2022\/07\/aubign\u00e9-jeunes.jpg\" \/>\n\t<meta property=\"og:image:width\" content=\"884\" \/>\n\t<meta property=\"og:image:height\" content=\"589\" \/>\n\t<meta property=\"og:image:type\" content=\"image\/jpeg\" \/>\n<meta name=\"author\" content=\"Val\u00e9rie C.\" \/>\n<meta name=\"twitter:card\" content=\"summary_large_image\" \/>\n<meta name=\"twitter:creator\" content=\"@contactfm72\" \/>\n<meta name=\"twitter:site\" content=\"@contactfm72\" \/>\n<meta name=\"twitter:label1\" content=\"\u00c9crit par\" \/>\n\t<meta name=\"twitter:data1\" content=\"Val\u00e9rie C.\" \/>\n\t<meta name=\"twitter:label2\" content=\"Dur\u00e9e de lecture estim\u00e9e\" \/>\n\t<meta name=\"twitter:data2\" content=\"2 minutes\" \/>\n<script type=\"application\/ld+json\" class=\"yoast-schema-graph\">{\"@context\":\"https:\\\/\\\/schema.org\",\"@graph\":[{\"@type\":\"Article\",\"@id\":\"https:\\\/\\\/contactfm72.fr\\\/?p=10534#article\",\"isPartOf\":{\"@id\":\"https:\\\/\\\/contactfm72.fr\\\/?p=10534\"},\"author\":{\"name\":\"Val\u00e9rie C.\",\"@id\":\"https:\\\/\\\/contactfm72.fr\\\/#\\\/schema\\\/person\\\/9fdc9d1c2eb029354a4f1535b90ba82d\"},\"headline\":\"Aubign\u00e9-Racan : 13 jeunes venus du monde entier pour valoriser le patrimoine\",\"datePublished\":\"2022-07-19T12:00:39+00:00\",\"mainEntityOfPage\":{\"@id\":\"https:\\\/\\\/contactfm72.fr\\\/?p=10534\"},\"wordCount\":451,\"publisher\":{\"@id\":\"https:\\\/\\\/contactfm72.fr\\\/#organization\"},\"image\":{\"@id\":\"https:\\\/\\\/contactfm72.fr\\\/?p=10534#primaryimage\"},\"thumbnailUrl\":\"https:\\\/\\\/contactfm72.fr\\\/wp-content\\\/uploads\\\/2022\\\/07\\\/aubign\u00e9-jeunes.jpg\",\"articleSection\":[\"Contact FM 72\"],\"inLanguage\":\"fr-FR\"},{\"@type\":\"WebPage\",\"@id\":\"https:\\\/\\\/contactfm72.fr\\\/?p=10534\",\"url\":\"https:\\\/\\\/contactfm72.fr\\\/?p=10534\",\"name\":\"Aubign\u00e9-Racan : 13 jeunes venus du monde entier pour valoriser le patrimoine - Contact FM 99.3\",\"isPartOf\":{\"@id\":\"https:\\\/\\\/contactfm72.fr\\\/#website\"},\"primaryImageOfPage\":{\"@id\":\"https:\\\/\\\/contactfm72.fr\\\/?p=10534#primaryimage\"},\"image\":{\"@id\":\"https:\\\/\\\/contactfm72.fr\\\/?p=10534#primaryimage\"},\"thumbnailUrl\":\"https:\\\/\\\/contactfm72.fr\\\/wp-content\\\/uploads\\\/2022\\\/07\\\/aubign\u00e9-jeunes.jpg\",\"datePublished\":\"2022-07-19T12:00:39+00:00\",\"breadcrumb\":{\"@id\":\"https:\\\/\\\/contactfm72.fr\\\/?p=10534#breadcrumb\"},\"inLanguage\":\"fr-FR\",\"potentialAction\":[{\"@type\":\"ReadAction\",\"target\":[\"https:\\\/\\\/contactfm72.fr\\\/?p=10534\"]}]},{\"@type\":\"ImageObject\",\"inLanguage\":\"fr-FR\",\"@id\":\"https:\\\/\\\/contactfm72.fr\\\/?p=10534#primaryimage\",\"url\":\"https:\\\/\\\/contactfm72.fr\\\/wp-content\\\/uploads\\\/2022\\\/07\\\/aubign\u00e9-jeunes.jpg\",\"contentUrl\":\"https:\\\/\\\/contactfm72.fr\\\/wp-content\\\/uploads\\\/2022\\\/07\\\/aubign\u00e9-jeunes.jpg\",\"width\":884,\"height\":589,\"caption\":\"A Aubign\u00e9-Racan, la prairie de Cherr\u00e9 sera mis en valeur par la venue de 13 jeunes venant des quatre coins du monde.\"},{\"@type\":\"BreadcrumbList\",\"@id\":\"https:\\\/\\\/contactfm72.fr\\\/?p=10534#breadcrumb\",\"itemListElement\":[{\"@type\":\"ListItem\",\"position\":1,\"name\":\"Accueil\",\"item\":\"https:\\\/\\\/contactfm72.fr\\\/\"},{\"@type\":\"ListItem\",\"position\":2,\"name\":\"Aubign\u00e9-Racan : 13 jeunes venus du monde entier pour valoriser le patrimoine\"}]},{\"@type\":\"WebSite\",\"@id\":\"https:\\\/\\\/contactfm72.fr\\\/#website\",\"url\":\"https:\\\/\\\/contactfm72.fr\\\/\",\"name\":\"Contact FM 99.3\",\"description\":\"Votre radio en vall\u00e9e du Loir\",\"publisher\":{\"@id\":\"https:\\\/\\\/contactfm72.fr\\\/#organization\"},\"potentialAction\":[{\"@type\":\"SearchAction\",\"target\":{\"@type\":\"EntryPoint\",\"urlTemplate\":\"https:\\\/\\\/contactfm72.fr\\\/?s={search_term_string}\"},\"query-input\":{\"@type\":\"PropertyValueSpecification\",\"valueRequired\":true,\"valueName\":\"search_term_string\"}}],\"inLanguage\":\"fr-FR\"},{\"@type\":\"Organization\",\"@id\":\"https:\\\/\\\/contactfm72.fr\\\/#organization\",\"name\":\"Contact FM 99.3\",\"url\":\"https:\\\/\\\/contactfm72.fr\\\/\",\"logo\":{\"@type\":\"ImageObject\",\"inLanguage\":\"fr-FR\",\"@id\":\"https:\\\/\\\/contactfm72.fr\\\/#\\\/schema\\\/logo\\\/image\\\/\",\"url\":\"https:\\\/\\\/contactfm72.fr\\\/wp-content\\\/uploads\\\/2025\\\/04\\\/2025-04-18-2.jpg\",\"contentUrl\":\"https:\\\/\\\/contactfm72.fr\\\/wp-content\\\/uploads\\\/2025\\\/04\\\/2025-04-18-2.jpg\",\"width\":680,\"height\":307,\"caption\":\"Contact FM 99.3\"},\"image\":{\"@id\":\"https:\\\/\\\/contactfm72.fr\\\/#\\\/schema\\\/logo\\\/image\\\/\"},\"sameAs\":[\"https:\\\/\\\/www.facebook.com\\\/Contactfm.Chateauduloir\",\"https:\\\/\\\/x.com\\\/contactfm72\",\"https:\\\/\\\/www.instagram.com\\\/contact.fm.72?igsh=cGhlMHQ5N2JlNnpp\",\"https:\\\/\\\/www.tiktok.com\\\/@contact.fm\"]},{\"@type\":\"Person\",\"@id\":\"https:\\\/\\\/contactfm72.fr\\\/#\\\/schema\\\/person\\\/9fdc9d1c2eb029354a4f1535b90ba82d\",\"name\":\"Val\u00e9rie C.\",\"image\":{\"@type\":\"ImageObject\",\"inLanguage\":\"fr-FR\",\"@id\":\"https:\\\/\\\/secure.gravatar.com\\\/avatar\\\/2f8aa28f8dfbd7d4420afd1fdcdd0a349923e2c8a38ab28198b0f9d0601e4737?s=96&d=mm&r=g\",\"url\":\"https:\\\/\\\/secure.gravatar.com\\\/avatar\\\/2f8aa28f8dfbd7d4420afd1fdcdd0a349923e2c8a38ab28198b0f9d0601e4737?s=96&d=mm&r=g\",\"contentUrl\":\"https:\\\/\\\/secure.gravatar.com\\\/avatar\\\/2f8aa28f8dfbd7d4420afd1fdcdd0a349923e2c8a38ab28198b0f9d0601e4737?s=96&d=mm&r=g\",\"caption\":\"Val\u00e9rie C.\"},\"url\":\"https:\\\/\\\/contactfm72.fr\\\/?author=4\"}]}<\/script>\n<!-- \/ Yoast SEO plugin. -->","yoast_head_json":{"title":"Aubign\u00e9-Racan : 13 jeunes venus du monde entier pour valoriser le patrimoine - Contact FM 99.3","robots":{"index":"index","follow":"follow","max-snippet":"max-snippet:-1","max-image-preview":"max-image-preview:large","max-video-preview":"max-video-preview:-1"},"canonical":"https:\/\/contactfm72.fr\/?p=10534","og_locale":"fr_FR","og_type":"article","og_title":"Aubign\u00e9-Racan : 13 jeunes venus du monde entier pour valoriser le patrimoine - Contact FM 99.3","og_description":"Le D\u00e9partement accueille, depuis de nombreuses ann\u00e9es, en partenariat avec la commune d\u2019Aubign\u00e9-Racan et l\u2019association Concordia Normandie\u2013Maine, avec le soutien de l\u2019\u00c9tat et de la R\u00e9gion des Pays de la Loire, un chantier international de jeunes b\u00e9n\u00e9voles \u00e0 Aubign\u00e9-Racan, pour mener des actions sur le site arch\u00e9ologique. &nbsp; Cette ann\u00e9e, le D\u00e9partement a propos\u00e9 \u00e0&hellip;","og_url":"https:\/\/contactfm72.fr\/?p=10534","og_site_name":"Contact FM 99.3","article_publisher":"https:\/\/www.facebook.com\/Contactfm.Chateauduloir","article_published_time":"2022-07-19T12:00:39+00:00","og_image":[{"width":884,"height":589,"url":"https:\/\/contactfm72.fr\/wp-content\/uploads\/2022\/07\/aubign\u00e9-jeunes.jpg","type":"image\/jpeg"}],"author":"Val\u00e9rie C.","twitter_card":"summary_large_image","twitter_creator":"@contactfm72","twitter_site":"@contactfm72","twitter_misc":{"\u00c9crit par":"Val\u00e9rie C.","Dur\u00e9e de lecture estim\u00e9e":"2 minutes"},"schema":{"@context":"https:\/\/schema.org","@graph":[{"@type":"Article","@id":"https:\/\/contactfm72.fr\/?p=10534#article","isPartOf":{"@id":"https:\/\/contactfm72.fr\/?p=10534"},"author":{"name":"Val\u00e9rie C.","@id":"https:\/\/contactfm72.fr\/#\/schema\/person\/9fdc9d1c2eb029354a4f1535b90ba82d"},"headline":"Aubign\u00e9-Racan : 13 jeunes venus du monde entier pour valoriser le patrimoine","datePublished":"2022-07-19T12:00:39+00:00","mainEntityOfPage":{"@id":"https:\/\/contactfm72.fr\/?p=10534"},"wordCount":451,"publisher":{"@id":"https:\/\/contactfm72.fr\/#organization"},"image":{"@id":"https:\/\/contactfm72.fr\/?p=10534#primaryimage"},"thumbnailUrl":"https:\/\/contactfm72.fr\/wp-content\/uploads\/2022\/07\/aubign\u00e9-jeunes.jpg","articleSection":["Contact FM 72"],"inLanguage":"fr-FR"},{"@type":"WebPage","@id":"https:\/\/contactfm72.fr\/?p=10534","url":"https:\/\/contactfm72.fr\/?p=10534","name":"Aubign\u00e9-Racan : 13 jeunes venus du monde entier pour valoriser le patrimoine - Contact FM 99.3","isPartOf":{"@id":"https:\/\/contactfm72.fr\/#website"},"primaryImageOfPage":{"@id":"https:\/\/contactfm72.fr\/?p=10534#primaryimage"},"image":{"@id":"https:\/\/contactfm72.fr\/?p=10534#primaryimage"},"thumbnailUrl":"https:\/\/contactfm72.fr\/wp-content\/uploads\/2022\/07\/aubign\u00e9-jeunes.jpg","datePublished":"2022-07-19T12:00:39+00:00","breadcrumb":{"@id":"https:\/\/contactfm72.fr\/?p=10534#breadcrumb"},"inLanguage":"fr-FR","potentialAction":[{"@type":"ReadAction","target":["https:\/\/contactfm72.fr\/?p=10534"]}]},{"@type":"ImageObject","inLanguage":"fr-FR","@id":"https:\/\/contactfm72.fr\/?p=10534#primaryimage","url":"https:\/\/contactfm72.fr\/wp-content\/uploads\/2022\/07\/aubign\u00e9-jeunes.jpg","contentUrl":"https:\/\/contactfm72.fr\/wp-content\/uploads\/2022\/07\/aubign\u00e9-jeunes.jpg","width":884,"height":589,"caption":"A Aubign\u00e9-Racan, la prairie de Cherr\u00e9 sera mis en valeur par la venue de 13 jeunes venant des quatre coins du monde."},{"@type":"BreadcrumbList","@id":"https:\/\/contactfm72.fr\/?p=10534#breadcrumb","itemListElement":[{"@type":"ListItem","position":1,"name":"Accueil","item":"https:\/\/contactfm72.fr\/"},{"@type":"ListItem","position":2,"name":"Aubign\u00e9-Racan : 13 jeunes venus du monde entier pour valoriser le patrimoine"}]},{"@type":"WebSite","@id":"https:\/\/contactfm72.fr\/#website","url":"https:\/\/contactfm72.fr\/","name":"Contact FM 99.3","description":"Votre radio en vall\u00e9e du Loir","publisher":{"@id":"https:\/\/contactfm72.fr\/#organization"},"potentialAction":[{"@type":"SearchAction","target":{"@type":"EntryPoint","urlTemplate":"https:\/\/contactfm72.fr\/?s={search_term_string}"},"query-input":{"@type":"PropertyValueSpecification","valueRequired":true,"valueName":"search_term_string"}}],"inLanguage":"fr-FR"},{"@type":"Organization","@id":"https:\/\/contactfm72.fr\/#organization","name":"Contact FM 99.3","url":"https:\/\/contactfm72.fr\/","logo":{"@type":"ImageObject","inLanguage":"fr-FR","@id":"https:\/\/contactfm72.fr\/#\/schema\/logo\/image\/","url":"https:\/\/contactfm72.fr\/wp-content\/uploads\/2025\/04\/2025-04-18-2.jpg","contentUrl":"https:\/\/contactfm72.fr\/wp-content\/uploads\/2025\/04\/2025-04-18-2.jpg","width":680,"height":307,"caption":"Contact FM 99.3"},"image":{"@id":"https:\/\/contactfm72.fr\/#\/schema\/logo\/image\/"},"sameAs":["https:\/\/www.facebook.com\/Contactfm.Chateauduloir","https:\/\/x.com\/contactfm72","https:\/\/www.instagram.com\/contact.fm.72?igsh=cGhlMHQ5N2JlNnpp","https:\/\/www.tiktok.com\/@contact.fm"]},{"@type":"Person","@id":"https:\/\/contactfm72.fr\/#\/schema\/person\/9fdc9d1c2eb029354a4f1535b90ba82d","name":"Val\u00e9rie C.","image":{"@type":"ImageObject","inLanguage":"fr-FR","@id":"https:\/\/secure.gravatar.com\/avatar\/2f8aa28f8dfbd7d4420afd1fdcdd0a349923e2c8a38ab28198b0f9d0601e4737?s=96&d=mm&r=g","url":"https:\/\/secure.gravatar.com\/avatar\/2f8aa28f8dfbd7d4420afd1fdcdd0a349923e2c8a38ab28198b0f9d0601e4737?s=96&d=mm&r=g","contentUrl":"https:\/\/secure.gravatar.com\/avatar\/2f8aa28f8dfbd7d4420afd1fdcdd0a349923e2c8a38ab28198b0f9d0601e4737?s=96&d=mm&r=g","caption":"Val\u00e9rie C."},"url":"https:\/\/contactfm72.fr\/?author=4"}]}},"_links":{"self":[{"href":"https:\/\/contactfm72.fr\/index.php?rest_route=\/wp\/v2\/posts\/10534","targetHints":{"allow":["GET"]}}],"collection":[{"href":"https:\/\/contactfm72.fr\/index.php?rest_route=\/wp\/v2\/posts"}],"about":[{"href":"https:\/\/contactfm72.fr\/index.php?rest_route=\/wp\/v2\/types\/post"}],"author":[{"embeddable":true,"href":"https:\/\/contactfm72.fr\/index.php?rest_route=\/wp\/v2\/users\/4"}],"replies":[{"embeddable":true,"href":"https:\/\/contactfm72.fr\/index.php?rest_route=%2Fwp%2Fv2%2Fcomments&post=10534"}],"version-history":[{"count":1,"href":"https:\/\/contactfm72.fr\/index.php?rest_route=\/wp\/v2\/posts\/10534\/revisions"}],"predecessor-version":[{"id":10536,"href":"https:\/\/contactfm72.fr\/index.php?rest_route=\/wp\/v2\/posts\/10534\/revisions\/10536"}],"wp:featuredmedia":[{"embeddable":true,"href":"https:\/\/contactfm72.fr\/index.php?rest_route=\/wp\/v2\/media\/10535"}],"wp:attachment":[{"href":"https:\/\/contactfm72.fr\/index.php?rest_route=%2Fwp%2Fv2%2Fmedia&parent=10534"}],"wp:term":[{"taxonomy":"category","embeddable":true,"href":"https:\/\/contactfm72.fr\/index.php?rest_route=%2Fwp%2Fv2%2Fcategories&post=10534"},{"taxonomy":"post_tag","embeddable":true,"href":"https:\/\/contactfm72.fr\/index.php?rest_route=%2Fwp%2Fv2%2Ftags&post=10534"}],"curies":[{"name":"wp","href":"https:\/\/api.w.org\/{rel}","templated":true}]}}