{"id":10516,"date":"2022-07-18T18:00:30","date_gmt":"2022-07-18T16:00:30","guid":{"rendered":"http:\/\/contactfm72.fr\/?p=10516"},"modified":"2022-07-13T12:01:52","modified_gmt":"2022-07-13T10:01:52","slug":"luceau-une-moyenne-de-100-enfants-par-jour-au-centre-de-loisirs","status":"publish","type":"post","link":"https:\/\/contactfm72.fr\/?p=10516","title":{"rendered":"Luceau : Une moyenne de 100 enfants par jour au centre de loisirs"},"content":{"rendered":"<h2>Le centre de loisirs Rahart \u00e0 Luceau accueille de nouveau les enfants du territoire de 3 \u00e0 11 ans. C&#8217;est en pr\u00e9sence des membres du bureau du centre social Loir &amp; Berc\u00e9 que les enfants ont de nouveau foul\u00e9 les \u00e9tendues d&#8217;herbes de leur centre.<\/h2>\n<p>&nbsp;<\/p>\n<p>&nbsp;<\/p>\n<p>L&#8217;\u00e9cole enfin termin\u00e9e, les vacances scolaires commencent et le <strong>centre de loisirs Rahart \u00e0 Luceau<\/strong> accueille de nouveau ses petites t\u00eates blondes. Ce sont en moyenne 100 enfants par jour qui sont accueillis au sein du centre, un chiffre en <strong>nette hausse compar\u00e9 aux statistiques des \u00e9t\u00e9s pr\u00e9c\u00e9dents<\/strong>. Un chiffre qui peut s&#8217;expliquer par la raison suivante\u00a0: \u00ab\u00a0on accueille tous les enfants des centres cette ann\u00e9e, notamment celui de Jupilles\u00a0\u00bb, fait savoir <strong>Marie Toumert<\/strong>, directrice du centre. Mais pour la directrice du <strong>centre social Loir &amp; Berc\u00e9, Karine Le Bourhis<\/strong>, \u00ab\u00a0trop peu de personnes connaissent les activit\u00e9s du centre. Mais il est vrai que l&#8217;on a de nouvelles familles cette ann\u00e9e\u00a0\u00bb.<\/p>\n<blockquote><p>\u00ab Les familles ne le savent pas forc\u00e9ment, mais on accueille \u00e9galement cinq enfants en situation d&#8217;handicap \u00bb, rassure les professionnelles.<\/p><\/blockquote>\n<p>&nbsp;<\/p>\n<h3><strong>Des activit\u00e9s en juillet et ao\u00fbt<\/strong><\/h3>\n<p>Pour ce mois de juillet, ce sont <strong>12 animateurs<\/strong> qui encadreront les <strong>enfants de 3 \u00e0 11 ans<\/strong>. Les plus petits \u00e2g\u00e9s de 3 \u00e0 5 ans sont accueillis au centre mais envoy\u00e9s, en navette, en direction de l&#8217;\u00e9cole du Grand Douai, \u00e0 Ch\u00e2teau-du-Loir\u00a0: \u00ab\u00a0Ils sont encore tout petit, c&#8217;est dur pour eux d&#8217;\u00eatre m\u00e9lang\u00e9s avec les plus grands\u00a0\u00bb, pr\u00e9cise Marie Toumert. Elle poursuit\u00a0: \u00ab\u00a0En juillet, le th\u00e8me retenu est <strong>le voyage \u00e0 travers le temps<\/strong>. On aura des semaines pour chaque \u00e9poque, comme la pr\u00e9histoire ou l&#8217;\u00e9poque m\u00e9di\u00e9vale\u00a0\u00bb.<\/p>\n<p>&nbsp;<\/p>\n<blockquote><p>Plusieurs mini-camps sont organis\u00e9s au centre, comme les journ\u00e9es cirque, ou les s\u00e9jours \u00e0 Mar\u00e7on o\u00f9 les enfants font de l&#8217;optimiste\u00a0: \u00ab\u00a0On a plusieurs temps forts, comme la journ\u00e9e au lac de Mansign\u00e9, le labyrinthe de ma\u00efs \u00e0 Saint-R\u00e9my-de-Sill\u00e9, ou encore des soir\u00e9es jeux de soci\u00e9t\u00e9 et la kermesse du 27 juillet\u00a0\u00bb, poursuit la directrice du centre.<\/p><\/blockquote>\n<p>&nbsp;<\/p>\n<p>Les enfants peuvent toujours b\u00e9n\u00e9ficier de nouveaux <strong>jeux d\u2019ext\u00e9rieurs et d&#8217;int\u00e9rieurs<\/strong> chaque \u00e9t\u00e9 ; cette ann\u00e9e, les bambins peuvent d\u00e9couvrir le fil tendu entre les deux arbres, les \u00ab <strong>piquets de Koh Lanta<\/strong> \u00bb, mais ils peuvent toujours s&#8217;amuser autour de leurs jeux habituels, et de s&#8217;abriter sous les <strong>barnums<\/strong> fraichement install\u00e9s.<\/p>\n<p>&nbsp;<\/p>\n<h3><strong>L&#8217;arriv\u00e9e du modulaire en octobre<\/strong><\/h3>\n<p>Afin de r\u00e9pondre \u00e0 l&#8217;augmentation du nombre d&#8217;enfants accueillis, un <strong>modulaire de 56m\u00b2<\/strong> est en cours de finalisation\u00a0:<\/p>\n<blockquote><p>\u00ab\u00a0Gr\u00e2ce \u00e0 cette augmentation de l&#8217;espace disponible, nous pourrons passer de 24 \u00e0 42 enfants accueillis. On envisage de faire dormir les 3 \u00e0 5 ans ici, dans cet espace recul\u00e9. L&#8217;actuel dortoir est sur le passage du couloir o\u00f9 il y a de nombreux aller et retour\u00a0\u00bb, pr\u00e9cise Karine Le\u00a0 Bourhis.<\/p><\/blockquote>\n<p>Or, pour des raisons de normes et d&#8217;autorisation par la <strong>Protection maternelle et infantile<\/strong>, le modulaire ne sera op\u00e9rationnel qu&#8217;en octobre 2022.<\/p>\n<p>&nbsp;<\/p>\n<p>Une nouvelle saison estivale sous la bonne humeur et de nombreuses activit\u00e9s rythmera l&#8217;\u00e9t\u00e9 des enfants du territoire.<\/p>\n<!-- AddThis Advanced Settings generic via filter on the_content --><!-- AddThis Share Buttons generic via filter on the_content -->","protected":false},"excerpt":{"rendered":"<p>Le centre de loisirs Rahart \u00e0 Luceau accueille de nouveau les enfants du territoire de 3 \u00e0 11 ans. C&#8217;est en pr\u00e9sence des membres du bureau du centre social Loir &amp; Berc\u00e9 que les enfants ont de nouveau foul\u00e9 les \u00e9tendues d&#8217;herbes de leur centre. &nbsp; &nbsp; L&#8217;\u00e9cole enfin termin\u00e9e, les vacances scolaires commencent et&hellip;<!-- AddThis Advanced Settings generic via filter on get_the_excerpt --><!-- AddThis Share Buttons generic via filter on get_the_excerpt --><\/p>\n","protected":false},"author":4,"featured_media":10517,"comment_status":"closed","ping_status":"open","sticky":false,"template":"","format":"standard","meta":{"footnotes":""},"categories":[1],"tags":[],"class_list":["post-10516","post","type-post","status-publish","format-standard","has-post-thumbnail","hentry","category-contact-fm-72","category-1","description-off"],"yoast_head":"<!-- This site is optimized with the Yoast SEO plugin v27.4 - https:\/\/yoast.com\/product\/yoast-seo-wordpress\/ -->\n<title>Luceau : Une moyenne de 100 enfants par jour au centre de loisirs - Contact FM 99.3<\/title>\n<meta name=\"robots\" content=\"index, follow, max-snippet:-1, max-image-preview:large, max-video-preview:-1\" \/>\n<link rel=\"canonical\" href=\"https:\/\/contactfm72.fr\/?p=10516\" \/>\n<meta property=\"og:locale\" content=\"fr_FR\" \/>\n<meta property=\"og:type\" content=\"article\" \/>\n<meta property=\"og:title\" content=\"Luceau : Une moyenne de 100 enfants par jour au centre de loisirs - Contact FM 99.3\" \/>\n<meta property=\"og:description\" content=\"Le centre de loisirs Rahart \u00e0 Luceau accueille de nouveau les enfants du territoire de 3 \u00e0 11 ans. C&#8217;est en pr\u00e9sence des membres du bureau du centre social Loir &amp; Berc\u00e9 que les enfants ont de nouveau foul\u00e9 les \u00e9tendues d&#8217;herbes de leur centre. &nbsp; &nbsp; L&#8217;\u00e9cole enfin termin\u00e9e, les vacances scolaires commencent et&hellip;\" \/>\n<meta property=\"og:url\" content=\"https:\/\/contactfm72.fr\/?p=10516\" \/>\n<meta property=\"og:site_name\" content=\"Contact FM 99.3\" \/>\n<meta property=\"article:publisher\" content=\"https:\/\/www.facebook.com\/Contactfm.Chateauduloir\" \/>\n<meta property=\"article:published_time\" content=\"2022-07-18T16:00:30+00:00\" \/>\n<meta property=\"og:image\" content=\"https:\/\/contactfm72.fr\/wp-content\/uploads\/2022\/07\/centre-loisirs.jpg\" \/>\n\t<meta property=\"og:image:width\" content=\"2048\" \/>\n\t<meta property=\"og:image:height\" content=\"1536\" \/>\n\t<meta property=\"og:image:type\" content=\"image\/jpeg\" \/>\n<meta name=\"author\" content=\"Val\u00e9rie C.\" \/>\n<meta name=\"twitter:card\" content=\"summary_large_image\" \/>\n<meta name=\"twitter:creator\" content=\"@contactfm72\" \/>\n<meta name=\"twitter:site\" content=\"@contactfm72\" \/>\n<meta name=\"twitter:label1\" content=\"\u00c9crit par\" \/>\n\t<meta name=\"twitter:data1\" content=\"Val\u00e9rie C.\" \/>\n\t<meta name=\"twitter:label2\" content=\"Dur\u00e9e de lecture estim\u00e9e\" \/>\n\t<meta name=\"twitter:data2\" content=\"3 minutes\" \/>\n<script type=\"application\/ld+json\" class=\"yoast-schema-graph\">{\"@context\":\"https:\\\/\\\/schema.org\",\"@graph\":[{\"@type\":\"Article\",\"@id\":\"https:\\\/\\\/contactfm72.fr\\\/?p=10516#article\",\"isPartOf\":{\"@id\":\"https:\\\/\\\/contactfm72.fr\\\/?p=10516\"},\"author\":{\"name\":\"Val\u00e9rie C.\",\"@id\":\"https:\\\/\\\/contactfm72.fr\\\/#\\\/schema\\\/person\\\/9fdc9d1c2eb029354a4f1535b90ba82d\"},\"headline\":\"Luceau : Une moyenne de 100 enfants par jour au centre de loisirs\",\"datePublished\":\"2022-07-18T16:00:30+00:00\",\"mainEntityOfPage\":{\"@id\":\"https:\\\/\\\/contactfm72.fr\\\/?p=10516\"},\"wordCount\":549,\"publisher\":{\"@id\":\"https:\\\/\\\/contactfm72.fr\\\/#organization\"},\"image\":{\"@id\":\"https:\\\/\\\/contactfm72.fr\\\/?p=10516#primaryimage\"},\"thumbnailUrl\":\"https:\\\/\\\/contactfm72.fr\\\/wp-content\\\/uploads\\\/2022\\\/07\\\/centre-loisirs.jpg\",\"articleSection\":[\"Contact FM 72\"],\"inLanguage\":\"fr-FR\"},{\"@type\":\"WebPage\",\"@id\":\"https:\\\/\\\/contactfm72.fr\\\/?p=10516\",\"url\":\"https:\\\/\\\/contactfm72.fr\\\/?p=10516\",\"name\":\"Luceau : Une moyenne de 100 enfants par jour au centre de loisirs - Contact FM 99.3\",\"isPartOf\":{\"@id\":\"https:\\\/\\\/contactfm72.fr\\\/#website\"},\"primaryImageOfPage\":{\"@id\":\"https:\\\/\\\/contactfm72.fr\\\/?p=10516#primaryimage\"},\"image\":{\"@id\":\"https:\\\/\\\/contactfm72.fr\\\/?p=10516#primaryimage\"},\"thumbnailUrl\":\"https:\\\/\\\/contactfm72.fr\\\/wp-content\\\/uploads\\\/2022\\\/07\\\/centre-loisirs.jpg\",\"datePublished\":\"2022-07-18T16:00:30+00:00\",\"breadcrumb\":{\"@id\":\"https:\\\/\\\/contactfm72.fr\\\/?p=10516#breadcrumb\"},\"inLanguage\":\"fr-FR\",\"potentialAction\":[{\"@type\":\"ReadAction\",\"target\":[\"https:\\\/\\\/contactfm72.fr\\\/?p=10516\"]}]},{\"@type\":\"ImageObject\",\"inLanguage\":\"fr-FR\",\"@id\":\"https:\\\/\\\/contactfm72.fr\\\/?p=10516#primaryimage\",\"url\":\"https:\\\/\\\/contactfm72.fr\\\/wp-content\\\/uploads\\\/2022\\\/07\\\/centre-loisirs.jpg\",\"contentUrl\":\"https:\\\/\\\/contactfm72.fr\\\/wp-content\\\/uploads\\\/2022\\\/07\\\/centre-loisirs.jpg\",\"width\":2048,\"height\":1536,\"caption\":\"Les enfants et les animateurs lors de la \\\"danse du centre\\\", rituel matinal.\"},{\"@type\":\"BreadcrumbList\",\"@id\":\"https:\\\/\\\/contactfm72.fr\\\/?p=10516#breadcrumb\",\"itemListElement\":[{\"@type\":\"ListItem\",\"position\":1,\"name\":\"Accueil\",\"item\":\"https:\\\/\\\/contactfm72.fr\\\/\"},{\"@type\":\"ListItem\",\"position\":2,\"name\":\"Luceau : Une moyenne de 100 enfants par jour au centre de loisirs\"}]},{\"@type\":\"WebSite\",\"@id\":\"https:\\\/\\\/contactfm72.fr\\\/#website\",\"url\":\"https:\\\/\\\/contactfm72.fr\\\/\",\"name\":\"Contact FM 99.3\",\"description\":\"Votre radio en vall\u00e9e du Loir\",\"publisher\":{\"@id\":\"https:\\\/\\\/contactfm72.fr\\\/#organization\"},\"potentialAction\":[{\"@type\":\"SearchAction\",\"target\":{\"@type\":\"EntryPoint\",\"urlTemplate\":\"https:\\\/\\\/contactfm72.fr\\\/?s={search_term_string}\"},\"query-input\":{\"@type\":\"PropertyValueSpecification\",\"valueRequired\":true,\"valueName\":\"search_term_string\"}}],\"inLanguage\":\"fr-FR\"},{\"@type\":\"Organization\",\"@id\":\"https:\\\/\\\/contactfm72.fr\\\/#organization\",\"name\":\"Contact FM 99.3\",\"url\":\"https:\\\/\\\/contactfm72.fr\\\/\",\"logo\":{\"@type\":\"ImageObject\",\"inLanguage\":\"fr-FR\",\"@id\":\"https:\\\/\\\/contactfm72.fr\\\/#\\\/schema\\\/logo\\\/image\\\/\",\"url\":\"https:\\\/\\\/contactfm72.fr\\\/wp-content\\\/uploads\\\/2025\\\/04\\\/2025-04-18-2.jpg\",\"contentUrl\":\"https:\\\/\\\/contactfm72.fr\\\/wp-content\\\/uploads\\\/2025\\\/04\\\/2025-04-18-2.jpg\",\"width\":680,\"height\":307,\"caption\":\"Contact FM 99.3\"},\"image\":{\"@id\":\"https:\\\/\\\/contactfm72.fr\\\/#\\\/schema\\\/logo\\\/image\\\/\"},\"sameAs\":[\"https:\\\/\\\/www.facebook.com\\\/Contactfm.Chateauduloir\",\"https:\\\/\\\/x.com\\\/contactfm72\",\"https:\\\/\\\/www.instagram.com\\\/contact.fm.72?igsh=cGhlMHQ5N2JlNnpp\",\"https:\\\/\\\/www.tiktok.com\\\/@contact.fm\"]},{\"@type\":\"Person\",\"@id\":\"https:\\\/\\\/contactfm72.fr\\\/#\\\/schema\\\/person\\\/9fdc9d1c2eb029354a4f1535b90ba82d\",\"name\":\"Val\u00e9rie C.\",\"image\":{\"@type\":\"ImageObject\",\"inLanguage\":\"fr-FR\",\"@id\":\"https:\\\/\\\/secure.gravatar.com\\\/avatar\\\/2f8aa28f8dfbd7d4420afd1fdcdd0a349923e2c8a38ab28198b0f9d0601e4737?s=96&d=mm&r=g\",\"url\":\"https:\\\/\\\/secure.gravatar.com\\\/avatar\\\/2f8aa28f8dfbd7d4420afd1fdcdd0a349923e2c8a38ab28198b0f9d0601e4737?s=96&d=mm&r=g\",\"contentUrl\":\"https:\\\/\\\/secure.gravatar.com\\\/avatar\\\/2f8aa28f8dfbd7d4420afd1fdcdd0a349923e2c8a38ab28198b0f9d0601e4737?s=96&d=mm&r=g\",\"caption\":\"Val\u00e9rie C.\"},\"url\":\"https:\\\/\\\/contactfm72.fr\\\/?author=4\"}]}<\/script>\n<!-- \/ Yoast SEO plugin. -->","yoast_head_json":{"title":"Luceau : Une moyenne de 100 enfants par jour au centre de loisirs - Contact FM 99.3","robots":{"index":"index","follow":"follow","max-snippet":"max-snippet:-1","max-image-preview":"max-image-preview:large","max-video-preview":"max-video-preview:-1"},"canonical":"https:\/\/contactfm72.fr\/?p=10516","og_locale":"fr_FR","og_type":"article","og_title":"Luceau : Une moyenne de 100 enfants par jour au centre de loisirs - Contact FM 99.3","og_description":"Le centre de loisirs Rahart \u00e0 Luceau accueille de nouveau les enfants du territoire de 3 \u00e0 11 ans. C&#8217;est en pr\u00e9sence des membres du bureau du centre social Loir &amp; Berc\u00e9 que les enfants ont de nouveau foul\u00e9 les \u00e9tendues d&#8217;herbes de leur centre. &nbsp; &nbsp; L&#8217;\u00e9cole enfin termin\u00e9e, les vacances scolaires commencent et&hellip;","og_url":"https:\/\/contactfm72.fr\/?p=10516","og_site_name":"Contact FM 99.3","article_publisher":"https:\/\/www.facebook.com\/Contactfm.Chateauduloir","article_published_time":"2022-07-18T16:00:30+00:00","og_image":[{"width":2048,"height":1536,"url":"https:\/\/contactfm72.fr\/wp-content\/uploads\/2022\/07\/centre-loisirs.jpg","type":"image\/jpeg"}],"author":"Val\u00e9rie C.","twitter_card":"summary_large_image","twitter_creator":"@contactfm72","twitter_site":"@contactfm72","twitter_misc":{"\u00c9crit par":"Val\u00e9rie C.","Dur\u00e9e de lecture estim\u00e9e":"3 minutes"},"schema":{"@context":"https:\/\/schema.org","@graph":[{"@type":"Article","@id":"https:\/\/contactfm72.fr\/?p=10516#article","isPartOf":{"@id":"https:\/\/contactfm72.fr\/?p=10516"},"author":{"name":"Val\u00e9rie C.","@id":"https:\/\/contactfm72.fr\/#\/schema\/person\/9fdc9d1c2eb029354a4f1535b90ba82d"},"headline":"Luceau : Une moyenne de 100 enfants par jour au centre de loisirs","datePublished":"2022-07-18T16:00:30+00:00","mainEntityOfPage":{"@id":"https:\/\/contactfm72.fr\/?p=10516"},"wordCount":549,"publisher":{"@id":"https:\/\/contactfm72.fr\/#organization"},"image":{"@id":"https:\/\/contactfm72.fr\/?p=10516#primaryimage"},"thumbnailUrl":"https:\/\/contactfm72.fr\/wp-content\/uploads\/2022\/07\/centre-loisirs.jpg","articleSection":["Contact FM 72"],"inLanguage":"fr-FR"},{"@type":"WebPage","@id":"https:\/\/contactfm72.fr\/?p=10516","url":"https:\/\/contactfm72.fr\/?p=10516","name":"Luceau : Une moyenne de 100 enfants par jour au centre de loisirs - Contact FM 99.3","isPartOf":{"@id":"https:\/\/contactfm72.fr\/#website"},"primaryImageOfPage":{"@id":"https:\/\/contactfm72.fr\/?p=10516#primaryimage"},"image":{"@id":"https:\/\/contactfm72.fr\/?p=10516#primaryimage"},"thumbnailUrl":"https:\/\/contactfm72.fr\/wp-content\/uploads\/2022\/07\/centre-loisirs.jpg","datePublished":"2022-07-18T16:00:30+00:00","breadcrumb":{"@id":"https:\/\/contactfm72.fr\/?p=10516#breadcrumb"},"inLanguage":"fr-FR","potentialAction":[{"@type":"ReadAction","target":["https:\/\/contactfm72.fr\/?p=10516"]}]},{"@type":"ImageObject","inLanguage":"fr-FR","@id":"https:\/\/contactfm72.fr\/?p=10516#primaryimage","url":"https:\/\/contactfm72.fr\/wp-content\/uploads\/2022\/07\/centre-loisirs.jpg","contentUrl":"https:\/\/contactfm72.fr\/wp-content\/uploads\/2022\/07\/centre-loisirs.jpg","width":2048,"height":1536,"caption":"Les enfants et les animateurs lors de la \"danse du centre\", rituel matinal."},{"@type":"BreadcrumbList","@id":"https:\/\/contactfm72.fr\/?p=10516#breadcrumb","itemListElement":[{"@type":"ListItem","position":1,"name":"Accueil","item":"https:\/\/contactfm72.fr\/"},{"@type":"ListItem","position":2,"name":"Luceau : Une moyenne de 100 enfants par jour au centre de loisirs"}]},{"@type":"WebSite","@id":"https:\/\/contactfm72.fr\/#website","url":"https:\/\/contactfm72.fr\/","name":"Contact FM 99.3","description":"Votre radio en vall\u00e9e du Loir","publisher":{"@id":"https:\/\/contactfm72.fr\/#organization"},"potentialAction":[{"@type":"SearchAction","target":{"@type":"EntryPoint","urlTemplate":"https:\/\/contactfm72.fr\/?s={search_term_string}"},"query-input":{"@type":"PropertyValueSpecification","valueRequired":true,"valueName":"search_term_string"}}],"inLanguage":"fr-FR"},{"@type":"Organization","@id":"https:\/\/contactfm72.fr\/#organization","name":"Contact FM 99.3","url":"https:\/\/contactfm72.fr\/","logo":{"@type":"ImageObject","inLanguage":"fr-FR","@id":"https:\/\/contactfm72.fr\/#\/schema\/logo\/image\/","url":"https:\/\/contactfm72.fr\/wp-content\/uploads\/2025\/04\/2025-04-18-2.jpg","contentUrl":"https:\/\/contactfm72.fr\/wp-content\/uploads\/2025\/04\/2025-04-18-2.jpg","width":680,"height":307,"caption":"Contact FM 99.3"},"image":{"@id":"https:\/\/contactfm72.fr\/#\/schema\/logo\/image\/"},"sameAs":["https:\/\/www.facebook.com\/Contactfm.Chateauduloir","https:\/\/x.com\/contactfm72","https:\/\/www.instagram.com\/contact.fm.72?igsh=cGhlMHQ5N2JlNnpp","https:\/\/www.tiktok.com\/@contact.fm"]},{"@type":"Person","@id":"https:\/\/contactfm72.fr\/#\/schema\/person\/9fdc9d1c2eb029354a4f1535b90ba82d","name":"Val\u00e9rie C.","image":{"@type":"ImageObject","inLanguage":"fr-FR","@id":"https:\/\/secure.gravatar.com\/avatar\/2f8aa28f8dfbd7d4420afd1fdcdd0a349923e2c8a38ab28198b0f9d0601e4737?s=96&d=mm&r=g","url":"https:\/\/secure.gravatar.com\/avatar\/2f8aa28f8dfbd7d4420afd1fdcdd0a349923e2c8a38ab28198b0f9d0601e4737?s=96&d=mm&r=g","contentUrl":"https:\/\/secure.gravatar.com\/avatar\/2f8aa28f8dfbd7d4420afd1fdcdd0a349923e2c8a38ab28198b0f9d0601e4737?s=96&d=mm&r=g","caption":"Val\u00e9rie C."},"url":"https:\/\/contactfm72.fr\/?author=4"}]}},"_links":{"self":[{"href":"https:\/\/contactfm72.fr\/index.php?rest_route=\/wp\/v2\/posts\/10516","targetHints":{"allow":["GET"]}}],"collection":[{"href":"https:\/\/contactfm72.fr\/index.php?rest_route=\/wp\/v2\/posts"}],"about":[{"href":"https:\/\/contactfm72.fr\/index.php?rest_route=\/wp\/v2\/types\/post"}],"author":[{"embeddable":true,"href":"https:\/\/contactfm72.fr\/index.php?rest_route=\/wp\/v2\/users\/4"}],"replies":[{"embeddable":true,"href":"https:\/\/contactfm72.fr\/index.php?rest_route=%2Fwp%2Fv2%2Fcomments&post=10516"}],"version-history":[{"count":1,"href":"https:\/\/contactfm72.fr\/index.php?rest_route=\/wp\/v2\/posts\/10516\/revisions"}],"predecessor-version":[{"id":10518,"href":"https:\/\/contactfm72.fr\/index.php?rest_route=\/wp\/v2\/posts\/10516\/revisions\/10518"}],"wp:featuredmedia":[{"embeddable":true,"href":"https:\/\/contactfm72.fr\/index.php?rest_route=\/wp\/v2\/media\/10517"}],"wp:attachment":[{"href":"https:\/\/contactfm72.fr\/index.php?rest_route=%2Fwp%2Fv2%2Fmedia&parent=10516"}],"wp:term":[{"taxonomy":"category","embeddable":true,"href":"https:\/\/contactfm72.fr\/index.php?rest_route=%2Fwp%2Fv2%2Fcategories&post=10516"},{"taxonomy":"post_tag","embeddable":true,"href":"https:\/\/contactfm72.fr\/index.php?rest_route=%2Fwp%2Fv2%2Ftags&post=10516"}],"curies":[{"name":"wp","href":"https:\/\/api.w.org\/{rel}","templated":true}]}}