{"id":10505,"date":"2022-07-20T10:30:14","date_gmt":"2022-07-20T08:30:14","guid":{"rendered":"http:\/\/contactfm72.fr\/?p=10505"},"modified":"2022-07-18T09:07:29","modified_gmt":"2022-07-18T07:07:29","slug":"loirecopark-de-nouveaux-batiments-et-trois-entreprises-installees","status":"publish","type":"post","link":"https:\/\/contactfm72.fr\/?p=10505","title":{"rendered":"Loir\u00e9copark : De nouveaux b\u00e2timents et trois entreprises install\u00e9es"},"content":{"rendered":"<h2>A Loir\u00e9copark, dans la commune de Vaas, dans la Sarthe, de nouveaux b\u00e2timents viennent d\u2019\u00eatre inaugur\u00e9s. Trois entreprises aux comp\u00e9tences diff\u00e9rentes ont pris possession des lieux.<\/h2>\n<p>&nbsp;<\/p>\n<p>Depuis la fermeture de l\u2019ancien \u00c9tamat il y a 19 ans, diverses <strong>activit\u00e9s \u00e9conomiques<\/strong> ont vu le jour. Apr\u00e8s l\u2019installation d\u2019une p\u00e9pini\u00e8re d\u2019entreprises, d\u2019ateliers relais, de fermes photovolta\u00efques, la <strong>communaut\u00e9 de communes Sud-Sarthe<\/strong> a souhait\u00e9 favoriser l\u2019<strong>implantation d\u2019entreprises<\/strong> en finan\u00e7ant la construction d\u2019un ensemble de trois b\u00e2timents dits \u00ab blancs \u00bb. Sur six entreprises voulant int\u00e9grer ces nouveaux b\u00e2timents, la commission \u00e9conomie a retenu trois dossiers que les \u00e9lus communautaires ont approuv\u00e9s en conseil. Ce projet a permis aux trois entreprises de b\u00e9n\u00e9ficier d\u2019un tarif attractif gr\u00e2ce aux financements publics \u00e0 <strong>2,90\u20ac HT le m\u00b2<\/strong> pour s\u2019installer sur le territoire et signer un <strong>cr\u00e9dit-bail de 20 ans<\/strong>.<\/p>\n<p>&nbsp;<\/p>\n<h3><strong>La gen\u00e8se du projet<\/strong><\/h3>\n<p>En 2019, la communaut\u00e9 de communes Sud Sarthe a d\u00e9cid\u00e9 d\u2019une <strong>construction de trois b\u00e2timents pour renforcer l\u2019attractivit\u00e9 de la zone d\u2019activit\u00e9 de Loir\u00e9copark, <\/strong>mais aussi pour favoriser l\u2019installation de nouvelles entreprises gr\u00e2ce \u00e0 ces structures cl\u00e9s en main, qui sont pr\u00eates \u00e0 \u00eatre lou\u00e9es ou achet\u00e9es. Avec un financement des Services de l\u2019\u00c9tat au titre de la Dotation d\u2019\u00e9quipement des territoires ruraux (DETR) et la R\u00e9gion des Pays de La Loire au titre de la CTR pour les projets de la communaut\u00e9 de communes Sud Sarthe, l\u2019ensemble du projet, maitrise d\u2019\u0153uvres et maitrise d\u2019ouvrage comprise s\u2019\u00e9l\u00e8ve \u00e0 plus de<strong> 1 400 000 \u20ac.<\/strong><\/p>\n<p>&nbsp;<\/p>\n<h3><strong>Trois entreprises occupent les locaux<\/strong><\/h3>\n<p>Dans ces nouveaux b\u00e2timents, trois entreprises occupent les lieux.<\/p>\n<ul>\n<li><strong>BM Tech 72<\/strong>, sp\u00e9cialis\u00e9e dans la<strong> vente de pi\u00e8ces d\u00e9tach\u00e9es d&#8217;occasion et neuves et l\u2019entretien de tous mod\u00e8les<\/strong>, BM Tech occupe le plus grand b\u00e2timent d\u2019une surface de <strong>590m\u00b2<\/strong>. L\u2019entreprise a multipli\u00e9 par trois son nombre de salari\u00e9s en moins de trois mois, fort de son succ\u00e8s. Pour faire face \u00e0 une forte demande, BM Tech 72 s\u2019approvisionne gr\u00e2ce \u00e0 des v\u00e9hicules qui ne roulent plus ou bien des voitures ayant subi un accident.<\/li>\n<\/ul>\n<ul>\n<li><strong>Kurb Racing<\/strong>, sp\u00e9cialis\u00e9e dans le <strong>service de comp\u00e9tition karting,<\/strong> l\u2019entreprise s\u2019est install\u00e9e dans un atelier de presque <strong>375 m\u00b2<\/strong>.<\/li>\n<li><strong>JS Fabrication Dauchel-Fr\u00e8res<\/strong>, sp\u00e9cialis\u00e9e en sous-traitance dans la<strong> fabrication de chaussures orthop\u00e9diques et traditionnelles<\/strong>, ils ont d\u00e9m\u00e9nag\u00e9 des ateliers relais en mars pour s\u2019installer dans des locaux neufs, de<strong> 250 m\u00b2<\/strong> plus adapt\u00e9s \u00e0 leur activit\u00e9. Cela fait maintenant plus de 15 ans qu\u2019il mette \u00e0 contribution leur savoir-faire aupr\u00e8s de professionnels, du patronage jusqu\u2019\u00e0 la finition des chaussures.<\/li>\n<\/ul>\n<p>L\u2019ensemble des locaux r\u00e9pond aux normes environnementales actuelles.<strong> Peu \u00e9nergivore<\/strong> gr\u00e2ce \u00e0 des parois double peau, chaque b\u00e2timent est \u00e9quip\u00e9 de <strong>panneaux solaires<\/strong>. Une borne de recharge pour les v\u00e9hicules \u00e9lectriques est disponible sur le parking pour les dix salari\u00e9s travaillant sur le site et les clients. Nous pouvons aujourd\u2019hui constater l\u2019aboutissement d\u2019une dynamique \u00e9conomique de nombreuses ann\u00e9es de travail et remercier l\u2019ensemble des \u00e9lus, techniciens, partenaires financiers et entreprises pour cette magnifique r\u00e9alisation.<\/p>\n<p>&nbsp;<\/p>\n<p><strong>Un territoire de plus en plus attractif<\/strong><\/p>\n<p>D\u2019autres projets se concr\u00e9tisent et structureront l\u2019activit\u00e9 \u00e0 Loir\u00e9copark avec l\u2019arriv\u00e9e du groupe <strong>Phoenix-Cr\u00e9awatt<\/strong> mais aussi sur la zone de <strong>Belle Croix \u00e0 Requeil<\/strong> avec l\u2019am\u00e9nagement en cours de trois hectares : un hectare pour l\u2019extension d\u2019une entreprise existante, un autre hectare de terrain \u00e0 vendre pour l\u2019installation de nouvelles entreprises et un dernier hectare consacr\u00e9 \u00e0 la construction de trois b\u00e2timents blancs, identique \u00e0 ceux qui ont \u00e9t\u00e9 inaugur\u00e9s.<\/p>\n<!-- AddThis Advanced Settings generic via filter on the_content --><!-- AddThis Share Buttons generic via filter on the_content -->","protected":false},"excerpt":{"rendered":"<p>A Loir\u00e9copark, dans la commune de Vaas, dans la Sarthe, de nouveaux b\u00e2timents viennent d\u2019\u00eatre inaugur\u00e9s. Trois entreprises aux comp\u00e9tences diff\u00e9rentes ont pris possession des lieux. &nbsp; Depuis la fermeture de l\u2019ancien \u00c9tamat il y a 19 ans, diverses activit\u00e9s \u00e9conomiques ont vu le jour. Apr\u00e8s l\u2019installation d\u2019une p\u00e9pini\u00e8re d\u2019entreprises, d\u2019ateliers relais, de fermes photovolta\u00efques,&hellip;<!-- AddThis Advanced Settings generic via filter on get_the_excerpt --><!-- AddThis Share Buttons generic via filter on get_the_excerpt --><\/p>\n","protected":false},"author":4,"featured_media":10506,"comment_status":"closed","ping_status":"open","sticky":false,"template":"","format":"standard","meta":{"footnotes":""},"categories":[1],"tags":[],"class_list":["post-10505","post","type-post","status-publish","format-standard","has-post-thumbnail","hentry","category-contact-fm-72","category-1","description-off"],"yoast_head":"<!-- This site is optimized with the Yoast SEO plugin v27.4 - https:\/\/yoast.com\/product\/yoast-seo-wordpress\/ -->\n<title>Loir\u00e9copark : De nouveaux b\u00e2timents et trois entreprises install\u00e9es - Contact FM 99.3<\/title>\n<meta name=\"robots\" content=\"index, follow, max-snippet:-1, max-image-preview:large, max-video-preview:-1\" \/>\n<link rel=\"canonical\" href=\"https:\/\/contactfm72.fr\/?p=10505\" \/>\n<meta property=\"og:locale\" content=\"fr_FR\" \/>\n<meta property=\"og:type\" content=\"article\" \/>\n<meta property=\"og:title\" content=\"Loir\u00e9copark : De nouveaux b\u00e2timents et trois entreprises install\u00e9es - Contact FM 99.3\" \/>\n<meta property=\"og:description\" content=\"A Loir\u00e9copark, dans la commune de Vaas, dans la Sarthe, de nouveaux b\u00e2timents viennent d\u2019\u00eatre inaugur\u00e9s. Trois entreprises aux comp\u00e9tences diff\u00e9rentes ont pris possession des lieux. &nbsp; Depuis la fermeture de l\u2019ancien \u00c9tamat il y a 19 ans, diverses activit\u00e9s \u00e9conomiques ont vu le jour. Apr\u00e8s l\u2019installation d\u2019une p\u00e9pini\u00e8re d\u2019entreprises, d\u2019ateliers relais, de fermes photovolta\u00efques,&hellip;\" \/>\n<meta property=\"og:url\" content=\"https:\/\/contactfm72.fr\/?p=10505\" \/>\n<meta property=\"og:site_name\" content=\"Contact FM 99.3\" \/>\n<meta property=\"article:publisher\" content=\"https:\/\/www.facebook.com\/Contactfm.Chateauduloir\" \/>\n<meta property=\"article:published_time\" content=\"2022-07-20T08:30:14+00:00\" \/>\n<meta property=\"og:image\" content=\"https:\/\/contactfm72.fr\/wp-content\/uploads\/2022\/07\/CC-SS-loir\u00e9copark.jpeg\" \/>\n\t<meta property=\"og:image:width\" content=\"320\" \/>\n\t<meta property=\"og:image:height\" content=\"240\" \/>\n\t<meta property=\"og:image:type\" content=\"image\/jpeg\" \/>\n<meta name=\"author\" content=\"Val\u00e9rie C.\" \/>\n<meta name=\"twitter:card\" content=\"summary_large_image\" \/>\n<meta name=\"twitter:creator\" content=\"@contactfm72\" \/>\n<meta name=\"twitter:site\" content=\"@contactfm72\" \/>\n<meta name=\"twitter:label1\" content=\"\u00c9crit par\" \/>\n\t<meta name=\"twitter:data1\" content=\"Val\u00e9rie C.\" \/>\n\t<meta name=\"twitter:label2\" content=\"Dur\u00e9e de lecture estim\u00e9e\" \/>\n\t<meta name=\"twitter:data2\" content=\"3 minutes\" \/>\n<script type=\"application\/ld+json\" class=\"yoast-schema-graph\">{\"@context\":\"https:\\\/\\\/schema.org\",\"@graph\":[{\"@type\":\"Article\",\"@id\":\"https:\\\/\\\/contactfm72.fr\\\/?p=10505#article\",\"isPartOf\":{\"@id\":\"https:\\\/\\\/contactfm72.fr\\\/?p=10505\"},\"author\":{\"name\":\"Val\u00e9rie C.\",\"@id\":\"https:\\\/\\\/contactfm72.fr\\\/#\\\/schema\\\/person\\\/9fdc9d1c2eb029354a4f1535b90ba82d\"},\"headline\":\"Loir\u00e9copark : De nouveaux b\u00e2timents et trois entreprises install\u00e9es\",\"datePublished\":\"2022-07-20T08:30:14+00:00\",\"mainEntityOfPage\":{\"@id\":\"https:\\\/\\\/contactfm72.fr\\\/?p=10505\"},\"wordCount\":653,\"publisher\":{\"@id\":\"https:\\\/\\\/contactfm72.fr\\\/#organization\"},\"image\":{\"@id\":\"https:\\\/\\\/contactfm72.fr\\\/?p=10505#primaryimage\"},\"thumbnailUrl\":\"https:\\\/\\\/contactfm72.fr\\\/wp-content\\\/uploads\\\/2022\\\/07\\\/CC-SS-loir\u00e9copark.jpeg\",\"articleSection\":[\"Contact FM 72\"],\"inLanguage\":\"fr-FR\"},{\"@type\":\"WebPage\",\"@id\":\"https:\\\/\\\/contactfm72.fr\\\/?p=10505\",\"url\":\"https:\\\/\\\/contactfm72.fr\\\/?p=10505\",\"name\":\"Loir\u00e9copark : De nouveaux b\u00e2timents et trois entreprises install\u00e9es - Contact FM 99.3\",\"isPartOf\":{\"@id\":\"https:\\\/\\\/contactfm72.fr\\\/#website\"},\"primaryImageOfPage\":{\"@id\":\"https:\\\/\\\/contactfm72.fr\\\/?p=10505#primaryimage\"},\"image\":{\"@id\":\"https:\\\/\\\/contactfm72.fr\\\/?p=10505#primaryimage\"},\"thumbnailUrl\":\"https:\\\/\\\/contactfm72.fr\\\/wp-content\\\/uploads\\\/2022\\\/07\\\/CC-SS-loir\u00e9copark.jpeg\",\"datePublished\":\"2022-07-20T08:30:14+00:00\",\"breadcrumb\":{\"@id\":\"https:\\\/\\\/contactfm72.fr\\\/?p=10505#breadcrumb\"},\"inLanguage\":\"fr-FR\",\"potentialAction\":[{\"@type\":\"ReadAction\",\"target\":[\"https:\\\/\\\/contactfm72.fr\\\/?p=10505\"]}]},{\"@type\":\"ImageObject\",\"inLanguage\":\"fr-FR\",\"@id\":\"https:\\\/\\\/contactfm72.fr\\\/?p=10505#primaryimage\",\"url\":\"https:\\\/\\\/contactfm72.fr\\\/wp-content\\\/uploads\\\/2022\\\/07\\\/CC-SS-loir\u00e9copark.jpeg\",\"contentUrl\":\"https:\\\/\\\/contactfm72.fr\\\/wp-content\\\/uploads\\\/2022\\\/07\\\/CC-SS-loir\u00e9copark.jpeg\",\"width\":320,\"height\":240,\"caption\":\"Lors de l'inauguration des nouveaux b\u00e2itments de Loir\u00e9copark, \u00e0 Vaas, en pr\u00e9sence de nombreux \u00e9lus.\"},{\"@type\":\"BreadcrumbList\",\"@id\":\"https:\\\/\\\/contactfm72.fr\\\/?p=10505#breadcrumb\",\"itemListElement\":[{\"@type\":\"ListItem\",\"position\":1,\"name\":\"Accueil\",\"item\":\"https:\\\/\\\/contactfm72.fr\\\/\"},{\"@type\":\"ListItem\",\"position\":2,\"name\":\"Loir\u00e9copark : De nouveaux b\u00e2timents et trois entreprises install\u00e9es\"}]},{\"@type\":\"WebSite\",\"@id\":\"https:\\\/\\\/contactfm72.fr\\\/#website\",\"url\":\"https:\\\/\\\/contactfm72.fr\\\/\",\"name\":\"Contact FM 99.3\",\"description\":\"Votre radio en vall\u00e9e du Loir\",\"publisher\":{\"@id\":\"https:\\\/\\\/contactfm72.fr\\\/#organization\"},\"potentialAction\":[{\"@type\":\"SearchAction\",\"target\":{\"@type\":\"EntryPoint\",\"urlTemplate\":\"https:\\\/\\\/contactfm72.fr\\\/?s={search_term_string}\"},\"query-input\":{\"@type\":\"PropertyValueSpecification\",\"valueRequired\":true,\"valueName\":\"search_term_string\"}}],\"inLanguage\":\"fr-FR\"},{\"@type\":\"Organization\",\"@id\":\"https:\\\/\\\/contactfm72.fr\\\/#organization\",\"name\":\"Contact FM 99.3\",\"url\":\"https:\\\/\\\/contactfm72.fr\\\/\",\"logo\":{\"@type\":\"ImageObject\",\"inLanguage\":\"fr-FR\",\"@id\":\"https:\\\/\\\/contactfm72.fr\\\/#\\\/schema\\\/logo\\\/image\\\/\",\"url\":\"https:\\\/\\\/contactfm72.fr\\\/wp-content\\\/uploads\\\/2025\\\/04\\\/2025-04-18-2.jpg\",\"contentUrl\":\"https:\\\/\\\/contactfm72.fr\\\/wp-content\\\/uploads\\\/2025\\\/04\\\/2025-04-18-2.jpg\",\"width\":680,\"height\":307,\"caption\":\"Contact FM 99.3\"},\"image\":{\"@id\":\"https:\\\/\\\/contactfm72.fr\\\/#\\\/schema\\\/logo\\\/image\\\/\"},\"sameAs\":[\"https:\\\/\\\/www.facebook.com\\\/Contactfm.Chateauduloir\",\"https:\\\/\\\/x.com\\\/contactfm72\",\"https:\\\/\\\/www.instagram.com\\\/contact.fm.72?igsh=cGhlMHQ5N2JlNnpp\",\"https:\\\/\\\/www.tiktok.com\\\/@contact.fm\"]},{\"@type\":\"Person\",\"@id\":\"https:\\\/\\\/contactfm72.fr\\\/#\\\/schema\\\/person\\\/9fdc9d1c2eb029354a4f1535b90ba82d\",\"name\":\"Val\u00e9rie C.\",\"image\":{\"@type\":\"ImageObject\",\"inLanguage\":\"fr-FR\",\"@id\":\"https:\\\/\\\/secure.gravatar.com\\\/avatar\\\/2f8aa28f8dfbd7d4420afd1fdcdd0a349923e2c8a38ab28198b0f9d0601e4737?s=96&d=mm&r=g\",\"url\":\"https:\\\/\\\/secure.gravatar.com\\\/avatar\\\/2f8aa28f8dfbd7d4420afd1fdcdd0a349923e2c8a38ab28198b0f9d0601e4737?s=96&d=mm&r=g\",\"contentUrl\":\"https:\\\/\\\/secure.gravatar.com\\\/avatar\\\/2f8aa28f8dfbd7d4420afd1fdcdd0a349923e2c8a38ab28198b0f9d0601e4737?s=96&d=mm&r=g\",\"caption\":\"Val\u00e9rie C.\"},\"url\":\"https:\\\/\\\/contactfm72.fr\\\/?author=4\"}]}<\/script>\n<!-- \/ Yoast SEO plugin. -->","yoast_head_json":{"title":"Loir\u00e9copark : De nouveaux b\u00e2timents et trois entreprises install\u00e9es - Contact FM 99.3","robots":{"index":"index","follow":"follow","max-snippet":"max-snippet:-1","max-image-preview":"max-image-preview:large","max-video-preview":"max-video-preview:-1"},"canonical":"https:\/\/contactfm72.fr\/?p=10505","og_locale":"fr_FR","og_type":"article","og_title":"Loir\u00e9copark : De nouveaux b\u00e2timents et trois entreprises install\u00e9es - Contact FM 99.3","og_description":"A Loir\u00e9copark, dans la commune de Vaas, dans la Sarthe, de nouveaux b\u00e2timents viennent d\u2019\u00eatre inaugur\u00e9s. Trois entreprises aux comp\u00e9tences diff\u00e9rentes ont pris possession des lieux. &nbsp; Depuis la fermeture de l\u2019ancien \u00c9tamat il y a 19 ans, diverses activit\u00e9s \u00e9conomiques ont vu le jour. Apr\u00e8s l\u2019installation d\u2019une p\u00e9pini\u00e8re d\u2019entreprises, d\u2019ateliers relais, de fermes photovolta\u00efques,&hellip;","og_url":"https:\/\/contactfm72.fr\/?p=10505","og_site_name":"Contact FM 99.3","article_publisher":"https:\/\/www.facebook.com\/Contactfm.Chateauduloir","article_published_time":"2022-07-20T08:30:14+00:00","og_image":[{"width":320,"height":240,"url":"https:\/\/contactfm72.fr\/wp-content\/uploads\/2022\/07\/CC-SS-loir\u00e9copark.jpeg","type":"image\/jpeg"}],"author":"Val\u00e9rie C.","twitter_card":"summary_large_image","twitter_creator":"@contactfm72","twitter_site":"@contactfm72","twitter_misc":{"\u00c9crit par":"Val\u00e9rie C.","Dur\u00e9e de lecture estim\u00e9e":"3 minutes"},"schema":{"@context":"https:\/\/schema.org","@graph":[{"@type":"Article","@id":"https:\/\/contactfm72.fr\/?p=10505#article","isPartOf":{"@id":"https:\/\/contactfm72.fr\/?p=10505"},"author":{"name":"Val\u00e9rie C.","@id":"https:\/\/contactfm72.fr\/#\/schema\/person\/9fdc9d1c2eb029354a4f1535b90ba82d"},"headline":"Loir\u00e9copark : De nouveaux b\u00e2timents et trois entreprises install\u00e9es","datePublished":"2022-07-20T08:30:14+00:00","mainEntityOfPage":{"@id":"https:\/\/contactfm72.fr\/?p=10505"},"wordCount":653,"publisher":{"@id":"https:\/\/contactfm72.fr\/#organization"},"image":{"@id":"https:\/\/contactfm72.fr\/?p=10505#primaryimage"},"thumbnailUrl":"https:\/\/contactfm72.fr\/wp-content\/uploads\/2022\/07\/CC-SS-loir\u00e9copark.jpeg","articleSection":["Contact FM 72"],"inLanguage":"fr-FR"},{"@type":"WebPage","@id":"https:\/\/contactfm72.fr\/?p=10505","url":"https:\/\/contactfm72.fr\/?p=10505","name":"Loir\u00e9copark : De nouveaux b\u00e2timents et trois entreprises install\u00e9es - Contact FM 99.3","isPartOf":{"@id":"https:\/\/contactfm72.fr\/#website"},"primaryImageOfPage":{"@id":"https:\/\/contactfm72.fr\/?p=10505#primaryimage"},"image":{"@id":"https:\/\/contactfm72.fr\/?p=10505#primaryimage"},"thumbnailUrl":"https:\/\/contactfm72.fr\/wp-content\/uploads\/2022\/07\/CC-SS-loir\u00e9copark.jpeg","datePublished":"2022-07-20T08:30:14+00:00","breadcrumb":{"@id":"https:\/\/contactfm72.fr\/?p=10505#breadcrumb"},"inLanguage":"fr-FR","potentialAction":[{"@type":"ReadAction","target":["https:\/\/contactfm72.fr\/?p=10505"]}]},{"@type":"ImageObject","inLanguage":"fr-FR","@id":"https:\/\/contactfm72.fr\/?p=10505#primaryimage","url":"https:\/\/contactfm72.fr\/wp-content\/uploads\/2022\/07\/CC-SS-loir\u00e9copark.jpeg","contentUrl":"https:\/\/contactfm72.fr\/wp-content\/uploads\/2022\/07\/CC-SS-loir\u00e9copark.jpeg","width":320,"height":240,"caption":"Lors de l'inauguration des nouveaux b\u00e2itments de Loir\u00e9copark, \u00e0 Vaas, en pr\u00e9sence de nombreux \u00e9lus."},{"@type":"BreadcrumbList","@id":"https:\/\/contactfm72.fr\/?p=10505#breadcrumb","itemListElement":[{"@type":"ListItem","position":1,"name":"Accueil","item":"https:\/\/contactfm72.fr\/"},{"@type":"ListItem","position":2,"name":"Loir\u00e9copark : De nouveaux b\u00e2timents et trois entreprises install\u00e9es"}]},{"@type":"WebSite","@id":"https:\/\/contactfm72.fr\/#website","url":"https:\/\/contactfm72.fr\/","name":"Contact FM 99.3","description":"Votre radio en vall\u00e9e du Loir","publisher":{"@id":"https:\/\/contactfm72.fr\/#organization"},"potentialAction":[{"@type":"SearchAction","target":{"@type":"EntryPoint","urlTemplate":"https:\/\/contactfm72.fr\/?s={search_term_string}"},"query-input":{"@type":"PropertyValueSpecification","valueRequired":true,"valueName":"search_term_string"}}],"inLanguage":"fr-FR"},{"@type":"Organization","@id":"https:\/\/contactfm72.fr\/#organization","name":"Contact FM 99.3","url":"https:\/\/contactfm72.fr\/","logo":{"@type":"ImageObject","inLanguage":"fr-FR","@id":"https:\/\/contactfm72.fr\/#\/schema\/logo\/image\/","url":"https:\/\/contactfm72.fr\/wp-content\/uploads\/2025\/04\/2025-04-18-2.jpg","contentUrl":"https:\/\/contactfm72.fr\/wp-content\/uploads\/2025\/04\/2025-04-18-2.jpg","width":680,"height":307,"caption":"Contact FM 99.3"},"image":{"@id":"https:\/\/contactfm72.fr\/#\/schema\/logo\/image\/"},"sameAs":["https:\/\/www.facebook.com\/Contactfm.Chateauduloir","https:\/\/x.com\/contactfm72","https:\/\/www.instagram.com\/contact.fm.72?igsh=cGhlMHQ5N2JlNnpp","https:\/\/www.tiktok.com\/@contact.fm"]},{"@type":"Person","@id":"https:\/\/contactfm72.fr\/#\/schema\/person\/9fdc9d1c2eb029354a4f1535b90ba82d","name":"Val\u00e9rie C.","image":{"@type":"ImageObject","inLanguage":"fr-FR","@id":"https:\/\/secure.gravatar.com\/avatar\/2f8aa28f8dfbd7d4420afd1fdcdd0a349923e2c8a38ab28198b0f9d0601e4737?s=96&d=mm&r=g","url":"https:\/\/secure.gravatar.com\/avatar\/2f8aa28f8dfbd7d4420afd1fdcdd0a349923e2c8a38ab28198b0f9d0601e4737?s=96&d=mm&r=g","contentUrl":"https:\/\/secure.gravatar.com\/avatar\/2f8aa28f8dfbd7d4420afd1fdcdd0a349923e2c8a38ab28198b0f9d0601e4737?s=96&d=mm&r=g","caption":"Val\u00e9rie C."},"url":"https:\/\/contactfm72.fr\/?author=4"}]}},"_links":{"self":[{"href":"https:\/\/contactfm72.fr\/index.php?rest_route=\/wp\/v2\/posts\/10505","targetHints":{"allow":["GET"]}}],"collection":[{"href":"https:\/\/contactfm72.fr\/index.php?rest_route=\/wp\/v2\/posts"}],"about":[{"href":"https:\/\/contactfm72.fr\/index.php?rest_route=\/wp\/v2\/types\/post"}],"author":[{"embeddable":true,"href":"https:\/\/contactfm72.fr\/index.php?rest_route=\/wp\/v2\/users\/4"}],"replies":[{"embeddable":true,"href":"https:\/\/contactfm72.fr\/index.php?rest_route=%2Fwp%2Fv2%2Fcomments&post=10505"}],"version-history":[{"count":1,"href":"https:\/\/contactfm72.fr\/index.php?rest_route=\/wp\/v2\/posts\/10505\/revisions"}],"predecessor-version":[{"id":10507,"href":"https:\/\/contactfm72.fr\/index.php?rest_route=\/wp\/v2\/posts\/10505\/revisions\/10507"}],"wp:featuredmedia":[{"embeddable":true,"href":"https:\/\/contactfm72.fr\/index.php?rest_route=\/wp\/v2\/media\/10506"}],"wp:attachment":[{"href":"https:\/\/contactfm72.fr\/index.php?rest_route=%2Fwp%2Fv2%2Fmedia&parent=10505"}],"wp:term":[{"taxonomy":"category","embeddable":true,"href":"https:\/\/contactfm72.fr\/index.php?rest_route=%2Fwp%2Fv2%2Fcategories&post=10505"},{"taxonomy":"post_tag","embeddable":true,"href":"https:\/\/contactfm72.fr\/index.php?rest_route=%2Fwp%2Fv2%2Ftags&post=10505"}],"curies":[{"name":"wp","href":"https:\/\/api.w.org\/{rel}","templated":true}]}}