{"id":10500,"date":"2022-07-15T14:00:11","date_gmt":"2022-07-15T12:00:11","guid":{"rendered":"http:\/\/contactfm72.fr\/?p=10500"},"modified":"2022-09-26T16:56:58","modified_gmt":"2022-09-26T14:56:58","slug":"sud-sarthe-104-jeunes-du-snu-heberges-sur-le-territoire","status":"publish","type":"post","link":"https:\/\/contactfm72.fr\/?p=10500","title":{"rendered":"Sud Sarthe : 104 jeunes du Service national universel h\u00e9berg\u00e9s sur le territoire"},"content":{"rendered":"<h2>Montval-sur-Loir, commune de la Sarthe, a accueilli 104 jeunes du Service national universel du 4 au 15 juillet. H\u00e9berg\u00e9s au sein du lyc\u00e9e professionnel Mar\u00e9chal Leclerc de Hauteclocque, ces 104 jeunes ont d\u00e9couvert le territoire au rythme des enseignements consacr\u00e9s aux valeurs de la R\u00e9publique.<\/h2>\n<p>&nbsp;<\/p>\n<p>&nbsp;<\/p>\n<p>C\u2019est la <strong>3<sup>\u00e8me<\/sup> \u00e9dition<\/strong> de son histoire, et ils ont d\u00e9cid\u00e9 de faire un s\u00e9jour \u00e0 <strong>Montval-sur-Loir,<\/strong> dans la <strong>Sarthe<\/strong>. Les jeunes volontaires du <strong>Service national universel<\/strong> (<a href=\"https:\/\/www.snu.gouv.fr\/le-sejour-de-cohesion-26\">SNU<\/a>) sont h\u00e9berg\u00e9s dans les locaux du<strong> lyc\u00e9e Mar\u00e9chal Leclerc de Hauteclocque<\/strong> \u00e0 Ch\u00e2teau-du-Loir.<\/p>\n<p>Le SNU, nouveau <strong>dispositif de l\u2019\u00c9tat<\/strong>, est pr\u00e9sent\u00e9 par <strong>Charlie Guillot<\/strong>, chef de centre du s\u00e9jour organis\u00e9 dans le sud Sarthe\u00a0:<\/p>\n<blockquote><p>\u00ab\u00a0L\u2019objectif du SNU est d\u2019enseigner les valeurs de la R\u00e9publique gr\u00e2ce \u00e0 un s\u00e9jour de 15 jours en immersion totale dans une collectivit\u00e9. On supervise les jeunes de 15 \u00e0 17 ans. Sur le territoire national, ce sont 25\u00a0000 jeunes engag\u00e9s. L\u2019\u00c9tat veut doubler ce nombre d\u2019ici l\u2019ann\u00e9e prochaine\u00a0\u00bb.<\/p><\/blockquote>\n<p>&nbsp;<\/p>\n<h3><strong>Le SNU en trois \u00e9tapes<\/strong><\/h3>\n<p>Le SNU se d\u00e9roule en trois \u00e9tapes\u00a0; <strong>deux obligatoires et une facultative<\/strong>. La premi\u00e8re \u00e9tape pour les jeunes est le <strong>s\u00e9jour de coh\u00e9sion<\/strong> de deux semaines. \u00ab Au d\u00e9but du lancement du SNU, le s\u00e9jour pouvait se d\u00e9rouler n\u2019importe o\u00f9 en France. Mais pour des raisons logistiques, on se limite d\u00e9sormais \u00e0 un s\u00e9jour infrar\u00e9gional. Pour ce s\u00e9jour, nous accueillons des jeunes venant de <strong>Loire-Atlantique et de Maine-et-Loire\u00a0<\/strong>\u00bb, continue l\u2019encadrant. La deuxi\u00e8me \u00e9tape de la validation du SNU est la <strong>mission d\u2019int\u00e9r\u00eat g\u00e9n\u00e9ral<\/strong>\u00a0(MIG) : \u00ab\u00a0Chaque jeune devra effectuer une MIG d\u2019une <strong>dur\u00e9e de 84h<\/strong> pour une collectivit\u00e9, une association ou m\u00eame un m\u00e9tier de corps d\u2019uniforme. L\u2019id\u00e9e est de donner du temps pour les autres\u00a0\u00bb, poursuit le chef. La derni\u00e8re \u00e9tape cette fois ci facultative du SNU est d\u2019effectuer un engagement plus concret aupr\u00e8s encore une fois d\u2019une collectivit\u00e9 ou m\u00eame association en tant que jeune volontaire en <strong>service civique ou\/et europ\u00e9en<\/strong>.<\/p>\n<p>Le s\u00e9jour de deux semaines n\u2019est pas synonyme de colonie de vacances. Durant cette immersion totale dans un territoire inconnu, les jeunes suivent diff\u00e9rents modules r\u00e9partis en plusieurs th\u00e9matiques, dont la <strong>s\u00e9curit\u00e9 int\u00e9rieure<\/strong> avec l\u2019intervention de la gendarmerie, des pompiers, du <strong>cyber harc\u00e8lement<\/strong>, ou encore de la <strong>s\u00e9curit\u00e9 routi\u00e8re<\/strong>. D\u2019autres th\u00e8mes plus importants sont abord\u00e9s, comme la <strong>coh\u00e9sion nationale<\/strong>, ou m\u00eame la <strong>citoyennet\u00e9 et l\u2019engagement<\/strong>.<\/p>\n<p>&nbsp;<\/p>\n<h3><strong>104 jeunes engag\u00e9s dans la Sarthe<\/strong><\/h3>\n<p>Polo et casquette blancs pour les jeunes, et bordeaux pour les encadrants, ils ne sont pas pass\u00e9s inaper\u00e7ues dans les rues montvaloises.\u00a0Parmi les 25 000 volontaires de cette ann\u00e9e, 104 se trouvent dans la Sarthe, h\u00e9berg\u00e9s \u00e0 Montval-sur-Loir, pendant les<strong> deux premi\u00e8res semaines de juillet<\/strong>. \u00c2g\u00e9s de <strong>15 \u00e0 17 ans<\/strong>, nombre d\u2019entre eux ont v\u00e9cu pour la premi\u00e8re fois, loin de chez eux, et surtout, ont d\u00fb s\u2019habituer \u00e0 la vie en collectivit\u00e9\u00a0: \u00ab\u00a0les jeunes ont globalement respect\u00e9 les r\u00e8gles. Ils ont d\u00fb se plier \u00e0 la r\u00e9partition des t\u00e2ches m\u00e9nag\u00e8res. Beaucoup ne savaient pas tenir un balai par exemple\u00a0\u00bb, explique Charlie Guillot.<\/p>\n<blockquote><p>Les 16 encadrants du SNU ont am\u00e9nag\u00e9 une place d\u2019armes dans la cour du lyc\u00e9e : \u00ab A cet endroit, tous les matins \u00e0 8h15, les jeunes ont proc\u00e9d\u00e9 \u00e0 la lev\u00e9e des couleurs et ont chant\u00e9 la Marseillaise \u00bb, informe le chef du centre.<\/p><\/blockquote>\n<p>La journ\u00e9e, les jeunes ont assist\u00e9 \u00e0 des conf\u00e9rences et des cours en lien avec les th\u00e9matiques abord\u00e9es tout au long du s\u00e9jour\u00a0: \u00ab\u00a0On a re\u00e7u la <strong>Banque de France<\/strong> pour qu\u2019ils sachent comment tenir un budget\u00a0; on a plusieurs interventions avec les militaires\u00a0; on a m\u00eame re\u00e7u la <strong>Maison de l\u2019Europe<\/strong>\u00a0\u00bb, \u00e9num\u00e8re Charlie Guillot. Outre ces \u00e9l\u00e9ments plus th\u00e9oriques, les jeunes ont pu se d\u00e9penser au travers d\u2019<strong>activit\u00e9s sportives\u00a0mais aussi culturelles<\/strong> en d\u00e9couvrant Montval-sur-Loir et ses alentours\u00a0: <strong>Carnuta<\/strong>, le <strong>ch\u00e2teau du Lude<\/strong>, l\u2019espace nautique \u00e0 <strong>Mar\u00e7on<\/strong>, la <strong>Rotonde de Montabon,<\/strong> ou encore des s\u00e9ances au <strong>cin\u00e9ma<\/strong>, toutes ses activit\u00e9s \u00e9taient inscrites dans le cadre du partenariat avec la ville h\u00f4te.<\/p>\n<p>&nbsp;<\/p>\n<h3><strong>P\u00e2tissi\u00e8re ou arm\u00e9e de terre<\/strong><\/h3>\n<p>Originaire de <strong>Nantes<\/strong>, <strong>Mona<\/strong> a 16 ans et a d\u00e9cid\u00e9 de s\u2019engager pour la raison suivante :<\/p>\n<blockquote><p>\u00ab Des amis ont d\u00e9j\u00e0 fait le SNU les ann\u00e9es pr\u00e9c\u00e9dentes, et \u00e7a m\u2019a donn\u00e9 envie de le faire. J\u2019avais envie de partir loin de chez moi. Je trouvais le dispositif int\u00e9ressant et \u00e7a m\u2019a permis de d\u00e9couvrir un territoire que je ne connaissais pas et que j\u2019ai aim\u00e9 visiter \u00bb.<\/p><\/blockquote>\n<p>Pouvoir s\u2019engager avec le SNU repr\u00e9sentait \u00e9galement une chance pour celle qui est en <strong>1<sup>\u00e8re<\/sup> ann\u00e9e de cuisine\/restauration<\/strong> : \u00ab J\u2019h\u00e9site entre devenir p\u00e2tissi\u00e8re ou rejoindre l\u2019arm\u00e9e de terre \u00bb, explique l\u2019adolescente. Elle a pu poser ses<strong> questions directement aux forces des arm\u00e9es<\/strong> lors de leur pr\u00e9c\u00e9dente intervention aupr\u00e8s de cette jeunesse engag\u00e9e. \u00ab\u00a0J\u2019ai vraiment bien aim\u00e9 mon s\u00e9jour, mais j\u2019ai pr\u00e9f\u00e9r\u00e9 les activit\u00e9s sportives\u00a0\u00bb, admet Mona.<\/p>\n<p>Le s\u00e9jour de deux semaines s\u2019est cl\u00f4tur\u00e9 sur une <strong>c\u00e9r\u00e9monie officielle<\/strong> en pr\u00e9sence de nombreux \u00e9lus locaux, et notamment de la <strong>sous-pr\u00e9f\u00e8te V\u00e9ronique Ortet.<\/strong> Les jeunes se sont vus remettre un dipl\u00f4me signifiant leur engagement pour cette premi\u00e8re \u00e9tape de validation du SNU.<\/p>\n<!-- AddThis Advanced Settings generic via filter on the_content --><!-- AddThis Share Buttons generic via filter on the_content -->","protected":false},"excerpt":{"rendered":"<p>Montval-sur-Loir, commune de la Sarthe, a accueilli 104 jeunes du Service national universel du 4 au 15 juillet. H\u00e9berg\u00e9s au sein du lyc\u00e9e professionnel Mar\u00e9chal Leclerc de Hauteclocque, ces 104 jeunes ont d\u00e9couvert le territoire au rythme des enseignements consacr\u00e9s aux valeurs de la R\u00e9publique. &nbsp; &nbsp; C\u2019est la 3\u00e8me \u00e9dition de son histoire, et&hellip;<!-- AddThis Advanced Settings generic via filter on get_the_excerpt --><!-- AddThis Share Buttons generic via filter on get_the_excerpt --><\/p>\n","protected":false},"author":4,"featured_media":10501,"comment_status":"closed","ping_status":"open","sticky":false,"template":"","format":"standard","meta":{"footnotes":""},"categories":[1],"tags":[],"class_list":["post-10500","post","type-post","status-publish","format-standard","has-post-thumbnail","hentry","category-contact-fm-72","category-1","description-off"],"yoast_head":"<!-- This site is optimized with the Yoast SEO plugin v27.4 - https:\/\/yoast.com\/product\/yoast-seo-wordpress\/ -->\n<title>Sud Sarthe : 104 jeunes du Service national universel h\u00e9berg\u00e9s sur le territoire - Contact FM 99.3<\/title>\n<meta name=\"robots\" content=\"index, follow, max-snippet:-1, max-image-preview:large, max-video-preview:-1\" \/>\n<link rel=\"canonical\" href=\"https:\/\/contactfm72.fr\/?p=10500\" \/>\n<meta property=\"og:locale\" content=\"fr_FR\" \/>\n<meta property=\"og:type\" content=\"article\" \/>\n<meta property=\"og:title\" content=\"Sud Sarthe : 104 jeunes du Service national universel h\u00e9berg\u00e9s sur le territoire - Contact FM 99.3\" \/>\n<meta property=\"og:description\" content=\"Montval-sur-Loir, commune de la Sarthe, a accueilli 104 jeunes du Service national universel du 4 au 15 juillet. H\u00e9berg\u00e9s au sein du lyc\u00e9e professionnel Mar\u00e9chal Leclerc de Hauteclocque, ces 104 jeunes ont d\u00e9couvert le territoire au rythme des enseignements consacr\u00e9s aux valeurs de la R\u00e9publique. &nbsp; &nbsp; C\u2019est la 3\u00e8me \u00e9dition de son histoire, et&hellip;\" \/>\n<meta property=\"og:url\" content=\"https:\/\/contactfm72.fr\/?p=10500\" \/>\n<meta property=\"og:site_name\" content=\"Contact FM 99.3\" \/>\n<meta property=\"article:publisher\" content=\"https:\/\/www.facebook.com\/Contactfm.Chateauduloir\" \/>\n<meta property=\"article:published_time\" content=\"2022-07-15T12:00:11+00:00\" \/>\n<meta property=\"article:modified_time\" content=\"2022-09-26T14:56:58+00:00\" \/>\n<meta property=\"og:image\" content=\"https:\/\/contactfm72.fr\/wp-content\/uploads\/2022\/07\/SNU.jpg\" \/>\n\t<meta property=\"og:image:width\" content=\"2048\" \/>\n\t<meta property=\"og:image:height\" content=\"1536\" \/>\n\t<meta property=\"og:image:type\" content=\"image\/jpeg\" \/>\n<meta name=\"author\" content=\"Val\u00e9rie C.\" \/>\n<meta name=\"twitter:card\" content=\"summary_large_image\" \/>\n<meta name=\"twitter:creator\" content=\"@contactfm72\" \/>\n<meta name=\"twitter:site\" content=\"@contactfm72\" \/>\n<meta name=\"twitter:label1\" content=\"\u00c9crit par\" \/>\n\t<meta name=\"twitter:data1\" content=\"Val\u00e9rie C.\" \/>\n\t<meta name=\"twitter:label2\" content=\"Dur\u00e9e de lecture estim\u00e9e\" \/>\n\t<meta name=\"twitter:data2\" content=\"5 minutes\" \/>\n<script type=\"application\/ld+json\" class=\"yoast-schema-graph\">{\"@context\":\"https:\\\/\\\/schema.org\",\"@graph\":[{\"@type\":\"Article\",\"@id\":\"https:\\\/\\\/contactfm72.fr\\\/?p=10500#article\",\"isPartOf\":{\"@id\":\"https:\\\/\\\/contactfm72.fr\\\/?p=10500\"},\"author\":{\"name\":\"Val\u00e9rie C.\",\"@id\":\"https:\\\/\\\/contactfm72.fr\\\/#\\\/schema\\\/person\\\/9fdc9d1c2eb029354a4f1535b90ba82d\"},\"headline\":\"Sud Sarthe : 104 jeunes du Service national universel h\u00e9berg\u00e9s sur le territoire\",\"datePublished\":\"2022-07-15T12:00:11+00:00\",\"dateModified\":\"2022-09-26T14:56:58+00:00\",\"mainEntityOfPage\":{\"@id\":\"https:\\\/\\\/contactfm72.fr\\\/?p=10500\"},\"wordCount\":980,\"publisher\":{\"@id\":\"https:\\\/\\\/contactfm72.fr\\\/#organization\"},\"image\":{\"@id\":\"https:\\\/\\\/contactfm72.fr\\\/?p=10500#primaryimage\"},\"thumbnailUrl\":\"https:\\\/\\\/contactfm72.fr\\\/wp-content\\\/uploads\\\/2022\\\/07\\\/SNU.jpg\",\"articleSection\":[\"Contact FM 72\"],\"inLanguage\":\"fr-FR\"},{\"@type\":\"WebPage\",\"@id\":\"https:\\\/\\\/contactfm72.fr\\\/?p=10500\",\"url\":\"https:\\\/\\\/contactfm72.fr\\\/?p=10500\",\"name\":\"Sud Sarthe : 104 jeunes du Service national universel h\u00e9berg\u00e9s sur le territoire - Contact FM 99.3\",\"isPartOf\":{\"@id\":\"https:\\\/\\\/contactfm72.fr\\\/#website\"},\"primaryImageOfPage\":{\"@id\":\"https:\\\/\\\/contactfm72.fr\\\/?p=10500#primaryimage\"},\"image\":{\"@id\":\"https:\\\/\\\/contactfm72.fr\\\/?p=10500#primaryimage\"},\"thumbnailUrl\":\"https:\\\/\\\/contactfm72.fr\\\/wp-content\\\/uploads\\\/2022\\\/07\\\/SNU.jpg\",\"datePublished\":\"2022-07-15T12:00:11+00:00\",\"dateModified\":\"2022-09-26T14:56:58+00:00\",\"breadcrumb\":{\"@id\":\"https:\\\/\\\/contactfm72.fr\\\/?p=10500#breadcrumb\"},\"inLanguage\":\"fr-FR\",\"potentialAction\":[{\"@type\":\"ReadAction\",\"target\":[\"https:\\\/\\\/contactfm72.fr\\\/?p=10500\"]}]},{\"@type\":\"ImageObject\",\"inLanguage\":\"fr-FR\",\"@id\":\"https:\\\/\\\/contactfm72.fr\\\/?p=10500#primaryimage\",\"url\":\"https:\\\/\\\/contactfm72.fr\\\/wp-content\\\/uploads\\\/2022\\\/07\\\/SNU.jpg\",\"contentUrl\":\"https:\\\/\\\/contactfm72.fr\\\/wp-content\\\/uploads\\\/2022\\\/07\\\/SNU.jpg\",\"width\":2048,\"height\":1536,\"caption\":\"De g. \u00e0 dr. Mona et Charlie Guillot, sur la place des armes, au lyc\u00e9e Mar\u00e9chal Leclerc de Hauteclocque.\"},{\"@type\":\"BreadcrumbList\",\"@id\":\"https:\\\/\\\/contactfm72.fr\\\/?p=10500#breadcrumb\",\"itemListElement\":[{\"@type\":\"ListItem\",\"position\":1,\"name\":\"Accueil\",\"item\":\"https:\\\/\\\/contactfm72.fr\\\/\"},{\"@type\":\"ListItem\",\"position\":2,\"name\":\"Sud Sarthe : 104 jeunes du Service national universel h\u00e9berg\u00e9s sur le territoire\"}]},{\"@type\":\"WebSite\",\"@id\":\"https:\\\/\\\/contactfm72.fr\\\/#website\",\"url\":\"https:\\\/\\\/contactfm72.fr\\\/\",\"name\":\"Contact FM 99.3\",\"description\":\"Votre radio en vall\u00e9e du Loir\",\"publisher\":{\"@id\":\"https:\\\/\\\/contactfm72.fr\\\/#organization\"},\"potentialAction\":[{\"@type\":\"SearchAction\",\"target\":{\"@type\":\"EntryPoint\",\"urlTemplate\":\"https:\\\/\\\/contactfm72.fr\\\/?s={search_term_string}\"},\"query-input\":{\"@type\":\"PropertyValueSpecification\",\"valueRequired\":true,\"valueName\":\"search_term_string\"}}],\"inLanguage\":\"fr-FR\"},{\"@type\":\"Organization\",\"@id\":\"https:\\\/\\\/contactfm72.fr\\\/#organization\",\"name\":\"Contact FM 99.3\",\"url\":\"https:\\\/\\\/contactfm72.fr\\\/\",\"logo\":{\"@type\":\"ImageObject\",\"inLanguage\":\"fr-FR\",\"@id\":\"https:\\\/\\\/contactfm72.fr\\\/#\\\/schema\\\/logo\\\/image\\\/\",\"url\":\"https:\\\/\\\/contactfm72.fr\\\/wp-content\\\/uploads\\\/2025\\\/04\\\/2025-04-18-2.jpg\",\"contentUrl\":\"https:\\\/\\\/contactfm72.fr\\\/wp-content\\\/uploads\\\/2025\\\/04\\\/2025-04-18-2.jpg\",\"width\":680,\"height\":307,\"caption\":\"Contact FM 99.3\"},\"image\":{\"@id\":\"https:\\\/\\\/contactfm72.fr\\\/#\\\/schema\\\/logo\\\/image\\\/\"},\"sameAs\":[\"https:\\\/\\\/www.facebook.com\\\/Contactfm.Chateauduloir\",\"https:\\\/\\\/x.com\\\/contactfm72\",\"https:\\\/\\\/www.instagram.com\\\/contact.fm.72?igsh=cGhlMHQ5N2JlNnpp\",\"https:\\\/\\\/www.tiktok.com\\\/@contact.fm\"]},{\"@type\":\"Person\",\"@id\":\"https:\\\/\\\/contactfm72.fr\\\/#\\\/schema\\\/person\\\/9fdc9d1c2eb029354a4f1535b90ba82d\",\"name\":\"Val\u00e9rie C.\",\"image\":{\"@type\":\"ImageObject\",\"inLanguage\":\"fr-FR\",\"@id\":\"https:\\\/\\\/secure.gravatar.com\\\/avatar\\\/2f8aa28f8dfbd7d4420afd1fdcdd0a349923e2c8a38ab28198b0f9d0601e4737?s=96&d=mm&r=g\",\"url\":\"https:\\\/\\\/secure.gravatar.com\\\/avatar\\\/2f8aa28f8dfbd7d4420afd1fdcdd0a349923e2c8a38ab28198b0f9d0601e4737?s=96&d=mm&r=g\",\"contentUrl\":\"https:\\\/\\\/secure.gravatar.com\\\/avatar\\\/2f8aa28f8dfbd7d4420afd1fdcdd0a349923e2c8a38ab28198b0f9d0601e4737?s=96&d=mm&r=g\",\"caption\":\"Val\u00e9rie C.\"},\"url\":\"https:\\\/\\\/contactfm72.fr\\\/?author=4\"}]}<\/script>\n<!-- \/ Yoast SEO plugin. -->","yoast_head_json":{"title":"Sud Sarthe : 104 jeunes du Service national universel h\u00e9berg\u00e9s sur le territoire - Contact FM 99.3","robots":{"index":"index","follow":"follow","max-snippet":"max-snippet:-1","max-image-preview":"max-image-preview:large","max-video-preview":"max-video-preview:-1"},"canonical":"https:\/\/contactfm72.fr\/?p=10500","og_locale":"fr_FR","og_type":"article","og_title":"Sud Sarthe : 104 jeunes du Service national universel h\u00e9berg\u00e9s sur le territoire - Contact FM 99.3","og_description":"Montval-sur-Loir, commune de la Sarthe, a accueilli 104 jeunes du Service national universel du 4 au 15 juillet. H\u00e9berg\u00e9s au sein du lyc\u00e9e professionnel Mar\u00e9chal Leclerc de Hauteclocque, ces 104 jeunes ont d\u00e9couvert le territoire au rythme des enseignements consacr\u00e9s aux valeurs de la R\u00e9publique. &nbsp; &nbsp; C\u2019est la 3\u00e8me \u00e9dition de son histoire, et&hellip;","og_url":"https:\/\/contactfm72.fr\/?p=10500","og_site_name":"Contact FM 99.3","article_publisher":"https:\/\/www.facebook.com\/Contactfm.Chateauduloir","article_published_time":"2022-07-15T12:00:11+00:00","article_modified_time":"2022-09-26T14:56:58+00:00","og_image":[{"width":2048,"height":1536,"url":"https:\/\/contactfm72.fr\/wp-content\/uploads\/2022\/07\/SNU.jpg","type":"image\/jpeg"}],"author":"Val\u00e9rie C.","twitter_card":"summary_large_image","twitter_creator":"@contactfm72","twitter_site":"@contactfm72","twitter_misc":{"\u00c9crit par":"Val\u00e9rie C.","Dur\u00e9e de lecture estim\u00e9e":"5 minutes"},"schema":{"@context":"https:\/\/schema.org","@graph":[{"@type":"Article","@id":"https:\/\/contactfm72.fr\/?p=10500#article","isPartOf":{"@id":"https:\/\/contactfm72.fr\/?p=10500"},"author":{"name":"Val\u00e9rie C.","@id":"https:\/\/contactfm72.fr\/#\/schema\/person\/9fdc9d1c2eb029354a4f1535b90ba82d"},"headline":"Sud Sarthe : 104 jeunes du Service national universel h\u00e9berg\u00e9s sur le territoire","datePublished":"2022-07-15T12:00:11+00:00","dateModified":"2022-09-26T14:56:58+00:00","mainEntityOfPage":{"@id":"https:\/\/contactfm72.fr\/?p=10500"},"wordCount":980,"publisher":{"@id":"https:\/\/contactfm72.fr\/#organization"},"image":{"@id":"https:\/\/contactfm72.fr\/?p=10500#primaryimage"},"thumbnailUrl":"https:\/\/contactfm72.fr\/wp-content\/uploads\/2022\/07\/SNU.jpg","articleSection":["Contact FM 72"],"inLanguage":"fr-FR"},{"@type":"WebPage","@id":"https:\/\/contactfm72.fr\/?p=10500","url":"https:\/\/contactfm72.fr\/?p=10500","name":"Sud Sarthe : 104 jeunes du Service national universel h\u00e9berg\u00e9s sur le territoire - Contact FM 99.3","isPartOf":{"@id":"https:\/\/contactfm72.fr\/#website"},"primaryImageOfPage":{"@id":"https:\/\/contactfm72.fr\/?p=10500#primaryimage"},"image":{"@id":"https:\/\/contactfm72.fr\/?p=10500#primaryimage"},"thumbnailUrl":"https:\/\/contactfm72.fr\/wp-content\/uploads\/2022\/07\/SNU.jpg","datePublished":"2022-07-15T12:00:11+00:00","dateModified":"2022-09-26T14:56:58+00:00","breadcrumb":{"@id":"https:\/\/contactfm72.fr\/?p=10500#breadcrumb"},"inLanguage":"fr-FR","potentialAction":[{"@type":"ReadAction","target":["https:\/\/contactfm72.fr\/?p=10500"]}]},{"@type":"ImageObject","inLanguage":"fr-FR","@id":"https:\/\/contactfm72.fr\/?p=10500#primaryimage","url":"https:\/\/contactfm72.fr\/wp-content\/uploads\/2022\/07\/SNU.jpg","contentUrl":"https:\/\/contactfm72.fr\/wp-content\/uploads\/2022\/07\/SNU.jpg","width":2048,"height":1536,"caption":"De g. \u00e0 dr. Mona et Charlie Guillot, sur la place des armes, au lyc\u00e9e Mar\u00e9chal Leclerc de Hauteclocque."},{"@type":"BreadcrumbList","@id":"https:\/\/contactfm72.fr\/?p=10500#breadcrumb","itemListElement":[{"@type":"ListItem","position":1,"name":"Accueil","item":"https:\/\/contactfm72.fr\/"},{"@type":"ListItem","position":2,"name":"Sud Sarthe : 104 jeunes du Service national universel h\u00e9berg\u00e9s sur le territoire"}]},{"@type":"WebSite","@id":"https:\/\/contactfm72.fr\/#website","url":"https:\/\/contactfm72.fr\/","name":"Contact FM 99.3","description":"Votre radio en vall\u00e9e du Loir","publisher":{"@id":"https:\/\/contactfm72.fr\/#organization"},"potentialAction":[{"@type":"SearchAction","target":{"@type":"EntryPoint","urlTemplate":"https:\/\/contactfm72.fr\/?s={search_term_string}"},"query-input":{"@type":"PropertyValueSpecification","valueRequired":true,"valueName":"search_term_string"}}],"inLanguage":"fr-FR"},{"@type":"Organization","@id":"https:\/\/contactfm72.fr\/#organization","name":"Contact FM 99.3","url":"https:\/\/contactfm72.fr\/","logo":{"@type":"ImageObject","inLanguage":"fr-FR","@id":"https:\/\/contactfm72.fr\/#\/schema\/logo\/image\/","url":"https:\/\/contactfm72.fr\/wp-content\/uploads\/2025\/04\/2025-04-18-2.jpg","contentUrl":"https:\/\/contactfm72.fr\/wp-content\/uploads\/2025\/04\/2025-04-18-2.jpg","width":680,"height":307,"caption":"Contact FM 99.3"},"image":{"@id":"https:\/\/contactfm72.fr\/#\/schema\/logo\/image\/"},"sameAs":["https:\/\/www.facebook.com\/Contactfm.Chateauduloir","https:\/\/x.com\/contactfm72","https:\/\/www.instagram.com\/contact.fm.72?igsh=cGhlMHQ5N2JlNnpp","https:\/\/www.tiktok.com\/@contact.fm"]},{"@type":"Person","@id":"https:\/\/contactfm72.fr\/#\/schema\/person\/9fdc9d1c2eb029354a4f1535b90ba82d","name":"Val\u00e9rie C.","image":{"@type":"ImageObject","inLanguage":"fr-FR","@id":"https:\/\/secure.gravatar.com\/avatar\/2f8aa28f8dfbd7d4420afd1fdcdd0a349923e2c8a38ab28198b0f9d0601e4737?s=96&d=mm&r=g","url":"https:\/\/secure.gravatar.com\/avatar\/2f8aa28f8dfbd7d4420afd1fdcdd0a349923e2c8a38ab28198b0f9d0601e4737?s=96&d=mm&r=g","contentUrl":"https:\/\/secure.gravatar.com\/avatar\/2f8aa28f8dfbd7d4420afd1fdcdd0a349923e2c8a38ab28198b0f9d0601e4737?s=96&d=mm&r=g","caption":"Val\u00e9rie C."},"url":"https:\/\/contactfm72.fr\/?author=4"}]}},"_links":{"self":[{"href":"https:\/\/contactfm72.fr\/index.php?rest_route=\/wp\/v2\/posts\/10500","targetHints":{"allow":["GET"]}}],"collection":[{"href":"https:\/\/contactfm72.fr\/index.php?rest_route=\/wp\/v2\/posts"}],"about":[{"href":"https:\/\/contactfm72.fr\/index.php?rest_route=\/wp\/v2\/types\/post"}],"author":[{"embeddable":true,"href":"https:\/\/contactfm72.fr\/index.php?rest_route=\/wp\/v2\/users\/4"}],"replies":[{"embeddable":true,"href":"https:\/\/contactfm72.fr\/index.php?rest_route=%2Fwp%2Fv2%2Fcomments&post=10500"}],"version-history":[{"count":5,"href":"https:\/\/contactfm72.fr\/index.php?rest_route=\/wp\/v2\/posts\/10500\/revisions"}],"predecessor-version":[{"id":11204,"href":"https:\/\/contactfm72.fr\/index.php?rest_route=\/wp\/v2\/posts\/10500\/revisions\/11204"}],"wp:featuredmedia":[{"embeddable":true,"href":"https:\/\/contactfm72.fr\/index.php?rest_route=\/wp\/v2\/media\/10501"}],"wp:attachment":[{"href":"https:\/\/contactfm72.fr\/index.php?rest_route=%2Fwp%2Fv2%2Fmedia&parent=10500"}],"wp:term":[{"taxonomy":"category","embeddable":true,"href":"https:\/\/contactfm72.fr\/index.php?rest_route=%2Fwp%2Fv2%2Fcategories&post=10500"},{"taxonomy":"post_tag","embeddable":true,"href":"https:\/\/contactfm72.fr\/index.php?rest_route=%2Fwp%2Fv2%2Ftags&post=10500"}],"curies":[{"name":"wp","href":"https:\/\/api.w.org\/{rel}","templated":true}]}}