{"id":10494,"date":"2022-07-14T11:30:20","date_gmt":"2022-07-14T09:30:20","guid":{"rendered":"http:\/\/contactfm72.fr\/?p=10494"},"modified":"2022-07-12T11:51:15","modified_gmt":"2022-07-12T09:51:15","slug":"montval-sur-loir-renouvele-son-partenariat-avec-la-compagnie-zutano-bazar","status":"publish","type":"post","link":"https:\/\/contactfm72.fr\/?p=10494","title":{"rendered":"Montval-sur-Loir renouv\u00e8le son partenariat avec la compagnie Zutano Bazar"},"content":{"rendered":"<h2>La compagnie de danse Zutano Bazar \u00e9tait en r\u00e9sidence depuis six ans sur le territoire montvalois. La municipalit\u00e9 a d\u00e9cid\u00e9 de renouveler leur partenariat.<\/h2>\n<p>&nbsp;<\/p>\n<p><a href=\"https:\/\/www.zutanobazar.fr\/\">Zutano Bazar<\/a> est n\u00e9e il y a 17 ans, et vise \u00e0 diffuser largement la <strong>Culture et l\u2019Art<\/strong>, au sens large, dans des<strong> milieux ruraux<\/strong>. Ils \u00e9taient en r\u00e9sidence depuis six ans sur le territoire de <strong>Montval-sur-Loir,<\/strong> dans le sud <strong>Sarthe<\/strong>, et ont men\u00e9 plus d\u2019une quarantaine de projets.<\/p>\n<blockquote><p>\u00ab\u00a0Ce renouvellement vise \u00e0 aider la compagnie puisque ce partenariat enclenchera des aides ext\u00e9rieures, notamment avec le d\u00e9partement et la communaut\u00e9 de communes. C\u2019est une fa\u00e7on de reconna\u00eetre le travail d\u00e9j\u00e0 effectu\u00e9\u00a0\u00bb, pr\u00e9cise Herv\u00e9 Ronci\u00e8re, maire de Montval-sur-Loir.<\/p><\/blockquote>\n<p>&nbsp;<\/p>\n<h3>En sortie de crise<\/h3>\n<p>\u00ab\u00a0La municipalit\u00e9 nous fait confiance, et ce n\u2019est pas fr\u00e9quent en tant qu\u2019artiste d\u2019\u00eatre associ\u00e9e \u00e0 une collectivit\u00e9, dans un partenariat <strong>inscrit sur le long terme\u00a0<\/strong>\u00bb, remercie <strong>Florence Loison<\/strong>, directrice de la compagnie. En ce sens, l\u2019artiste tient \u00e0 faire rappeler que ce partenariat vient \u00e0 point nomm\u00e9 : \u00ab Il ne faut pas oublier qu\u2019on sort \u00e0 peine d\u2019une crise sanitaire qui a \u00e9t\u00e9 longuement douloureuse pour la Culture \u00bb.<\/p>\n<p>&nbsp;<\/p>\n<h3>Ruralit\u00e9 et acc\u00e8s culturel<\/h3>\n<p>Face aux probl\u00e9matiques li\u00e9es aux territoires ruraux, Montval-sur-Loir tend \u00e0 rendre acc\u00e8s la Culture, \u00e0 tous et pour tous. En ce sens, ce renouvellement de partenariat avec Zutano Bazar repr\u00e9sente une <strong>coh\u00e9rence et une pertinence culturelle pour Sophie Jousse<\/strong>, directrice des affaires culturelles de la Ville\u00a0:<\/p>\n<blockquote><p>\u00ab\u00a0C\u2019est la volont\u00e9 de notre service\u00a0: offrir aux habitants une r\u00e9elle esth\u00e9tique culturelle. On se doit de construire et co-construire un travail artistique sur le territoire, gr\u00e2ce \u00e0 ses relations tiss\u00e9es depuis six ans maintenant\u00a0\u00bb.<\/p><\/blockquote>\n<p>Un territoire dynamique et surtout rep\u00e9r\u00e9 sur le plan culturel\u00a0: \u00ab\u00a0On pr\u00e9pare la rentr\u00e9e avec huit repr\u00e9sentations au <strong>Mans<\/strong> de notre dernier spectacle, <strong>Human Scale\u00a0<\/strong>\u00bb, continue l\u2019artiste.<\/p>\n<p>Le partenariat entre la municipalit\u00e9 et la compagnie de danse Zutano Bazar r\u00e9sume le combat en tant qu\u2019<strong>artiste engag\u00e9 dans la Sarthe<\/strong>.<\/p>\n<!-- AddThis Advanced Settings generic via filter on the_content --><!-- AddThis Share Buttons generic via filter on the_content -->","protected":false},"excerpt":{"rendered":"<p>La compagnie de danse Zutano Bazar \u00e9tait en r\u00e9sidence depuis six ans sur le territoire montvalois. La municipalit\u00e9 a d\u00e9cid\u00e9 de renouveler leur partenariat. &nbsp; Zutano Bazar est n\u00e9e il y a 17 ans, et vise \u00e0 diffuser largement la Culture et l\u2019Art, au sens large, dans des milieux ruraux. Ils \u00e9taient en r\u00e9sidence depuis&hellip;<!-- AddThis Advanced Settings generic via filter on get_the_excerpt --><!-- AddThis Share Buttons generic via filter on get_the_excerpt --><\/p>\n","protected":false},"author":4,"featured_media":10495,"comment_status":"closed","ping_status":"open","sticky":false,"template":"","format":"standard","meta":{"footnotes":""},"categories":[1],"tags":[],"class_list":["post-10494","post","type-post","status-publish","format-standard","has-post-thumbnail","hentry","category-contact-fm-72","category-1","description-off"],"yoast_head":"<!-- This site is optimized with the Yoast SEO plugin v27.4 - https:\/\/yoast.com\/product\/yoast-seo-wordpress\/ -->\n<title>Montval-sur-Loir renouv\u00e8le son partenariat avec la compagnie Zutano Bazar - Contact FM 99.3<\/title>\n<meta name=\"robots\" content=\"index, follow, max-snippet:-1, max-image-preview:large, max-video-preview:-1\" \/>\n<link rel=\"canonical\" href=\"https:\/\/contactfm72.fr\/?p=10494\" \/>\n<meta property=\"og:locale\" content=\"fr_FR\" \/>\n<meta property=\"og:type\" content=\"article\" \/>\n<meta property=\"og:title\" content=\"Montval-sur-Loir renouv\u00e8le son partenariat avec la compagnie Zutano Bazar - Contact FM 99.3\" \/>\n<meta property=\"og:description\" content=\"La compagnie de danse Zutano Bazar \u00e9tait en r\u00e9sidence depuis six ans sur le territoire montvalois. La municipalit\u00e9 a d\u00e9cid\u00e9 de renouveler leur partenariat. &nbsp; Zutano Bazar est n\u00e9e il y a 17 ans, et vise \u00e0 diffuser largement la Culture et l\u2019Art, au sens large, dans des milieux ruraux. Ils \u00e9taient en r\u00e9sidence depuis&hellip;\" \/>\n<meta property=\"og:url\" content=\"https:\/\/contactfm72.fr\/?p=10494\" \/>\n<meta property=\"og:site_name\" content=\"Contact FM 99.3\" \/>\n<meta property=\"article:publisher\" content=\"https:\/\/www.facebook.com\/Contactfm.Chateauduloir\" \/>\n<meta property=\"article:published_time\" content=\"2022-07-14T09:30:20+00:00\" \/>\n<meta property=\"og:image\" content=\"https:\/\/contactfm72.fr\/wp-content\/uploads\/2022\/07\/zutano-bazar-montval.jpg\" \/>\n\t<meta property=\"og:image:width\" content=\"2048\" \/>\n\t<meta property=\"og:image:height\" content=\"1536\" \/>\n\t<meta property=\"og:image:type\" content=\"image\/jpeg\" \/>\n<meta name=\"author\" content=\"Val\u00e9rie C.\" \/>\n<meta name=\"twitter:card\" content=\"summary_large_image\" \/>\n<meta name=\"twitter:creator\" content=\"@contactfm72\" \/>\n<meta name=\"twitter:site\" content=\"@contactfm72\" \/>\n<meta name=\"twitter:label1\" content=\"\u00c9crit par\" \/>\n\t<meta name=\"twitter:data1\" content=\"Val\u00e9rie C.\" \/>\n\t<meta name=\"twitter:label2\" content=\"Dur\u00e9e de lecture estim\u00e9e\" \/>\n\t<meta name=\"twitter:data2\" content=\"2 minutes\" \/>\n<script type=\"application\/ld+json\" class=\"yoast-schema-graph\">{\"@context\":\"https:\\\/\\\/schema.org\",\"@graph\":[{\"@type\":\"Article\",\"@id\":\"https:\\\/\\\/contactfm72.fr\\\/?p=10494#article\",\"isPartOf\":{\"@id\":\"https:\\\/\\\/contactfm72.fr\\\/?p=10494\"},\"author\":{\"name\":\"Val\u00e9rie C.\",\"@id\":\"https:\\\/\\\/contactfm72.fr\\\/#\\\/schema\\\/person\\\/9fdc9d1c2eb029354a4f1535b90ba82d\"},\"headline\":\"Montval-sur-Loir renouv\u00e8le son partenariat avec la compagnie Zutano Bazar\",\"datePublished\":\"2022-07-14T09:30:20+00:00\",\"mainEntityOfPage\":{\"@id\":\"https:\\\/\\\/contactfm72.fr\\\/?p=10494\"},\"wordCount\":360,\"publisher\":{\"@id\":\"https:\\\/\\\/contactfm72.fr\\\/#organization\"},\"image\":{\"@id\":\"https:\\\/\\\/contactfm72.fr\\\/?p=10494#primaryimage\"},\"thumbnailUrl\":\"https:\\\/\\\/contactfm72.fr\\\/wp-content\\\/uploads\\\/2022\\\/07\\\/zutano-bazar-montval.jpg\",\"articleSection\":[\"Contact FM 72\"],\"inLanguage\":\"fr-FR\"},{\"@type\":\"WebPage\",\"@id\":\"https:\\\/\\\/contactfm72.fr\\\/?p=10494\",\"url\":\"https:\\\/\\\/contactfm72.fr\\\/?p=10494\",\"name\":\"Montval-sur-Loir renouv\u00e8le son partenariat avec la compagnie Zutano Bazar - Contact FM 99.3\",\"isPartOf\":{\"@id\":\"https:\\\/\\\/contactfm72.fr\\\/#website\"},\"primaryImageOfPage\":{\"@id\":\"https:\\\/\\\/contactfm72.fr\\\/?p=10494#primaryimage\"},\"image\":{\"@id\":\"https:\\\/\\\/contactfm72.fr\\\/?p=10494#primaryimage\"},\"thumbnailUrl\":\"https:\\\/\\\/contactfm72.fr\\\/wp-content\\\/uploads\\\/2022\\\/07\\\/zutano-bazar-montval.jpg\",\"datePublished\":\"2022-07-14T09:30:20+00:00\",\"breadcrumb\":{\"@id\":\"https:\\\/\\\/contactfm72.fr\\\/?p=10494#breadcrumb\"},\"inLanguage\":\"fr-FR\",\"potentialAction\":[{\"@type\":\"ReadAction\",\"target\":[\"https:\\\/\\\/contactfm72.fr\\\/?p=10494\"]}]},{\"@type\":\"ImageObject\",\"inLanguage\":\"fr-FR\",\"@id\":\"https:\\\/\\\/contactfm72.fr\\\/?p=10494#primaryimage\",\"url\":\"https:\\\/\\\/contactfm72.fr\\\/wp-content\\\/uploads\\\/2022\\\/07\\\/zutano-bazar-montval.jpg\",\"contentUrl\":\"https:\\\/\\\/contactfm72.fr\\\/wp-content\\\/uploads\\\/2022\\\/07\\\/zutano-bazar-montval.jpg\",\"width\":2048,\"height\":1536,\"caption\":\"Florence Loison, 2\u00e8me \u00e0 gauche, accompagn\u00e9e des \u00e9lus de Montval-sur-Loir.\"},{\"@type\":\"BreadcrumbList\",\"@id\":\"https:\\\/\\\/contactfm72.fr\\\/?p=10494#breadcrumb\",\"itemListElement\":[{\"@type\":\"ListItem\",\"position\":1,\"name\":\"Accueil\",\"item\":\"https:\\\/\\\/contactfm72.fr\\\/\"},{\"@type\":\"ListItem\",\"position\":2,\"name\":\"Montval-sur-Loir renouv\u00e8le son partenariat avec la compagnie Zutano Bazar\"}]},{\"@type\":\"WebSite\",\"@id\":\"https:\\\/\\\/contactfm72.fr\\\/#website\",\"url\":\"https:\\\/\\\/contactfm72.fr\\\/\",\"name\":\"Contact FM 99.3\",\"description\":\"Votre radio en vall\u00e9e du Loir\",\"publisher\":{\"@id\":\"https:\\\/\\\/contactfm72.fr\\\/#organization\"},\"potentialAction\":[{\"@type\":\"SearchAction\",\"target\":{\"@type\":\"EntryPoint\",\"urlTemplate\":\"https:\\\/\\\/contactfm72.fr\\\/?s={search_term_string}\"},\"query-input\":{\"@type\":\"PropertyValueSpecification\",\"valueRequired\":true,\"valueName\":\"search_term_string\"}}],\"inLanguage\":\"fr-FR\"},{\"@type\":\"Organization\",\"@id\":\"https:\\\/\\\/contactfm72.fr\\\/#organization\",\"name\":\"Contact FM 99.3\",\"url\":\"https:\\\/\\\/contactfm72.fr\\\/\",\"logo\":{\"@type\":\"ImageObject\",\"inLanguage\":\"fr-FR\",\"@id\":\"https:\\\/\\\/contactfm72.fr\\\/#\\\/schema\\\/logo\\\/image\\\/\",\"url\":\"https:\\\/\\\/contactfm72.fr\\\/wp-content\\\/uploads\\\/2025\\\/04\\\/2025-04-18-2.jpg\",\"contentUrl\":\"https:\\\/\\\/contactfm72.fr\\\/wp-content\\\/uploads\\\/2025\\\/04\\\/2025-04-18-2.jpg\",\"width\":680,\"height\":307,\"caption\":\"Contact FM 99.3\"},\"image\":{\"@id\":\"https:\\\/\\\/contactfm72.fr\\\/#\\\/schema\\\/logo\\\/image\\\/\"},\"sameAs\":[\"https:\\\/\\\/www.facebook.com\\\/Contactfm.Chateauduloir\",\"https:\\\/\\\/x.com\\\/contactfm72\",\"https:\\\/\\\/www.instagram.com\\\/contact.fm.72?igsh=cGhlMHQ5N2JlNnpp\",\"https:\\\/\\\/www.tiktok.com\\\/@contact.fm\"]},{\"@type\":\"Person\",\"@id\":\"https:\\\/\\\/contactfm72.fr\\\/#\\\/schema\\\/person\\\/9fdc9d1c2eb029354a4f1535b90ba82d\",\"name\":\"Val\u00e9rie C.\",\"image\":{\"@type\":\"ImageObject\",\"inLanguage\":\"fr-FR\",\"@id\":\"https:\\\/\\\/secure.gravatar.com\\\/avatar\\\/2f8aa28f8dfbd7d4420afd1fdcdd0a349923e2c8a38ab28198b0f9d0601e4737?s=96&d=mm&r=g\",\"url\":\"https:\\\/\\\/secure.gravatar.com\\\/avatar\\\/2f8aa28f8dfbd7d4420afd1fdcdd0a349923e2c8a38ab28198b0f9d0601e4737?s=96&d=mm&r=g\",\"contentUrl\":\"https:\\\/\\\/secure.gravatar.com\\\/avatar\\\/2f8aa28f8dfbd7d4420afd1fdcdd0a349923e2c8a38ab28198b0f9d0601e4737?s=96&d=mm&r=g\",\"caption\":\"Val\u00e9rie C.\"},\"url\":\"https:\\\/\\\/contactfm72.fr\\\/?author=4\"}]}<\/script>\n<!-- \/ Yoast SEO plugin. -->","yoast_head_json":{"title":"Montval-sur-Loir renouv\u00e8le son partenariat avec la compagnie Zutano Bazar - Contact FM 99.3","robots":{"index":"index","follow":"follow","max-snippet":"max-snippet:-1","max-image-preview":"max-image-preview:large","max-video-preview":"max-video-preview:-1"},"canonical":"https:\/\/contactfm72.fr\/?p=10494","og_locale":"fr_FR","og_type":"article","og_title":"Montval-sur-Loir renouv\u00e8le son partenariat avec la compagnie Zutano Bazar - Contact FM 99.3","og_description":"La compagnie de danse Zutano Bazar \u00e9tait en r\u00e9sidence depuis six ans sur le territoire montvalois. La municipalit\u00e9 a d\u00e9cid\u00e9 de renouveler leur partenariat. &nbsp; Zutano Bazar est n\u00e9e il y a 17 ans, et vise \u00e0 diffuser largement la Culture et l\u2019Art, au sens large, dans des milieux ruraux. Ils \u00e9taient en r\u00e9sidence depuis&hellip;","og_url":"https:\/\/contactfm72.fr\/?p=10494","og_site_name":"Contact FM 99.3","article_publisher":"https:\/\/www.facebook.com\/Contactfm.Chateauduloir","article_published_time":"2022-07-14T09:30:20+00:00","og_image":[{"width":2048,"height":1536,"url":"https:\/\/contactfm72.fr\/wp-content\/uploads\/2022\/07\/zutano-bazar-montval.jpg","type":"image\/jpeg"}],"author":"Val\u00e9rie C.","twitter_card":"summary_large_image","twitter_creator":"@contactfm72","twitter_site":"@contactfm72","twitter_misc":{"\u00c9crit par":"Val\u00e9rie C.","Dur\u00e9e de lecture estim\u00e9e":"2 minutes"},"schema":{"@context":"https:\/\/schema.org","@graph":[{"@type":"Article","@id":"https:\/\/contactfm72.fr\/?p=10494#article","isPartOf":{"@id":"https:\/\/contactfm72.fr\/?p=10494"},"author":{"name":"Val\u00e9rie C.","@id":"https:\/\/contactfm72.fr\/#\/schema\/person\/9fdc9d1c2eb029354a4f1535b90ba82d"},"headline":"Montval-sur-Loir renouv\u00e8le son partenariat avec la compagnie Zutano Bazar","datePublished":"2022-07-14T09:30:20+00:00","mainEntityOfPage":{"@id":"https:\/\/contactfm72.fr\/?p=10494"},"wordCount":360,"publisher":{"@id":"https:\/\/contactfm72.fr\/#organization"},"image":{"@id":"https:\/\/contactfm72.fr\/?p=10494#primaryimage"},"thumbnailUrl":"https:\/\/contactfm72.fr\/wp-content\/uploads\/2022\/07\/zutano-bazar-montval.jpg","articleSection":["Contact FM 72"],"inLanguage":"fr-FR"},{"@type":"WebPage","@id":"https:\/\/contactfm72.fr\/?p=10494","url":"https:\/\/contactfm72.fr\/?p=10494","name":"Montval-sur-Loir renouv\u00e8le son partenariat avec la compagnie Zutano Bazar - Contact FM 99.3","isPartOf":{"@id":"https:\/\/contactfm72.fr\/#website"},"primaryImageOfPage":{"@id":"https:\/\/contactfm72.fr\/?p=10494#primaryimage"},"image":{"@id":"https:\/\/contactfm72.fr\/?p=10494#primaryimage"},"thumbnailUrl":"https:\/\/contactfm72.fr\/wp-content\/uploads\/2022\/07\/zutano-bazar-montval.jpg","datePublished":"2022-07-14T09:30:20+00:00","breadcrumb":{"@id":"https:\/\/contactfm72.fr\/?p=10494#breadcrumb"},"inLanguage":"fr-FR","potentialAction":[{"@type":"ReadAction","target":["https:\/\/contactfm72.fr\/?p=10494"]}]},{"@type":"ImageObject","inLanguage":"fr-FR","@id":"https:\/\/contactfm72.fr\/?p=10494#primaryimage","url":"https:\/\/contactfm72.fr\/wp-content\/uploads\/2022\/07\/zutano-bazar-montval.jpg","contentUrl":"https:\/\/contactfm72.fr\/wp-content\/uploads\/2022\/07\/zutano-bazar-montval.jpg","width":2048,"height":1536,"caption":"Florence Loison, 2\u00e8me \u00e0 gauche, accompagn\u00e9e des \u00e9lus de Montval-sur-Loir."},{"@type":"BreadcrumbList","@id":"https:\/\/contactfm72.fr\/?p=10494#breadcrumb","itemListElement":[{"@type":"ListItem","position":1,"name":"Accueil","item":"https:\/\/contactfm72.fr\/"},{"@type":"ListItem","position":2,"name":"Montval-sur-Loir renouv\u00e8le son partenariat avec la compagnie Zutano Bazar"}]},{"@type":"WebSite","@id":"https:\/\/contactfm72.fr\/#website","url":"https:\/\/contactfm72.fr\/","name":"Contact FM 99.3","description":"Votre radio en vall\u00e9e du Loir","publisher":{"@id":"https:\/\/contactfm72.fr\/#organization"},"potentialAction":[{"@type":"SearchAction","target":{"@type":"EntryPoint","urlTemplate":"https:\/\/contactfm72.fr\/?s={search_term_string}"},"query-input":{"@type":"PropertyValueSpecification","valueRequired":true,"valueName":"search_term_string"}}],"inLanguage":"fr-FR"},{"@type":"Organization","@id":"https:\/\/contactfm72.fr\/#organization","name":"Contact FM 99.3","url":"https:\/\/contactfm72.fr\/","logo":{"@type":"ImageObject","inLanguage":"fr-FR","@id":"https:\/\/contactfm72.fr\/#\/schema\/logo\/image\/","url":"https:\/\/contactfm72.fr\/wp-content\/uploads\/2025\/04\/2025-04-18-2.jpg","contentUrl":"https:\/\/contactfm72.fr\/wp-content\/uploads\/2025\/04\/2025-04-18-2.jpg","width":680,"height":307,"caption":"Contact FM 99.3"},"image":{"@id":"https:\/\/contactfm72.fr\/#\/schema\/logo\/image\/"},"sameAs":["https:\/\/www.facebook.com\/Contactfm.Chateauduloir","https:\/\/x.com\/contactfm72","https:\/\/www.instagram.com\/contact.fm.72?igsh=cGhlMHQ5N2JlNnpp","https:\/\/www.tiktok.com\/@contact.fm"]},{"@type":"Person","@id":"https:\/\/contactfm72.fr\/#\/schema\/person\/9fdc9d1c2eb029354a4f1535b90ba82d","name":"Val\u00e9rie C.","image":{"@type":"ImageObject","inLanguage":"fr-FR","@id":"https:\/\/secure.gravatar.com\/avatar\/2f8aa28f8dfbd7d4420afd1fdcdd0a349923e2c8a38ab28198b0f9d0601e4737?s=96&d=mm&r=g","url":"https:\/\/secure.gravatar.com\/avatar\/2f8aa28f8dfbd7d4420afd1fdcdd0a349923e2c8a38ab28198b0f9d0601e4737?s=96&d=mm&r=g","contentUrl":"https:\/\/secure.gravatar.com\/avatar\/2f8aa28f8dfbd7d4420afd1fdcdd0a349923e2c8a38ab28198b0f9d0601e4737?s=96&d=mm&r=g","caption":"Val\u00e9rie C."},"url":"https:\/\/contactfm72.fr\/?author=4"}]}},"_links":{"self":[{"href":"https:\/\/contactfm72.fr\/index.php?rest_route=\/wp\/v2\/posts\/10494","targetHints":{"allow":["GET"]}}],"collection":[{"href":"https:\/\/contactfm72.fr\/index.php?rest_route=\/wp\/v2\/posts"}],"about":[{"href":"https:\/\/contactfm72.fr\/index.php?rest_route=\/wp\/v2\/types\/post"}],"author":[{"embeddable":true,"href":"https:\/\/contactfm72.fr\/index.php?rest_route=\/wp\/v2\/users\/4"}],"replies":[{"embeddable":true,"href":"https:\/\/contactfm72.fr\/index.php?rest_route=%2Fwp%2Fv2%2Fcomments&post=10494"}],"version-history":[{"count":1,"href":"https:\/\/contactfm72.fr\/index.php?rest_route=\/wp\/v2\/posts\/10494\/revisions"}],"predecessor-version":[{"id":10496,"href":"https:\/\/contactfm72.fr\/index.php?rest_route=\/wp\/v2\/posts\/10494\/revisions\/10496"}],"wp:featuredmedia":[{"embeddable":true,"href":"https:\/\/contactfm72.fr\/index.php?rest_route=\/wp\/v2\/media\/10495"}],"wp:attachment":[{"href":"https:\/\/contactfm72.fr\/index.php?rest_route=%2Fwp%2Fv2%2Fmedia&parent=10494"}],"wp:term":[{"taxonomy":"category","embeddable":true,"href":"https:\/\/contactfm72.fr\/index.php?rest_route=%2Fwp%2Fv2%2Fcategories&post=10494"},{"taxonomy":"post_tag","embeddable":true,"href":"https:\/\/contactfm72.fr\/index.php?rest_route=%2Fwp%2Fv2%2Ftags&post=10494"}],"curies":[{"name":"wp","href":"https:\/\/api.w.org\/{rel}","templated":true}]}}