{"id":10486,"date":"2022-07-13T12:00:43","date_gmt":"2022-07-13T10:00:43","guid":{"rendered":"http:\/\/contactfm72.fr\/?p=10486"},"modified":"2022-07-13T12:32:29","modified_gmt":"2022-07-13T10:32:29","slug":"innovations-technologiques-festiloir-et-rendez-vous-traditionnels-le-pays-innove-pour-ses-sorties-dete","status":"publish","type":"post","link":"https:\/\/contactfm72.fr\/?p=10486","title":{"rendered":"Innovations technologiques, Festiloir, et rendez-vous traditionnels, le Pays innove pour ses sorties d\u2019\u00e9t\u00e9"},"content":{"rendered":"<h2>Du 13 juillet au 28 ao\u00fbt, le Pays d\u2019Art et d\u2019Histoire de la vall\u00e9e du Loir pr\u00e9sente tout un programme de sortie pour chaque jour de l\u2019\u00e9t\u00e9. Une soixantaine de rendez-vous sont propos\u00e9s aux habitants et touristes. Plusieurs nouveaut\u00e9s sont au programme.<\/h2>\n<p>&nbsp;<\/p>\n<p>Nouvelle saison estivale rime avec innovation pour le<strong><a href=\"https:\/\/pays-valleeduloir.fr\/le-territoire-le-pays\/le-pays-dart-et-dhistoire\/\"> Pays<\/a> d\u2019Art et d\u2019Histoire de la vall\u00e9e du Loir<\/strong>. Pour cette programmation, la <strong>collectivit\u00e9<\/strong> a souhait\u00e9 mettre en avant des rendez-vous<strong> insolites et innovants<\/strong>, tout en poursuivant leur volont\u00e9 de pr\u00e9senter des <strong>ateliers traditionnels et classiques<\/strong>, dans une politique de <strong>d\u00e9couverte<\/strong> du territoire.<\/p>\n<p>&nbsp;<\/p>\n<p>Le label attribu\u00e9 par le Minist\u00e8re de la Culture refl\u00e8te l\u2019engagement de la collectivit\u00e9 dans la pr\u00e9servation, la valorisation et l\u2019animation de son patrimoine.<\/p>\n<blockquote><p>\u00ab\u00a0Notre int\u00e9r\u00eat est d\u2019animer notre territoire en mati\u00e8re de sorties, de spectacles ou encore d\u2019ateliers, et de pr\u00e9senter une coh\u00e9rence culturelle. On offre des d\u00e9couvertes compl\u00e9mentaires de notre territoire\u00a0\u00bb, pr\u00e9cise Galienne Cohu, vice-pr\u00e9sidente en charge de la culture et du patrimoine. Des sorties pour tous les \u00e2ges et tous les go\u00fbts, un attrait important pour l\u2019\u00e9lue\u00a0: \u00ab\u00a0Chacun y trouvera son bonheur. Le programme est suffisamment vari\u00e9 pour tous les \u00e2ges\u00a0\u00bb.<\/p><\/blockquote>\n<p>&nbsp;<\/p>\n<h3><strong>Une visite virtuelle\u2026 sur place <\/strong><\/h3>\n<p>Parmi les nouveaut\u00e9s de ce programme, le Pays propose une exp\u00e9rience unique au <strong>Prytan\u00e9e de la Fl\u00e8che<\/strong>. Du 17 au 31 juillet, \u00e0 17h15 et 18h45, avec un tarif unique \u00e0 5\u20ac, deux visites des lieux par jour, lunettes transparentes immersives sur le nez:<\/p>\n<blockquote><p>\u00ab\u00a0Ce n\u2019est pas une immersion totale, et les visiteurs ne sont pas livr\u00e9s \u00e0 eux-m\u00eames. Ils sont accompagn\u00e9s d\u2019un guide, et ils suivent la visite, avec des hologrammes qui apparaissent pour mieux d\u00e9couvrir l\u2019histoire et le patrimoine\u00a0\u00bb, continue l\u2019\u00e9lue. L\u2019occasion de d\u00e9couvrir une nouvelle technologie en s\u2019ouvrant \u00e0 d\u2019autres horizons\u00a0: \u00ab\u00a0C\u2019est innovant, mais on garde ce c\u00f4t\u00e9 traditionnel avec le guide. C\u2019est un v\u00e9ritable bin\u00f4me entre r\u00e9el et virtuel\u00a0\u00bb.<\/p><\/blockquote>\n<p>&nbsp;<\/p>\n<h3><strong>Une qu\u00eate pour un cadeau<\/strong><\/h3>\n<p>L\u2019autre volet technologique des sorties de l\u2019\u00e9t\u00e9 du Pays est l\u2019application <strong>\u00ab\u00a0A la poursuite du temps cach\u00e9\u00a0\u00bb<\/strong>. A travers un QR code cr\u00e9e sp\u00e9cialement pour l\u2019occasion, l\u2019id\u00e9e est de partir \u00e0 la d\u00e9couverte de <strong>cinq lieux du territoire<\/strong> et de rechercher des informations sur un loir \u00e9trange, un petit rongeur.<\/p>\n<blockquote><p>\u00ab\u00a0Sur ces cinq lieux se cache un tr\u00e9sor avec un badge. Une fois les cinq badges collectionn\u00e9s, il faut se rendre \u00e0 l\u2019Office pour y gagner un sac rempli de cadeaux\u00a0\u00bb, pr\u00e9cise Paola Perseille, charg\u00e9e de mission.<\/p><\/blockquote>\n<p>Une vraie <strong>enqu\u00eate<\/strong> sur les loirs \u00e0 l\u2019aide de son <strong>smartphone<\/strong>, mais aussi de format papier disponible sur les lieux pour les moins t\u00e9m\u00e9raires, sur les cinq lieux \u00e0 visiter\u00a0: le moulin de la Bru\u00e8re, l\u2019\u00e9glise de Luch\u00e9-Pring\u00e9, l\u2019abbaye de Ch\u00e2teau l\u2019Hermitage, la for\u00eat de Berc\u00e9, l\u2019\u00e9glise de Saint-Vincent-du-Lorou\u00ebr, et la Rotonde ferroviaire de Montabon. Il faudra \u00eatre imp\u00e9rativement sur les lieux pour pouvoir mener les enqu\u00eates.<\/p>\n<blockquote><p>\u00ab\u00a0Chaque lieu peut \u00eatre dissoci\u00e9. Il n\u2019y a pas d\u2019imp\u00e9ratif d\u2019heures et de temps. Pour la for\u00eat de Berc\u00e9, il faudra n\u00e9anmoins emprunter une tablette \u00e0 Carnuta\u00a0\u00bb, informe Mathilde Estadieu, charg\u00e9 de mission.<\/p><\/blockquote>\n<p>&nbsp;<\/p>\n<h3><strong>La formule classique<\/strong><\/h3>\n<p>L\u2019innovation technologique n\u2019est pas seulement le maitre mot cet \u00e9t\u00e9\u00a0; les sorties plus traditionnelles sont bien entendues au programme. Plusieurs ateliers\u00a0 sont \u00e0 retrouver, comme celui de la taille de pierre \u00e0 Ruill\u00e9-sur-Loir le mercredi 10 ao\u00fbt, ou encore l\u2019atelier <strong>vitrail<\/strong> \u00e0 la Chartre-sur-le-Loir, le mercredi 3 ao\u00fbt.<\/p>\n<blockquote><p>\u00ab\u00a0A Ponc\u00e9-sur-Loir, le mercredi 20 juillet \u00e0 11h, on aura un atelier fresque dans l\u2019\u00c9glise qui vient juste d\u2019\u00eatre r\u00e9nov\u00e9e\u00a0\u00bb, ajoute Galienne Cohu.<\/p><\/blockquote>\n<p>Autre rendez-vous phare de cet \u00e9t\u00e9, l\u2019<strong>escape game de la Rotonde de Montabon<\/strong>. \u00ab\u00a0Tous les jeudis et dimanches, du 21 juillet au 28 ao\u00fbt, on propose un escape game dans le v\u00e9ritable wagon-lit de l\u2019Orient Express. L\u2019ann\u00e9e derni\u00e8re, nous avons \u00e9t\u00e9 submerg\u00e9s par les visiteurs, on voulait r\u00e9it\u00e9rer l\u2019op\u00e9ration\u00a0\u00bb, explique Mathilde Estadieu.<\/p>\n<p>\u00ab\u00a0Il faut savoir renouveler et innover, tout en gardant nos formules qui fonctionnent\u00a0\u00bb, termine Galienne Cohu. Le Pays souhaite donc attirer un nouveau public via ces innovations technologiques, tout en continuant de diffuser<strong> cultures et connaissances aux habitants et aux touristes<\/strong> de la vall\u00e9e du Loir.<\/p>\n<p>&nbsp;<\/p>\n<h3><strong>Festiloir, le grand rendez-vous de l\u2019\u00e9t\u00e9<\/strong><\/h3>\n<p>Il est devenu le rendez-vous incontournable de l\u2019\u00e9t\u00e9 du Pays Vall\u00e9e du Loir. <strong>Festiloir<\/strong>, festival des arts de la rue, s\u2019invite pour une <strong>19\u00e8 fois dans les villages et communes du territoire, du 23 au 30 juillet<\/strong>. Cette ann\u00e9e, les artistes feront une halte \u00e0 Coulong\u00e9, \u00e0 Villaines sous-Malicorne, \u00e0 Mareil-sur-Loir, Vouvray-sur-Loir, \u00e0 Lavenay et enfin, \u00e0 Saint-Germain d\u2019Arc\u00e9 pour la premi\u00e8re fois de son histoire.<\/p>\n<blockquote><p>\u00ab Festiloir commence \u00e0 \u00eatre bien ancr\u00e9 sur le territoire. L\u2019id\u00e9e est d\u2019amener spectacle ou concert gratuit dans les communes qui le souhaitent. On tient \u00e0 pr\u00e9senter deux soir\u00e9es dans chaque communaut\u00e9 de communes du territoire \u00bb, pr\u00e9sente Galienne Cohu.<\/p><\/blockquote>\n<p>&nbsp;<\/p>\n<ul>\n<li>Festiloir d\u00e9butera le samedi 23 juillet d\u00e8s 20h30 \u00e0 <strong>Coulong\u00e9<\/strong> avec la Cie des Assoiff\u00e9es d\u2019Azur qui proposera une adaptation d\u2019Alice aux Pays des Merveilles de Lewis Carroll. Rendez-vous derri\u00e8re l\u2019\u00e9glise de la commune.<\/li>\n<li>Le lendemain, dimanche 24 juillet, Festiloir vous donne rendez-vous derri\u00e8re la salle des f\u00eates de <strong>Villaines sous-Malicorne<\/strong> d\u00e8s 20h30 pour un concert de blues. \u00ab Muddy Gurdy est un trio qui nous vient tout droit d\u2019Auvergne. Il nous emm\u00e8ne \u00e0 la racine des musiques populaires am\u00e9ricaines, le blues \u00bb, pr\u00e9sente Paola Perseille.<\/li>\n<li>Le mardi 26 juillet, <strong>Mareil-sur-Loir<\/strong> sera la troisi\u00e8me destination de Festiloir. Une soir\u00e9e th\u00e9\u00e2tre d\u00e9butera d\u00e8s 20h30 avec les com\u00e9diens du Studio Monstre, derri\u00e8re la salle des f\u00eates. \u00ab\u00a0C\u2019est une pi\u00e8ce de th\u00e9\u00e2tre loufoque qui entra\u00eene les spectateurs dans une r\u00e9flexion philosophique d\u2019esprit d\u2019entreprise\u00a0\u00bb, continue la charg\u00e9e de mission.<\/li>\n<li>Le mercredi 27 juillet, \u00e0 <strong>Vouvray-sur-Loir<\/strong>, d\u00e8s 20h30, \u00e0 la salle des f\u00eates, une joyeuse bande de quadra moustachus fera un hommage \u00e0 Freddie Mercury, le l\u00e9gendaire chanteur du groupe Queen. Un spectacle de majorettes au masculin o\u00f9 il sera presque obligatoire de donner de la voix.<\/li>\n<li>Le vendredi 29 juillet, d\u00e8s 20h30 \u00e0 <strong>Lavenay<\/strong>, devant la salle des f\u00eates, Festiloir vous donne rendez-vous pour une fanfare venant d\u2019Angers. \u00ab\u00a0Des lions pour des lions est une fanfare rock, bien rythm\u00e9e\u00a0\u00bb, poursuit Paola Perseille.<\/li>\n<li>Enfin, pour la derni\u00e8re date de Festiloir, le rendez-vous est donn\u00e9 \u00e0 <strong>Saint-Germain d\u2019Arc\u00e9<\/strong>, village qui accueillera pour la premi\u00e8re fois ce festival. La cl\u00f4ture du festival d\u00e9butera \u00e0 16h avec un atelier familial organis\u00e9 par le Pays avec des jeux de d\u00e9couverte, puis d\u2019une animation pour \u00e9couter des histoires de la Cie Les Tomb\u00e9s de la Lune, et enfin d\u2019un march\u00e9 producteur. \u00c0 20h30, la Cie All\u00e9gorie donnera son spectacle \u00ab\u00a0LOOking fOr\u00a0\u00bb, un spectacle n\u00e9 d\u2019une rencontre entre deux artistes de rue et d\u2019une chanteuse. Le festival se terminera par un feu d\u2019artifice.<\/li>\n<\/ul>\n<p><strong>\u00a0<\/strong><\/p>\n<h3><strong>Visite avant chaque spectacle<\/strong><\/h3>\n<p>Chaque programmation Festiloir sera pr\u00e9c\u00e9d\u00e9e d\u2019une visite de la commune, d\u00e8s 18h30 pour chaque date, l\u2019occasion de d\u00e9couvrir le <strong>patrimoine et l\u2019histoire du village h\u00f4te<\/strong>. \u00ab\u00a0Il sera possible de se <strong>restaurer<\/strong> sur place, comme il est possible de venir pique-niquer. A la fin de chaque spectacle, la commune <strong>offre un verre<\/strong> \u00e0 chaque spectateur\u00a0\u00bb, laisse entendre Paola Perseille.<\/p>\n<p>&nbsp;<\/p>\n<p>En proposant un spectacle gratuit dans une commune de son territoire, le Pays Vall\u00e9e du Loir tente \u00e0 <strong>\u00e9tendre l\u2019offre culturelle<\/strong> dans un village qui ne pourrait pas se permettre une telle programmation, soit par manque de moyen, ou m\u00eame de temps, au travers l\u2019envie de faire passer un <strong>moment convivial et familial<\/strong>.<\/p>\n<p>&nbsp;<\/p>\n<p>&nbsp;<\/p>\n<h5>Tous les spectacles sont gratuits. Aucune r\u00e9servation possible. Les visites sont payantes\u00a0: tarif plein 5\u20ac, tarif r\u00e9duit 3\u20ac. Il est conseill\u00e9 de r\u00e9server pour les visites. L\u2019ensemble du programme est \u00e0 retrouver ici\u00a0: <a href=\"https:\/\/pays-valleeduloir.fr\/actions-missions\/festivals\/festiloir\/\">https:\/\/pays-valleeduloir.fr\/actions-missions\/festivals\/festiloir\/<\/a><\/h5>\n<h5>Pour les sorties, les r\u00e9servations sont fortement conseill\u00e9es. Renseignements et r\u00e9servations aupr\u00e8s de l\u2019Office de Tourisme de la Vall\u00e9e du Loir\u00a0: 02 43 38 16 83 ou <a href=\"mailto:info@vallee-du-loir.com\">info@vallee-du-loir.com<\/a> Billetterie disponible en ligne, fortement conseill\u00e9e pour les animations du dimanche. La visite du Prytan\u00e9e et l\u2019escape game de Montabon disponibles avec le pass culture. Toutes les animations et tarifs sont \u00e0 retrouver\u00a0: <a href=\"https:\/\/pays-valleeduloir.fr\/agenda\/\">https:\/\/pays-valleeduloir.fr\/agenda\/<\/a><\/h5>\n<!-- AddThis Advanced Settings generic via filter on the_content --><!-- AddThis Share Buttons generic via filter on the_content -->","protected":false},"excerpt":{"rendered":"<p>Du 13 juillet au 28 ao\u00fbt, le Pays d\u2019Art et d\u2019Histoire de la vall\u00e9e du Loir pr\u00e9sente tout un programme de sortie pour chaque jour de l\u2019\u00e9t\u00e9. Une soixantaine de rendez-vous sont propos\u00e9s aux habitants et touristes. Plusieurs nouveaut\u00e9s sont au programme. &nbsp; Nouvelle saison estivale rime avec innovation pour le Pays d\u2019Art et d\u2019Histoire&hellip;<!-- AddThis Advanced Settings generic via filter on get_the_excerpt --><!-- AddThis Share Buttons generic via filter on get_the_excerpt --><\/p>\n","protected":false},"author":4,"featured_media":10487,"comment_status":"closed","ping_status":"open","sticky":false,"template":"","format":"standard","meta":{"footnotes":""},"categories":[1],"tags":[],"class_list":["post-10486","post","type-post","status-publish","format-standard","has-post-thumbnail","hentry","category-contact-fm-72","category-1","description-off"],"yoast_head":"<!-- This site is optimized with the Yoast SEO plugin v27.4 - https:\/\/yoast.com\/product\/yoast-seo-wordpress\/ -->\n<title>Innovations technologiques, Festiloir, et rendez-vous traditionnels, le Pays innove pour ses sorties d\u2019\u00e9t\u00e9 - Contact FM 99.3<\/title>\n<meta name=\"robots\" content=\"index, follow, max-snippet:-1, max-image-preview:large, max-video-preview:-1\" \/>\n<link rel=\"canonical\" href=\"https:\/\/contactfm72.fr\/?p=10486\" \/>\n<meta property=\"og:locale\" content=\"fr_FR\" \/>\n<meta property=\"og:type\" content=\"article\" \/>\n<meta property=\"og:title\" content=\"Innovations technologiques, Festiloir, et rendez-vous traditionnels, le Pays innove pour ses sorties d\u2019\u00e9t\u00e9 - Contact FM 99.3\" \/>\n<meta property=\"og:description\" content=\"Du 13 juillet au 28 ao\u00fbt, le Pays d\u2019Art et d\u2019Histoire de la vall\u00e9e du Loir pr\u00e9sente tout un programme de sortie pour chaque jour de l\u2019\u00e9t\u00e9. Une soixantaine de rendez-vous sont propos\u00e9s aux habitants et touristes. Plusieurs nouveaut\u00e9s sont au programme. &nbsp; Nouvelle saison estivale rime avec innovation pour le Pays d\u2019Art et d\u2019Histoire&hellip;\" \/>\n<meta property=\"og:url\" content=\"https:\/\/contactfm72.fr\/?p=10486\" \/>\n<meta property=\"og:site_name\" content=\"Contact FM 99.3\" \/>\n<meta property=\"article:publisher\" content=\"https:\/\/www.facebook.com\/Contactfm.Chateauduloir\" \/>\n<meta property=\"article:published_time\" content=\"2022-07-13T10:00:43+00:00\" \/>\n<meta property=\"article:modified_time\" content=\"2022-07-13T10:32:29+00:00\" \/>\n<meta property=\"og:image\" content=\"https:\/\/contactfm72.fr\/wp-content\/uploads\/2022\/07\/Pays-sorties-\u00e9t\u00e9.jpg\" \/>\n\t<meta property=\"og:image:width\" content=\"2048\" \/>\n\t<meta property=\"og:image:height\" content=\"1536\" \/>\n\t<meta property=\"og:image:type\" content=\"image\/jpeg\" \/>\n<meta name=\"author\" content=\"Val\u00e9rie C.\" \/>\n<meta name=\"twitter:card\" content=\"summary_large_image\" \/>\n<meta name=\"twitter:creator\" content=\"@contactfm72\" \/>\n<meta name=\"twitter:site\" content=\"@contactfm72\" \/>\n<meta name=\"twitter:label1\" content=\"\u00c9crit par\" \/>\n\t<meta name=\"twitter:data1\" content=\"Val\u00e9rie C.\" \/>\n\t<meta name=\"twitter:label2\" content=\"Dur\u00e9e de lecture estim\u00e9e\" \/>\n\t<meta name=\"twitter:data2\" content=\"7 minutes\" \/>\n<script type=\"application\/ld+json\" class=\"yoast-schema-graph\">{\"@context\":\"https:\\\/\\\/schema.org\",\"@graph\":[{\"@type\":\"Article\",\"@id\":\"https:\\\/\\\/contactfm72.fr\\\/?p=10486#article\",\"isPartOf\":{\"@id\":\"https:\\\/\\\/contactfm72.fr\\\/?p=10486\"},\"author\":{\"name\":\"Val\u00e9rie C.\",\"@id\":\"https:\\\/\\\/contactfm72.fr\\\/#\\\/schema\\\/person\\\/9fdc9d1c2eb029354a4f1535b90ba82d\"},\"headline\":\"Innovations technologiques, Festiloir, et rendez-vous traditionnels, le Pays innove pour ses sorties d\u2019\u00e9t\u00e9\",\"datePublished\":\"2022-07-13T10:00:43+00:00\",\"dateModified\":\"2022-07-13T10:32:29+00:00\",\"mainEntityOfPage\":{\"@id\":\"https:\\\/\\\/contactfm72.fr\\\/?p=10486\"},\"wordCount\":1478,\"publisher\":{\"@id\":\"https:\\\/\\\/contactfm72.fr\\\/#organization\"},\"image\":{\"@id\":\"https:\\\/\\\/contactfm72.fr\\\/?p=10486#primaryimage\"},\"thumbnailUrl\":\"https:\\\/\\\/contactfm72.fr\\\/wp-content\\\/uploads\\\/2022\\\/07\\\/Pays-sorties-\u00e9t\u00e9.jpg\",\"articleSection\":[\"Contact FM 72\"],\"inLanguage\":\"fr-FR\"},{\"@type\":\"WebPage\",\"@id\":\"https:\\\/\\\/contactfm72.fr\\\/?p=10486\",\"url\":\"https:\\\/\\\/contactfm72.fr\\\/?p=10486\",\"name\":\"Innovations technologiques, Festiloir, et rendez-vous traditionnels, le Pays innove pour ses sorties d\u2019\u00e9t\u00e9 - Contact FM 99.3\",\"isPartOf\":{\"@id\":\"https:\\\/\\\/contactfm72.fr\\\/#website\"},\"primaryImageOfPage\":{\"@id\":\"https:\\\/\\\/contactfm72.fr\\\/?p=10486#primaryimage\"},\"image\":{\"@id\":\"https:\\\/\\\/contactfm72.fr\\\/?p=10486#primaryimage\"},\"thumbnailUrl\":\"https:\\\/\\\/contactfm72.fr\\\/wp-content\\\/uploads\\\/2022\\\/07\\\/Pays-sorties-\u00e9t\u00e9.jpg\",\"datePublished\":\"2022-07-13T10:00:43+00:00\",\"dateModified\":\"2022-07-13T10:32:29+00:00\",\"breadcrumb\":{\"@id\":\"https:\\\/\\\/contactfm72.fr\\\/?p=10486#breadcrumb\"},\"inLanguage\":\"fr-FR\",\"potentialAction\":[{\"@type\":\"ReadAction\",\"target\":[\"https:\\\/\\\/contactfm72.fr\\\/?p=10486\"]}]},{\"@type\":\"ImageObject\",\"inLanguage\":\"fr-FR\",\"@id\":\"https:\\\/\\\/contactfm72.fr\\\/?p=10486#primaryimage\",\"url\":\"https:\\\/\\\/contactfm72.fr\\\/wp-content\\\/uploads\\\/2022\\\/07\\\/Pays-sorties-\u00e9t\u00e9.jpg\",\"contentUrl\":\"https:\\\/\\\/contactfm72.fr\\\/wp-content\\\/uploads\\\/2022\\\/07\\\/Pays-sorties-\u00e9t\u00e9.jpg\",\"width\":2048,\"height\":1536},{\"@type\":\"BreadcrumbList\",\"@id\":\"https:\\\/\\\/contactfm72.fr\\\/?p=10486#breadcrumb\",\"itemListElement\":[{\"@type\":\"ListItem\",\"position\":1,\"name\":\"Accueil\",\"item\":\"https:\\\/\\\/contactfm72.fr\\\/\"},{\"@type\":\"ListItem\",\"position\":2,\"name\":\"Innovations technologiques, Festiloir, et rendez-vous traditionnels, le Pays innove pour ses sorties d\u2019\u00e9t\u00e9\"}]},{\"@type\":\"WebSite\",\"@id\":\"https:\\\/\\\/contactfm72.fr\\\/#website\",\"url\":\"https:\\\/\\\/contactfm72.fr\\\/\",\"name\":\"Contact FM 99.3\",\"description\":\"Votre radio en vall\u00e9e du Loir\",\"publisher\":{\"@id\":\"https:\\\/\\\/contactfm72.fr\\\/#organization\"},\"potentialAction\":[{\"@type\":\"SearchAction\",\"target\":{\"@type\":\"EntryPoint\",\"urlTemplate\":\"https:\\\/\\\/contactfm72.fr\\\/?s={search_term_string}\"},\"query-input\":{\"@type\":\"PropertyValueSpecification\",\"valueRequired\":true,\"valueName\":\"search_term_string\"}}],\"inLanguage\":\"fr-FR\"},{\"@type\":\"Organization\",\"@id\":\"https:\\\/\\\/contactfm72.fr\\\/#organization\",\"name\":\"Contact FM 99.3\",\"url\":\"https:\\\/\\\/contactfm72.fr\\\/\",\"logo\":{\"@type\":\"ImageObject\",\"inLanguage\":\"fr-FR\",\"@id\":\"https:\\\/\\\/contactfm72.fr\\\/#\\\/schema\\\/logo\\\/image\\\/\",\"url\":\"https:\\\/\\\/contactfm72.fr\\\/wp-content\\\/uploads\\\/2025\\\/04\\\/2025-04-18-2.jpg\",\"contentUrl\":\"https:\\\/\\\/contactfm72.fr\\\/wp-content\\\/uploads\\\/2025\\\/04\\\/2025-04-18-2.jpg\",\"width\":680,\"height\":307,\"caption\":\"Contact FM 99.3\"},\"image\":{\"@id\":\"https:\\\/\\\/contactfm72.fr\\\/#\\\/schema\\\/logo\\\/image\\\/\"},\"sameAs\":[\"https:\\\/\\\/www.facebook.com\\\/Contactfm.Chateauduloir\",\"https:\\\/\\\/x.com\\\/contactfm72\",\"https:\\\/\\\/www.instagram.com\\\/contact.fm.72?igsh=cGhlMHQ5N2JlNnpp\",\"https:\\\/\\\/www.tiktok.com\\\/@contact.fm\"]},{\"@type\":\"Person\",\"@id\":\"https:\\\/\\\/contactfm72.fr\\\/#\\\/schema\\\/person\\\/9fdc9d1c2eb029354a4f1535b90ba82d\",\"name\":\"Val\u00e9rie C.\",\"image\":{\"@type\":\"ImageObject\",\"inLanguage\":\"fr-FR\",\"@id\":\"https:\\\/\\\/secure.gravatar.com\\\/avatar\\\/2f8aa28f8dfbd7d4420afd1fdcdd0a349923e2c8a38ab28198b0f9d0601e4737?s=96&d=mm&r=g\",\"url\":\"https:\\\/\\\/secure.gravatar.com\\\/avatar\\\/2f8aa28f8dfbd7d4420afd1fdcdd0a349923e2c8a38ab28198b0f9d0601e4737?s=96&d=mm&r=g\",\"contentUrl\":\"https:\\\/\\\/secure.gravatar.com\\\/avatar\\\/2f8aa28f8dfbd7d4420afd1fdcdd0a349923e2c8a38ab28198b0f9d0601e4737?s=96&d=mm&r=g\",\"caption\":\"Val\u00e9rie C.\"},\"url\":\"https:\\\/\\\/contactfm72.fr\\\/?author=4\"}]}<\/script>\n<!-- \/ Yoast SEO plugin. -->","yoast_head_json":{"title":"Innovations technologiques, Festiloir, et rendez-vous traditionnels, le Pays innove pour ses sorties d\u2019\u00e9t\u00e9 - Contact FM 99.3","robots":{"index":"index","follow":"follow","max-snippet":"max-snippet:-1","max-image-preview":"max-image-preview:large","max-video-preview":"max-video-preview:-1"},"canonical":"https:\/\/contactfm72.fr\/?p=10486","og_locale":"fr_FR","og_type":"article","og_title":"Innovations technologiques, Festiloir, et rendez-vous traditionnels, le Pays innove pour ses sorties d\u2019\u00e9t\u00e9 - Contact FM 99.3","og_description":"Du 13 juillet au 28 ao\u00fbt, le Pays d\u2019Art et d\u2019Histoire de la vall\u00e9e du Loir pr\u00e9sente tout un programme de sortie pour chaque jour de l\u2019\u00e9t\u00e9. Une soixantaine de rendez-vous sont propos\u00e9s aux habitants et touristes. Plusieurs nouveaut\u00e9s sont au programme. &nbsp; Nouvelle saison estivale rime avec innovation pour le Pays d\u2019Art et d\u2019Histoire&hellip;","og_url":"https:\/\/contactfm72.fr\/?p=10486","og_site_name":"Contact FM 99.3","article_publisher":"https:\/\/www.facebook.com\/Contactfm.Chateauduloir","article_published_time":"2022-07-13T10:00:43+00:00","article_modified_time":"2022-07-13T10:32:29+00:00","og_image":[{"width":2048,"height":1536,"url":"https:\/\/contactfm72.fr\/wp-content\/uploads\/2022\/07\/Pays-sorties-\u00e9t\u00e9.jpg","type":"image\/jpeg"}],"author":"Val\u00e9rie C.","twitter_card":"summary_large_image","twitter_creator":"@contactfm72","twitter_site":"@contactfm72","twitter_misc":{"\u00c9crit par":"Val\u00e9rie C.","Dur\u00e9e de lecture estim\u00e9e":"7 minutes"},"schema":{"@context":"https:\/\/schema.org","@graph":[{"@type":"Article","@id":"https:\/\/contactfm72.fr\/?p=10486#article","isPartOf":{"@id":"https:\/\/contactfm72.fr\/?p=10486"},"author":{"name":"Val\u00e9rie C.","@id":"https:\/\/contactfm72.fr\/#\/schema\/person\/9fdc9d1c2eb029354a4f1535b90ba82d"},"headline":"Innovations technologiques, Festiloir, et rendez-vous traditionnels, le Pays innove pour ses sorties d\u2019\u00e9t\u00e9","datePublished":"2022-07-13T10:00:43+00:00","dateModified":"2022-07-13T10:32:29+00:00","mainEntityOfPage":{"@id":"https:\/\/contactfm72.fr\/?p=10486"},"wordCount":1478,"publisher":{"@id":"https:\/\/contactfm72.fr\/#organization"},"image":{"@id":"https:\/\/contactfm72.fr\/?p=10486#primaryimage"},"thumbnailUrl":"https:\/\/contactfm72.fr\/wp-content\/uploads\/2022\/07\/Pays-sorties-\u00e9t\u00e9.jpg","articleSection":["Contact FM 72"],"inLanguage":"fr-FR"},{"@type":"WebPage","@id":"https:\/\/contactfm72.fr\/?p=10486","url":"https:\/\/contactfm72.fr\/?p=10486","name":"Innovations technologiques, Festiloir, et rendez-vous traditionnels, le Pays innove pour ses sorties d\u2019\u00e9t\u00e9 - Contact FM 99.3","isPartOf":{"@id":"https:\/\/contactfm72.fr\/#website"},"primaryImageOfPage":{"@id":"https:\/\/contactfm72.fr\/?p=10486#primaryimage"},"image":{"@id":"https:\/\/contactfm72.fr\/?p=10486#primaryimage"},"thumbnailUrl":"https:\/\/contactfm72.fr\/wp-content\/uploads\/2022\/07\/Pays-sorties-\u00e9t\u00e9.jpg","datePublished":"2022-07-13T10:00:43+00:00","dateModified":"2022-07-13T10:32:29+00:00","breadcrumb":{"@id":"https:\/\/contactfm72.fr\/?p=10486#breadcrumb"},"inLanguage":"fr-FR","potentialAction":[{"@type":"ReadAction","target":["https:\/\/contactfm72.fr\/?p=10486"]}]},{"@type":"ImageObject","inLanguage":"fr-FR","@id":"https:\/\/contactfm72.fr\/?p=10486#primaryimage","url":"https:\/\/contactfm72.fr\/wp-content\/uploads\/2022\/07\/Pays-sorties-\u00e9t\u00e9.jpg","contentUrl":"https:\/\/contactfm72.fr\/wp-content\/uploads\/2022\/07\/Pays-sorties-\u00e9t\u00e9.jpg","width":2048,"height":1536},{"@type":"BreadcrumbList","@id":"https:\/\/contactfm72.fr\/?p=10486#breadcrumb","itemListElement":[{"@type":"ListItem","position":1,"name":"Accueil","item":"https:\/\/contactfm72.fr\/"},{"@type":"ListItem","position":2,"name":"Innovations technologiques, Festiloir, et rendez-vous traditionnels, le Pays innove pour ses sorties d\u2019\u00e9t\u00e9"}]},{"@type":"WebSite","@id":"https:\/\/contactfm72.fr\/#website","url":"https:\/\/contactfm72.fr\/","name":"Contact FM 99.3","description":"Votre radio en vall\u00e9e du Loir","publisher":{"@id":"https:\/\/contactfm72.fr\/#organization"},"potentialAction":[{"@type":"SearchAction","target":{"@type":"EntryPoint","urlTemplate":"https:\/\/contactfm72.fr\/?s={search_term_string}"},"query-input":{"@type":"PropertyValueSpecification","valueRequired":true,"valueName":"search_term_string"}}],"inLanguage":"fr-FR"},{"@type":"Organization","@id":"https:\/\/contactfm72.fr\/#organization","name":"Contact FM 99.3","url":"https:\/\/contactfm72.fr\/","logo":{"@type":"ImageObject","inLanguage":"fr-FR","@id":"https:\/\/contactfm72.fr\/#\/schema\/logo\/image\/","url":"https:\/\/contactfm72.fr\/wp-content\/uploads\/2025\/04\/2025-04-18-2.jpg","contentUrl":"https:\/\/contactfm72.fr\/wp-content\/uploads\/2025\/04\/2025-04-18-2.jpg","width":680,"height":307,"caption":"Contact FM 99.3"},"image":{"@id":"https:\/\/contactfm72.fr\/#\/schema\/logo\/image\/"},"sameAs":["https:\/\/www.facebook.com\/Contactfm.Chateauduloir","https:\/\/x.com\/contactfm72","https:\/\/www.instagram.com\/contact.fm.72?igsh=cGhlMHQ5N2JlNnpp","https:\/\/www.tiktok.com\/@contact.fm"]},{"@type":"Person","@id":"https:\/\/contactfm72.fr\/#\/schema\/person\/9fdc9d1c2eb029354a4f1535b90ba82d","name":"Val\u00e9rie C.","image":{"@type":"ImageObject","inLanguage":"fr-FR","@id":"https:\/\/secure.gravatar.com\/avatar\/2f8aa28f8dfbd7d4420afd1fdcdd0a349923e2c8a38ab28198b0f9d0601e4737?s=96&d=mm&r=g","url":"https:\/\/secure.gravatar.com\/avatar\/2f8aa28f8dfbd7d4420afd1fdcdd0a349923e2c8a38ab28198b0f9d0601e4737?s=96&d=mm&r=g","contentUrl":"https:\/\/secure.gravatar.com\/avatar\/2f8aa28f8dfbd7d4420afd1fdcdd0a349923e2c8a38ab28198b0f9d0601e4737?s=96&d=mm&r=g","caption":"Val\u00e9rie C."},"url":"https:\/\/contactfm72.fr\/?author=4"}]}},"_links":{"self":[{"href":"https:\/\/contactfm72.fr\/index.php?rest_route=\/wp\/v2\/posts\/10486","targetHints":{"allow":["GET"]}}],"collection":[{"href":"https:\/\/contactfm72.fr\/index.php?rest_route=\/wp\/v2\/posts"}],"about":[{"href":"https:\/\/contactfm72.fr\/index.php?rest_route=\/wp\/v2\/types\/post"}],"author":[{"embeddable":true,"href":"https:\/\/contactfm72.fr\/index.php?rest_route=\/wp\/v2\/users\/4"}],"replies":[{"embeddable":true,"href":"https:\/\/contactfm72.fr\/index.php?rest_route=%2Fwp%2Fv2%2Fcomments&post=10486"}],"version-history":[{"count":1,"href":"https:\/\/contactfm72.fr\/index.php?rest_route=\/wp\/v2\/posts\/10486\/revisions"}],"predecessor-version":[{"id":10488,"href":"https:\/\/contactfm72.fr\/index.php?rest_route=\/wp\/v2\/posts\/10486\/revisions\/10488"}],"wp:featuredmedia":[{"embeddable":true,"href":"https:\/\/contactfm72.fr\/index.php?rest_route=\/wp\/v2\/media\/10487"}],"wp:attachment":[{"href":"https:\/\/contactfm72.fr\/index.php?rest_route=%2Fwp%2Fv2%2Fmedia&parent=10486"}],"wp:term":[{"taxonomy":"category","embeddable":true,"href":"https:\/\/contactfm72.fr\/index.php?rest_route=%2Fwp%2Fv2%2Fcategories&post=10486"},{"taxonomy":"post_tag","embeddable":true,"href":"https:\/\/contactfm72.fr\/index.php?rest_route=%2Fwp%2Fv2%2Ftags&post=10486"}],"curies":[{"name":"wp","href":"https:\/\/api.w.org\/{rel}","templated":true}]}}