{"id":10473,"date":"2022-07-12T14:00:39","date_gmt":"2022-07-12T12:00:39","guid":{"rendered":"http:\/\/contactfm72.fr\/?p=10473"},"modified":"2022-07-08T16:40:12","modified_gmt":"2022-07-08T14:40:12","slug":"sarthe-maitresse-decole-pendant-31ans-laurence-grandjean-part-en-retraite","status":"publish","type":"post","link":"https:\/\/contactfm72.fr\/?p=10473","title":{"rendered":"Sarthe : Ma\u00eetresse d\u2019\u00e9cole pendant 31ans, Laurence Grandjean part en retraite"},"content":{"rendered":"<h2>Laurence Grandjean, 31 ans de carri\u00e8re dans l&#8217;\u00c9ducation Nationale et directrice de l&#8217;\u00e9cole Laurentine Proust de Ch\u00e2teau-du-Loir durant 15 ann\u00e9es, a dit &#8220;au revoir&#8221; \u00e0 ses \u00e9l\u00e8ves une derni\u00e8re fois.<\/h2>\n<p>&nbsp;<\/p>\n<p>&nbsp;<\/p>\n<p>Trier les crayons de couleur, ranger les livres dans la biblioth\u00e8que, remettre correctement les petites chaises \u00e0 leur place et revoir les derniers pr\u00e9paratifs administratifs pour la rentr\u00e9e prochaine. C&#8217;est une routine de fin d&#8217;ann\u00e9e scolaire que <strong>Laurence Grandjean<\/strong> ne conna\u00eetra plus.<\/p>\n<p>Directrice de l&#8217;<strong>\u00e9cole maternelle Laurentine Proust<\/strong> de Montval-sur-Loir depuis 15 ans, mais avant tout <strong>ma\u00eetresse d&#8217;\u00e9cole pendant 31 ans<\/strong>, Laurence Grandjean part en retraite.<\/p>\n<p>&nbsp;<\/p>\n<p>&nbsp;<\/p>\n<p>&nbsp;<\/p>\n<h3>Le r\u00eave d&#8217;une petite fille<\/h3>\n<p>Comme toutes les petites filles, Laurence a toujours voulu devenir ma\u00eetresse des \u00e9coles.<\/p>\n<blockquote><p>&#8220;\u00c0 l&#8217;\u00e2ge de 5 ans, d\u00e8s que j&#8217;ai mis un pied dans l&#8217;\u00e9cole, j&#8217;ai tout de suite su que c&#8217;\u00e9tait ce que je voulais faire&#8221;.<\/p><\/blockquote>\n<p>A l&#8217;\u00e9poque, il suffisait d&#8217;avoir son bac pour passer le concours, &#8220;mais malheureusement, je l&#8217;ai \u00e9chou\u00e9&#8221;, confie Laurence. Originaire de <strong>Chinon<\/strong>, elle a suivit des \u00e9tudes de biologie \u00e0 l&#8217;<strong>universit\u00e9 de Tours<\/strong>. &#8220;J&#8217;ai rencontr\u00e9 mon mari, j&#8217;ai eu mon premier fils, et je suis devenue laborantine&#8221;, r\u00e9sume-t-elle. D&#8217;abord \u00e0 Ch\u00e2tellerault puis au <strong>laboratoire d&#8217;analyses de Ch\u00e2teau-du-Loir<\/strong>, elle n&#8217;a jamais perdu l&#8217;envie de devenir ma\u00eetresse des \u00e9coles.<\/p>\n<blockquote><p>&#8220;Je me souviens que c&#8217;\u00e9tait un cr\u00e8ve-c\u0153ur \u00e0 chaque rentr\u00e9e&#8221;.<\/p><\/blockquote>\n<p>Ne perdant pas de vue son r\u00eave, Laurence a donc d\u00e9cid\u00e9 de repasser le concours et l&#8217;a bien entendu obtenu : &#8220;J&#8217;ai effectu\u00e9 ma premi\u00e8re ann\u00e9e \u00e0 <strong>Montoire<\/strong>, dans le Loir-et-Cher. Je faisais des remplacements dans des petites \u00e9coles pour les niveaux \u00e9l\u00e9mentaires&#8221;. Apr\u00e8s cette premi\u00e8re ann\u00e9e de <strong>remplacements successifs<\/strong>, Laurence Grandjean a \u00e9t\u00e9 envoy\u00e9e en Sarthe ; une ann\u00e9e au Grand-Luc\u00e9, une autre \u00e0 Dissay-sous-Courcillon, et une derni\u00e8re au Gu\u00e9-de-M\u00e9zi\u00e8res, avant d&#8217;effectuer une longue partie de sa carri\u00e8re \u00e0 la <strong>Bru\u00e8re-sur-Loir<\/strong>.<\/p>\n<p>&nbsp;<\/p>\n<p>&nbsp;<\/p>\n<h3>Charg\u00e9e d&#8217;\u00e9cole puis directrice<\/h3>\n<p>Laurence est arriv\u00e9e en<strong> 1996 \u00e0 l&#8217;\u00e9cole maternelle de la Bru\u00e8re-sur-Loir<\/strong> o\u00f9 elle y passera 13 ann\u00e9es.<\/p>\n<blockquote><p>&#8220;J&#8217;\u00e9tais charg\u00e9e d&#8217;\u00e9cole. J&#8217;ai ador\u00e9 le fonctionnement du Sivos. On se retrouvait avec les autres ma\u00eetresses au moins une fois par semaine pour parler de nos projets. Les familles et les enfants ont \u00e9t\u00e9 adorables&#8221;, se souvient la nouvelle retrait\u00e9e, \u00e9mue.<\/p><\/blockquote>\n<p>Par la suite, Laurence eut l&#8217;opportunit\u00e9 de devenir <strong>directrice de l&#8217;\u00e9cole Laurentine Proust en 2007<\/strong>. En charge des petites et moyennes sections, Laurence a vu l&#8217;\u00e9cole s&#8217;agrandir au rythme de l&#8217;\u00e9panouissement de ses \u00e9l\u00e8ves : &#8220;Quelque temps apr\u00e8s mon arriv\u00e9e, les <strong>travaux d&#8217;agrandissement<\/strong> ont vu na\u00eetre une cantine, une garderie, et une seconde cour avec pr\u00e9au&#8221;.<\/p>\n<p>&nbsp;<\/p>\n<p>&nbsp;<\/p>\n<h3>Une ouverture culturelle aux enfants<\/h3>\n<p>Tous les trois ans, la directrice de l&#8217;\u00e9cole devait <strong>r\u00e9diger des projets scolaires<\/strong>. Dans un contexte de <strong>probl\u00e9matiques li\u00e9es aux territoires ruraux<\/strong>, Laurence a toujours privil\u00e9gi\u00e9 l&#8217;ouverture culturelle :<\/p>\n<blockquote><p>&#8220;J&#8217;ai ador\u00e9 emmener les enfants assister \u00e0 des spectacles, au cin\u00e9ma, \u00e0 la biblioth\u00e8que. Tous les enfants n&#8217;ont pas la chance d&#8217;avoir des parents qui les emm\u00e8nent faire ce genre de sorties. D&#8217;autant plus sur notre territoire. Je trouve important de les \u00e9veiller \u00e0 un si jeune \u00e2ge au monde de la culture. Mais tout cela aurait \u00e9t\u00e9 impossible sans l&#8217;aide de l&#8217;\u00e9quipe de Sophie Jousse&#8221;, directrice des affaires culturelles de la Ville qui propose des programmations de spectacles \u00e0 destination des touts petits.<\/p><\/blockquote>\n<p>En 31 ans de carri\u00e8re, au-del\u00e0 du contact avec les <strong>enfants de 3 \u00e0 5 ans<\/strong>, Laurence avoue avoir appr\u00e9ci\u00e9 le travail en \u00e9quipe : &#8220;A Ch\u00e2teau-du-Loir, comme nous sommes deux ma\u00eetresses, c&#8217;\u00e9tait plus simple de coordonner des projets&#8221;, notamment en <strong>mutualisant les projets<\/strong> de spectacles, de carnaval, de chants et plus globalement de sorties, avec les autres maternelles de l&#8217;\u00e9cole du Grand-Douai.<\/p>\n<p>&nbsp;<\/p>\n<p>&nbsp;<\/p>\n<h3>Factrice pendant le Covid<\/h3>\n<p>En tant que ma\u00eetresse, Laurence a de nombreuses anecdotes sous le coude. Mais celle qui l&#8217;a plus marqu\u00e9 est la plus r\u00e9cente : devoir continuer son r\u00f4le de ma\u00eetresse alors que l&#8217;<strong>\u00e9cole \u00e9tait ferm\u00e9e<\/strong>. Pendant le premier confinement, les parents gardaient leurs enfants \u00e0 leur domicile. Les \u00e9l\u00e9mentaires b\u00e9n\u00e9ficiaient des cours en visio. Une chose impossible avec les plus petits.<\/p>\n<blockquote><p>&#8220;Je pr\u00e9parais le mat\u00e9riel et les documents, j&#8217;enfourchais mon v\u00e9lo et j&#8217;allais livrer le travail aux enfants directement chez eux puisque les familles habitent dans le quartier&#8221;, se rem\u00e9more la ma\u00eetresse.<\/p><\/blockquote>\n<p>Ce qui lui permettait entre temps de prendre des<strong> nouvelles de ses \u00e9l\u00e8ves<\/strong> : &#8220;C&#8217;\u00e9tait vraiment une tr\u00e8s mauvaise p\u00e9riode. Je me sentais inutile. Aller voir les parents et leur demander comme \u00e7a allait me r\u00e9conforter&#8221;.<\/p>\n<p>&nbsp;<\/p>\n<h3>Une retraite bien m\u00e9rit\u00e9e<\/h3>\n<p>M\u00eame si le r\u00f4le de la ma\u00eetresse a \u00e9t\u00e9 d&#8217;apprendre aux enfants \u00e0 lire, \u00e9crire et compter, d\u00e9velopper le potentiel de chaque \u00e9l\u00e8ve, afin de leur fournir les cl\u00e9s n\u00e9cessaires pour leur r\u00e9ussite, Laurence se f\u00e9licite d&#8217;une chose: &#8220;Je me souviens, \u00e0 peu pr\u00e8s, de chacun de leur nom&#8221;.<\/p>\n<p>Dor\u00e9navant en retraite, Laurence annonce &#8220;<strong>prendre le temps de se reposer<\/strong>&#8220;, mais surtout, se consacrer \u00e0 sa <strong>passion, la danse<\/strong>.<\/p>\n<blockquote><p>&#8220;Je compte faire une formation pour devenir professeur de danse, mais cette fois-ci pour les adultes&#8221;, confie-t-elle, sourire aux l\u00e8vres.<\/p><\/blockquote>\n<p>Avec un peu <strong>plus de 600 enfants<\/strong> qui ont b\u00e9n\u00e9fici\u00e9 de ses pr\u00e9cieuses le\u00e7ons, Laurence quitte l&#8217;\u00e9cole Laurentine Proust, le c\u0153ur gros, les larmes aux yeux, mais surtout, avec le sourire aux l\u00e8vres et la satisfaction du devoir accompli.<\/p>\n<!-- AddThis Advanced Settings generic via filter on the_content --><!-- AddThis Share Buttons generic via filter on the_content -->","protected":false},"excerpt":{"rendered":"<p>Laurence Grandjean, 31 ans de carri\u00e8re dans l&#8217;\u00c9ducation Nationale et directrice de l&#8217;\u00e9cole Laurentine Proust de Ch\u00e2teau-du-Loir durant 15 ann\u00e9es, a dit &#8220;au revoir&#8221; \u00e0 ses \u00e9l\u00e8ves une derni\u00e8re fois. &nbsp; &nbsp; Trier les crayons de couleur, ranger les livres dans la biblioth\u00e8que, remettre correctement les petites chaises \u00e0 leur place et revoir les derniers&hellip;<!-- AddThis Advanced Settings generic via filter on get_the_excerpt --><!-- AddThis Share Buttons generic via filter on get_the_excerpt --><\/p>\n","protected":false},"author":4,"featured_media":10474,"comment_status":"closed","ping_status":"open","sticky":false,"template":"","format":"standard","meta":{"footnotes":""},"categories":[1],"tags":[],"class_list":["post-10473","post","type-post","status-publish","format-standard","has-post-thumbnail","hentry","category-contact-fm-72","category-1","description-off"],"yoast_head":"<!-- This site is optimized with the Yoast SEO plugin v27.4 - https:\/\/yoast.com\/product\/yoast-seo-wordpress\/ -->\n<title>Sarthe : Ma\u00eetresse d\u2019\u00e9cole pendant 31ans, Laurence Grandjean part en retraite - Contact FM 99.3<\/title>\n<meta name=\"robots\" content=\"index, follow, max-snippet:-1, max-image-preview:large, max-video-preview:-1\" \/>\n<link rel=\"canonical\" href=\"https:\/\/contactfm72.fr\/?p=10473\" \/>\n<meta property=\"og:locale\" content=\"fr_FR\" \/>\n<meta property=\"og:type\" content=\"article\" \/>\n<meta property=\"og:title\" content=\"Sarthe : Ma\u00eetresse d\u2019\u00e9cole pendant 31ans, Laurence Grandjean part en retraite - Contact FM 99.3\" \/>\n<meta property=\"og:description\" content=\"Laurence Grandjean, 31 ans de carri\u00e8re dans l&#8217;\u00c9ducation Nationale et directrice de l&#8217;\u00e9cole Laurentine Proust de Ch\u00e2teau-du-Loir durant 15 ann\u00e9es, a dit &#8220;au revoir&#8221; \u00e0 ses \u00e9l\u00e8ves une derni\u00e8re fois. &nbsp; &nbsp; Trier les crayons de couleur, ranger les livres dans la biblioth\u00e8que, remettre correctement les petites chaises \u00e0 leur place et revoir les derniers&hellip;\" \/>\n<meta property=\"og:url\" content=\"https:\/\/contactfm72.fr\/?p=10473\" \/>\n<meta property=\"og:site_name\" content=\"Contact FM 99.3\" \/>\n<meta property=\"article:publisher\" content=\"https:\/\/www.facebook.com\/Contactfm.Chateauduloir\" \/>\n<meta property=\"article:published_time\" content=\"2022-07-12T12:00:39+00:00\" \/>\n<meta property=\"og:image\" content=\"https:\/\/contactfm72.fr\/wp-content\/uploads\/2022\/07\/laurence-retraite.jpg\" \/>\n\t<meta property=\"og:image:width\" content=\"2048\" \/>\n\t<meta property=\"og:image:height\" content=\"1536\" \/>\n\t<meta property=\"og:image:type\" content=\"image\/jpeg\" \/>\n<meta name=\"author\" content=\"Val\u00e9rie C.\" \/>\n<meta name=\"twitter:card\" content=\"summary_large_image\" \/>\n<meta name=\"twitter:creator\" content=\"@contactfm72\" \/>\n<meta name=\"twitter:site\" content=\"@contactfm72\" \/>\n<meta name=\"twitter:label1\" content=\"\u00c9crit par\" \/>\n\t<meta name=\"twitter:data1\" content=\"Val\u00e9rie C.\" \/>\n\t<meta name=\"twitter:label2\" content=\"Dur\u00e9e de lecture estim\u00e9e\" \/>\n\t<meta name=\"twitter:data2\" content=\"5 minutes\" \/>\n<script type=\"application\/ld+json\" class=\"yoast-schema-graph\">{\"@context\":\"https:\\\/\\\/schema.org\",\"@graph\":[{\"@type\":\"Article\",\"@id\":\"https:\\\/\\\/contactfm72.fr\\\/?p=10473#article\",\"isPartOf\":{\"@id\":\"https:\\\/\\\/contactfm72.fr\\\/?p=10473\"},\"author\":{\"name\":\"Val\u00e9rie C.\",\"@id\":\"https:\\\/\\\/contactfm72.fr\\\/#\\\/schema\\\/person\\\/9fdc9d1c2eb029354a4f1535b90ba82d\"},\"headline\":\"Sarthe : Ma\u00eetresse d\u2019\u00e9cole pendant 31ans, Laurence Grandjean part en retraite\",\"datePublished\":\"2022-07-12T12:00:39+00:00\",\"mainEntityOfPage\":{\"@id\":\"https:\\\/\\\/contactfm72.fr\\\/?p=10473\"},\"wordCount\":997,\"publisher\":{\"@id\":\"https:\\\/\\\/contactfm72.fr\\\/#organization\"},\"image\":{\"@id\":\"https:\\\/\\\/contactfm72.fr\\\/?p=10473#primaryimage\"},\"thumbnailUrl\":\"https:\\\/\\\/contactfm72.fr\\\/wp-content\\\/uploads\\\/2022\\\/07\\\/laurence-retraite.jpg\",\"articleSection\":[\"Contact FM 72\"],\"inLanguage\":\"fr-FR\"},{\"@type\":\"WebPage\",\"@id\":\"https:\\\/\\\/contactfm72.fr\\\/?p=10473\",\"url\":\"https:\\\/\\\/contactfm72.fr\\\/?p=10473\",\"name\":\"Sarthe : Ma\u00eetresse d\u2019\u00e9cole pendant 31ans, Laurence Grandjean part en retraite - Contact FM 99.3\",\"isPartOf\":{\"@id\":\"https:\\\/\\\/contactfm72.fr\\\/#website\"},\"primaryImageOfPage\":{\"@id\":\"https:\\\/\\\/contactfm72.fr\\\/?p=10473#primaryimage\"},\"image\":{\"@id\":\"https:\\\/\\\/contactfm72.fr\\\/?p=10473#primaryimage\"},\"thumbnailUrl\":\"https:\\\/\\\/contactfm72.fr\\\/wp-content\\\/uploads\\\/2022\\\/07\\\/laurence-retraite.jpg\",\"datePublished\":\"2022-07-12T12:00:39+00:00\",\"breadcrumb\":{\"@id\":\"https:\\\/\\\/contactfm72.fr\\\/?p=10473#breadcrumb\"},\"inLanguage\":\"fr-FR\",\"potentialAction\":[{\"@type\":\"ReadAction\",\"target\":[\"https:\\\/\\\/contactfm72.fr\\\/?p=10473\"]}]},{\"@type\":\"ImageObject\",\"inLanguage\":\"fr-FR\",\"@id\":\"https:\\\/\\\/contactfm72.fr\\\/?p=10473#primaryimage\",\"url\":\"https:\\\/\\\/contactfm72.fr\\\/wp-content\\\/uploads\\\/2022\\\/07\\\/laurence-retraite.jpg\",\"contentUrl\":\"https:\\\/\\\/contactfm72.fr\\\/wp-content\\\/uploads\\\/2022\\\/07\\\/laurence-retraite.jpg\",\"width\":2048,\"height\":1536,\"caption\":\"Une nouvelle directrice succ\u00e8dera \u00e0 Laurence Grandjean, \u00e0 l'\u00e9cole Laurentine Proust de Ch\u00e2teau-du-Loir, d\u00e8s la rentr\u00e9e prochaine.\"},{\"@type\":\"BreadcrumbList\",\"@id\":\"https:\\\/\\\/contactfm72.fr\\\/?p=10473#breadcrumb\",\"itemListElement\":[{\"@type\":\"ListItem\",\"position\":1,\"name\":\"Accueil\",\"item\":\"https:\\\/\\\/contactfm72.fr\\\/\"},{\"@type\":\"ListItem\",\"position\":2,\"name\":\"Sarthe : Ma\u00eetresse d\u2019\u00e9cole pendant 31ans, Laurence Grandjean part en retraite\"}]},{\"@type\":\"WebSite\",\"@id\":\"https:\\\/\\\/contactfm72.fr\\\/#website\",\"url\":\"https:\\\/\\\/contactfm72.fr\\\/\",\"name\":\"Contact FM 99.3\",\"description\":\"Votre radio en vall\u00e9e du Loir\",\"publisher\":{\"@id\":\"https:\\\/\\\/contactfm72.fr\\\/#organization\"},\"potentialAction\":[{\"@type\":\"SearchAction\",\"target\":{\"@type\":\"EntryPoint\",\"urlTemplate\":\"https:\\\/\\\/contactfm72.fr\\\/?s={search_term_string}\"},\"query-input\":{\"@type\":\"PropertyValueSpecification\",\"valueRequired\":true,\"valueName\":\"search_term_string\"}}],\"inLanguage\":\"fr-FR\"},{\"@type\":\"Organization\",\"@id\":\"https:\\\/\\\/contactfm72.fr\\\/#organization\",\"name\":\"Contact FM 99.3\",\"url\":\"https:\\\/\\\/contactfm72.fr\\\/\",\"logo\":{\"@type\":\"ImageObject\",\"inLanguage\":\"fr-FR\",\"@id\":\"https:\\\/\\\/contactfm72.fr\\\/#\\\/schema\\\/logo\\\/image\\\/\",\"url\":\"https:\\\/\\\/contactfm72.fr\\\/wp-content\\\/uploads\\\/2025\\\/04\\\/2025-04-18-2.jpg\",\"contentUrl\":\"https:\\\/\\\/contactfm72.fr\\\/wp-content\\\/uploads\\\/2025\\\/04\\\/2025-04-18-2.jpg\",\"width\":680,\"height\":307,\"caption\":\"Contact FM 99.3\"},\"image\":{\"@id\":\"https:\\\/\\\/contactfm72.fr\\\/#\\\/schema\\\/logo\\\/image\\\/\"},\"sameAs\":[\"https:\\\/\\\/www.facebook.com\\\/Contactfm.Chateauduloir\",\"https:\\\/\\\/x.com\\\/contactfm72\",\"https:\\\/\\\/www.instagram.com\\\/contact.fm.72?igsh=cGhlMHQ5N2JlNnpp\",\"https:\\\/\\\/www.tiktok.com\\\/@contact.fm\"]},{\"@type\":\"Person\",\"@id\":\"https:\\\/\\\/contactfm72.fr\\\/#\\\/schema\\\/person\\\/9fdc9d1c2eb029354a4f1535b90ba82d\",\"name\":\"Val\u00e9rie C.\",\"image\":{\"@type\":\"ImageObject\",\"inLanguage\":\"fr-FR\",\"@id\":\"https:\\\/\\\/secure.gravatar.com\\\/avatar\\\/2f8aa28f8dfbd7d4420afd1fdcdd0a349923e2c8a38ab28198b0f9d0601e4737?s=96&d=mm&r=g\",\"url\":\"https:\\\/\\\/secure.gravatar.com\\\/avatar\\\/2f8aa28f8dfbd7d4420afd1fdcdd0a349923e2c8a38ab28198b0f9d0601e4737?s=96&d=mm&r=g\",\"contentUrl\":\"https:\\\/\\\/secure.gravatar.com\\\/avatar\\\/2f8aa28f8dfbd7d4420afd1fdcdd0a349923e2c8a38ab28198b0f9d0601e4737?s=96&d=mm&r=g\",\"caption\":\"Val\u00e9rie C.\"},\"url\":\"https:\\\/\\\/contactfm72.fr\\\/?author=4\"}]}<\/script>\n<!-- \/ Yoast SEO plugin. -->","yoast_head_json":{"title":"Sarthe : Ma\u00eetresse d\u2019\u00e9cole pendant 31ans, Laurence Grandjean part en retraite - Contact FM 99.3","robots":{"index":"index","follow":"follow","max-snippet":"max-snippet:-1","max-image-preview":"max-image-preview:large","max-video-preview":"max-video-preview:-1"},"canonical":"https:\/\/contactfm72.fr\/?p=10473","og_locale":"fr_FR","og_type":"article","og_title":"Sarthe : Ma\u00eetresse d\u2019\u00e9cole pendant 31ans, Laurence Grandjean part en retraite - Contact FM 99.3","og_description":"Laurence Grandjean, 31 ans de carri\u00e8re dans l&#8217;\u00c9ducation Nationale et directrice de l&#8217;\u00e9cole Laurentine Proust de Ch\u00e2teau-du-Loir durant 15 ann\u00e9es, a dit &#8220;au revoir&#8221; \u00e0 ses \u00e9l\u00e8ves une derni\u00e8re fois. &nbsp; &nbsp; Trier les crayons de couleur, ranger les livres dans la biblioth\u00e8que, remettre correctement les petites chaises \u00e0 leur place et revoir les derniers&hellip;","og_url":"https:\/\/contactfm72.fr\/?p=10473","og_site_name":"Contact FM 99.3","article_publisher":"https:\/\/www.facebook.com\/Contactfm.Chateauduloir","article_published_time":"2022-07-12T12:00:39+00:00","og_image":[{"width":2048,"height":1536,"url":"https:\/\/contactfm72.fr\/wp-content\/uploads\/2022\/07\/laurence-retraite.jpg","type":"image\/jpeg"}],"author":"Val\u00e9rie C.","twitter_card":"summary_large_image","twitter_creator":"@contactfm72","twitter_site":"@contactfm72","twitter_misc":{"\u00c9crit par":"Val\u00e9rie C.","Dur\u00e9e de lecture estim\u00e9e":"5 minutes"},"schema":{"@context":"https:\/\/schema.org","@graph":[{"@type":"Article","@id":"https:\/\/contactfm72.fr\/?p=10473#article","isPartOf":{"@id":"https:\/\/contactfm72.fr\/?p=10473"},"author":{"name":"Val\u00e9rie C.","@id":"https:\/\/contactfm72.fr\/#\/schema\/person\/9fdc9d1c2eb029354a4f1535b90ba82d"},"headline":"Sarthe : Ma\u00eetresse d\u2019\u00e9cole pendant 31ans, Laurence Grandjean part en retraite","datePublished":"2022-07-12T12:00:39+00:00","mainEntityOfPage":{"@id":"https:\/\/contactfm72.fr\/?p=10473"},"wordCount":997,"publisher":{"@id":"https:\/\/contactfm72.fr\/#organization"},"image":{"@id":"https:\/\/contactfm72.fr\/?p=10473#primaryimage"},"thumbnailUrl":"https:\/\/contactfm72.fr\/wp-content\/uploads\/2022\/07\/laurence-retraite.jpg","articleSection":["Contact FM 72"],"inLanguage":"fr-FR"},{"@type":"WebPage","@id":"https:\/\/contactfm72.fr\/?p=10473","url":"https:\/\/contactfm72.fr\/?p=10473","name":"Sarthe : Ma\u00eetresse d\u2019\u00e9cole pendant 31ans, Laurence Grandjean part en retraite - Contact FM 99.3","isPartOf":{"@id":"https:\/\/contactfm72.fr\/#website"},"primaryImageOfPage":{"@id":"https:\/\/contactfm72.fr\/?p=10473#primaryimage"},"image":{"@id":"https:\/\/contactfm72.fr\/?p=10473#primaryimage"},"thumbnailUrl":"https:\/\/contactfm72.fr\/wp-content\/uploads\/2022\/07\/laurence-retraite.jpg","datePublished":"2022-07-12T12:00:39+00:00","breadcrumb":{"@id":"https:\/\/contactfm72.fr\/?p=10473#breadcrumb"},"inLanguage":"fr-FR","potentialAction":[{"@type":"ReadAction","target":["https:\/\/contactfm72.fr\/?p=10473"]}]},{"@type":"ImageObject","inLanguage":"fr-FR","@id":"https:\/\/contactfm72.fr\/?p=10473#primaryimage","url":"https:\/\/contactfm72.fr\/wp-content\/uploads\/2022\/07\/laurence-retraite.jpg","contentUrl":"https:\/\/contactfm72.fr\/wp-content\/uploads\/2022\/07\/laurence-retraite.jpg","width":2048,"height":1536,"caption":"Une nouvelle directrice succ\u00e8dera \u00e0 Laurence Grandjean, \u00e0 l'\u00e9cole Laurentine Proust de Ch\u00e2teau-du-Loir, d\u00e8s la rentr\u00e9e prochaine."},{"@type":"BreadcrumbList","@id":"https:\/\/contactfm72.fr\/?p=10473#breadcrumb","itemListElement":[{"@type":"ListItem","position":1,"name":"Accueil","item":"https:\/\/contactfm72.fr\/"},{"@type":"ListItem","position":2,"name":"Sarthe : Ma\u00eetresse d\u2019\u00e9cole pendant 31ans, Laurence Grandjean part en retraite"}]},{"@type":"WebSite","@id":"https:\/\/contactfm72.fr\/#website","url":"https:\/\/contactfm72.fr\/","name":"Contact FM 99.3","description":"Votre radio en vall\u00e9e du Loir","publisher":{"@id":"https:\/\/contactfm72.fr\/#organization"},"potentialAction":[{"@type":"SearchAction","target":{"@type":"EntryPoint","urlTemplate":"https:\/\/contactfm72.fr\/?s={search_term_string}"},"query-input":{"@type":"PropertyValueSpecification","valueRequired":true,"valueName":"search_term_string"}}],"inLanguage":"fr-FR"},{"@type":"Organization","@id":"https:\/\/contactfm72.fr\/#organization","name":"Contact FM 99.3","url":"https:\/\/contactfm72.fr\/","logo":{"@type":"ImageObject","inLanguage":"fr-FR","@id":"https:\/\/contactfm72.fr\/#\/schema\/logo\/image\/","url":"https:\/\/contactfm72.fr\/wp-content\/uploads\/2025\/04\/2025-04-18-2.jpg","contentUrl":"https:\/\/contactfm72.fr\/wp-content\/uploads\/2025\/04\/2025-04-18-2.jpg","width":680,"height":307,"caption":"Contact FM 99.3"},"image":{"@id":"https:\/\/contactfm72.fr\/#\/schema\/logo\/image\/"},"sameAs":["https:\/\/www.facebook.com\/Contactfm.Chateauduloir","https:\/\/x.com\/contactfm72","https:\/\/www.instagram.com\/contact.fm.72?igsh=cGhlMHQ5N2JlNnpp","https:\/\/www.tiktok.com\/@contact.fm"]},{"@type":"Person","@id":"https:\/\/contactfm72.fr\/#\/schema\/person\/9fdc9d1c2eb029354a4f1535b90ba82d","name":"Val\u00e9rie C.","image":{"@type":"ImageObject","inLanguage":"fr-FR","@id":"https:\/\/secure.gravatar.com\/avatar\/2f8aa28f8dfbd7d4420afd1fdcdd0a349923e2c8a38ab28198b0f9d0601e4737?s=96&d=mm&r=g","url":"https:\/\/secure.gravatar.com\/avatar\/2f8aa28f8dfbd7d4420afd1fdcdd0a349923e2c8a38ab28198b0f9d0601e4737?s=96&d=mm&r=g","contentUrl":"https:\/\/secure.gravatar.com\/avatar\/2f8aa28f8dfbd7d4420afd1fdcdd0a349923e2c8a38ab28198b0f9d0601e4737?s=96&d=mm&r=g","caption":"Val\u00e9rie C."},"url":"https:\/\/contactfm72.fr\/?author=4"}]}},"_links":{"self":[{"href":"https:\/\/contactfm72.fr\/index.php?rest_route=\/wp\/v2\/posts\/10473","targetHints":{"allow":["GET"]}}],"collection":[{"href":"https:\/\/contactfm72.fr\/index.php?rest_route=\/wp\/v2\/posts"}],"about":[{"href":"https:\/\/contactfm72.fr\/index.php?rest_route=\/wp\/v2\/types\/post"}],"author":[{"embeddable":true,"href":"https:\/\/contactfm72.fr\/index.php?rest_route=\/wp\/v2\/users\/4"}],"replies":[{"embeddable":true,"href":"https:\/\/contactfm72.fr\/index.php?rest_route=%2Fwp%2Fv2%2Fcomments&post=10473"}],"version-history":[{"count":1,"href":"https:\/\/contactfm72.fr\/index.php?rest_route=\/wp\/v2\/posts\/10473\/revisions"}],"predecessor-version":[{"id":10475,"href":"https:\/\/contactfm72.fr\/index.php?rest_route=\/wp\/v2\/posts\/10473\/revisions\/10475"}],"wp:featuredmedia":[{"embeddable":true,"href":"https:\/\/contactfm72.fr\/index.php?rest_route=\/wp\/v2\/media\/10474"}],"wp:attachment":[{"href":"https:\/\/contactfm72.fr\/index.php?rest_route=%2Fwp%2Fv2%2Fmedia&parent=10473"}],"wp:term":[{"taxonomy":"category","embeddable":true,"href":"https:\/\/contactfm72.fr\/index.php?rest_route=%2Fwp%2Fv2%2Fcategories&post=10473"},{"taxonomy":"post_tag","embeddable":true,"href":"https:\/\/contactfm72.fr\/index.php?rest_route=%2Fwp%2Fv2%2Ftags&post=10473"}],"curies":[{"name":"wp","href":"https:\/\/api.w.org\/{rel}","templated":true}]}}