{"id":10463,"date":"2022-07-15T10:30:58","date_gmt":"2022-07-15T08:30:58","guid":{"rendered":"http:\/\/contactfm72.fr\/?p=10463"},"modified":"2022-07-07T15:50:19","modified_gmt":"2022-07-07T13:50:19","slug":"a-chateau-du-loir-norane-accouche-devant-son-domicile","status":"publish","type":"post","link":"https:\/\/contactfm72.fr\/?p=10463","title":{"rendered":"A Ch\u00e2teau-du-Loir, Norane accouche devant son domicile"},"content":{"rendered":"<h2>Norane Lacouchie, cast\u00e9lorienne de 23 ans, a accouch\u00e9 devant son domicile, dans le camion des pompiers. L\u2019heureux \u00e9v\u00e8nement du vendredi 24 juin est racont\u00e9 par la maman.<\/h2>\n<p>&nbsp;<\/p>\n<p>&nbsp;<\/p>\n<p>C\u2019est un accouchement hors norme qui s\u2019est d\u00e9roul\u00e9 dans la <strong>rue Jean Baptiste Nourry \u00e0 Ch\u00e2teau-du-Loir<\/strong>, dans la <strong>Sarthe<\/strong>, le vendredi 24 juin \u00e0 5h du matin. <strong>Norane Lacouchie<\/strong> et son compagnon, <strong>Jordan Pasquier<\/strong>, respectivement \u00e2g\u00e9 de 23 ans et 24 ans, attendaient impatiemment l\u2019arriv\u00e9e de leur 3<sup>\u00e8me<\/sup> enfant. N\u00e9anmoins, les circonstances dans lesquelles le b\u00e9b\u00e9 tant d\u00e9sir\u00e9 a vu le jour \u00e9taient inimaginables pour le couple originaire de la r\u00e9gion.<\/p>\n<p>&nbsp;<\/p>\n<h3><strong>Deux grossesses compliqu\u00e9es<\/strong><\/h3>\n<p>Ce n\u2019\u00e9tait pas le premier accouchement de Norane, et heureusement. \u00ab\u00a0Ma premi\u00e8re grossesse \u00e9tait difficile, l\u2019accouchement encore plus\u00a0\u00bb, se souvient la maman. En 2019, pendant trois jours, le couple avait d\u00fb faire des allers et retours entre l\u2019h\u00f4pital et le domicile, car la future maman de l\u2019\u00e9poque avait beaucoup de contractions, et ce, d\u00e8s le 6<sup>\u00e8me<\/sup> mois.<\/p>\n<blockquote><p>\u00ab\u00a0J\u2019ai accouch\u00e9 \u00e0 l\u2019h\u00f4pital. J\u2019ai tr\u00e8s mal support\u00e9 la p\u00e9ridurale, je me souviens que j\u2019avais beaucoup vomi. Je m\u2019\u00e9tais dit de ne plus en avoir recours\u00a0\u00bb.<\/p><\/blockquote>\n<p>Comme la nature fait bien son travail, elle n\u2019en a jamais eu besoin pour son second accouchement, et encore moins pour le troisi\u00e8me.<\/p>\n<blockquote><p>\u00ab\u00a0J\u2019avais demand\u00e9 un d\u00e9collement des membranes pour mon second accouchement. Et le soir m\u00eame, ma fille \u00e9tait n\u00e9e. Heureusement que le papa s\u2019est r\u00e9veill\u00e9 \u00e0 temps, sinon j\u2019accouchais \u00e9galement chez moi pour mon deuxi\u00e8me enfant\u00a0\u00bb.<\/p><\/blockquote>\n<p>&nbsp;<\/p>\n<h3><strong>Un 3e accouchement rapide comme l\u2019\u00e9clair<\/strong><\/h3>\n<p>Pour sa troisi\u00e8me grossesse, Norane a eu des contractions d\u00e8s le 6<sup>\u00e8me<\/sup> mois, comme pour les pr\u00e9c\u00e9dentes.<\/p>\n<p>\u00ab\u00a0Avec les grosses chaleurs, je n\u2019en pouvais plus. J\u2019ai alors demand\u00e9 un <strong>d\u00e9collement des membranes<\/strong> \u00e0 ma sage-femme\u00a0\u00bb. Chose faite le jeudi 23 juin, dans l\u2019apr\u00e8s-midi. Mais dans la nuit qui a suivi, des <strong>fortes contractions<\/strong> l\u2019ont r\u00e9veill\u00e9 vers 3h30 du matin. Le papa, ayant des heures d\u00e9cal\u00e9es, \u00e9tait d\u00e9j\u00e0 sur les lieux de son travail. \u00ab\u00a0J\u2019ai pris une douche, mais \u00e7a n\u2019allait pas mieux\u00a0\u00bb.<\/p>\n<p>Norane a par la suite perdu les eaux et a donc <strong>contact\u00e9 le 15<\/strong>. Mais elle en garde un mauvais souvenir.<\/p>\n<blockquote><p>\u00ab\u00a0Ils m\u2019ont dit que comme j\u2019\u00e9tais v\u00e9hicul\u00e9e, je pouvais venir directement \u00e0 la maternit\u00e9 par mes propres moyens. Mais je ne les ai pas \u00e9cout\u00e9s, je ne me voyais pas conduire jusqu\u2019au Mans\u00a0\u00bb. Le service des urgences a tout de m\u00eame envoy\u00e9 les pompiers au domicile du couple. \u00ab\u00a0J\u2019avais appel\u00e9 la grand-m\u00e8re qui est venue rapidement prendre soin de mes deux plus grand. J\u2019avais tout pr\u00e9par\u00e9, la valise \u00e9tait \u00e0 l\u2019entr\u00e9e, et le papa \u00e9tait en route, de retour \u00e0 la maison\u00a0\u00bb, se rem\u00e9more l\u2019ancienne aide \u00e0 domicile.<\/p><\/blockquote>\n<p>\u00c0 4h45, soit 45 minutes apr\u00e8s son appel,<strong> trois pompiers<\/strong> sont venus au secours de la jeune femme, qui avait toujours des contractions de plus en plus fortes. \u00ab\u00a0Ils ont \u00e9t\u00e9 adorables avec moi. Ils m\u2019ont tout de suite soutenu. L\u2019une d\u2019entre elles a dit qu\u2019ils avaient le temps de m\u2019emmener \u00e0 la maternit\u00e9, \u00e7a m\u2019a fait rire\u00a0\u00bb. Car en effet, <strong>Dalyo<\/strong>, 3kg pour 45cm, pointait le bout de son nez <strong>15 minutes apr\u00e8s l\u2019arriv\u00e9e des pompiers<\/strong>.<\/p>\n<p>&nbsp;<\/p>\n<h3><strong>Quelques complications<\/strong><\/h3>\n<p>Cette belle histoire aurait pu mal tourner. Lorsque Dalyo arrive au monde, la maman eut la frayeur de d\u00e9couvrir le <strong>cordon ombilical entour\u00e9 autour du cou de son b\u00e9b\u00e9<\/strong>.<\/p>\n<blockquote><p>\u00ab\u00a0Je l\u2019ai vu tout bleu, c\u2019\u00e9tait la premi\u00e8re fois que \u00e7a m\u2019arrivait. J\u2019ai commenc\u00e9 \u00e0 paniquer, j\u2019avais extr\u00eamement peur\u00a0\u00bb.<\/p><\/blockquote>\n<p>Mais le papa qui est arriv\u00e9 \u00e0 temps pour assister \u00e0 l\u2019accouchement de son fils a su rassurer la maman, devant le travail des pompiers qui ont su<strong> g\u00e9rer la situation<\/strong>.<\/p>\n<p>&nbsp;<\/p>\n<h3><strong>Un dernier stop \u00e0 \u00c9commoy<\/strong><\/h3>\n<p>Une fois le b\u00e9b\u00e9 au monde, les pompiers ont d\u00e9marr\u00e9 leur camion en direction de la maternit\u00e9 du Mans.<\/p>\n<blockquote><p>\u00ab On a crois\u00e9 les m\u00e9decins du 15 en chemin. Ils nous ont fait les premiers soins sur le parking de l\u2019Hyper U d\u2019Ecommoy\u00a0\u00bb, se souvient Norane.<\/p><\/blockquote>\n<p>Finalement, apr\u00e8s toutes<strong> ces p\u00e9rip\u00e9ties<\/strong>, le papa, la maman et le b\u00e9b\u00e9, en <strong>bonne sant\u00e9<\/strong>, ont \u00e9t\u00e9 pris en charge \u00e0 la maternit\u00e9 du Mans. \u00ab\u00a0Je suis sortie de l\u2019h\u00f4pital le <strong>dimanche 26 juin<\/strong>. Mon terme \u00e9tait le 9 juillet\u00a0\u00bb, termine la maman.<\/p>\n<p>Dalyo a donc vu le jour dans le camion des pompiers, rue Jean Baptiste Nourry \u00e0 Ch\u00e2teau-du-Loir, <strong>devant le portail du foyer familial<\/strong>. Norane est \u00e0 pr\u00e9sent tr\u00e8s fatigu\u00e9e, le grand fr\u00e8re Daryus 3 ans, la grande s\u0153ur Da\u00ffana 1 an, et leur papa sont heureux d\u2019<strong>accueillir le petit dernier au sein de la fratrie<\/strong>.<\/p>\n<!-- AddThis Advanced Settings generic via filter on the_content --><!-- AddThis Share Buttons generic via filter on the_content -->","protected":false},"excerpt":{"rendered":"<p>Norane Lacouchie, cast\u00e9lorienne de 23 ans, a accouch\u00e9 devant son domicile, dans le camion des pompiers. L\u2019heureux \u00e9v\u00e8nement du vendredi 24 juin est racont\u00e9 par la maman. &nbsp; &nbsp; C\u2019est un accouchement hors norme qui s\u2019est d\u00e9roul\u00e9 dans la rue Jean Baptiste Nourry \u00e0 Ch\u00e2teau-du-Loir, dans la Sarthe, le vendredi 24 juin \u00e0 5h du&hellip;<!-- AddThis Advanced Settings generic via filter on get_the_excerpt --><!-- AddThis Share Buttons generic via filter on get_the_excerpt --><\/p>\n","protected":false},"author":4,"featured_media":10464,"comment_status":"closed","ping_status":"open","sticky":false,"template":"","format":"standard","meta":{"footnotes":""},"categories":[1],"tags":[],"class_list":["post-10463","post","type-post","status-publish","format-standard","has-post-thumbnail","hentry","category-contact-fm-72","category-1","description-off"],"yoast_head":"<!-- This site is optimized with the Yoast SEO plugin v27.4 - https:\/\/yoast.com\/product\/yoast-seo-wordpress\/ -->\n<title>A Ch\u00e2teau-du-Loir, Norane accouche devant son domicile - Contact FM 99.3<\/title>\n<meta name=\"robots\" content=\"index, follow, max-snippet:-1, max-image-preview:large, max-video-preview:-1\" \/>\n<link rel=\"canonical\" href=\"https:\/\/contactfm72.fr\/?p=10463\" \/>\n<meta property=\"og:locale\" content=\"fr_FR\" \/>\n<meta property=\"og:type\" content=\"article\" \/>\n<meta property=\"og:title\" content=\"A Ch\u00e2teau-du-Loir, Norane accouche devant son domicile - Contact FM 99.3\" \/>\n<meta property=\"og:description\" content=\"Norane Lacouchie, cast\u00e9lorienne de 23 ans, a accouch\u00e9 devant son domicile, dans le camion des pompiers. L\u2019heureux \u00e9v\u00e8nement du vendredi 24 juin est racont\u00e9 par la maman. &nbsp; &nbsp; C\u2019est un accouchement hors norme qui s\u2019est d\u00e9roul\u00e9 dans la rue Jean Baptiste Nourry \u00e0 Ch\u00e2teau-du-Loir, dans la Sarthe, le vendredi 24 juin \u00e0 5h du&hellip;\" \/>\n<meta property=\"og:url\" content=\"https:\/\/contactfm72.fr\/?p=10463\" \/>\n<meta property=\"og:site_name\" content=\"Contact FM 99.3\" \/>\n<meta property=\"article:publisher\" content=\"https:\/\/www.facebook.com\/Contactfm.Chateauduloir\" \/>\n<meta property=\"article:published_time\" content=\"2022-07-15T08:30:58+00:00\" \/>\n<meta property=\"og:image\" content=\"https:\/\/contactfm72.fr\/wp-content\/uploads\/2022\/07\/norane-lacouchie.jpg\" \/>\n\t<meta property=\"og:image:width\" content=\"2048\" \/>\n\t<meta property=\"og:image:height\" content=\"1536\" \/>\n\t<meta property=\"og:image:type\" content=\"image\/jpeg\" \/>\n<meta name=\"author\" content=\"Val\u00e9rie C.\" \/>\n<meta name=\"twitter:card\" content=\"summary_large_image\" \/>\n<meta name=\"twitter:creator\" content=\"@contactfm72\" \/>\n<meta name=\"twitter:site\" content=\"@contactfm72\" \/>\n<meta name=\"twitter:label1\" content=\"\u00c9crit par\" \/>\n\t<meta name=\"twitter:data1\" content=\"Val\u00e9rie C.\" \/>\n\t<meta name=\"twitter:label2\" content=\"Dur\u00e9e de lecture estim\u00e9e\" \/>\n\t<meta name=\"twitter:data2\" content=\"4 minutes\" \/>\n<script type=\"application\/ld+json\" class=\"yoast-schema-graph\">{\"@context\":\"https:\\\/\\\/schema.org\",\"@graph\":[{\"@type\":\"Article\",\"@id\":\"https:\\\/\\\/contactfm72.fr\\\/?p=10463#article\",\"isPartOf\":{\"@id\":\"https:\\\/\\\/contactfm72.fr\\\/?p=10463\"},\"author\":{\"name\":\"Val\u00e9rie C.\",\"@id\":\"https:\\\/\\\/contactfm72.fr\\\/#\\\/schema\\\/person\\\/9fdc9d1c2eb029354a4f1535b90ba82d\"},\"headline\":\"A Ch\u00e2teau-du-Loir, Norane accouche devant son domicile\",\"datePublished\":\"2022-07-15T08:30:58+00:00\",\"mainEntityOfPage\":{\"@id\":\"https:\\\/\\\/contactfm72.fr\\\/?p=10463\"},\"wordCount\":837,\"publisher\":{\"@id\":\"https:\\\/\\\/contactfm72.fr\\\/#organization\"},\"image\":{\"@id\":\"https:\\\/\\\/contactfm72.fr\\\/?p=10463#primaryimage\"},\"thumbnailUrl\":\"https:\\\/\\\/contactfm72.fr\\\/wp-content\\\/uploads\\\/2022\\\/07\\\/norane-lacouchie.jpg\",\"articleSection\":[\"Contact FM 72\"],\"inLanguage\":\"fr-FR\"},{\"@type\":\"WebPage\",\"@id\":\"https:\\\/\\\/contactfm72.fr\\\/?p=10463\",\"url\":\"https:\\\/\\\/contactfm72.fr\\\/?p=10463\",\"name\":\"A Ch\u00e2teau-du-Loir, Norane accouche devant son domicile - Contact FM 99.3\",\"isPartOf\":{\"@id\":\"https:\\\/\\\/contactfm72.fr\\\/#website\"},\"primaryImageOfPage\":{\"@id\":\"https:\\\/\\\/contactfm72.fr\\\/?p=10463#primaryimage\"},\"image\":{\"@id\":\"https:\\\/\\\/contactfm72.fr\\\/?p=10463#primaryimage\"},\"thumbnailUrl\":\"https:\\\/\\\/contactfm72.fr\\\/wp-content\\\/uploads\\\/2022\\\/07\\\/norane-lacouchie.jpg\",\"datePublished\":\"2022-07-15T08:30:58+00:00\",\"breadcrumb\":{\"@id\":\"https:\\\/\\\/contactfm72.fr\\\/?p=10463#breadcrumb\"},\"inLanguage\":\"fr-FR\",\"potentialAction\":[{\"@type\":\"ReadAction\",\"target\":[\"https:\\\/\\\/contactfm72.fr\\\/?p=10463\"]}]},{\"@type\":\"ImageObject\",\"inLanguage\":\"fr-FR\",\"@id\":\"https:\\\/\\\/contactfm72.fr\\\/?p=10463#primaryimage\",\"url\":\"https:\\\/\\\/contactfm72.fr\\\/wp-content\\\/uploads\\\/2022\\\/07\\\/norane-lacouchie.jpg\",\"contentUrl\":\"https:\\\/\\\/contactfm72.fr\\\/wp-content\\\/uploads\\\/2022\\\/07\\\/norane-lacouchie.jpg\",\"width\":2048,\"height\":1536,\"caption\":\"Norane et Dalyo, quelques jours apr\u00e8s la naissance du nourrisson.\"},{\"@type\":\"BreadcrumbList\",\"@id\":\"https:\\\/\\\/contactfm72.fr\\\/?p=10463#breadcrumb\",\"itemListElement\":[{\"@type\":\"ListItem\",\"position\":1,\"name\":\"Accueil\",\"item\":\"https:\\\/\\\/contactfm72.fr\\\/\"},{\"@type\":\"ListItem\",\"position\":2,\"name\":\"A Ch\u00e2teau-du-Loir, Norane accouche devant son domicile\"}]},{\"@type\":\"WebSite\",\"@id\":\"https:\\\/\\\/contactfm72.fr\\\/#website\",\"url\":\"https:\\\/\\\/contactfm72.fr\\\/\",\"name\":\"Contact FM 99.3\",\"description\":\"Votre radio en vall\u00e9e du Loir\",\"publisher\":{\"@id\":\"https:\\\/\\\/contactfm72.fr\\\/#organization\"},\"potentialAction\":[{\"@type\":\"SearchAction\",\"target\":{\"@type\":\"EntryPoint\",\"urlTemplate\":\"https:\\\/\\\/contactfm72.fr\\\/?s={search_term_string}\"},\"query-input\":{\"@type\":\"PropertyValueSpecification\",\"valueRequired\":true,\"valueName\":\"search_term_string\"}}],\"inLanguage\":\"fr-FR\"},{\"@type\":\"Organization\",\"@id\":\"https:\\\/\\\/contactfm72.fr\\\/#organization\",\"name\":\"Contact FM 99.3\",\"url\":\"https:\\\/\\\/contactfm72.fr\\\/\",\"logo\":{\"@type\":\"ImageObject\",\"inLanguage\":\"fr-FR\",\"@id\":\"https:\\\/\\\/contactfm72.fr\\\/#\\\/schema\\\/logo\\\/image\\\/\",\"url\":\"https:\\\/\\\/contactfm72.fr\\\/wp-content\\\/uploads\\\/2025\\\/04\\\/2025-04-18-2.jpg\",\"contentUrl\":\"https:\\\/\\\/contactfm72.fr\\\/wp-content\\\/uploads\\\/2025\\\/04\\\/2025-04-18-2.jpg\",\"width\":680,\"height\":307,\"caption\":\"Contact FM 99.3\"},\"image\":{\"@id\":\"https:\\\/\\\/contactfm72.fr\\\/#\\\/schema\\\/logo\\\/image\\\/\"},\"sameAs\":[\"https:\\\/\\\/www.facebook.com\\\/Contactfm.Chateauduloir\",\"https:\\\/\\\/x.com\\\/contactfm72\",\"https:\\\/\\\/www.instagram.com\\\/contact.fm.72?igsh=cGhlMHQ5N2JlNnpp\",\"https:\\\/\\\/www.tiktok.com\\\/@contact.fm\"]},{\"@type\":\"Person\",\"@id\":\"https:\\\/\\\/contactfm72.fr\\\/#\\\/schema\\\/person\\\/9fdc9d1c2eb029354a4f1535b90ba82d\",\"name\":\"Val\u00e9rie C.\",\"image\":{\"@type\":\"ImageObject\",\"inLanguage\":\"fr-FR\",\"@id\":\"https:\\\/\\\/secure.gravatar.com\\\/avatar\\\/2f8aa28f8dfbd7d4420afd1fdcdd0a349923e2c8a38ab28198b0f9d0601e4737?s=96&d=mm&r=g\",\"url\":\"https:\\\/\\\/secure.gravatar.com\\\/avatar\\\/2f8aa28f8dfbd7d4420afd1fdcdd0a349923e2c8a38ab28198b0f9d0601e4737?s=96&d=mm&r=g\",\"contentUrl\":\"https:\\\/\\\/secure.gravatar.com\\\/avatar\\\/2f8aa28f8dfbd7d4420afd1fdcdd0a349923e2c8a38ab28198b0f9d0601e4737?s=96&d=mm&r=g\",\"caption\":\"Val\u00e9rie C.\"},\"url\":\"https:\\\/\\\/contactfm72.fr\\\/?author=4\"}]}<\/script>\n<!-- \/ Yoast SEO plugin. -->","yoast_head_json":{"title":"A Ch\u00e2teau-du-Loir, Norane accouche devant son domicile - Contact FM 99.3","robots":{"index":"index","follow":"follow","max-snippet":"max-snippet:-1","max-image-preview":"max-image-preview:large","max-video-preview":"max-video-preview:-1"},"canonical":"https:\/\/contactfm72.fr\/?p=10463","og_locale":"fr_FR","og_type":"article","og_title":"A Ch\u00e2teau-du-Loir, Norane accouche devant son domicile - Contact FM 99.3","og_description":"Norane Lacouchie, cast\u00e9lorienne de 23 ans, a accouch\u00e9 devant son domicile, dans le camion des pompiers. L\u2019heureux \u00e9v\u00e8nement du vendredi 24 juin est racont\u00e9 par la maman. &nbsp; &nbsp; C\u2019est un accouchement hors norme qui s\u2019est d\u00e9roul\u00e9 dans la rue Jean Baptiste Nourry \u00e0 Ch\u00e2teau-du-Loir, dans la Sarthe, le vendredi 24 juin \u00e0 5h du&hellip;","og_url":"https:\/\/contactfm72.fr\/?p=10463","og_site_name":"Contact FM 99.3","article_publisher":"https:\/\/www.facebook.com\/Contactfm.Chateauduloir","article_published_time":"2022-07-15T08:30:58+00:00","og_image":[{"width":2048,"height":1536,"url":"https:\/\/contactfm72.fr\/wp-content\/uploads\/2022\/07\/norane-lacouchie.jpg","type":"image\/jpeg"}],"author":"Val\u00e9rie C.","twitter_card":"summary_large_image","twitter_creator":"@contactfm72","twitter_site":"@contactfm72","twitter_misc":{"\u00c9crit par":"Val\u00e9rie C.","Dur\u00e9e de lecture estim\u00e9e":"4 minutes"},"schema":{"@context":"https:\/\/schema.org","@graph":[{"@type":"Article","@id":"https:\/\/contactfm72.fr\/?p=10463#article","isPartOf":{"@id":"https:\/\/contactfm72.fr\/?p=10463"},"author":{"name":"Val\u00e9rie C.","@id":"https:\/\/contactfm72.fr\/#\/schema\/person\/9fdc9d1c2eb029354a4f1535b90ba82d"},"headline":"A Ch\u00e2teau-du-Loir, Norane accouche devant son domicile","datePublished":"2022-07-15T08:30:58+00:00","mainEntityOfPage":{"@id":"https:\/\/contactfm72.fr\/?p=10463"},"wordCount":837,"publisher":{"@id":"https:\/\/contactfm72.fr\/#organization"},"image":{"@id":"https:\/\/contactfm72.fr\/?p=10463#primaryimage"},"thumbnailUrl":"https:\/\/contactfm72.fr\/wp-content\/uploads\/2022\/07\/norane-lacouchie.jpg","articleSection":["Contact FM 72"],"inLanguage":"fr-FR"},{"@type":"WebPage","@id":"https:\/\/contactfm72.fr\/?p=10463","url":"https:\/\/contactfm72.fr\/?p=10463","name":"A Ch\u00e2teau-du-Loir, Norane accouche devant son domicile - Contact FM 99.3","isPartOf":{"@id":"https:\/\/contactfm72.fr\/#website"},"primaryImageOfPage":{"@id":"https:\/\/contactfm72.fr\/?p=10463#primaryimage"},"image":{"@id":"https:\/\/contactfm72.fr\/?p=10463#primaryimage"},"thumbnailUrl":"https:\/\/contactfm72.fr\/wp-content\/uploads\/2022\/07\/norane-lacouchie.jpg","datePublished":"2022-07-15T08:30:58+00:00","breadcrumb":{"@id":"https:\/\/contactfm72.fr\/?p=10463#breadcrumb"},"inLanguage":"fr-FR","potentialAction":[{"@type":"ReadAction","target":["https:\/\/contactfm72.fr\/?p=10463"]}]},{"@type":"ImageObject","inLanguage":"fr-FR","@id":"https:\/\/contactfm72.fr\/?p=10463#primaryimage","url":"https:\/\/contactfm72.fr\/wp-content\/uploads\/2022\/07\/norane-lacouchie.jpg","contentUrl":"https:\/\/contactfm72.fr\/wp-content\/uploads\/2022\/07\/norane-lacouchie.jpg","width":2048,"height":1536,"caption":"Norane et Dalyo, quelques jours apr\u00e8s la naissance du nourrisson."},{"@type":"BreadcrumbList","@id":"https:\/\/contactfm72.fr\/?p=10463#breadcrumb","itemListElement":[{"@type":"ListItem","position":1,"name":"Accueil","item":"https:\/\/contactfm72.fr\/"},{"@type":"ListItem","position":2,"name":"A Ch\u00e2teau-du-Loir, Norane accouche devant son domicile"}]},{"@type":"WebSite","@id":"https:\/\/contactfm72.fr\/#website","url":"https:\/\/contactfm72.fr\/","name":"Contact FM 99.3","description":"Votre radio en vall\u00e9e du Loir","publisher":{"@id":"https:\/\/contactfm72.fr\/#organization"},"potentialAction":[{"@type":"SearchAction","target":{"@type":"EntryPoint","urlTemplate":"https:\/\/contactfm72.fr\/?s={search_term_string}"},"query-input":{"@type":"PropertyValueSpecification","valueRequired":true,"valueName":"search_term_string"}}],"inLanguage":"fr-FR"},{"@type":"Organization","@id":"https:\/\/contactfm72.fr\/#organization","name":"Contact FM 99.3","url":"https:\/\/contactfm72.fr\/","logo":{"@type":"ImageObject","inLanguage":"fr-FR","@id":"https:\/\/contactfm72.fr\/#\/schema\/logo\/image\/","url":"https:\/\/contactfm72.fr\/wp-content\/uploads\/2025\/04\/2025-04-18-2.jpg","contentUrl":"https:\/\/contactfm72.fr\/wp-content\/uploads\/2025\/04\/2025-04-18-2.jpg","width":680,"height":307,"caption":"Contact FM 99.3"},"image":{"@id":"https:\/\/contactfm72.fr\/#\/schema\/logo\/image\/"},"sameAs":["https:\/\/www.facebook.com\/Contactfm.Chateauduloir","https:\/\/x.com\/contactfm72","https:\/\/www.instagram.com\/contact.fm.72?igsh=cGhlMHQ5N2JlNnpp","https:\/\/www.tiktok.com\/@contact.fm"]},{"@type":"Person","@id":"https:\/\/contactfm72.fr\/#\/schema\/person\/9fdc9d1c2eb029354a4f1535b90ba82d","name":"Val\u00e9rie C.","image":{"@type":"ImageObject","inLanguage":"fr-FR","@id":"https:\/\/secure.gravatar.com\/avatar\/2f8aa28f8dfbd7d4420afd1fdcdd0a349923e2c8a38ab28198b0f9d0601e4737?s=96&d=mm&r=g","url":"https:\/\/secure.gravatar.com\/avatar\/2f8aa28f8dfbd7d4420afd1fdcdd0a349923e2c8a38ab28198b0f9d0601e4737?s=96&d=mm&r=g","contentUrl":"https:\/\/secure.gravatar.com\/avatar\/2f8aa28f8dfbd7d4420afd1fdcdd0a349923e2c8a38ab28198b0f9d0601e4737?s=96&d=mm&r=g","caption":"Val\u00e9rie C."},"url":"https:\/\/contactfm72.fr\/?author=4"}]}},"_links":{"self":[{"href":"https:\/\/contactfm72.fr\/index.php?rest_route=\/wp\/v2\/posts\/10463","targetHints":{"allow":["GET"]}}],"collection":[{"href":"https:\/\/contactfm72.fr\/index.php?rest_route=\/wp\/v2\/posts"}],"about":[{"href":"https:\/\/contactfm72.fr\/index.php?rest_route=\/wp\/v2\/types\/post"}],"author":[{"embeddable":true,"href":"https:\/\/contactfm72.fr\/index.php?rest_route=\/wp\/v2\/users\/4"}],"replies":[{"embeddable":true,"href":"https:\/\/contactfm72.fr\/index.php?rest_route=%2Fwp%2Fv2%2Fcomments&post=10463"}],"version-history":[{"count":1,"href":"https:\/\/contactfm72.fr\/index.php?rest_route=\/wp\/v2\/posts\/10463\/revisions"}],"predecessor-version":[{"id":10465,"href":"https:\/\/contactfm72.fr\/index.php?rest_route=\/wp\/v2\/posts\/10463\/revisions\/10465"}],"wp:featuredmedia":[{"embeddable":true,"href":"https:\/\/contactfm72.fr\/index.php?rest_route=\/wp\/v2\/media\/10464"}],"wp:attachment":[{"href":"https:\/\/contactfm72.fr\/index.php?rest_route=%2Fwp%2Fv2%2Fmedia&parent=10463"}],"wp:term":[{"taxonomy":"category","embeddable":true,"href":"https:\/\/contactfm72.fr\/index.php?rest_route=%2Fwp%2Fv2%2Fcategories&post=10463"},{"taxonomy":"post_tag","embeddable":true,"href":"https:\/\/contactfm72.fr\/index.php?rest_route=%2Fwp%2Fv2%2Ftags&post=10463"}],"curies":[{"name":"wp","href":"https:\/\/api.w.org\/{rel}","templated":true}]}}