{"id":10455,"date":"2022-07-11T12:00:31","date_gmt":"2022-07-11T10:00:31","guid":{"rendered":"http:\/\/contactfm72.fr\/?p=10455"},"modified":"2022-07-07T12:27:22","modified_gmt":"2022-07-07T10:27:22","slug":"epicerie-sociale-et-solidaire-24-benevoles-au-sein-depi-cbon","status":"publish","type":"post","link":"https:\/\/contactfm72.fr\/?p=10455","title":{"rendered":"\u00c9picerie sociale et solidaire : 24 b\u00e9n\u00e9voles au sein d\u2019\u00c9pi C\u2019Bon"},"content":{"rendered":"<h2>\u00c9pi C\u2019Bon, l\u2019\u00e9picerie sociale et solidaire de Montval-sur-Loir, a ouvert ses portes en d\u00e9cembre 2021. Apr\u00e8s six mois d\u2019ouverture, l\u2019heure est au bilan pour les b\u00e9n\u00e9voles de l\u2019\u00e9picerie.<\/h2>\n<p>&nbsp;<\/p>\n<p>&nbsp;<\/p>\n<p>L\u2019objectif de ce commerce est de <strong>venir en aide aux personnes fragilis\u00e9es<\/strong> en leur permettant de faire leurs courses contre une faible participation financi\u00e8re tout en <strong>b\u00e9n\u00e9ficiant d\u2019un accompagnement social<\/strong>. L\u2019\u00e9picerie de <strong>Montval-sur-Loir<\/strong>, en <strong>Sarthe<\/strong>, est ouverte le vendredi et est g\u00e9r\u00e9e par des b\u00e9n\u00e9voles.<\/p>\n<p>&nbsp;<\/p>\n<blockquote><p>\u00ab On n\u2019aide pas seulement ces personnes, on leur offre \u00e9galement un vrai suivi. Beaucoup d\u2019entre elles sont retourn\u00e9s sur le march\u00e9 de l\u2019emploi, et dans ce cas, notre travail est fini. On ne peut qu\u2019\u00eatre heureux \u00bb, affirme Dominique Langevin, adjoint aux affaires sociales, mais \u00e9galement vice-pr\u00e9sident du CCAS.<\/p><\/blockquote>\n<p><strong>\u00a0<\/strong><\/p>\n<h3><strong>24 b\u00e9n\u00e9voles<\/strong><\/h3>\n<p>Afin de remercier les 24 b\u00e9n\u00e9voles au service de l\u2019\u00e9picerie, la municipalit\u00e9 montvaloise a r\u00e9cemment organis\u00e9 un pot en leur honneur, dans l\u2019enceinte de la <strong>r\u00e9sidence des Vertolines<\/strong>.<\/p>\n<p>Du 1<sup>er<\/sup> d\u00e9cembre 2021 au 30 juin 2022, l\u2019\u00e9picerie sociale et solidaire de Montval-sur-Loir a aid\u00e9 <strong>70 personnes<\/strong>, ce qui repr\u00e9sente 38 foyers, dont 3 couples avec enfants et 27 personnes seules. Au total, ce sont <strong>565 personnes aid\u00e9es<\/strong>, avec une participation des clients \u00e0 environ<strong> 2400\u20ac<\/strong>, et un peu plus de 13500\u20ac d\u2019\u00e9conomies r\u00e9alis\u00e9es. Les 24 b\u00e9n\u00e9voles inscrits auront donn\u00e9 un total de 1000 heures de leur temps.<\/p>\n<p>&nbsp;<\/p>\n<p><strong>Marie France<\/strong>, b\u00e9n\u00e9vole depuis les premiers jours, a d\u00e9cid\u00e9 de s\u2019engager avec l\u2019\u00e9picerie\u00a0:<\/p>\n<blockquote><p>\u00ab\u00a0J\u2019\u00e9tais disponible les vendredis, alors c\u2019\u00e9tait parfait. Je m\u2019occupe de l\u2019accueil des personnes, de la pes\u00e9e des fruits et l\u00e9gumes, et de la temp\u00e9rature des frigos\u00a0\u00bb. La retrait\u00e9 donne \u00e9galement de son temps en ce qui concerne les recettes\u00a0: \u00ab\u00a0On a un petit temps de go\u00fbter, je pr\u00e9pare des g\u00e2teaux que l\u2019on partage tous ensemble. On \u00e9change beaucoup sur des id\u00e9es de recettes qu\u2019ils peuvent concocter avec les l\u00e9gumes de l\u2019\u00e9picerie\u00a0\u00bb, termine Marie-France, heureuse de pouvoir aider les plus d\u00e9munis.<\/p><\/blockquote>\n<p>&nbsp;<\/p>\n<p>L\u2019<a href=\"http:\/\/contactfm72.fr\/?p=7846\">\u00e9picerie est ouverte<\/a> le <strong>vendredi apr\u00e8s midi<\/strong> et se situe au 9 rue Aristide Briand de Montval-sur-Loir.<\/p>\n<!-- AddThis Advanced Settings generic via filter on the_content --><!-- AddThis Share Buttons generic via filter on the_content -->","protected":false},"excerpt":{"rendered":"<p>\u00c9pi C\u2019Bon, l\u2019\u00e9picerie sociale et solidaire de Montval-sur-Loir, a ouvert ses portes en d\u00e9cembre 2021. Apr\u00e8s six mois d\u2019ouverture, l\u2019heure est au bilan pour les b\u00e9n\u00e9voles de l\u2019\u00e9picerie. &nbsp; &nbsp; L\u2019objectif de ce commerce est de venir en aide aux personnes fragilis\u00e9es en leur permettant de faire leurs courses contre une faible participation financi\u00e8re tout&hellip;<!-- AddThis Advanced Settings generic via filter on get_the_excerpt --><!-- AddThis Share Buttons generic via filter on get_the_excerpt --><\/p>\n","protected":false},"author":4,"featured_media":10457,"comment_status":"closed","ping_status":"open","sticky":false,"template":"","format":"standard","meta":{"footnotes":""},"categories":[1],"tags":[],"class_list":["post-10455","post","type-post","status-publish","format-standard","has-post-thumbnail","hentry","category-contact-fm-72","category-1","description-off"],"yoast_head":"<!-- This site is optimized with the Yoast SEO plugin v27.4 - https:\/\/yoast.com\/product\/yoast-seo-wordpress\/ -->\n<title>\u00c9picerie sociale et solidaire : 24 b\u00e9n\u00e9voles au sein d\u2019\u00c9pi C\u2019Bon - Contact FM 99.3<\/title>\n<meta name=\"robots\" content=\"index, follow, max-snippet:-1, max-image-preview:large, max-video-preview:-1\" \/>\n<link rel=\"canonical\" href=\"https:\/\/contactfm72.fr\/?p=10455\" \/>\n<meta property=\"og:locale\" content=\"fr_FR\" \/>\n<meta property=\"og:type\" content=\"article\" \/>\n<meta property=\"og:title\" content=\"\u00c9picerie sociale et solidaire : 24 b\u00e9n\u00e9voles au sein d\u2019\u00c9pi C\u2019Bon - Contact FM 99.3\" \/>\n<meta property=\"og:description\" content=\"\u00c9pi C\u2019Bon, l\u2019\u00e9picerie sociale et solidaire de Montval-sur-Loir, a ouvert ses portes en d\u00e9cembre 2021. Apr\u00e8s six mois d\u2019ouverture, l\u2019heure est au bilan pour les b\u00e9n\u00e9voles de l\u2019\u00e9picerie. &nbsp; &nbsp; L\u2019objectif de ce commerce est de venir en aide aux personnes fragilis\u00e9es en leur permettant de faire leurs courses contre une faible participation financi\u00e8re tout&hellip;\" \/>\n<meta property=\"og:url\" content=\"https:\/\/contactfm72.fr\/?p=10455\" \/>\n<meta property=\"og:site_name\" content=\"Contact FM 99.3\" \/>\n<meta property=\"article:publisher\" content=\"https:\/\/www.facebook.com\/Contactfm.Chateauduloir\" \/>\n<meta property=\"article:published_time\" content=\"2022-07-11T10:00:31+00:00\" \/>\n<meta property=\"og:image\" content=\"https:\/\/contactfm72.fr\/wp-content\/uploads\/2022\/07\/b\u00e9n\u00e9voles-epicerie.jpg\" \/>\n\t<meta property=\"og:image:width\" content=\"2048\" \/>\n\t<meta property=\"og:image:height\" content=\"1536\" \/>\n\t<meta property=\"og:image:type\" content=\"image\/jpeg\" \/>\n<meta name=\"author\" content=\"Val\u00e9rie C.\" \/>\n<meta name=\"twitter:card\" content=\"summary_large_image\" \/>\n<meta name=\"twitter:creator\" content=\"@contactfm72\" \/>\n<meta name=\"twitter:site\" content=\"@contactfm72\" \/>\n<meta name=\"twitter:label1\" content=\"\u00c9crit par\" \/>\n\t<meta name=\"twitter:data1\" content=\"Val\u00e9rie C.\" \/>\n\t<meta name=\"twitter:label2\" content=\"Dur\u00e9e de lecture estim\u00e9e\" \/>\n\t<meta name=\"twitter:data2\" content=\"2 minutes\" \/>\n<script type=\"application\/ld+json\" class=\"yoast-schema-graph\">{\"@context\":\"https:\\\/\\\/schema.org\",\"@graph\":[{\"@type\":\"Article\",\"@id\":\"https:\\\/\\\/contactfm72.fr\\\/?p=10455#article\",\"isPartOf\":{\"@id\":\"https:\\\/\\\/contactfm72.fr\\\/?p=10455\"},\"author\":{\"name\":\"Val\u00e9rie C.\",\"@id\":\"https:\\\/\\\/contactfm72.fr\\\/#\\\/schema\\\/person\\\/9fdc9d1c2eb029354a4f1535b90ba82d\"},\"headline\":\"\u00c9picerie sociale et solidaire : 24 b\u00e9n\u00e9voles au sein d\u2019\u00c9pi C\u2019Bon\",\"datePublished\":\"2022-07-11T10:00:31+00:00\",\"mainEntityOfPage\":{\"@id\":\"https:\\\/\\\/contactfm72.fr\\\/?p=10455\"},\"wordCount\":397,\"publisher\":{\"@id\":\"https:\\\/\\\/contactfm72.fr\\\/#organization\"},\"image\":{\"@id\":\"https:\\\/\\\/contactfm72.fr\\\/?p=10455#primaryimage\"},\"thumbnailUrl\":\"https:\\\/\\\/contactfm72.fr\\\/wp-content\\\/uploads\\\/2022\\\/07\\\/b\u00e9n\u00e9voles-epicerie.jpg\",\"articleSection\":[\"Contact FM 72\"],\"inLanguage\":\"fr-FR\"},{\"@type\":\"WebPage\",\"@id\":\"https:\\\/\\\/contactfm72.fr\\\/?p=10455\",\"url\":\"https:\\\/\\\/contactfm72.fr\\\/?p=10455\",\"name\":\"\u00c9picerie sociale et solidaire : 24 b\u00e9n\u00e9voles au sein d\u2019\u00c9pi C\u2019Bon - Contact FM 99.3\",\"isPartOf\":{\"@id\":\"https:\\\/\\\/contactfm72.fr\\\/#website\"},\"primaryImageOfPage\":{\"@id\":\"https:\\\/\\\/contactfm72.fr\\\/?p=10455#primaryimage\"},\"image\":{\"@id\":\"https:\\\/\\\/contactfm72.fr\\\/?p=10455#primaryimage\"},\"thumbnailUrl\":\"https:\\\/\\\/contactfm72.fr\\\/wp-content\\\/uploads\\\/2022\\\/07\\\/b\u00e9n\u00e9voles-epicerie.jpg\",\"datePublished\":\"2022-07-11T10:00:31+00:00\",\"breadcrumb\":{\"@id\":\"https:\\\/\\\/contactfm72.fr\\\/?p=10455#breadcrumb\"},\"inLanguage\":\"fr-FR\",\"potentialAction\":[{\"@type\":\"ReadAction\",\"target\":[\"https:\\\/\\\/contactfm72.fr\\\/?p=10455\"]}]},{\"@type\":\"ImageObject\",\"inLanguage\":\"fr-FR\",\"@id\":\"https:\\\/\\\/contactfm72.fr\\\/?p=10455#primaryimage\",\"url\":\"https:\\\/\\\/contactfm72.fr\\\/wp-content\\\/uploads\\\/2022\\\/07\\\/b\u00e9n\u00e9voles-epicerie.jpg\",\"contentUrl\":\"https:\\\/\\\/contactfm72.fr\\\/wp-content\\\/uploads\\\/2022\\\/07\\\/b\u00e9n\u00e9voles-epicerie.jpg\",\"width\":2048,\"height\":1536,\"caption\":\"B\u00e9n\u00e9voles, \u00e9lus et responsables, lors du pot d'honneur organis\u00e9 le mardi 5 juillet.\"},{\"@type\":\"BreadcrumbList\",\"@id\":\"https:\\\/\\\/contactfm72.fr\\\/?p=10455#breadcrumb\",\"itemListElement\":[{\"@type\":\"ListItem\",\"position\":1,\"name\":\"Accueil\",\"item\":\"https:\\\/\\\/contactfm72.fr\\\/\"},{\"@type\":\"ListItem\",\"position\":2,\"name\":\"\u00c9picerie sociale et solidaire : 24 b\u00e9n\u00e9voles au sein d\u2019\u00c9pi C\u2019Bon\"}]},{\"@type\":\"WebSite\",\"@id\":\"https:\\\/\\\/contactfm72.fr\\\/#website\",\"url\":\"https:\\\/\\\/contactfm72.fr\\\/\",\"name\":\"Contact FM 99.3\",\"description\":\"Votre radio en vall\u00e9e du Loir\",\"publisher\":{\"@id\":\"https:\\\/\\\/contactfm72.fr\\\/#organization\"},\"potentialAction\":[{\"@type\":\"SearchAction\",\"target\":{\"@type\":\"EntryPoint\",\"urlTemplate\":\"https:\\\/\\\/contactfm72.fr\\\/?s={search_term_string}\"},\"query-input\":{\"@type\":\"PropertyValueSpecification\",\"valueRequired\":true,\"valueName\":\"search_term_string\"}}],\"inLanguage\":\"fr-FR\"},{\"@type\":\"Organization\",\"@id\":\"https:\\\/\\\/contactfm72.fr\\\/#organization\",\"name\":\"Contact FM 99.3\",\"url\":\"https:\\\/\\\/contactfm72.fr\\\/\",\"logo\":{\"@type\":\"ImageObject\",\"inLanguage\":\"fr-FR\",\"@id\":\"https:\\\/\\\/contactfm72.fr\\\/#\\\/schema\\\/logo\\\/image\\\/\",\"url\":\"https:\\\/\\\/contactfm72.fr\\\/wp-content\\\/uploads\\\/2025\\\/04\\\/2025-04-18-2.jpg\",\"contentUrl\":\"https:\\\/\\\/contactfm72.fr\\\/wp-content\\\/uploads\\\/2025\\\/04\\\/2025-04-18-2.jpg\",\"width\":680,\"height\":307,\"caption\":\"Contact FM 99.3\"},\"image\":{\"@id\":\"https:\\\/\\\/contactfm72.fr\\\/#\\\/schema\\\/logo\\\/image\\\/\"},\"sameAs\":[\"https:\\\/\\\/www.facebook.com\\\/Contactfm.Chateauduloir\",\"https:\\\/\\\/x.com\\\/contactfm72\",\"https:\\\/\\\/www.instagram.com\\\/contact.fm.72?igsh=cGhlMHQ5N2JlNnpp\",\"https:\\\/\\\/www.tiktok.com\\\/@contact.fm\"]},{\"@type\":\"Person\",\"@id\":\"https:\\\/\\\/contactfm72.fr\\\/#\\\/schema\\\/person\\\/9fdc9d1c2eb029354a4f1535b90ba82d\",\"name\":\"Val\u00e9rie C.\",\"image\":{\"@type\":\"ImageObject\",\"inLanguage\":\"fr-FR\",\"@id\":\"https:\\\/\\\/secure.gravatar.com\\\/avatar\\\/2f8aa28f8dfbd7d4420afd1fdcdd0a349923e2c8a38ab28198b0f9d0601e4737?s=96&d=mm&r=g\",\"url\":\"https:\\\/\\\/secure.gravatar.com\\\/avatar\\\/2f8aa28f8dfbd7d4420afd1fdcdd0a349923e2c8a38ab28198b0f9d0601e4737?s=96&d=mm&r=g\",\"contentUrl\":\"https:\\\/\\\/secure.gravatar.com\\\/avatar\\\/2f8aa28f8dfbd7d4420afd1fdcdd0a349923e2c8a38ab28198b0f9d0601e4737?s=96&d=mm&r=g\",\"caption\":\"Val\u00e9rie C.\"},\"url\":\"https:\\\/\\\/contactfm72.fr\\\/?author=4\"}]}<\/script>\n<!-- \/ Yoast SEO plugin. -->","yoast_head_json":{"title":"\u00c9picerie sociale et solidaire : 24 b\u00e9n\u00e9voles au sein d\u2019\u00c9pi C\u2019Bon - Contact FM 99.3","robots":{"index":"index","follow":"follow","max-snippet":"max-snippet:-1","max-image-preview":"max-image-preview:large","max-video-preview":"max-video-preview:-1"},"canonical":"https:\/\/contactfm72.fr\/?p=10455","og_locale":"fr_FR","og_type":"article","og_title":"\u00c9picerie sociale et solidaire : 24 b\u00e9n\u00e9voles au sein d\u2019\u00c9pi C\u2019Bon - Contact FM 99.3","og_description":"\u00c9pi C\u2019Bon, l\u2019\u00e9picerie sociale et solidaire de Montval-sur-Loir, a ouvert ses portes en d\u00e9cembre 2021. Apr\u00e8s six mois d\u2019ouverture, l\u2019heure est au bilan pour les b\u00e9n\u00e9voles de l\u2019\u00e9picerie. &nbsp; &nbsp; L\u2019objectif de ce commerce est de venir en aide aux personnes fragilis\u00e9es en leur permettant de faire leurs courses contre une faible participation financi\u00e8re tout&hellip;","og_url":"https:\/\/contactfm72.fr\/?p=10455","og_site_name":"Contact FM 99.3","article_publisher":"https:\/\/www.facebook.com\/Contactfm.Chateauduloir","article_published_time":"2022-07-11T10:00:31+00:00","og_image":[{"width":2048,"height":1536,"url":"https:\/\/contactfm72.fr\/wp-content\/uploads\/2022\/07\/b\u00e9n\u00e9voles-epicerie.jpg","type":"image\/jpeg"}],"author":"Val\u00e9rie C.","twitter_card":"summary_large_image","twitter_creator":"@contactfm72","twitter_site":"@contactfm72","twitter_misc":{"\u00c9crit par":"Val\u00e9rie C.","Dur\u00e9e de lecture estim\u00e9e":"2 minutes"},"schema":{"@context":"https:\/\/schema.org","@graph":[{"@type":"Article","@id":"https:\/\/contactfm72.fr\/?p=10455#article","isPartOf":{"@id":"https:\/\/contactfm72.fr\/?p=10455"},"author":{"name":"Val\u00e9rie C.","@id":"https:\/\/contactfm72.fr\/#\/schema\/person\/9fdc9d1c2eb029354a4f1535b90ba82d"},"headline":"\u00c9picerie sociale et solidaire : 24 b\u00e9n\u00e9voles au sein d\u2019\u00c9pi C\u2019Bon","datePublished":"2022-07-11T10:00:31+00:00","mainEntityOfPage":{"@id":"https:\/\/contactfm72.fr\/?p=10455"},"wordCount":397,"publisher":{"@id":"https:\/\/contactfm72.fr\/#organization"},"image":{"@id":"https:\/\/contactfm72.fr\/?p=10455#primaryimage"},"thumbnailUrl":"https:\/\/contactfm72.fr\/wp-content\/uploads\/2022\/07\/b\u00e9n\u00e9voles-epicerie.jpg","articleSection":["Contact FM 72"],"inLanguage":"fr-FR"},{"@type":"WebPage","@id":"https:\/\/contactfm72.fr\/?p=10455","url":"https:\/\/contactfm72.fr\/?p=10455","name":"\u00c9picerie sociale et solidaire : 24 b\u00e9n\u00e9voles au sein d\u2019\u00c9pi C\u2019Bon - Contact FM 99.3","isPartOf":{"@id":"https:\/\/contactfm72.fr\/#website"},"primaryImageOfPage":{"@id":"https:\/\/contactfm72.fr\/?p=10455#primaryimage"},"image":{"@id":"https:\/\/contactfm72.fr\/?p=10455#primaryimage"},"thumbnailUrl":"https:\/\/contactfm72.fr\/wp-content\/uploads\/2022\/07\/b\u00e9n\u00e9voles-epicerie.jpg","datePublished":"2022-07-11T10:00:31+00:00","breadcrumb":{"@id":"https:\/\/contactfm72.fr\/?p=10455#breadcrumb"},"inLanguage":"fr-FR","potentialAction":[{"@type":"ReadAction","target":["https:\/\/contactfm72.fr\/?p=10455"]}]},{"@type":"ImageObject","inLanguage":"fr-FR","@id":"https:\/\/contactfm72.fr\/?p=10455#primaryimage","url":"https:\/\/contactfm72.fr\/wp-content\/uploads\/2022\/07\/b\u00e9n\u00e9voles-epicerie.jpg","contentUrl":"https:\/\/contactfm72.fr\/wp-content\/uploads\/2022\/07\/b\u00e9n\u00e9voles-epicerie.jpg","width":2048,"height":1536,"caption":"B\u00e9n\u00e9voles, \u00e9lus et responsables, lors du pot d'honneur organis\u00e9 le mardi 5 juillet."},{"@type":"BreadcrumbList","@id":"https:\/\/contactfm72.fr\/?p=10455#breadcrumb","itemListElement":[{"@type":"ListItem","position":1,"name":"Accueil","item":"https:\/\/contactfm72.fr\/"},{"@type":"ListItem","position":2,"name":"\u00c9picerie sociale et solidaire : 24 b\u00e9n\u00e9voles au sein d\u2019\u00c9pi C\u2019Bon"}]},{"@type":"WebSite","@id":"https:\/\/contactfm72.fr\/#website","url":"https:\/\/contactfm72.fr\/","name":"Contact FM 99.3","description":"Votre radio en vall\u00e9e du Loir","publisher":{"@id":"https:\/\/contactfm72.fr\/#organization"},"potentialAction":[{"@type":"SearchAction","target":{"@type":"EntryPoint","urlTemplate":"https:\/\/contactfm72.fr\/?s={search_term_string}"},"query-input":{"@type":"PropertyValueSpecification","valueRequired":true,"valueName":"search_term_string"}}],"inLanguage":"fr-FR"},{"@type":"Organization","@id":"https:\/\/contactfm72.fr\/#organization","name":"Contact FM 99.3","url":"https:\/\/contactfm72.fr\/","logo":{"@type":"ImageObject","inLanguage":"fr-FR","@id":"https:\/\/contactfm72.fr\/#\/schema\/logo\/image\/","url":"https:\/\/contactfm72.fr\/wp-content\/uploads\/2025\/04\/2025-04-18-2.jpg","contentUrl":"https:\/\/contactfm72.fr\/wp-content\/uploads\/2025\/04\/2025-04-18-2.jpg","width":680,"height":307,"caption":"Contact FM 99.3"},"image":{"@id":"https:\/\/contactfm72.fr\/#\/schema\/logo\/image\/"},"sameAs":["https:\/\/www.facebook.com\/Contactfm.Chateauduloir","https:\/\/x.com\/contactfm72","https:\/\/www.instagram.com\/contact.fm.72?igsh=cGhlMHQ5N2JlNnpp","https:\/\/www.tiktok.com\/@contact.fm"]},{"@type":"Person","@id":"https:\/\/contactfm72.fr\/#\/schema\/person\/9fdc9d1c2eb029354a4f1535b90ba82d","name":"Val\u00e9rie C.","image":{"@type":"ImageObject","inLanguage":"fr-FR","@id":"https:\/\/secure.gravatar.com\/avatar\/2f8aa28f8dfbd7d4420afd1fdcdd0a349923e2c8a38ab28198b0f9d0601e4737?s=96&d=mm&r=g","url":"https:\/\/secure.gravatar.com\/avatar\/2f8aa28f8dfbd7d4420afd1fdcdd0a349923e2c8a38ab28198b0f9d0601e4737?s=96&d=mm&r=g","contentUrl":"https:\/\/secure.gravatar.com\/avatar\/2f8aa28f8dfbd7d4420afd1fdcdd0a349923e2c8a38ab28198b0f9d0601e4737?s=96&d=mm&r=g","caption":"Val\u00e9rie C."},"url":"https:\/\/contactfm72.fr\/?author=4"}]}},"_links":{"self":[{"href":"https:\/\/contactfm72.fr\/index.php?rest_route=\/wp\/v2\/posts\/10455","targetHints":{"allow":["GET"]}}],"collection":[{"href":"https:\/\/contactfm72.fr\/index.php?rest_route=\/wp\/v2\/posts"}],"about":[{"href":"https:\/\/contactfm72.fr\/index.php?rest_route=\/wp\/v2\/types\/post"}],"author":[{"embeddable":true,"href":"https:\/\/contactfm72.fr\/index.php?rest_route=\/wp\/v2\/users\/4"}],"replies":[{"embeddable":true,"href":"https:\/\/contactfm72.fr\/index.php?rest_route=%2Fwp%2Fv2%2Fcomments&post=10455"}],"version-history":[{"count":1,"href":"https:\/\/contactfm72.fr\/index.php?rest_route=\/wp\/v2\/posts\/10455\/revisions"}],"predecessor-version":[{"id":10458,"href":"https:\/\/contactfm72.fr\/index.php?rest_route=\/wp\/v2\/posts\/10455\/revisions\/10458"}],"wp:featuredmedia":[{"embeddable":true,"href":"https:\/\/contactfm72.fr\/index.php?rest_route=\/wp\/v2\/media\/10457"}],"wp:attachment":[{"href":"https:\/\/contactfm72.fr\/index.php?rest_route=%2Fwp%2Fv2%2Fmedia&parent=10455"}],"wp:term":[{"taxonomy":"category","embeddable":true,"href":"https:\/\/contactfm72.fr\/index.php?rest_route=%2Fwp%2Fv2%2Fcategories&post=10455"},{"taxonomy":"post_tag","embeddable":true,"href":"https:\/\/contactfm72.fr\/index.php?rest_route=%2Fwp%2Fv2%2Ftags&post=10455"}],"curies":[{"name":"wp","href":"https:\/\/api.w.org\/{rel}","templated":true}]}}